{"id":34417,"date":"2017-09-11T05:31:22","date_gmt":"2017-09-11T04:31:22","guid":{"rendered":"http:\/\/newsestlyonnais.fr\/site\/?p=34417"},"modified":"2020-11-12T19:25:16","modified_gmt":"2020-11-12T18:25:16","slug":"bron-le-bulletin-officiel-20172018-de-loms-est-sorti","status":"publish","type":"post","link":"https:\/\/newsestlyonnais.fr\/site\/2017\/09\/11\/bron-le-bulletin-officiel-20172018-de-loms-est-sorti\/","title":{"rendered":"BRON | Sortie du bulletin officiel 2017\/2018 de l&rsquo;OMS"},"content":{"rendered":"<h4>A l&rsquo;occasion du Forum des Associations de la commune de Bron, l&rsquo;Office Municipal des Sports pr\u00e9sid\u00e9 par Nathalie Georges et pr\u00e9sent sur le stand 9E a pr\u00e9sent\u00e9 son bulletin officiel pour la saison 2017\/2018.<\/h4>\n<p>Un magazine haut en couleurs qui met \u00e0 l&rsquo;honneur \u00e0 la une, les jeunes arbitres des clubs locaux et pr\u00e9sente tout au long des 50 pages, la quarantaine d&rsquo;associations sportives affili\u00e9es \u00e0 l&rsquo;O.M.S. et portant haut les couleurs de leur section mais aussi de la commune.<\/p>\n<p>Magazine disponible d\u00e8s aujourd&rsquo;hui \u00e0 l&rsquo;OMS ou en mairie.<\/p>\n<ul>\n<li>\n<h4>L&rsquo;ACTU de l&rsquo;OMS sur: <a href=\"https:\/\/www.omsbron.com\" target=\"_blank\" rel=\"noopener noreferrer\">https:\/\/www.omsbron.com\u00a0<\/a><\/h4>\n<\/li>\n<\/ul>\n<div id='gallery-1' class='gallery galleryid-34417 gallery-columns-3 gallery-size-thumbnail'><figure class='gallery-item'>\n\t\t\t<div class='gallery-icon landscape'>\n\t\t\t\t<a href='https:\/\/newsestlyonnais.fr\/site\/2017\/09\/11\/bron-le-bulletin-officiel-20172018-de-loms-est-sorti\/newsestlyonnais-bulletin-2017-2018-oms\/'><img loading=\"lazy\" decoding=\"async\" width=\"150\" height=\"150\" src=\"https:\/\/newsestlyonnais.fr\/site\/wp-content\/uploads\/2017\/09\/NEWSESTLYONNAIS-bulletin-2017-2018-oms--150x150.jpg\" class=\"attachment-thumbnail size-thumbnail\" alt=\"NEWSESTLYONNAIS - bulletin 2017 2018 oms\" \/><\/a>\n\t\t\t<\/div><\/figure><figure class='gallery-item'>\n\t\t\t<div class='gallery-icon landscape'>\n\t\t\t\t<a href='https:\/\/newsestlyonnais.fr\/site\/2017\/09\/11\/bron-le-bulletin-officiel-20172018-de-loms-est-sorti\/newsestlyonnais-forum-ass-bron\/'><img loading=\"lazy\" decoding=\"async\" width=\"150\" height=\"150\" src=\"https:\/\/newsestlyonnais.fr\/site\/wp-content\/uploads\/2017\/09\/NEWSESTLYONNAIS-FORUM-ASS-BRON-150x150.jpg\" class=\"attachment-thumbnail size-thumbnail\" alt=\"\" aria-describedby=\"gallery-1-34427\" \/><\/a>\n\t\t\t<\/div>\n\t\t\t\t<figcaption class='wp-caption-text gallery-caption' id='gallery-1-34427'>\n\t\t\t\tUn Forum des Associations qui s&rsquo;est d\u00e9roul\u00e9 dimanche et en plein centre-ville \n\t\t\t\t<\/figcaption><\/figure>\n\t\t<\/div>\n\n","protected":false},"excerpt":{"rendered":"<p>Ceci \u00e0 l&rsquo;occasion du Forum des Associations par l&rsquo;Office Municipal du Sport pr\u00e9sent sur le stand 9E.<\/p>\n","protected":false},"author":4,"featured_media":34419,"comment_status":"open","ping_status":"open","sticky":false,"template":"","format":"standard","meta":{"footnotes":""},"categories":[574,19,166,3016,2983],"tags":[],"class_list":["post-34417","post","type-post","status-publish","format-standard","has-post-thumbnail","hentry","category-autres-sports","category-bron","category-divers-sports","category-institutions-trophees-jo","category-litterature-bd-mags-2"],"yoast_head":"<!-- This site is optimized with the Yoast SEO plugin v27.2 - https:\/\/yoast.com\/product\/yoast-seo-wordpress\/ -->\n<title>BRON : Le bulletin officiel 2017\/2018 de l&#039;OMS est sorti !<\/title>\n<meta name=\"description\" content=\"BRON : Le bulletin officiel 2017\/2018 de l&#039;OMS est sorti !\" \/>\n<meta name=\"robots\" content=\"index, follow, max-snippet:-1, max-image-preview:large, max-video-preview:-1\" \/>\n<link rel=\"canonical\" href=\"https:\/\/newsestlyonnais.fr\/site\/2017\/09\/11\/bron-le-bulletin-officiel-20172018-de-loms-est-sorti\/\" \/>\n<meta property=\"og:locale\" content=\"fr_FR\" \/>\n<meta property=\"og:type\" content=\"article\" \/>\n<meta property=\"og:title\" content=\"BRON : Le bulletin officiel 2017\/2018 de l&#039;OMS est sorti !\" \/>\n<meta property=\"og:description\" content=\"BRON : Le bulletin officiel 2017\/2018 de l&#039;OMS est sorti !\" \/>\n<meta property=\"og:url\" content=\"https:\/\/newsestlyonnais.fr\/site\/2017\/09\/11\/bron-le-bulletin-officiel-20172018-de-loms-est-sorti\/\" \/>\n<meta property=\"og:site_name\" content=\"News Est Lyonnais\" \/>\n<meta property=\"article:author\" content=\"https:\/\/www.facebook.com\/pascal.oberson.1?fref=ts\" \/>\n<meta property=\"article:published_time\" content=\"2017-09-11T04:31:22+00:00\" \/>\n<meta property=\"article:modified_time\" content=\"2020-11-12T18:25:16+00:00\" \/>\n<meta property=\"og:image\" content=\"https:\/\/i2.wp.com\/newsestlyonnais.fr\/site\/wp-content\/uploads\/2017\/09\/NEWSESTLYONNAIS-bulletin-2017-2018-oms-.jpg?fit=1000%2C750&ssl=1\" \/>\n\t<meta property=\"og:image:width\" content=\"1000\" \/>\n\t<meta property=\"og:image:height\" content=\"750\" \/>\n\t<meta property=\"og:image:type\" content=\"image\/jpeg\" \/>\n<meta name=\"author\" content=\"R\u00e9dac. NEWS\" \/>\n<meta name=\"twitter:card\" content=\"summary_large_image\" \/>\n<meta name=\"twitter:label1\" content=\"\u00c9crit par\" \/>\n\t<meta name=\"twitter:data1\" content=\"R\u00e9dac. NEWS\" \/>\n\t<meta name=\"twitter:label2\" content=\"Dur\u00e9e de lecture estim\u00e9e\" \/>\n\t<meta name=\"twitter:data2\" content=\"1 minute\" \/>\n<script type=\"application\/ld+json\" class=\"yoast-schema-graph\">{\"@context\":\"https:\/\/schema.org\",\"@graph\":[{\"@type\":\"Article\",\"@id\":\"https:\/\/newsestlyonnais.fr\/site\/2017\/09\/11\/bron-le-bulletin-officiel-20172018-de-loms-est-sorti\/#article\",\"isPartOf\":{\"@id\":\"https:\/\/newsestlyonnais.fr\/site\/2017\/09\/11\/bron-le-bulletin-officiel-20172018-de-loms-est-sorti\/\"},\"author\":{\"name\":\"R\u00e9dac. NEWS\",\"@id\":\"https:\/\/newsestlyonnais.fr\/site\/#\/schema\/person\/3230d5615f390bb808365d673001e887\"},\"headline\":\"BRON | Sortie du bulletin officiel 2017\/2018 de l&rsquo;OMS\",\"datePublished\":\"2017-09-11T04:31:22+00:00\",\"dateModified\":\"2020-11-12T18:25:16+00:00\",\"mainEntityOfPage\":{\"@id\":\"https:\/\/newsestlyonnais.fr\/site\/2017\/09\/11\/bron-le-bulletin-officiel-20172018-de-loms-est-sorti\/\"},\"wordCount\":120,\"commentCount\":0,\"publisher\":{\"@id\":\"https:\/\/newsestlyonnais.fr\/site\/#organization\"},\"image\":{\"@id\":\"https:\/\/newsestlyonnais.fr\/site\/2017\/09\/11\/bron-le-bulletin-officiel-20172018-de-loms-est-sorti\/#primaryimage\"},\"thumbnailUrl\":\"https:\/\/newsestlyonnais.fr\/site\/wp-content\/uploads\/2017\/09\/NEWSESTLYONNAIS-bulletin-2017-2018-oms-.jpg\",\"articleSection\":[\"Autres sports\",\"Bron\",\"Divers Sports\",\"Institutions | Troph\u00e9es | J.O.\",\"Litt\u00e9rature | Bd | Mags\"],\"inLanguage\":\"fr-FR\",\"potentialAction\":[{\"@type\":\"CommentAction\",\"name\":\"Comment\",\"target\":[\"https:\/\/newsestlyonnais.fr\/site\/2017\/09\/11\/bron-le-bulletin-officiel-20172018-de-loms-est-sorti\/#respond\"]}]},{\"@type\":\"WebPage\",\"@id\":\"https:\/\/newsestlyonnais.fr\/site\/2017\/09\/11\/bron-le-bulletin-officiel-20172018-de-loms-est-sorti\/\",\"url\":\"https:\/\/newsestlyonnais.fr\/site\/2017\/09\/11\/bron-le-bulletin-officiel-20172018-de-loms-est-sorti\/\",\"name\":\"BRON : Le bulletin officiel 2017\/2018 de l'OMS est sorti !\",\"isPartOf\":{\"@id\":\"https:\/\/newsestlyonnais.fr\/site\/#website\"},\"primaryImageOfPage\":{\"@id\":\"https:\/\/newsestlyonnais.fr\/site\/2017\/09\/11\/bron-le-bulletin-officiel-20172018-de-loms-est-sorti\/#primaryimage\"},\"image\":{\"@id\":\"https:\/\/newsestlyonnais.fr\/site\/2017\/09\/11\/bron-le-bulletin-officiel-20172018-de-loms-est-sorti\/#primaryimage\"},\"thumbnailUrl\":\"https:\/\/newsestlyonnais.fr\/site\/wp-content\/uploads\/2017\/09\/NEWSESTLYONNAIS-bulletin-2017-2018-oms-.jpg\",\"datePublished\":\"2017-09-11T04:31:22+00:00\",\"dateModified\":\"2020-11-12T18:25:16+00:00\",\"description\":\"BRON : Le bulletin officiel 2017\/2018 de l'OMS est sorti !\",\"breadcrumb\":{\"@id\":\"https:\/\/newsestlyonnais.fr\/site\/2017\/09\/11\/bron-le-bulletin-officiel-20172018-de-loms-est-sorti\/#breadcrumb\"},\"inLanguage\":\"fr-FR\",\"potentialAction\":[{\"@type\":\"ReadAction\",\"target\":[\"https:\/\/newsestlyonnais.fr\/site\/2017\/09\/11\/bron-le-bulletin-officiel-20172018-de-loms-est-sorti\/\"]}]},{\"@type\":\"ImageObject\",\"inLanguage\":\"fr-FR\",\"@id\":\"https:\/\/newsestlyonnais.fr\/site\/2017\/09\/11\/bron-le-bulletin-officiel-20172018-de-loms-est-sorti\/#primaryimage\",\"url\":\"https:\/\/newsestlyonnais.fr\/site\/wp-content\/uploads\/2017\/09\/NEWSESTLYONNAIS-bulletin-2017-2018-oms-.jpg\",\"contentUrl\":\"https:\/\/newsestlyonnais.fr\/site\/wp-content\/uploads\/2017\/09\/NEWSESTLYONNAIS-bulletin-2017-2018-oms-.jpg\",\"width\":1000,\"height\":750,\"caption\":\"NEWSESTLYONNAIS - bulletin 2017 2018 oms\"},{\"@type\":\"BreadcrumbList\",\"@id\":\"https:\/\/newsestlyonnais.fr\/site\/2017\/09\/11\/bron-le-bulletin-officiel-20172018-de-loms-est-sorti\/#breadcrumb\",\"itemListElement\":[{\"@type\":\"ListItem\",\"position\":1,\"name\":\"Accueil\",\"item\":\"https:\/\/newsestlyonnais.fr\/site\/\"},{\"@type\":\"ListItem\",\"position\":2,\"name\":\"BRON | Sortie du bulletin officiel 2017\/2018 de l&rsquo;OMS\"}]},{\"@type\":\"WebSite\",\"@id\":\"https:\/\/newsestlyonnais.fr\/site\/#website\",\"url\":\"https:\/\/newsestlyonnais.fr\/site\/\",\"name\":\"News Est Lyonnais\",\"description\":\"L&#039;actualit\u00e9 au plus pr\u00e8s\",\"publisher\":{\"@id\":\"https:\/\/newsestlyonnais.fr\/site\/#organization\"},\"potentialAction\":[{\"@type\":\"SearchAction\",\"target\":{\"@type\":\"EntryPoint\",\"urlTemplate\":\"https:\/\/newsestlyonnais.fr\/site\/?s={search_term_string}\"},\"query-input\":{\"@type\":\"PropertyValueSpecification\",\"valueRequired\":true,\"valueName\":\"search_term_string\"}}],\"inLanguage\":\"fr-FR\"},{\"@type\":\"Organization\",\"@id\":\"https:\/\/newsestlyonnais.fr\/site\/#organization\",\"name\":\"News EST LYONNAIS\",\"url\":\"https:\/\/newsestlyonnais.fr\/site\/\",\"logo\":{\"@type\":\"ImageObject\",\"inLanguage\":\"fr-FR\",\"@id\":\"https:\/\/newsestlyonnais.fr\/site\/#\/schema\/logo\/image\/\",\"url\":\"\",\"contentUrl\":\"\",\"caption\":\"News EST LYONNAIS\"},\"image\":{\"@id\":\"https:\/\/newsestlyonnais.fr\/site\/#\/schema\/logo\/image\/\"}},{\"@type\":\"Person\",\"@id\":\"https:\/\/newsestlyonnais.fr\/site\/#\/schema\/person\/3230d5615f390bb808365d673001e887\",\"name\":\"R\u00e9dac. NEWS\",\"sameAs\":[\"http:\/\/www.newsestlyonnais.fr\",\"https:\/\/www.facebook.com\/pascal.oberson.1?fref=ts\",\"https:\/\/fr.linkedin.com\/in\/pascal-oberson-b17045113\"],\"url\":\"https:\/\/newsestlyonnais.fr\/site\/author\/nel\/\"}]}<\/script>\n<!-- \/ Yoast SEO plugin. -->","yoast_head_json":{"title":"BRON : Le bulletin officiel 2017\/2018 de l'OMS est sorti !","description":"BRON : Le bulletin officiel 2017\/2018 de l'OMS est sorti !","robots":{"index":"index","follow":"follow","max-snippet":"max-snippet:-1","max-image-preview":"max-image-preview:large","max-video-preview":"max-video-preview:-1"},"canonical":"https:\/\/newsestlyonnais.fr\/site\/2017\/09\/11\/bron-le-bulletin-officiel-20172018-de-loms-est-sorti\/","og_locale":"fr_FR","og_type":"article","og_title":"BRON : Le bulletin officiel 2017\/2018 de l'OMS est sorti !","og_description":"BRON : Le bulletin officiel 2017\/2018 de l'OMS est sorti !","og_url":"https:\/\/newsestlyonnais.fr\/site\/2017\/09\/11\/bron-le-bulletin-officiel-20172018-de-loms-est-sorti\/","og_site_name":"News Est Lyonnais","article_author":"https:\/\/www.facebook.com\/pascal.oberson.1?fref=ts","article_published_time":"2017-09-11T04:31:22+00:00","article_modified_time":"2020-11-12T18:25:16+00:00","og_image":[{"width":1000,"height":750,"url":"https:\/\/i2.wp.com\/newsestlyonnais.fr\/site\/wp-content\/uploads\/2017\/09\/NEWSESTLYONNAIS-bulletin-2017-2018-oms-.jpg?fit=1000%2C750&ssl=1","type":"image\/jpeg"}],"author":"R\u00e9dac. NEWS","twitter_card":"summary_large_image","twitter_misc":{"\u00c9crit par":"R\u00e9dac. NEWS","Dur\u00e9e de lecture estim\u00e9e":"1 minute"},"schema":{"@context":"https:\/\/schema.org","@graph":[{"@type":"Article","@id":"https:\/\/newsestlyonnais.fr\/site\/2017\/09\/11\/bron-le-bulletin-officiel-20172018-de-loms-est-sorti\/#article","isPartOf":{"@id":"https:\/\/newsestlyonnais.fr\/site\/2017\/09\/11\/bron-le-bulletin-officiel-20172018-de-loms-est-sorti\/"},"author":{"name":"R\u00e9dac. NEWS","@id":"https:\/\/newsestlyonnais.fr\/site\/#\/schema\/person\/3230d5615f390bb808365d673001e887"},"headline":"BRON | Sortie du bulletin officiel 2017\/2018 de l&rsquo;OMS","datePublished":"2017-09-11T04:31:22+00:00","dateModified":"2020-11-12T18:25:16+00:00","mainEntityOfPage":{"@id":"https:\/\/newsestlyonnais.fr\/site\/2017\/09\/11\/bron-le-bulletin-officiel-20172018-de-loms-est-sorti\/"},"wordCount":120,"commentCount":0,"publisher":{"@id":"https:\/\/newsestlyonnais.fr\/site\/#organization"},"image":{"@id":"https:\/\/newsestlyonnais.fr\/site\/2017\/09\/11\/bron-le-bulletin-officiel-20172018-de-loms-est-sorti\/#primaryimage"},"thumbnailUrl":"https:\/\/newsestlyonnais.fr\/site\/wp-content\/uploads\/2017\/09\/NEWSESTLYONNAIS-bulletin-2017-2018-oms-.jpg","articleSection":["Autres sports","Bron","Divers Sports","Institutions | Troph\u00e9es | J.O.","Litt\u00e9rature | Bd | Mags"],"inLanguage":"fr-FR","potentialAction":[{"@type":"CommentAction","name":"Comment","target":["https:\/\/newsestlyonnais.fr\/site\/2017\/09\/11\/bron-le-bulletin-officiel-20172018-de-loms-est-sorti\/#respond"]}]},{"@type":"WebPage","@id":"https:\/\/newsestlyonnais.fr\/site\/2017\/09\/11\/bron-le-bulletin-officiel-20172018-de-loms-est-sorti\/","url":"https:\/\/newsestlyonnais.fr\/site\/2017\/09\/11\/bron-le-bulletin-officiel-20172018-de-loms-est-sorti\/","name":"BRON : Le bulletin officiel 2017\/2018 de l'OMS est sorti !","isPartOf":{"@id":"https:\/\/newsestlyonnais.fr\/site\/#website"},"primaryImageOfPage":{"@id":"https:\/\/newsestlyonnais.fr\/site\/2017\/09\/11\/bron-le-bulletin-officiel-20172018-de-loms-est-sorti\/#primaryimage"},"image":{"@id":"https:\/\/newsestlyonnais.fr\/site\/2017\/09\/11\/bron-le-bulletin-officiel-20172018-de-loms-est-sorti\/#primaryimage"},"thumbnailUrl":"https:\/\/newsestlyonnais.fr\/site\/wp-content\/uploads\/2017\/09\/NEWSESTLYONNAIS-bulletin-2017-2018-oms-.jpg","datePublished":"2017-09-11T04:31:22+00:00","dateModified":"2020-11-12T18:25:16+00:00","description":"BRON : Le bulletin officiel 2017\/2018 de l'OMS est sorti !","breadcrumb":{"@id":"https:\/\/newsestlyonnais.fr\/site\/2017\/09\/11\/bron-le-bulletin-officiel-20172018-de-loms-est-sorti\/#breadcrumb"},"inLanguage":"fr-FR","potentialAction":[{"@type":"ReadAction","target":["https:\/\/newsestlyonnais.fr\/site\/2017\/09\/11\/bron-le-bulletin-officiel-20172018-de-loms-est-sorti\/"]}]},{"@type":"ImageObject","inLanguage":"fr-FR","@id":"https:\/\/newsestlyonnais.fr\/site\/2017\/09\/11\/bron-le-bulletin-officiel-20172018-de-loms-est-sorti\/#primaryimage","url":"https:\/\/newsestlyonnais.fr\/site\/wp-content\/uploads\/2017\/09\/NEWSESTLYONNAIS-bulletin-2017-2018-oms-.jpg","contentUrl":"https:\/\/newsestlyonnais.fr\/site\/wp-content\/uploads\/2017\/09\/NEWSESTLYONNAIS-bulletin-2017-2018-oms-.jpg","width":1000,"height":750,"caption":"NEWSESTLYONNAIS - bulletin 2017 2018 oms"},{"@type":"BreadcrumbList","@id":"https:\/\/newsestlyonnais.fr\/site\/2017\/09\/11\/bron-le-bulletin-officiel-20172018-de-loms-est-sorti\/#breadcrumb","itemListElement":[{"@type":"ListItem","position":1,"name":"Accueil","item":"https:\/\/newsestlyonnais.fr\/site\/"},{"@type":"ListItem","position":2,"name":"BRON | Sortie du bulletin officiel 2017\/2018 de l&rsquo;OMS"}]},{"@type":"WebSite","@id":"https:\/\/newsestlyonnais.fr\/site\/#website","url":"https:\/\/newsestlyonnais.fr\/site\/","name":"News Est Lyonnais","description":"L&#039;actualit\u00e9 au plus pr\u00e8s","publisher":{"@id":"https:\/\/newsestlyonnais.fr\/site\/#organization"},"potentialAction":[{"@type":"SearchAction","target":{"@type":"EntryPoint","urlTemplate":"https:\/\/newsestlyonnais.fr\/site\/?s={search_term_string}"},"query-input":{"@type":"PropertyValueSpecification","valueRequired":true,"valueName":"search_term_string"}}],"inLanguage":"fr-FR"},{"@type":"Organization","@id":"https:\/\/newsestlyonnais.fr\/site\/#organization","name":"News EST LYONNAIS","url":"https:\/\/newsestlyonnais.fr\/site\/","logo":{"@type":"ImageObject","inLanguage":"fr-FR","@id":"https:\/\/newsestlyonnais.fr\/site\/#\/schema\/logo\/image\/","url":"","contentUrl":"","caption":"News EST LYONNAIS"},"image":{"@id":"https:\/\/newsestlyonnais.fr\/site\/#\/schema\/logo\/image\/"}},{"@type":"Person","@id":"https:\/\/newsestlyonnais.fr\/site\/#\/schema\/person\/3230d5615f390bb808365d673001e887","name":"R\u00e9dac. NEWS","sameAs":["http:\/\/www.newsestlyonnais.fr","https:\/\/www.facebook.com\/pascal.oberson.1?fref=ts","https:\/\/fr.linkedin.com\/in\/pascal-oberson-b17045113"],"url":"https:\/\/newsestlyonnais.fr\/site\/author\/nel\/"}]}},"_links":{"self":[{"href":"https:\/\/newsestlyonnais.fr\/site\/wp-json\/wp\/v2\/posts\/34417","targetHints":{"allow":["GET"]}}],"collection":[{"href":"https:\/\/newsestlyonnais.fr\/site\/wp-json\/wp\/v2\/posts"}],"about":[{"href":"https:\/\/newsestlyonnais.fr\/site\/wp-json\/wp\/v2\/types\/post"}],"author":[{"embeddable":true,"href":"https:\/\/newsestlyonnais.fr\/site\/wp-json\/wp\/v2\/users\/4"}],"replies":[{"embeddable":true,"href":"https:\/\/newsestlyonnais.fr\/site\/wp-json\/wp\/v2\/comments?post=34417"}],"version-history":[{"count":0,"href":"https:\/\/newsestlyonnais.fr\/site\/wp-json\/wp\/v2\/posts\/34417\/revisions"}],"wp:featuredmedia":[{"embeddable":true,"href":"https:\/\/newsestlyonnais.fr\/site\/wp-json\/wp\/v2\/media\/34419"}],"wp:attachment":[{"href":"https:\/\/newsestlyonnais.fr\/site\/wp-json\/wp\/v2\/media?parent=34417"}],"wp:term":[{"taxonomy":"category","embeddable":true,"href":"https:\/\/newsestlyonnais.fr\/site\/wp-json\/wp\/v2\/categories?post=34417"},{"taxonomy":"post_tag","embeddable":true,"href":"https:\/\/newsestlyonnais.fr\/site\/wp-json\/wp\/v2\/tags?post=34417"}],"curies":[{"name":"wp","href":"https:\/\/api.w.org\/{rel}","templated":true}]}}