{"id":34476,"date":"2017-09-11T15:23:18","date_gmt":"2017-09-11T14:23:18","guid":{"rendered":"http:\/\/newsestlyonnais.fr\/site\/?p=34476"},"modified":"2020-11-06T10:59:08","modified_gmt":"2020-11-06T09:59:08","slug":"venissieux-le-reseau-tcl-sadapte-aux-travaux-du-secteur-parillyle-puisoz","status":"publish","type":"post","link":"https:\/\/newsestlyonnais.fr\/site\/2017\/09\/11\/venissieux-le-reseau-tcl-sadapte-aux-travaux-du-secteur-parillyle-puisoz\/","title":{"rendered":"VENISSIEUX | Le r\u00e9seau TCL s&rsquo;adapte aux travaux du secteur Parilly\/Le Puisoz"},"content":{"rendered":"<h4>En raison des travaux d\u2019am\u00e9nagement du nouveau quartier Parilly &#8211; Le Puisoz op\u00e9r\u00e9s par la M\u00e9tropole, plusieurs lignes de bus seront d\u00e9vi\u00e9es du mercredi 13 septembre au vendredi 10 octobre 2017.<\/h4>\n<ul>\n<li><strong>La ligne C25<\/strong>, est d\u00e9vi\u00e9e en direction de Saint Priest, uniquement entre les arr\u00eats Bourdarias et Parilly. Tous les arr\u00eats sont desservis mais la d\u00e9viation implique une modification des horaires de passages aux arr\u00eats sur l\u2019ensemble de la ligne.<\/li>\n<li><strong>La ligne 26<\/strong> est d\u00e9vi\u00e9e dans les deux sens de circulation entre les arr\u00eats G\u00e9n\u00e9ral Fr\u00e8re et Cambon. Plusieurs arr\u00eats ne sont pas desservis et sont report\u00e9s. L\u2019arr\u00eat Parilly n\u2019est pas desservi en direction de Manissieux, la correspondance avec le M\u00e9tro D se fait \u00e0 l\u2019arr\u00eat Mermoz Pinel.<\/li>\n<li><strong>La ligne 79<\/strong> est d\u00e9vi\u00e9e en direction de La Borelle uniquement entre les arr\u00eats G\u00e9n\u00e9ral Fr\u00e8re et Labourbe. Plusieurs arr\u00eats ne sont pas desservis et sont report\u00e9s.<\/li>\n<\/ul>\n<h4>Plus d\u2019informations sur:\u00a0 <a href=\"http:\/\/tcl.fr\" target=\"_blank\" rel=\"noopener noreferrer\">http:\/\/tcl.fr<\/a><\/h4>\n","protected":false},"excerpt":{"rendered":"<p>En raison des travaux d\u2019am\u00e9nagement du nouveau quartier Parilly &#8211; Le Puisoz op\u00e9r\u00e9s par la M\u00e9tropole, plusieurs lignes de bus seront d\u00e9vi\u00e9es du mercredi 13 septembre au vendredi 10 octobre 2017. La ligne C25, est d\u00e9vi\u00e9e en direction de Saint Priest, uniquement entre les arr\u00eats Bourdarias et Parilly. Tous les arr\u00eats sont desservis mais la [&hellip;]<\/p>\n","protected":false},"author":4,"featured_media":25760,"comment_status":"open","ping_status":"open","sticky":false,"template":"","format":"standard","meta":{"footnotes":""},"categories":[19,1625,309,13,172,1298],"tags":[],"class_list":["post-34476","post","type-post","status-publish","format-standard","has-post-thumbnail","hentry","category-bron","category-lyon","category-pratique","category-transports-circulation","category-travaux-amenagements","category-venissieux"],"yoast_head":"<!-- This site is optimized with the Yoast SEO plugin v27.2 - https:\/\/yoast.com\/product\/yoast-seo-wordpress\/ -->\n<title>VENISSIEUX : Le r\u00e9seau TCL s&#039;adapte aux travaux du secteur Parilly\/Le Puisoz<\/title>\n<meta name=\"description\" content=\"VENISSIEUX : Le r\u00e9seau TCL s&#039;adapte aux travaux du secteur Parilly\/Le Puisoz\" \/>\n<meta name=\"robots\" content=\"index, follow, max-snippet:-1, max-image-preview:large, max-video-preview:-1\" \/>\n<link rel=\"canonical\" href=\"https:\/\/newsestlyonnais.fr\/site\/2017\/09\/11\/venissieux-le-reseau-tcl-sadapte-aux-travaux-du-secteur-parillyle-puisoz\/\" \/>\n<meta property=\"og:locale\" content=\"fr_FR\" \/>\n<meta property=\"og:type\" content=\"article\" \/>\n<meta property=\"og:title\" content=\"VENISSIEUX : Le r\u00e9seau TCL s&#039;adapte aux travaux du secteur Parilly\/Le Puisoz\" \/>\n<meta property=\"og:description\" content=\"VENISSIEUX : Le r\u00e9seau TCL s&#039;adapte aux travaux du secteur Parilly\/Le Puisoz\" \/>\n<meta property=\"og:url\" content=\"https:\/\/newsestlyonnais.fr\/site\/2017\/09\/11\/venissieux-le-reseau-tcl-sadapte-aux-travaux-du-secteur-parillyle-puisoz\/\" \/>\n<meta property=\"og:site_name\" content=\"News Est Lyonnais\" \/>\n<meta property=\"article:author\" content=\"https:\/\/www.facebook.com\/pascal.oberson.1?fref=ts\" \/>\n<meta property=\"article:published_time\" content=\"2017-09-11T14:23:18+00:00\" \/>\n<meta property=\"article:modified_time\" content=\"2020-11-06T09:59:08+00:00\" \/>\n<meta property=\"og:image\" content=\"https:\/\/i2.wp.com\/newsestlyonnais.fr\/site\/wp-content\/uploads\/2017\/04\/NewsEstLyonnais-Flash-Info.png?fit=1000%2C750&ssl=1\" \/>\n\t<meta property=\"og:image:width\" content=\"1000\" \/>\n\t<meta property=\"og:image:height\" content=\"750\" \/>\n\t<meta property=\"og:image:type\" content=\"image\/png\" \/>\n<meta name=\"author\" content=\"R\u00e9dac. NEWS\" \/>\n<meta name=\"twitter:card\" content=\"summary_large_image\" \/>\n<meta name=\"twitter:label1\" content=\"\u00c9crit par\" \/>\n\t<meta name=\"twitter:data1\" content=\"R\u00e9dac. NEWS\" \/>\n\t<meta name=\"twitter:label2\" content=\"Dur\u00e9e de lecture estim\u00e9e\" \/>\n\t<meta name=\"twitter:data2\" content=\"1 minute\" \/>\n<script type=\"application\/ld+json\" class=\"yoast-schema-graph\">{\"@context\":\"https:\/\/schema.org\",\"@graph\":[{\"@type\":\"Article\",\"@id\":\"https:\/\/newsestlyonnais.fr\/site\/2017\/09\/11\/venissieux-le-reseau-tcl-sadapte-aux-travaux-du-secteur-parillyle-puisoz\/#article\",\"isPartOf\":{\"@id\":\"https:\/\/newsestlyonnais.fr\/site\/2017\/09\/11\/venissieux-le-reseau-tcl-sadapte-aux-travaux-du-secteur-parillyle-puisoz\/\"},\"author\":{\"name\":\"R\u00e9dac. NEWS\",\"@id\":\"https:\/\/newsestlyonnais.fr\/site\/#\/schema\/person\/3230d5615f390bb808365d673001e887\"},\"headline\":\"VENISSIEUX | Le r\u00e9seau TCL s&rsquo;adapte aux travaux du secteur Parilly\/Le Puisoz\",\"datePublished\":\"2017-09-11T14:23:18+00:00\",\"dateModified\":\"2020-11-06T09:59:08+00:00\",\"mainEntityOfPage\":{\"@id\":\"https:\/\/newsestlyonnais.fr\/site\/2017\/09\/11\/venissieux-le-reseau-tcl-sadapte-aux-travaux-du-secteur-parillyle-puisoz\/\"},\"wordCount\":196,\"commentCount\":0,\"publisher\":{\"@id\":\"https:\/\/newsestlyonnais.fr\/site\/#organization\"},\"image\":{\"@id\":\"https:\/\/newsestlyonnais.fr\/site\/2017\/09\/11\/venissieux-le-reseau-tcl-sadapte-aux-travaux-du-secteur-parillyle-puisoz\/#primaryimage\"},\"thumbnailUrl\":\"https:\/\/newsestlyonnais.fr\/site\/wp-content\/uploads\/2017\/04\/NewsEstLyonnais-Flash-Info.png\",\"articleSection\":[\"Bron\",\"Lyon\",\"Pratique\",\"Transports | Circulation\",\"Travaux | Am\u00e9nagements\",\"V\u00e9nissieux\"],\"inLanguage\":\"fr-FR\",\"potentialAction\":[{\"@type\":\"CommentAction\",\"name\":\"Comment\",\"target\":[\"https:\/\/newsestlyonnais.fr\/site\/2017\/09\/11\/venissieux-le-reseau-tcl-sadapte-aux-travaux-du-secteur-parillyle-puisoz\/#respond\"]}]},{\"@type\":\"WebPage\",\"@id\":\"https:\/\/newsestlyonnais.fr\/site\/2017\/09\/11\/venissieux-le-reseau-tcl-sadapte-aux-travaux-du-secteur-parillyle-puisoz\/\",\"url\":\"https:\/\/newsestlyonnais.fr\/site\/2017\/09\/11\/venissieux-le-reseau-tcl-sadapte-aux-travaux-du-secteur-parillyle-puisoz\/\",\"name\":\"VENISSIEUX : Le r\u00e9seau TCL s'adapte aux travaux du secteur Parilly\/Le Puisoz\",\"isPartOf\":{\"@id\":\"https:\/\/newsestlyonnais.fr\/site\/#website\"},\"primaryImageOfPage\":{\"@id\":\"https:\/\/newsestlyonnais.fr\/site\/2017\/09\/11\/venissieux-le-reseau-tcl-sadapte-aux-travaux-du-secteur-parillyle-puisoz\/#primaryimage\"},\"image\":{\"@id\":\"https:\/\/newsestlyonnais.fr\/site\/2017\/09\/11\/venissieux-le-reseau-tcl-sadapte-aux-travaux-du-secteur-parillyle-puisoz\/#primaryimage\"},\"thumbnailUrl\":\"https:\/\/newsestlyonnais.fr\/site\/wp-content\/uploads\/2017\/04\/NewsEstLyonnais-Flash-Info.png\",\"datePublished\":\"2017-09-11T14:23:18+00:00\",\"dateModified\":\"2020-11-06T09:59:08+00:00\",\"description\":\"VENISSIEUX : Le r\u00e9seau TCL s'adapte aux travaux du secteur Parilly\/Le Puisoz\",\"breadcrumb\":{\"@id\":\"https:\/\/newsestlyonnais.fr\/site\/2017\/09\/11\/venissieux-le-reseau-tcl-sadapte-aux-travaux-du-secteur-parillyle-puisoz\/#breadcrumb\"},\"inLanguage\":\"fr-FR\",\"potentialAction\":[{\"@type\":\"ReadAction\",\"target\":[\"https:\/\/newsestlyonnais.fr\/site\/2017\/09\/11\/venissieux-le-reseau-tcl-sadapte-aux-travaux-du-secteur-parillyle-puisoz\/\"]}]},{\"@type\":\"ImageObject\",\"inLanguage\":\"fr-FR\",\"@id\":\"https:\/\/newsestlyonnais.fr\/site\/2017\/09\/11\/venissieux-le-reseau-tcl-sadapte-aux-travaux-du-secteur-parillyle-puisoz\/#primaryimage\",\"url\":\"https:\/\/newsestlyonnais.fr\/site\/wp-content\/uploads\/2017\/04\/NewsEstLyonnais-Flash-Info.png\",\"contentUrl\":\"https:\/\/newsestlyonnais.fr\/site\/wp-content\/uploads\/2017\/04\/NewsEstLyonnais-Flash-Info.png\",\"width\":1000,\"height\":750,\"caption\":\"NewsEstLyonnais-Flash-Info\"},{\"@type\":\"BreadcrumbList\",\"@id\":\"https:\/\/newsestlyonnais.fr\/site\/2017\/09\/11\/venissieux-le-reseau-tcl-sadapte-aux-travaux-du-secteur-parillyle-puisoz\/#breadcrumb\",\"itemListElement\":[{\"@type\":\"ListItem\",\"position\":1,\"name\":\"Accueil\",\"item\":\"https:\/\/newsestlyonnais.fr\/site\/\"},{\"@type\":\"ListItem\",\"position\":2,\"name\":\"VENISSIEUX | Le r\u00e9seau TCL s&rsquo;adapte aux travaux du secteur Parilly\/Le Puisoz\"}]},{\"@type\":\"WebSite\",\"@id\":\"https:\/\/newsestlyonnais.fr\/site\/#website\",\"url\":\"https:\/\/newsestlyonnais.fr\/site\/\",\"name\":\"News Est Lyonnais\",\"description\":\"L&#039;actualit\u00e9 au plus pr\u00e8s\",\"publisher\":{\"@id\":\"https:\/\/newsestlyonnais.fr\/site\/#organization\"},\"potentialAction\":[{\"@type\":\"SearchAction\",\"target\":{\"@type\":\"EntryPoint\",\"urlTemplate\":\"https:\/\/newsestlyonnais.fr\/site\/?s={search_term_string}\"},\"query-input\":{\"@type\":\"PropertyValueSpecification\",\"valueRequired\":true,\"valueName\":\"search_term_string\"}}],\"inLanguage\":\"fr-FR\"},{\"@type\":\"Organization\",\"@id\":\"https:\/\/newsestlyonnais.fr\/site\/#organization\",\"name\":\"News EST LYONNAIS\",\"url\":\"https:\/\/newsestlyonnais.fr\/site\/\",\"logo\":{\"@type\":\"ImageObject\",\"inLanguage\":\"fr-FR\",\"@id\":\"https:\/\/newsestlyonnais.fr\/site\/#\/schema\/logo\/image\/\",\"url\":\"\",\"contentUrl\":\"\",\"caption\":\"News EST LYONNAIS\"},\"image\":{\"@id\":\"https:\/\/newsestlyonnais.fr\/site\/#\/schema\/logo\/image\/\"}},{\"@type\":\"Person\",\"@id\":\"https:\/\/newsestlyonnais.fr\/site\/#\/schema\/person\/3230d5615f390bb808365d673001e887\",\"name\":\"R\u00e9dac. NEWS\",\"sameAs\":[\"http:\/\/www.newsestlyonnais.fr\",\"https:\/\/www.facebook.com\/pascal.oberson.1?fref=ts\",\"https:\/\/fr.linkedin.com\/in\/pascal-oberson-b17045113\"],\"url\":\"https:\/\/newsestlyonnais.fr\/site\/author\/nel\/\"}]}<\/script>\n<!-- \/ Yoast SEO plugin. -->","yoast_head_json":{"title":"VENISSIEUX : Le r\u00e9seau TCL s'adapte aux travaux du secteur Parilly\/Le Puisoz","description":"VENISSIEUX : Le r\u00e9seau TCL s'adapte aux travaux du secteur Parilly\/Le Puisoz","robots":{"index":"index","follow":"follow","max-snippet":"max-snippet:-1","max-image-preview":"max-image-preview:large","max-video-preview":"max-video-preview:-1"},"canonical":"https:\/\/newsestlyonnais.fr\/site\/2017\/09\/11\/venissieux-le-reseau-tcl-sadapte-aux-travaux-du-secteur-parillyle-puisoz\/","og_locale":"fr_FR","og_type":"article","og_title":"VENISSIEUX : Le r\u00e9seau TCL s'adapte aux travaux du secteur Parilly\/Le Puisoz","og_description":"VENISSIEUX : Le r\u00e9seau TCL s'adapte aux travaux du secteur Parilly\/Le Puisoz","og_url":"https:\/\/newsestlyonnais.fr\/site\/2017\/09\/11\/venissieux-le-reseau-tcl-sadapte-aux-travaux-du-secteur-parillyle-puisoz\/","og_site_name":"News Est Lyonnais","article_author":"https:\/\/www.facebook.com\/pascal.oberson.1?fref=ts","article_published_time":"2017-09-11T14:23:18+00:00","article_modified_time":"2020-11-06T09:59:08+00:00","og_image":[{"width":1000,"height":750,"url":"https:\/\/i2.wp.com\/newsestlyonnais.fr\/site\/wp-content\/uploads\/2017\/04\/NewsEstLyonnais-Flash-Info.png?fit=1000%2C750&ssl=1","type":"image\/png"}],"author":"R\u00e9dac. NEWS","twitter_card":"summary_large_image","twitter_misc":{"\u00c9crit par":"R\u00e9dac. NEWS","Dur\u00e9e de lecture estim\u00e9e":"1 minute"},"schema":{"@context":"https:\/\/schema.org","@graph":[{"@type":"Article","@id":"https:\/\/newsestlyonnais.fr\/site\/2017\/09\/11\/venissieux-le-reseau-tcl-sadapte-aux-travaux-du-secteur-parillyle-puisoz\/#article","isPartOf":{"@id":"https:\/\/newsestlyonnais.fr\/site\/2017\/09\/11\/venissieux-le-reseau-tcl-sadapte-aux-travaux-du-secteur-parillyle-puisoz\/"},"author":{"name":"R\u00e9dac. NEWS","@id":"https:\/\/newsestlyonnais.fr\/site\/#\/schema\/person\/3230d5615f390bb808365d673001e887"},"headline":"VENISSIEUX | Le r\u00e9seau TCL s&rsquo;adapte aux travaux du secteur Parilly\/Le Puisoz","datePublished":"2017-09-11T14:23:18+00:00","dateModified":"2020-11-06T09:59:08+00:00","mainEntityOfPage":{"@id":"https:\/\/newsestlyonnais.fr\/site\/2017\/09\/11\/venissieux-le-reseau-tcl-sadapte-aux-travaux-du-secteur-parillyle-puisoz\/"},"wordCount":196,"commentCount":0,"publisher":{"@id":"https:\/\/newsestlyonnais.fr\/site\/#organization"},"image":{"@id":"https:\/\/newsestlyonnais.fr\/site\/2017\/09\/11\/venissieux-le-reseau-tcl-sadapte-aux-travaux-du-secteur-parillyle-puisoz\/#primaryimage"},"thumbnailUrl":"https:\/\/newsestlyonnais.fr\/site\/wp-content\/uploads\/2017\/04\/NewsEstLyonnais-Flash-Info.png","articleSection":["Bron","Lyon","Pratique","Transports | Circulation","Travaux | Am\u00e9nagements","V\u00e9nissieux"],"inLanguage":"fr-FR","potentialAction":[{"@type":"CommentAction","name":"Comment","target":["https:\/\/newsestlyonnais.fr\/site\/2017\/09\/11\/venissieux-le-reseau-tcl-sadapte-aux-travaux-du-secteur-parillyle-puisoz\/#respond"]}]},{"@type":"WebPage","@id":"https:\/\/newsestlyonnais.fr\/site\/2017\/09\/11\/venissieux-le-reseau-tcl-sadapte-aux-travaux-du-secteur-parillyle-puisoz\/","url":"https:\/\/newsestlyonnais.fr\/site\/2017\/09\/11\/venissieux-le-reseau-tcl-sadapte-aux-travaux-du-secteur-parillyle-puisoz\/","name":"VENISSIEUX : Le r\u00e9seau TCL s'adapte aux travaux du secteur Parilly\/Le Puisoz","isPartOf":{"@id":"https:\/\/newsestlyonnais.fr\/site\/#website"},"primaryImageOfPage":{"@id":"https:\/\/newsestlyonnais.fr\/site\/2017\/09\/11\/venissieux-le-reseau-tcl-sadapte-aux-travaux-du-secteur-parillyle-puisoz\/#primaryimage"},"image":{"@id":"https:\/\/newsestlyonnais.fr\/site\/2017\/09\/11\/venissieux-le-reseau-tcl-sadapte-aux-travaux-du-secteur-parillyle-puisoz\/#primaryimage"},"thumbnailUrl":"https:\/\/newsestlyonnais.fr\/site\/wp-content\/uploads\/2017\/04\/NewsEstLyonnais-Flash-Info.png","datePublished":"2017-09-11T14:23:18+00:00","dateModified":"2020-11-06T09:59:08+00:00","description":"VENISSIEUX : Le r\u00e9seau TCL s'adapte aux travaux du secteur Parilly\/Le Puisoz","breadcrumb":{"@id":"https:\/\/newsestlyonnais.fr\/site\/2017\/09\/11\/venissieux-le-reseau-tcl-sadapte-aux-travaux-du-secteur-parillyle-puisoz\/#breadcrumb"},"inLanguage":"fr-FR","potentialAction":[{"@type":"ReadAction","target":["https:\/\/newsestlyonnais.fr\/site\/2017\/09\/11\/venissieux-le-reseau-tcl-sadapte-aux-travaux-du-secteur-parillyle-puisoz\/"]}]},{"@type":"ImageObject","inLanguage":"fr-FR","@id":"https:\/\/newsestlyonnais.fr\/site\/2017\/09\/11\/venissieux-le-reseau-tcl-sadapte-aux-travaux-du-secteur-parillyle-puisoz\/#primaryimage","url":"https:\/\/newsestlyonnais.fr\/site\/wp-content\/uploads\/2017\/04\/NewsEstLyonnais-Flash-Info.png","contentUrl":"https:\/\/newsestlyonnais.fr\/site\/wp-content\/uploads\/2017\/04\/NewsEstLyonnais-Flash-Info.png","width":1000,"height":750,"caption":"NewsEstLyonnais-Flash-Info"},{"@type":"BreadcrumbList","@id":"https:\/\/newsestlyonnais.fr\/site\/2017\/09\/11\/venissieux-le-reseau-tcl-sadapte-aux-travaux-du-secteur-parillyle-puisoz\/#breadcrumb","itemListElement":[{"@type":"ListItem","position":1,"name":"Accueil","item":"https:\/\/newsestlyonnais.fr\/site\/"},{"@type":"ListItem","position":2,"name":"VENISSIEUX | Le r\u00e9seau TCL s&rsquo;adapte aux travaux du secteur Parilly\/Le Puisoz"}]},{"@type":"WebSite","@id":"https:\/\/newsestlyonnais.fr\/site\/#website","url":"https:\/\/newsestlyonnais.fr\/site\/","name":"News Est Lyonnais","description":"L&#039;actualit\u00e9 au plus pr\u00e8s","publisher":{"@id":"https:\/\/newsestlyonnais.fr\/site\/#organization"},"potentialAction":[{"@type":"SearchAction","target":{"@type":"EntryPoint","urlTemplate":"https:\/\/newsestlyonnais.fr\/site\/?s={search_term_string}"},"query-input":{"@type":"PropertyValueSpecification","valueRequired":true,"valueName":"search_term_string"}}],"inLanguage":"fr-FR"},{"@type":"Organization","@id":"https:\/\/newsestlyonnais.fr\/site\/#organization","name":"News EST LYONNAIS","url":"https:\/\/newsestlyonnais.fr\/site\/","logo":{"@type":"ImageObject","inLanguage":"fr-FR","@id":"https:\/\/newsestlyonnais.fr\/site\/#\/schema\/logo\/image\/","url":"","contentUrl":"","caption":"News EST LYONNAIS"},"image":{"@id":"https:\/\/newsestlyonnais.fr\/site\/#\/schema\/logo\/image\/"}},{"@type":"Person","@id":"https:\/\/newsestlyonnais.fr\/site\/#\/schema\/person\/3230d5615f390bb808365d673001e887","name":"R\u00e9dac. NEWS","sameAs":["http:\/\/www.newsestlyonnais.fr","https:\/\/www.facebook.com\/pascal.oberson.1?fref=ts","https:\/\/fr.linkedin.com\/in\/pascal-oberson-b17045113"],"url":"https:\/\/newsestlyonnais.fr\/site\/author\/nel\/"}]}},"_links":{"self":[{"href":"https:\/\/newsestlyonnais.fr\/site\/wp-json\/wp\/v2\/posts\/34476","targetHints":{"allow":["GET"]}}],"collection":[{"href":"https:\/\/newsestlyonnais.fr\/site\/wp-json\/wp\/v2\/posts"}],"about":[{"href":"https:\/\/newsestlyonnais.fr\/site\/wp-json\/wp\/v2\/types\/post"}],"author":[{"embeddable":true,"href":"https:\/\/newsestlyonnais.fr\/site\/wp-json\/wp\/v2\/users\/4"}],"replies":[{"embeddable":true,"href":"https:\/\/newsestlyonnais.fr\/site\/wp-json\/wp\/v2\/comments?post=34476"}],"version-history":[{"count":0,"href":"https:\/\/newsestlyonnais.fr\/site\/wp-json\/wp\/v2\/posts\/34476\/revisions"}],"wp:featuredmedia":[{"embeddable":true,"href":"https:\/\/newsestlyonnais.fr\/site\/wp-json\/wp\/v2\/media\/25760"}],"wp:attachment":[{"href":"https:\/\/newsestlyonnais.fr\/site\/wp-json\/wp\/v2\/media?parent=34476"}],"wp:term":[{"taxonomy":"category","embeddable":true,"href":"https:\/\/newsestlyonnais.fr\/site\/wp-json\/wp\/v2\/categories?post=34476"},{"taxonomy":"post_tag","embeddable":true,"href":"https:\/\/newsestlyonnais.fr\/site\/wp-json\/wp\/v2\/tags?post=34476"}],"curies":[{"name":"wp","href":"https:\/\/api.w.org\/{rel}","templated":true}]}}