{"id":34483,"date":"2017-09-12T13:43:49","date_gmt":"2017-09-12T12:43:49","guid":{"rendered":"http:\/\/newsestlyonnais.fr\/site\/?p=34483"},"modified":"2020-11-02T14:33:59","modified_gmt":"2020-11-02T13:33:59","slug":"vaulx-en-velin-belle-reussite-du-2-challenge-kaib-de-football","status":"publish","type":"post","link":"https:\/\/newsestlyonnais.fr\/site\/2017\/09\/12\/vaulx-en-velin-belle-reussite-du-2-challenge-kaib-de-football\/","title":{"rendered":"VAULX-EN-VELIN | Belle r\u00e9ussite du 2\u00b0 challenge Kaib de football"},"content":{"rendered":"<h4><span id=\"cch_fd0a736ccfd066\" class=\"_mh6 _wsc\"><span class=\"_3oh- _58nk\">Un tournoi de football r\u00e9serv\u00e9 aux petites cat\u00e9gories (U8 &amp; U9) organis\u00e9 ce dernier week-end au stade Ladoum\u00e8gue par l&rsquo;Olympique de Vaulx en hommage \u00e0 Mohamed Kaib, un de ses anciens dirigeants et fondateurs du club vaudais.<br \/>\n<\/span><\/span><\/h4>\n<p>Le pr\u00e9sident du club Tazghat Fartas et les 80 b\u00e9n\u00e9voles mobilis\u00e9s deux jours durant, ont permis d&rsquo;assister \u00e0 cette belle f\u00eate du football en pr\u00e9sence de jeunes pousses venues de la r\u00e9gion (OL, ASSE) et de toute la France (Paris FC, Montpellier, N\u00eemes, Vitrolles), sans compter une \u00e9quipe alg\u00e9rienne. Le samedi malgr\u00e9 la pluie matinale, participation de 48 \u00e9quipes devant pr\u00e8s de 1300 personnes pr\u00e9sentes et le dimanche autant de formations suivies par plus de 1500 spectateurs.<\/p>\n<p>A noter la belle prestation des jeunes vaudais (<strong>PHOTO A LA UNE<\/strong>) puisque l&rsquo; O<span id=\"cch_fd0a736ccfd066\" class=\"_mh6 _wsc\"><span class=\"_3oh- _58nk\">lympique de Vaulx s&rsquo;est inclin\u00e9 en U8, face au Paris FC, futur vainqueur.<\/span><\/span><\/p>\n<ul>\n<li>Les vainqueurs des tournois : le Paris FC (en U8) et le FC Nogent 94 (en U9)<\/li>\n<\/ul>\n<p>&nbsp;<\/p>\n<div id='gallery-1' class='gallery galleryid-34483 gallery-columns-3 gallery-size-thumbnail'><figure class='gallery-item'>\n\t\t\t<div class='gallery-icon landscape'>\n\t\t\t\t<a href='https:\/\/newsestlyonnais.fr\/site\/newsestlyonnais-challenge-kaib-foot-2\/'><img loading=\"lazy\" decoding=\"async\" width=\"150\" height=\"150\" src=\"https:\/\/newsestlyonnais.fr\/site\/wp-content\/uploads\/2017\/09\/NEWSESTLYONNAIS-CHALLENGE-KAIB-FOOT-1-150x150.jpg\" class=\"attachment-thumbnail size-thumbnail\" alt=\"NEWSESTLYONNAIS - CHAL\" aria-describedby=\"gallery-1-34336\" \/><\/a>\n\t\t\t<\/div>\n\t\t\t\t<figcaption class='wp-caption-text gallery-caption' id='gallery-1-34336'>\n\t\t\t\tL&rsquo;affiche de l&rsquo;\u00e9v\u00e8nement\n\t\t\t\t<\/figcaption><\/figure><figure class='gallery-item'>\n\t\t\t<div class='gallery-icon landscape'>\n\t\t\t\t<a href='https:\/\/newsestlyonnais.fr\/site\/2017\/09\/12\/vaulx-en-velin-belle-reussite-du-2-challenge-kaib-de-football\/newsestlyonnais-olym-vaulx-u8-2\/'><img loading=\"lazy\" decoding=\"async\" width=\"150\" height=\"150\" src=\"https:\/\/newsestlyonnais.fr\/site\/wp-content\/uploads\/2017\/09\/NEWSESTLYONNAIS-OLYM-VAULX-U8-1-1-150x150.jpg\" class=\"attachment-thumbnail size-thumbnail\" alt=\"NEWSESTLYONNAIS - OLYM VAULX U8\" \/><\/a>\n\t\t\t<\/div><\/figure><figure class='gallery-item'>\n\t\t\t<div class='gallery-icon landscape'>\n\t\t\t\t<a href='https:\/\/newsestlyonnais.fr\/site\/2017\/09\/12\/vaulx-en-velin-belle-reussite-du-2-challenge-kaib-de-football\/newsestlyonnais-6-chal-kaib-02\/'><img loading=\"lazy\" decoding=\"async\" width=\"150\" height=\"150\" src=\"https:\/\/newsestlyonnais.fr\/site\/wp-content\/uploads\/2017\/09\/NEWSESTLYONNAIS-6-chal-kaib-02-150x150.jpg\" class=\"attachment-thumbnail size-thumbnail\" alt=\"NEWSESTLYONNAIS 6 chal kaib 02\" \/><\/a>\n\t\t\t<\/div><\/figure><figure class='gallery-item'>\n\t\t\t<div class='gallery-icon landscape'>\n\t\t\t\t<a href='https:\/\/newsestlyonnais.fr\/site\/2017\/09\/12\/vaulx-en-velin-belle-reussite-du-2-challenge-kaib-de-football\/newsestlyonnais-chal-kaib-equipe-alge\/'><img loading=\"lazy\" decoding=\"async\" width=\"150\" height=\"150\" src=\"https:\/\/newsestlyonnais.fr\/site\/wp-content\/uploads\/2017\/09\/NEWSESTLYONNAIS-CHAL-KAIB-EQUIPE-ALGE-150x150.jpg\" class=\"attachment-thumbnail size-thumbnail\" alt=\"\" aria-describedby=\"gallery-1-34533\" \/><\/a>\n\t\t\t<\/div>\n\t\t\t\t<figcaption class='wp-caption-text gallery-caption' id='gallery-1-34533'>\n\t\t\t\tLa formation alg\u00e9rienne pr\u00e9sente au tournoi \n\t\t\t\t<\/figcaption><\/figure><figure class='gallery-item'>\n\t\t\t<div class='gallery-icon landscape'>\n\t\t\t\t<a href='https:\/\/newsestlyonnais.fr\/site\/2017\/09\/12\/vaulx-en-velin-belle-reussite-du-2-challenge-kaib-de-football\/newsestlyonnais-olym-vx-asse\/'><img loading=\"lazy\" decoding=\"async\" width=\"150\" height=\"150\" src=\"https:\/\/newsestlyonnais.fr\/site\/wp-content\/uploads\/2017\/09\/NEWSESTLYONNAIS-OLYM-VX-ASSE-150x150.jpg\" class=\"attachment-thumbnail size-thumbnail\" alt=\"\" aria-describedby=\"gallery-1-34534\" \/><\/a>\n\t\t\t<\/div>\n\t\t\t\t<figcaption class='wp-caption-text gallery-caption' id='gallery-1-34534'>\n\t\t\t\tLes \u00e9quipes de l&rsquo;Olympique de Vaulx et de l&rsquo;ASSE r\u00e9unies apr\u00e8s leur match\n\t\t\t\t<\/figcaption><\/figure><figure class='gallery-item'>\n\t\t\t<div class='gallery-icon landscape'>\n\t\t\t\t<a href='https:\/\/newsestlyonnais.fr\/site\/2017\/09\/12\/vaulx-en-velin-belle-reussite-du-2-challenge-kaib-de-football\/newsestlyonnais-chal-kaib-01\/'><img loading=\"lazy\" decoding=\"async\" width=\"150\" height=\"150\" src=\"https:\/\/newsestlyonnais.fr\/site\/wp-content\/uploads\/2017\/09\/NEWSESTLYONNAIS-chal-kaib-01-150x150.jpg\" class=\"attachment-thumbnail size-thumbnail\" alt=\"NEWSESTLYONNAIS - chal kaib 01\" \/><\/a>\n\t\t\t<\/div><\/figure>\n\t\t<\/div>\n\n","protected":false},"excerpt":{"rendered":"<p>Un tournoi de football r\u00e9serv\u00e9 aux petites cat\u00e9gories (U8 &amp; U9) organis\u00e9 ce dernier week-end au stade Ladoum\u00e8gue par l&rsquo;Olympique de Vaulx en hommage \u00e0 Mohamed Kaib, un de ses anciens dirigeants et fondateurs du club vaudais. Le pr\u00e9sident du club Tazghat Fartas et les 80 b\u00e9n\u00e9voles mobilis\u00e9s deux jours durant, ont permis d&rsquo;assister \u00e0 [&hellip;]<\/p>\n","protected":false},"author":4,"featured_media":34529,"comment_status":"open","ping_status":"open","sticky":false,"template":"","format":"standard","meta":{"footnotes":""},"categories":[1329,2996,28],"tags":[],"class_list":["post-34483","post","type-post","status-publish","format-standard","has-post-thumbnail","hentry","category-foot","category-football-rugby","category-vaulx-en-velin"],"yoast_head":"<!-- This site is optimized with the Yoast SEO plugin v27.2 - https:\/\/yoast.com\/product\/yoast-seo-wordpress\/ -->\n<title>VAULX EN VELIN : Belle r\u00e9ussite du 2\u00b0 challenge Kaib de football<\/title>\n<meta name=\"description\" content=\"VAULX EN VELIN : Belle r\u00e9ussite du 2\u00b0 challenge Kaib de football\" \/>\n<meta name=\"robots\" content=\"index, follow, max-snippet:-1, max-image-preview:large, max-video-preview:-1\" \/>\n<link rel=\"canonical\" href=\"https:\/\/newsestlyonnais.fr\/site\/2017\/09\/12\/vaulx-en-velin-belle-reussite-du-2-challenge-kaib-de-football\/\" \/>\n<meta property=\"og:locale\" content=\"fr_FR\" \/>\n<meta property=\"og:type\" content=\"article\" \/>\n<meta property=\"og:title\" content=\"VAULX EN VELIN : Belle r\u00e9ussite du 2\u00b0 challenge Kaib de football\" \/>\n<meta property=\"og:description\" content=\"VAULX EN VELIN : Belle r\u00e9ussite du 2\u00b0 challenge Kaib de football\" \/>\n<meta property=\"og:url\" content=\"https:\/\/newsestlyonnais.fr\/site\/2017\/09\/12\/vaulx-en-velin-belle-reussite-du-2-challenge-kaib-de-football\/\" \/>\n<meta property=\"og:site_name\" content=\"News Est Lyonnais\" \/>\n<meta property=\"article:author\" content=\"https:\/\/www.facebook.com\/pascal.oberson.1?fref=ts\" \/>\n<meta property=\"article:published_time\" content=\"2017-09-12T12:43:49+00:00\" \/>\n<meta property=\"article:modified_time\" content=\"2020-11-02T13:33:59+00:00\" \/>\n<meta property=\"og:image\" content=\"https:\/\/i0.wp.com\/newsestlyonnais.fr\/site\/wp-content\/uploads\/2017\/09\/NEWSESTLYONNAIS-OLYM-VAULX-U8-.jpg?fit=1000%2C750&ssl=1\" \/>\n\t<meta property=\"og:image:width\" content=\"1000\" \/>\n\t<meta property=\"og:image:height\" content=\"750\" \/>\n\t<meta property=\"og:image:type\" content=\"image\/jpeg\" \/>\n<meta name=\"author\" content=\"R\u00e9dac. NEWS\" \/>\n<meta name=\"twitter:card\" content=\"summary_large_image\" \/>\n<meta name=\"twitter:label1\" content=\"\u00c9crit par\" \/>\n\t<meta name=\"twitter:data1\" content=\"R\u00e9dac. NEWS\" \/>\n\t<meta name=\"twitter:label2\" content=\"Dur\u00e9e de lecture estim\u00e9e\" \/>\n\t<meta name=\"twitter:data2\" content=\"1 minute\" \/>\n<script type=\"application\/ld+json\" class=\"yoast-schema-graph\">{\"@context\":\"https:\/\/schema.org\",\"@graph\":[{\"@type\":\"Article\",\"@id\":\"https:\/\/newsestlyonnais.fr\/site\/2017\/09\/12\/vaulx-en-velin-belle-reussite-du-2-challenge-kaib-de-football\/#article\",\"isPartOf\":{\"@id\":\"https:\/\/newsestlyonnais.fr\/site\/2017\/09\/12\/vaulx-en-velin-belle-reussite-du-2-challenge-kaib-de-football\/\"},\"author\":{\"name\":\"R\u00e9dac. NEWS\",\"@id\":\"https:\/\/newsestlyonnais.fr\/site\/#\/schema\/person\/3230d5615f390bb808365d673001e887\"},\"headline\":\"VAULX-EN-VELIN | Belle r\u00e9ussite du 2\u00b0 challenge Kaib de football\",\"datePublished\":\"2017-09-12T12:43:49+00:00\",\"dateModified\":\"2020-11-02T13:33:59+00:00\",\"mainEntityOfPage\":{\"@id\":\"https:\/\/newsestlyonnais.fr\/site\/2017\/09\/12\/vaulx-en-velin-belle-reussite-du-2-challenge-kaib-de-football\/\"},\"wordCount\":182,\"commentCount\":0,\"publisher\":{\"@id\":\"https:\/\/newsestlyonnais.fr\/site\/#organization\"},\"image\":{\"@id\":\"https:\/\/newsestlyonnais.fr\/site\/2017\/09\/12\/vaulx-en-velin-belle-reussite-du-2-challenge-kaib-de-football\/#primaryimage\"},\"thumbnailUrl\":\"https:\/\/newsestlyonnais.fr\/site\/wp-content\/uploads\/2017\/09\/NEWSESTLYONNAIS-OLYM-VAULX-U8-.jpg\",\"articleSection\":[\"Foot | Futsal\",\"Foot | Rugby\",\"Vaulx-en-Velin\"],\"inLanguage\":\"fr-FR\",\"potentialAction\":[{\"@type\":\"CommentAction\",\"name\":\"Comment\",\"target\":[\"https:\/\/newsestlyonnais.fr\/site\/2017\/09\/12\/vaulx-en-velin-belle-reussite-du-2-challenge-kaib-de-football\/#respond\"]}]},{\"@type\":\"WebPage\",\"@id\":\"https:\/\/newsestlyonnais.fr\/site\/2017\/09\/12\/vaulx-en-velin-belle-reussite-du-2-challenge-kaib-de-football\/\",\"url\":\"https:\/\/newsestlyonnais.fr\/site\/2017\/09\/12\/vaulx-en-velin-belle-reussite-du-2-challenge-kaib-de-football\/\",\"name\":\"VAULX EN VELIN : Belle r\u00e9ussite du 2\u00b0 challenge Kaib de football\",\"isPartOf\":{\"@id\":\"https:\/\/newsestlyonnais.fr\/site\/#website\"},\"primaryImageOfPage\":{\"@id\":\"https:\/\/newsestlyonnais.fr\/site\/2017\/09\/12\/vaulx-en-velin-belle-reussite-du-2-challenge-kaib-de-football\/#primaryimage\"},\"image\":{\"@id\":\"https:\/\/newsestlyonnais.fr\/site\/2017\/09\/12\/vaulx-en-velin-belle-reussite-du-2-challenge-kaib-de-football\/#primaryimage\"},\"thumbnailUrl\":\"https:\/\/newsestlyonnais.fr\/site\/wp-content\/uploads\/2017\/09\/NEWSESTLYONNAIS-OLYM-VAULX-U8-.jpg\",\"datePublished\":\"2017-09-12T12:43:49+00:00\",\"dateModified\":\"2020-11-02T13:33:59+00:00\",\"description\":\"VAULX EN VELIN : Belle r\u00e9ussite du 2\u00b0 challenge Kaib de football\",\"breadcrumb\":{\"@id\":\"https:\/\/newsestlyonnais.fr\/site\/2017\/09\/12\/vaulx-en-velin-belle-reussite-du-2-challenge-kaib-de-football\/#breadcrumb\"},\"inLanguage\":\"fr-FR\",\"potentialAction\":[{\"@type\":\"ReadAction\",\"target\":[\"https:\/\/newsestlyonnais.fr\/site\/2017\/09\/12\/vaulx-en-velin-belle-reussite-du-2-challenge-kaib-de-football\/\"]}]},{\"@type\":\"ImageObject\",\"inLanguage\":\"fr-FR\",\"@id\":\"https:\/\/newsestlyonnais.fr\/site\/2017\/09\/12\/vaulx-en-velin-belle-reussite-du-2-challenge-kaib-de-football\/#primaryimage\",\"url\":\"https:\/\/newsestlyonnais.fr\/site\/wp-content\/uploads\/2017\/09\/NEWSESTLYONNAIS-OLYM-VAULX-U8-.jpg\",\"contentUrl\":\"https:\/\/newsestlyonnais.fr\/site\/wp-content\/uploads\/2017\/09\/NEWSESTLYONNAIS-OLYM-VAULX-U8-.jpg\",\"width\":1000,\"height\":750,\"caption\":\"NEWSESTLYONNAIS - OLYM VAULX U8\"},{\"@type\":\"BreadcrumbList\",\"@id\":\"https:\/\/newsestlyonnais.fr\/site\/2017\/09\/12\/vaulx-en-velin-belle-reussite-du-2-challenge-kaib-de-football\/#breadcrumb\",\"itemListElement\":[{\"@type\":\"ListItem\",\"position\":1,\"name\":\"Accueil\",\"item\":\"https:\/\/newsestlyonnais.fr\/site\/\"},{\"@type\":\"ListItem\",\"position\":2,\"name\":\"VAULX-EN-VELIN | Belle r\u00e9ussite du 2\u00b0 challenge Kaib de football\"}]},{\"@type\":\"WebSite\",\"@id\":\"https:\/\/newsestlyonnais.fr\/site\/#website\",\"url\":\"https:\/\/newsestlyonnais.fr\/site\/\",\"name\":\"News Est Lyonnais\",\"description\":\"L&#039;actualit\u00e9 au plus pr\u00e8s\",\"publisher\":{\"@id\":\"https:\/\/newsestlyonnais.fr\/site\/#organization\"},\"potentialAction\":[{\"@type\":\"SearchAction\",\"target\":{\"@type\":\"EntryPoint\",\"urlTemplate\":\"https:\/\/newsestlyonnais.fr\/site\/?s={search_term_string}\"},\"query-input\":{\"@type\":\"PropertyValueSpecification\",\"valueRequired\":true,\"valueName\":\"search_term_string\"}}],\"inLanguage\":\"fr-FR\"},{\"@type\":\"Organization\",\"@id\":\"https:\/\/newsestlyonnais.fr\/site\/#organization\",\"name\":\"News EST LYONNAIS\",\"url\":\"https:\/\/newsestlyonnais.fr\/site\/\",\"logo\":{\"@type\":\"ImageObject\",\"inLanguage\":\"fr-FR\",\"@id\":\"https:\/\/newsestlyonnais.fr\/site\/#\/schema\/logo\/image\/\",\"url\":\"\",\"contentUrl\":\"\",\"caption\":\"News EST LYONNAIS\"},\"image\":{\"@id\":\"https:\/\/newsestlyonnais.fr\/site\/#\/schema\/logo\/image\/\"}},{\"@type\":\"Person\",\"@id\":\"https:\/\/newsestlyonnais.fr\/site\/#\/schema\/person\/3230d5615f390bb808365d673001e887\",\"name\":\"R\u00e9dac. NEWS\",\"sameAs\":[\"http:\/\/www.newsestlyonnais.fr\",\"https:\/\/www.facebook.com\/pascal.oberson.1?fref=ts\",\"https:\/\/fr.linkedin.com\/in\/pascal-oberson-b17045113\"],\"url\":\"https:\/\/newsestlyonnais.fr\/site\/author\/nel\/\"}]}<\/script>\n<!-- \/ Yoast SEO plugin. -->","yoast_head_json":{"title":"VAULX EN VELIN : Belle r\u00e9ussite du 2\u00b0 challenge Kaib de football","description":"VAULX EN VELIN : Belle r\u00e9ussite du 2\u00b0 challenge Kaib de football","robots":{"index":"index","follow":"follow","max-snippet":"max-snippet:-1","max-image-preview":"max-image-preview:large","max-video-preview":"max-video-preview:-1"},"canonical":"https:\/\/newsestlyonnais.fr\/site\/2017\/09\/12\/vaulx-en-velin-belle-reussite-du-2-challenge-kaib-de-football\/","og_locale":"fr_FR","og_type":"article","og_title":"VAULX EN VELIN : Belle r\u00e9ussite du 2\u00b0 challenge Kaib de football","og_description":"VAULX EN VELIN : Belle r\u00e9ussite du 2\u00b0 challenge Kaib de football","og_url":"https:\/\/newsestlyonnais.fr\/site\/2017\/09\/12\/vaulx-en-velin-belle-reussite-du-2-challenge-kaib-de-football\/","og_site_name":"News Est Lyonnais","article_author":"https:\/\/www.facebook.com\/pascal.oberson.1?fref=ts","article_published_time":"2017-09-12T12:43:49+00:00","article_modified_time":"2020-11-02T13:33:59+00:00","og_image":[{"width":1000,"height":750,"url":"https:\/\/i0.wp.com\/newsestlyonnais.fr\/site\/wp-content\/uploads\/2017\/09\/NEWSESTLYONNAIS-OLYM-VAULX-U8-.jpg?fit=1000%2C750&ssl=1","type":"image\/jpeg"}],"author":"R\u00e9dac. NEWS","twitter_card":"summary_large_image","twitter_misc":{"\u00c9crit par":"R\u00e9dac. NEWS","Dur\u00e9e de lecture estim\u00e9e":"1 minute"},"schema":{"@context":"https:\/\/schema.org","@graph":[{"@type":"Article","@id":"https:\/\/newsestlyonnais.fr\/site\/2017\/09\/12\/vaulx-en-velin-belle-reussite-du-2-challenge-kaib-de-football\/#article","isPartOf":{"@id":"https:\/\/newsestlyonnais.fr\/site\/2017\/09\/12\/vaulx-en-velin-belle-reussite-du-2-challenge-kaib-de-football\/"},"author":{"name":"R\u00e9dac. NEWS","@id":"https:\/\/newsestlyonnais.fr\/site\/#\/schema\/person\/3230d5615f390bb808365d673001e887"},"headline":"VAULX-EN-VELIN | Belle r\u00e9ussite du 2\u00b0 challenge Kaib de football","datePublished":"2017-09-12T12:43:49+00:00","dateModified":"2020-11-02T13:33:59+00:00","mainEntityOfPage":{"@id":"https:\/\/newsestlyonnais.fr\/site\/2017\/09\/12\/vaulx-en-velin-belle-reussite-du-2-challenge-kaib-de-football\/"},"wordCount":182,"commentCount":0,"publisher":{"@id":"https:\/\/newsestlyonnais.fr\/site\/#organization"},"image":{"@id":"https:\/\/newsestlyonnais.fr\/site\/2017\/09\/12\/vaulx-en-velin-belle-reussite-du-2-challenge-kaib-de-football\/#primaryimage"},"thumbnailUrl":"https:\/\/newsestlyonnais.fr\/site\/wp-content\/uploads\/2017\/09\/NEWSESTLYONNAIS-OLYM-VAULX-U8-.jpg","articleSection":["Foot | Futsal","Foot | Rugby","Vaulx-en-Velin"],"inLanguage":"fr-FR","potentialAction":[{"@type":"CommentAction","name":"Comment","target":["https:\/\/newsestlyonnais.fr\/site\/2017\/09\/12\/vaulx-en-velin-belle-reussite-du-2-challenge-kaib-de-football\/#respond"]}]},{"@type":"WebPage","@id":"https:\/\/newsestlyonnais.fr\/site\/2017\/09\/12\/vaulx-en-velin-belle-reussite-du-2-challenge-kaib-de-football\/","url":"https:\/\/newsestlyonnais.fr\/site\/2017\/09\/12\/vaulx-en-velin-belle-reussite-du-2-challenge-kaib-de-football\/","name":"VAULX EN VELIN : Belle r\u00e9ussite du 2\u00b0 challenge Kaib de football","isPartOf":{"@id":"https:\/\/newsestlyonnais.fr\/site\/#website"},"primaryImageOfPage":{"@id":"https:\/\/newsestlyonnais.fr\/site\/2017\/09\/12\/vaulx-en-velin-belle-reussite-du-2-challenge-kaib-de-football\/#primaryimage"},"image":{"@id":"https:\/\/newsestlyonnais.fr\/site\/2017\/09\/12\/vaulx-en-velin-belle-reussite-du-2-challenge-kaib-de-football\/#primaryimage"},"thumbnailUrl":"https:\/\/newsestlyonnais.fr\/site\/wp-content\/uploads\/2017\/09\/NEWSESTLYONNAIS-OLYM-VAULX-U8-.jpg","datePublished":"2017-09-12T12:43:49+00:00","dateModified":"2020-11-02T13:33:59+00:00","description":"VAULX EN VELIN : Belle r\u00e9ussite du 2\u00b0 challenge Kaib de football","breadcrumb":{"@id":"https:\/\/newsestlyonnais.fr\/site\/2017\/09\/12\/vaulx-en-velin-belle-reussite-du-2-challenge-kaib-de-football\/#breadcrumb"},"inLanguage":"fr-FR","potentialAction":[{"@type":"ReadAction","target":["https:\/\/newsestlyonnais.fr\/site\/2017\/09\/12\/vaulx-en-velin-belle-reussite-du-2-challenge-kaib-de-football\/"]}]},{"@type":"ImageObject","inLanguage":"fr-FR","@id":"https:\/\/newsestlyonnais.fr\/site\/2017\/09\/12\/vaulx-en-velin-belle-reussite-du-2-challenge-kaib-de-football\/#primaryimage","url":"https:\/\/newsestlyonnais.fr\/site\/wp-content\/uploads\/2017\/09\/NEWSESTLYONNAIS-OLYM-VAULX-U8-.jpg","contentUrl":"https:\/\/newsestlyonnais.fr\/site\/wp-content\/uploads\/2017\/09\/NEWSESTLYONNAIS-OLYM-VAULX-U8-.jpg","width":1000,"height":750,"caption":"NEWSESTLYONNAIS - OLYM VAULX U8"},{"@type":"BreadcrumbList","@id":"https:\/\/newsestlyonnais.fr\/site\/2017\/09\/12\/vaulx-en-velin-belle-reussite-du-2-challenge-kaib-de-football\/#breadcrumb","itemListElement":[{"@type":"ListItem","position":1,"name":"Accueil","item":"https:\/\/newsestlyonnais.fr\/site\/"},{"@type":"ListItem","position":2,"name":"VAULX-EN-VELIN | Belle r\u00e9ussite du 2\u00b0 challenge Kaib de football"}]},{"@type":"WebSite","@id":"https:\/\/newsestlyonnais.fr\/site\/#website","url":"https:\/\/newsestlyonnais.fr\/site\/","name":"News Est Lyonnais","description":"L&#039;actualit\u00e9 au plus pr\u00e8s","publisher":{"@id":"https:\/\/newsestlyonnais.fr\/site\/#organization"},"potentialAction":[{"@type":"SearchAction","target":{"@type":"EntryPoint","urlTemplate":"https:\/\/newsestlyonnais.fr\/site\/?s={search_term_string}"},"query-input":{"@type":"PropertyValueSpecification","valueRequired":true,"valueName":"search_term_string"}}],"inLanguage":"fr-FR"},{"@type":"Organization","@id":"https:\/\/newsestlyonnais.fr\/site\/#organization","name":"News EST LYONNAIS","url":"https:\/\/newsestlyonnais.fr\/site\/","logo":{"@type":"ImageObject","inLanguage":"fr-FR","@id":"https:\/\/newsestlyonnais.fr\/site\/#\/schema\/logo\/image\/","url":"","contentUrl":"","caption":"News EST LYONNAIS"},"image":{"@id":"https:\/\/newsestlyonnais.fr\/site\/#\/schema\/logo\/image\/"}},{"@type":"Person","@id":"https:\/\/newsestlyonnais.fr\/site\/#\/schema\/person\/3230d5615f390bb808365d673001e887","name":"R\u00e9dac. NEWS","sameAs":["http:\/\/www.newsestlyonnais.fr","https:\/\/www.facebook.com\/pascal.oberson.1?fref=ts","https:\/\/fr.linkedin.com\/in\/pascal-oberson-b17045113"],"url":"https:\/\/newsestlyonnais.fr\/site\/author\/nel\/"}]}},"_links":{"self":[{"href":"https:\/\/newsestlyonnais.fr\/site\/wp-json\/wp\/v2\/posts\/34483","targetHints":{"allow":["GET"]}}],"collection":[{"href":"https:\/\/newsestlyonnais.fr\/site\/wp-json\/wp\/v2\/posts"}],"about":[{"href":"https:\/\/newsestlyonnais.fr\/site\/wp-json\/wp\/v2\/types\/post"}],"author":[{"embeddable":true,"href":"https:\/\/newsestlyonnais.fr\/site\/wp-json\/wp\/v2\/users\/4"}],"replies":[{"embeddable":true,"href":"https:\/\/newsestlyonnais.fr\/site\/wp-json\/wp\/v2\/comments?post=34483"}],"version-history":[{"count":0,"href":"https:\/\/newsestlyonnais.fr\/site\/wp-json\/wp\/v2\/posts\/34483\/revisions"}],"wp:featuredmedia":[{"embeddable":true,"href":"https:\/\/newsestlyonnais.fr\/site\/wp-json\/wp\/v2\/media\/34529"}],"wp:attachment":[{"href":"https:\/\/newsestlyonnais.fr\/site\/wp-json\/wp\/v2\/media?parent=34483"}],"wp:term":[{"taxonomy":"category","embeddable":true,"href":"https:\/\/newsestlyonnais.fr\/site\/wp-json\/wp\/v2\/categories?post=34483"},{"taxonomy":"post_tag","embeddable":true,"href":"https:\/\/newsestlyonnais.fr\/site\/wp-json\/wp\/v2\/tags?post=34483"}],"curies":[{"name":"wp","href":"https:\/\/api.w.org\/{rel}","templated":true}]}}