{"id":34507,"date":"2017-09-01T12:46:57","date_gmt":"2017-09-01T11:46:57","guid":{"rendered":"http:\/\/newsestlyonnais.fr\/site\/?p=34507"},"modified":"2020-11-19T09:19:36","modified_gmt":"2020-11-19T08:19:36","slug":"mouvement-national-de-greve-du-12-septembre-taux-de-participation-par-academies","status":"publish","type":"post","link":"https:\/\/newsestlyonnais.fr\/site\/2017\/09\/01\/mouvement-national-de-greve-du-12-septembre-taux-de-participation-par-academies\/","title":{"rendered":"Mouvement national de gr\u00e8ve du 12 septembre > taux de participation par acad\u00e9mies !"},"content":{"rendered":"<h4>L&rsquo;\u00e9ducation nationale vient de communiquer l&rsquo;estimation du taux de participation des enseignants \u00e0 la gr\u00e8ve dans l&rsquo;acad\u00e9mie de Lyon ce mardi 12 septembre.<\/h4>\n<p><span style=\"text-decoration: underline\">A d\u00e9couvrir par d\u00e9partement<\/span> :<\/p>\n<ul>\n<li><b>Ain :&nbsp; <\/b><span style=\"font-family: Arial;font-size: medium\">Enseignants 1\u00b0 degr\u00e9 : 1,01 % &amp; <\/span><span style=\"font-family: Arial;font-size: medium\">2\u00b0 degr\u00e9 : 2,32 %<\/span><\/li>\n<li><b>Loire : <\/b><span style=\"font-family: Arial;font-size: medium\">Enseignants 1\u00b0 degr\u00e9 : 1,32 % &amp; <\/span><span style=\"font-family: Arial;font-size: medium\">2\u00b0 degr\u00e9 : 2,98 %<\/span><span style=\"font-family: Arial;font-size: medium\"><br \/>\n<\/span><\/li>\n<li><b>Rh\u00f4ne : <\/b><span style=\"font-family: Arial;font-size: medium\">Enseignants 1\u00b0 degr\u00e9 : 2,31 % <\/span><span style=\"font-family: Arial;font-size: medium\">&amp; 2\u00b0 degr\u00e9 : 5,46 %<\/span><span style=\"font-family: Arial;font-size: medium\"><br \/>\n<\/span><\/li>\n<\/ul>\n<p><span style=\"text-decoration: underline\">Pour la totalit\u00e9 des acad\u00e9mies <\/span>(en France m\u00e9tropolitaine) :<\/p>\n<p>Moyenne g\u00e9n\u00e9rale pond\u00e9r\u00e9e : 3,02%<\/p>\n<p>Moyenne enseignants pond\u00e9r\u00e9e : 3,29%<\/p>\n<p>Moyenne pond\u00e9r\u00e9e enseignants 1\u00b0 degr\u00e9 : 2,16%<\/p>\n<p>Moyenne pond\u00e9r\u00e9e enseignants 2\u00b0 degr\u00e9 : 4,27%<\/p>\n<ul>\n<li>\n<h4>Plus d&rsquo;infos sur : <a href=\"http:\/\/www.education.gouv.fr\/pid20226\/espace-presse.html\" target=\"_blank\" rel=\"noopener noreferrer\">http:\/\/www.education.gouv.fr\/pid20226\/espace-presse.html<\/a><\/h4>\n<\/li>\n<\/ul>\n","protected":false},"excerpt":{"rendered":"<p>L&rsquo;\u00e9ducation nationale vient de communiquer l&rsquo;estimation du taux de participation des enseignants \u00e0 la gr\u00e8ve dans l&rsquo;acad\u00e9mie de Lyon ce mardi 12 septembre. A d\u00e9couvrir par d\u00e9partement : Ain :&nbsp; Enseignants 1\u00b0 degr\u00e9 : 1,01 % &amp; 2\u00b0 degr\u00e9 : 2,32 % Loire : Enseignants 1\u00b0 degr\u00e9 : 1,32 % &amp; 2\u00b0 degr\u00e9 : 2,98 [&hellip;]<\/p>\n","protected":false},"author":4,"featured_media":25760,"comment_status":"open","ping_status":"open","sticky":false,"template":"","format":"standard","meta":{"footnotes":""},"categories":[173],"tags":[],"class_list":["post-34507","post","type-post","status-publish","format-standard","has-post-thumbnail","hentry","category-scolaire"],"yoast_head":"<!-- This site is optimized with the Yoast SEO plugin v27.2 - https:\/\/yoast.com\/product\/yoast-seo-wordpress\/ -->\n<title>Mouvement national de gr\u00e8ve du 12 septembre &gt; taux de participation par acad\u00e9mies ! - News Est Lyonnais<\/title>\n<meta name=\"description\" content=\"Mouvement national du 12 septembre : L&#039;\u00e9ducation nationale communique l&#039;estimation du taux de participation des enseignants \u00e0 la gr\u00e8ve, acad\u00e9mie de Lyon.\" \/>\n<meta name=\"robots\" content=\"index, follow, max-snippet:-1, max-image-preview:large, max-video-preview:-1\" \/>\n<link rel=\"canonical\" href=\"https:\/\/newsestlyonnais.fr\/site\/2017\/09\/01\/mouvement-national-de-greve-du-12-septembre-taux-de-participation-par-academies\/\" \/>\n<meta property=\"og:locale\" content=\"fr_FR\" \/>\n<meta property=\"og:type\" content=\"article\" \/>\n<meta property=\"og:title\" content=\"Mouvement national de gr\u00e8ve du 12 septembre &gt; taux de participation par acad\u00e9mies ! - News Est Lyonnais\" \/>\n<meta property=\"og:description\" content=\"Mouvement national du 12 septembre : L&#039;\u00e9ducation nationale communique l&#039;estimation du taux de participation des enseignants \u00e0 la gr\u00e8ve, acad\u00e9mie de Lyon.\" \/>\n<meta property=\"og:url\" content=\"https:\/\/newsestlyonnais.fr\/site\/2017\/09\/01\/mouvement-national-de-greve-du-12-septembre-taux-de-participation-par-academies\/\" \/>\n<meta property=\"og:site_name\" content=\"News Est Lyonnais\" \/>\n<meta property=\"article:author\" content=\"https:\/\/www.facebook.com\/pascal.oberson.1?fref=ts\" \/>\n<meta property=\"article:published_time\" content=\"2017-09-01T11:46:57+00:00\" \/>\n<meta property=\"article:modified_time\" content=\"2020-11-19T08:19:36+00:00\" \/>\n<meta property=\"og:image\" content=\"https:\/\/i2.wp.com\/newsestlyonnais.fr\/site\/wp-content\/uploads\/2017\/04\/NewsEstLyonnais-Flash-Info.png?fit=1000%2C750&ssl=1\" \/>\n\t<meta property=\"og:image:width\" content=\"1000\" \/>\n\t<meta property=\"og:image:height\" content=\"750\" \/>\n\t<meta property=\"og:image:type\" content=\"image\/png\" \/>\n<meta name=\"author\" content=\"R\u00e9dac. NEWS\" \/>\n<meta name=\"twitter:card\" content=\"summary_large_image\" \/>\n<meta name=\"twitter:label1\" content=\"\u00c9crit par\" \/>\n\t<meta name=\"twitter:data1\" content=\"R\u00e9dac. NEWS\" \/>\n<script type=\"application\/ld+json\" class=\"yoast-schema-graph\">{\"@context\":\"https:\/\/schema.org\",\"@graph\":[{\"@type\":\"Article\",\"@id\":\"https:\/\/newsestlyonnais.fr\/site\/2017\/09\/01\/mouvement-national-de-greve-du-12-septembre-taux-de-participation-par-academies\/#article\",\"isPartOf\":{\"@id\":\"https:\/\/newsestlyonnais.fr\/site\/2017\/09\/01\/mouvement-national-de-greve-du-12-septembre-taux-de-participation-par-academies\/\"},\"author\":{\"name\":\"R\u00e9dac. NEWS\",\"@id\":\"https:\/\/newsestlyonnais.fr\/site\/#\/schema\/person\/3230d5615f390bb808365d673001e887\"},\"headline\":\"Mouvement national de gr\u00e8ve du 12 septembre > taux de participation par acad\u00e9mies !\",\"datePublished\":\"2017-09-01T11:46:57+00:00\",\"dateModified\":\"2020-11-19T08:19:36+00:00\",\"mainEntityOfPage\":{\"@id\":\"https:\/\/newsestlyonnais.fr\/site\/2017\/09\/01\/mouvement-national-de-greve-du-12-septembre-taux-de-participation-par-academies\/\"},\"wordCount\":108,\"commentCount\":0,\"publisher\":{\"@id\":\"https:\/\/newsestlyonnais.fr\/site\/#organization\"},\"image\":{\"@id\":\"https:\/\/newsestlyonnais.fr\/site\/2017\/09\/01\/mouvement-national-de-greve-du-12-septembre-taux-de-participation-par-academies\/#primaryimage\"},\"thumbnailUrl\":\"https:\/\/newsestlyonnais.fr\/site\/wp-content\/uploads\/2017\/04\/NewsEstLyonnais-Flash-Info.png\",\"articleSection\":[\"Scolaire\"],\"inLanguage\":\"fr-FR\",\"potentialAction\":[{\"@type\":\"CommentAction\",\"name\":\"Comment\",\"target\":[\"https:\/\/newsestlyonnais.fr\/site\/2017\/09\/01\/mouvement-national-de-greve-du-12-septembre-taux-de-participation-par-academies\/#respond\"]}]},{\"@type\":\"WebPage\",\"@id\":\"https:\/\/newsestlyonnais.fr\/site\/2017\/09\/01\/mouvement-national-de-greve-du-12-septembre-taux-de-participation-par-academies\/\",\"url\":\"https:\/\/newsestlyonnais.fr\/site\/2017\/09\/01\/mouvement-national-de-greve-du-12-septembre-taux-de-participation-par-academies\/\",\"name\":\"Mouvement national de gr\u00e8ve du 12 septembre > taux de participation par acad\u00e9mies ! - News Est Lyonnais\",\"isPartOf\":{\"@id\":\"https:\/\/newsestlyonnais.fr\/site\/#website\"},\"primaryImageOfPage\":{\"@id\":\"https:\/\/newsestlyonnais.fr\/site\/2017\/09\/01\/mouvement-national-de-greve-du-12-septembre-taux-de-participation-par-academies\/#primaryimage\"},\"image\":{\"@id\":\"https:\/\/newsestlyonnais.fr\/site\/2017\/09\/01\/mouvement-national-de-greve-du-12-septembre-taux-de-participation-par-academies\/#primaryimage\"},\"thumbnailUrl\":\"https:\/\/newsestlyonnais.fr\/site\/wp-content\/uploads\/2017\/04\/NewsEstLyonnais-Flash-Info.png\",\"datePublished\":\"2017-09-01T11:46:57+00:00\",\"dateModified\":\"2020-11-19T08:19:36+00:00\",\"description\":\"Mouvement national du 12 septembre : L'\u00e9ducation nationale communique l'estimation du taux de participation des enseignants \u00e0 la gr\u00e8ve, acad\u00e9mie de Lyon.\",\"breadcrumb\":{\"@id\":\"https:\/\/newsestlyonnais.fr\/site\/2017\/09\/01\/mouvement-national-de-greve-du-12-septembre-taux-de-participation-par-academies\/#breadcrumb\"},\"inLanguage\":\"fr-FR\",\"potentialAction\":[{\"@type\":\"ReadAction\",\"target\":[\"https:\/\/newsestlyonnais.fr\/site\/2017\/09\/01\/mouvement-national-de-greve-du-12-septembre-taux-de-participation-par-academies\/\"]}]},{\"@type\":\"ImageObject\",\"inLanguage\":\"fr-FR\",\"@id\":\"https:\/\/newsestlyonnais.fr\/site\/2017\/09\/01\/mouvement-national-de-greve-du-12-septembre-taux-de-participation-par-academies\/#primaryimage\",\"url\":\"https:\/\/newsestlyonnais.fr\/site\/wp-content\/uploads\/2017\/04\/NewsEstLyonnais-Flash-Info.png\",\"contentUrl\":\"https:\/\/newsestlyonnais.fr\/site\/wp-content\/uploads\/2017\/04\/NewsEstLyonnais-Flash-Info.png\",\"width\":1000,\"height\":750,\"caption\":\"NewsEstLyonnais-Flash-Info\"},{\"@type\":\"BreadcrumbList\",\"@id\":\"https:\/\/newsestlyonnais.fr\/site\/2017\/09\/01\/mouvement-national-de-greve-du-12-septembre-taux-de-participation-par-academies\/#breadcrumb\",\"itemListElement\":[{\"@type\":\"ListItem\",\"position\":1,\"name\":\"Accueil\",\"item\":\"https:\/\/newsestlyonnais.fr\/site\/\"},{\"@type\":\"ListItem\",\"position\":2,\"name\":\"Mouvement national de gr\u00e8ve du 12 septembre > taux de participation par acad\u00e9mies !\"}]},{\"@type\":\"WebSite\",\"@id\":\"https:\/\/newsestlyonnais.fr\/site\/#website\",\"url\":\"https:\/\/newsestlyonnais.fr\/site\/\",\"name\":\"News Est Lyonnais\",\"description\":\"L&#039;actualit\u00e9 au plus pr\u00e8s\",\"publisher\":{\"@id\":\"https:\/\/newsestlyonnais.fr\/site\/#organization\"},\"potentialAction\":[{\"@type\":\"SearchAction\",\"target\":{\"@type\":\"EntryPoint\",\"urlTemplate\":\"https:\/\/newsestlyonnais.fr\/site\/?s={search_term_string}\"},\"query-input\":{\"@type\":\"PropertyValueSpecification\",\"valueRequired\":true,\"valueName\":\"search_term_string\"}}],\"inLanguage\":\"fr-FR\"},{\"@type\":\"Organization\",\"@id\":\"https:\/\/newsestlyonnais.fr\/site\/#organization\",\"name\":\"News EST LYONNAIS\",\"url\":\"https:\/\/newsestlyonnais.fr\/site\/\",\"logo\":{\"@type\":\"ImageObject\",\"inLanguage\":\"fr-FR\",\"@id\":\"https:\/\/newsestlyonnais.fr\/site\/#\/schema\/logo\/image\/\",\"url\":\"\",\"contentUrl\":\"\",\"caption\":\"News EST LYONNAIS\"},\"image\":{\"@id\":\"https:\/\/newsestlyonnais.fr\/site\/#\/schema\/logo\/image\/\"}},{\"@type\":\"Person\",\"@id\":\"https:\/\/newsestlyonnais.fr\/site\/#\/schema\/person\/3230d5615f390bb808365d673001e887\",\"name\":\"R\u00e9dac. NEWS\",\"sameAs\":[\"http:\/\/www.newsestlyonnais.fr\",\"https:\/\/www.facebook.com\/pascal.oberson.1?fref=ts\",\"https:\/\/fr.linkedin.com\/in\/pascal-oberson-b17045113\"],\"url\":\"https:\/\/newsestlyonnais.fr\/site\/author\/nel\/\"}]}<\/script>\n<!-- \/ Yoast SEO plugin. -->","yoast_head_json":{"title":"Mouvement national de gr\u00e8ve du 12 septembre > taux de participation par acad\u00e9mies ! - News Est Lyonnais","description":"Mouvement national du 12 septembre : L'\u00e9ducation nationale communique l'estimation du taux de participation des enseignants \u00e0 la gr\u00e8ve, acad\u00e9mie de Lyon.","robots":{"index":"index","follow":"follow","max-snippet":"max-snippet:-1","max-image-preview":"max-image-preview:large","max-video-preview":"max-video-preview:-1"},"canonical":"https:\/\/newsestlyonnais.fr\/site\/2017\/09\/01\/mouvement-national-de-greve-du-12-septembre-taux-de-participation-par-academies\/","og_locale":"fr_FR","og_type":"article","og_title":"Mouvement national de gr\u00e8ve du 12 septembre > taux de participation par acad\u00e9mies ! - News Est Lyonnais","og_description":"Mouvement national du 12 septembre : L'\u00e9ducation nationale communique l'estimation du taux de participation des enseignants \u00e0 la gr\u00e8ve, acad\u00e9mie de Lyon.","og_url":"https:\/\/newsestlyonnais.fr\/site\/2017\/09\/01\/mouvement-national-de-greve-du-12-septembre-taux-de-participation-par-academies\/","og_site_name":"News Est Lyonnais","article_author":"https:\/\/www.facebook.com\/pascal.oberson.1?fref=ts","article_published_time":"2017-09-01T11:46:57+00:00","article_modified_time":"2020-11-19T08:19:36+00:00","og_image":[{"width":1000,"height":750,"url":"https:\/\/i2.wp.com\/newsestlyonnais.fr\/site\/wp-content\/uploads\/2017\/04\/NewsEstLyonnais-Flash-Info.png?fit=1000%2C750&ssl=1","type":"image\/png"}],"author":"R\u00e9dac. NEWS","twitter_card":"summary_large_image","twitter_misc":{"\u00c9crit par":"R\u00e9dac. NEWS"},"schema":{"@context":"https:\/\/schema.org","@graph":[{"@type":"Article","@id":"https:\/\/newsestlyonnais.fr\/site\/2017\/09\/01\/mouvement-national-de-greve-du-12-septembre-taux-de-participation-par-academies\/#article","isPartOf":{"@id":"https:\/\/newsestlyonnais.fr\/site\/2017\/09\/01\/mouvement-national-de-greve-du-12-septembre-taux-de-participation-par-academies\/"},"author":{"name":"R\u00e9dac. NEWS","@id":"https:\/\/newsestlyonnais.fr\/site\/#\/schema\/person\/3230d5615f390bb808365d673001e887"},"headline":"Mouvement national de gr\u00e8ve du 12 septembre > taux de participation par acad\u00e9mies !","datePublished":"2017-09-01T11:46:57+00:00","dateModified":"2020-11-19T08:19:36+00:00","mainEntityOfPage":{"@id":"https:\/\/newsestlyonnais.fr\/site\/2017\/09\/01\/mouvement-national-de-greve-du-12-septembre-taux-de-participation-par-academies\/"},"wordCount":108,"commentCount":0,"publisher":{"@id":"https:\/\/newsestlyonnais.fr\/site\/#organization"},"image":{"@id":"https:\/\/newsestlyonnais.fr\/site\/2017\/09\/01\/mouvement-national-de-greve-du-12-septembre-taux-de-participation-par-academies\/#primaryimage"},"thumbnailUrl":"https:\/\/newsestlyonnais.fr\/site\/wp-content\/uploads\/2017\/04\/NewsEstLyonnais-Flash-Info.png","articleSection":["Scolaire"],"inLanguage":"fr-FR","potentialAction":[{"@type":"CommentAction","name":"Comment","target":["https:\/\/newsestlyonnais.fr\/site\/2017\/09\/01\/mouvement-national-de-greve-du-12-septembre-taux-de-participation-par-academies\/#respond"]}]},{"@type":"WebPage","@id":"https:\/\/newsestlyonnais.fr\/site\/2017\/09\/01\/mouvement-national-de-greve-du-12-septembre-taux-de-participation-par-academies\/","url":"https:\/\/newsestlyonnais.fr\/site\/2017\/09\/01\/mouvement-national-de-greve-du-12-septembre-taux-de-participation-par-academies\/","name":"Mouvement national de gr\u00e8ve du 12 septembre > taux de participation par acad\u00e9mies ! - News Est Lyonnais","isPartOf":{"@id":"https:\/\/newsestlyonnais.fr\/site\/#website"},"primaryImageOfPage":{"@id":"https:\/\/newsestlyonnais.fr\/site\/2017\/09\/01\/mouvement-national-de-greve-du-12-septembre-taux-de-participation-par-academies\/#primaryimage"},"image":{"@id":"https:\/\/newsestlyonnais.fr\/site\/2017\/09\/01\/mouvement-national-de-greve-du-12-septembre-taux-de-participation-par-academies\/#primaryimage"},"thumbnailUrl":"https:\/\/newsestlyonnais.fr\/site\/wp-content\/uploads\/2017\/04\/NewsEstLyonnais-Flash-Info.png","datePublished":"2017-09-01T11:46:57+00:00","dateModified":"2020-11-19T08:19:36+00:00","description":"Mouvement national du 12 septembre : L'\u00e9ducation nationale communique l'estimation du taux de participation des enseignants \u00e0 la gr\u00e8ve, acad\u00e9mie de Lyon.","breadcrumb":{"@id":"https:\/\/newsestlyonnais.fr\/site\/2017\/09\/01\/mouvement-national-de-greve-du-12-septembre-taux-de-participation-par-academies\/#breadcrumb"},"inLanguage":"fr-FR","potentialAction":[{"@type":"ReadAction","target":["https:\/\/newsestlyonnais.fr\/site\/2017\/09\/01\/mouvement-national-de-greve-du-12-septembre-taux-de-participation-par-academies\/"]}]},{"@type":"ImageObject","inLanguage":"fr-FR","@id":"https:\/\/newsestlyonnais.fr\/site\/2017\/09\/01\/mouvement-national-de-greve-du-12-septembre-taux-de-participation-par-academies\/#primaryimage","url":"https:\/\/newsestlyonnais.fr\/site\/wp-content\/uploads\/2017\/04\/NewsEstLyonnais-Flash-Info.png","contentUrl":"https:\/\/newsestlyonnais.fr\/site\/wp-content\/uploads\/2017\/04\/NewsEstLyonnais-Flash-Info.png","width":1000,"height":750,"caption":"NewsEstLyonnais-Flash-Info"},{"@type":"BreadcrumbList","@id":"https:\/\/newsestlyonnais.fr\/site\/2017\/09\/01\/mouvement-national-de-greve-du-12-septembre-taux-de-participation-par-academies\/#breadcrumb","itemListElement":[{"@type":"ListItem","position":1,"name":"Accueil","item":"https:\/\/newsestlyonnais.fr\/site\/"},{"@type":"ListItem","position":2,"name":"Mouvement national de gr\u00e8ve du 12 septembre > taux de participation par acad\u00e9mies !"}]},{"@type":"WebSite","@id":"https:\/\/newsestlyonnais.fr\/site\/#website","url":"https:\/\/newsestlyonnais.fr\/site\/","name":"News Est Lyonnais","description":"L&#039;actualit\u00e9 au plus pr\u00e8s","publisher":{"@id":"https:\/\/newsestlyonnais.fr\/site\/#organization"},"potentialAction":[{"@type":"SearchAction","target":{"@type":"EntryPoint","urlTemplate":"https:\/\/newsestlyonnais.fr\/site\/?s={search_term_string}"},"query-input":{"@type":"PropertyValueSpecification","valueRequired":true,"valueName":"search_term_string"}}],"inLanguage":"fr-FR"},{"@type":"Organization","@id":"https:\/\/newsestlyonnais.fr\/site\/#organization","name":"News EST LYONNAIS","url":"https:\/\/newsestlyonnais.fr\/site\/","logo":{"@type":"ImageObject","inLanguage":"fr-FR","@id":"https:\/\/newsestlyonnais.fr\/site\/#\/schema\/logo\/image\/","url":"","contentUrl":"","caption":"News EST LYONNAIS"},"image":{"@id":"https:\/\/newsestlyonnais.fr\/site\/#\/schema\/logo\/image\/"}},{"@type":"Person","@id":"https:\/\/newsestlyonnais.fr\/site\/#\/schema\/person\/3230d5615f390bb808365d673001e887","name":"R\u00e9dac. NEWS","sameAs":["http:\/\/www.newsestlyonnais.fr","https:\/\/www.facebook.com\/pascal.oberson.1?fref=ts","https:\/\/fr.linkedin.com\/in\/pascal-oberson-b17045113"],"url":"https:\/\/newsestlyonnais.fr\/site\/author\/nel\/"}]}},"_links":{"self":[{"href":"https:\/\/newsestlyonnais.fr\/site\/wp-json\/wp\/v2\/posts\/34507","targetHints":{"allow":["GET"]}}],"collection":[{"href":"https:\/\/newsestlyonnais.fr\/site\/wp-json\/wp\/v2\/posts"}],"about":[{"href":"https:\/\/newsestlyonnais.fr\/site\/wp-json\/wp\/v2\/types\/post"}],"author":[{"embeddable":true,"href":"https:\/\/newsestlyonnais.fr\/site\/wp-json\/wp\/v2\/users\/4"}],"replies":[{"embeddable":true,"href":"https:\/\/newsestlyonnais.fr\/site\/wp-json\/wp\/v2\/comments?post=34507"}],"version-history":[{"count":0,"href":"https:\/\/newsestlyonnais.fr\/site\/wp-json\/wp\/v2\/posts\/34507\/revisions"}],"wp:featuredmedia":[{"embeddable":true,"href":"https:\/\/newsestlyonnais.fr\/site\/wp-json\/wp\/v2\/media\/25760"}],"wp:attachment":[{"href":"https:\/\/newsestlyonnais.fr\/site\/wp-json\/wp\/v2\/media?parent=34507"}],"wp:term":[{"taxonomy":"category","embeddable":true,"href":"https:\/\/newsestlyonnais.fr\/site\/wp-json\/wp\/v2\/categories?post=34507"},{"taxonomy":"post_tag","embeddable":true,"href":"https:\/\/newsestlyonnais.fr\/site\/wp-json\/wp\/v2\/tags?post=34507"}],"curies":[{"name":"wp","href":"https:\/\/api.w.org\/{rel}","templated":true}]}}