{"id":34562,"date":"2017-09-13T06:13:22","date_gmt":"2017-09-13T05:13:22","guid":{"rendered":"http:\/\/newsestlyonnais.fr\/site\/?p=34562"},"modified":"2020-11-06T15:20:38","modified_gmt":"2020-11-06T14:20:38","slug":"venissieux-les-travaux-du-secteur-du-puisoz-finalement-reportes","status":"publish","type":"post","link":"https:\/\/newsestlyonnais.fr\/site\/2017\/09\/13\/venissieux-les-travaux-du-secteur-du-puisoz-finalement-reportes\/","title":{"rendered":"VENISSIEUX | Les travaux du secteur du Puisoz finalement report\u00e9s"},"content":{"rendered":"<p><strong>Les travaux de chauffage urbain sur le secteur du Puisoz, initialement pr\u00e9vus du 13 septembre au 10 octobre prochains, impactant les lignes C25, 26 et 79 sont report\u00e9s \u00e0 une date ult\u00e9rieure.<\/strong><\/p>\n<p>De ce fait, les lignes 26 et 79 circuleront normalement.<\/p>\n<ul>\n<li>\n<h4>Plus d&rsquo;infos sur : <a href=\"http:\/\/Plus d\u2019informations sur: http:\/\/tcl.fr\" target=\"_blank\" rel=\"noopener noreferrer\">http:\/\/Plus d\u2019informations sur: http:\/\/tcl.fr<\/a><\/h4>\n<\/li>\n<\/ul>\n","protected":false},"excerpt":{"rendered":"<p>Les travaux de chauffage urbain sur le secteur du Puisoz, initialement pr\u00e9vus du 13 septembre au 10 octobre prochains, impactant les lignes C25, 26 et 79 sont report\u00e9s \u00e0 une date ult\u00e9rieure. De ce fait, les lignes 26 et 79 circuleront normalement. Plus d&rsquo;infos sur : http:\/\/Plus d\u2019informations sur: http:\/\/tcl.fr<\/p>\n","protected":false},"author":4,"featured_media":25760,"comment_status":"open","ping_status":"open","sticky":false,"template":"","format":"standard","meta":{"footnotes":""},"categories":[13,172,1298],"tags":[],"class_list":["post-34562","post","type-post","status-publish","format-standard","has-post-thumbnail","hentry","category-transports-circulation","category-travaux-amenagements","category-venissieux"],"yoast_head":"<!-- This site is optimized with the Yoast SEO plugin v27.2 - https:\/\/yoast.com\/product\/yoast-seo-wordpress\/ -->\n<title>VENISSIEUX : Les travaux du secteur du Puisoz finalement report\u00e9s<\/title>\n<meta name=\"description\" content=\"VENISSIEUX : Les travaux du secteur du Puisoz finalement report\u00e9s\" \/>\n<meta name=\"robots\" content=\"index, follow, max-snippet:-1, max-image-preview:large, max-video-preview:-1\" \/>\n<link rel=\"canonical\" href=\"https:\/\/newsestlyonnais.fr\/site\/2017\/09\/13\/venissieux-les-travaux-du-secteur-du-puisoz-finalement-reportes\/\" \/>\n<meta property=\"og:locale\" content=\"fr_FR\" \/>\n<meta property=\"og:type\" content=\"article\" \/>\n<meta property=\"og:title\" content=\"VENISSIEUX : Les travaux du secteur du Puisoz finalement report\u00e9s\" \/>\n<meta property=\"og:description\" content=\"VENISSIEUX : Les travaux du secteur du Puisoz finalement report\u00e9s\" \/>\n<meta property=\"og:url\" content=\"https:\/\/newsestlyonnais.fr\/site\/2017\/09\/13\/venissieux-les-travaux-du-secteur-du-puisoz-finalement-reportes\/\" \/>\n<meta property=\"og:site_name\" content=\"News Est Lyonnais\" \/>\n<meta property=\"article:author\" content=\"https:\/\/www.facebook.com\/pascal.oberson.1?fref=ts\" \/>\n<meta property=\"article:published_time\" content=\"2017-09-13T05:13:22+00:00\" \/>\n<meta property=\"article:modified_time\" content=\"2020-11-06T14:20:38+00:00\" \/>\n<meta property=\"og:image\" content=\"https:\/\/i2.wp.com\/newsestlyonnais.fr\/site\/wp-content\/uploads\/2017\/04\/NewsEstLyonnais-Flash-Info.png?fit=1000%2C750&ssl=1\" \/>\n\t<meta property=\"og:image:width\" content=\"1000\" \/>\n\t<meta property=\"og:image:height\" content=\"750\" \/>\n\t<meta property=\"og:image:type\" content=\"image\/png\" \/>\n<meta name=\"author\" content=\"R\u00e9dac. NEWS\" \/>\n<meta name=\"twitter:card\" content=\"summary_large_image\" \/>\n<meta name=\"twitter:label1\" content=\"\u00c9crit par\" \/>\n\t<meta name=\"twitter:data1\" content=\"R\u00e9dac. NEWS\" \/>\n<script type=\"application\/ld+json\" class=\"yoast-schema-graph\">{\"@context\":\"https:\/\/schema.org\",\"@graph\":[{\"@type\":\"Article\",\"@id\":\"https:\/\/newsestlyonnais.fr\/site\/2017\/09\/13\/venissieux-les-travaux-du-secteur-du-puisoz-finalement-reportes\/#article\",\"isPartOf\":{\"@id\":\"https:\/\/newsestlyonnais.fr\/site\/2017\/09\/13\/venissieux-les-travaux-du-secteur-du-puisoz-finalement-reportes\/\"},\"author\":{\"name\":\"R\u00e9dac. NEWS\",\"@id\":\"https:\/\/newsestlyonnais.fr\/site\/#\/schema\/person\/3230d5615f390bb808365d673001e887\"},\"headline\":\"VENISSIEUX | Les travaux du secteur du Puisoz finalement report\u00e9s\",\"datePublished\":\"2017-09-13T05:13:22+00:00\",\"dateModified\":\"2020-11-06T14:20:38+00:00\",\"mainEntityOfPage\":{\"@id\":\"https:\/\/newsestlyonnais.fr\/site\/2017\/09\/13\/venissieux-les-travaux-du-secteur-du-puisoz-finalement-reportes\/\"},\"wordCount\":60,\"commentCount\":0,\"publisher\":{\"@id\":\"https:\/\/newsestlyonnais.fr\/site\/#organization\"},\"image\":{\"@id\":\"https:\/\/newsestlyonnais.fr\/site\/2017\/09\/13\/venissieux-les-travaux-du-secteur-du-puisoz-finalement-reportes\/#primaryimage\"},\"thumbnailUrl\":\"https:\/\/newsestlyonnais.fr\/site\/wp-content\/uploads\/2017\/04\/NewsEstLyonnais-Flash-Info.png\",\"articleSection\":[\"Transports | Circulation\",\"Travaux | Am\u00e9nagements\",\"V\u00e9nissieux\"],\"inLanguage\":\"fr-FR\",\"potentialAction\":[{\"@type\":\"CommentAction\",\"name\":\"Comment\",\"target\":[\"https:\/\/newsestlyonnais.fr\/site\/2017\/09\/13\/venissieux-les-travaux-du-secteur-du-puisoz-finalement-reportes\/#respond\"]}]},{\"@type\":\"WebPage\",\"@id\":\"https:\/\/newsestlyonnais.fr\/site\/2017\/09\/13\/venissieux-les-travaux-du-secteur-du-puisoz-finalement-reportes\/\",\"url\":\"https:\/\/newsestlyonnais.fr\/site\/2017\/09\/13\/venissieux-les-travaux-du-secteur-du-puisoz-finalement-reportes\/\",\"name\":\"VENISSIEUX : Les travaux du secteur du Puisoz finalement report\u00e9s\",\"isPartOf\":{\"@id\":\"https:\/\/newsestlyonnais.fr\/site\/#website\"},\"primaryImageOfPage\":{\"@id\":\"https:\/\/newsestlyonnais.fr\/site\/2017\/09\/13\/venissieux-les-travaux-du-secteur-du-puisoz-finalement-reportes\/#primaryimage\"},\"image\":{\"@id\":\"https:\/\/newsestlyonnais.fr\/site\/2017\/09\/13\/venissieux-les-travaux-du-secteur-du-puisoz-finalement-reportes\/#primaryimage\"},\"thumbnailUrl\":\"https:\/\/newsestlyonnais.fr\/site\/wp-content\/uploads\/2017\/04\/NewsEstLyonnais-Flash-Info.png\",\"datePublished\":\"2017-09-13T05:13:22+00:00\",\"dateModified\":\"2020-11-06T14:20:38+00:00\",\"description\":\"VENISSIEUX : Les travaux du secteur du Puisoz finalement report\u00e9s\",\"breadcrumb\":{\"@id\":\"https:\/\/newsestlyonnais.fr\/site\/2017\/09\/13\/venissieux-les-travaux-du-secteur-du-puisoz-finalement-reportes\/#breadcrumb\"},\"inLanguage\":\"fr-FR\",\"potentialAction\":[{\"@type\":\"ReadAction\",\"target\":[\"https:\/\/newsestlyonnais.fr\/site\/2017\/09\/13\/venissieux-les-travaux-du-secteur-du-puisoz-finalement-reportes\/\"]}]},{\"@type\":\"ImageObject\",\"inLanguage\":\"fr-FR\",\"@id\":\"https:\/\/newsestlyonnais.fr\/site\/2017\/09\/13\/venissieux-les-travaux-du-secteur-du-puisoz-finalement-reportes\/#primaryimage\",\"url\":\"https:\/\/newsestlyonnais.fr\/site\/wp-content\/uploads\/2017\/04\/NewsEstLyonnais-Flash-Info.png\",\"contentUrl\":\"https:\/\/newsestlyonnais.fr\/site\/wp-content\/uploads\/2017\/04\/NewsEstLyonnais-Flash-Info.png\",\"width\":1000,\"height\":750,\"caption\":\"NewsEstLyonnais-Flash-Info\"},{\"@type\":\"BreadcrumbList\",\"@id\":\"https:\/\/newsestlyonnais.fr\/site\/2017\/09\/13\/venissieux-les-travaux-du-secteur-du-puisoz-finalement-reportes\/#breadcrumb\",\"itemListElement\":[{\"@type\":\"ListItem\",\"position\":1,\"name\":\"Accueil\",\"item\":\"https:\/\/newsestlyonnais.fr\/site\/\"},{\"@type\":\"ListItem\",\"position\":2,\"name\":\"VENISSIEUX | Les travaux du secteur du Puisoz finalement report\u00e9s\"}]},{\"@type\":\"WebSite\",\"@id\":\"https:\/\/newsestlyonnais.fr\/site\/#website\",\"url\":\"https:\/\/newsestlyonnais.fr\/site\/\",\"name\":\"News Est Lyonnais\",\"description\":\"L&#039;actualit\u00e9 au plus pr\u00e8s\",\"publisher\":{\"@id\":\"https:\/\/newsestlyonnais.fr\/site\/#organization\"},\"potentialAction\":[{\"@type\":\"SearchAction\",\"target\":{\"@type\":\"EntryPoint\",\"urlTemplate\":\"https:\/\/newsestlyonnais.fr\/site\/?s={search_term_string}\"},\"query-input\":{\"@type\":\"PropertyValueSpecification\",\"valueRequired\":true,\"valueName\":\"search_term_string\"}}],\"inLanguage\":\"fr-FR\"},{\"@type\":\"Organization\",\"@id\":\"https:\/\/newsestlyonnais.fr\/site\/#organization\",\"name\":\"News EST LYONNAIS\",\"url\":\"https:\/\/newsestlyonnais.fr\/site\/\",\"logo\":{\"@type\":\"ImageObject\",\"inLanguage\":\"fr-FR\",\"@id\":\"https:\/\/newsestlyonnais.fr\/site\/#\/schema\/logo\/image\/\",\"url\":\"\",\"contentUrl\":\"\",\"caption\":\"News EST LYONNAIS\"},\"image\":{\"@id\":\"https:\/\/newsestlyonnais.fr\/site\/#\/schema\/logo\/image\/\"}},{\"@type\":\"Person\",\"@id\":\"https:\/\/newsestlyonnais.fr\/site\/#\/schema\/person\/3230d5615f390bb808365d673001e887\",\"name\":\"R\u00e9dac. NEWS\",\"sameAs\":[\"http:\/\/www.newsestlyonnais.fr\",\"https:\/\/www.facebook.com\/pascal.oberson.1?fref=ts\",\"https:\/\/fr.linkedin.com\/in\/pascal-oberson-b17045113\"],\"url\":\"https:\/\/newsestlyonnais.fr\/site\/author\/nel\/\"}]}<\/script>\n<!-- \/ Yoast SEO plugin. -->","yoast_head_json":{"title":"VENISSIEUX : Les travaux du secteur du Puisoz finalement report\u00e9s","description":"VENISSIEUX : Les travaux du secteur du Puisoz finalement report\u00e9s","robots":{"index":"index","follow":"follow","max-snippet":"max-snippet:-1","max-image-preview":"max-image-preview:large","max-video-preview":"max-video-preview:-1"},"canonical":"https:\/\/newsestlyonnais.fr\/site\/2017\/09\/13\/venissieux-les-travaux-du-secteur-du-puisoz-finalement-reportes\/","og_locale":"fr_FR","og_type":"article","og_title":"VENISSIEUX : Les travaux du secteur du Puisoz finalement report\u00e9s","og_description":"VENISSIEUX : Les travaux du secteur du Puisoz finalement report\u00e9s","og_url":"https:\/\/newsestlyonnais.fr\/site\/2017\/09\/13\/venissieux-les-travaux-du-secteur-du-puisoz-finalement-reportes\/","og_site_name":"News Est Lyonnais","article_author":"https:\/\/www.facebook.com\/pascal.oberson.1?fref=ts","article_published_time":"2017-09-13T05:13:22+00:00","article_modified_time":"2020-11-06T14:20:38+00:00","og_image":[{"width":1000,"height":750,"url":"https:\/\/i2.wp.com\/newsestlyonnais.fr\/site\/wp-content\/uploads\/2017\/04\/NewsEstLyonnais-Flash-Info.png?fit=1000%2C750&ssl=1","type":"image\/png"}],"author":"R\u00e9dac. NEWS","twitter_card":"summary_large_image","twitter_misc":{"\u00c9crit par":"R\u00e9dac. NEWS"},"schema":{"@context":"https:\/\/schema.org","@graph":[{"@type":"Article","@id":"https:\/\/newsestlyonnais.fr\/site\/2017\/09\/13\/venissieux-les-travaux-du-secteur-du-puisoz-finalement-reportes\/#article","isPartOf":{"@id":"https:\/\/newsestlyonnais.fr\/site\/2017\/09\/13\/venissieux-les-travaux-du-secteur-du-puisoz-finalement-reportes\/"},"author":{"name":"R\u00e9dac. NEWS","@id":"https:\/\/newsestlyonnais.fr\/site\/#\/schema\/person\/3230d5615f390bb808365d673001e887"},"headline":"VENISSIEUX | Les travaux du secteur du Puisoz finalement report\u00e9s","datePublished":"2017-09-13T05:13:22+00:00","dateModified":"2020-11-06T14:20:38+00:00","mainEntityOfPage":{"@id":"https:\/\/newsestlyonnais.fr\/site\/2017\/09\/13\/venissieux-les-travaux-du-secteur-du-puisoz-finalement-reportes\/"},"wordCount":60,"commentCount":0,"publisher":{"@id":"https:\/\/newsestlyonnais.fr\/site\/#organization"},"image":{"@id":"https:\/\/newsestlyonnais.fr\/site\/2017\/09\/13\/venissieux-les-travaux-du-secteur-du-puisoz-finalement-reportes\/#primaryimage"},"thumbnailUrl":"https:\/\/newsestlyonnais.fr\/site\/wp-content\/uploads\/2017\/04\/NewsEstLyonnais-Flash-Info.png","articleSection":["Transports | Circulation","Travaux | Am\u00e9nagements","V\u00e9nissieux"],"inLanguage":"fr-FR","potentialAction":[{"@type":"CommentAction","name":"Comment","target":["https:\/\/newsestlyonnais.fr\/site\/2017\/09\/13\/venissieux-les-travaux-du-secteur-du-puisoz-finalement-reportes\/#respond"]}]},{"@type":"WebPage","@id":"https:\/\/newsestlyonnais.fr\/site\/2017\/09\/13\/venissieux-les-travaux-du-secteur-du-puisoz-finalement-reportes\/","url":"https:\/\/newsestlyonnais.fr\/site\/2017\/09\/13\/venissieux-les-travaux-du-secteur-du-puisoz-finalement-reportes\/","name":"VENISSIEUX : Les travaux du secteur du Puisoz finalement report\u00e9s","isPartOf":{"@id":"https:\/\/newsestlyonnais.fr\/site\/#website"},"primaryImageOfPage":{"@id":"https:\/\/newsestlyonnais.fr\/site\/2017\/09\/13\/venissieux-les-travaux-du-secteur-du-puisoz-finalement-reportes\/#primaryimage"},"image":{"@id":"https:\/\/newsestlyonnais.fr\/site\/2017\/09\/13\/venissieux-les-travaux-du-secteur-du-puisoz-finalement-reportes\/#primaryimage"},"thumbnailUrl":"https:\/\/newsestlyonnais.fr\/site\/wp-content\/uploads\/2017\/04\/NewsEstLyonnais-Flash-Info.png","datePublished":"2017-09-13T05:13:22+00:00","dateModified":"2020-11-06T14:20:38+00:00","description":"VENISSIEUX : Les travaux du secteur du Puisoz finalement report\u00e9s","breadcrumb":{"@id":"https:\/\/newsestlyonnais.fr\/site\/2017\/09\/13\/venissieux-les-travaux-du-secteur-du-puisoz-finalement-reportes\/#breadcrumb"},"inLanguage":"fr-FR","potentialAction":[{"@type":"ReadAction","target":["https:\/\/newsestlyonnais.fr\/site\/2017\/09\/13\/venissieux-les-travaux-du-secteur-du-puisoz-finalement-reportes\/"]}]},{"@type":"ImageObject","inLanguage":"fr-FR","@id":"https:\/\/newsestlyonnais.fr\/site\/2017\/09\/13\/venissieux-les-travaux-du-secteur-du-puisoz-finalement-reportes\/#primaryimage","url":"https:\/\/newsestlyonnais.fr\/site\/wp-content\/uploads\/2017\/04\/NewsEstLyonnais-Flash-Info.png","contentUrl":"https:\/\/newsestlyonnais.fr\/site\/wp-content\/uploads\/2017\/04\/NewsEstLyonnais-Flash-Info.png","width":1000,"height":750,"caption":"NewsEstLyonnais-Flash-Info"},{"@type":"BreadcrumbList","@id":"https:\/\/newsestlyonnais.fr\/site\/2017\/09\/13\/venissieux-les-travaux-du-secteur-du-puisoz-finalement-reportes\/#breadcrumb","itemListElement":[{"@type":"ListItem","position":1,"name":"Accueil","item":"https:\/\/newsestlyonnais.fr\/site\/"},{"@type":"ListItem","position":2,"name":"VENISSIEUX | Les travaux du secteur du Puisoz finalement report\u00e9s"}]},{"@type":"WebSite","@id":"https:\/\/newsestlyonnais.fr\/site\/#website","url":"https:\/\/newsestlyonnais.fr\/site\/","name":"News Est Lyonnais","description":"L&#039;actualit\u00e9 au plus pr\u00e8s","publisher":{"@id":"https:\/\/newsestlyonnais.fr\/site\/#organization"},"potentialAction":[{"@type":"SearchAction","target":{"@type":"EntryPoint","urlTemplate":"https:\/\/newsestlyonnais.fr\/site\/?s={search_term_string}"},"query-input":{"@type":"PropertyValueSpecification","valueRequired":true,"valueName":"search_term_string"}}],"inLanguage":"fr-FR"},{"@type":"Organization","@id":"https:\/\/newsestlyonnais.fr\/site\/#organization","name":"News EST LYONNAIS","url":"https:\/\/newsestlyonnais.fr\/site\/","logo":{"@type":"ImageObject","inLanguage":"fr-FR","@id":"https:\/\/newsestlyonnais.fr\/site\/#\/schema\/logo\/image\/","url":"","contentUrl":"","caption":"News EST LYONNAIS"},"image":{"@id":"https:\/\/newsestlyonnais.fr\/site\/#\/schema\/logo\/image\/"}},{"@type":"Person","@id":"https:\/\/newsestlyonnais.fr\/site\/#\/schema\/person\/3230d5615f390bb808365d673001e887","name":"R\u00e9dac. NEWS","sameAs":["http:\/\/www.newsestlyonnais.fr","https:\/\/www.facebook.com\/pascal.oberson.1?fref=ts","https:\/\/fr.linkedin.com\/in\/pascal-oberson-b17045113"],"url":"https:\/\/newsestlyonnais.fr\/site\/author\/nel\/"}]}},"_links":{"self":[{"href":"https:\/\/newsestlyonnais.fr\/site\/wp-json\/wp\/v2\/posts\/34562","targetHints":{"allow":["GET"]}}],"collection":[{"href":"https:\/\/newsestlyonnais.fr\/site\/wp-json\/wp\/v2\/posts"}],"about":[{"href":"https:\/\/newsestlyonnais.fr\/site\/wp-json\/wp\/v2\/types\/post"}],"author":[{"embeddable":true,"href":"https:\/\/newsestlyonnais.fr\/site\/wp-json\/wp\/v2\/users\/4"}],"replies":[{"embeddable":true,"href":"https:\/\/newsestlyonnais.fr\/site\/wp-json\/wp\/v2\/comments?post=34562"}],"version-history":[{"count":0,"href":"https:\/\/newsestlyonnais.fr\/site\/wp-json\/wp\/v2\/posts\/34562\/revisions"}],"wp:featuredmedia":[{"embeddable":true,"href":"https:\/\/newsestlyonnais.fr\/site\/wp-json\/wp\/v2\/media\/25760"}],"wp:attachment":[{"href":"https:\/\/newsestlyonnais.fr\/site\/wp-json\/wp\/v2\/media?parent=34562"}],"wp:term":[{"taxonomy":"category","embeddable":true,"href":"https:\/\/newsestlyonnais.fr\/site\/wp-json\/wp\/v2\/categories?post=34562"},{"taxonomy":"post_tag","embeddable":true,"href":"https:\/\/newsestlyonnais.fr\/site\/wp-json\/wp\/v2\/tags?post=34562"}],"curies":[{"name":"wp","href":"https:\/\/api.w.org\/{rel}","templated":true}]}}