{"id":34566,"date":"2017-09-13T06:49:35","date_gmt":"2017-09-13T05:49:35","guid":{"rendered":"http:\/\/newsestlyonnais.fr\/site\/?p=34566"},"modified":"2020-11-05T09:50:21","modified_gmt":"2020-11-05T08:50:21","slug":"vaulx-en-velin-deux-titres-pour-las-petanque-de-vaulx-village","status":"publish","type":"post","link":"https:\/\/newsestlyonnais.fr\/site\/2017\/09\/13\/vaulx-en-velin-deux-titres-pour-las-petanque-de-vaulx-village\/","title":{"rendered":"VAULX-EN-VELIN | 2 titres pour l&rsquo;AS P\u00e9tanque de Vaulx Village"},"content":{"rendered":"<h4>Deux nouveaux titres d\u00e9partementaux viennent de compl\u00e9ter la vitrine des troph\u00e9es de l&rsquo;AS P\u00e9tanque de Vaulx Village (ASPVV) en cette premi\u00e8re quinzaine de septembre.<\/h4>\n<ul>\n<li>samedi 9 septembre \u00e0 Genas, une formation <strong>senior<\/strong> du club a remport\u00e9 le championnat d\u00e9partemental des clubs <strong>en 3\u00b0 division<\/strong> (PHOTO A LA UNE).<\/li>\n<li>mardi 12 septembre, au boulodrome des Brosses \u00e0 Villeurbanne, la formation vaudaise a d\u00e9croch\u00e9 le titre dans la cat\u00e9gorie <strong>v\u00e9t\u00e9rans en 2\u00b0 division<\/strong>.<\/li>\n<\/ul>\n<p><span style=\"text-decoration: underline\"><em><strong>NOTA<\/strong><\/em><\/span>: Le club organisera son 2\u00b0 international de P\u00e9tanque du 6 au 8 octobre prochains.<\/p>\n<div id='gallery-1' class='gallery galleryid-34566 gallery-columns-3 gallery-size-thumbnail'><figure class='gallery-item'>\n\t\t\t<div class='gallery-icon landscape'>\n\t\t\t\t<a href='https:\/\/newsestlyonnais.fr\/site\/2017\/09\/08\/vaulx-velin-prochains-evenements-sportifs-associatifs\/newsestlyonnais-intern-petanque-vaulx-2\/'><img loading=\"lazy\" decoding=\"async\" width=\"150\" height=\"150\" src=\"https:\/\/newsestlyonnais.fr\/site\/wp-content\/uploads\/2017\/09\/NEWSESTLYONNAIS-INTERN-PETANQUE-VAULX-150x150.jpg\" class=\"attachment-thumbnail size-thumbnail\" alt=\"NEWSESTLYONNAIS - INTERN PETANQUE VAULX\" aria-describedby=\"gallery-1-34344\" \/><\/a>\n\t\t\t<\/div>\n\t\t\t\t<figcaption class='wp-caption-text gallery-caption' id='gallery-1-34344'>\n\t\t\t\tInternational de P\u00e9tanque \n\t\t\t\t<\/figcaption><\/figure><figure class='gallery-item'>\n\t\t\t<div class='gallery-icon landscape'>\n\t\t\t\t<a href='https:\/\/newsestlyonnais.fr\/site\/2017\/09\/12\/villeurbanne-les-4-clubs-vainqueurs-du-championnat-des-clubs-veterans-de-petanquechampions\/newsestlyonnais-petanque-vaulx\/'><img loading=\"lazy\" decoding=\"async\" width=\"150\" height=\"150\" src=\"https:\/\/newsestlyonnais.fr\/site\/wp-content\/uploads\/2017\/09\/NEWSESTLYONNAIS-PETANQUE-VAULX-150x150.jpg\" class=\"attachment-thumbnail size-thumbnail\" alt=\"\" aria-describedby=\"gallery-1-34553\" \/><\/a>\n\t\t\t<\/div>\n\t\t\t\t<figcaption class='wp-caption-text gallery-caption' id='gallery-1-34553'>\n\t\t\t\tL&rsquo;AS P\u00e9tanque Vaulx Village championne de 2\u00b0 division v\u00e9t\u00e9ran\n\t\t\t\t<\/figcaption><\/figure>\n\t\t<\/div>\n\n","protected":false},"excerpt":{"rendered":"<p>Deux nouveaux titres d\u00e9partementaux viennent de compl\u00e9ter la vitrine des troph\u00e9es de l&rsquo;AS P\u00e9tanque de Vaulx Village (ASPVV) en cette premi\u00e8re quinzaine de septembre. samedi 9 septembre \u00e0 Genas, une formation senior du club a remport\u00e9 le championnat d\u00e9partemental des clubs en 3\u00b0 division (PHOTO A LA UNE). mardi 12 septembre, au boulodrome des Brosses [&hellip;]<\/p>\n","protected":false},"author":4,"featured_media":34569,"comment_status":"open","ping_status":"open","sticky":false,"template":"","format":"standard","meta":{"footnotes":""},"categories":[2977,2978,28],"tags":[],"class_list":["post-34566","post","type-post","status-publish","format-standard","has-post-thumbnail","hentry","category-boules-petanque-sports","category-petanque-sports","category-vaulx-en-velin"],"yoast_head":"<!-- This site is optimized with the Yoast SEO plugin v27.2 - https:\/\/yoast.com\/product\/yoast-seo-wordpress\/ -->\n<title>VAULX EN VELIN : Deux titres pour l&#039;AS P\u00e9tanque de Vaulx Village<\/title>\n<meta name=\"description\" content=\"VAULX EN VELIN : Deux titres pour l&#039;AS P\u00e9tanque de Vaulx Village\" \/>\n<meta name=\"robots\" content=\"index, follow, max-snippet:-1, max-image-preview:large, max-video-preview:-1\" \/>\n<link rel=\"canonical\" href=\"https:\/\/newsestlyonnais.fr\/site\/2017\/09\/13\/vaulx-en-velin-deux-titres-pour-las-petanque-de-vaulx-village\/\" \/>\n<meta property=\"og:locale\" content=\"fr_FR\" \/>\n<meta property=\"og:type\" content=\"article\" \/>\n<meta property=\"og:title\" content=\"VAULX EN VELIN : Deux titres pour l&#039;AS P\u00e9tanque de Vaulx Village\" \/>\n<meta property=\"og:description\" content=\"VAULX EN VELIN : Deux titres pour l&#039;AS P\u00e9tanque de Vaulx Village\" \/>\n<meta property=\"og:url\" content=\"https:\/\/newsestlyonnais.fr\/site\/2017\/09\/13\/vaulx-en-velin-deux-titres-pour-las-petanque-de-vaulx-village\/\" \/>\n<meta property=\"og:site_name\" content=\"News Est Lyonnais\" \/>\n<meta property=\"article:author\" content=\"https:\/\/www.facebook.com\/pascal.oberson.1?fref=ts\" \/>\n<meta property=\"article:published_time\" content=\"2017-09-13T05:49:35+00:00\" \/>\n<meta property=\"article:modified_time\" content=\"2020-11-05T08:50:21+00:00\" \/>\n<meta property=\"og:image\" content=\"https:\/\/i1.wp.com\/newsestlyonnais.fr\/site\/wp-content\/uploads\/2017\/09\/NEWSESTLYONNAIS-PETAQNUE-VAULX-SENIOR-3D.jpg?fit=1000%2C750&ssl=1\" \/>\n\t<meta property=\"og:image:width\" content=\"1000\" \/>\n\t<meta property=\"og:image:height\" content=\"750\" \/>\n\t<meta property=\"og:image:type\" content=\"image\/jpeg\" \/>\n<meta name=\"author\" content=\"R\u00e9dac. NEWS\" \/>\n<meta name=\"twitter:card\" content=\"summary_large_image\" \/>\n<meta name=\"twitter:label1\" content=\"\u00c9crit par\" \/>\n\t<meta name=\"twitter:data1\" content=\"R\u00e9dac. NEWS\" \/>\n<script type=\"application\/ld+json\" class=\"yoast-schema-graph\">{\"@context\":\"https:\/\/schema.org\",\"@graph\":[{\"@type\":\"Article\",\"@id\":\"https:\/\/newsestlyonnais.fr\/site\/2017\/09\/13\/vaulx-en-velin-deux-titres-pour-las-petanque-de-vaulx-village\/#article\",\"isPartOf\":{\"@id\":\"https:\/\/newsestlyonnais.fr\/site\/2017\/09\/13\/vaulx-en-velin-deux-titres-pour-las-petanque-de-vaulx-village\/\"},\"author\":{\"name\":\"R\u00e9dac. NEWS\",\"@id\":\"https:\/\/newsestlyonnais.fr\/site\/#\/schema\/person\/3230d5615f390bb808365d673001e887\"},\"headline\":\"VAULX-EN-VELIN | 2 titres pour l&rsquo;AS P\u00e9tanque de Vaulx Village\",\"datePublished\":\"2017-09-13T05:49:35+00:00\",\"dateModified\":\"2020-11-05T08:50:21+00:00\",\"mainEntityOfPage\":{\"@id\":\"https:\/\/newsestlyonnais.fr\/site\/2017\/09\/13\/vaulx-en-velin-deux-titres-pour-las-petanque-de-vaulx-village\/\"},\"wordCount\":103,\"commentCount\":0,\"publisher\":{\"@id\":\"https:\/\/newsestlyonnais.fr\/site\/#organization\"},\"image\":{\"@id\":\"https:\/\/newsestlyonnais.fr\/site\/2017\/09\/13\/vaulx-en-velin-deux-titres-pour-las-petanque-de-vaulx-village\/#primaryimage\"},\"thumbnailUrl\":\"https:\/\/newsestlyonnais.fr\/site\/wp-content\/uploads\/2017\/09\/NEWSESTLYONNAIS-PETAQNUE-VAULX-SENIOR-3D.jpg\",\"articleSection\":[\"Boules | P\u00e9tanque\",\"P\u00e9tanque\",\"Vaulx-en-Velin\"],\"inLanguage\":\"fr-FR\",\"potentialAction\":[{\"@type\":\"CommentAction\",\"name\":\"Comment\",\"target\":[\"https:\/\/newsestlyonnais.fr\/site\/2017\/09\/13\/vaulx-en-velin-deux-titres-pour-las-petanque-de-vaulx-village\/#respond\"]}]},{\"@type\":\"WebPage\",\"@id\":\"https:\/\/newsestlyonnais.fr\/site\/2017\/09\/13\/vaulx-en-velin-deux-titres-pour-las-petanque-de-vaulx-village\/\",\"url\":\"https:\/\/newsestlyonnais.fr\/site\/2017\/09\/13\/vaulx-en-velin-deux-titres-pour-las-petanque-de-vaulx-village\/\",\"name\":\"VAULX EN VELIN : Deux titres pour l'AS P\u00e9tanque de Vaulx Village\",\"isPartOf\":{\"@id\":\"https:\/\/newsestlyonnais.fr\/site\/#website\"},\"primaryImageOfPage\":{\"@id\":\"https:\/\/newsestlyonnais.fr\/site\/2017\/09\/13\/vaulx-en-velin-deux-titres-pour-las-petanque-de-vaulx-village\/#primaryimage\"},\"image\":{\"@id\":\"https:\/\/newsestlyonnais.fr\/site\/2017\/09\/13\/vaulx-en-velin-deux-titres-pour-las-petanque-de-vaulx-village\/#primaryimage\"},\"thumbnailUrl\":\"https:\/\/newsestlyonnais.fr\/site\/wp-content\/uploads\/2017\/09\/NEWSESTLYONNAIS-PETAQNUE-VAULX-SENIOR-3D.jpg\",\"datePublished\":\"2017-09-13T05:49:35+00:00\",\"dateModified\":\"2020-11-05T08:50:21+00:00\",\"description\":\"VAULX EN VELIN : Deux titres pour l'AS P\u00e9tanque de Vaulx Village\",\"breadcrumb\":{\"@id\":\"https:\/\/newsestlyonnais.fr\/site\/2017\/09\/13\/vaulx-en-velin-deux-titres-pour-las-petanque-de-vaulx-village\/#breadcrumb\"},\"inLanguage\":\"fr-FR\",\"potentialAction\":[{\"@type\":\"ReadAction\",\"target\":[\"https:\/\/newsestlyonnais.fr\/site\/2017\/09\/13\/vaulx-en-velin-deux-titres-pour-las-petanque-de-vaulx-village\/\"]}]},{\"@type\":\"ImageObject\",\"inLanguage\":\"fr-FR\",\"@id\":\"https:\/\/newsestlyonnais.fr\/site\/2017\/09\/13\/vaulx-en-velin-deux-titres-pour-las-petanque-de-vaulx-village\/#primaryimage\",\"url\":\"https:\/\/newsestlyonnais.fr\/site\/wp-content\/uploads\/2017\/09\/NEWSESTLYONNAIS-PETAQNUE-VAULX-SENIOR-3D.jpg\",\"contentUrl\":\"https:\/\/newsestlyonnais.fr\/site\/wp-content\/uploads\/2017\/09\/NEWSESTLYONNAIS-PETAQNUE-VAULX-SENIOR-3D.jpg\",\"width\":1000,\"height\":750,\"caption\":\"L'AS P\u00e9tanque Vaulx Village championne en 3\u00b0 division\"},{\"@type\":\"BreadcrumbList\",\"@id\":\"https:\/\/newsestlyonnais.fr\/site\/2017\/09\/13\/vaulx-en-velin-deux-titres-pour-las-petanque-de-vaulx-village\/#breadcrumb\",\"itemListElement\":[{\"@type\":\"ListItem\",\"position\":1,\"name\":\"Accueil\",\"item\":\"https:\/\/newsestlyonnais.fr\/site\/\"},{\"@type\":\"ListItem\",\"position\":2,\"name\":\"VAULX-EN-VELIN | 2 titres pour l&rsquo;AS P\u00e9tanque de Vaulx Village\"}]},{\"@type\":\"WebSite\",\"@id\":\"https:\/\/newsestlyonnais.fr\/site\/#website\",\"url\":\"https:\/\/newsestlyonnais.fr\/site\/\",\"name\":\"News Est Lyonnais\",\"description\":\"L&#039;actualit\u00e9 au plus pr\u00e8s\",\"publisher\":{\"@id\":\"https:\/\/newsestlyonnais.fr\/site\/#organization\"},\"potentialAction\":[{\"@type\":\"SearchAction\",\"target\":{\"@type\":\"EntryPoint\",\"urlTemplate\":\"https:\/\/newsestlyonnais.fr\/site\/?s={search_term_string}\"},\"query-input\":{\"@type\":\"PropertyValueSpecification\",\"valueRequired\":true,\"valueName\":\"search_term_string\"}}],\"inLanguage\":\"fr-FR\"},{\"@type\":\"Organization\",\"@id\":\"https:\/\/newsestlyonnais.fr\/site\/#organization\",\"name\":\"News EST LYONNAIS\",\"url\":\"https:\/\/newsestlyonnais.fr\/site\/\",\"logo\":{\"@type\":\"ImageObject\",\"inLanguage\":\"fr-FR\",\"@id\":\"https:\/\/newsestlyonnais.fr\/site\/#\/schema\/logo\/image\/\",\"url\":\"\",\"contentUrl\":\"\",\"caption\":\"News EST LYONNAIS\"},\"image\":{\"@id\":\"https:\/\/newsestlyonnais.fr\/site\/#\/schema\/logo\/image\/\"}},{\"@type\":\"Person\",\"@id\":\"https:\/\/newsestlyonnais.fr\/site\/#\/schema\/person\/3230d5615f390bb808365d673001e887\",\"name\":\"R\u00e9dac. NEWS\",\"sameAs\":[\"http:\/\/www.newsestlyonnais.fr\",\"https:\/\/www.facebook.com\/pascal.oberson.1?fref=ts\",\"https:\/\/fr.linkedin.com\/in\/pascal-oberson-b17045113\"],\"url\":\"https:\/\/newsestlyonnais.fr\/site\/author\/nel\/\"}]}<\/script>\n<!-- \/ Yoast SEO plugin. -->","yoast_head_json":{"title":"VAULX EN VELIN : Deux titres pour l'AS P\u00e9tanque de Vaulx Village","description":"VAULX EN VELIN : Deux titres pour l'AS P\u00e9tanque de Vaulx Village","robots":{"index":"index","follow":"follow","max-snippet":"max-snippet:-1","max-image-preview":"max-image-preview:large","max-video-preview":"max-video-preview:-1"},"canonical":"https:\/\/newsestlyonnais.fr\/site\/2017\/09\/13\/vaulx-en-velin-deux-titres-pour-las-petanque-de-vaulx-village\/","og_locale":"fr_FR","og_type":"article","og_title":"VAULX EN VELIN : Deux titres pour l'AS P\u00e9tanque de Vaulx Village","og_description":"VAULX EN VELIN : Deux titres pour l'AS P\u00e9tanque de Vaulx Village","og_url":"https:\/\/newsestlyonnais.fr\/site\/2017\/09\/13\/vaulx-en-velin-deux-titres-pour-las-petanque-de-vaulx-village\/","og_site_name":"News Est Lyonnais","article_author":"https:\/\/www.facebook.com\/pascal.oberson.1?fref=ts","article_published_time":"2017-09-13T05:49:35+00:00","article_modified_time":"2020-11-05T08:50:21+00:00","og_image":[{"width":1000,"height":750,"url":"https:\/\/i1.wp.com\/newsestlyonnais.fr\/site\/wp-content\/uploads\/2017\/09\/NEWSESTLYONNAIS-PETAQNUE-VAULX-SENIOR-3D.jpg?fit=1000%2C750&ssl=1","type":"image\/jpeg"}],"author":"R\u00e9dac. NEWS","twitter_card":"summary_large_image","twitter_misc":{"\u00c9crit par":"R\u00e9dac. NEWS"},"schema":{"@context":"https:\/\/schema.org","@graph":[{"@type":"Article","@id":"https:\/\/newsestlyonnais.fr\/site\/2017\/09\/13\/vaulx-en-velin-deux-titres-pour-las-petanque-de-vaulx-village\/#article","isPartOf":{"@id":"https:\/\/newsestlyonnais.fr\/site\/2017\/09\/13\/vaulx-en-velin-deux-titres-pour-las-petanque-de-vaulx-village\/"},"author":{"name":"R\u00e9dac. NEWS","@id":"https:\/\/newsestlyonnais.fr\/site\/#\/schema\/person\/3230d5615f390bb808365d673001e887"},"headline":"VAULX-EN-VELIN | 2 titres pour l&rsquo;AS P\u00e9tanque de Vaulx Village","datePublished":"2017-09-13T05:49:35+00:00","dateModified":"2020-11-05T08:50:21+00:00","mainEntityOfPage":{"@id":"https:\/\/newsestlyonnais.fr\/site\/2017\/09\/13\/vaulx-en-velin-deux-titres-pour-las-petanque-de-vaulx-village\/"},"wordCount":103,"commentCount":0,"publisher":{"@id":"https:\/\/newsestlyonnais.fr\/site\/#organization"},"image":{"@id":"https:\/\/newsestlyonnais.fr\/site\/2017\/09\/13\/vaulx-en-velin-deux-titres-pour-las-petanque-de-vaulx-village\/#primaryimage"},"thumbnailUrl":"https:\/\/newsestlyonnais.fr\/site\/wp-content\/uploads\/2017\/09\/NEWSESTLYONNAIS-PETAQNUE-VAULX-SENIOR-3D.jpg","articleSection":["Boules | P\u00e9tanque","P\u00e9tanque","Vaulx-en-Velin"],"inLanguage":"fr-FR","potentialAction":[{"@type":"CommentAction","name":"Comment","target":["https:\/\/newsestlyonnais.fr\/site\/2017\/09\/13\/vaulx-en-velin-deux-titres-pour-las-petanque-de-vaulx-village\/#respond"]}]},{"@type":"WebPage","@id":"https:\/\/newsestlyonnais.fr\/site\/2017\/09\/13\/vaulx-en-velin-deux-titres-pour-las-petanque-de-vaulx-village\/","url":"https:\/\/newsestlyonnais.fr\/site\/2017\/09\/13\/vaulx-en-velin-deux-titres-pour-las-petanque-de-vaulx-village\/","name":"VAULX EN VELIN : Deux titres pour l'AS P\u00e9tanque de Vaulx Village","isPartOf":{"@id":"https:\/\/newsestlyonnais.fr\/site\/#website"},"primaryImageOfPage":{"@id":"https:\/\/newsestlyonnais.fr\/site\/2017\/09\/13\/vaulx-en-velin-deux-titres-pour-las-petanque-de-vaulx-village\/#primaryimage"},"image":{"@id":"https:\/\/newsestlyonnais.fr\/site\/2017\/09\/13\/vaulx-en-velin-deux-titres-pour-las-petanque-de-vaulx-village\/#primaryimage"},"thumbnailUrl":"https:\/\/newsestlyonnais.fr\/site\/wp-content\/uploads\/2017\/09\/NEWSESTLYONNAIS-PETAQNUE-VAULX-SENIOR-3D.jpg","datePublished":"2017-09-13T05:49:35+00:00","dateModified":"2020-11-05T08:50:21+00:00","description":"VAULX EN VELIN : Deux titres pour l'AS P\u00e9tanque de Vaulx Village","breadcrumb":{"@id":"https:\/\/newsestlyonnais.fr\/site\/2017\/09\/13\/vaulx-en-velin-deux-titres-pour-las-petanque-de-vaulx-village\/#breadcrumb"},"inLanguage":"fr-FR","potentialAction":[{"@type":"ReadAction","target":["https:\/\/newsestlyonnais.fr\/site\/2017\/09\/13\/vaulx-en-velin-deux-titres-pour-las-petanque-de-vaulx-village\/"]}]},{"@type":"ImageObject","inLanguage":"fr-FR","@id":"https:\/\/newsestlyonnais.fr\/site\/2017\/09\/13\/vaulx-en-velin-deux-titres-pour-las-petanque-de-vaulx-village\/#primaryimage","url":"https:\/\/newsestlyonnais.fr\/site\/wp-content\/uploads\/2017\/09\/NEWSESTLYONNAIS-PETAQNUE-VAULX-SENIOR-3D.jpg","contentUrl":"https:\/\/newsestlyonnais.fr\/site\/wp-content\/uploads\/2017\/09\/NEWSESTLYONNAIS-PETAQNUE-VAULX-SENIOR-3D.jpg","width":1000,"height":750,"caption":"L'AS P\u00e9tanque Vaulx Village championne en 3\u00b0 division"},{"@type":"BreadcrumbList","@id":"https:\/\/newsestlyonnais.fr\/site\/2017\/09\/13\/vaulx-en-velin-deux-titres-pour-las-petanque-de-vaulx-village\/#breadcrumb","itemListElement":[{"@type":"ListItem","position":1,"name":"Accueil","item":"https:\/\/newsestlyonnais.fr\/site\/"},{"@type":"ListItem","position":2,"name":"VAULX-EN-VELIN | 2 titres pour l&rsquo;AS P\u00e9tanque de Vaulx Village"}]},{"@type":"WebSite","@id":"https:\/\/newsestlyonnais.fr\/site\/#website","url":"https:\/\/newsestlyonnais.fr\/site\/","name":"News Est Lyonnais","description":"L&#039;actualit\u00e9 au plus pr\u00e8s","publisher":{"@id":"https:\/\/newsestlyonnais.fr\/site\/#organization"},"potentialAction":[{"@type":"SearchAction","target":{"@type":"EntryPoint","urlTemplate":"https:\/\/newsestlyonnais.fr\/site\/?s={search_term_string}"},"query-input":{"@type":"PropertyValueSpecification","valueRequired":true,"valueName":"search_term_string"}}],"inLanguage":"fr-FR"},{"@type":"Organization","@id":"https:\/\/newsestlyonnais.fr\/site\/#organization","name":"News EST LYONNAIS","url":"https:\/\/newsestlyonnais.fr\/site\/","logo":{"@type":"ImageObject","inLanguage":"fr-FR","@id":"https:\/\/newsestlyonnais.fr\/site\/#\/schema\/logo\/image\/","url":"","contentUrl":"","caption":"News EST LYONNAIS"},"image":{"@id":"https:\/\/newsestlyonnais.fr\/site\/#\/schema\/logo\/image\/"}},{"@type":"Person","@id":"https:\/\/newsestlyonnais.fr\/site\/#\/schema\/person\/3230d5615f390bb808365d673001e887","name":"R\u00e9dac. NEWS","sameAs":["http:\/\/www.newsestlyonnais.fr","https:\/\/www.facebook.com\/pascal.oberson.1?fref=ts","https:\/\/fr.linkedin.com\/in\/pascal-oberson-b17045113"],"url":"https:\/\/newsestlyonnais.fr\/site\/author\/nel\/"}]}},"_links":{"self":[{"href":"https:\/\/newsestlyonnais.fr\/site\/wp-json\/wp\/v2\/posts\/34566","targetHints":{"allow":["GET"]}}],"collection":[{"href":"https:\/\/newsestlyonnais.fr\/site\/wp-json\/wp\/v2\/posts"}],"about":[{"href":"https:\/\/newsestlyonnais.fr\/site\/wp-json\/wp\/v2\/types\/post"}],"author":[{"embeddable":true,"href":"https:\/\/newsestlyonnais.fr\/site\/wp-json\/wp\/v2\/users\/4"}],"replies":[{"embeddable":true,"href":"https:\/\/newsestlyonnais.fr\/site\/wp-json\/wp\/v2\/comments?post=34566"}],"version-history":[{"count":0,"href":"https:\/\/newsestlyonnais.fr\/site\/wp-json\/wp\/v2\/posts\/34566\/revisions"}],"wp:featuredmedia":[{"embeddable":true,"href":"https:\/\/newsestlyonnais.fr\/site\/wp-json\/wp\/v2\/media\/34569"}],"wp:attachment":[{"href":"https:\/\/newsestlyonnais.fr\/site\/wp-json\/wp\/v2\/media?parent=34566"}],"wp:term":[{"taxonomy":"category","embeddable":true,"href":"https:\/\/newsestlyonnais.fr\/site\/wp-json\/wp\/v2\/categories?post=34566"},{"taxonomy":"post_tag","embeddable":true,"href":"https:\/\/newsestlyonnais.fr\/site\/wp-json\/wp\/v2\/tags?post=34566"}],"curies":[{"name":"wp","href":"https:\/\/api.w.org\/{rel}","templated":true}]}}