{"id":34577,"date":"2017-09-13T13:45:48","date_gmt":"2017-09-13T12:45:48","guid":{"rendered":"http:\/\/newsestlyonnais.fr\/site\/?p=34577"},"modified":"2020-10-26T07:45:00","modified_gmt":"2020-10-26T06:45:00","slug":"vaulx-en-velin-lus-vaulx-foot-ouvre-ses-portes-aux-u9-et-u11-feminines","status":"publish","type":"post","link":"https:\/\/newsestlyonnais.fr\/site\/2017\/09\/13\/vaulx-en-velin-lus-vaulx-foot-ouvre-ses-portes-aux-u9-et-u11-feminines\/","title":{"rendered":"VAULX-EN-VELIN | L&rsquo;US VAULX Foot ouvre ses portes aux U9 et U11 f\u00e9minines"},"content":{"rendered":"<h4>Dans le cadre du projet global du club et notamment du d\u00e9veloppement de son secteur f\u00e9minin,\u00a0 l&rsquo;US Vaulx Foot a mis en place une op\u00e9ration \u00ab\u00a0portes ouvertes\u00a0\u00bb pour les U9 &amp; U11 f\u00e9minines.<\/h4>\n<p>Elles auront lieu au stade Aubert :<\/p>\n<ul>\n<li>ce mercredi \u00e0 partir de 15 heures<\/li>\n<li>lundi 18 septembre \u00e0 partir de 18 heures<\/li>\n<li>mercredi 20 septembre \u00e0 partir de 15 heures<\/li>\n<\/ul>\n<h4>Retrouvez l&rsquo;ACTU du club sur : <a href=\"http:\/\/usvaulxfoot.footeo.com\" target=\"_blank\" rel=\"noopener noreferrer\">http:\/\/usvaulxfoot.footeo.com<\/a><\/h4>\n<ul>\n<li><img loading=\"lazy\" decoding=\"async\" class=\"alignleft size-full wp-image-34578\" src=\"https:\/\/newsestlyonnais.fr\/site\/medias\/2017\/09\/NEWSESTLYONNAIS-us-vaulx-po-feminines.png\" alt=\"NEWSESTLYONNAIS - us vaulx po feminines\" width=\"1000\" height=\"750\" srcset=\"https:\/\/newsestlyonnais.fr\/site\/wp-content\/uploads\/2017\/09\/NEWSESTLYONNAIS-us-vaulx-po-feminines.png 1000w, https:\/\/newsestlyonnais.fr\/site\/wp-content\/uploads\/2017\/09\/NEWSESTLYONNAIS-us-vaulx-po-feminines-400x300.png 400w, https:\/\/newsestlyonnais.fr\/site\/wp-content\/uploads\/2017\/09\/NEWSESTLYONNAIS-us-vaulx-po-feminines-768x576.png 768w, https:\/\/newsestlyonnais.fr\/site\/wp-content\/uploads\/2017\/09\/NEWSESTLYONNAIS-us-vaulx-po-feminines-600x450.png 600w, https:\/\/newsestlyonnais.fr\/site\/wp-content\/uploads\/2017\/09\/NEWSESTLYONNAIS-us-vaulx-po-feminines-100x75.png 100w\" sizes=\"auto, (max-width: 1000px) 100vw, 1000px\" \/><\/li>\n<\/ul>\n","protected":false},"excerpt":{"rendered":"<p>Dans le cadre du projet global du club et notamment du d\u00e9veloppement de son secteur f\u00e9minin,\u00a0 l&rsquo;US Vaulx Foot a mis en place une op\u00e9ration \u00ab\u00a0portes ouvertes\u00a0\u00bb pour les U9 &amp; U11 f\u00e9minines. Elles auront lieu au stade Aubert : ce mercredi \u00e0 partir de 15 heures lundi 18 septembre \u00e0 partir de 18 heures [&hellip;]<\/p>\n","protected":false},"author":4,"featured_media":34580,"comment_status":"open","ping_status":"open","sticky":false,"template":"","format":"standard","meta":{"footnotes":""},"categories":[3421,1329,2996,28],"tags":[],"class_list":["post-34577","post","type-post","status-publish","format-standard","has-post-thumbnail","hentry","category-feminin-actu-au","category-foot","category-football-rugby","category-vaulx-en-velin"],"yoast_head":"<!-- This site is optimized with the Yoast SEO plugin v27.2 - https:\/\/yoast.com\/product\/yoast-seo-wordpress\/ -->\n<title>VAULX-EN-VELIN | L&#039;US VAULX Foot ouvre ses portes aux U9 et U11 f\u00e9minines - News Est Lyonnais<\/title>\n<meta name=\"description\" content=\"Dans le cadre du projet de d\u00e9veloppement du secteur f\u00e9minin,\u00a0l&#039;US Vaulx Foot a mis en place une op\u00e9ration &quot;portes ouvertes&quot; pour les U9 &amp; U11 f\u00e9minines.\" \/>\n<meta name=\"robots\" content=\"index, follow, max-snippet:-1, max-image-preview:large, max-video-preview:-1\" \/>\n<link rel=\"canonical\" href=\"https:\/\/newsestlyonnais.fr\/site\/2017\/09\/13\/vaulx-en-velin-lus-vaulx-foot-ouvre-ses-portes-aux-u9-et-u11-feminines\/\" \/>\n<meta property=\"og:locale\" content=\"fr_FR\" \/>\n<meta property=\"og:type\" content=\"article\" \/>\n<meta property=\"og:title\" content=\"VAULX-EN-VELIN | L&#039;US VAULX Foot ouvre ses portes aux U9 et U11 f\u00e9minines - News Est Lyonnais\" \/>\n<meta property=\"og:description\" content=\"Dans le cadre du projet de d\u00e9veloppement du secteur f\u00e9minin,\u00a0l&#039;US Vaulx Foot a mis en place une op\u00e9ration &quot;portes ouvertes&quot; pour les U9 &amp; U11 f\u00e9minines.\" \/>\n<meta property=\"og:url\" content=\"https:\/\/newsestlyonnais.fr\/site\/2017\/09\/13\/vaulx-en-velin-lus-vaulx-foot-ouvre-ses-portes-aux-u9-et-u11-feminines\/\" \/>\n<meta property=\"og:site_name\" content=\"News Est Lyonnais\" \/>\n<meta property=\"article:author\" content=\"https:\/\/www.facebook.com\/pascal.oberson.1?fref=ts\" \/>\n<meta property=\"article:published_time\" content=\"2017-09-13T12:45:48+00:00\" \/>\n<meta property=\"article:modified_time\" content=\"2020-10-26T06:45:00+00:00\" \/>\n<meta property=\"og:image\" content=\"https:\/\/i0.wp.com\/newsestlyonnais.fr\/site\/wp-content\/uploads\/2017\/09\/Logo.png?fit=1000%2C750&ssl=1\" \/>\n\t<meta property=\"og:image:width\" content=\"1000\" \/>\n\t<meta property=\"og:image:height\" content=\"750\" \/>\n\t<meta property=\"og:image:type\" content=\"image\/png\" \/>\n<meta name=\"author\" content=\"R\u00e9dac. NEWS\" \/>\n<meta name=\"twitter:card\" content=\"summary_large_image\" \/>\n<meta name=\"twitter:label1\" content=\"\u00c9crit par\" \/>\n\t<meta name=\"twitter:data1\" content=\"R\u00e9dac. NEWS\" \/>\n<script type=\"application\/ld+json\" class=\"yoast-schema-graph\">{\"@context\":\"https:\/\/schema.org\",\"@graph\":[{\"@type\":\"Article\",\"@id\":\"https:\/\/newsestlyonnais.fr\/site\/2017\/09\/13\/vaulx-en-velin-lus-vaulx-foot-ouvre-ses-portes-aux-u9-et-u11-feminines\/#article\",\"isPartOf\":{\"@id\":\"https:\/\/newsestlyonnais.fr\/site\/2017\/09\/13\/vaulx-en-velin-lus-vaulx-foot-ouvre-ses-portes-aux-u9-et-u11-feminines\/\"},\"author\":{\"name\":\"R\u00e9dac. NEWS\",\"@id\":\"https:\/\/newsestlyonnais.fr\/site\/#\/schema\/person\/3230d5615f390bb808365d673001e887\"},\"headline\":\"VAULX-EN-VELIN | L&rsquo;US VAULX Foot ouvre ses portes aux U9 et U11 f\u00e9minines\",\"datePublished\":\"2017-09-13T12:45:48+00:00\",\"dateModified\":\"2020-10-26T06:45:00+00:00\",\"mainEntityOfPage\":{\"@id\":\"https:\/\/newsestlyonnais.fr\/site\/2017\/09\/13\/vaulx-en-velin-lus-vaulx-foot-ouvre-ses-portes-aux-u9-et-u11-feminines\/\"},\"wordCount\":83,\"commentCount\":0,\"publisher\":{\"@id\":\"https:\/\/newsestlyonnais.fr\/site\/#organization\"},\"image\":{\"@id\":\"https:\/\/newsestlyonnais.fr\/site\/2017\/09\/13\/vaulx-en-velin-lus-vaulx-foot-ouvre-ses-portes-aux-u9-et-u11-feminines\/#primaryimage\"},\"thumbnailUrl\":\"https:\/\/newsestlyonnais.fr\/site\/wp-content\/uploads\/2017\/09\/Logo.png\",\"articleSection\":[\"F\u00e9minin (Actu au)\",\"Foot | Futsal\",\"Foot | Rugby\",\"Vaulx-en-Velin\"],\"inLanguage\":\"fr-FR\",\"potentialAction\":[{\"@type\":\"CommentAction\",\"name\":\"Comment\",\"target\":[\"https:\/\/newsestlyonnais.fr\/site\/2017\/09\/13\/vaulx-en-velin-lus-vaulx-foot-ouvre-ses-portes-aux-u9-et-u11-feminines\/#respond\"]}]},{\"@type\":\"WebPage\",\"@id\":\"https:\/\/newsestlyonnais.fr\/site\/2017\/09\/13\/vaulx-en-velin-lus-vaulx-foot-ouvre-ses-portes-aux-u9-et-u11-feminines\/\",\"url\":\"https:\/\/newsestlyonnais.fr\/site\/2017\/09\/13\/vaulx-en-velin-lus-vaulx-foot-ouvre-ses-portes-aux-u9-et-u11-feminines\/\",\"name\":\"VAULX-EN-VELIN | L'US VAULX Foot ouvre ses portes aux U9 et U11 f\u00e9minines - News Est Lyonnais\",\"isPartOf\":{\"@id\":\"https:\/\/newsestlyonnais.fr\/site\/#website\"},\"primaryImageOfPage\":{\"@id\":\"https:\/\/newsestlyonnais.fr\/site\/2017\/09\/13\/vaulx-en-velin-lus-vaulx-foot-ouvre-ses-portes-aux-u9-et-u11-feminines\/#primaryimage\"},\"image\":{\"@id\":\"https:\/\/newsestlyonnais.fr\/site\/2017\/09\/13\/vaulx-en-velin-lus-vaulx-foot-ouvre-ses-portes-aux-u9-et-u11-feminines\/#primaryimage\"},\"thumbnailUrl\":\"https:\/\/newsestlyonnais.fr\/site\/wp-content\/uploads\/2017\/09\/Logo.png\",\"datePublished\":\"2017-09-13T12:45:48+00:00\",\"dateModified\":\"2020-10-26T06:45:00+00:00\",\"description\":\"Dans le cadre du projet de d\u00e9veloppement du secteur f\u00e9minin,\u00a0l'US Vaulx Foot a mis en place une op\u00e9ration \\\"portes ouvertes\\\" pour les U9 & U11 f\u00e9minines.\",\"breadcrumb\":{\"@id\":\"https:\/\/newsestlyonnais.fr\/site\/2017\/09\/13\/vaulx-en-velin-lus-vaulx-foot-ouvre-ses-portes-aux-u9-et-u11-feminines\/#breadcrumb\"},\"inLanguage\":\"fr-FR\",\"potentialAction\":[{\"@type\":\"ReadAction\",\"target\":[\"https:\/\/newsestlyonnais.fr\/site\/2017\/09\/13\/vaulx-en-velin-lus-vaulx-foot-ouvre-ses-portes-aux-u9-et-u11-feminines\/\"]}]},{\"@type\":\"ImageObject\",\"inLanguage\":\"fr-FR\",\"@id\":\"https:\/\/newsestlyonnais.fr\/site\/2017\/09\/13\/vaulx-en-velin-lus-vaulx-foot-ouvre-ses-portes-aux-u9-et-u11-feminines\/#primaryimage\",\"url\":\"https:\/\/newsestlyonnais.fr\/site\/wp-content\/uploads\/2017\/09\/Logo.png\",\"contentUrl\":\"https:\/\/newsestlyonnais.fr\/site\/wp-content\/uploads\/2017\/09\/Logo.png\",\"width\":1000,\"height\":750,\"caption\":\"Logo US VAULX\"},{\"@type\":\"BreadcrumbList\",\"@id\":\"https:\/\/newsestlyonnais.fr\/site\/2017\/09\/13\/vaulx-en-velin-lus-vaulx-foot-ouvre-ses-portes-aux-u9-et-u11-feminines\/#breadcrumb\",\"itemListElement\":[{\"@type\":\"ListItem\",\"position\":1,\"name\":\"Accueil\",\"item\":\"https:\/\/newsestlyonnais.fr\/site\/\"},{\"@type\":\"ListItem\",\"position\":2,\"name\":\"VAULX-EN-VELIN | L&rsquo;US VAULX Foot ouvre ses portes aux U9 et U11 f\u00e9minines\"}]},{\"@type\":\"WebSite\",\"@id\":\"https:\/\/newsestlyonnais.fr\/site\/#website\",\"url\":\"https:\/\/newsestlyonnais.fr\/site\/\",\"name\":\"News Est Lyonnais\",\"description\":\"L&#039;actualit\u00e9 au plus pr\u00e8s\",\"publisher\":{\"@id\":\"https:\/\/newsestlyonnais.fr\/site\/#organization\"},\"potentialAction\":[{\"@type\":\"SearchAction\",\"target\":{\"@type\":\"EntryPoint\",\"urlTemplate\":\"https:\/\/newsestlyonnais.fr\/site\/?s={search_term_string}\"},\"query-input\":{\"@type\":\"PropertyValueSpecification\",\"valueRequired\":true,\"valueName\":\"search_term_string\"}}],\"inLanguage\":\"fr-FR\"},{\"@type\":\"Organization\",\"@id\":\"https:\/\/newsestlyonnais.fr\/site\/#organization\",\"name\":\"News EST LYONNAIS\",\"url\":\"https:\/\/newsestlyonnais.fr\/site\/\",\"logo\":{\"@type\":\"ImageObject\",\"inLanguage\":\"fr-FR\",\"@id\":\"https:\/\/newsestlyonnais.fr\/site\/#\/schema\/logo\/image\/\",\"url\":\"\",\"contentUrl\":\"\",\"caption\":\"News EST LYONNAIS\"},\"image\":{\"@id\":\"https:\/\/newsestlyonnais.fr\/site\/#\/schema\/logo\/image\/\"}},{\"@type\":\"Person\",\"@id\":\"https:\/\/newsestlyonnais.fr\/site\/#\/schema\/person\/3230d5615f390bb808365d673001e887\",\"name\":\"R\u00e9dac. NEWS\",\"sameAs\":[\"http:\/\/www.newsestlyonnais.fr\",\"https:\/\/www.facebook.com\/pascal.oberson.1?fref=ts\",\"https:\/\/fr.linkedin.com\/in\/pascal-oberson-b17045113\"],\"url\":\"https:\/\/newsestlyonnais.fr\/site\/author\/nel\/\"}]}<\/script>\n<!-- \/ Yoast SEO plugin. -->","yoast_head_json":{"title":"VAULX-EN-VELIN | L'US VAULX Foot ouvre ses portes aux U9 et U11 f\u00e9minines - News Est Lyonnais","description":"Dans le cadre du projet de d\u00e9veloppement du secteur f\u00e9minin,\u00a0l'US Vaulx Foot a mis en place une op\u00e9ration \"portes ouvertes\" pour les U9 & U11 f\u00e9minines.","robots":{"index":"index","follow":"follow","max-snippet":"max-snippet:-1","max-image-preview":"max-image-preview:large","max-video-preview":"max-video-preview:-1"},"canonical":"https:\/\/newsestlyonnais.fr\/site\/2017\/09\/13\/vaulx-en-velin-lus-vaulx-foot-ouvre-ses-portes-aux-u9-et-u11-feminines\/","og_locale":"fr_FR","og_type":"article","og_title":"VAULX-EN-VELIN | L'US VAULX Foot ouvre ses portes aux U9 et U11 f\u00e9minines - News Est Lyonnais","og_description":"Dans le cadre du projet de d\u00e9veloppement du secteur f\u00e9minin,\u00a0l'US Vaulx Foot a mis en place une op\u00e9ration \"portes ouvertes\" pour les U9 & U11 f\u00e9minines.","og_url":"https:\/\/newsestlyonnais.fr\/site\/2017\/09\/13\/vaulx-en-velin-lus-vaulx-foot-ouvre-ses-portes-aux-u9-et-u11-feminines\/","og_site_name":"News Est Lyonnais","article_author":"https:\/\/www.facebook.com\/pascal.oberson.1?fref=ts","article_published_time":"2017-09-13T12:45:48+00:00","article_modified_time":"2020-10-26T06:45:00+00:00","og_image":[{"width":1000,"height":750,"url":"https:\/\/i0.wp.com\/newsestlyonnais.fr\/site\/wp-content\/uploads\/2017\/09\/Logo.png?fit=1000%2C750&ssl=1","type":"image\/png"}],"author":"R\u00e9dac. NEWS","twitter_card":"summary_large_image","twitter_misc":{"\u00c9crit par":"R\u00e9dac. NEWS"},"schema":{"@context":"https:\/\/schema.org","@graph":[{"@type":"Article","@id":"https:\/\/newsestlyonnais.fr\/site\/2017\/09\/13\/vaulx-en-velin-lus-vaulx-foot-ouvre-ses-portes-aux-u9-et-u11-feminines\/#article","isPartOf":{"@id":"https:\/\/newsestlyonnais.fr\/site\/2017\/09\/13\/vaulx-en-velin-lus-vaulx-foot-ouvre-ses-portes-aux-u9-et-u11-feminines\/"},"author":{"name":"R\u00e9dac. NEWS","@id":"https:\/\/newsestlyonnais.fr\/site\/#\/schema\/person\/3230d5615f390bb808365d673001e887"},"headline":"VAULX-EN-VELIN | L&rsquo;US VAULX Foot ouvre ses portes aux U9 et U11 f\u00e9minines","datePublished":"2017-09-13T12:45:48+00:00","dateModified":"2020-10-26T06:45:00+00:00","mainEntityOfPage":{"@id":"https:\/\/newsestlyonnais.fr\/site\/2017\/09\/13\/vaulx-en-velin-lus-vaulx-foot-ouvre-ses-portes-aux-u9-et-u11-feminines\/"},"wordCount":83,"commentCount":0,"publisher":{"@id":"https:\/\/newsestlyonnais.fr\/site\/#organization"},"image":{"@id":"https:\/\/newsestlyonnais.fr\/site\/2017\/09\/13\/vaulx-en-velin-lus-vaulx-foot-ouvre-ses-portes-aux-u9-et-u11-feminines\/#primaryimage"},"thumbnailUrl":"https:\/\/newsestlyonnais.fr\/site\/wp-content\/uploads\/2017\/09\/Logo.png","articleSection":["F\u00e9minin (Actu au)","Foot | Futsal","Foot | Rugby","Vaulx-en-Velin"],"inLanguage":"fr-FR","potentialAction":[{"@type":"CommentAction","name":"Comment","target":["https:\/\/newsestlyonnais.fr\/site\/2017\/09\/13\/vaulx-en-velin-lus-vaulx-foot-ouvre-ses-portes-aux-u9-et-u11-feminines\/#respond"]}]},{"@type":"WebPage","@id":"https:\/\/newsestlyonnais.fr\/site\/2017\/09\/13\/vaulx-en-velin-lus-vaulx-foot-ouvre-ses-portes-aux-u9-et-u11-feminines\/","url":"https:\/\/newsestlyonnais.fr\/site\/2017\/09\/13\/vaulx-en-velin-lus-vaulx-foot-ouvre-ses-portes-aux-u9-et-u11-feminines\/","name":"VAULX-EN-VELIN | L'US VAULX Foot ouvre ses portes aux U9 et U11 f\u00e9minines - News Est Lyonnais","isPartOf":{"@id":"https:\/\/newsestlyonnais.fr\/site\/#website"},"primaryImageOfPage":{"@id":"https:\/\/newsestlyonnais.fr\/site\/2017\/09\/13\/vaulx-en-velin-lus-vaulx-foot-ouvre-ses-portes-aux-u9-et-u11-feminines\/#primaryimage"},"image":{"@id":"https:\/\/newsestlyonnais.fr\/site\/2017\/09\/13\/vaulx-en-velin-lus-vaulx-foot-ouvre-ses-portes-aux-u9-et-u11-feminines\/#primaryimage"},"thumbnailUrl":"https:\/\/newsestlyonnais.fr\/site\/wp-content\/uploads\/2017\/09\/Logo.png","datePublished":"2017-09-13T12:45:48+00:00","dateModified":"2020-10-26T06:45:00+00:00","description":"Dans le cadre du projet de d\u00e9veloppement du secteur f\u00e9minin,\u00a0l'US Vaulx Foot a mis en place une op\u00e9ration \"portes ouvertes\" pour les U9 & U11 f\u00e9minines.","breadcrumb":{"@id":"https:\/\/newsestlyonnais.fr\/site\/2017\/09\/13\/vaulx-en-velin-lus-vaulx-foot-ouvre-ses-portes-aux-u9-et-u11-feminines\/#breadcrumb"},"inLanguage":"fr-FR","potentialAction":[{"@type":"ReadAction","target":["https:\/\/newsestlyonnais.fr\/site\/2017\/09\/13\/vaulx-en-velin-lus-vaulx-foot-ouvre-ses-portes-aux-u9-et-u11-feminines\/"]}]},{"@type":"ImageObject","inLanguage":"fr-FR","@id":"https:\/\/newsestlyonnais.fr\/site\/2017\/09\/13\/vaulx-en-velin-lus-vaulx-foot-ouvre-ses-portes-aux-u9-et-u11-feminines\/#primaryimage","url":"https:\/\/newsestlyonnais.fr\/site\/wp-content\/uploads\/2017\/09\/Logo.png","contentUrl":"https:\/\/newsestlyonnais.fr\/site\/wp-content\/uploads\/2017\/09\/Logo.png","width":1000,"height":750,"caption":"Logo US VAULX"},{"@type":"BreadcrumbList","@id":"https:\/\/newsestlyonnais.fr\/site\/2017\/09\/13\/vaulx-en-velin-lus-vaulx-foot-ouvre-ses-portes-aux-u9-et-u11-feminines\/#breadcrumb","itemListElement":[{"@type":"ListItem","position":1,"name":"Accueil","item":"https:\/\/newsestlyonnais.fr\/site\/"},{"@type":"ListItem","position":2,"name":"VAULX-EN-VELIN | L&rsquo;US VAULX Foot ouvre ses portes aux U9 et U11 f\u00e9minines"}]},{"@type":"WebSite","@id":"https:\/\/newsestlyonnais.fr\/site\/#website","url":"https:\/\/newsestlyonnais.fr\/site\/","name":"News Est Lyonnais","description":"L&#039;actualit\u00e9 au plus pr\u00e8s","publisher":{"@id":"https:\/\/newsestlyonnais.fr\/site\/#organization"},"potentialAction":[{"@type":"SearchAction","target":{"@type":"EntryPoint","urlTemplate":"https:\/\/newsestlyonnais.fr\/site\/?s={search_term_string}"},"query-input":{"@type":"PropertyValueSpecification","valueRequired":true,"valueName":"search_term_string"}}],"inLanguage":"fr-FR"},{"@type":"Organization","@id":"https:\/\/newsestlyonnais.fr\/site\/#organization","name":"News EST LYONNAIS","url":"https:\/\/newsestlyonnais.fr\/site\/","logo":{"@type":"ImageObject","inLanguage":"fr-FR","@id":"https:\/\/newsestlyonnais.fr\/site\/#\/schema\/logo\/image\/","url":"","contentUrl":"","caption":"News EST LYONNAIS"},"image":{"@id":"https:\/\/newsestlyonnais.fr\/site\/#\/schema\/logo\/image\/"}},{"@type":"Person","@id":"https:\/\/newsestlyonnais.fr\/site\/#\/schema\/person\/3230d5615f390bb808365d673001e887","name":"R\u00e9dac. NEWS","sameAs":["http:\/\/www.newsestlyonnais.fr","https:\/\/www.facebook.com\/pascal.oberson.1?fref=ts","https:\/\/fr.linkedin.com\/in\/pascal-oberson-b17045113"],"url":"https:\/\/newsestlyonnais.fr\/site\/author\/nel\/"}]}},"_links":{"self":[{"href":"https:\/\/newsestlyonnais.fr\/site\/wp-json\/wp\/v2\/posts\/34577","targetHints":{"allow":["GET"]}}],"collection":[{"href":"https:\/\/newsestlyonnais.fr\/site\/wp-json\/wp\/v2\/posts"}],"about":[{"href":"https:\/\/newsestlyonnais.fr\/site\/wp-json\/wp\/v2\/types\/post"}],"author":[{"embeddable":true,"href":"https:\/\/newsestlyonnais.fr\/site\/wp-json\/wp\/v2\/users\/4"}],"replies":[{"embeddable":true,"href":"https:\/\/newsestlyonnais.fr\/site\/wp-json\/wp\/v2\/comments?post=34577"}],"version-history":[{"count":0,"href":"https:\/\/newsestlyonnais.fr\/site\/wp-json\/wp\/v2\/posts\/34577\/revisions"}],"wp:featuredmedia":[{"embeddable":true,"href":"https:\/\/newsestlyonnais.fr\/site\/wp-json\/wp\/v2\/media\/34580"}],"wp:attachment":[{"href":"https:\/\/newsestlyonnais.fr\/site\/wp-json\/wp\/v2\/media?parent=34577"}],"wp:term":[{"taxonomy":"category","embeddable":true,"href":"https:\/\/newsestlyonnais.fr\/site\/wp-json\/wp\/v2\/categories?post=34577"},{"taxonomy":"post_tag","embeddable":true,"href":"https:\/\/newsestlyonnais.fr\/site\/wp-json\/wp\/v2\/tags?post=34577"}],"curies":[{"name":"wp","href":"https:\/\/api.w.org\/{rel}","templated":true}]}}