{"id":34641,"date":"2017-09-14T07:18:20","date_gmt":"2017-09-14T06:18:20","guid":{"rendered":"http:\/\/newsestlyonnais.fr\/site\/?p=34641"},"modified":"2020-11-21T12:15:24","modified_gmt":"2020-11-21T11:15:24","slug":"vaulx-en-velin-le-marche-de-la-place-cavellini-de-retour-ce-vendredi","status":"publish","type":"post","link":"https:\/\/newsestlyonnais.fr\/site\/2017\/09\/14\/vaulx-en-velin-le-marche-de-la-place-cavellini-de-retour-ce-vendredi\/","title":{"rendered":"VAULX-EN-VELIN | Le march\u00e9 de la place Cavellini de retour ce vendredi"},"content":{"rendered":"<h4>A compter du vendredi 15 septembre, le march\u00e9 municipal de la place Cavellini, qui avait quitt\u00e9 les lieux il y a pr\u00e8s de 20 ans, reprend du service \u00e0 l&rsquo;initiative du conseil de quartier Vaulx Sud\/La C\u00f4te\/Tase avec le soutien de la ville de Vaulx en Velin.<\/h4>\n<ul>\n<li>Il se d\u00e9roulera <strong>le vendredi de 16 h \u00e0 19 h 30 en horaire d\u2019\u00e9t\u00e9<\/strong> (d\u2019avril \u00e0 octobre) et de <strong>15 h 30 \u00e0 18 h 30 en horaire d\u2019hiver<\/strong> (de novembre \u00e0 mars).<\/li>\n<\/ul>\n<p>Un large panel de produits de qualit\u00e9 sera propos\u00e9 : volailles et charcuterie ; boucherie traditionnelle et hallal ; poissons ; \u0153ufs et cr\u00e8merie ; plats cuisin\u00e9s ; fruits et l\u00e9gumes ; \u00e9picerie fine, olives et fruits secs ; pain et p\u00e2tisseries ; fleurs et plantes aromatiques.<\/p>\n<ul>\n<li>Source : Communiqu\u00e9 de la Ville de Vaulx en Velin<\/li>\n<\/ul>\n","protected":false},"excerpt":{"rendered":"<p>A compter du vendredi 15 septembre, le march\u00e9 municipal de la place Cavellini reprend du service \u00e0 l&rsquo;initiative du conseil de quartier Vaulx Sud\/La C\u00f4te\/Tase<\/p>\n","protected":false},"author":4,"featured_media":34644,"comment_status":"open","ping_status":"open","sticky":false,"template":"","format":"standard","meta":{"footnotes":""},"categories":[2970,1380,28],"tags":[],"class_list":["post-34641","post","type-post","status-publish","format-standard","has-post-thumbnail","hentry","category-artisans-commerces-economie","category-marches","category-vaulx-en-velin"],"yoast_head":"<!-- This site is optimized with the Yoast SEO plugin v27.2 - https:\/\/yoast.com\/product\/yoast-seo-wordpress\/ -->\n<title>VAULX EN VELIN : Le march\u00e9 de la place Cavellini de retour ce vendredi !<\/title>\n<meta name=\"description\" content=\"VAULX EN VELIN : Le march\u00e9 de la place Cavellini de retour ce vendredi !\" \/>\n<meta name=\"robots\" content=\"index, follow, max-snippet:-1, max-image-preview:large, max-video-preview:-1\" \/>\n<link rel=\"canonical\" href=\"https:\/\/newsestlyonnais.fr\/site\/2017\/09\/14\/vaulx-en-velin-le-marche-de-la-place-cavellini-de-retour-ce-vendredi\/\" \/>\n<meta property=\"og:locale\" content=\"fr_FR\" \/>\n<meta property=\"og:type\" content=\"article\" \/>\n<meta property=\"og:title\" content=\"VAULX EN VELIN : Le march\u00e9 de la place Cavellini de retour ce vendredi !\" \/>\n<meta property=\"og:description\" content=\"VAULX EN VELIN : Le march\u00e9 de la place Cavellini de retour ce vendredi !\" \/>\n<meta property=\"og:url\" content=\"https:\/\/newsestlyonnais.fr\/site\/2017\/09\/14\/vaulx-en-velin-le-marche-de-la-place-cavellini-de-retour-ce-vendredi\/\" \/>\n<meta property=\"og:site_name\" content=\"News Est Lyonnais\" \/>\n<meta property=\"article:author\" content=\"https:\/\/www.facebook.com\/pascal.oberson.1?fref=ts\" \/>\n<meta property=\"article:published_time\" content=\"2017-09-14T06:18:20+00:00\" \/>\n<meta property=\"article:modified_time\" content=\"2020-11-21T11:15:24+00:00\" \/>\n<meta property=\"og:image\" content=\"https:\/\/i2.wp.com\/newsestlyonnais.fr\/site\/wp-content\/uploads\/2017\/09\/NEWSESTLYONNAIS-RETOUR-MARCHE-CAVELLINI.jpg?fit=1000%2C750&ssl=1\" \/>\n\t<meta property=\"og:image:width\" content=\"1000\" \/>\n\t<meta property=\"og:image:height\" content=\"750\" \/>\n\t<meta property=\"og:image:type\" content=\"image\/jpeg\" \/>\n<meta name=\"author\" content=\"R\u00e9dac. NEWS\" \/>\n<meta name=\"twitter:card\" content=\"summary_large_image\" \/>\n<meta name=\"twitter:label1\" content=\"\u00c9crit par\" \/>\n\t<meta name=\"twitter:data1\" content=\"R\u00e9dac. NEWS\" \/>\n\t<meta name=\"twitter:label2\" content=\"Dur\u00e9e de lecture estim\u00e9e\" \/>\n\t<meta name=\"twitter:data2\" content=\"1 minute\" \/>\n<script type=\"application\/ld+json\" class=\"yoast-schema-graph\">{\"@context\":\"https:\/\/schema.org\",\"@graph\":[{\"@type\":\"Article\",\"@id\":\"https:\/\/newsestlyonnais.fr\/site\/2017\/09\/14\/vaulx-en-velin-le-marche-de-la-place-cavellini-de-retour-ce-vendredi\/#article\",\"isPartOf\":{\"@id\":\"https:\/\/newsestlyonnais.fr\/site\/2017\/09\/14\/vaulx-en-velin-le-marche-de-la-place-cavellini-de-retour-ce-vendredi\/\"},\"author\":{\"name\":\"R\u00e9dac. NEWS\",\"@id\":\"https:\/\/newsestlyonnais.fr\/site\/#\/schema\/person\/3230d5615f390bb808365d673001e887\"},\"headline\":\"VAULX-EN-VELIN | Le march\u00e9 de la place Cavellini de retour ce vendredi\",\"datePublished\":\"2017-09-14T06:18:20+00:00\",\"dateModified\":\"2020-11-21T11:15:24+00:00\",\"mainEntityOfPage\":{\"@id\":\"https:\/\/newsestlyonnais.fr\/site\/2017\/09\/14\/vaulx-en-velin-le-marche-de-la-place-cavellini-de-retour-ce-vendredi\/\"},\"wordCount\":138,\"commentCount\":0,\"publisher\":{\"@id\":\"https:\/\/newsestlyonnais.fr\/site\/#organization\"},\"image\":{\"@id\":\"https:\/\/newsestlyonnais.fr\/site\/2017\/09\/14\/vaulx-en-velin-le-marche-de-la-place-cavellini-de-retour-ce-vendredi\/#primaryimage\"},\"thumbnailUrl\":\"https:\/\/newsestlyonnais.fr\/site\/wp-content\/uploads\/2017\/09\/NEWSESTLYONNAIS-RETOUR-MARCHE-CAVELLINI.jpg\",\"articleSection\":[\"Artisans | Commerces\",\"March\u00e9s\",\"Vaulx-en-Velin\"],\"inLanguage\":\"fr-FR\",\"potentialAction\":[{\"@type\":\"CommentAction\",\"name\":\"Comment\",\"target\":[\"https:\/\/newsestlyonnais.fr\/site\/2017\/09\/14\/vaulx-en-velin-le-marche-de-la-place-cavellini-de-retour-ce-vendredi\/#respond\"]}]},{\"@type\":\"WebPage\",\"@id\":\"https:\/\/newsestlyonnais.fr\/site\/2017\/09\/14\/vaulx-en-velin-le-marche-de-la-place-cavellini-de-retour-ce-vendredi\/\",\"url\":\"https:\/\/newsestlyonnais.fr\/site\/2017\/09\/14\/vaulx-en-velin-le-marche-de-la-place-cavellini-de-retour-ce-vendredi\/\",\"name\":\"VAULX EN VELIN : Le march\u00e9 de la place Cavellini de retour ce vendredi !\",\"isPartOf\":{\"@id\":\"https:\/\/newsestlyonnais.fr\/site\/#website\"},\"primaryImageOfPage\":{\"@id\":\"https:\/\/newsestlyonnais.fr\/site\/2017\/09\/14\/vaulx-en-velin-le-marche-de-la-place-cavellini-de-retour-ce-vendredi\/#primaryimage\"},\"image\":{\"@id\":\"https:\/\/newsestlyonnais.fr\/site\/2017\/09\/14\/vaulx-en-velin-le-marche-de-la-place-cavellini-de-retour-ce-vendredi\/#primaryimage\"},\"thumbnailUrl\":\"https:\/\/newsestlyonnais.fr\/site\/wp-content\/uploads\/2017\/09\/NEWSESTLYONNAIS-RETOUR-MARCHE-CAVELLINI.jpg\",\"datePublished\":\"2017-09-14T06:18:20+00:00\",\"dateModified\":\"2020-11-21T11:15:24+00:00\",\"description\":\"VAULX EN VELIN : Le march\u00e9 de la place Cavellini de retour ce vendredi !\",\"breadcrumb\":{\"@id\":\"https:\/\/newsestlyonnais.fr\/site\/2017\/09\/14\/vaulx-en-velin-le-marche-de-la-place-cavellini-de-retour-ce-vendredi\/#breadcrumb\"},\"inLanguage\":\"fr-FR\",\"potentialAction\":[{\"@type\":\"ReadAction\",\"target\":[\"https:\/\/newsestlyonnais.fr\/site\/2017\/09\/14\/vaulx-en-velin-le-marche-de-la-place-cavellini-de-retour-ce-vendredi\/\"]}]},{\"@type\":\"ImageObject\",\"inLanguage\":\"fr-FR\",\"@id\":\"https:\/\/newsestlyonnais.fr\/site\/2017\/09\/14\/vaulx-en-velin-le-marche-de-la-place-cavellini-de-retour-ce-vendredi\/#primaryimage\",\"url\":\"https:\/\/newsestlyonnais.fr\/site\/wp-content\/uploads\/2017\/09\/NEWSESTLYONNAIS-RETOUR-MARCHE-CAVELLINI.jpg\",\"contentUrl\":\"https:\/\/newsestlyonnais.fr\/site\/wp-content\/uploads\/2017\/09\/NEWSESTLYONNAIS-RETOUR-MARCHE-CAVELLINI.jpg\",\"width\":1000,\"height\":750,\"caption\":\"NEWSESTLYONNAIS - RETOUR MARCHE CAVELLINI\"},{\"@type\":\"BreadcrumbList\",\"@id\":\"https:\/\/newsestlyonnais.fr\/site\/2017\/09\/14\/vaulx-en-velin-le-marche-de-la-place-cavellini-de-retour-ce-vendredi\/#breadcrumb\",\"itemListElement\":[{\"@type\":\"ListItem\",\"position\":1,\"name\":\"Accueil\",\"item\":\"https:\/\/newsestlyonnais.fr\/site\/\"},{\"@type\":\"ListItem\",\"position\":2,\"name\":\"VAULX-EN-VELIN | Le march\u00e9 de la place Cavellini de retour ce vendredi\"}]},{\"@type\":\"WebSite\",\"@id\":\"https:\/\/newsestlyonnais.fr\/site\/#website\",\"url\":\"https:\/\/newsestlyonnais.fr\/site\/\",\"name\":\"News Est Lyonnais\",\"description\":\"L&#039;actualit\u00e9 au plus pr\u00e8s\",\"publisher\":{\"@id\":\"https:\/\/newsestlyonnais.fr\/site\/#organization\"},\"potentialAction\":[{\"@type\":\"SearchAction\",\"target\":{\"@type\":\"EntryPoint\",\"urlTemplate\":\"https:\/\/newsestlyonnais.fr\/site\/?s={search_term_string}\"},\"query-input\":{\"@type\":\"PropertyValueSpecification\",\"valueRequired\":true,\"valueName\":\"search_term_string\"}}],\"inLanguage\":\"fr-FR\"},{\"@type\":\"Organization\",\"@id\":\"https:\/\/newsestlyonnais.fr\/site\/#organization\",\"name\":\"News EST LYONNAIS\",\"url\":\"https:\/\/newsestlyonnais.fr\/site\/\",\"logo\":{\"@type\":\"ImageObject\",\"inLanguage\":\"fr-FR\",\"@id\":\"https:\/\/newsestlyonnais.fr\/site\/#\/schema\/logo\/image\/\",\"url\":\"\",\"contentUrl\":\"\",\"caption\":\"News EST LYONNAIS\"},\"image\":{\"@id\":\"https:\/\/newsestlyonnais.fr\/site\/#\/schema\/logo\/image\/\"}},{\"@type\":\"Person\",\"@id\":\"https:\/\/newsestlyonnais.fr\/site\/#\/schema\/person\/3230d5615f390bb808365d673001e887\",\"name\":\"R\u00e9dac. NEWS\",\"sameAs\":[\"http:\/\/www.newsestlyonnais.fr\",\"https:\/\/www.facebook.com\/pascal.oberson.1?fref=ts\",\"https:\/\/fr.linkedin.com\/in\/pascal-oberson-b17045113\"],\"url\":\"https:\/\/newsestlyonnais.fr\/site\/author\/nel\/\"}]}<\/script>\n<!-- \/ Yoast SEO plugin. -->","yoast_head_json":{"title":"VAULX EN VELIN : Le march\u00e9 de la place Cavellini de retour ce vendredi !","description":"VAULX EN VELIN : Le march\u00e9 de la place Cavellini de retour ce vendredi !","robots":{"index":"index","follow":"follow","max-snippet":"max-snippet:-1","max-image-preview":"max-image-preview:large","max-video-preview":"max-video-preview:-1"},"canonical":"https:\/\/newsestlyonnais.fr\/site\/2017\/09\/14\/vaulx-en-velin-le-marche-de-la-place-cavellini-de-retour-ce-vendredi\/","og_locale":"fr_FR","og_type":"article","og_title":"VAULX EN VELIN : Le march\u00e9 de la place Cavellini de retour ce vendredi !","og_description":"VAULX EN VELIN : Le march\u00e9 de la place Cavellini de retour ce vendredi !","og_url":"https:\/\/newsestlyonnais.fr\/site\/2017\/09\/14\/vaulx-en-velin-le-marche-de-la-place-cavellini-de-retour-ce-vendredi\/","og_site_name":"News Est Lyonnais","article_author":"https:\/\/www.facebook.com\/pascal.oberson.1?fref=ts","article_published_time":"2017-09-14T06:18:20+00:00","article_modified_time":"2020-11-21T11:15:24+00:00","og_image":[{"width":1000,"height":750,"url":"https:\/\/i2.wp.com\/newsestlyonnais.fr\/site\/wp-content\/uploads\/2017\/09\/NEWSESTLYONNAIS-RETOUR-MARCHE-CAVELLINI.jpg?fit=1000%2C750&ssl=1","type":"image\/jpeg"}],"author":"R\u00e9dac. NEWS","twitter_card":"summary_large_image","twitter_misc":{"\u00c9crit par":"R\u00e9dac. NEWS","Dur\u00e9e de lecture estim\u00e9e":"1 minute"},"schema":{"@context":"https:\/\/schema.org","@graph":[{"@type":"Article","@id":"https:\/\/newsestlyonnais.fr\/site\/2017\/09\/14\/vaulx-en-velin-le-marche-de-la-place-cavellini-de-retour-ce-vendredi\/#article","isPartOf":{"@id":"https:\/\/newsestlyonnais.fr\/site\/2017\/09\/14\/vaulx-en-velin-le-marche-de-la-place-cavellini-de-retour-ce-vendredi\/"},"author":{"name":"R\u00e9dac. NEWS","@id":"https:\/\/newsestlyonnais.fr\/site\/#\/schema\/person\/3230d5615f390bb808365d673001e887"},"headline":"VAULX-EN-VELIN | Le march\u00e9 de la place Cavellini de retour ce vendredi","datePublished":"2017-09-14T06:18:20+00:00","dateModified":"2020-11-21T11:15:24+00:00","mainEntityOfPage":{"@id":"https:\/\/newsestlyonnais.fr\/site\/2017\/09\/14\/vaulx-en-velin-le-marche-de-la-place-cavellini-de-retour-ce-vendredi\/"},"wordCount":138,"commentCount":0,"publisher":{"@id":"https:\/\/newsestlyonnais.fr\/site\/#organization"},"image":{"@id":"https:\/\/newsestlyonnais.fr\/site\/2017\/09\/14\/vaulx-en-velin-le-marche-de-la-place-cavellini-de-retour-ce-vendredi\/#primaryimage"},"thumbnailUrl":"https:\/\/newsestlyonnais.fr\/site\/wp-content\/uploads\/2017\/09\/NEWSESTLYONNAIS-RETOUR-MARCHE-CAVELLINI.jpg","articleSection":["Artisans | Commerces","March\u00e9s","Vaulx-en-Velin"],"inLanguage":"fr-FR","potentialAction":[{"@type":"CommentAction","name":"Comment","target":["https:\/\/newsestlyonnais.fr\/site\/2017\/09\/14\/vaulx-en-velin-le-marche-de-la-place-cavellini-de-retour-ce-vendredi\/#respond"]}]},{"@type":"WebPage","@id":"https:\/\/newsestlyonnais.fr\/site\/2017\/09\/14\/vaulx-en-velin-le-marche-de-la-place-cavellini-de-retour-ce-vendredi\/","url":"https:\/\/newsestlyonnais.fr\/site\/2017\/09\/14\/vaulx-en-velin-le-marche-de-la-place-cavellini-de-retour-ce-vendredi\/","name":"VAULX EN VELIN : Le march\u00e9 de la place Cavellini de retour ce vendredi !","isPartOf":{"@id":"https:\/\/newsestlyonnais.fr\/site\/#website"},"primaryImageOfPage":{"@id":"https:\/\/newsestlyonnais.fr\/site\/2017\/09\/14\/vaulx-en-velin-le-marche-de-la-place-cavellini-de-retour-ce-vendredi\/#primaryimage"},"image":{"@id":"https:\/\/newsestlyonnais.fr\/site\/2017\/09\/14\/vaulx-en-velin-le-marche-de-la-place-cavellini-de-retour-ce-vendredi\/#primaryimage"},"thumbnailUrl":"https:\/\/newsestlyonnais.fr\/site\/wp-content\/uploads\/2017\/09\/NEWSESTLYONNAIS-RETOUR-MARCHE-CAVELLINI.jpg","datePublished":"2017-09-14T06:18:20+00:00","dateModified":"2020-11-21T11:15:24+00:00","description":"VAULX EN VELIN : Le march\u00e9 de la place Cavellini de retour ce vendredi !","breadcrumb":{"@id":"https:\/\/newsestlyonnais.fr\/site\/2017\/09\/14\/vaulx-en-velin-le-marche-de-la-place-cavellini-de-retour-ce-vendredi\/#breadcrumb"},"inLanguage":"fr-FR","potentialAction":[{"@type":"ReadAction","target":["https:\/\/newsestlyonnais.fr\/site\/2017\/09\/14\/vaulx-en-velin-le-marche-de-la-place-cavellini-de-retour-ce-vendredi\/"]}]},{"@type":"ImageObject","inLanguage":"fr-FR","@id":"https:\/\/newsestlyonnais.fr\/site\/2017\/09\/14\/vaulx-en-velin-le-marche-de-la-place-cavellini-de-retour-ce-vendredi\/#primaryimage","url":"https:\/\/newsestlyonnais.fr\/site\/wp-content\/uploads\/2017\/09\/NEWSESTLYONNAIS-RETOUR-MARCHE-CAVELLINI.jpg","contentUrl":"https:\/\/newsestlyonnais.fr\/site\/wp-content\/uploads\/2017\/09\/NEWSESTLYONNAIS-RETOUR-MARCHE-CAVELLINI.jpg","width":1000,"height":750,"caption":"NEWSESTLYONNAIS - RETOUR MARCHE CAVELLINI"},{"@type":"BreadcrumbList","@id":"https:\/\/newsestlyonnais.fr\/site\/2017\/09\/14\/vaulx-en-velin-le-marche-de-la-place-cavellini-de-retour-ce-vendredi\/#breadcrumb","itemListElement":[{"@type":"ListItem","position":1,"name":"Accueil","item":"https:\/\/newsestlyonnais.fr\/site\/"},{"@type":"ListItem","position":2,"name":"VAULX-EN-VELIN | Le march\u00e9 de la place Cavellini de retour ce vendredi"}]},{"@type":"WebSite","@id":"https:\/\/newsestlyonnais.fr\/site\/#website","url":"https:\/\/newsestlyonnais.fr\/site\/","name":"News Est Lyonnais","description":"L&#039;actualit\u00e9 au plus pr\u00e8s","publisher":{"@id":"https:\/\/newsestlyonnais.fr\/site\/#organization"},"potentialAction":[{"@type":"SearchAction","target":{"@type":"EntryPoint","urlTemplate":"https:\/\/newsestlyonnais.fr\/site\/?s={search_term_string}"},"query-input":{"@type":"PropertyValueSpecification","valueRequired":true,"valueName":"search_term_string"}}],"inLanguage":"fr-FR"},{"@type":"Organization","@id":"https:\/\/newsestlyonnais.fr\/site\/#organization","name":"News EST LYONNAIS","url":"https:\/\/newsestlyonnais.fr\/site\/","logo":{"@type":"ImageObject","inLanguage":"fr-FR","@id":"https:\/\/newsestlyonnais.fr\/site\/#\/schema\/logo\/image\/","url":"","contentUrl":"","caption":"News EST LYONNAIS"},"image":{"@id":"https:\/\/newsestlyonnais.fr\/site\/#\/schema\/logo\/image\/"}},{"@type":"Person","@id":"https:\/\/newsestlyonnais.fr\/site\/#\/schema\/person\/3230d5615f390bb808365d673001e887","name":"R\u00e9dac. NEWS","sameAs":["http:\/\/www.newsestlyonnais.fr","https:\/\/www.facebook.com\/pascal.oberson.1?fref=ts","https:\/\/fr.linkedin.com\/in\/pascal-oberson-b17045113"],"url":"https:\/\/newsestlyonnais.fr\/site\/author\/nel\/"}]}},"_links":{"self":[{"href":"https:\/\/newsestlyonnais.fr\/site\/wp-json\/wp\/v2\/posts\/34641","targetHints":{"allow":["GET"]}}],"collection":[{"href":"https:\/\/newsestlyonnais.fr\/site\/wp-json\/wp\/v2\/posts"}],"about":[{"href":"https:\/\/newsestlyonnais.fr\/site\/wp-json\/wp\/v2\/types\/post"}],"author":[{"embeddable":true,"href":"https:\/\/newsestlyonnais.fr\/site\/wp-json\/wp\/v2\/users\/4"}],"replies":[{"embeddable":true,"href":"https:\/\/newsestlyonnais.fr\/site\/wp-json\/wp\/v2\/comments?post=34641"}],"version-history":[{"count":0,"href":"https:\/\/newsestlyonnais.fr\/site\/wp-json\/wp\/v2\/posts\/34641\/revisions"}],"wp:featuredmedia":[{"embeddable":true,"href":"https:\/\/newsestlyonnais.fr\/site\/wp-json\/wp\/v2\/media\/34644"}],"wp:attachment":[{"href":"https:\/\/newsestlyonnais.fr\/site\/wp-json\/wp\/v2\/media?parent=34641"}],"wp:term":[{"taxonomy":"category","embeddable":true,"href":"https:\/\/newsestlyonnais.fr\/site\/wp-json\/wp\/v2\/categories?post=34641"},{"taxonomy":"post_tag","embeddable":true,"href":"https:\/\/newsestlyonnais.fr\/site\/wp-json\/wp\/v2\/tags?post=34641"}],"curies":[{"name":"wp","href":"https:\/\/api.w.org\/{rel}","templated":true}]}}