{"id":34782,"date":"2017-09-16T06:38:11","date_gmt":"2017-09-16T05:38:11","guid":{"rendered":"http:\/\/newsestlyonnais.fr\/site\/?p=34782"},"modified":"2020-11-21T19:46:13","modified_gmt":"2020-11-21T18:46:13","slug":"lyon-8-agenda-des-evenements-du","status":"publish","type":"post","link":"https:\/\/newsestlyonnais.fr\/site\/2017\/09\/16\/lyon-8-agenda-des-evenements-du\/","title":{"rendered":"LYON 8 | Agenda des \u00e9v\u00e8nements du 19 au 24 septembre"},"content":{"rendered":"<h4>De nombreuses manifestations et \u00e9v\u00e9nements sont pr\u00e9vus sur l&rsquo; arrondissement pour la semaine 38, voici quelques dates \u00e0 retenir.<\/h4>\n<ul>\n<li><strong>Mardi 19 septembre<\/strong> : <strong>9 h \u00e0 12 h<\/strong> \u2013 <span style=\"text-decoration: underline\">F\u00eate de la Gastronomie<\/span> : \u00ab Un march\u00e9, un chef, une recette \u00bb avec Arnaud Bulliot (Place Ambroise Courtois).<\/li>\n<li><strong>Mercredi 20 septembre<\/strong> : <strong>14 h \u00e0\u00a0 17 h<\/strong> \u2013 <span style=\"text-decoration: underline\">Apr\u00e8s-midi r\u00e9cr\u00e9ative<\/span>. Avec le bibliobus, Action Basket Citoyen et un ring de boxe, organis\u00e9e par le comit\u00e9 de locataires Renouveau Pressens\u00e9 (17 avenue de Pressens\u00e9). <strong>\u00e0 14 h<\/strong> \u2013 <span style=\"text-decoration: underline\">Inauguration du terrain sportif Michaud r\u00e9nov\u00e9.<\/span> Terrain But en Or de Sport dans la Ville. (140 avenue G\u00e9n\u00e9ral Fr\u00e8re). <strong>de 16 h \u00e0 20 h<\/strong> \u2013 <span style=\"text-decoration: underline\">Accueil des nouveaux arrivants sur le quartier des \u00c9tats-Unis<\/span>. Avec tous les acteurs du quartier, devant le Centre social des \u00c9tats-Unis (Place du 8 mai 1945). <strong>\u00e0 18 h 30<\/strong> \u2013 <span style=\"text-decoration: underline\">Ap\u00e9ro de rentr\u00e9e d\u2019Epi Centre<\/span>. L\u2019\u00e9picerie sociale et solidaire accueille ses nouveaux b\u00e9n\u00e9voles (104 route de Vienne).<\/li>\n<li><strong>Jeudi 21 septembre<\/strong> : <strong>17 h 30<\/strong> \u2013 <span style=\"text-decoration: underline\">Ouverture du Festiv\u2019Alzheimer<\/span>. Un nouveau regard sur la maladie d\u2019Alzheimer (15 rue Villon).<\/li>\n<li><strong>Vendredi 22 septembre<\/strong> : <strong>\u00e0 18 h<\/strong> \u2013 <span style=\"text-decoration: underline\">F\u00eate des 30 ans de la cr\u00e8che Les P\u2019tits Gones du 8\u00b0<\/span>. (Espace citoyen, 12 avenue Jean Mermoz).<\/li>\n<li><strong>Samedi 23 septembre<\/strong> <strong>de 9 h \u00e0 20 h<\/strong> \u2013 <span style=\"text-decoration: underline\">Samedi Plaisir \u00e0 Monplaisir<\/span>. Braderie, vide-grenier, foodtrucks\u2026 Organis\u00e9 par l\u2019Union des commer\u00e7ants et artisans de Monplaisir. (Avenue des Fr\u00e8res Lumi\u00e8re et place Ambroise Courtois). <strong>9 h \u00e0 12 h<\/strong> \u2013 <span style=\"text-decoration: underline\">F\u00eate de la Gastronomie<\/span> : \u00ab Un march\u00e9, un chef, une recette \u00bb.avec Micka\u00ebl Houx. (Place Ambroise Courtois). <strong>de 10 h \u00e0 23 h<\/strong> \u2013 <span style=\"text-decoration: underline\">F\u00eate de l\u2019Automne<\/span> : Vide-grenier et animations festives\u2026 Organis\u00e9 par la SELGT. (Place Belleville).<\/li>\n<li><strong>Dimanche 24 septembre \u00e0 16 h 30<\/strong> \u2013 <span style=\"text-decoration: underline\">Concert-performance<\/span> \u00ab Juste pour vous, aujourd\u2019hui \u00bb. Jo\u00eblle L\u00e9andre et Barre Phillips, contrebassistes improvisateurs de renomm\u00e9e internationale. (Chapelle de l\u2019H\u00f4pital Saint-Jean de Dieu, 290 route de Vienne).<\/li>\n<\/ul>\n<h4>Retrouvez l&rsquo;ACTU du 8\u00b0 sur : <a href=\"http:\/\/www.mairie8.lyon.fr\/page\/accueil_8.html\" target=\"_blank\" rel=\"noopener noreferrer\">http:\/\/www.mairie8.lyon.fr\/page\/accueil_8.html<\/a><\/h4>\n","protected":false},"excerpt":{"rendered":"<p>De nombreuses manifestations et \u00e9v\u00e9nements sont pr\u00e9vus sur l&rsquo; arrondissement pour la semaine 38, voici quelques dates \u00e0 retenir. Mardi 19 septembre : 9 h \u00e0 12 h \u2013 F\u00eate de la Gastronomie : \u00ab Un march\u00e9, un chef, une recette \u00bb avec Arnaud Bulliot (Place Ambroise Courtois). Mercredi 20 septembre : 14 h \u00e0\u00a0 [&hellip;]<\/p>\n","protected":false},"author":4,"featured_media":8840,"comment_status":"open","ping_status":"open","sticky":false,"template":"","format":"standard","meta":{"footnotes":""},"categories":[1625],"tags":[],"class_list":["post-34782","post","type-post","status-publish","format-standard","has-post-thumbnail","hentry","category-lyon"],"yoast_head":"<!-- This site is optimized with the Yoast SEO plugin v27.2 - https:\/\/yoast.com\/product\/yoast-seo-wordpress\/ -->\n<title>LYON 8\u00b0 : L&#039;agenda des \u00e9v\u00e8nements du 19 au 24 septembre<\/title>\n<meta name=\"description\" content=\"LYON 8\u00b0 : L&#039;agenda des \u00e9v\u00e8nements du 19 au 24 septembre\" \/>\n<meta name=\"robots\" content=\"index, follow, max-snippet:-1, max-image-preview:large, max-video-preview:-1\" \/>\n<link rel=\"canonical\" href=\"https:\/\/newsestlyonnais.fr\/site\/2017\/09\/16\/lyon-8-agenda-des-evenements-du\/\" \/>\n<meta property=\"og:locale\" content=\"fr_FR\" \/>\n<meta property=\"og:type\" content=\"article\" \/>\n<meta property=\"og:title\" content=\"LYON 8\u00b0 : L&#039;agenda des \u00e9v\u00e8nements du 19 au 24 septembre\" \/>\n<meta property=\"og:description\" content=\"LYON 8\u00b0 : L&#039;agenda des \u00e9v\u00e8nements du 19 au 24 septembre\" \/>\n<meta property=\"og:url\" content=\"https:\/\/newsestlyonnais.fr\/site\/2017\/09\/16\/lyon-8-agenda-des-evenements-du\/\" \/>\n<meta property=\"og:site_name\" content=\"News Est Lyonnais\" \/>\n<meta property=\"article:author\" content=\"https:\/\/www.facebook.com\/pascal.oberson.1?fref=ts\" \/>\n<meta property=\"article:published_time\" content=\"2017-09-16T05:38:11+00:00\" \/>\n<meta property=\"article:modified_time\" content=\"2020-11-21T18:46:13+00:00\" \/>\n<meta property=\"og:image\" content=\"https:\/\/i1.wp.com\/newsestlyonnais.fr\/site\/wp-content\/uploads\/2016\/06\/NEWSESTLYONNAIS-LYON-PANNEAUP1100180.jpg?fit=1000%2C750&ssl=1\" \/>\n\t<meta property=\"og:image:width\" content=\"1000\" \/>\n\t<meta property=\"og:image:height\" content=\"750\" \/>\n\t<meta property=\"og:image:type\" content=\"image\/jpeg\" \/>\n<meta name=\"author\" content=\"R\u00e9dac. NEWS\" \/>\n<meta name=\"twitter:card\" content=\"summary_large_image\" \/>\n<meta name=\"twitter:label1\" content=\"\u00c9crit par\" \/>\n\t<meta name=\"twitter:data1\" content=\"R\u00e9dac. NEWS\" \/>\n\t<meta name=\"twitter:label2\" content=\"Dur\u00e9e de lecture estim\u00e9e\" \/>\n\t<meta name=\"twitter:data2\" content=\"1 minute\" \/>\n<script type=\"application\/ld+json\" class=\"yoast-schema-graph\">{\"@context\":\"https:\/\/schema.org\",\"@graph\":[{\"@type\":\"Article\",\"@id\":\"https:\/\/newsestlyonnais.fr\/site\/2017\/09\/16\/lyon-8-agenda-des-evenements-du\/#article\",\"isPartOf\":{\"@id\":\"https:\/\/newsestlyonnais.fr\/site\/2017\/09\/16\/lyon-8-agenda-des-evenements-du\/\"},\"author\":{\"name\":\"R\u00e9dac. NEWS\",\"@id\":\"https:\/\/newsestlyonnais.fr\/site\/#\/schema\/person\/3230d5615f390bb808365d673001e887\"},\"headline\":\"LYON 8 | Agenda des \u00e9v\u00e8nements du 19 au 24 septembre\",\"datePublished\":\"2017-09-16T05:38:11+00:00\",\"dateModified\":\"2020-11-21T18:46:13+00:00\",\"mainEntityOfPage\":{\"@id\":\"https:\/\/newsestlyonnais.fr\/site\/2017\/09\/16\/lyon-8-agenda-des-evenements-du\/\"},\"wordCount\":307,\"commentCount\":0,\"publisher\":{\"@id\":\"https:\/\/newsestlyonnais.fr\/site\/#organization\"},\"image\":{\"@id\":\"https:\/\/newsestlyonnais.fr\/site\/2017\/09\/16\/lyon-8-agenda-des-evenements-du\/#primaryimage\"},\"thumbnailUrl\":\"https:\/\/newsestlyonnais.fr\/site\/wp-content\/uploads\/2016\/06\/NEWSESTLYONNAIS-LYON-PANNEAUP1100180.jpg\",\"articleSection\":[\"Lyon\"],\"inLanguage\":\"fr-FR\",\"potentialAction\":[{\"@type\":\"CommentAction\",\"name\":\"Comment\",\"target\":[\"https:\/\/newsestlyonnais.fr\/site\/2017\/09\/16\/lyon-8-agenda-des-evenements-du\/#respond\"]}]},{\"@type\":\"WebPage\",\"@id\":\"https:\/\/newsestlyonnais.fr\/site\/2017\/09\/16\/lyon-8-agenda-des-evenements-du\/\",\"url\":\"https:\/\/newsestlyonnais.fr\/site\/2017\/09\/16\/lyon-8-agenda-des-evenements-du\/\",\"name\":\"LYON 8\u00b0 : L'agenda des \u00e9v\u00e8nements du 19 au 24 septembre\",\"isPartOf\":{\"@id\":\"https:\/\/newsestlyonnais.fr\/site\/#website\"},\"primaryImageOfPage\":{\"@id\":\"https:\/\/newsestlyonnais.fr\/site\/2017\/09\/16\/lyon-8-agenda-des-evenements-du\/#primaryimage\"},\"image\":{\"@id\":\"https:\/\/newsestlyonnais.fr\/site\/2017\/09\/16\/lyon-8-agenda-des-evenements-du\/#primaryimage\"},\"thumbnailUrl\":\"https:\/\/newsestlyonnais.fr\/site\/wp-content\/uploads\/2016\/06\/NEWSESTLYONNAIS-LYON-PANNEAUP1100180.jpg\",\"datePublished\":\"2017-09-16T05:38:11+00:00\",\"dateModified\":\"2020-11-21T18:46:13+00:00\",\"description\":\"LYON 8\u00b0 : L'agenda des \u00e9v\u00e8nements du 19 au 24 septembre\",\"breadcrumb\":{\"@id\":\"https:\/\/newsestlyonnais.fr\/site\/2017\/09\/16\/lyon-8-agenda-des-evenements-du\/#breadcrumb\"},\"inLanguage\":\"fr-FR\",\"potentialAction\":[{\"@type\":\"ReadAction\",\"target\":[\"https:\/\/newsestlyonnais.fr\/site\/2017\/09\/16\/lyon-8-agenda-des-evenements-du\/\"]}]},{\"@type\":\"ImageObject\",\"inLanguage\":\"fr-FR\",\"@id\":\"https:\/\/newsestlyonnais.fr\/site\/2017\/09\/16\/lyon-8-agenda-des-evenements-du\/#primaryimage\",\"url\":\"https:\/\/newsestlyonnais.fr\/site\/wp-content\/uploads\/2016\/06\/NEWSESTLYONNAIS-LYON-PANNEAUP1100180.jpg\",\"contentUrl\":\"https:\/\/newsestlyonnais.fr\/site\/wp-content\/uploads\/2016\/06\/NEWSESTLYONNAIS-LYON-PANNEAUP1100180.jpg\",\"width\":1000,\"height\":750,\"caption\":\"NEWSESTLYONNAIS - LYON PANNEAU\"},{\"@type\":\"BreadcrumbList\",\"@id\":\"https:\/\/newsestlyonnais.fr\/site\/2017\/09\/16\/lyon-8-agenda-des-evenements-du\/#breadcrumb\",\"itemListElement\":[{\"@type\":\"ListItem\",\"position\":1,\"name\":\"Accueil\",\"item\":\"https:\/\/newsestlyonnais.fr\/site\/\"},{\"@type\":\"ListItem\",\"position\":2,\"name\":\"LYON 8 | Agenda des \u00e9v\u00e8nements du 19 au 24 septembre\"}]},{\"@type\":\"WebSite\",\"@id\":\"https:\/\/newsestlyonnais.fr\/site\/#website\",\"url\":\"https:\/\/newsestlyonnais.fr\/site\/\",\"name\":\"News Est Lyonnais\",\"description\":\"L&#039;actualit\u00e9 au plus pr\u00e8s\",\"publisher\":{\"@id\":\"https:\/\/newsestlyonnais.fr\/site\/#organization\"},\"potentialAction\":[{\"@type\":\"SearchAction\",\"target\":{\"@type\":\"EntryPoint\",\"urlTemplate\":\"https:\/\/newsestlyonnais.fr\/site\/?s={search_term_string}\"},\"query-input\":{\"@type\":\"PropertyValueSpecification\",\"valueRequired\":true,\"valueName\":\"search_term_string\"}}],\"inLanguage\":\"fr-FR\"},{\"@type\":\"Organization\",\"@id\":\"https:\/\/newsestlyonnais.fr\/site\/#organization\",\"name\":\"News EST LYONNAIS\",\"url\":\"https:\/\/newsestlyonnais.fr\/site\/\",\"logo\":{\"@type\":\"ImageObject\",\"inLanguage\":\"fr-FR\",\"@id\":\"https:\/\/newsestlyonnais.fr\/site\/#\/schema\/logo\/image\/\",\"url\":\"\",\"contentUrl\":\"\",\"caption\":\"News EST LYONNAIS\"},\"image\":{\"@id\":\"https:\/\/newsestlyonnais.fr\/site\/#\/schema\/logo\/image\/\"}},{\"@type\":\"Person\",\"@id\":\"https:\/\/newsestlyonnais.fr\/site\/#\/schema\/person\/3230d5615f390bb808365d673001e887\",\"name\":\"R\u00e9dac. NEWS\",\"sameAs\":[\"http:\/\/www.newsestlyonnais.fr\",\"https:\/\/www.facebook.com\/pascal.oberson.1?fref=ts\",\"https:\/\/fr.linkedin.com\/in\/pascal-oberson-b17045113\"],\"url\":\"https:\/\/newsestlyonnais.fr\/site\/author\/nel\/\"}]}<\/script>\n<!-- \/ Yoast SEO plugin. -->","yoast_head_json":{"title":"LYON 8\u00b0 : L'agenda des \u00e9v\u00e8nements du 19 au 24 septembre","description":"LYON 8\u00b0 : L'agenda des \u00e9v\u00e8nements du 19 au 24 septembre","robots":{"index":"index","follow":"follow","max-snippet":"max-snippet:-1","max-image-preview":"max-image-preview:large","max-video-preview":"max-video-preview:-1"},"canonical":"https:\/\/newsestlyonnais.fr\/site\/2017\/09\/16\/lyon-8-agenda-des-evenements-du\/","og_locale":"fr_FR","og_type":"article","og_title":"LYON 8\u00b0 : L'agenda des \u00e9v\u00e8nements du 19 au 24 septembre","og_description":"LYON 8\u00b0 : L'agenda des \u00e9v\u00e8nements du 19 au 24 septembre","og_url":"https:\/\/newsestlyonnais.fr\/site\/2017\/09\/16\/lyon-8-agenda-des-evenements-du\/","og_site_name":"News Est Lyonnais","article_author":"https:\/\/www.facebook.com\/pascal.oberson.1?fref=ts","article_published_time":"2017-09-16T05:38:11+00:00","article_modified_time":"2020-11-21T18:46:13+00:00","og_image":[{"width":1000,"height":750,"url":"https:\/\/i1.wp.com\/newsestlyonnais.fr\/site\/wp-content\/uploads\/2016\/06\/NEWSESTLYONNAIS-LYON-PANNEAUP1100180.jpg?fit=1000%2C750&ssl=1","type":"image\/jpeg"}],"author":"R\u00e9dac. NEWS","twitter_card":"summary_large_image","twitter_misc":{"\u00c9crit par":"R\u00e9dac. NEWS","Dur\u00e9e de lecture estim\u00e9e":"1 minute"},"schema":{"@context":"https:\/\/schema.org","@graph":[{"@type":"Article","@id":"https:\/\/newsestlyonnais.fr\/site\/2017\/09\/16\/lyon-8-agenda-des-evenements-du\/#article","isPartOf":{"@id":"https:\/\/newsestlyonnais.fr\/site\/2017\/09\/16\/lyon-8-agenda-des-evenements-du\/"},"author":{"name":"R\u00e9dac. NEWS","@id":"https:\/\/newsestlyonnais.fr\/site\/#\/schema\/person\/3230d5615f390bb808365d673001e887"},"headline":"LYON 8 | Agenda des \u00e9v\u00e8nements du 19 au 24 septembre","datePublished":"2017-09-16T05:38:11+00:00","dateModified":"2020-11-21T18:46:13+00:00","mainEntityOfPage":{"@id":"https:\/\/newsestlyonnais.fr\/site\/2017\/09\/16\/lyon-8-agenda-des-evenements-du\/"},"wordCount":307,"commentCount":0,"publisher":{"@id":"https:\/\/newsestlyonnais.fr\/site\/#organization"},"image":{"@id":"https:\/\/newsestlyonnais.fr\/site\/2017\/09\/16\/lyon-8-agenda-des-evenements-du\/#primaryimage"},"thumbnailUrl":"https:\/\/newsestlyonnais.fr\/site\/wp-content\/uploads\/2016\/06\/NEWSESTLYONNAIS-LYON-PANNEAUP1100180.jpg","articleSection":["Lyon"],"inLanguage":"fr-FR","potentialAction":[{"@type":"CommentAction","name":"Comment","target":["https:\/\/newsestlyonnais.fr\/site\/2017\/09\/16\/lyon-8-agenda-des-evenements-du\/#respond"]}]},{"@type":"WebPage","@id":"https:\/\/newsestlyonnais.fr\/site\/2017\/09\/16\/lyon-8-agenda-des-evenements-du\/","url":"https:\/\/newsestlyonnais.fr\/site\/2017\/09\/16\/lyon-8-agenda-des-evenements-du\/","name":"LYON 8\u00b0 : L'agenda des \u00e9v\u00e8nements du 19 au 24 septembre","isPartOf":{"@id":"https:\/\/newsestlyonnais.fr\/site\/#website"},"primaryImageOfPage":{"@id":"https:\/\/newsestlyonnais.fr\/site\/2017\/09\/16\/lyon-8-agenda-des-evenements-du\/#primaryimage"},"image":{"@id":"https:\/\/newsestlyonnais.fr\/site\/2017\/09\/16\/lyon-8-agenda-des-evenements-du\/#primaryimage"},"thumbnailUrl":"https:\/\/newsestlyonnais.fr\/site\/wp-content\/uploads\/2016\/06\/NEWSESTLYONNAIS-LYON-PANNEAUP1100180.jpg","datePublished":"2017-09-16T05:38:11+00:00","dateModified":"2020-11-21T18:46:13+00:00","description":"LYON 8\u00b0 : L'agenda des \u00e9v\u00e8nements du 19 au 24 septembre","breadcrumb":{"@id":"https:\/\/newsestlyonnais.fr\/site\/2017\/09\/16\/lyon-8-agenda-des-evenements-du\/#breadcrumb"},"inLanguage":"fr-FR","potentialAction":[{"@type":"ReadAction","target":["https:\/\/newsestlyonnais.fr\/site\/2017\/09\/16\/lyon-8-agenda-des-evenements-du\/"]}]},{"@type":"ImageObject","inLanguage":"fr-FR","@id":"https:\/\/newsestlyonnais.fr\/site\/2017\/09\/16\/lyon-8-agenda-des-evenements-du\/#primaryimage","url":"https:\/\/newsestlyonnais.fr\/site\/wp-content\/uploads\/2016\/06\/NEWSESTLYONNAIS-LYON-PANNEAUP1100180.jpg","contentUrl":"https:\/\/newsestlyonnais.fr\/site\/wp-content\/uploads\/2016\/06\/NEWSESTLYONNAIS-LYON-PANNEAUP1100180.jpg","width":1000,"height":750,"caption":"NEWSESTLYONNAIS - LYON PANNEAU"},{"@type":"BreadcrumbList","@id":"https:\/\/newsestlyonnais.fr\/site\/2017\/09\/16\/lyon-8-agenda-des-evenements-du\/#breadcrumb","itemListElement":[{"@type":"ListItem","position":1,"name":"Accueil","item":"https:\/\/newsestlyonnais.fr\/site\/"},{"@type":"ListItem","position":2,"name":"LYON 8 | Agenda des \u00e9v\u00e8nements du 19 au 24 septembre"}]},{"@type":"WebSite","@id":"https:\/\/newsestlyonnais.fr\/site\/#website","url":"https:\/\/newsestlyonnais.fr\/site\/","name":"News Est Lyonnais","description":"L&#039;actualit\u00e9 au plus pr\u00e8s","publisher":{"@id":"https:\/\/newsestlyonnais.fr\/site\/#organization"},"potentialAction":[{"@type":"SearchAction","target":{"@type":"EntryPoint","urlTemplate":"https:\/\/newsestlyonnais.fr\/site\/?s={search_term_string}"},"query-input":{"@type":"PropertyValueSpecification","valueRequired":true,"valueName":"search_term_string"}}],"inLanguage":"fr-FR"},{"@type":"Organization","@id":"https:\/\/newsestlyonnais.fr\/site\/#organization","name":"News EST LYONNAIS","url":"https:\/\/newsestlyonnais.fr\/site\/","logo":{"@type":"ImageObject","inLanguage":"fr-FR","@id":"https:\/\/newsestlyonnais.fr\/site\/#\/schema\/logo\/image\/","url":"","contentUrl":"","caption":"News EST LYONNAIS"},"image":{"@id":"https:\/\/newsestlyonnais.fr\/site\/#\/schema\/logo\/image\/"}},{"@type":"Person","@id":"https:\/\/newsestlyonnais.fr\/site\/#\/schema\/person\/3230d5615f390bb808365d673001e887","name":"R\u00e9dac. NEWS","sameAs":["http:\/\/www.newsestlyonnais.fr","https:\/\/www.facebook.com\/pascal.oberson.1?fref=ts","https:\/\/fr.linkedin.com\/in\/pascal-oberson-b17045113"],"url":"https:\/\/newsestlyonnais.fr\/site\/author\/nel\/"}]}},"_links":{"self":[{"href":"https:\/\/newsestlyonnais.fr\/site\/wp-json\/wp\/v2\/posts\/34782","targetHints":{"allow":["GET"]}}],"collection":[{"href":"https:\/\/newsestlyonnais.fr\/site\/wp-json\/wp\/v2\/posts"}],"about":[{"href":"https:\/\/newsestlyonnais.fr\/site\/wp-json\/wp\/v2\/types\/post"}],"author":[{"embeddable":true,"href":"https:\/\/newsestlyonnais.fr\/site\/wp-json\/wp\/v2\/users\/4"}],"replies":[{"embeddable":true,"href":"https:\/\/newsestlyonnais.fr\/site\/wp-json\/wp\/v2\/comments?post=34782"}],"version-history":[{"count":0,"href":"https:\/\/newsestlyonnais.fr\/site\/wp-json\/wp\/v2\/posts\/34782\/revisions"}],"wp:featuredmedia":[{"embeddable":true,"href":"https:\/\/newsestlyonnais.fr\/site\/wp-json\/wp\/v2\/media\/8840"}],"wp:attachment":[{"href":"https:\/\/newsestlyonnais.fr\/site\/wp-json\/wp\/v2\/media?parent=34782"}],"wp:term":[{"taxonomy":"category","embeddable":true,"href":"https:\/\/newsestlyonnais.fr\/site\/wp-json\/wp\/v2\/categories?post=34782"},{"taxonomy":"post_tag","embeddable":true,"href":"https:\/\/newsestlyonnais.fr\/site\/wp-json\/wp\/v2\/tags?post=34782"}],"curies":[{"name":"wp","href":"https:\/\/api.w.org\/{rel}","templated":true}]}}