{"id":34806,"date":"2017-09-17T14:47:16","date_gmt":"2017-09-17T13:47:16","guid":{"rendered":"http:\/\/newsestlyonnais.fr\/site\/?p=34806"},"modified":"2020-11-03T16:40:55","modified_gmt":"2020-11-03T15:40:55","slug":"vaulx-en-velin-les-seniors-1-du-vaulx-basket-sinclinent-a-domicile-pour-louverture-en-n3","status":"publish","type":"post","link":"https:\/\/newsestlyonnais.fr\/site\/2017\/09\/17\/vaulx-en-velin-les-seniors-1-du-vaulx-basket-sinclinent-a-domicile-pour-louverture-en-n3\/","title":{"rendered":"VAULX-EN-VELIN | Les seniors 1 du Vaulx Basket s&rsquo;inclinent \u00e0 domicile pour l&rsquo;ouverture en N3"},"content":{"rendered":"<h4>Reprise du championnat de Nationale 3 pour les seniors 1 du Vaulx Basket Club samedi soir \u00e0 Aubert contre la formation de l&rsquo;Etoile de Lagresle (Loire).<\/h4>\n<p>Une ouverture officielle de la saison qui a malheureusement tourn\u00e9e en faveur de l&rsquo;\u00e9quipe visiteuse, de retour \u00e0 ce niveau et qui s&rsquo;est impos\u00e9 76\/72.<\/p>\n<p>Les basketteurs vaudais auront \u00e0 coeur de se reprendre d\u00e8s la 2\u00b0 journ\u00e9e de cette poule L, samedi prochain et qui les verra effectuer un d\u00e9placement pour affronter la Chorale de Roanne, club embl\u00e9matique de la r\u00e9gion, o\u00f9 avait notamment d\u00e9but\u00e9 Alain Gilles. Ceci avant d&rsquo;accueillir le samedi 7 Octobre la J.A. Vichy Clermont M\u00e9tropole.<\/p>\n<p><strong>PHOTO A LA UNE<\/strong>: les vaudais lors de cette premi\u00e8re \u00e0 domicile<\/p>\n<h4>&#8211;\u00a0 Retrouvez l&rsquo;ACTU du club sur :\u00a0<a href=\"http:\/\/www.vaulxbasketclub.fr\" target=\"_blank\" rel=\"noopener noreferrer\">http:\/\/www.vaulxbasketclub.fr<\/a><\/h4>\n<div id='gallery-1' class='gallery galleryid-34806 gallery-columns-3 gallery-size-thumbnail'><figure class='gallery-item'>\n\t\t\t<div class='gallery-icon landscape'>\n\t\t\t\t<a href='https:\/\/newsestlyonnais.fr\/site\/2017\/09\/17\/vaulx-en-velin-les-seniors-1-du-vaulx-basket-sinclinent-a-domicile-pour-louverture-en-n3\/newsestlyonnais-vbc-lagresle-03\/'><img loading=\"lazy\" decoding=\"async\" width=\"150\" height=\"150\" src=\"https:\/\/newsestlyonnais.fr\/site\/wp-content\/uploads\/2017\/09\/NEWSESTLYONNAIS-VBC-LAGRESLE-03-150x150.jpg\" class=\"attachment-thumbnail size-thumbnail\" alt=\"\" aria-describedby=\"gallery-1-34813\" \/><\/a>\n\t\t\t<\/div>\n\t\t\t\t<figcaption class='wp-caption-text gallery-caption' id='gallery-1-34813'>\n\t\t\t\tL&rsquo;Etoile de Lagresle vainqueur du match \n\t\t\t\t<\/figcaption><\/figure><figure class='gallery-item'>\n\t\t\t<div class='gallery-icon landscape'>\n\t\t\t\t<a href='https:\/\/newsestlyonnais.fr\/site\/2017\/09\/17\/vaulx-en-velin-les-seniors-1-du-vaulx-basket-sinclinent-a-domicile-pour-louverture-en-n3\/newsestlyonnais-vbc-lagresle\/'><img loading=\"lazy\" decoding=\"async\" width=\"150\" height=\"150\" src=\"https:\/\/newsestlyonnais.fr\/site\/wp-content\/uploads\/2017\/09\/NEWSESTLYONNAIS-VBC-LAGRESLE-150x150.jpg\" class=\"attachment-thumbnail size-thumbnail\" alt=\"NEWSESTLYONNAIS - VBC LAGRESLE\" aria-describedby=\"gallery-1-34810\" \/><\/a>\n\t\t\t<\/div>\n\t\t\t\t<figcaption class='wp-caption-text gallery-caption' id='gallery-1-34810'>\n\t\t\t\tLes vaudais pour cette premi\u00e8re \u00e0 domicile \n\t\t\t\t<\/figcaption><\/figure><figure class='gallery-item'>\n\t\t\t<div class='gallery-icon landscape'>\n\t\t\t\t<a href='https:\/\/newsestlyonnais.fr\/site\/2017\/09\/17\/vaulx-en-velin-les-seniors-1-du-vaulx-basket-sinclinent-a-domicile-pour-louverture-en-n3\/newsestlyonnais-vbd-lagresle-01\/'><img loading=\"lazy\" decoding=\"async\" width=\"150\" height=\"150\" src=\"https:\/\/newsestlyonnais.fr\/site\/wp-content\/uploads\/2017\/09\/NEWSESTLYONNAIS-VBD-LAGRESLE-01--150x150.jpg\" class=\"attachment-thumbnail size-thumbnail\" alt=\"NEWSESTLYONNAIS VBD LAGRESLE 01\" \/><\/a>\n\t\t\t<\/div><\/figure><figure class='gallery-item'>\n\t\t\t<div class='gallery-icon landscape'>\n\t\t\t\t<a href='https:\/\/newsestlyonnais.fr\/site\/2017\/09\/17\/vaulx-en-velin-les-seniors-1-du-vaulx-basket-sinclinent-a-domicile-pour-louverture-en-n3\/newsestlyonnais-vbc-lagesle-02\/'><img loading=\"lazy\" decoding=\"async\" width=\"150\" height=\"150\" src=\"https:\/\/newsestlyonnais.fr\/site\/wp-content\/uploads\/2017\/09\/NEWSESTLYONNAIS-VBC-LAGESLE-02--150x150.jpg\" class=\"attachment-thumbnail size-thumbnail\" alt=\"NEWSESTLYONNAIS - VBC LAGESLE 02\" \/><\/a>\n\t\t\t<\/div><\/figure>\n\t\t<\/div>\n\n","protected":false},"excerpt":{"rendered":"<p>Reprise du championnat de Nationale 3 pour les seniors 1 du Vaulx Basket Club samedi soir \u00e0 Aubert contre la formation de l&rsquo;Etoile de Lagresle (Loire). Une ouverture officielle de la saison qui a malheureusement tourn\u00e9e en faveur de l&rsquo;\u00e9quipe visiteuse, de retour \u00e0 ce niveau et qui s&rsquo;est impos\u00e9 76\/72. Les basketteurs vaudais auront [&hellip;]<\/p>\n","protected":false},"author":4,"featured_media":34810,"comment_status":"open","ping_status":"open","sticky":false,"template":"","format":"standard","meta":{"footnotes":""},"categories":[1357,2975,28],"tags":[],"class_list":["post-34806","post","type-post","status-publish","format-standard","has-post-thumbnail","hentry","category-basket","category-basket-hand-volley-sports","category-vaulx-en-velin"],"yoast_head":"<!-- This site is optimized with the Yoast SEO plugin v27.2 - https:\/\/yoast.com\/product\/yoast-seo-wordpress\/ -->\n<title>VAULX EN VELIN : Les seniors 1 du Vaulx basket s&#039;inclinent \u00e0 domicile pour l&#039;ouverture en N3<\/title>\n<meta name=\"description\" content=\"VAULX EN VELIN : Les seniors 1 du Vaulx basket s&#039;inclinent \u00e0 domicile pour l&#039;ouverture en N3\" \/>\n<meta name=\"robots\" content=\"index, follow, max-snippet:-1, max-image-preview:large, max-video-preview:-1\" \/>\n<link rel=\"canonical\" href=\"https:\/\/newsestlyonnais.fr\/site\/2017\/09\/17\/vaulx-en-velin-les-seniors-1-du-vaulx-basket-sinclinent-a-domicile-pour-louverture-en-n3\/\" \/>\n<meta property=\"og:locale\" content=\"fr_FR\" \/>\n<meta property=\"og:type\" content=\"article\" \/>\n<meta property=\"og:title\" content=\"VAULX EN VELIN : Les seniors 1 du Vaulx basket s&#039;inclinent \u00e0 domicile pour l&#039;ouverture en N3\" \/>\n<meta property=\"og:description\" content=\"VAULX EN VELIN : Les seniors 1 du Vaulx basket s&#039;inclinent \u00e0 domicile pour l&#039;ouverture en N3\" \/>\n<meta property=\"og:url\" content=\"https:\/\/newsestlyonnais.fr\/site\/2017\/09\/17\/vaulx-en-velin-les-seniors-1-du-vaulx-basket-sinclinent-a-domicile-pour-louverture-en-n3\/\" \/>\n<meta property=\"og:site_name\" content=\"News Est Lyonnais\" \/>\n<meta property=\"article:author\" content=\"https:\/\/www.facebook.com\/pascal.oberson.1?fref=ts\" \/>\n<meta property=\"article:published_time\" content=\"2017-09-17T13:47:16+00:00\" \/>\n<meta property=\"article:modified_time\" content=\"2020-11-03T15:40:55+00:00\" \/>\n<meta property=\"og:image\" content=\"https:\/\/i2.wp.com\/newsestlyonnais.fr\/site\/wp-content\/uploads\/2017\/09\/NEWSESTLYONNAIS-VBC-LAGRESLE.jpg?fit=1000%2C750&ssl=1\" \/>\n\t<meta property=\"og:image:width\" content=\"1000\" \/>\n\t<meta property=\"og:image:height\" content=\"750\" \/>\n\t<meta property=\"og:image:type\" content=\"image\/jpeg\" \/>\n<meta name=\"author\" content=\"R\u00e9dac. NEWS\" \/>\n<meta name=\"twitter:card\" content=\"summary_large_image\" \/>\n<meta name=\"twitter:label1\" content=\"\u00c9crit par\" \/>\n\t<meta name=\"twitter:data1\" content=\"R\u00e9dac. NEWS\" \/>\n\t<meta name=\"twitter:label2\" content=\"Dur\u00e9e de lecture estim\u00e9e\" \/>\n\t<meta name=\"twitter:data2\" content=\"1 minute\" \/>\n<script type=\"application\/ld+json\" class=\"yoast-schema-graph\">{\"@context\":\"https:\/\/schema.org\",\"@graph\":[{\"@type\":\"Article\",\"@id\":\"https:\/\/newsestlyonnais.fr\/site\/2017\/09\/17\/vaulx-en-velin-les-seniors-1-du-vaulx-basket-sinclinent-a-domicile-pour-louverture-en-n3\/#article\",\"isPartOf\":{\"@id\":\"https:\/\/newsestlyonnais.fr\/site\/2017\/09\/17\/vaulx-en-velin-les-seniors-1-du-vaulx-basket-sinclinent-a-domicile-pour-louverture-en-n3\/\"},\"author\":{\"name\":\"R\u00e9dac. NEWS\",\"@id\":\"https:\/\/newsestlyonnais.fr\/site\/#\/schema\/person\/3230d5615f390bb808365d673001e887\"},\"headline\":\"VAULX-EN-VELIN | Les seniors 1 du Vaulx Basket s&rsquo;inclinent \u00e0 domicile pour l&rsquo;ouverture en N3\",\"datePublished\":\"2017-09-17T13:47:16+00:00\",\"dateModified\":\"2020-11-03T15:40:55+00:00\",\"mainEntityOfPage\":{\"@id\":\"https:\/\/newsestlyonnais.fr\/site\/2017\/09\/17\/vaulx-en-velin-les-seniors-1-du-vaulx-basket-sinclinent-a-domicile-pour-louverture-en-n3\/\"},\"wordCount\":152,\"commentCount\":0,\"publisher\":{\"@id\":\"https:\/\/newsestlyonnais.fr\/site\/#organization\"},\"image\":{\"@id\":\"https:\/\/newsestlyonnais.fr\/site\/2017\/09\/17\/vaulx-en-velin-les-seniors-1-du-vaulx-basket-sinclinent-a-domicile-pour-louverture-en-n3\/#primaryimage\"},\"thumbnailUrl\":\"https:\/\/newsestlyonnais.fr\/site\/wp-content\/uploads\/2017\/09\/NEWSESTLYONNAIS-VBC-LAGRESLE.jpg\",\"articleSection\":[\"Basket\",\"Basket | Hand | Volley\",\"Vaulx-en-Velin\"],\"inLanguage\":\"fr-FR\",\"potentialAction\":[{\"@type\":\"CommentAction\",\"name\":\"Comment\",\"target\":[\"https:\/\/newsestlyonnais.fr\/site\/2017\/09\/17\/vaulx-en-velin-les-seniors-1-du-vaulx-basket-sinclinent-a-domicile-pour-louverture-en-n3\/#respond\"]}]},{\"@type\":\"WebPage\",\"@id\":\"https:\/\/newsestlyonnais.fr\/site\/2017\/09\/17\/vaulx-en-velin-les-seniors-1-du-vaulx-basket-sinclinent-a-domicile-pour-louverture-en-n3\/\",\"url\":\"https:\/\/newsestlyonnais.fr\/site\/2017\/09\/17\/vaulx-en-velin-les-seniors-1-du-vaulx-basket-sinclinent-a-domicile-pour-louverture-en-n3\/\",\"name\":\"VAULX EN VELIN : Les seniors 1 du Vaulx basket s'inclinent \u00e0 domicile pour l'ouverture en N3\",\"isPartOf\":{\"@id\":\"https:\/\/newsestlyonnais.fr\/site\/#website\"},\"primaryImageOfPage\":{\"@id\":\"https:\/\/newsestlyonnais.fr\/site\/2017\/09\/17\/vaulx-en-velin-les-seniors-1-du-vaulx-basket-sinclinent-a-domicile-pour-louverture-en-n3\/#primaryimage\"},\"image\":{\"@id\":\"https:\/\/newsestlyonnais.fr\/site\/2017\/09\/17\/vaulx-en-velin-les-seniors-1-du-vaulx-basket-sinclinent-a-domicile-pour-louverture-en-n3\/#primaryimage\"},\"thumbnailUrl\":\"https:\/\/newsestlyonnais.fr\/site\/wp-content\/uploads\/2017\/09\/NEWSESTLYONNAIS-VBC-LAGRESLE.jpg\",\"datePublished\":\"2017-09-17T13:47:16+00:00\",\"dateModified\":\"2020-11-03T15:40:55+00:00\",\"description\":\"VAULX EN VELIN : Les seniors 1 du Vaulx basket s'inclinent \u00e0 domicile pour l'ouverture en N3\",\"breadcrumb\":{\"@id\":\"https:\/\/newsestlyonnais.fr\/site\/2017\/09\/17\/vaulx-en-velin-les-seniors-1-du-vaulx-basket-sinclinent-a-domicile-pour-louverture-en-n3\/#breadcrumb\"},\"inLanguage\":\"fr-FR\",\"potentialAction\":[{\"@type\":\"ReadAction\",\"target\":[\"https:\/\/newsestlyonnais.fr\/site\/2017\/09\/17\/vaulx-en-velin-les-seniors-1-du-vaulx-basket-sinclinent-a-domicile-pour-louverture-en-n3\/\"]}]},{\"@type\":\"ImageObject\",\"inLanguage\":\"fr-FR\",\"@id\":\"https:\/\/newsestlyonnais.fr\/site\/2017\/09\/17\/vaulx-en-velin-les-seniors-1-du-vaulx-basket-sinclinent-a-domicile-pour-louverture-en-n3\/#primaryimage\",\"url\":\"https:\/\/newsestlyonnais.fr\/site\/wp-content\/uploads\/2017\/09\/NEWSESTLYONNAIS-VBC-LAGRESLE.jpg\",\"contentUrl\":\"https:\/\/newsestlyonnais.fr\/site\/wp-content\/uploads\/2017\/09\/NEWSESTLYONNAIS-VBC-LAGRESLE.jpg\",\"width\":1000,\"height\":750,\"caption\":\"Les vaudais pour cette premi\u00e8re \u00e0 domicile\"},{\"@type\":\"BreadcrumbList\",\"@id\":\"https:\/\/newsestlyonnais.fr\/site\/2017\/09\/17\/vaulx-en-velin-les-seniors-1-du-vaulx-basket-sinclinent-a-domicile-pour-louverture-en-n3\/#breadcrumb\",\"itemListElement\":[{\"@type\":\"ListItem\",\"position\":1,\"name\":\"Accueil\",\"item\":\"https:\/\/newsestlyonnais.fr\/site\/\"},{\"@type\":\"ListItem\",\"position\":2,\"name\":\"VAULX-EN-VELIN | Les seniors 1 du Vaulx Basket s&rsquo;inclinent \u00e0 domicile pour l&rsquo;ouverture en N3\"}]},{\"@type\":\"WebSite\",\"@id\":\"https:\/\/newsestlyonnais.fr\/site\/#website\",\"url\":\"https:\/\/newsestlyonnais.fr\/site\/\",\"name\":\"News Est Lyonnais\",\"description\":\"L&#039;actualit\u00e9 au plus pr\u00e8s\",\"publisher\":{\"@id\":\"https:\/\/newsestlyonnais.fr\/site\/#organization\"},\"potentialAction\":[{\"@type\":\"SearchAction\",\"target\":{\"@type\":\"EntryPoint\",\"urlTemplate\":\"https:\/\/newsestlyonnais.fr\/site\/?s={search_term_string}\"},\"query-input\":{\"@type\":\"PropertyValueSpecification\",\"valueRequired\":true,\"valueName\":\"search_term_string\"}}],\"inLanguage\":\"fr-FR\"},{\"@type\":\"Organization\",\"@id\":\"https:\/\/newsestlyonnais.fr\/site\/#organization\",\"name\":\"News EST LYONNAIS\",\"url\":\"https:\/\/newsestlyonnais.fr\/site\/\",\"logo\":{\"@type\":\"ImageObject\",\"inLanguage\":\"fr-FR\",\"@id\":\"https:\/\/newsestlyonnais.fr\/site\/#\/schema\/logo\/image\/\",\"url\":\"\",\"contentUrl\":\"\",\"caption\":\"News EST LYONNAIS\"},\"image\":{\"@id\":\"https:\/\/newsestlyonnais.fr\/site\/#\/schema\/logo\/image\/\"}},{\"@type\":\"Person\",\"@id\":\"https:\/\/newsestlyonnais.fr\/site\/#\/schema\/person\/3230d5615f390bb808365d673001e887\",\"name\":\"R\u00e9dac. NEWS\",\"sameAs\":[\"http:\/\/www.newsestlyonnais.fr\",\"https:\/\/www.facebook.com\/pascal.oberson.1?fref=ts\",\"https:\/\/fr.linkedin.com\/in\/pascal-oberson-b17045113\"],\"url\":\"https:\/\/newsestlyonnais.fr\/site\/author\/nel\/\"}]}<\/script>\n<!-- \/ Yoast SEO plugin. -->","yoast_head_json":{"title":"VAULX EN VELIN : Les seniors 1 du Vaulx basket s'inclinent \u00e0 domicile pour l'ouverture en N3","description":"VAULX EN VELIN : Les seniors 1 du Vaulx basket s'inclinent \u00e0 domicile pour l'ouverture en N3","robots":{"index":"index","follow":"follow","max-snippet":"max-snippet:-1","max-image-preview":"max-image-preview:large","max-video-preview":"max-video-preview:-1"},"canonical":"https:\/\/newsestlyonnais.fr\/site\/2017\/09\/17\/vaulx-en-velin-les-seniors-1-du-vaulx-basket-sinclinent-a-domicile-pour-louverture-en-n3\/","og_locale":"fr_FR","og_type":"article","og_title":"VAULX EN VELIN : Les seniors 1 du Vaulx basket s'inclinent \u00e0 domicile pour l'ouverture en N3","og_description":"VAULX EN VELIN : Les seniors 1 du Vaulx basket s'inclinent \u00e0 domicile pour l'ouverture en N3","og_url":"https:\/\/newsestlyonnais.fr\/site\/2017\/09\/17\/vaulx-en-velin-les-seniors-1-du-vaulx-basket-sinclinent-a-domicile-pour-louverture-en-n3\/","og_site_name":"News Est Lyonnais","article_author":"https:\/\/www.facebook.com\/pascal.oberson.1?fref=ts","article_published_time":"2017-09-17T13:47:16+00:00","article_modified_time":"2020-11-03T15:40:55+00:00","og_image":[{"width":1000,"height":750,"url":"https:\/\/i2.wp.com\/newsestlyonnais.fr\/site\/wp-content\/uploads\/2017\/09\/NEWSESTLYONNAIS-VBC-LAGRESLE.jpg?fit=1000%2C750&ssl=1","type":"image\/jpeg"}],"author":"R\u00e9dac. NEWS","twitter_card":"summary_large_image","twitter_misc":{"\u00c9crit par":"R\u00e9dac. NEWS","Dur\u00e9e de lecture estim\u00e9e":"1 minute"},"schema":{"@context":"https:\/\/schema.org","@graph":[{"@type":"Article","@id":"https:\/\/newsestlyonnais.fr\/site\/2017\/09\/17\/vaulx-en-velin-les-seniors-1-du-vaulx-basket-sinclinent-a-domicile-pour-louverture-en-n3\/#article","isPartOf":{"@id":"https:\/\/newsestlyonnais.fr\/site\/2017\/09\/17\/vaulx-en-velin-les-seniors-1-du-vaulx-basket-sinclinent-a-domicile-pour-louverture-en-n3\/"},"author":{"name":"R\u00e9dac. NEWS","@id":"https:\/\/newsestlyonnais.fr\/site\/#\/schema\/person\/3230d5615f390bb808365d673001e887"},"headline":"VAULX-EN-VELIN | Les seniors 1 du Vaulx Basket s&rsquo;inclinent \u00e0 domicile pour l&rsquo;ouverture en N3","datePublished":"2017-09-17T13:47:16+00:00","dateModified":"2020-11-03T15:40:55+00:00","mainEntityOfPage":{"@id":"https:\/\/newsestlyonnais.fr\/site\/2017\/09\/17\/vaulx-en-velin-les-seniors-1-du-vaulx-basket-sinclinent-a-domicile-pour-louverture-en-n3\/"},"wordCount":152,"commentCount":0,"publisher":{"@id":"https:\/\/newsestlyonnais.fr\/site\/#organization"},"image":{"@id":"https:\/\/newsestlyonnais.fr\/site\/2017\/09\/17\/vaulx-en-velin-les-seniors-1-du-vaulx-basket-sinclinent-a-domicile-pour-louverture-en-n3\/#primaryimage"},"thumbnailUrl":"https:\/\/newsestlyonnais.fr\/site\/wp-content\/uploads\/2017\/09\/NEWSESTLYONNAIS-VBC-LAGRESLE.jpg","articleSection":["Basket","Basket | Hand | Volley","Vaulx-en-Velin"],"inLanguage":"fr-FR","potentialAction":[{"@type":"CommentAction","name":"Comment","target":["https:\/\/newsestlyonnais.fr\/site\/2017\/09\/17\/vaulx-en-velin-les-seniors-1-du-vaulx-basket-sinclinent-a-domicile-pour-louverture-en-n3\/#respond"]}]},{"@type":"WebPage","@id":"https:\/\/newsestlyonnais.fr\/site\/2017\/09\/17\/vaulx-en-velin-les-seniors-1-du-vaulx-basket-sinclinent-a-domicile-pour-louverture-en-n3\/","url":"https:\/\/newsestlyonnais.fr\/site\/2017\/09\/17\/vaulx-en-velin-les-seniors-1-du-vaulx-basket-sinclinent-a-domicile-pour-louverture-en-n3\/","name":"VAULX EN VELIN : Les seniors 1 du Vaulx basket s'inclinent \u00e0 domicile pour l'ouverture en N3","isPartOf":{"@id":"https:\/\/newsestlyonnais.fr\/site\/#website"},"primaryImageOfPage":{"@id":"https:\/\/newsestlyonnais.fr\/site\/2017\/09\/17\/vaulx-en-velin-les-seniors-1-du-vaulx-basket-sinclinent-a-domicile-pour-louverture-en-n3\/#primaryimage"},"image":{"@id":"https:\/\/newsestlyonnais.fr\/site\/2017\/09\/17\/vaulx-en-velin-les-seniors-1-du-vaulx-basket-sinclinent-a-domicile-pour-louverture-en-n3\/#primaryimage"},"thumbnailUrl":"https:\/\/newsestlyonnais.fr\/site\/wp-content\/uploads\/2017\/09\/NEWSESTLYONNAIS-VBC-LAGRESLE.jpg","datePublished":"2017-09-17T13:47:16+00:00","dateModified":"2020-11-03T15:40:55+00:00","description":"VAULX EN VELIN : Les seniors 1 du Vaulx basket s'inclinent \u00e0 domicile pour l'ouverture en N3","breadcrumb":{"@id":"https:\/\/newsestlyonnais.fr\/site\/2017\/09\/17\/vaulx-en-velin-les-seniors-1-du-vaulx-basket-sinclinent-a-domicile-pour-louverture-en-n3\/#breadcrumb"},"inLanguage":"fr-FR","potentialAction":[{"@type":"ReadAction","target":["https:\/\/newsestlyonnais.fr\/site\/2017\/09\/17\/vaulx-en-velin-les-seniors-1-du-vaulx-basket-sinclinent-a-domicile-pour-louverture-en-n3\/"]}]},{"@type":"ImageObject","inLanguage":"fr-FR","@id":"https:\/\/newsestlyonnais.fr\/site\/2017\/09\/17\/vaulx-en-velin-les-seniors-1-du-vaulx-basket-sinclinent-a-domicile-pour-louverture-en-n3\/#primaryimage","url":"https:\/\/newsestlyonnais.fr\/site\/wp-content\/uploads\/2017\/09\/NEWSESTLYONNAIS-VBC-LAGRESLE.jpg","contentUrl":"https:\/\/newsestlyonnais.fr\/site\/wp-content\/uploads\/2017\/09\/NEWSESTLYONNAIS-VBC-LAGRESLE.jpg","width":1000,"height":750,"caption":"Les vaudais pour cette premi\u00e8re \u00e0 domicile"},{"@type":"BreadcrumbList","@id":"https:\/\/newsestlyonnais.fr\/site\/2017\/09\/17\/vaulx-en-velin-les-seniors-1-du-vaulx-basket-sinclinent-a-domicile-pour-louverture-en-n3\/#breadcrumb","itemListElement":[{"@type":"ListItem","position":1,"name":"Accueil","item":"https:\/\/newsestlyonnais.fr\/site\/"},{"@type":"ListItem","position":2,"name":"VAULX-EN-VELIN | Les seniors 1 du Vaulx Basket s&rsquo;inclinent \u00e0 domicile pour l&rsquo;ouverture en N3"}]},{"@type":"WebSite","@id":"https:\/\/newsestlyonnais.fr\/site\/#website","url":"https:\/\/newsestlyonnais.fr\/site\/","name":"News Est Lyonnais","description":"L&#039;actualit\u00e9 au plus pr\u00e8s","publisher":{"@id":"https:\/\/newsestlyonnais.fr\/site\/#organization"},"potentialAction":[{"@type":"SearchAction","target":{"@type":"EntryPoint","urlTemplate":"https:\/\/newsestlyonnais.fr\/site\/?s={search_term_string}"},"query-input":{"@type":"PropertyValueSpecification","valueRequired":true,"valueName":"search_term_string"}}],"inLanguage":"fr-FR"},{"@type":"Organization","@id":"https:\/\/newsestlyonnais.fr\/site\/#organization","name":"News EST LYONNAIS","url":"https:\/\/newsestlyonnais.fr\/site\/","logo":{"@type":"ImageObject","inLanguage":"fr-FR","@id":"https:\/\/newsestlyonnais.fr\/site\/#\/schema\/logo\/image\/","url":"","contentUrl":"","caption":"News EST LYONNAIS"},"image":{"@id":"https:\/\/newsestlyonnais.fr\/site\/#\/schema\/logo\/image\/"}},{"@type":"Person","@id":"https:\/\/newsestlyonnais.fr\/site\/#\/schema\/person\/3230d5615f390bb808365d673001e887","name":"R\u00e9dac. NEWS","sameAs":["http:\/\/www.newsestlyonnais.fr","https:\/\/www.facebook.com\/pascal.oberson.1?fref=ts","https:\/\/fr.linkedin.com\/in\/pascal-oberson-b17045113"],"url":"https:\/\/newsestlyonnais.fr\/site\/author\/nel\/"}]}},"_links":{"self":[{"href":"https:\/\/newsestlyonnais.fr\/site\/wp-json\/wp\/v2\/posts\/34806","targetHints":{"allow":["GET"]}}],"collection":[{"href":"https:\/\/newsestlyonnais.fr\/site\/wp-json\/wp\/v2\/posts"}],"about":[{"href":"https:\/\/newsestlyonnais.fr\/site\/wp-json\/wp\/v2\/types\/post"}],"author":[{"embeddable":true,"href":"https:\/\/newsestlyonnais.fr\/site\/wp-json\/wp\/v2\/users\/4"}],"replies":[{"embeddable":true,"href":"https:\/\/newsestlyonnais.fr\/site\/wp-json\/wp\/v2\/comments?post=34806"}],"version-history":[{"count":0,"href":"https:\/\/newsestlyonnais.fr\/site\/wp-json\/wp\/v2\/posts\/34806\/revisions"}],"wp:featuredmedia":[{"embeddable":true,"href":"https:\/\/newsestlyonnais.fr\/site\/wp-json\/wp\/v2\/media\/34810"}],"wp:attachment":[{"href":"https:\/\/newsestlyonnais.fr\/site\/wp-json\/wp\/v2\/media?parent=34806"}],"wp:term":[{"taxonomy":"category","embeddable":true,"href":"https:\/\/newsestlyonnais.fr\/site\/wp-json\/wp\/v2\/categories?post=34806"},{"taxonomy":"post_tag","embeddable":true,"href":"https:\/\/newsestlyonnais.fr\/site\/wp-json\/wp\/v2\/tags?post=34806"}],"curies":[{"name":"wp","href":"https:\/\/api.w.org\/{rel}","templated":true}]}}