{"id":34822,"date":"2017-09-17T16:40:44","date_gmt":"2017-09-17T15:40:44","guid":{"rendered":"http:\/\/newsestlyonnais.fr\/site\/?p=34822"},"modified":"2021-12-17T10:54:14","modified_gmt":"2021-12-17T09:54:14","slug":"balan-150-participants-ce-dimanche-pour-le-2-sentier-des-lones","status":"publish","type":"post","link":"https:\/\/newsestlyonnais.fr\/site\/2017\/09\/17\/balan-150-participants-ce-dimanche-pour-le-2-sentier-des-lones\/","title":{"rendered":"BALAN | 150 participants ce dimanche pour le 2\u00b0 Sentier des L\u00f4nes !"},"content":{"rendered":"<p><strong>Une course p\u00e9destre nature de 14,700 km, organis\u00e9e par l&rsquo;ASC Balan Athl\u00e9tisme, avec d\u00e9parts et arriv\u00e9es du parc des sports.<\/strong><\/p>\n<p><strong><span style=\"text-decoration: underline;\">De fr\u00e9quentation<\/span><\/strong>, tout d&rsquo;abord puisque 150 participants (dont 35 f\u00e9minines) ont pris le d\u00e9part de cette \u00e9preuve qui en avait rassembl\u00e9 86 en 2016 et qui a mobilis\u00e9 une cinquantaine de b\u00e9n\u00e9voles. Satisfaction et sentiment du devoir accompli du c\u00f4t\u00e9 des organisateurs, notamment du pr\u00e9sident Lionel Salmon : \u00ab\u00a0On voulait passer le cap des 100 coureurs et au vu du chiffre des pr\u00e9-inscriptions qui montait, on esp\u00e9rait atteindre les 150. Le parcours \u00e9tait identique (3\/4 sur chemin et 1\/4 sur route) avec un d\u00e9nivel\u00e9 quasiment nul et des passages dans les L\u00f4nes, secteur naturel et exceptionnel. Il a fallu d\u00e9broussailler un peu mais on avait fait un bon boulot l&rsquo;an dernier\u00a0\u00bb.<\/p>\n<p><strong><span style=\"text-decoration: underline;\">Sur le plan sportif<\/span>,<\/strong> les records \u00e9tablis l&rsquo;an dernier ont \u00e9t\u00e9 battus, tant chez les femmes que chez les hommes. Ainsi <strong>Christine Catin<\/strong> s&rsquo;est impos\u00e9e en <strong>1 h 5&rsquo;49<\/strong>, contre 1 h 7&prime; 22 en 2016 et <strong>Hugo Altmeyer (Terre de Running,<\/strong> partenaire de l&rsquo;\u00e9preuve) l&rsquo;a facilement emport\u00e9 en <strong>50&rsquo;44<\/strong>, pulv\u00e9risant le temps r\u00e9alis\u00e9 par Nicolas Maillet (51&rsquo;22).<\/p>\n<p>A noter que le petite Victoire (6 ans) pouss\u00e9e par son p\u00e8re S\u00e9bastien a particip\u00e9 \u00e0 cette \u00e9preuve pour promouvoir l&rsquo;association ADOT 01, qui r\u00e9colte des dons en faveur de la moelle osseuse.<\/p>\n<hr \/>\n<ul>\n<li><em><strong>R\u00e9sultats complets sur<\/strong> <\/em>: <a href=\"https:\/\/www.terrederunners.com\/wp-content\/uploads\/2017\/09\/trail-des-lones-2017.pdf\" target=\"_blank\" rel=\"noopener noreferrer\"><span style=\"color: #0000ff;\">https:\/\/www.terrederunners.com\/wp-content\/uploads\/2017\/09\/trail-des-lones-2017.pdf<\/span><\/a><\/li>\n<\/ul>\n<hr \/>\n<div id='gallery-1' class='gallery galleryid-34822 gallery-columns-3 gallery-size-thumbnail'><figure class='gallery-item'>\n\t\t\t<div class='gallery-icon landscape'>\n\t\t\t\t<a href='https:\/\/newsestlyonnais.fr\/site\/newsestlyonnais-annonce-sentier-des-lones\/'><img loading=\"lazy\" decoding=\"async\" width=\"150\" height=\"150\" src=\"https:\/\/newsestlyonnais.fr\/site\/wp-content\/uploads\/2017\/05\/NEWSESTLYONNAIS-ANNONCE-SENTIER-DES-LONES-150x150.jpg\" class=\"attachment-thumbnail size-thumbnail\" alt=\"NEWSESTLYONNAIS ANNONCE SENTIER DES LONES\" aria-describedby=\"gallery-1-27025\" \/><\/a>\n\t\t\t<\/div>\n\t\t\t\t<figcaption class='wp-caption-text gallery-caption' id='gallery-1-27025'>\n\t\t\t\tL&rsquo;affiche de la course nature\n\t\t\t\t<\/figcaption><\/figure><figure class='gallery-item'>\n\t\t\t<div class='gallery-icon landscape'>\n\t\t\t\t<a href='https:\/\/newsestlyonnais.fr\/site\/2017\/09\/17\/balan-150-participants-ce-dimanche-pour-le-2-sentier-des-lones\/newsestlyonnais-briefing-lones\/'><img loading=\"lazy\" decoding=\"async\" width=\"150\" height=\"150\" src=\"https:\/\/newsestlyonnais.fr\/site\/wp-content\/uploads\/2017\/09\/NEWSESTLYONNAIS-BRIEFING-LONES-150x150.jpg\" class=\"attachment-thumbnail size-thumbnail\" alt=\"\" aria-describedby=\"gallery-1-34832\" \/><\/a>\n\t\t\t<\/div>\n\t\t\t\t<figcaption class='wp-caption-text gallery-caption' id='gallery-1-34832'>\n\t\t\t\tLe traditionnel briefing d&rsquo;avant course \n\t\t\t\t<\/figcaption><\/figure><figure class='gallery-item'>\n\t\t\t<div class='gallery-icon landscape'>\n\t\t\t\t<a href='https:\/\/newsestlyonnais.fr\/site\/2017\/09\/17\/balan-150-participants-ce-dimanche-pour-le-2-sentier-des-lones\/newsestlyonnais-tdr-decines-2\/'><img loading=\"lazy\" decoding=\"async\" width=\"150\" height=\"150\" src=\"https:\/\/newsestlyonnais.fr\/site\/wp-content\/uploads\/2017\/09\/NEWSESTLYONNAIS-TDR-DECINES-150x150.jpg\" class=\"attachment-thumbnail size-thumbnail\" alt=\"\" aria-describedby=\"gallery-1-34833\" \/><\/a>\n\t\t\t<\/div>\n\t\t\t\t<figcaption class='wp-caption-text gallery-caption' id='gallery-1-34833'>\n\t\t\t\tTeam Terre Running D\u00e9cines : Alfano (7)\u00b0 Molard (10\u00b0),Altmeyer (1\u00b0)\n\t\t\t\t<\/figcaption><\/figure><figure class='gallery-item'>\n\t\t\t<div class='gallery-icon landscape'>\n\t\t\t\t<a href='https:\/\/newsestlyonnais.fr\/site\/2017\/09\/17\/balan-150-participants-ce-dimanche-pour-le-2-sentier-des-lones\/newsestlyonnais-asc-balan-coureurs\/'><img loading=\"lazy\" decoding=\"async\" width=\"150\" height=\"150\" src=\"https:\/\/newsestlyonnais.fr\/site\/wp-content\/uploads\/2017\/09\/NEWSESTLYONNAIS-ASC-BALAN-COUREURS--150x150.jpg\" class=\"attachment-thumbnail size-thumbnail\" alt=\"\" aria-describedby=\"gallery-1-34843\" \/><\/a>\n\t\t\t<\/div>\n\t\t\t\t<figcaption class='wp-caption-text gallery-caption' id='gallery-1-34843'>\n\t\t\t\t5 des 6 coureurs de l&rsquo;ASC Balan qui ont disput\u00e9 la course\n\t\t\t\t<\/figcaption><\/figure><figure class='gallery-item'>\n\t\t\t<div class='gallery-icon landscape'>\n\t\t\t\t<a href='https:\/\/newsestlyonnais.fr\/site\/2017\/09\/17\/balan-150-participants-ce-dimanche-pour-le-2-sentier-des-lones\/newsestlyonnais-depart-fictif\/'><img loading=\"lazy\" decoding=\"async\" width=\"150\" height=\"150\" src=\"https:\/\/newsestlyonnais.fr\/site\/wp-content\/uploads\/2017\/09\/NEWSESTLYONNAIS-DEPART-FICTIF-150x150.jpg\" class=\"attachment-thumbnail size-thumbnail\" alt=\"\" aria-describedby=\"gallery-1-34850\" \/><\/a>\n\t\t\t<\/div>\n\t\t\t\t<figcaption class='wp-caption-text gallery-caption' id='gallery-1-34850'>\n\t\t\t\tD\u00e9part fictif pour permettre \u00e0 Victoire pouss\u00e9e par son p\u00e8re S\u00e9bastien de lancer la course  \n\t\t\t\t<\/figcaption><\/figure><figure class='gallery-item'>\n\t\t\t<div class='gallery-icon landscape'>\n\t\t\t\t<a href='https:\/\/newsestlyonnais.fr\/site\/2017\/09\/17\/balan-150-participants-ce-dimanche-pour-le-2-sentier-des-lones\/newsestlyonnais-tdr-hugo\/'><img loading=\"lazy\" decoding=\"async\" width=\"150\" height=\"150\" src=\"https:\/\/newsestlyonnais.fr\/site\/wp-content\/uploads\/2017\/09\/NEWSESTLYONNAIS-TDR-HUGO-150x150.jpg\" class=\"attachment-thumbnail size-thumbnail\" alt=\"\" aria-describedby=\"gallery-1-34851\" \/><\/a>\n\t\t\t<\/div>\n\t\t\t\t<figcaption class='wp-caption-text gallery-caption' id='gallery-1-34851'>\n\t\t\t\tHugo Altmeyer (Terre de Running) s&rsquo;est facilement impos\u00e9\n\t\t\t\t<\/figcaption><\/figure><figure class='gallery-item'>\n\t\t\t<div class='gallery-icon landscape'>\n\t\t\t\t<a href='https:\/\/newsestlyonnais.fr\/site\/2017\/09\/17\/balan-150-participants-ce-dimanche-pour-le-2-sentier-des-lones\/newsestlyonnais-c-catin\/'><img loading=\"lazy\" decoding=\"async\" width=\"150\" height=\"150\" src=\"https:\/\/newsestlyonnais.fr\/site\/wp-content\/uploads\/2017\/09\/NEWSESTLYONNAIS-C.-CATIN-150x150.jpg\" class=\"attachment-thumbnail size-thumbnail\" alt=\"\" aria-describedby=\"gallery-1-34852\" \/><\/a>\n\t\t\t<\/div>\n\t\t\t\t<figcaption class='wp-caption-text gallery-caption' id='gallery-1-34852'>\n\t\t\t\tChristine Catin, vainqueur comme en 2016 !\n\t\t\t\t<\/figcaption><\/figure><figure class='gallery-item'>\n\t\t\t<div class='gallery-icon landscape'>\n\t\t\t\t<a href='https:\/\/newsestlyonnais.fr\/site\/2017\/09\/17\/balan-150-participants-ce-dimanche-pour-le-2-sentier-des-lones\/newsestlyonnais-podium-hommes-2\/'><img loading=\"lazy\" decoding=\"async\" width=\"150\" height=\"150\" src=\"https:\/\/newsestlyonnais.fr\/site\/wp-content\/uploads\/2017\/09\/NEWSESTLYONNAIS-podium-hommes-150x150.jpg\" class=\"attachment-thumbnail size-thumbnail\" alt=\"NEWSESTLYONNAIS - podium hommes\" aria-describedby=\"gallery-1-34854\" \/><\/a>\n\t\t\t<\/div>\n\t\t\t\t<figcaption class='wp-caption-text gallery-caption' id='gallery-1-34854'>\n\t\t\t\tLe podium masculin scratch 2017 \n\t\t\t\t<\/figcaption><\/figure><figure class='gallery-item'>\n\t\t\t<div class='gallery-icon landscape'>\n\t\t\t\t<a href='https:\/\/newsestlyonnais.fr\/site\/2017\/09\/17\/balan-150-participants-ce-dimanche-pour-le-2-sentier-des-lones\/newsestlyonnais-podium-filles-2\/'><img loading=\"lazy\" decoding=\"async\" width=\"150\" height=\"150\" src=\"https:\/\/newsestlyonnais.fr\/site\/wp-content\/uploads\/2017\/09\/NEWSESTLYONNAIS-PODIUM-FILLES-150x150.jpg\" class=\"attachment-thumbnail size-thumbnail\" alt=\"\" aria-describedby=\"gallery-1-34855\" \/><\/a>\n\t\t\t<\/div>\n\t\t\t\t<figcaption class='wp-caption-text gallery-caption' id='gallery-1-34855'>\n\t\t\t\tEt le podium f\u00e9minin !\n\t\t\t\t<\/figcaption><\/figure><figure class='gallery-item'>\n\t\t\t<div class='gallery-icon landscape'>\n\t\t\t\t<a href='https:\/\/newsestlyonnais.fr\/site\/2017\/09\/17\/balan-150-participants-ce-dimanche-pour-le-2-sentier-des-lones\/newsestlyonnais-victoire-2\/'><img loading=\"lazy\" decoding=\"async\" width=\"150\" height=\"150\" src=\"https:\/\/newsestlyonnais.fr\/site\/wp-content\/uploads\/2017\/09\/NEWSESTLYONNAIS-VICTOIRE-150x150.jpg\" class=\"attachment-thumbnail size-thumbnail\" alt=\"\" aria-describedby=\"gallery-1-34856\" \/><\/a>\n\t\t\t<\/div>\n\t\t\t\t<figcaption class='wp-caption-text gallery-caption' id='gallery-1-34856'>\n\t\t\t\tLa petite Victoire et son papa S\u00e9bastien ont aussi eu droit au podium !\n\t\t\t\t<\/figcaption><\/figure><figure class='gallery-item'>\n\t\t\t<div class='gallery-icon landscape'>\n\t\t\t\t<a href='https:\/\/newsestlyonnais.fr\/site\/2017\/09\/17\/balan-150-participants-ce-dimanche-pour-le-2-sentier-des-lones\/newsestlyonnais-victoire-2-2\/'><img loading=\"lazy\" decoding=\"async\" width=\"150\" height=\"150\" src=\"https:\/\/newsestlyonnais.fr\/site\/wp-content\/uploads\/2017\/09\/NEWSESTLYONNAIS-VICTOIRE-2-150x150.jpg\" class=\"attachment-thumbnail size-thumbnail\" alt=\"\" aria-describedby=\"gallery-1-34863\" \/><\/a>\n\t\t\t<\/div>\n\t\t\t\t<figcaption class='wp-caption-text gallery-caption' id='gallery-1-34863'>\n\t\t\t\tUne arriv\u00e9e \u00e9mouvante et en famille pour la jeune Victoire  \n\t\t\t\t<\/figcaption><\/figure><figure class='gallery-item'>\n\t\t\t<div class='gallery-icon landscape'>\n\t\t\t\t<a href='https:\/\/newsestlyonnais.fr\/site\/2017\/09\/17\/balan-150-participants-ce-dimanche-pour-le-2-sentier-des-lones\/newsestlyonnais-parten-tdr\/'><img loading=\"lazy\" decoding=\"async\" width=\"150\" height=\"150\" src=\"https:\/\/newsestlyonnais.fr\/site\/wp-content\/uploads\/2017\/09\/NEWSESTLYONNAIS-PARTEN-TDR-150x150.jpg\" class=\"attachment-thumbnail size-thumbnail\" alt=\"\" aria-describedby=\"gallery-1-34864\" \/><\/a>\n\t\t\t<\/div>\n\t\t\t\t<figcaption class='wp-caption-text gallery-caption' id='gallery-1-34864'>\n\t\t\t\tKevin Molard (Terre de Running D\u00e9cines, partenaire \u00e9preuve) et Lionel Salmon (pr\u00e9sident ASC Balan).\n\t\t\t\t<\/figcaption><\/figure><figure class='gallery-item'>\n\t\t\t<div class='gallery-icon landscape'>\n\t\t\t\t<a href='https:\/\/newsestlyonnais.fr\/site\/2017\/09\/17\/balan-150-participants-ce-dimanche-pour-le-2-sentier-des-lones\/newsestlyonnais-sentier-lones\/'><img loading=\"lazy\" decoding=\"async\" width=\"150\" height=\"150\" src=\"https:\/\/newsestlyonnais.fr\/site\/wp-content\/uploads\/2017\/09\/NEWSESTLYONNAIS-SENTIER-LONES-150x150.jpg\" class=\"attachment-thumbnail size-thumbnail\" alt=\"\" aria-describedby=\"gallery-1-34866\" \/><\/a>\n\t\t\t<\/div>\n\t\t\t\t<figcaption class='wp-caption-text gallery-caption' id='gallery-1-34866'>\n\t\t\t\tUne belle course nature qui a r\u00e9uni 150 coureurs pour sa 2\u00b0 \u00e9dition !\n\t\t\t\t<\/figcaption><\/figure>\n\t\t<\/div>\n\n","protected":false},"excerpt":{"rendered":"<p>Tous les records ont \u00e9t\u00e9 battus ce dimanche matin \u00e0 l&rsquo;occasion de cette nouvelle \u00e9dition.<\/p>\n","protected":false},"author":4,"featured_media":34825,"comment_status":"open","ping_status":"open","sticky":false,"template":"","format":"standard","meta":{"footnotes":""},"categories":[156,2968],"tags":[2532,2946],"class_list":["post-34822","post","type-post","status-publish","format-standard","has-post-thumbnail","hentry","category-ain","category-athle-course-pied-marche","tag-balan","tag-sentier-des-lones"],"yoast_head":"<!-- This site is optimized with the Yoast SEO plugin v27.2 - https:\/\/yoast.com\/product\/yoast-seo-wordpress\/ -->\n<title>BALAN : 150 participants dimanche matin pour le 2\u00b0 Sentier des L\u00f4nes !<\/title>\n<meta name=\"description\" content=\"BALAN : 150 participants dimanche matin pour le 2\u00b0 Sentier des L\u00f4nes !\" \/>\n<meta name=\"robots\" content=\"index, follow, max-snippet:-1, max-image-preview:large, max-video-preview:-1\" \/>\n<link rel=\"canonical\" href=\"https:\/\/newsestlyonnais.fr\/site\/2017\/09\/17\/balan-150-participants-ce-dimanche-pour-le-2-sentier-des-lones\/\" \/>\n<meta property=\"og:locale\" content=\"fr_FR\" \/>\n<meta property=\"og:type\" content=\"article\" \/>\n<meta property=\"og:title\" content=\"BALAN : 150 participants dimanche matin pour le 2\u00b0 Sentier des L\u00f4nes !\" \/>\n<meta property=\"og:description\" content=\"BALAN : 150 participants dimanche matin pour le 2\u00b0 Sentier des L\u00f4nes !\" \/>\n<meta property=\"og:url\" content=\"https:\/\/newsestlyonnais.fr\/site\/2017\/09\/17\/balan-150-participants-ce-dimanche-pour-le-2-sentier-des-lones\/\" \/>\n<meta property=\"og:site_name\" content=\"News Est Lyonnais\" \/>\n<meta property=\"article:author\" content=\"https:\/\/www.facebook.com\/pascal.oberson.1?fref=ts\" \/>\n<meta property=\"article:published_time\" content=\"2017-09-17T15:40:44+00:00\" \/>\n<meta property=\"article:modified_time\" content=\"2021-12-17T09:54:14+00:00\" \/>\n<meta property=\"og:image\" content=\"https:\/\/newsestlyonnais.fr\/site\/wp-content\/uploads\/2017\/09\/NEWSESTLYONNAIS-LONES-DEPART-.jpg\" \/>\n\t<meta property=\"og:image:width\" content=\"1000\" \/>\n\t<meta property=\"og:image:height\" content=\"750\" \/>\n\t<meta property=\"og:image:type\" content=\"image\/jpeg\" \/>\n<meta name=\"author\" content=\"R\u00e9dac. NEWS\" \/>\n<meta name=\"twitter:card\" content=\"summary_large_image\" \/>\n<meta name=\"twitter:label1\" content=\"\u00c9crit par\" \/>\n\t<meta name=\"twitter:data1\" content=\"R\u00e9dac. NEWS\" \/>\n\t<meta name=\"twitter:label2\" content=\"Dur\u00e9e de lecture estim\u00e9e\" \/>\n\t<meta name=\"twitter:data2\" content=\"2 minutes\" \/>\n<script type=\"application\/ld+json\" class=\"yoast-schema-graph\">{\"@context\":\"https:\/\/schema.org\",\"@graph\":[{\"@type\":\"Article\",\"@id\":\"https:\/\/newsestlyonnais.fr\/site\/2017\/09\/17\/balan-150-participants-ce-dimanche-pour-le-2-sentier-des-lones\/#article\",\"isPartOf\":{\"@id\":\"https:\/\/newsestlyonnais.fr\/site\/2017\/09\/17\/balan-150-participants-ce-dimanche-pour-le-2-sentier-des-lones\/\"},\"author\":{\"name\":\"R\u00e9dac. NEWS\",\"@id\":\"https:\/\/newsestlyonnais.fr\/site\/#\/schema\/person\/3230d5615f390bb808365d673001e887\"},\"headline\":\"BALAN | 150 participants ce dimanche pour le 2\u00b0 Sentier des L\u00f4nes !\",\"datePublished\":\"2017-09-17T15:40:44+00:00\",\"dateModified\":\"2021-12-17T09:54:14+00:00\",\"mainEntityOfPage\":{\"@id\":\"https:\/\/newsestlyonnais.fr\/site\/2017\/09\/17\/balan-150-participants-ce-dimanche-pour-le-2-sentier-des-lones\/\"},\"wordCount\":259,\"commentCount\":0,\"publisher\":{\"@id\":\"https:\/\/newsestlyonnais.fr\/site\/#organization\"},\"image\":{\"@id\":\"https:\/\/newsestlyonnais.fr\/site\/2017\/09\/17\/balan-150-participants-ce-dimanche-pour-le-2-sentier-des-lones\/#primaryimage\"},\"thumbnailUrl\":\"https:\/\/newsestlyonnais.fr\/site\/wp-content\/uploads\/2017\/09\/NEWSESTLYONNAIS-LONES-DEPART-.jpg\",\"keywords\":[\"BALAN\",\"SENTIER DES LONES\"],\"articleSection\":[\"Ain (01)\",\"Athl\u00e9 | Course pied | Marche\"],\"inLanguage\":\"fr-FR\",\"potentialAction\":[{\"@type\":\"CommentAction\",\"name\":\"Comment\",\"target\":[\"https:\/\/newsestlyonnais.fr\/site\/2017\/09\/17\/balan-150-participants-ce-dimanche-pour-le-2-sentier-des-lones\/#respond\"]}]},{\"@type\":\"WebPage\",\"@id\":\"https:\/\/newsestlyonnais.fr\/site\/2017\/09\/17\/balan-150-participants-ce-dimanche-pour-le-2-sentier-des-lones\/\",\"url\":\"https:\/\/newsestlyonnais.fr\/site\/2017\/09\/17\/balan-150-participants-ce-dimanche-pour-le-2-sentier-des-lones\/\",\"name\":\"BALAN : 150 participants dimanche matin pour le 2\u00b0 Sentier des L\u00f4nes !\",\"isPartOf\":{\"@id\":\"https:\/\/newsestlyonnais.fr\/site\/#website\"},\"primaryImageOfPage\":{\"@id\":\"https:\/\/newsestlyonnais.fr\/site\/2017\/09\/17\/balan-150-participants-ce-dimanche-pour-le-2-sentier-des-lones\/#primaryimage\"},\"image\":{\"@id\":\"https:\/\/newsestlyonnais.fr\/site\/2017\/09\/17\/balan-150-participants-ce-dimanche-pour-le-2-sentier-des-lones\/#primaryimage\"},\"thumbnailUrl\":\"https:\/\/newsestlyonnais.fr\/site\/wp-content\/uploads\/2017\/09\/NEWSESTLYONNAIS-LONES-DEPART-.jpg\",\"datePublished\":\"2017-09-17T15:40:44+00:00\",\"dateModified\":\"2021-12-17T09:54:14+00:00\",\"description\":\"BALAN : 150 participants dimanche matin pour le 2\u00b0 Sentier des L\u00f4nes !\",\"breadcrumb\":{\"@id\":\"https:\/\/newsestlyonnais.fr\/site\/2017\/09\/17\/balan-150-participants-ce-dimanche-pour-le-2-sentier-des-lones\/#breadcrumb\"},\"inLanguage\":\"fr-FR\",\"potentialAction\":[{\"@type\":\"ReadAction\",\"target\":[\"https:\/\/newsestlyonnais.fr\/site\/2017\/09\/17\/balan-150-participants-ce-dimanche-pour-le-2-sentier-des-lones\/\"]}]},{\"@type\":\"ImageObject\",\"inLanguage\":\"fr-FR\",\"@id\":\"https:\/\/newsestlyonnais.fr\/site\/2017\/09\/17\/balan-150-participants-ce-dimanche-pour-le-2-sentier-des-lones\/#primaryimage\",\"url\":\"https:\/\/newsestlyonnais.fr\/site\/wp-content\/uploads\/2017\/09\/NEWSESTLYONNAIS-LONES-DEPART-.jpg\",\"contentUrl\":\"https:\/\/newsestlyonnais.fr\/site\/wp-content\/uploads\/2017\/09\/NEWSESTLYONNAIS-LONES-DEPART-.jpg\",\"width\":1000,\"height\":750,\"caption\":\"NEWSESTLYONNAIS - LONES DEPART\"},{\"@type\":\"BreadcrumbList\",\"@id\":\"https:\/\/newsestlyonnais.fr\/site\/2017\/09\/17\/balan-150-participants-ce-dimanche-pour-le-2-sentier-des-lones\/#breadcrumb\",\"itemListElement\":[{\"@type\":\"ListItem\",\"position\":1,\"name\":\"Accueil\",\"item\":\"https:\/\/newsestlyonnais.fr\/site\/\"},{\"@type\":\"ListItem\",\"position\":2,\"name\":\"BALAN | 150 participants ce dimanche pour le 2\u00b0 Sentier des L\u00f4nes !\"}]},{\"@type\":\"WebSite\",\"@id\":\"https:\/\/newsestlyonnais.fr\/site\/#website\",\"url\":\"https:\/\/newsestlyonnais.fr\/site\/\",\"name\":\"News Est Lyonnais\",\"description\":\"L&#039;actualit\u00e9 au plus pr\u00e8s\",\"publisher\":{\"@id\":\"https:\/\/newsestlyonnais.fr\/site\/#organization\"},\"potentialAction\":[{\"@type\":\"SearchAction\",\"target\":{\"@type\":\"EntryPoint\",\"urlTemplate\":\"https:\/\/newsestlyonnais.fr\/site\/?s={search_term_string}\"},\"query-input\":{\"@type\":\"PropertyValueSpecification\",\"valueRequired\":true,\"valueName\":\"search_term_string\"}}],\"inLanguage\":\"fr-FR\"},{\"@type\":\"Organization\",\"@id\":\"https:\/\/newsestlyonnais.fr\/site\/#organization\",\"name\":\"News EST LYONNAIS\",\"url\":\"https:\/\/newsestlyonnais.fr\/site\/\",\"logo\":{\"@type\":\"ImageObject\",\"inLanguage\":\"fr-FR\",\"@id\":\"https:\/\/newsestlyonnais.fr\/site\/#\/schema\/logo\/image\/\",\"url\":\"\",\"contentUrl\":\"\",\"caption\":\"News EST LYONNAIS\"},\"image\":{\"@id\":\"https:\/\/newsestlyonnais.fr\/site\/#\/schema\/logo\/image\/\"}},{\"@type\":\"Person\",\"@id\":\"https:\/\/newsestlyonnais.fr\/site\/#\/schema\/person\/3230d5615f390bb808365d673001e887\",\"name\":\"R\u00e9dac. NEWS\",\"sameAs\":[\"http:\/\/www.newsestlyonnais.fr\",\"https:\/\/www.facebook.com\/pascal.oberson.1?fref=ts\",\"https:\/\/fr.linkedin.com\/in\/pascal-oberson-b17045113\"],\"url\":\"https:\/\/newsestlyonnais.fr\/site\/author\/nel\/\"}]}<\/script>\n<!-- \/ Yoast SEO plugin. -->","yoast_head_json":{"title":"BALAN : 150 participants dimanche matin pour le 2\u00b0 Sentier des L\u00f4nes !","description":"BALAN : 150 participants dimanche matin pour le 2\u00b0 Sentier des L\u00f4nes !","robots":{"index":"index","follow":"follow","max-snippet":"max-snippet:-1","max-image-preview":"max-image-preview:large","max-video-preview":"max-video-preview:-1"},"canonical":"https:\/\/newsestlyonnais.fr\/site\/2017\/09\/17\/balan-150-participants-ce-dimanche-pour-le-2-sentier-des-lones\/","og_locale":"fr_FR","og_type":"article","og_title":"BALAN : 150 participants dimanche matin pour le 2\u00b0 Sentier des L\u00f4nes !","og_description":"BALAN : 150 participants dimanche matin pour le 2\u00b0 Sentier des L\u00f4nes !","og_url":"https:\/\/newsestlyonnais.fr\/site\/2017\/09\/17\/balan-150-participants-ce-dimanche-pour-le-2-sentier-des-lones\/","og_site_name":"News Est Lyonnais","article_author":"https:\/\/www.facebook.com\/pascal.oberson.1?fref=ts","article_published_time":"2017-09-17T15:40:44+00:00","article_modified_time":"2021-12-17T09:54:14+00:00","og_image":[{"width":1000,"height":750,"url":"https:\/\/newsestlyonnais.fr\/site\/wp-content\/uploads\/2017\/09\/NEWSESTLYONNAIS-LONES-DEPART-.jpg","type":"image\/jpeg"}],"author":"R\u00e9dac. NEWS","twitter_card":"summary_large_image","twitter_misc":{"\u00c9crit par":"R\u00e9dac. NEWS","Dur\u00e9e de lecture estim\u00e9e":"2 minutes"},"schema":{"@context":"https:\/\/schema.org","@graph":[{"@type":"Article","@id":"https:\/\/newsestlyonnais.fr\/site\/2017\/09\/17\/balan-150-participants-ce-dimanche-pour-le-2-sentier-des-lones\/#article","isPartOf":{"@id":"https:\/\/newsestlyonnais.fr\/site\/2017\/09\/17\/balan-150-participants-ce-dimanche-pour-le-2-sentier-des-lones\/"},"author":{"name":"R\u00e9dac. NEWS","@id":"https:\/\/newsestlyonnais.fr\/site\/#\/schema\/person\/3230d5615f390bb808365d673001e887"},"headline":"BALAN | 150 participants ce dimanche pour le 2\u00b0 Sentier des L\u00f4nes !","datePublished":"2017-09-17T15:40:44+00:00","dateModified":"2021-12-17T09:54:14+00:00","mainEntityOfPage":{"@id":"https:\/\/newsestlyonnais.fr\/site\/2017\/09\/17\/balan-150-participants-ce-dimanche-pour-le-2-sentier-des-lones\/"},"wordCount":259,"commentCount":0,"publisher":{"@id":"https:\/\/newsestlyonnais.fr\/site\/#organization"},"image":{"@id":"https:\/\/newsestlyonnais.fr\/site\/2017\/09\/17\/balan-150-participants-ce-dimanche-pour-le-2-sentier-des-lones\/#primaryimage"},"thumbnailUrl":"https:\/\/newsestlyonnais.fr\/site\/wp-content\/uploads\/2017\/09\/NEWSESTLYONNAIS-LONES-DEPART-.jpg","keywords":["BALAN","SENTIER DES LONES"],"articleSection":["Ain (01)","Athl\u00e9 | Course pied | Marche"],"inLanguage":"fr-FR","potentialAction":[{"@type":"CommentAction","name":"Comment","target":["https:\/\/newsestlyonnais.fr\/site\/2017\/09\/17\/balan-150-participants-ce-dimanche-pour-le-2-sentier-des-lones\/#respond"]}]},{"@type":"WebPage","@id":"https:\/\/newsestlyonnais.fr\/site\/2017\/09\/17\/balan-150-participants-ce-dimanche-pour-le-2-sentier-des-lones\/","url":"https:\/\/newsestlyonnais.fr\/site\/2017\/09\/17\/balan-150-participants-ce-dimanche-pour-le-2-sentier-des-lones\/","name":"BALAN : 150 participants dimanche matin pour le 2\u00b0 Sentier des L\u00f4nes !","isPartOf":{"@id":"https:\/\/newsestlyonnais.fr\/site\/#website"},"primaryImageOfPage":{"@id":"https:\/\/newsestlyonnais.fr\/site\/2017\/09\/17\/balan-150-participants-ce-dimanche-pour-le-2-sentier-des-lones\/#primaryimage"},"image":{"@id":"https:\/\/newsestlyonnais.fr\/site\/2017\/09\/17\/balan-150-participants-ce-dimanche-pour-le-2-sentier-des-lones\/#primaryimage"},"thumbnailUrl":"https:\/\/newsestlyonnais.fr\/site\/wp-content\/uploads\/2017\/09\/NEWSESTLYONNAIS-LONES-DEPART-.jpg","datePublished":"2017-09-17T15:40:44+00:00","dateModified":"2021-12-17T09:54:14+00:00","description":"BALAN : 150 participants dimanche matin pour le 2\u00b0 Sentier des L\u00f4nes !","breadcrumb":{"@id":"https:\/\/newsestlyonnais.fr\/site\/2017\/09\/17\/balan-150-participants-ce-dimanche-pour-le-2-sentier-des-lones\/#breadcrumb"},"inLanguage":"fr-FR","potentialAction":[{"@type":"ReadAction","target":["https:\/\/newsestlyonnais.fr\/site\/2017\/09\/17\/balan-150-participants-ce-dimanche-pour-le-2-sentier-des-lones\/"]}]},{"@type":"ImageObject","inLanguage":"fr-FR","@id":"https:\/\/newsestlyonnais.fr\/site\/2017\/09\/17\/balan-150-participants-ce-dimanche-pour-le-2-sentier-des-lones\/#primaryimage","url":"https:\/\/newsestlyonnais.fr\/site\/wp-content\/uploads\/2017\/09\/NEWSESTLYONNAIS-LONES-DEPART-.jpg","contentUrl":"https:\/\/newsestlyonnais.fr\/site\/wp-content\/uploads\/2017\/09\/NEWSESTLYONNAIS-LONES-DEPART-.jpg","width":1000,"height":750,"caption":"NEWSESTLYONNAIS - LONES DEPART"},{"@type":"BreadcrumbList","@id":"https:\/\/newsestlyonnais.fr\/site\/2017\/09\/17\/balan-150-participants-ce-dimanche-pour-le-2-sentier-des-lones\/#breadcrumb","itemListElement":[{"@type":"ListItem","position":1,"name":"Accueil","item":"https:\/\/newsestlyonnais.fr\/site\/"},{"@type":"ListItem","position":2,"name":"BALAN | 150 participants ce dimanche pour le 2\u00b0 Sentier des L\u00f4nes !"}]},{"@type":"WebSite","@id":"https:\/\/newsestlyonnais.fr\/site\/#website","url":"https:\/\/newsestlyonnais.fr\/site\/","name":"News Est Lyonnais","description":"L&#039;actualit\u00e9 au plus pr\u00e8s","publisher":{"@id":"https:\/\/newsestlyonnais.fr\/site\/#organization"},"potentialAction":[{"@type":"SearchAction","target":{"@type":"EntryPoint","urlTemplate":"https:\/\/newsestlyonnais.fr\/site\/?s={search_term_string}"},"query-input":{"@type":"PropertyValueSpecification","valueRequired":true,"valueName":"search_term_string"}}],"inLanguage":"fr-FR"},{"@type":"Organization","@id":"https:\/\/newsestlyonnais.fr\/site\/#organization","name":"News EST LYONNAIS","url":"https:\/\/newsestlyonnais.fr\/site\/","logo":{"@type":"ImageObject","inLanguage":"fr-FR","@id":"https:\/\/newsestlyonnais.fr\/site\/#\/schema\/logo\/image\/","url":"","contentUrl":"","caption":"News EST LYONNAIS"},"image":{"@id":"https:\/\/newsestlyonnais.fr\/site\/#\/schema\/logo\/image\/"}},{"@type":"Person","@id":"https:\/\/newsestlyonnais.fr\/site\/#\/schema\/person\/3230d5615f390bb808365d673001e887","name":"R\u00e9dac. NEWS","sameAs":["http:\/\/www.newsestlyonnais.fr","https:\/\/www.facebook.com\/pascal.oberson.1?fref=ts","https:\/\/fr.linkedin.com\/in\/pascal-oberson-b17045113"],"url":"https:\/\/newsestlyonnais.fr\/site\/author\/nel\/"}]}},"_links":{"self":[{"href":"https:\/\/newsestlyonnais.fr\/site\/wp-json\/wp\/v2\/posts\/34822","targetHints":{"allow":["GET"]}}],"collection":[{"href":"https:\/\/newsestlyonnais.fr\/site\/wp-json\/wp\/v2\/posts"}],"about":[{"href":"https:\/\/newsestlyonnais.fr\/site\/wp-json\/wp\/v2\/types\/post"}],"author":[{"embeddable":true,"href":"https:\/\/newsestlyonnais.fr\/site\/wp-json\/wp\/v2\/users\/4"}],"replies":[{"embeddable":true,"href":"https:\/\/newsestlyonnais.fr\/site\/wp-json\/wp\/v2\/comments?post=34822"}],"version-history":[{"count":0,"href":"https:\/\/newsestlyonnais.fr\/site\/wp-json\/wp\/v2\/posts\/34822\/revisions"}],"wp:featuredmedia":[{"embeddable":true,"href":"https:\/\/newsestlyonnais.fr\/site\/wp-json\/wp\/v2\/media\/34825"}],"wp:attachment":[{"href":"https:\/\/newsestlyonnais.fr\/site\/wp-json\/wp\/v2\/media?parent=34822"}],"wp:term":[{"taxonomy":"category","embeddable":true,"href":"https:\/\/newsestlyonnais.fr\/site\/wp-json\/wp\/v2\/categories?post=34822"},{"taxonomy":"post_tag","embeddable":true,"href":"https:\/\/newsestlyonnais.fr\/site\/wp-json\/wp\/v2\/tags?post=34822"}],"curies":[{"name":"wp","href":"https:\/\/api.w.org\/{rel}","templated":true}]}}