{"id":34871,"date":"2017-09-17T18:45:09","date_gmt":"2017-09-17T17:45:09","guid":{"rendered":"http:\/\/newsestlyonnais.fr\/site\/?p=34871"},"modified":"2020-10-24T14:37:48","modified_gmt":"2020-10-24T13:37:48","slug":"genas-les-vieux-tacots-feront-le-show-pour-le-5-rassemblement","status":"publish","type":"post","link":"https:\/\/newsestlyonnais.fr\/site\/2017\/09\/17\/genas-les-vieux-tacots-feront-le-show-pour-le-5-rassemblement\/","title":{"rendered":"GENAS | Les Vieux Tacots feront le show pour le 5\u00b0 rassemblement"},"content":{"rendered":"<p>Elles viendront s\u2019exposer sous la <span style=\"text-decoration: underline\">Halle de Ronshausen<\/span> le temps d\u2019une journ\u00e9e, jusqu\u2019\u00e0 16 heures 30.<\/p>\n<p>Ce rendez-vous annuel, tr\u00e8s pris\u00e9 des amateurs de voitures anciennes, verra le rassemblement de 200 \u00e0 250 v\u00e9hicules sur la journ\u00e9e, y compris de beaux mod\u00e8les de voitures de course. Comme chaque ann\u00e9e, les organisateurs pr\u00e9voient de servir sous la Halle de Ronshausen, de 150 \u00e0 200 repas du midi, avec en plat principal le fameux \u00ab cochon \u00e0 la chaudi\u00e8re \u00bb (<em><i>cochon \u00e0 l\u2019ancienne<\/i><\/em>).<\/p>\n<p><span style=\"text-decoration: underline\">Place de la R\u00e9publique<\/span>, les enfants pourront jouer dans 2 structures gonflables, sous la surveillance des repr\u00e9sentants de l\u2019Association Leuc\u00e9mie Espoir 69 (recueil de dons), pendant que leurs parents pourront admirer les voitures anciennes, ou bien profiter d\u2019une \u00ab ballade d\u00e9couverte \u00bb gratuite \u00e0 bord d\u2019un Vieux Tacot.<\/p>\n<p>Pour les nostalgiques de la Belle Epoque, un barbier sera pr\u00e9sent pour proposer \u00e0 toute personne int\u00e9ress\u00e9e une coupe de cheveux et de barbe, \u00e0 l\u2019ancienne naturellement !<\/p>\n<p>Entre autres animations, <span style=\"text-decoration: underline\">2 concerts sont pr\u00e9vus<\/span>, le premier le matin \u00e0 11 h, avec le Groupe des Couturiers <em><i>(musique de rock des ann\u00e9es 1960 \u00e0 1980<\/i><\/em>) et le second, l\u2019apr\u00e8s-midi \u00e0 15 h avec la chanteuse \u00ab Pol Poz \u00bb (<em><i>chansons Pop<\/i><\/em>).<\/p>\n<p>Pr\u00e8s de 2.000 visiteurs sont habituellement attendus au cours de ce rassemblement des Vieux Tacots, soit un incontestable signe de succ\u00e8s pour cette manifestation !<\/p>\n<p>______________________________________________________________________________<\/p>\n<p><strong>\u00a0\u00bb Un r<\/strong><em><i><strong>assemblement annuel des Vieux Tacots, c\u2019est avant tout le partage d\u2019une passion dans le cadre d\u2019une journ\u00e9e festive, avec de multiples animations pour tous les \u00e2ges\u00a0\u00bb confie Luc Berland, organisateur de cet \u00e9v\u00e8nement.<\/strong><br \/>\n<\/i><\/em><\/p>\n<p>______________________________________________________________________________<\/p>\n<ul>\n<li>Retrouvez l&rsquo;ACTU de l&rsquo;association sur : <a href=\"http:\/\/www.lesvieuxtacotsgenassiens.fr\" target=\"_blank\" rel=\"noopener noreferrer\">http:\/\/www.lesvieuxtacotsgenassiens.fr<\/a><\/li>\n<\/ul>\n<p><img loading=\"lazy\" decoding=\"async\" class=\"alignleft size-full wp-image-34875\" src=\"https:\/\/newsestlyonnais.fr\/site\/medias\/2017\/09\/NEWSESTLYONNAIS-RASSE-VIEUX-TACOTS.jpg\" alt=\"NEWSESTLYONNAIS - RASSE VIEUX TACOTS\" width=\"1000\" height=\"750\" srcset=\"https:\/\/newsestlyonnais.fr\/site\/wp-content\/uploads\/2017\/09\/NEWSESTLYONNAIS-RASSE-VIEUX-TACOTS.jpg 1000w, https:\/\/newsestlyonnais.fr\/site\/wp-content\/uploads\/2017\/09\/NEWSESTLYONNAIS-RASSE-VIEUX-TACOTS-400x300.jpg 400w, https:\/\/newsestlyonnais.fr\/site\/wp-content\/uploads\/2017\/09\/NEWSESTLYONNAIS-RASSE-VIEUX-TACOTS-768x576.jpg 768w, https:\/\/newsestlyonnais.fr\/site\/wp-content\/uploads\/2017\/09\/NEWSESTLYONNAIS-RASSE-VIEUX-TACOTS-600x450.jpg 600w, https:\/\/newsestlyonnais.fr\/site\/wp-content\/uploads\/2017\/09\/NEWSESTLYONNAIS-RASSE-VIEUX-TACOTS-100x75.jpg 100w\" sizes=\"auto, (max-width: 1000px) 100vw, 1000px\" \/><\/p>\n<p>&nbsp;<\/p>\n","protected":false},"excerpt":{"rendered":"<p>Samedi 23 septembre la place de la R\u00e9publique accueillera un d\u00e9fil\u00e9 de vieilles cylindr\u00e9es, conduites par l\u2019association des \u00abVieux Tacots Genassiens\u00bb.<\/p>\n","protected":false},"author":4,"featured_media":33999,"comment_status":"open","ping_status":"open","sticky":false,"template":"","format":"standard","meta":{"footnotes":""},"categories":[3009,3002,270,3329,1598],"tags":[2005,2967],"class_list":["post-34871","post","type-post","status-publish","format-standard","has-post-thumbnail","hentry","category-autos-motos","category-brocantes-collections-3","category-cte-de-communes-c-c-e-l","category-expos-foires-musees-salons","category-genas","tag-genas","tag-vieux-tacots-genassiens"],"yoast_head":"<!-- This site is optimized with the Yoast SEO plugin v27.2 - https:\/\/yoast.com\/product\/yoast-seo-wordpress\/ -->\n<title>GENAS | Les Vieux Tacots feront le show pour leur 5\u00b0 rassemblement<\/title>\n<meta name=\"description\" content=\"GENAS : Les Vieux Tacots feront leur show \u00e0 l&#039;occasion de leur 5\u00b0 rassemblement !\" \/>\n<meta name=\"robots\" content=\"index, follow, max-snippet:-1, max-image-preview:large, max-video-preview:-1\" \/>\n<link rel=\"canonical\" href=\"https:\/\/newsestlyonnais.fr\/site\/2017\/09\/17\/genas-les-vieux-tacots-feront-le-show-pour-le-5-rassemblement\/\" \/>\n<meta property=\"og:locale\" content=\"fr_FR\" \/>\n<meta property=\"og:type\" content=\"article\" \/>\n<meta property=\"og:title\" content=\"GENAS | Les Vieux Tacots feront le show pour leur 5\u00b0 rassemblement\" \/>\n<meta property=\"og:description\" content=\"GENAS : Les Vieux Tacots feront leur show \u00e0 l&#039;occasion de leur 5\u00b0 rassemblement !\" \/>\n<meta property=\"og:url\" content=\"https:\/\/newsestlyonnais.fr\/site\/2017\/09\/17\/genas-les-vieux-tacots-feront-le-show-pour-le-5-rassemblement\/\" \/>\n<meta property=\"og:site_name\" content=\"News Est Lyonnais\" \/>\n<meta property=\"article:author\" content=\"https:\/\/www.facebook.com\/pascal.oberson.1?fref=ts\" \/>\n<meta property=\"article:published_time\" content=\"2017-09-17T17:45:09+00:00\" \/>\n<meta property=\"article:modified_time\" content=\"2020-10-24T13:37:48+00:00\" \/>\n<meta property=\"og:image\" content=\"https:\/\/i2.wp.com\/newsestlyonnais.fr\/site\/wp-content\/uploads\/2016\/08\/NEWSESTLYONNAIS-vieux-tacots-.jpg?fit=1000%2C750&ssl=1\" \/>\n\t<meta property=\"og:image:width\" content=\"1000\" \/>\n\t<meta property=\"og:image:height\" content=\"750\" \/>\n\t<meta property=\"og:image:type\" content=\"image\/jpeg\" \/>\n<meta name=\"author\" content=\"R\u00e9dac. NEWS\" \/>\n<meta name=\"twitter:card\" content=\"summary_large_image\" \/>\n<meta name=\"twitter:label1\" content=\"\u00c9crit par\" \/>\n\t<meta name=\"twitter:data1\" content=\"R\u00e9dac. NEWS\" \/>\n\t<meta name=\"twitter:label2\" content=\"Dur\u00e9e de lecture estim\u00e9e\" \/>\n\t<meta name=\"twitter:data2\" content=\"1 minute\" \/>\n<script type=\"application\/ld+json\" class=\"yoast-schema-graph\">{\"@context\":\"https:\/\/schema.org\",\"@graph\":[{\"@type\":\"Article\",\"@id\":\"https:\/\/newsestlyonnais.fr\/site\/2017\/09\/17\/genas-les-vieux-tacots-feront-le-show-pour-le-5-rassemblement\/#article\",\"isPartOf\":{\"@id\":\"https:\/\/newsestlyonnais.fr\/site\/2017\/09\/17\/genas-les-vieux-tacots-feront-le-show-pour-le-5-rassemblement\/\"},\"author\":{\"name\":\"R\u00e9dac. NEWS\",\"@id\":\"https:\/\/newsestlyonnais.fr\/site\/#\/schema\/person\/3230d5615f390bb808365d673001e887\"},\"headline\":\"GENAS | Les Vieux Tacots feront le show pour le 5\u00b0 rassemblement\",\"datePublished\":\"2017-09-17T17:45:09+00:00\",\"dateModified\":\"2020-10-24T13:37:48+00:00\",\"mainEntityOfPage\":{\"@id\":\"https:\/\/newsestlyonnais.fr\/site\/2017\/09\/17\/genas-les-vieux-tacots-feront-le-show-pour-le-5-rassemblement\/\"},\"wordCount\":283,\"commentCount\":0,\"publisher\":{\"@id\":\"https:\/\/newsestlyonnais.fr\/site\/#organization\"},\"image\":{\"@id\":\"https:\/\/newsestlyonnais.fr\/site\/2017\/09\/17\/genas-les-vieux-tacots-feront-le-show-pour-le-5-rassemblement\/#primaryimage\"},\"thumbnailUrl\":\"https:\/\/newsestlyonnais.fr\/site\/wp-content\/uploads\/2016\/08\/NEWSESTLYONNAIS-vieux-tacots-.jpg\",\"keywords\":[\"GENAS\",\"VIEUX TACOTS GENASSIENS\"],\"articleSection\":[\"Autos | Motos\",\"Brocantes | Collections\",\"CCEL | Communes\",\"Expos | Foires | Mus\u00e9es | Salons\",\"Genas\"],\"inLanguage\":\"fr-FR\",\"potentialAction\":[{\"@type\":\"CommentAction\",\"name\":\"Comment\",\"target\":[\"https:\/\/newsestlyonnais.fr\/site\/2017\/09\/17\/genas-les-vieux-tacots-feront-le-show-pour-le-5-rassemblement\/#respond\"]}]},{\"@type\":\"WebPage\",\"@id\":\"https:\/\/newsestlyonnais.fr\/site\/2017\/09\/17\/genas-les-vieux-tacots-feront-le-show-pour-le-5-rassemblement\/\",\"url\":\"https:\/\/newsestlyonnais.fr\/site\/2017\/09\/17\/genas-les-vieux-tacots-feront-le-show-pour-le-5-rassemblement\/\",\"name\":\"GENAS | Les Vieux Tacots feront le show pour leur 5\u00b0 rassemblement\",\"isPartOf\":{\"@id\":\"https:\/\/newsestlyonnais.fr\/site\/#website\"},\"primaryImageOfPage\":{\"@id\":\"https:\/\/newsestlyonnais.fr\/site\/2017\/09\/17\/genas-les-vieux-tacots-feront-le-show-pour-le-5-rassemblement\/#primaryimage\"},\"image\":{\"@id\":\"https:\/\/newsestlyonnais.fr\/site\/2017\/09\/17\/genas-les-vieux-tacots-feront-le-show-pour-le-5-rassemblement\/#primaryimage\"},\"thumbnailUrl\":\"https:\/\/newsestlyonnais.fr\/site\/wp-content\/uploads\/2016\/08\/NEWSESTLYONNAIS-vieux-tacots-.jpg\",\"datePublished\":\"2017-09-17T17:45:09+00:00\",\"dateModified\":\"2020-10-24T13:37:48+00:00\",\"description\":\"GENAS : Les Vieux Tacots feront leur show \u00e0 l'occasion de leur 5\u00b0 rassemblement !\",\"breadcrumb\":{\"@id\":\"https:\/\/newsestlyonnais.fr\/site\/2017\/09\/17\/genas-les-vieux-tacots-feront-le-show-pour-le-5-rassemblement\/#breadcrumb\"},\"inLanguage\":\"fr-FR\",\"potentialAction\":[{\"@type\":\"ReadAction\",\"target\":[\"https:\/\/newsestlyonnais.fr\/site\/2017\/09\/17\/genas-les-vieux-tacots-feront-le-show-pour-le-5-rassemblement\/\"]}]},{\"@type\":\"ImageObject\",\"inLanguage\":\"fr-FR\",\"@id\":\"https:\/\/newsestlyonnais.fr\/site\/2017\/09\/17\/genas-les-vieux-tacots-feront-le-show-pour-le-5-rassemblement\/#primaryimage\",\"url\":\"https:\/\/newsestlyonnais.fr\/site\/wp-content\/uploads\/2016\/08\/NEWSESTLYONNAIS-vieux-tacots-.jpg\",\"contentUrl\":\"https:\/\/newsestlyonnais.fr\/site\/wp-content\/uploads\/2016\/08\/NEWSESTLYONNAIS-vieux-tacots-.jpg\",\"width\":1000,\"height\":750,\"caption\":\"L'affiche de l'\u00e9v\u00e8nement !\"},{\"@type\":\"BreadcrumbList\",\"@id\":\"https:\/\/newsestlyonnais.fr\/site\/2017\/09\/17\/genas-les-vieux-tacots-feront-le-show-pour-le-5-rassemblement\/#breadcrumb\",\"itemListElement\":[{\"@type\":\"ListItem\",\"position\":1,\"name\":\"Accueil\",\"item\":\"https:\/\/newsestlyonnais.fr\/site\/\"},{\"@type\":\"ListItem\",\"position\":2,\"name\":\"GENAS | Les Vieux Tacots feront le show pour le 5\u00b0 rassemblement\"}]},{\"@type\":\"WebSite\",\"@id\":\"https:\/\/newsestlyonnais.fr\/site\/#website\",\"url\":\"https:\/\/newsestlyonnais.fr\/site\/\",\"name\":\"News Est Lyonnais\",\"description\":\"L&#039;actualit\u00e9 au plus pr\u00e8s\",\"publisher\":{\"@id\":\"https:\/\/newsestlyonnais.fr\/site\/#organization\"},\"potentialAction\":[{\"@type\":\"SearchAction\",\"target\":{\"@type\":\"EntryPoint\",\"urlTemplate\":\"https:\/\/newsestlyonnais.fr\/site\/?s={search_term_string}\"},\"query-input\":{\"@type\":\"PropertyValueSpecification\",\"valueRequired\":true,\"valueName\":\"search_term_string\"}}],\"inLanguage\":\"fr-FR\"},{\"@type\":\"Organization\",\"@id\":\"https:\/\/newsestlyonnais.fr\/site\/#organization\",\"name\":\"News EST LYONNAIS\",\"url\":\"https:\/\/newsestlyonnais.fr\/site\/\",\"logo\":{\"@type\":\"ImageObject\",\"inLanguage\":\"fr-FR\",\"@id\":\"https:\/\/newsestlyonnais.fr\/site\/#\/schema\/logo\/image\/\",\"url\":\"\",\"contentUrl\":\"\",\"caption\":\"News EST LYONNAIS\"},\"image\":{\"@id\":\"https:\/\/newsestlyonnais.fr\/site\/#\/schema\/logo\/image\/\"}},{\"@type\":\"Person\",\"@id\":\"https:\/\/newsestlyonnais.fr\/site\/#\/schema\/person\/3230d5615f390bb808365d673001e887\",\"name\":\"R\u00e9dac. NEWS\",\"sameAs\":[\"http:\/\/www.newsestlyonnais.fr\",\"https:\/\/www.facebook.com\/pascal.oberson.1?fref=ts\",\"https:\/\/fr.linkedin.com\/in\/pascal-oberson-b17045113\"],\"url\":\"https:\/\/newsestlyonnais.fr\/site\/author\/nel\/\"}]}<\/script>\n<!-- \/ Yoast SEO plugin. -->","yoast_head_json":{"title":"GENAS | Les Vieux Tacots feront le show pour leur 5\u00b0 rassemblement","description":"GENAS : Les Vieux Tacots feront leur show \u00e0 l'occasion de leur 5\u00b0 rassemblement !","robots":{"index":"index","follow":"follow","max-snippet":"max-snippet:-1","max-image-preview":"max-image-preview:large","max-video-preview":"max-video-preview:-1"},"canonical":"https:\/\/newsestlyonnais.fr\/site\/2017\/09\/17\/genas-les-vieux-tacots-feront-le-show-pour-le-5-rassemblement\/","og_locale":"fr_FR","og_type":"article","og_title":"GENAS | Les Vieux Tacots feront le show pour leur 5\u00b0 rassemblement","og_description":"GENAS : Les Vieux Tacots feront leur show \u00e0 l'occasion de leur 5\u00b0 rassemblement !","og_url":"https:\/\/newsestlyonnais.fr\/site\/2017\/09\/17\/genas-les-vieux-tacots-feront-le-show-pour-le-5-rassemblement\/","og_site_name":"News Est Lyonnais","article_author":"https:\/\/www.facebook.com\/pascal.oberson.1?fref=ts","article_published_time":"2017-09-17T17:45:09+00:00","article_modified_time":"2020-10-24T13:37:48+00:00","og_image":[{"width":1000,"height":750,"url":"https:\/\/i2.wp.com\/newsestlyonnais.fr\/site\/wp-content\/uploads\/2016\/08\/NEWSESTLYONNAIS-vieux-tacots-.jpg?fit=1000%2C750&ssl=1","type":"image\/jpeg"}],"author":"R\u00e9dac. NEWS","twitter_card":"summary_large_image","twitter_misc":{"\u00c9crit par":"R\u00e9dac. NEWS","Dur\u00e9e de lecture estim\u00e9e":"1 minute"},"schema":{"@context":"https:\/\/schema.org","@graph":[{"@type":"Article","@id":"https:\/\/newsestlyonnais.fr\/site\/2017\/09\/17\/genas-les-vieux-tacots-feront-le-show-pour-le-5-rassemblement\/#article","isPartOf":{"@id":"https:\/\/newsestlyonnais.fr\/site\/2017\/09\/17\/genas-les-vieux-tacots-feront-le-show-pour-le-5-rassemblement\/"},"author":{"name":"R\u00e9dac. NEWS","@id":"https:\/\/newsestlyonnais.fr\/site\/#\/schema\/person\/3230d5615f390bb808365d673001e887"},"headline":"GENAS | Les Vieux Tacots feront le show pour le 5\u00b0 rassemblement","datePublished":"2017-09-17T17:45:09+00:00","dateModified":"2020-10-24T13:37:48+00:00","mainEntityOfPage":{"@id":"https:\/\/newsestlyonnais.fr\/site\/2017\/09\/17\/genas-les-vieux-tacots-feront-le-show-pour-le-5-rassemblement\/"},"wordCount":283,"commentCount":0,"publisher":{"@id":"https:\/\/newsestlyonnais.fr\/site\/#organization"},"image":{"@id":"https:\/\/newsestlyonnais.fr\/site\/2017\/09\/17\/genas-les-vieux-tacots-feront-le-show-pour-le-5-rassemblement\/#primaryimage"},"thumbnailUrl":"https:\/\/newsestlyonnais.fr\/site\/wp-content\/uploads\/2016\/08\/NEWSESTLYONNAIS-vieux-tacots-.jpg","keywords":["GENAS","VIEUX TACOTS GENASSIENS"],"articleSection":["Autos | Motos","Brocantes | Collections","CCEL | Communes","Expos | Foires | Mus\u00e9es | Salons","Genas"],"inLanguage":"fr-FR","potentialAction":[{"@type":"CommentAction","name":"Comment","target":["https:\/\/newsestlyonnais.fr\/site\/2017\/09\/17\/genas-les-vieux-tacots-feront-le-show-pour-le-5-rassemblement\/#respond"]}]},{"@type":"WebPage","@id":"https:\/\/newsestlyonnais.fr\/site\/2017\/09\/17\/genas-les-vieux-tacots-feront-le-show-pour-le-5-rassemblement\/","url":"https:\/\/newsestlyonnais.fr\/site\/2017\/09\/17\/genas-les-vieux-tacots-feront-le-show-pour-le-5-rassemblement\/","name":"GENAS | Les Vieux Tacots feront le show pour leur 5\u00b0 rassemblement","isPartOf":{"@id":"https:\/\/newsestlyonnais.fr\/site\/#website"},"primaryImageOfPage":{"@id":"https:\/\/newsestlyonnais.fr\/site\/2017\/09\/17\/genas-les-vieux-tacots-feront-le-show-pour-le-5-rassemblement\/#primaryimage"},"image":{"@id":"https:\/\/newsestlyonnais.fr\/site\/2017\/09\/17\/genas-les-vieux-tacots-feront-le-show-pour-le-5-rassemblement\/#primaryimage"},"thumbnailUrl":"https:\/\/newsestlyonnais.fr\/site\/wp-content\/uploads\/2016\/08\/NEWSESTLYONNAIS-vieux-tacots-.jpg","datePublished":"2017-09-17T17:45:09+00:00","dateModified":"2020-10-24T13:37:48+00:00","description":"GENAS : Les Vieux Tacots feront leur show \u00e0 l'occasion de leur 5\u00b0 rassemblement !","breadcrumb":{"@id":"https:\/\/newsestlyonnais.fr\/site\/2017\/09\/17\/genas-les-vieux-tacots-feront-le-show-pour-le-5-rassemblement\/#breadcrumb"},"inLanguage":"fr-FR","potentialAction":[{"@type":"ReadAction","target":["https:\/\/newsestlyonnais.fr\/site\/2017\/09\/17\/genas-les-vieux-tacots-feront-le-show-pour-le-5-rassemblement\/"]}]},{"@type":"ImageObject","inLanguage":"fr-FR","@id":"https:\/\/newsestlyonnais.fr\/site\/2017\/09\/17\/genas-les-vieux-tacots-feront-le-show-pour-le-5-rassemblement\/#primaryimage","url":"https:\/\/newsestlyonnais.fr\/site\/wp-content\/uploads\/2016\/08\/NEWSESTLYONNAIS-vieux-tacots-.jpg","contentUrl":"https:\/\/newsestlyonnais.fr\/site\/wp-content\/uploads\/2016\/08\/NEWSESTLYONNAIS-vieux-tacots-.jpg","width":1000,"height":750,"caption":"L'affiche de l'\u00e9v\u00e8nement !"},{"@type":"BreadcrumbList","@id":"https:\/\/newsestlyonnais.fr\/site\/2017\/09\/17\/genas-les-vieux-tacots-feront-le-show-pour-le-5-rassemblement\/#breadcrumb","itemListElement":[{"@type":"ListItem","position":1,"name":"Accueil","item":"https:\/\/newsestlyonnais.fr\/site\/"},{"@type":"ListItem","position":2,"name":"GENAS | Les Vieux Tacots feront le show pour le 5\u00b0 rassemblement"}]},{"@type":"WebSite","@id":"https:\/\/newsestlyonnais.fr\/site\/#website","url":"https:\/\/newsestlyonnais.fr\/site\/","name":"News Est Lyonnais","description":"L&#039;actualit\u00e9 au plus pr\u00e8s","publisher":{"@id":"https:\/\/newsestlyonnais.fr\/site\/#organization"},"potentialAction":[{"@type":"SearchAction","target":{"@type":"EntryPoint","urlTemplate":"https:\/\/newsestlyonnais.fr\/site\/?s={search_term_string}"},"query-input":{"@type":"PropertyValueSpecification","valueRequired":true,"valueName":"search_term_string"}}],"inLanguage":"fr-FR"},{"@type":"Organization","@id":"https:\/\/newsestlyonnais.fr\/site\/#organization","name":"News EST LYONNAIS","url":"https:\/\/newsestlyonnais.fr\/site\/","logo":{"@type":"ImageObject","inLanguage":"fr-FR","@id":"https:\/\/newsestlyonnais.fr\/site\/#\/schema\/logo\/image\/","url":"","contentUrl":"","caption":"News EST LYONNAIS"},"image":{"@id":"https:\/\/newsestlyonnais.fr\/site\/#\/schema\/logo\/image\/"}},{"@type":"Person","@id":"https:\/\/newsestlyonnais.fr\/site\/#\/schema\/person\/3230d5615f390bb808365d673001e887","name":"R\u00e9dac. NEWS","sameAs":["http:\/\/www.newsestlyonnais.fr","https:\/\/www.facebook.com\/pascal.oberson.1?fref=ts","https:\/\/fr.linkedin.com\/in\/pascal-oberson-b17045113"],"url":"https:\/\/newsestlyonnais.fr\/site\/author\/nel\/"}]}},"_links":{"self":[{"href":"https:\/\/newsestlyonnais.fr\/site\/wp-json\/wp\/v2\/posts\/34871","targetHints":{"allow":["GET"]}}],"collection":[{"href":"https:\/\/newsestlyonnais.fr\/site\/wp-json\/wp\/v2\/posts"}],"about":[{"href":"https:\/\/newsestlyonnais.fr\/site\/wp-json\/wp\/v2\/types\/post"}],"author":[{"embeddable":true,"href":"https:\/\/newsestlyonnais.fr\/site\/wp-json\/wp\/v2\/users\/4"}],"replies":[{"embeddable":true,"href":"https:\/\/newsestlyonnais.fr\/site\/wp-json\/wp\/v2\/comments?post=34871"}],"version-history":[{"count":0,"href":"https:\/\/newsestlyonnais.fr\/site\/wp-json\/wp\/v2\/posts\/34871\/revisions"}],"wp:featuredmedia":[{"embeddable":true,"href":"https:\/\/newsestlyonnais.fr\/site\/wp-json\/wp\/v2\/media\/33999"}],"wp:attachment":[{"href":"https:\/\/newsestlyonnais.fr\/site\/wp-json\/wp\/v2\/media?parent=34871"}],"wp:term":[{"taxonomy":"category","embeddable":true,"href":"https:\/\/newsestlyonnais.fr\/site\/wp-json\/wp\/v2\/categories?post=34871"},{"taxonomy":"post_tag","embeddable":true,"href":"https:\/\/newsestlyonnais.fr\/site\/wp-json\/wp\/v2\/tags?post=34871"}],"curies":[{"name":"wp","href":"https:\/\/api.w.org\/{rel}","templated":true}]}}