{"id":34971,"date":"2017-09-16T14:17:54","date_gmt":"2017-09-16T13:17:54","guid":{"rendered":"http:\/\/newsestlyonnais.fr\/site\/?p=34971"},"modified":"2020-11-18T19:28:50","modified_gmt":"2020-11-18T18:28:50","slug":"meyzieu-collecte-dechets-changement-certaines-rues-quartier-terrasses","status":"publish","type":"post","link":"https:\/\/newsestlyonnais.fr\/site\/2017\/09\/16\/meyzieu-collecte-dechets-changement-certaines-rues-quartier-terrasses\/","title":{"rendered":"MEYZIEU | Collecte d\u00e9chets > changement pour certaines rues du quartier des Terrasses"},"content":{"rendered":"<h4>La M\u00e9tropole a inform\u00e9 la Ville de Meyzieu d\u2019un changement des jours de collecte \u00e0 compter de ce jour, sur sur le 4\u00b0 secteur, correspondant au quartier des Terrasses\/Ferry\/Brassens.<\/h4>\n<p><strong>Cette modification concerne uniquement les rues suivantes<\/strong> :<\/p>\n<ul>\n<li>l\u2019all\u00e9e Jacques Brel<\/li>\n<li>la rue Ernest Renan<\/li>\n<li>la rue des Gadelles<\/li>\n<li>la rue Lamartine<\/li>\n<li>la rue Alfred de Vigny<\/li>\n<li>la rue Albert Samain<\/li>\n<li>la rue Alfred de Musset<\/li>\n<\/ul>\n<p>Les ordures m\u00e9nag\u00e8res (bacs gris) seront d\u00e9sormais collect\u00e9es \/<\/p>\n<ul>\n<li>les mardis et les vendredis (bacs gris)<\/li>\n<li>les jeudis (collecte s\u00e9lective des bacs verts)<\/li>\n<\/ul>\n<h4>Calendriers et carte de r\u00e9partition des ramassages par secteur consultables sur le site du Grand Lyon : <a href=\"https:\/\/www.grandlyon.com\/communes\/meyzieu.html\" target=\"_blank\" rel=\"noopener noreferrer\">https:\/\/www.grandlyon.com\/communes\/meyzieu.html<\/a>\u00a0\u00a0\u00a0\u00a0\u00a0\u00a0\u00a0 (rubrique &gt; Collecte des d\u00e9chets)<\/h4>\n","protected":false},"excerpt":{"rendered":"<p>La M\u00e9tropole a inform\u00e9 la Ville de Meyzieu d\u2019un changement des jours de collecte \u00e0 compter de ce jour, sur sur le 4\u00b0 secteur, correspondant au quartier des Terrasses\/Ferry\/Brassens. Cette modification concerne uniquement les rues suivantes : l\u2019all\u00e9e Jacques Brel la rue Ernest Renan la rue des Gadelles la rue Lamartine la rue Alfred de [&hellip;]<\/p>\n","protected":false},"author":4,"featured_media":0,"comment_status":"open","ping_status":"open","sticky":false,"template":"","format":"standard","meta":{"footnotes":""},"categories":[24,3010,172],"tags":[],"class_list":["post-34971","post","type-post","status-publish","format-standard","hentry","category-meyzieu","category-nature-environnement-culture-et-loisirs","category-travaux-amenagements"],"yoast_head":"<!-- This site is optimized with the Yoast SEO plugin v27.2 - https:\/\/yoast.com\/product\/yoast-seo-wordpress\/ -->\n<title>MEYZIEU : Collecte des d\u00e9chets : du changement pour certaines rues du quartier des Terrasses<\/title>\n<meta name=\"description\" content=\"MEYZIEU : Collecte des d\u00e9chets : du changement pour certaines rues du quartier des Terrasses\" \/>\n<meta name=\"robots\" content=\"index, follow, max-snippet:-1, max-image-preview:large, max-video-preview:-1\" \/>\n<link rel=\"canonical\" href=\"https:\/\/newsestlyonnais.fr\/site\/2017\/09\/16\/meyzieu-collecte-dechets-changement-certaines-rues-quartier-terrasses\/\" \/>\n<meta property=\"og:locale\" content=\"fr_FR\" \/>\n<meta property=\"og:type\" content=\"article\" \/>\n<meta property=\"og:title\" content=\"MEYZIEU : Collecte des d\u00e9chets : du changement pour certaines rues du quartier des Terrasses\" \/>\n<meta property=\"og:description\" content=\"MEYZIEU : Collecte des d\u00e9chets : du changement pour certaines rues du quartier des Terrasses\" \/>\n<meta property=\"og:url\" content=\"https:\/\/newsestlyonnais.fr\/site\/2017\/09\/16\/meyzieu-collecte-dechets-changement-certaines-rues-quartier-terrasses\/\" \/>\n<meta property=\"og:site_name\" content=\"News Est Lyonnais\" \/>\n<meta property=\"article:author\" content=\"https:\/\/www.facebook.com\/pascal.oberson.1?fref=ts\" \/>\n<meta property=\"article:published_time\" content=\"2017-09-16T13:17:54+00:00\" \/>\n<meta property=\"article:modified_time\" content=\"2020-11-18T18:28:50+00:00\" \/>\n<meta name=\"author\" content=\"R\u00e9dac. NEWS\" \/>\n<meta name=\"twitter:card\" content=\"summary_large_image\" \/>\n<meta name=\"twitter:label1\" content=\"\u00c9crit par\" \/>\n\t<meta name=\"twitter:data1\" content=\"R\u00e9dac. NEWS\" \/>\n\t<meta name=\"twitter:label2\" content=\"Dur\u00e9e de lecture estim\u00e9e\" \/>\n\t<meta name=\"twitter:data2\" content=\"1 minute\" \/>\n<script type=\"application\/ld+json\" class=\"yoast-schema-graph\">{\"@context\":\"https:\/\/schema.org\",\"@graph\":[{\"@type\":\"Article\",\"@id\":\"https:\/\/newsestlyonnais.fr\/site\/2017\/09\/16\/meyzieu-collecte-dechets-changement-certaines-rues-quartier-terrasses\/#article\",\"isPartOf\":{\"@id\":\"https:\/\/newsestlyonnais.fr\/site\/2017\/09\/16\/meyzieu-collecte-dechets-changement-certaines-rues-quartier-terrasses\/\"},\"author\":{\"name\":\"R\u00e9dac. NEWS\",\"@id\":\"https:\/\/newsestlyonnais.fr\/site\/#\/schema\/person\/3230d5615f390bb808365d673001e887\"},\"headline\":\"MEYZIEU | Collecte d\u00e9chets > changement pour certaines rues du quartier des Terrasses\",\"datePublished\":\"2017-09-16T13:17:54+00:00\",\"dateModified\":\"2020-11-18T18:28:50+00:00\",\"mainEntityOfPage\":{\"@id\":\"https:\/\/newsestlyonnais.fr\/site\/2017\/09\/16\/meyzieu-collecte-dechets-changement-certaines-rues-quartier-terrasses\/\"},\"wordCount\":137,\"commentCount\":0,\"publisher\":{\"@id\":\"https:\/\/newsestlyonnais.fr\/site\/#organization\"},\"articleSection\":[\"Meyzieu\",\"Nature | Environnement | Chasse\",\"Travaux | Am\u00e9nagements\"],\"inLanguage\":\"fr-FR\",\"potentialAction\":[{\"@type\":\"CommentAction\",\"name\":\"Comment\",\"target\":[\"https:\/\/newsestlyonnais.fr\/site\/2017\/09\/16\/meyzieu-collecte-dechets-changement-certaines-rues-quartier-terrasses\/#respond\"]}]},{\"@type\":\"WebPage\",\"@id\":\"https:\/\/newsestlyonnais.fr\/site\/2017\/09\/16\/meyzieu-collecte-dechets-changement-certaines-rues-quartier-terrasses\/\",\"url\":\"https:\/\/newsestlyonnais.fr\/site\/2017\/09\/16\/meyzieu-collecte-dechets-changement-certaines-rues-quartier-terrasses\/\",\"name\":\"MEYZIEU : Collecte des d\u00e9chets : du changement pour certaines rues du quartier des Terrasses\",\"isPartOf\":{\"@id\":\"https:\/\/newsestlyonnais.fr\/site\/#website\"},\"datePublished\":\"2017-09-16T13:17:54+00:00\",\"dateModified\":\"2020-11-18T18:28:50+00:00\",\"description\":\"MEYZIEU : Collecte des d\u00e9chets : du changement pour certaines rues du quartier des Terrasses\",\"breadcrumb\":{\"@id\":\"https:\/\/newsestlyonnais.fr\/site\/2017\/09\/16\/meyzieu-collecte-dechets-changement-certaines-rues-quartier-terrasses\/#breadcrumb\"},\"inLanguage\":\"fr-FR\",\"potentialAction\":[{\"@type\":\"ReadAction\",\"target\":[\"https:\/\/newsestlyonnais.fr\/site\/2017\/09\/16\/meyzieu-collecte-dechets-changement-certaines-rues-quartier-terrasses\/\"]}]},{\"@type\":\"BreadcrumbList\",\"@id\":\"https:\/\/newsestlyonnais.fr\/site\/2017\/09\/16\/meyzieu-collecte-dechets-changement-certaines-rues-quartier-terrasses\/#breadcrumb\",\"itemListElement\":[{\"@type\":\"ListItem\",\"position\":1,\"name\":\"Accueil\",\"item\":\"https:\/\/newsestlyonnais.fr\/site\/\"},{\"@type\":\"ListItem\",\"position\":2,\"name\":\"MEYZIEU | Collecte d\u00e9chets > changement pour certaines rues du quartier des Terrasses\"}]},{\"@type\":\"WebSite\",\"@id\":\"https:\/\/newsestlyonnais.fr\/site\/#website\",\"url\":\"https:\/\/newsestlyonnais.fr\/site\/\",\"name\":\"News Est Lyonnais\",\"description\":\"L&#039;actualit\u00e9 au plus pr\u00e8s\",\"publisher\":{\"@id\":\"https:\/\/newsestlyonnais.fr\/site\/#organization\"},\"potentialAction\":[{\"@type\":\"SearchAction\",\"target\":{\"@type\":\"EntryPoint\",\"urlTemplate\":\"https:\/\/newsestlyonnais.fr\/site\/?s={search_term_string}\"},\"query-input\":{\"@type\":\"PropertyValueSpecification\",\"valueRequired\":true,\"valueName\":\"search_term_string\"}}],\"inLanguage\":\"fr-FR\"},{\"@type\":\"Organization\",\"@id\":\"https:\/\/newsestlyonnais.fr\/site\/#organization\",\"name\":\"News EST LYONNAIS\",\"url\":\"https:\/\/newsestlyonnais.fr\/site\/\",\"logo\":{\"@type\":\"ImageObject\",\"inLanguage\":\"fr-FR\",\"@id\":\"https:\/\/newsestlyonnais.fr\/site\/#\/schema\/logo\/image\/\",\"url\":\"\",\"contentUrl\":\"\",\"caption\":\"News EST LYONNAIS\"},\"image\":{\"@id\":\"https:\/\/newsestlyonnais.fr\/site\/#\/schema\/logo\/image\/\"}},{\"@type\":\"Person\",\"@id\":\"https:\/\/newsestlyonnais.fr\/site\/#\/schema\/person\/3230d5615f390bb808365d673001e887\",\"name\":\"R\u00e9dac. NEWS\",\"sameAs\":[\"http:\/\/www.newsestlyonnais.fr\",\"https:\/\/www.facebook.com\/pascal.oberson.1?fref=ts\",\"https:\/\/fr.linkedin.com\/in\/pascal-oberson-b17045113\"],\"url\":\"https:\/\/newsestlyonnais.fr\/site\/author\/nel\/\"}]}<\/script>\n<!-- \/ Yoast SEO plugin. -->","yoast_head_json":{"title":"MEYZIEU : Collecte des d\u00e9chets : du changement pour certaines rues du quartier des Terrasses","description":"MEYZIEU : Collecte des d\u00e9chets : du changement pour certaines rues du quartier des Terrasses","robots":{"index":"index","follow":"follow","max-snippet":"max-snippet:-1","max-image-preview":"max-image-preview:large","max-video-preview":"max-video-preview:-1"},"canonical":"https:\/\/newsestlyonnais.fr\/site\/2017\/09\/16\/meyzieu-collecte-dechets-changement-certaines-rues-quartier-terrasses\/","og_locale":"fr_FR","og_type":"article","og_title":"MEYZIEU : Collecte des d\u00e9chets : du changement pour certaines rues du quartier des Terrasses","og_description":"MEYZIEU : Collecte des d\u00e9chets : du changement pour certaines rues du quartier des Terrasses","og_url":"https:\/\/newsestlyonnais.fr\/site\/2017\/09\/16\/meyzieu-collecte-dechets-changement-certaines-rues-quartier-terrasses\/","og_site_name":"News Est Lyonnais","article_author":"https:\/\/www.facebook.com\/pascal.oberson.1?fref=ts","article_published_time":"2017-09-16T13:17:54+00:00","article_modified_time":"2020-11-18T18:28:50+00:00","author":"R\u00e9dac. NEWS","twitter_card":"summary_large_image","twitter_misc":{"\u00c9crit par":"R\u00e9dac. NEWS","Dur\u00e9e de lecture estim\u00e9e":"1 minute"},"schema":{"@context":"https:\/\/schema.org","@graph":[{"@type":"Article","@id":"https:\/\/newsestlyonnais.fr\/site\/2017\/09\/16\/meyzieu-collecte-dechets-changement-certaines-rues-quartier-terrasses\/#article","isPartOf":{"@id":"https:\/\/newsestlyonnais.fr\/site\/2017\/09\/16\/meyzieu-collecte-dechets-changement-certaines-rues-quartier-terrasses\/"},"author":{"name":"R\u00e9dac. NEWS","@id":"https:\/\/newsestlyonnais.fr\/site\/#\/schema\/person\/3230d5615f390bb808365d673001e887"},"headline":"MEYZIEU | Collecte d\u00e9chets > changement pour certaines rues du quartier des Terrasses","datePublished":"2017-09-16T13:17:54+00:00","dateModified":"2020-11-18T18:28:50+00:00","mainEntityOfPage":{"@id":"https:\/\/newsestlyonnais.fr\/site\/2017\/09\/16\/meyzieu-collecte-dechets-changement-certaines-rues-quartier-terrasses\/"},"wordCount":137,"commentCount":0,"publisher":{"@id":"https:\/\/newsestlyonnais.fr\/site\/#organization"},"articleSection":["Meyzieu","Nature | Environnement | Chasse","Travaux | Am\u00e9nagements"],"inLanguage":"fr-FR","potentialAction":[{"@type":"CommentAction","name":"Comment","target":["https:\/\/newsestlyonnais.fr\/site\/2017\/09\/16\/meyzieu-collecte-dechets-changement-certaines-rues-quartier-terrasses\/#respond"]}]},{"@type":"WebPage","@id":"https:\/\/newsestlyonnais.fr\/site\/2017\/09\/16\/meyzieu-collecte-dechets-changement-certaines-rues-quartier-terrasses\/","url":"https:\/\/newsestlyonnais.fr\/site\/2017\/09\/16\/meyzieu-collecte-dechets-changement-certaines-rues-quartier-terrasses\/","name":"MEYZIEU : Collecte des d\u00e9chets : du changement pour certaines rues du quartier des Terrasses","isPartOf":{"@id":"https:\/\/newsestlyonnais.fr\/site\/#website"},"datePublished":"2017-09-16T13:17:54+00:00","dateModified":"2020-11-18T18:28:50+00:00","description":"MEYZIEU : Collecte des d\u00e9chets : du changement pour certaines rues du quartier des Terrasses","breadcrumb":{"@id":"https:\/\/newsestlyonnais.fr\/site\/2017\/09\/16\/meyzieu-collecte-dechets-changement-certaines-rues-quartier-terrasses\/#breadcrumb"},"inLanguage":"fr-FR","potentialAction":[{"@type":"ReadAction","target":["https:\/\/newsestlyonnais.fr\/site\/2017\/09\/16\/meyzieu-collecte-dechets-changement-certaines-rues-quartier-terrasses\/"]}]},{"@type":"BreadcrumbList","@id":"https:\/\/newsestlyonnais.fr\/site\/2017\/09\/16\/meyzieu-collecte-dechets-changement-certaines-rues-quartier-terrasses\/#breadcrumb","itemListElement":[{"@type":"ListItem","position":1,"name":"Accueil","item":"https:\/\/newsestlyonnais.fr\/site\/"},{"@type":"ListItem","position":2,"name":"MEYZIEU | Collecte d\u00e9chets > changement pour certaines rues du quartier des Terrasses"}]},{"@type":"WebSite","@id":"https:\/\/newsestlyonnais.fr\/site\/#website","url":"https:\/\/newsestlyonnais.fr\/site\/","name":"News Est Lyonnais","description":"L&#039;actualit\u00e9 au plus pr\u00e8s","publisher":{"@id":"https:\/\/newsestlyonnais.fr\/site\/#organization"},"potentialAction":[{"@type":"SearchAction","target":{"@type":"EntryPoint","urlTemplate":"https:\/\/newsestlyonnais.fr\/site\/?s={search_term_string}"},"query-input":{"@type":"PropertyValueSpecification","valueRequired":true,"valueName":"search_term_string"}}],"inLanguage":"fr-FR"},{"@type":"Organization","@id":"https:\/\/newsestlyonnais.fr\/site\/#organization","name":"News EST LYONNAIS","url":"https:\/\/newsestlyonnais.fr\/site\/","logo":{"@type":"ImageObject","inLanguage":"fr-FR","@id":"https:\/\/newsestlyonnais.fr\/site\/#\/schema\/logo\/image\/","url":"","contentUrl":"","caption":"News EST LYONNAIS"},"image":{"@id":"https:\/\/newsestlyonnais.fr\/site\/#\/schema\/logo\/image\/"}},{"@type":"Person","@id":"https:\/\/newsestlyonnais.fr\/site\/#\/schema\/person\/3230d5615f390bb808365d673001e887","name":"R\u00e9dac. NEWS","sameAs":["http:\/\/www.newsestlyonnais.fr","https:\/\/www.facebook.com\/pascal.oberson.1?fref=ts","https:\/\/fr.linkedin.com\/in\/pascal-oberson-b17045113"],"url":"https:\/\/newsestlyonnais.fr\/site\/author\/nel\/"}]}},"_links":{"self":[{"href":"https:\/\/newsestlyonnais.fr\/site\/wp-json\/wp\/v2\/posts\/34971","targetHints":{"allow":["GET"]}}],"collection":[{"href":"https:\/\/newsestlyonnais.fr\/site\/wp-json\/wp\/v2\/posts"}],"about":[{"href":"https:\/\/newsestlyonnais.fr\/site\/wp-json\/wp\/v2\/types\/post"}],"author":[{"embeddable":true,"href":"https:\/\/newsestlyonnais.fr\/site\/wp-json\/wp\/v2\/users\/4"}],"replies":[{"embeddable":true,"href":"https:\/\/newsestlyonnais.fr\/site\/wp-json\/wp\/v2\/comments?post=34971"}],"version-history":[{"count":0,"href":"https:\/\/newsestlyonnais.fr\/site\/wp-json\/wp\/v2\/posts\/34971\/revisions"}],"wp:attachment":[{"href":"https:\/\/newsestlyonnais.fr\/site\/wp-json\/wp\/v2\/media?parent=34971"}],"wp:term":[{"taxonomy":"category","embeddable":true,"href":"https:\/\/newsestlyonnais.fr\/site\/wp-json\/wp\/v2\/categories?post=34971"},{"taxonomy":"post_tag","embeddable":true,"href":"https:\/\/newsestlyonnais.fr\/site\/wp-json\/wp\/v2\/tags?post=34971"}],"curies":[{"name":"wp","href":"https:\/\/api.w.org\/{rel}","templated":true}]}}