{"id":35156,"date":"2017-09-21T12:37:38","date_gmt":"2017-09-21T11:37:38","guid":{"rendered":"http:\/\/newsestlyonnais.fr\/site\/?p=35156"},"modified":"2020-11-17T13:11:01","modified_gmt":"2020-11-17T12:11:01","slug":"vaulx-velin-numero-161-vaulx-journal-paru","status":"publish","type":"post","link":"https:\/\/newsestlyonnais.fr\/site\/2017\/09\/21\/vaulx-velin-numero-161-vaulx-journal-paru\/","title":{"rendered":"VAULX-EN-VELIN | Le num\u00e9ro 161 du VAULX JOURNAL est paru"},"content":{"rendered":"<h4><span style=\"font-size: medium\"><span style=\"font-family: Arial,Helvetica,sans-serif\">En cours de distribution dans toutes les bo\u00eetes aux lettres vaudaises et sur les pr\u00e9sentoirs des lieux publics, voici le <\/span><\/span><span style=\"font-family: Arial,Helvetica,sans-serif\">sommaire de ce dernier num\u00e9ro:<\/span><\/h4>\n<ul>\n<li>Vaulx se met \u00e0 la page avec des biblioth\u00e8ques 2.0 (page 3)<\/li>\n<li>Entrevue crois\u00e9e avec Alain Villard et St\u00e9phane Gomez (page 5)<\/li>\n<li>Centre culturel Charlie-Charlie : une saison sous le signe de l\u2019\u00e9vasion (page 6)<\/li>\n<li>La culture crescendo : la nouvelle partition du Conservatoire (pages 8 et 9)<\/li>\n<li>Centre sociaux, MJC et EPI font leur rentr\u00e9e (page 11)<\/li>\n<li>Jean-Joachim Da Passano, roi des diplomates, diplomate des rois (page 16)<\/li>\n<\/ul>\n<h3>Un num\u00e9ro \u00e0 t\u00e9l\u00e9charger sur: <a href=\"http:\/\/www.vaulx-en-velin.net\" target=\"_blank\" rel=\"noopener noreferrer\">www.vaulx-en-velin.net<\/a><\/h3>\n<p><img loading=\"lazy\" decoding=\"async\" class=\"alignleft size-full wp-image-35160\" src=\"https:\/\/newsestlyonnais.fr\/site\/medias\/2017\/09\/NEWSESTLYONNAIS-Une-20-sept-2017.jpg\" alt=\"NEWSESTLYONNAIS Une 20 sept 2017\" width=\"1000\" height=\"750\" srcset=\"https:\/\/newsestlyonnais.fr\/site\/wp-content\/uploads\/2017\/09\/NEWSESTLYONNAIS-Une-20-sept-2017.jpg 1000w, https:\/\/newsestlyonnais.fr\/site\/wp-content\/uploads\/2017\/09\/NEWSESTLYONNAIS-Une-20-sept-2017-400x300.jpg 400w, https:\/\/newsestlyonnais.fr\/site\/wp-content\/uploads\/2017\/09\/NEWSESTLYONNAIS-Une-20-sept-2017-768x576.jpg 768w, https:\/\/newsestlyonnais.fr\/site\/wp-content\/uploads\/2017\/09\/NEWSESTLYONNAIS-Une-20-sept-2017-600x450.jpg 600w, https:\/\/newsestlyonnais.fr\/site\/wp-content\/uploads\/2017\/09\/NEWSESTLYONNAIS-Une-20-sept-2017-100x75.jpg 100w\" sizes=\"auto, (max-width: 1000px) 100vw, 1000px\" \/><\/p>\n","protected":false},"excerpt":{"rendered":"<p>En cours de distribution dans toutes les bo\u00eetes aux lettres vaudaises et sur les pr\u00e9sentoirs des lieux publics, voici le sommaire de ce dernier num\u00e9ro: Vaulx se met \u00e0 la page avec des biblioth\u00e8ques 2.0 (page 3) Entrevue crois\u00e9e avec Alain Villard et St\u00e9phane Gomez (page 5) Centre culturel Charlie-Charlie : une saison sous le [&hellip;]<\/p>\n","protected":false},"author":4,"featured_media":35160,"comment_status":"open","ping_status":"open","sticky":false,"template":"","format":"standard","meta":{"footnotes":""},"categories":[2983,28],"tags":[],"class_list":["post-35156","post","type-post","status-publish","format-standard","has-post-thumbnail","hentry","category-litterature-bd-mags-2","category-vaulx-en-velin"],"yoast_head":"<!-- This site is optimized with the Yoast SEO plugin v27.2 - https:\/\/yoast.com\/product\/yoast-seo-wordpress\/ -->\n<title>VAULX EN VELIN : Le num\u00e9ro 161 du VAULX JOURNAL est paru !<\/title>\n<meta name=\"description\" content=\"VAULX EN VELIN : Le num\u00e9ro 161 du VAULX JOURNAL est paru !\" \/>\n<meta name=\"robots\" content=\"index, follow, max-snippet:-1, max-image-preview:large, max-video-preview:-1\" \/>\n<link rel=\"canonical\" href=\"https:\/\/newsestlyonnais.fr\/site\/2017\/09\/21\/vaulx-velin-numero-161-vaulx-journal-paru\/\" \/>\n<meta property=\"og:locale\" content=\"fr_FR\" \/>\n<meta property=\"og:type\" content=\"article\" \/>\n<meta property=\"og:title\" content=\"VAULX EN VELIN : Le num\u00e9ro 161 du VAULX JOURNAL est paru !\" \/>\n<meta property=\"og:description\" content=\"VAULX EN VELIN : Le num\u00e9ro 161 du VAULX JOURNAL est paru !\" \/>\n<meta property=\"og:url\" content=\"https:\/\/newsestlyonnais.fr\/site\/2017\/09\/21\/vaulx-velin-numero-161-vaulx-journal-paru\/\" \/>\n<meta property=\"og:site_name\" content=\"News Est Lyonnais\" \/>\n<meta property=\"article:author\" content=\"https:\/\/www.facebook.com\/pascal.oberson.1?fref=ts\" \/>\n<meta property=\"article:published_time\" content=\"2017-09-21T11:37:38+00:00\" \/>\n<meta property=\"article:modified_time\" content=\"2020-11-17T12:11:01+00:00\" \/>\n<meta property=\"og:image\" content=\"https:\/\/i0.wp.com\/newsestlyonnais.fr\/site\/wp-content\/uploads\/2017\/09\/NEWSESTLYONNAIS-Une-20-sept-2017.jpg?fit=1000%2C750&ssl=1\" \/>\n\t<meta property=\"og:image:width\" content=\"1000\" \/>\n\t<meta property=\"og:image:height\" content=\"750\" \/>\n\t<meta property=\"og:image:type\" content=\"image\/jpeg\" \/>\n<meta name=\"author\" content=\"R\u00e9dac. NEWS\" \/>\n<meta name=\"twitter:card\" content=\"summary_large_image\" \/>\n<meta name=\"twitter:label1\" content=\"\u00c9crit par\" \/>\n\t<meta name=\"twitter:data1\" content=\"R\u00e9dac. NEWS\" \/>\n\t<meta name=\"twitter:label2\" content=\"Dur\u00e9e de lecture estim\u00e9e\" \/>\n\t<meta name=\"twitter:data2\" content=\"1 minute\" \/>\n<script type=\"application\/ld+json\" class=\"yoast-schema-graph\">{\"@context\":\"https:\/\/schema.org\",\"@graph\":[{\"@type\":\"Article\",\"@id\":\"https:\/\/newsestlyonnais.fr\/site\/2017\/09\/21\/vaulx-velin-numero-161-vaulx-journal-paru\/#article\",\"isPartOf\":{\"@id\":\"https:\/\/newsestlyonnais.fr\/site\/2017\/09\/21\/vaulx-velin-numero-161-vaulx-journal-paru\/\"},\"author\":{\"name\":\"R\u00e9dac. NEWS\",\"@id\":\"https:\/\/newsestlyonnais.fr\/site\/#\/schema\/person\/3230d5615f390bb808365d673001e887\"},\"headline\":\"VAULX-EN-VELIN | Le num\u00e9ro 161 du VAULX JOURNAL est paru\",\"datePublished\":\"2017-09-21T11:37:38+00:00\",\"dateModified\":\"2020-11-17T12:11:01+00:00\",\"mainEntityOfPage\":{\"@id\":\"https:\/\/newsestlyonnais.fr\/site\/2017\/09\/21\/vaulx-velin-numero-161-vaulx-journal-paru\/\"},\"wordCount\":110,\"commentCount\":0,\"publisher\":{\"@id\":\"https:\/\/newsestlyonnais.fr\/site\/#organization\"},\"image\":{\"@id\":\"https:\/\/newsestlyonnais.fr\/site\/2017\/09\/21\/vaulx-velin-numero-161-vaulx-journal-paru\/#primaryimage\"},\"thumbnailUrl\":\"https:\/\/newsestlyonnais.fr\/site\/wp-content\/uploads\/2017\/09\/NEWSESTLYONNAIS-Une-20-sept-2017.jpg\",\"articleSection\":[\"Litt\u00e9rature | Bd | Mags\",\"Vaulx-en-Velin\"],\"inLanguage\":\"fr-FR\",\"potentialAction\":[{\"@type\":\"CommentAction\",\"name\":\"Comment\",\"target\":[\"https:\/\/newsestlyonnais.fr\/site\/2017\/09\/21\/vaulx-velin-numero-161-vaulx-journal-paru\/#respond\"]}]},{\"@type\":\"WebPage\",\"@id\":\"https:\/\/newsestlyonnais.fr\/site\/2017\/09\/21\/vaulx-velin-numero-161-vaulx-journal-paru\/\",\"url\":\"https:\/\/newsestlyonnais.fr\/site\/2017\/09\/21\/vaulx-velin-numero-161-vaulx-journal-paru\/\",\"name\":\"VAULX EN VELIN : Le num\u00e9ro 161 du VAULX JOURNAL est paru !\",\"isPartOf\":{\"@id\":\"https:\/\/newsestlyonnais.fr\/site\/#website\"},\"primaryImageOfPage\":{\"@id\":\"https:\/\/newsestlyonnais.fr\/site\/2017\/09\/21\/vaulx-velin-numero-161-vaulx-journal-paru\/#primaryimage\"},\"image\":{\"@id\":\"https:\/\/newsestlyonnais.fr\/site\/2017\/09\/21\/vaulx-velin-numero-161-vaulx-journal-paru\/#primaryimage\"},\"thumbnailUrl\":\"https:\/\/newsestlyonnais.fr\/site\/wp-content\/uploads\/2017\/09\/NEWSESTLYONNAIS-Une-20-sept-2017.jpg\",\"datePublished\":\"2017-09-21T11:37:38+00:00\",\"dateModified\":\"2020-11-17T12:11:01+00:00\",\"description\":\"VAULX EN VELIN : Le num\u00e9ro 161 du VAULX JOURNAL est paru !\",\"breadcrumb\":{\"@id\":\"https:\/\/newsestlyonnais.fr\/site\/2017\/09\/21\/vaulx-velin-numero-161-vaulx-journal-paru\/#breadcrumb\"},\"inLanguage\":\"fr-FR\",\"potentialAction\":[{\"@type\":\"ReadAction\",\"target\":[\"https:\/\/newsestlyonnais.fr\/site\/2017\/09\/21\/vaulx-velin-numero-161-vaulx-journal-paru\/\"]}]},{\"@type\":\"ImageObject\",\"inLanguage\":\"fr-FR\",\"@id\":\"https:\/\/newsestlyonnais.fr\/site\/2017\/09\/21\/vaulx-velin-numero-161-vaulx-journal-paru\/#primaryimage\",\"url\":\"https:\/\/newsestlyonnais.fr\/site\/wp-content\/uploads\/2017\/09\/NEWSESTLYONNAIS-Une-20-sept-2017.jpg\",\"contentUrl\":\"https:\/\/newsestlyonnais.fr\/site\/wp-content\/uploads\/2017\/09\/NEWSESTLYONNAIS-Une-20-sept-2017.jpg\",\"width\":1000,\"height\":750,\"caption\":\"NEWSESTLYONNAIS Une 20 sept 2017\"},{\"@type\":\"BreadcrumbList\",\"@id\":\"https:\/\/newsestlyonnais.fr\/site\/2017\/09\/21\/vaulx-velin-numero-161-vaulx-journal-paru\/#breadcrumb\",\"itemListElement\":[{\"@type\":\"ListItem\",\"position\":1,\"name\":\"Accueil\",\"item\":\"https:\/\/newsestlyonnais.fr\/site\/\"},{\"@type\":\"ListItem\",\"position\":2,\"name\":\"VAULX-EN-VELIN | Le num\u00e9ro 161 du VAULX JOURNAL est paru\"}]},{\"@type\":\"WebSite\",\"@id\":\"https:\/\/newsestlyonnais.fr\/site\/#website\",\"url\":\"https:\/\/newsestlyonnais.fr\/site\/\",\"name\":\"News Est Lyonnais\",\"description\":\"L&#039;actualit\u00e9 au plus pr\u00e8s\",\"publisher\":{\"@id\":\"https:\/\/newsestlyonnais.fr\/site\/#organization\"},\"potentialAction\":[{\"@type\":\"SearchAction\",\"target\":{\"@type\":\"EntryPoint\",\"urlTemplate\":\"https:\/\/newsestlyonnais.fr\/site\/?s={search_term_string}\"},\"query-input\":{\"@type\":\"PropertyValueSpecification\",\"valueRequired\":true,\"valueName\":\"search_term_string\"}}],\"inLanguage\":\"fr-FR\"},{\"@type\":\"Organization\",\"@id\":\"https:\/\/newsestlyonnais.fr\/site\/#organization\",\"name\":\"News EST LYONNAIS\",\"url\":\"https:\/\/newsestlyonnais.fr\/site\/\",\"logo\":{\"@type\":\"ImageObject\",\"inLanguage\":\"fr-FR\",\"@id\":\"https:\/\/newsestlyonnais.fr\/site\/#\/schema\/logo\/image\/\",\"url\":\"\",\"contentUrl\":\"\",\"caption\":\"News EST LYONNAIS\"},\"image\":{\"@id\":\"https:\/\/newsestlyonnais.fr\/site\/#\/schema\/logo\/image\/\"}},{\"@type\":\"Person\",\"@id\":\"https:\/\/newsestlyonnais.fr\/site\/#\/schema\/person\/3230d5615f390bb808365d673001e887\",\"name\":\"R\u00e9dac. NEWS\",\"sameAs\":[\"http:\/\/www.newsestlyonnais.fr\",\"https:\/\/www.facebook.com\/pascal.oberson.1?fref=ts\",\"https:\/\/fr.linkedin.com\/in\/pascal-oberson-b17045113\"],\"url\":\"https:\/\/newsestlyonnais.fr\/site\/author\/nel\/\"}]}<\/script>\n<!-- \/ Yoast SEO plugin. -->","yoast_head_json":{"title":"VAULX EN VELIN : Le num\u00e9ro 161 du VAULX JOURNAL est paru !","description":"VAULX EN VELIN : Le num\u00e9ro 161 du VAULX JOURNAL est paru !","robots":{"index":"index","follow":"follow","max-snippet":"max-snippet:-1","max-image-preview":"max-image-preview:large","max-video-preview":"max-video-preview:-1"},"canonical":"https:\/\/newsestlyonnais.fr\/site\/2017\/09\/21\/vaulx-velin-numero-161-vaulx-journal-paru\/","og_locale":"fr_FR","og_type":"article","og_title":"VAULX EN VELIN : Le num\u00e9ro 161 du VAULX JOURNAL est paru !","og_description":"VAULX EN VELIN : Le num\u00e9ro 161 du VAULX JOURNAL est paru !","og_url":"https:\/\/newsestlyonnais.fr\/site\/2017\/09\/21\/vaulx-velin-numero-161-vaulx-journal-paru\/","og_site_name":"News Est Lyonnais","article_author":"https:\/\/www.facebook.com\/pascal.oberson.1?fref=ts","article_published_time":"2017-09-21T11:37:38+00:00","article_modified_time":"2020-11-17T12:11:01+00:00","og_image":[{"width":1000,"height":750,"url":"https:\/\/i0.wp.com\/newsestlyonnais.fr\/site\/wp-content\/uploads\/2017\/09\/NEWSESTLYONNAIS-Une-20-sept-2017.jpg?fit=1000%2C750&ssl=1","type":"image\/jpeg"}],"author":"R\u00e9dac. NEWS","twitter_card":"summary_large_image","twitter_misc":{"\u00c9crit par":"R\u00e9dac. NEWS","Dur\u00e9e de lecture estim\u00e9e":"1 minute"},"schema":{"@context":"https:\/\/schema.org","@graph":[{"@type":"Article","@id":"https:\/\/newsestlyonnais.fr\/site\/2017\/09\/21\/vaulx-velin-numero-161-vaulx-journal-paru\/#article","isPartOf":{"@id":"https:\/\/newsestlyonnais.fr\/site\/2017\/09\/21\/vaulx-velin-numero-161-vaulx-journal-paru\/"},"author":{"name":"R\u00e9dac. NEWS","@id":"https:\/\/newsestlyonnais.fr\/site\/#\/schema\/person\/3230d5615f390bb808365d673001e887"},"headline":"VAULX-EN-VELIN | Le num\u00e9ro 161 du VAULX JOURNAL est paru","datePublished":"2017-09-21T11:37:38+00:00","dateModified":"2020-11-17T12:11:01+00:00","mainEntityOfPage":{"@id":"https:\/\/newsestlyonnais.fr\/site\/2017\/09\/21\/vaulx-velin-numero-161-vaulx-journal-paru\/"},"wordCount":110,"commentCount":0,"publisher":{"@id":"https:\/\/newsestlyonnais.fr\/site\/#organization"},"image":{"@id":"https:\/\/newsestlyonnais.fr\/site\/2017\/09\/21\/vaulx-velin-numero-161-vaulx-journal-paru\/#primaryimage"},"thumbnailUrl":"https:\/\/newsestlyonnais.fr\/site\/wp-content\/uploads\/2017\/09\/NEWSESTLYONNAIS-Une-20-sept-2017.jpg","articleSection":["Litt\u00e9rature | Bd | Mags","Vaulx-en-Velin"],"inLanguage":"fr-FR","potentialAction":[{"@type":"CommentAction","name":"Comment","target":["https:\/\/newsestlyonnais.fr\/site\/2017\/09\/21\/vaulx-velin-numero-161-vaulx-journal-paru\/#respond"]}]},{"@type":"WebPage","@id":"https:\/\/newsestlyonnais.fr\/site\/2017\/09\/21\/vaulx-velin-numero-161-vaulx-journal-paru\/","url":"https:\/\/newsestlyonnais.fr\/site\/2017\/09\/21\/vaulx-velin-numero-161-vaulx-journal-paru\/","name":"VAULX EN VELIN : Le num\u00e9ro 161 du VAULX JOURNAL est paru !","isPartOf":{"@id":"https:\/\/newsestlyonnais.fr\/site\/#website"},"primaryImageOfPage":{"@id":"https:\/\/newsestlyonnais.fr\/site\/2017\/09\/21\/vaulx-velin-numero-161-vaulx-journal-paru\/#primaryimage"},"image":{"@id":"https:\/\/newsestlyonnais.fr\/site\/2017\/09\/21\/vaulx-velin-numero-161-vaulx-journal-paru\/#primaryimage"},"thumbnailUrl":"https:\/\/newsestlyonnais.fr\/site\/wp-content\/uploads\/2017\/09\/NEWSESTLYONNAIS-Une-20-sept-2017.jpg","datePublished":"2017-09-21T11:37:38+00:00","dateModified":"2020-11-17T12:11:01+00:00","description":"VAULX EN VELIN : Le num\u00e9ro 161 du VAULX JOURNAL est paru !","breadcrumb":{"@id":"https:\/\/newsestlyonnais.fr\/site\/2017\/09\/21\/vaulx-velin-numero-161-vaulx-journal-paru\/#breadcrumb"},"inLanguage":"fr-FR","potentialAction":[{"@type":"ReadAction","target":["https:\/\/newsestlyonnais.fr\/site\/2017\/09\/21\/vaulx-velin-numero-161-vaulx-journal-paru\/"]}]},{"@type":"ImageObject","inLanguage":"fr-FR","@id":"https:\/\/newsestlyonnais.fr\/site\/2017\/09\/21\/vaulx-velin-numero-161-vaulx-journal-paru\/#primaryimage","url":"https:\/\/newsestlyonnais.fr\/site\/wp-content\/uploads\/2017\/09\/NEWSESTLYONNAIS-Une-20-sept-2017.jpg","contentUrl":"https:\/\/newsestlyonnais.fr\/site\/wp-content\/uploads\/2017\/09\/NEWSESTLYONNAIS-Une-20-sept-2017.jpg","width":1000,"height":750,"caption":"NEWSESTLYONNAIS Une 20 sept 2017"},{"@type":"BreadcrumbList","@id":"https:\/\/newsestlyonnais.fr\/site\/2017\/09\/21\/vaulx-velin-numero-161-vaulx-journal-paru\/#breadcrumb","itemListElement":[{"@type":"ListItem","position":1,"name":"Accueil","item":"https:\/\/newsestlyonnais.fr\/site\/"},{"@type":"ListItem","position":2,"name":"VAULX-EN-VELIN | Le num\u00e9ro 161 du VAULX JOURNAL est paru"}]},{"@type":"WebSite","@id":"https:\/\/newsestlyonnais.fr\/site\/#website","url":"https:\/\/newsestlyonnais.fr\/site\/","name":"News Est Lyonnais","description":"L&#039;actualit\u00e9 au plus pr\u00e8s","publisher":{"@id":"https:\/\/newsestlyonnais.fr\/site\/#organization"},"potentialAction":[{"@type":"SearchAction","target":{"@type":"EntryPoint","urlTemplate":"https:\/\/newsestlyonnais.fr\/site\/?s={search_term_string}"},"query-input":{"@type":"PropertyValueSpecification","valueRequired":true,"valueName":"search_term_string"}}],"inLanguage":"fr-FR"},{"@type":"Organization","@id":"https:\/\/newsestlyonnais.fr\/site\/#organization","name":"News EST LYONNAIS","url":"https:\/\/newsestlyonnais.fr\/site\/","logo":{"@type":"ImageObject","inLanguage":"fr-FR","@id":"https:\/\/newsestlyonnais.fr\/site\/#\/schema\/logo\/image\/","url":"","contentUrl":"","caption":"News EST LYONNAIS"},"image":{"@id":"https:\/\/newsestlyonnais.fr\/site\/#\/schema\/logo\/image\/"}},{"@type":"Person","@id":"https:\/\/newsestlyonnais.fr\/site\/#\/schema\/person\/3230d5615f390bb808365d673001e887","name":"R\u00e9dac. NEWS","sameAs":["http:\/\/www.newsestlyonnais.fr","https:\/\/www.facebook.com\/pascal.oberson.1?fref=ts","https:\/\/fr.linkedin.com\/in\/pascal-oberson-b17045113"],"url":"https:\/\/newsestlyonnais.fr\/site\/author\/nel\/"}]}},"_links":{"self":[{"href":"https:\/\/newsestlyonnais.fr\/site\/wp-json\/wp\/v2\/posts\/35156","targetHints":{"allow":["GET"]}}],"collection":[{"href":"https:\/\/newsestlyonnais.fr\/site\/wp-json\/wp\/v2\/posts"}],"about":[{"href":"https:\/\/newsestlyonnais.fr\/site\/wp-json\/wp\/v2\/types\/post"}],"author":[{"embeddable":true,"href":"https:\/\/newsestlyonnais.fr\/site\/wp-json\/wp\/v2\/users\/4"}],"replies":[{"embeddable":true,"href":"https:\/\/newsestlyonnais.fr\/site\/wp-json\/wp\/v2\/comments?post=35156"}],"version-history":[{"count":0,"href":"https:\/\/newsestlyonnais.fr\/site\/wp-json\/wp\/v2\/posts\/35156\/revisions"}],"wp:featuredmedia":[{"embeddable":true,"href":"https:\/\/newsestlyonnais.fr\/site\/wp-json\/wp\/v2\/media\/35160"}],"wp:attachment":[{"href":"https:\/\/newsestlyonnais.fr\/site\/wp-json\/wp\/v2\/media?parent=35156"}],"wp:term":[{"taxonomy":"category","embeddable":true,"href":"https:\/\/newsestlyonnais.fr\/site\/wp-json\/wp\/v2\/categories?post=35156"},{"taxonomy":"post_tag","embeddable":true,"href":"https:\/\/newsestlyonnais.fr\/site\/wp-json\/wp\/v2\/tags?post=35156"}],"curies":[{"name":"wp","href":"https:\/\/api.w.org\/{rel}","templated":true}]}}