{"id":35167,"date":"2017-09-21T13:54:03","date_gmt":"2017-09-21T12:54:03","guid":{"rendered":"http:\/\/newsestlyonnais.fr\/site\/?p=35167"},"modified":"2020-10-30T11:02:33","modified_gmt":"2020-10-30T10:02:33","slug":"corbas-une-rentree-bien-remplie-pour-lamicale-boule-de-corbas","status":"publish","type":"post","link":"https:\/\/newsestlyonnais.fr\/site\/2017\/09\/21\/corbas-une-rentree-bien-remplie-pour-lamicale-boule-de-corbas\/","title":{"rendered":"CORBAS | Une rentr\u00e9e bien remplie pour l&rsquo;Amicale Boule de Corbas"},"content":{"rendered":"<div style=\"font-family: arial,helvetica,sans-serif;color: #000000;font-size: 12pt\">\n<h4>Rentr\u00e9e d\u00e9j\u00e0 bien remplie pour l&rsquo;Amicale Boule de Corbas avec une participation \u00e0 deux \u00e9v\u00e8nements organis\u00e9s sur la commune en ce mois de septembre.<\/h4>\n<ul>\n<li>La soci\u00e9t\u00e9 bouliste a en effet particip\u00e9 le <span id=\"OBJ_PREFIX_DWT198_com_zimbra_date\" class=\"Object\"><span id=\"OBJ_PREFIX_DWT199_com_zimbra_date\" class=\"Object\">samedi<\/span><\/span> 9 septembre dernier, <strong>au Forum des Association<\/strong> organis\u00e9 par la ville de Corbas. Une prestation remarqu\u00e9e car depuis 1921, date de cr\u00e9ation de l&rsquo;amicale, c&rsquo;est la toute premi\u00e8re participation \u00e0 cette manifestation qui regroupe les associations sportives et culturelles locales. De nombreuses personnes ont pu d\u00e9couvrir ce sport au travers d&rsquo;une vid\u00e9o r\u00e9alis\u00e9e sp\u00e9cialement pour l&rsquo;\u00e9v\u00e9nement par R\u00e9my B\u00e9ron. Le club tenant \u00e0 remercier \u00e9galement Ghislain Odet et Michel Guigue pour leur pr\u00e9sence tout au long de la journ\u00e9e.<\/li>\n<li>M<span id=\"OBJ_PREFIX_DWT200_com_zimbra_date\" class=\"Object\"><span id=\"OBJ_PREFIX_DWT201_com_zimbra_date\" class=\"Object\">ardi<\/span><\/span> 19 septembre, Michel Paturel et Patrick Dentressangle ont organis\u00e9 la <strong>finale du concours du mardi 2017<\/strong>, cette \u00e9preuve se d\u00e9roulant d&rsquo;avril \u00e0 juin. Le temps est rest\u00e9 cl\u00e9ment malgr\u00e9 des pr\u00e9visions m\u00e9t\u00e9orologiques d\u00e9sastreuses. Au terme de l&rsquo; apr\u00e8s midi c&rsquo;est la doublette Antoine Ferretti et Alexandre Zavatta qui a remport\u00e9 la victoire. La comp\u00e9tition s&rsquo;est termin\u00e9e autour d&rsquo;un succulent jambon cuit et gratin dauphinois pr\u00e9par\u00e9 par l&rsquo; ami Lucien, le repas \u00e9tant offert aux participants par les organisateurs du concours.<\/li>\n<\/ul>\n<div id='gallery-1' class='gallery galleryid-35167 gallery-columns-3 gallery-size-thumbnail'><figure class='gallery-item'>\n\t\t\t<div class='gallery-icon landscape'>\n\t\t\t\t<a href='https:\/\/newsestlyonnais.fr\/site\/2017\/09\/21\/corbas-une-rentree-bien-remplie-pour-lamicale-boule-de-corbas\/newsestlyonnais-boule-corbas-2\/'><img loading=\"lazy\" decoding=\"async\" width=\"150\" height=\"150\" src=\"https:\/\/newsestlyonnais.fr\/site\/wp-content\/uploads\/2017\/09\/NEWSESTLYONNAIS-BOULE-CORBAS-150x150.jpg\" class=\"attachment-thumbnail size-thumbnail\" alt=\"NEWSESTLYONNAIS - BOULE CORBAS\" aria-describedby=\"gallery-1-35181\" \/><\/a>\n\t\t\t<\/div>\n\t\t\t\t<figcaption class='wp-caption-text gallery-caption' id='gallery-1-35181'>\n\t\t\t\tRepas d&rsquo;apr\u00e8s concours\n\t\t\t\t<\/figcaption><\/figure><figure class='gallery-item'>\n\t\t\t<div class='gallery-icon landscape'>\n\t\t\t\t<a href='https:\/\/newsestlyonnais.fr\/site\/2017\/09\/21\/corbas-une-rentree-bien-remplie-pour-lamicale-boule-de-corbas\/newsestlyonnais-abc-corbas\/'><img loading=\"lazy\" decoding=\"async\" width=\"150\" height=\"150\" src=\"https:\/\/newsestlyonnais.fr\/site\/wp-content\/uploads\/2017\/09\/NEWSESTLYONNAIS-ABC-CORBAS-150x150.jpg\" class=\"attachment-thumbnail size-thumbnail\" alt=\"NEWSESTLYONNAIS ABC CORBAS\" aria-describedby=\"gallery-1-35182\" \/><\/a>\n\t\t\t<\/div>\n\t\t\t\t<figcaption class='wp-caption-text gallery-caption' id='gallery-1-35182'>\n\t\t\t\tRepas d&rsquo;apr\u00e8s concours\n\t\t\t\t<\/figcaption><\/figure><figure class='gallery-item'>\n\t\t\t<div class='gallery-icon landscape'>\n\t\t\t\t<a href='https:\/\/newsestlyonnais.fr\/site\/2017\/09\/21\/corbas-une-rentree-bien-remplie-pour-lamicale-boule-de-corbas\/newsestlyonnais-ab-corbas-01\/'><img loading=\"lazy\" decoding=\"async\" width=\"150\" height=\"150\" src=\"https:\/\/newsestlyonnais.fr\/site\/wp-content\/uploads\/2017\/09\/NEWSESTLYONNAIS-AB-CORBAS-01-150x150.jpg\" class=\"attachment-thumbnail size-thumbnail\" alt=\"NEWSESTLYONNAIS - AB CORBAS 01\" aria-describedby=\"gallery-1-35183\" \/><\/a>\n\t\t\t<\/div>\n\t\t\t\t<figcaption class='wp-caption-text gallery-caption' id='gallery-1-35183'>\n\t\t\t\tForum des associations\n\t\t\t\t<\/figcaption><\/figure><figure class='gallery-item'>\n\t\t\t<div class='gallery-icon landscape'>\n\t\t\t\t<a href='https:\/\/newsestlyonnais.fr\/site\/2017\/09\/21\/corbas-une-rentree-bien-remplie-pour-lamicale-boule-de-corbas\/newsestlyonnais-ab-corbas-02\/'><img loading=\"lazy\" decoding=\"async\" width=\"150\" height=\"150\" src=\"https:\/\/newsestlyonnais.fr\/site\/wp-content\/uploads\/2017\/09\/NEWSESTLYONNAIS-AB-CORBAS-02-150x150.jpg\" class=\"attachment-thumbnail size-thumbnail\" alt=\"NEWSESTLYONNAIS - AB CORBAS 02\" aria-describedby=\"gallery-1-35184\" \/><\/a>\n\t\t\t<\/div>\n\t\t\t\t<figcaption class='wp-caption-text gallery-caption' id='gallery-1-35184'>\n\t\t\t\tForum des associations\n\t\t\t\t<\/figcaption><\/figure>\n\t\t<\/div>\n\n<\/div>\n","protected":false},"excerpt":{"rendered":"<p>Rentr\u00e9e d\u00e9j\u00e0 bien remplie pour l&rsquo;Amicale Boule de Corbas avec une participation \u00e0 deux \u00e9v\u00e8nements organis\u00e9s sur la commune en ce mois de septembre. La soci\u00e9t\u00e9 bouliste a en effet particip\u00e9 le samedi 9 septembre dernier, au Forum des Association organis\u00e9 par la ville de Corbas. Une prestation remarqu\u00e9e car depuis 1921, date de cr\u00e9ation [&hellip;]<\/p>\n","protected":false},"author":4,"featured_media":35180,"comment_status":"open","ping_status":"open","sticky":false,"template":"","format":"standard","meta":{"footnotes":""},"categories":[2977,1341,1287],"tags":[],"class_list":["post-35167","post","type-post","status-publish","format-standard","has-post-thumbnail","hentry","category-boules-petanque-sports","category-boules-lyonnaises","category-corbas-feyzin"],"yoast_head":"<!-- This site is optimized with the Yoast SEO plugin v27.2 - https:\/\/yoast.com\/product\/yoast-seo-wordpress\/ -->\n<title>CORBAS : Une rentr\u00e9e bien remplie pour l&#039;Amicale Boule de Corbas<\/title>\n<meta name=\"description\" content=\"CORBAS : Une rentr\u00e9e bien remplie pour l&#039;Amicale Boule de Corbas\" \/>\n<meta name=\"robots\" content=\"index, follow, max-snippet:-1, max-image-preview:large, max-video-preview:-1\" \/>\n<link rel=\"canonical\" href=\"https:\/\/newsestlyonnais.fr\/site\/2017\/09\/21\/corbas-une-rentree-bien-remplie-pour-lamicale-boule-de-corbas\/\" \/>\n<meta property=\"og:locale\" content=\"fr_FR\" \/>\n<meta property=\"og:type\" content=\"article\" \/>\n<meta property=\"og:title\" content=\"CORBAS : Une rentr\u00e9e bien remplie pour l&#039;Amicale Boule de Corbas\" \/>\n<meta property=\"og:description\" content=\"CORBAS : Une rentr\u00e9e bien remplie pour l&#039;Amicale Boule de Corbas\" \/>\n<meta property=\"og:url\" content=\"https:\/\/newsestlyonnais.fr\/site\/2017\/09\/21\/corbas-une-rentree-bien-remplie-pour-lamicale-boule-de-corbas\/\" \/>\n<meta property=\"og:site_name\" content=\"News Est Lyonnais\" \/>\n<meta property=\"article:author\" content=\"https:\/\/www.facebook.com\/pascal.oberson.1?fref=ts\" \/>\n<meta property=\"article:published_time\" content=\"2017-09-21T12:54:03+00:00\" \/>\n<meta property=\"article:modified_time\" content=\"2020-10-30T10:02:33+00:00\" \/>\n<meta property=\"og:image\" content=\"https:\/\/i2.wp.com\/newsestlyonnais.fr\/site\/wp-content\/uploads\/2017\/09\/NEWSESTLYONNAIS-CONC-MARDI-CORBAS.jpg?fit=1000%2C750&ssl=1\" \/>\n\t<meta property=\"og:image:width\" content=\"1000\" \/>\n\t<meta property=\"og:image:height\" content=\"750\" \/>\n\t<meta property=\"og:image:type\" content=\"image\/jpeg\" \/>\n<meta name=\"author\" content=\"R\u00e9dac. NEWS\" \/>\n<meta name=\"twitter:card\" content=\"summary_large_image\" \/>\n<meta name=\"twitter:label1\" content=\"\u00c9crit par\" \/>\n\t<meta name=\"twitter:data1\" content=\"R\u00e9dac. NEWS\" \/>\n\t<meta name=\"twitter:label2\" content=\"Dur\u00e9e de lecture estim\u00e9e\" \/>\n\t<meta name=\"twitter:data2\" content=\"1 minute\" \/>\n<script type=\"application\/ld+json\" class=\"yoast-schema-graph\">{\"@context\":\"https:\/\/schema.org\",\"@graph\":[{\"@type\":\"Article\",\"@id\":\"https:\/\/newsestlyonnais.fr\/site\/2017\/09\/21\/corbas-une-rentree-bien-remplie-pour-lamicale-boule-de-corbas\/#article\",\"isPartOf\":{\"@id\":\"https:\/\/newsestlyonnais.fr\/site\/2017\/09\/21\/corbas-une-rentree-bien-remplie-pour-lamicale-boule-de-corbas\/\"},\"author\":{\"name\":\"R\u00e9dac. NEWS\",\"@id\":\"https:\/\/newsestlyonnais.fr\/site\/#\/schema\/person\/3230d5615f390bb808365d673001e887\"},\"headline\":\"CORBAS | Une rentr\u00e9e bien remplie pour l&rsquo;Amicale Boule de Corbas\",\"datePublished\":\"2017-09-21T12:54:03+00:00\",\"dateModified\":\"2020-10-30T10:02:33+00:00\",\"mainEntityOfPage\":{\"@id\":\"https:\/\/newsestlyonnais.fr\/site\/2017\/09\/21\/corbas-une-rentree-bien-remplie-pour-lamicale-boule-de-corbas\/\"},\"wordCount\":239,\"commentCount\":0,\"publisher\":{\"@id\":\"https:\/\/newsestlyonnais.fr\/site\/#organization\"},\"image\":{\"@id\":\"https:\/\/newsestlyonnais.fr\/site\/2017\/09\/21\/corbas-une-rentree-bien-remplie-pour-lamicale-boule-de-corbas\/#primaryimage\"},\"thumbnailUrl\":\"https:\/\/newsestlyonnais.fr\/site\/wp-content\/uploads\/2017\/09\/NEWSESTLYONNAIS-CONC-MARDI-CORBAS.jpg\",\"articleSection\":[\"Boules | P\u00e9tanque\",\"Boules Lyonnaises\",\"Corbas | Feyzin\"],\"inLanguage\":\"fr-FR\",\"potentialAction\":[{\"@type\":\"CommentAction\",\"name\":\"Comment\",\"target\":[\"https:\/\/newsestlyonnais.fr\/site\/2017\/09\/21\/corbas-une-rentree-bien-remplie-pour-lamicale-boule-de-corbas\/#respond\"]}]},{\"@type\":\"WebPage\",\"@id\":\"https:\/\/newsestlyonnais.fr\/site\/2017\/09\/21\/corbas-une-rentree-bien-remplie-pour-lamicale-boule-de-corbas\/\",\"url\":\"https:\/\/newsestlyonnais.fr\/site\/2017\/09\/21\/corbas-une-rentree-bien-remplie-pour-lamicale-boule-de-corbas\/\",\"name\":\"CORBAS : Une rentr\u00e9e bien remplie pour l'Amicale Boule de Corbas\",\"isPartOf\":{\"@id\":\"https:\/\/newsestlyonnais.fr\/site\/#website\"},\"primaryImageOfPage\":{\"@id\":\"https:\/\/newsestlyonnais.fr\/site\/2017\/09\/21\/corbas-une-rentree-bien-remplie-pour-lamicale-boule-de-corbas\/#primaryimage\"},\"image\":{\"@id\":\"https:\/\/newsestlyonnais.fr\/site\/2017\/09\/21\/corbas-une-rentree-bien-remplie-pour-lamicale-boule-de-corbas\/#primaryimage\"},\"thumbnailUrl\":\"https:\/\/newsestlyonnais.fr\/site\/wp-content\/uploads\/2017\/09\/NEWSESTLYONNAIS-CONC-MARDI-CORBAS.jpg\",\"datePublished\":\"2017-09-21T12:54:03+00:00\",\"dateModified\":\"2020-10-30T10:02:33+00:00\",\"description\":\"CORBAS : Une rentr\u00e9e bien remplie pour l'Amicale Boule de Corbas\",\"breadcrumb\":{\"@id\":\"https:\/\/newsestlyonnais.fr\/site\/2017\/09\/21\/corbas-une-rentree-bien-remplie-pour-lamicale-boule-de-corbas\/#breadcrumb\"},\"inLanguage\":\"fr-FR\",\"potentialAction\":[{\"@type\":\"ReadAction\",\"target\":[\"https:\/\/newsestlyonnais.fr\/site\/2017\/09\/21\/corbas-une-rentree-bien-remplie-pour-lamicale-boule-de-corbas\/\"]}]},{\"@type\":\"ImageObject\",\"inLanguage\":\"fr-FR\",\"@id\":\"https:\/\/newsestlyonnais.fr\/site\/2017\/09\/21\/corbas-une-rentree-bien-remplie-pour-lamicale-boule-de-corbas\/#primaryimage\",\"url\":\"https:\/\/newsestlyonnais.fr\/site\/wp-content\/uploads\/2017\/09\/NEWSESTLYONNAIS-CONC-MARDI-CORBAS.jpg\",\"contentUrl\":\"https:\/\/newsestlyonnais.fr\/site\/wp-content\/uploads\/2017\/09\/NEWSESTLYONNAIS-CONC-MARDI-CORBAS.jpg\",\"width\":1000,\"height\":750,\"caption\":\"NEWSESTLYONNAIS CONC MARDI CORBAS\"},{\"@type\":\"BreadcrumbList\",\"@id\":\"https:\/\/newsestlyonnais.fr\/site\/2017\/09\/21\/corbas-une-rentree-bien-remplie-pour-lamicale-boule-de-corbas\/#breadcrumb\",\"itemListElement\":[{\"@type\":\"ListItem\",\"position\":1,\"name\":\"Accueil\",\"item\":\"https:\/\/newsestlyonnais.fr\/site\/\"},{\"@type\":\"ListItem\",\"position\":2,\"name\":\"CORBAS | Une rentr\u00e9e bien remplie pour l&rsquo;Amicale Boule de Corbas\"}]},{\"@type\":\"WebSite\",\"@id\":\"https:\/\/newsestlyonnais.fr\/site\/#website\",\"url\":\"https:\/\/newsestlyonnais.fr\/site\/\",\"name\":\"News Est Lyonnais\",\"description\":\"L&#039;actualit\u00e9 au plus pr\u00e8s\",\"publisher\":{\"@id\":\"https:\/\/newsestlyonnais.fr\/site\/#organization\"},\"potentialAction\":[{\"@type\":\"SearchAction\",\"target\":{\"@type\":\"EntryPoint\",\"urlTemplate\":\"https:\/\/newsestlyonnais.fr\/site\/?s={search_term_string}\"},\"query-input\":{\"@type\":\"PropertyValueSpecification\",\"valueRequired\":true,\"valueName\":\"search_term_string\"}}],\"inLanguage\":\"fr-FR\"},{\"@type\":\"Organization\",\"@id\":\"https:\/\/newsestlyonnais.fr\/site\/#organization\",\"name\":\"News EST LYONNAIS\",\"url\":\"https:\/\/newsestlyonnais.fr\/site\/\",\"logo\":{\"@type\":\"ImageObject\",\"inLanguage\":\"fr-FR\",\"@id\":\"https:\/\/newsestlyonnais.fr\/site\/#\/schema\/logo\/image\/\",\"url\":\"\",\"contentUrl\":\"\",\"caption\":\"News EST LYONNAIS\"},\"image\":{\"@id\":\"https:\/\/newsestlyonnais.fr\/site\/#\/schema\/logo\/image\/\"}},{\"@type\":\"Person\",\"@id\":\"https:\/\/newsestlyonnais.fr\/site\/#\/schema\/person\/3230d5615f390bb808365d673001e887\",\"name\":\"R\u00e9dac. NEWS\",\"sameAs\":[\"http:\/\/www.newsestlyonnais.fr\",\"https:\/\/www.facebook.com\/pascal.oberson.1?fref=ts\",\"https:\/\/fr.linkedin.com\/in\/pascal-oberson-b17045113\"],\"url\":\"https:\/\/newsestlyonnais.fr\/site\/author\/nel\/\"}]}<\/script>\n<!-- \/ Yoast SEO plugin. -->","yoast_head_json":{"title":"CORBAS : Une rentr\u00e9e bien remplie pour l'Amicale Boule de Corbas","description":"CORBAS : Une rentr\u00e9e bien remplie pour l'Amicale Boule de Corbas","robots":{"index":"index","follow":"follow","max-snippet":"max-snippet:-1","max-image-preview":"max-image-preview:large","max-video-preview":"max-video-preview:-1"},"canonical":"https:\/\/newsestlyonnais.fr\/site\/2017\/09\/21\/corbas-une-rentree-bien-remplie-pour-lamicale-boule-de-corbas\/","og_locale":"fr_FR","og_type":"article","og_title":"CORBAS : Une rentr\u00e9e bien remplie pour l'Amicale Boule de Corbas","og_description":"CORBAS : Une rentr\u00e9e bien remplie pour l'Amicale Boule de Corbas","og_url":"https:\/\/newsestlyonnais.fr\/site\/2017\/09\/21\/corbas-une-rentree-bien-remplie-pour-lamicale-boule-de-corbas\/","og_site_name":"News Est Lyonnais","article_author":"https:\/\/www.facebook.com\/pascal.oberson.1?fref=ts","article_published_time":"2017-09-21T12:54:03+00:00","article_modified_time":"2020-10-30T10:02:33+00:00","og_image":[{"width":1000,"height":750,"url":"https:\/\/i2.wp.com\/newsestlyonnais.fr\/site\/wp-content\/uploads\/2017\/09\/NEWSESTLYONNAIS-CONC-MARDI-CORBAS.jpg?fit=1000%2C750&ssl=1","type":"image\/jpeg"}],"author":"R\u00e9dac. NEWS","twitter_card":"summary_large_image","twitter_misc":{"\u00c9crit par":"R\u00e9dac. NEWS","Dur\u00e9e de lecture estim\u00e9e":"1 minute"},"schema":{"@context":"https:\/\/schema.org","@graph":[{"@type":"Article","@id":"https:\/\/newsestlyonnais.fr\/site\/2017\/09\/21\/corbas-une-rentree-bien-remplie-pour-lamicale-boule-de-corbas\/#article","isPartOf":{"@id":"https:\/\/newsestlyonnais.fr\/site\/2017\/09\/21\/corbas-une-rentree-bien-remplie-pour-lamicale-boule-de-corbas\/"},"author":{"name":"R\u00e9dac. NEWS","@id":"https:\/\/newsestlyonnais.fr\/site\/#\/schema\/person\/3230d5615f390bb808365d673001e887"},"headline":"CORBAS | Une rentr\u00e9e bien remplie pour l&rsquo;Amicale Boule de Corbas","datePublished":"2017-09-21T12:54:03+00:00","dateModified":"2020-10-30T10:02:33+00:00","mainEntityOfPage":{"@id":"https:\/\/newsestlyonnais.fr\/site\/2017\/09\/21\/corbas-une-rentree-bien-remplie-pour-lamicale-boule-de-corbas\/"},"wordCount":239,"commentCount":0,"publisher":{"@id":"https:\/\/newsestlyonnais.fr\/site\/#organization"},"image":{"@id":"https:\/\/newsestlyonnais.fr\/site\/2017\/09\/21\/corbas-une-rentree-bien-remplie-pour-lamicale-boule-de-corbas\/#primaryimage"},"thumbnailUrl":"https:\/\/newsestlyonnais.fr\/site\/wp-content\/uploads\/2017\/09\/NEWSESTLYONNAIS-CONC-MARDI-CORBAS.jpg","articleSection":["Boules | P\u00e9tanque","Boules Lyonnaises","Corbas | Feyzin"],"inLanguage":"fr-FR","potentialAction":[{"@type":"CommentAction","name":"Comment","target":["https:\/\/newsestlyonnais.fr\/site\/2017\/09\/21\/corbas-une-rentree-bien-remplie-pour-lamicale-boule-de-corbas\/#respond"]}]},{"@type":"WebPage","@id":"https:\/\/newsestlyonnais.fr\/site\/2017\/09\/21\/corbas-une-rentree-bien-remplie-pour-lamicale-boule-de-corbas\/","url":"https:\/\/newsestlyonnais.fr\/site\/2017\/09\/21\/corbas-une-rentree-bien-remplie-pour-lamicale-boule-de-corbas\/","name":"CORBAS : Une rentr\u00e9e bien remplie pour l'Amicale Boule de Corbas","isPartOf":{"@id":"https:\/\/newsestlyonnais.fr\/site\/#website"},"primaryImageOfPage":{"@id":"https:\/\/newsestlyonnais.fr\/site\/2017\/09\/21\/corbas-une-rentree-bien-remplie-pour-lamicale-boule-de-corbas\/#primaryimage"},"image":{"@id":"https:\/\/newsestlyonnais.fr\/site\/2017\/09\/21\/corbas-une-rentree-bien-remplie-pour-lamicale-boule-de-corbas\/#primaryimage"},"thumbnailUrl":"https:\/\/newsestlyonnais.fr\/site\/wp-content\/uploads\/2017\/09\/NEWSESTLYONNAIS-CONC-MARDI-CORBAS.jpg","datePublished":"2017-09-21T12:54:03+00:00","dateModified":"2020-10-30T10:02:33+00:00","description":"CORBAS : Une rentr\u00e9e bien remplie pour l'Amicale Boule de Corbas","breadcrumb":{"@id":"https:\/\/newsestlyonnais.fr\/site\/2017\/09\/21\/corbas-une-rentree-bien-remplie-pour-lamicale-boule-de-corbas\/#breadcrumb"},"inLanguage":"fr-FR","potentialAction":[{"@type":"ReadAction","target":["https:\/\/newsestlyonnais.fr\/site\/2017\/09\/21\/corbas-une-rentree-bien-remplie-pour-lamicale-boule-de-corbas\/"]}]},{"@type":"ImageObject","inLanguage":"fr-FR","@id":"https:\/\/newsestlyonnais.fr\/site\/2017\/09\/21\/corbas-une-rentree-bien-remplie-pour-lamicale-boule-de-corbas\/#primaryimage","url":"https:\/\/newsestlyonnais.fr\/site\/wp-content\/uploads\/2017\/09\/NEWSESTLYONNAIS-CONC-MARDI-CORBAS.jpg","contentUrl":"https:\/\/newsestlyonnais.fr\/site\/wp-content\/uploads\/2017\/09\/NEWSESTLYONNAIS-CONC-MARDI-CORBAS.jpg","width":1000,"height":750,"caption":"NEWSESTLYONNAIS CONC MARDI CORBAS"},{"@type":"BreadcrumbList","@id":"https:\/\/newsestlyonnais.fr\/site\/2017\/09\/21\/corbas-une-rentree-bien-remplie-pour-lamicale-boule-de-corbas\/#breadcrumb","itemListElement":[{"@type":"ListItem","position":1,"name":"Accueil","item":"https:\/\/newsestlyonnais.fr\/site\/"},{"@type":"ListItem","position":2,"name":"CORBAS | Une rentr\u00e9e bien remplie pour l&rsquo;Amicale Boule de Corbas"}]},{"@type":"WebSite","@id":"https:\/\/newsestlyonnais.fr\/site\/#website","url":"https:\/\/newsestlyonnais.fr\/site\/","name":"News Est Lyonnais","description":"L&#039;actualit\u00e9 au plus pr\u00e8s","publisher":{"@id":"https:\/\/newsestlyonnais.fr\/site\/#organization"},"potentialAction":[{"@type":"SearchAction","target":{"@type":"EntryPoint","urlTemplate":"https:\/\/newsestlyonnais.fr\/site\/?s={search_term_string}"},"query-input":{"@type":"PropertyValueSpecification","valueRequired":true,"valueName":"search_term_string"}}],"inLanguage":"fr-FR"},{"@type":"Organization","@id":"https:\/\/newsestlyonnais.fr\/site\/#organization","name":"News EST LYONNAIS","url":"https:\/\/newsestlyonnais.fr\/site\/","logo":{"@type":"ImageObject","inLanguage":"fr-FR","@id":"https:\/\/newsestlyonnais.fr\/site\/#\/schema\/logo\/image\/","url":"","contentUrl":"","caption":"News EST LYONNAIS"},"image":{"@id":"https:\/\/newsestlyonnais.fr\/site\/#\/schema\/logo\/image\/"}},{"@type":"Person","@id":"https:\/\/newsestlyonnais.fr\/site\/#\/schema\/person\/3230d5615f390bb808365d673001e887","name":"R\u00e9dac. NEWS","sameAs":["http:\/\/www.newsestlyonnais.fr","https:\/\/www.facebook.com\/pascal.oberson.1?fref=ts","https:\/\/fr.linkedin.com\/in\/pascal-oberson-b17045113"],"url":"https:\/\/newsestlyonnais.fr\/site\/author\/nel\/"}]}},"_links":{"self":[{"href":"https:\/\/newsestlyonnais.fr\/site\/wp-json\/wp\/v2\/posts\/35167","targetHints":{"allow":["GET"]}}],"collection":[{"href":"https:\/\/newsestlyonnais.fr\/site\/wp-json\/wp\/v2\/posts"}],"about":[{"href":"https:\/\/newsestlyonnais.fr\/site\/wp-json\/wp\/v2\/types\/post"}],"author":[{"embeddable":true,"href":"https:\/\/newsestlyonnais.fr\/site\/wp-json\/wp\/v2\/users\/4"}],"replies":[{"embeddable":true,"href":"https:\/\/newsestlyonnais.fr\/site\/wp-json\/wp\/v2\/comments?post=35167"}],"version-history":[{"count":0,"href":"https:\/\/newsestlyonnais.fr\/site\/wp-json\/wp\/v2\/posts\/35167\/revisions"}],"wp:featuredmedia":[{"embeddable":true,"href":"https:\/\/newsestlyonnais.fr\/site\/wp-json\/wp\/v2\/media\/35180"}],"wp:attachment":[{"href":"https:\/\/newsestlyonnais.fr\/site\/wp-json\/wp\/v2\/media?parent=35167"}],"wp:term":[{"taxonomy":"category","embeddable":true,"href":"https:\/\/newsestlyonnais.fr\/site\/wp-json\/wp\/v2\/categories?post=35167"},{"taxonomy":"post_tag","embeddable":true,"href":"https:\/\/newsestlyonnais.fr\/site\/wp-json\/wp\/v2\/tags?post=35167"}],"curies":[{"name":"wp","href":"https:\/\/api.w.org\/{rel}","templated":true}]}}