{"id":35191,"date":"2017-09-22T07:09:10","date_gmt":"2017-09-22T06:09:10","guid":{"rendered":"http:\/\/newsestlyonnais.fr\/site\/?p=35191"},"modified":"2021-12-20T18:18:34","modified_gmt":"2021-12-20T17:18:34","slug":"decines-boutique-terre-de-running-a-fete-3-ans-dexistence","status":"publish","type":"post","link":"https:\/\/newsestlyonnais.fr\/site\/2017\/09\/22\/decines-boutique-terre-de-running-a-fete-3-ans-dexistence\/","title":{"rendered":"DECINES | La boutique TERRE DE RUNNING a f\u00eat\u00e9 ses 3 ans d&rsquo;existence"},"content":{"rendered":"<h4>Belle soir\u00e9e anniversaire ce jeudi \u00e0 la boutique d\u00e9cinoise de TERRE DE RUNNING, enseigne sp\u00e9cialiste de la course \u00e0 pied et partenaire de votre site <a href=\"https:\/\/newsestlyonnais.fr\" target=\"_blank\" rel=\"noopener noreferrer\">https:\/\/newsestlyonnais.fr<\/a><\/h4>\n<p>Le magasin install\u00e9 depuis 2014, au centre de la commune et au sein de la ZAC de la Fraternit\u00e9 est un des 4 de la r\u00e9gion lyonnaise avec Lyon 2\u00b0, Limonest et le dernier n\u00e9 en d\u00e9but d&rsquo;ann\u00e9e 2017 \u00e0 Craponne.<\/p>\n<p>Une soixantaine de personnes avait r\u00e9pondu \u00e0 l&rsquo;invitation de Patrick Rebourseau (g\u00e9rant Terre De Running) et Kevin Molard (responsable de la boutique) qui en ont profit\u00e9 pour dresser un bref historique de TDR. Des invit\u00e9s divers \u00e9taient ainsi pr\u00e9sents comme les clubs partenaires (D\u00e9cines-Meyzieu Athl\u00e9tisme, ASUL Bron, ASC Balan, Cours \u00e0 PUz, ASVEL\u00a0 Triathlon), les membres du team TDR et les coureurs du mardi, mais \u00e9galement Intermarch\u00e9 D\u00e9cines et l&rsquo;Aviron D\u00e9cinois.<\/p>\n<p>Rappelons que l&rsquo;enseigne qui poss\u00e8de 14 magasins sur le territoire national, dont 9 en Rh\u00f4ne-Alpes, avec 15 salari\u00e9s,\u00a0 est partenaire de 20 clubs et de 60 \u00e9v\u00e8nements li\u00e9s \u00e0 la course \u00e0 pied dans la r\u00e9gion.<\/p>\n<ul>\n<li><span style=\"color: #ffffff; font-size: 14pt;\"><span style=\"background-color: #000000;\"><span style=\"text-decoration: underline;\"><em><strong>TERRE DE RUNNING DECINES<\/strong><\/em><\/span> : <\/span><span class=\"_Xbe\"><span style=\"background-color: #000000;\">3 Rue de la Fraternit\u00e9. T\u00e9l. 04.78.89.95.54<\/span> <\/span><\/span><\/li>\n<\/ul>\n<hr \/>\n<p><strong>L&rsquo;ACTU de la boutique est \u00e0 retrouver sur: <a href=\"https:\/\/www.terrederunning.com\/magasin\/decines.html\" target=\"_blank\" rel=\"noopener noreferrer\">https:\/\/www.terrederunning.com\/magasin\/decines.html<\/a><\/strong><\/p>\n<hr \/>\n<div id='gallery-1' class='gallery galleryid-35191 gallery-columns-3 gallery-size-thumbnail'><figure class='gallery-item'>\n\t\t\t<div class='gallery-icon landscape'>\n\t\t\t\t<a href='https:\/\/newsestlyonnais.fr\/site\/2017\/09\/22\/decines-boutique-terre-de-running-a-fete-3-ans-dexistence\/newsestlyonnais-6-personnel-tdr\/'><img loading=\"lazy\" decoding=\"async\" width=\"150\" height=\"150\" src=\"https:\/\/newsestlyonnais.fr\/site\/wp-content\/uploads\/2017\/09\/NEWSESTLYONNAIS-6-personnel-tdr-150x150.jpg\" class=\"attachment-thumbnail size-thumbnail\" alt=\"NEWSESTLYONNAIS 6 personnel tdr\" aria-describedby=\"gallery-1-35205\" \/><\/a>\n\t\t\t<\/div>\n\t\t\t\t<figcaption class='wp-caption-text gallery-caption' id='gallery-1-35205'>\n\t\t\t\tPatrick Rebourseau (g\u00e9rant TDR), Kevin Molard (responsable boutique) et Hugo Altmeyer (vendeur)\n\t\t\t\t<\/figcaption><\/figure><figure class='gallery-item'>\n\t\t\t<div class='gallery-icon landscape'>\n\t\t\t\t<a href='https:\/\/newsestlyonnais.fr\/site\/2017\/09\/22\/decines-boutique-terre-de-running-a-fete-3-ans-dexistence\/newsestestlyonnais-invites-tdr\/'><img loading=\"lazy\" decoding=\"async\" width=\"150\" height=\"150\" src=\"https:\/\/newsestlyonnais.fr\/site\/wp-content\/uploads\/2017\/09\/NEWSESTESTLYONNAIS-INVITES-TDR-150x150.jpg\" class=\"attachment-thumbnail size-thumbnail\" alt=\"NEWSESTESTLYONNAIS - INVITES TDR\" aria-describedby=\"gallery-1-35201\" \/><\/a>\n\t\t\t<\/div>\n\t\t\t\t<figcaption class='wp-caption-text gallery-caption' id='gallery-1-35201'>\n\t\t\t\tPatrick Rebourseau (g\u00e9rant TDR), Guillaume Schroll (Pt du DMA) &amp; Sylvain Meyer (Pt ASUL Bron)\n\t\t\t\t<\/figcaption><\/figure><figure class='gallery-item'>\n\t\t\t<div class='gallery-icon landscape'>\n\t\t\t\t<a href='https:\/\/newsestlyonnais.fr\/site\/2017\/09\/22\/decines-boutique-terre-de-running-a-fete-3-ans-dexistence\/newsestlyonnais-invites-3-ans-tdr\/'><img loading=\"lazy\" decoding=\"async\" width=\"150\" height=\"150\" src=\"https:\/\/newsestlyonnais.fr\/site\/wp-content\/uploads\/2017\/09\/NEWSESTLYONNAIS-INVITES-3-ANS-TDR-150x150.jpg\" class=\"attachment-thumbnail size-thumbnail\" alt=\"NEWSESTLYONNAIS - INVITES 3 ANS TDR\" \/><\/a>\n\t\t\t<\/div><\/figure><figure class='gallery-item'>\n\t\t\t<div class='gallery-icon landscape'>\n\t\t\t\t<a href='https:\/\/newsestlyonnais.fr\/site\/2017\/09\/22\/decines-boutique-terre-de-running-a-fete-3-ans-dexistence\/newsestlyonnais-invites-tdr-01\/'><img loading=\"lazy\" decoding=\"async\" width=\"150\" height=\"150\" src=\"https:\/\/newsestlyonnais.fr\/site\/wp-content\/uploads\/2017\/09\/NEWSESTLYONNAIS-INVITES-TDR-01-150x150.jpg\" class=\"attachment-thumbnail size-thumbnail\" alt=\"NEWSESTLYONNAIS - INVITES TDR 01\" \/><\/a>\n\t\t\t<\/div><\/figure><figure class='gallery-item'>\n\t\t\t<div class='gallery-icon landscape'>\n\t\t\t\t<a href='https:\/\/newsestlyonnais.fr\/site\/2017\/09\/22\/decines-boutique-terre-de-running-a-fete-3-ans-dexistence\/newsestlyonnais-invites-tdr-03\/'><img loading=\"lazy\" decoding=\"async\" width=\"150\" height=\"150\" src=\"https:\/\/newsestlyonnais.fr\/site\/wp-content\/uploads\/2017\/09\/NEWSESTLYONNAIS-INVITES-TDR-03-150x150.jpg\" class=\"attachment-thumbnail size-thumbnail\" alt=\"\" \/><\/a>\n\t\t\t<\/div><\/figure><figure class='gallery-item'>\n\t\t\t<div class='gallery-icon landscape'>\n\t\t\t\t<a href='https:\/\/newsestlyonnais.fr\/site\/2017\/09\/22\/decines-boutique-terre-de-running-a-fete-3-ans-dexistence\/newsestlyonnais-invites-tdr-04\/'><img loading=\"lazy\" decoding=\"async\" width=\"150\" height=\"150\" src=\"https:\/\/newsestlyonnais.fr\/site\/wp-content\/uploads\/2017\/09\/NEWSESTLYONNAIS-invites-tdr-04-150x150.jpg\" class=\"attachment-thumbnail size-thumbnail\" alt=\"NEWSESTLYONNAIS - invites tdr 04\" \/><\/a>\n\t\t\t<\/div><\/figure><figure class='gallery-item'>\n\t\t\t<div class='gallery-icon landscape'>\n\t\t\t\t<a href='https:\/\/newsestlyonnais.fr\/site\/?attachment_id=7550'><img loading=\"lazy\" decoding=\"async\" width=\"150\" height=\"150\" src=\"https:\/\/newsestlyonnais.fr\/site\/wp-content\/uploads\/2016\/05\/NEWSESTLYONNAIS-TERREDERUNNING-150x150.jpg\" class=\"attachment-thumbnail size-thumbnail\" alt=\"NEWSESTLYONNAIS -TERREDERUNNING\" \/><\/a>\n\t\t\t<\/div><\/figure>\n\t\t<\/div>\n\n","protected":false},"excerpt":{"rendered":"<p>Belle soir\u00e9e anniversaire ce jeudi \u00e0 la boutique d\u00e9cinoise de TERRE DE RUNNING, enseigne sp\u00e9cialiste de la course \u00e0 pied et partenaire de votre site https:\/\/newsestlyonnais.fr Le magasin install\u00e9 depuis 2014, au centre de la commune et au sein de la ZAC de la Fraternit\u00e9 est un des 4 de la r\u00e9gion lyonnaise avec Lyon [&hellip;]<\/p>\n","protected":false},"author":4,"featured_media":35210,"comment_status":"open","ping_status":"open","sticky":false,"template":"","format":"standard","meta":{"footnotes":""},"categories":[1628,2970,2968,21],"tags":[2116,2200],"class_list":["post-35191","post","type-post","status-publish","format-standard","has-post-thumbnail","hentry","category-publi-reportages","category-artisans-commerces-economie","category-athle-course-pied-marche","category-decines-charpieu","tag-decines","tag-terre-de-running"],"yoast_head":"<!-- This site is optimized with the Yoast SEO plugin v27.2 - https:\/\/yoast.com\/product\/yoast-seo-wordpress\/ -->\n<title>DECINES : La boutique TERRE DE RUNNING a f\u00eat\u00e9 ses 3 ans d&#039;existence<\/title>\n<meta name=\"description\" content=\"DECINES : La boutique TERRE DE RUNNING a f\u00eat\u00e9 ses 3 ans d&#039;existence\" \/>\n<meta name=\"robots\" content=\"index, follow, max-snippet:-1, max-image-preview:large, max-video-preview:-1\" \/>\n<link rel=\"canonical\" href=\"https:\/\/newsestlyonnais.fr\/site\/2017\/09\/22\/decines-boutique-terre-de-running-a-fete-3-ans-dexistence\/\" \/>\n<meta property=\"og:locale\" content=\"fr_FR\" \/>\n<meta property=\"og:type\" content=\"article\" \/>\n<meta property=\"og:title\" content=\"DECINES : La boutique TERRE DE RUNNING a f\u00eat\u00e9 ses 3 ans d&#039;existence\" \/>\n<meta property=\"og:description\" content=\"DECINES : La boutique TERRE DE RUNNING a f\u00eat\u00e9 ses 3 ans d&#039;existence\" \/>\n<meta property=\"og:url\" content=\"https:\/\/newsestlyonnais.fr\/site\/2017\/09\/22\/decines-boutique-terre-de-running-a-fete-3-ans-dexistence\/\" \/>\n<meta property=\"og:site_name\" content=\"News Est Lyonnais\" \/>\n<meta property=\"article:author\" content=\"https:\/\/www.facebook.com\/pascal.oberson.1?fref=ts\" \/>\n<meta property=\"article:published_time\" content=\"2017-09-22T06:09:10+00:00\" \/>\n<meta property=\"article:modified_time\" content=\"2021-12-20T17:18:34+00:00\" \/>\n<meta property=\"og:image\" content=\"https:\/\/newsestlyonnais.fr\/site\/wp-content\/uploads\/2017\/09\/NEWSESTLYONNAIS-INVITES-3-ANS-TDR.jpg\" \/>\n\t<meta property=\"og:image:width\" content=\"1000\" \/>\n\t<meta property=\"og:image:height\" content=\"750\" \/>\n\t<meta property=\"og:image:type\" content=\"image\/jpeg\" \/>\n<meta name=\"author\" content=\"R\u00e9dac. NEWS\" \/>\n<meta name=\"twitter:card\" content=\"summary_large_image\" \/>\n<meta name=\"twitter:label1\" content=\"\u00c9crit par\" \/>\n\t<meta name=\"twitter:data1\" content=\"R\u00e9dac. NEWS\" \/>\n\t<meta name=\"twitter:label2\" content=\"Dur\u00e9e de lecture estim\u00e9e\" \/>\n\t<meta name=\"twitter:data2\" content=\"2 minutes\" \/>\n<script type=\"application\/ld+json\" class=\"yoast-schema-graph\">{\"@context\":\"https:\/\/schema.org\",\"@graph\":[{\"@type\":\"Article\",\"@id\":\"https:\/\/newsestlyonnais.fr\/site\/2017\/09\/22\/decines-boutique-terre-de-running-a-fete-3-ans-dexistence\/#article\",\"isPartOf\":{\"@id\":\"https:\/\/newsestlyonnais.fr\/site\/2017\/09\/22\/decines-boutique-terre-de-running-a-fete-3-ans-dexistence\/\"},\"author\":{\"name\":\"R\u00e9dac. NEWS\",\"@id\":\"https:\/\/newsestlyonnais.fr\/site\/#\/schema\/person\/3230d5615f390bb808365d673001e887\"},\"headline\":\"DECINES | La boutique TERRE DE RUNNING a f\u00eat\u00e9 ses 3 ans d&rsquo;existence\",\"datePublished\":\"2017-09-22T06:09:10+00:00\",\"dateModified\":\"2021-12-20T17:18:34+00:00\",\"mainEntityOfPage\":{\"@id\":\"https:\/\/newsestlyonnais.fr\/site\/2017\/09\/22\/decines-boutique-terre-de-running-a-fete-3-ans-dexistence\/\"},\"wordCount\":226,\"commentCount\":0,\"publisher\":{\"@id\":\"https:\/\/newsestlyonnais.fr\/site\/#organization\"},\"image\":{\"@id\":\"https:\/\/newsestlyonnais.fr\/site\/2017\/09\/22\/decines-boutique-terre-de-running-a-fete-3-ans-dexistence\/#primaryimage\"},\"thumbnailUrl\":\"https:\/\/newsestlyonnais.fr\/site\/wp-content\/uploads\/2017\/09\/NEWSESTLYONNAIS-INVITES-3-ANS-TDR.jpg\",\"keywords\":[\"DECINES\",\"TERRE DE RUNNING\"],\"articleSection\":[\"1Publi-Reportages\",\"Artisans | Commerces\",\"Athl\u00e9 | Course pied | Marche\",\"D\u00e9cines-Charpieu\"],\"inLanguage\":\"fr-FR\",\"potentialAction\":[{\"@type\":\"CommentAction\",\"name\":\"Comment\",\"target\":[\"https:\/\/newsestlyonnais.fr\/site\/2017\/09\/22\/decines-boutique-terre-de-running-a-fete-3-ans-dexistence\/#respond\"]}]},{\"@type\":\"WebPage\",\"@id\":\"https:\/\/newsestlyonnais.fr\/site\/2017\/09\/22\/decines-boutique-terre-de-running-a-fete-3-ans-dexistence\/\",\"url\":\"https:\/\/newsestlyonnais.fr\/site\/2017\/09\/22\/decines-boutique-terre-de-running-a-fete-3-ans-dexistence\/\",\"name\":\"DECINES : La boutique TERRE DE RUNNING a f\u00eat\u00e9 ses 3 ans d'existence\",\"isPartOf\":{\"@id\":\"https:\/\/newsestlyonnais.fr\/site\/#website\"},\"primaryImageOfPage\":{\"@id\":\"https:\/\/newsestlyonnais.fr\/site\/2017\/09\/22\/decines-boutique-terre-de-running-a-fete-3-ans-dexistence\/#primaryimage\"},\"image\":{\"@id\":\"https:\/\/newsestlyonnais.fr\/site\/2017\/09\/22\/decines-boutique-terre-de-running-a-fete-3-ans-dexistence\/#primaryimage\"},\"thumbnailUrl\":\"https:\/\/newsestlyonnais.fr\/site\/wp-content\/uploads\/2017\/09\/NEWSESTLYONNAIS-INVITES-3-ANS-TDR.jpg\",\"datePublished\":\"2017-09-22T06:09:10+00:00\",\"dateModified\":\"2021-12-20T17:18:34+00:00\",\"description\":\"DECINES : La boutique TERRE DE RUNNING a f\u00eat\u00e9 ses 3 ans d'existence\",\"breadcrumb\":{\"@id\":\"https:\/\/newsestlyonnais.fr\/site\/2017\/09\/22\/decines-boutique-terre-de-running-a-fete-3-ans-dexistence\/#breadcrumb\"},\"inLanguage\":\"fr-FR\",\"potentialAction\":[{\"@type\":\"ReadAction\",\"target\":[\"https:\/\/newsestlyonnais.fr\/site\/2017\/09\/22\/decines-boutique-terre-de-running-a-fete-3-ans-dexistence\/\"]}]},{\"@type\":\"ImageObject\",\"inLanguage\":\"fr-FR\",\"@id\":\"https:\/\/newsestlyonnais.fr\/site\/2017\/09\/22\/decines-boutique-terre-de-running-a-fete-3-ans-dexistence\/#primaryimage\",\"url\":\"https:\/\/newsestlyonnais.fr\/site\/wp-content\/uploads\/2017\/09\/NEWSESTLYONNAIS-INVITES-3-ANS-TDR.jpg\",\"contentUrl\":\"https:\/\/newsestlyonnais.fr\/site\/wp-content\/uploads\/2017\/09\/NEWSESTLYONNAIS-INVITES-3-ANS-TDR.jpg\",\"width\":1000,\"height\":750,\"caption\":\"NEWSESTLYONNAIS - INVITES 3 ANS TDR\"},{\"@type\":\"BreadcrumbList\",\"@id\":\"https:\/\/newsestlyonnais.fr\/site\/2017\/09\/22\/decines-boutique-terre-de-running-a-fete-3-ans-dexistence\/#breadcrumb\",\"itemListElement\":[{\"@type\":\"ListItem\",\"position\":1,\"name\":\"Accueil\",\"item\":\"https:\/\/newsestlyonnais.fr\/site\/\"},{\"@type\":\"ListItem\",\"position\":2,\"name\":\"DECINES | La boutique TERRE DE RUNNING a f\u00eat\u00e9 ses 3 ans d&rsquo;existence\"}]},{\"@type\":\"WebSite\",\"@id\":\"https:\/\/newsestlyonnais.fr\/site\/#website\",\"url\":\"https:\/\/newsestlyonnais.fr\/site\/\",\"name\":\"News Est Lyonnais\",\"description\":\"L&#039;actualit\u00e9 au plus pr\u00e8s\",\"publisher\":{\"@id\":\"https:\/\/newsestlyonnais.fr\/site\/#organization\"},\"potentialAction\":[{\"@type\":\"SearchAction\",\"target\":{\"@type\":\"EntryPoint\",\"urlTemplate\":\"https:\/\/newsestlyonnais.fr\/site\/?s={search_term_string}\"},\"query-input\":{\"@type\":\"PropertyValueSpecification\",\"valueRequired\":true,\"valueName\":\"search_term_string\"}}],\"inLanguage\":\"fr-FR\"},{\"@type\":\"Organization\",\"@id\":\"https:\/\/newsestlyonnais.fr\/site\/#organization\",\"name\":\"News EST LYONNAIS\",\"url\":\"https:\/\/newsestlyonnais.fr\/site\/\",\"logo\":{\"@type\":\"ImageObject\",\"inLanguage\":\"fr-FR\",\"@id\":\"https:\/\/newsestlyonnais.fr\/site\/#\/schema\/logo\/image\/\",\"url\":\"\",\"contentUrl\":\"\",\"caption\":\"News EST LYONNAIS\"},\"image\":{\"@id\":\"https:\/\/newsestlyonnais.fr\/site\/#\/schema\/logo\/image\/\"}},{\"@type\":\"Person\",\"@id\":\"https:\/\/newsestlyonnais.fr\/site\/#\/schema\/person\/3230d5615f390bb808365d673001e887\",\"name\":\"R\u00e9dac. NEWS\",\"sameAs\":[\"http:\/\/www.newsestlyonnais.fr\",\"https:\/\/www.facebook.com\/pascal.oberson.1?fref=ts\",\"https:\/\/fr.linkedin.com\/in\/pascal-oberson-b17045113\"],\"url\":\"https:\/\/newsestlyonnais.fr\/site\/author\/nel\/\"}]}<\/script>\n<!-- \/ Yoast SEO plugin. -->","yoast_head_json":{"title":"DECINES : La boutique TERRE DE RUNNING a f\u00eat\u00e9 ses 3 ans d'existence","description":"DECINES : La boutique TERRE DE RUNNING a f\u00eat\u00e9 ses 3 ans d'existence","robots":{"index":"index","follow":"follow","max-snippet":"max-snippet:-1","max-image-preview":"max-image-preview:large","max-video-preview":"max-video-preview:-1"},"canonical":"https:\/\/newsestlyonnais.fr\/site\/2017\/09\/22\/decines-boutique-terre-de-running-a-fete-3-ans-dexistence\/","og_locale":"fr_FR","og_type":"article","og_title":"DECINES : La boutique TERRE DE RUNNING a f\u00eat\u00e9 ses 3 ans d'existence","og_description":"DECINES : La boutique TERRE DE RUNNING a f\u00eat\u00e9 ses 3 ans d'existence","og_url":"https:\/\/newsestlyonnais.fr\/site\/2017\/09\/22\/decines-boutique-terre-de-running-a-fete-3-ans-dexistence\/","og_site_name":"News Est Lyonnais","article_author":"https:\/\/www.facebook.com\/pascal.oberson.1?fref=ts","article_published_time":"2017-09-22T06:09:10+00:00","article_modified_time":"2021-12-20T17:18:34+00:00","og_image":[{"width":1000,"height":750,"url":"https:\/\/newsestlyonnais.fr\/site\/wp-content\/uploads\/2017\/09\/NEWSESTLYONNAIS-INVITES-3-ANS-TDR.jpg","type":"image\/jpeg"}],"author":"R\u00e9dac. NEWS","twitter_card":"summary_large_image","twitter_misc":{"\u00c9crit par":"R\u00e9dac. NEWS","Dur\u00e9e de lecture estim\u00e9e":"2 minutes"},"schema":{"@context":"https:\/\/schema.org","@graph":[{"@type":"Article","@id":"https:\/\/newsestlyonnais.fr\/site\/2017\/09\/22\/decines-boutique-terre-de-running-a-fete-3-ans-dexistence\/#article","isPartOf":{"@id":"https:\/\/newsestlyonnais.fr\/site\/2017\/09\/22\/decines-boutique-terre-de-running-a-fete-3-ans-dexistence\/"},"author":{"name":"R\u00e9dac. NEWS","@id":"https:\/\/newsestlyonnais.fr\/site\/#\/schema\/person\/3230d5615f390bb808365d673001e887"},"headline":"DECINES | La boutique TERRE DE RUNNING a f\u00eat\u00e9 ses 3 ans d&rsquo;existence","datePublished":"2017-09-22T06:09:10+00:00","dateModified":"2021-12-20T17:18:34+00:00","mainEntityOfPage":{"@id":"https:\/\/newsestlyonnais.fr\/site\/2017\/09\/22\/decines-boutique-terre-de-running-a-fete-3-ans-dexistence\/"},"wordCount":226,"commentCount":0,"publisher":{"@id":"https:\/\/newsestlyonnais.fr\/site\/#organization"},"image":{"@id":"https:\/\/newsestlyonnais.fr\/site\/2017\/09\/22\/decines-boutique-terre-de-running-a-fete-3-ans-dexistence\/#primaryimage"},"thumbnailUrl":"https:\/\/newsestlyonnais.fr\/site\/wp-content\/uploads\/2017\/09\/NEWSESTLYONNAIS-INVITES-3-ANS-TDR.jpg","keywords":["DECINES","TERRE DE RUNNING"],"articleSection":["1Publi-Reportages","Artisans | Commerces","Athl\u00e9 | Course pied | Marche","D\u00e9cines-Charpieu"],"inLanguage":"fr-FR","potentialAction":[{"@type":"CommentAction","name":"Comment","target":["https:\/\/newsestlyonnais.fr\/site\/2017\/09\/22\/decines-boutique-terre-de-running-a-fete-3-ans-dexistence\/#respond"]}]},{"@type":"WebPage","@id":"https:\/\/newsestlyonnais.fr\/site\/2017\/09\/22\/decines-boutique-terre-de-running-a-fete-3-ans-dexistence\/","url":"https:\/\/newsestlyonnais.fr\/site\/2017\/09\/22\/decines-boutique-terre-de-running-a-fete-3-ans-dexistence\/","name":"DECINES : La boutique TERRE DE RUNNING a f\u00eat\u00e9 ses 3 ans d'existence","isPartOf":{"@id":"https:\/\/newsestlyonnais.fr\/site\/#website"},"primaryImageOfPage":{"@id":"https:\/\/newsestlyonnais.fr\/site\/2017\/09\/22\/decines-boutique-terre-de-running-a-fete-3-ans-dexistence\/#primaryimage"},"image":{"@id":"https:\/\/newsestlyonnais.fr\/site\/2017\/09\/22\/decines-boutique-terre-de-running-a-fete-3-ans-dexistence\/#primaryimage"},"thumbnailUrl":"https:\/\/newsestlyonnais.fr\/site\/wp-content\/uploads\/2017\/09\/NEWSESTLYONNAIS-INVITES-3-ANS-TDR.jpg","datePublished":"2017-09-22T06:09:10+00:00","dateModified":"2021-12-20T17:18:34+00:00","description":"DECINES : La boutique TERRE DE RUNNING a f\u00eat\u00e9 ses 3 ans d'existence","breadcrumb":{"@id":"https:\/\/newsestlyonnais.fr\/site\/2017\/09\/22\/decines-boutique-terre-de-running-a-fete-3-ans-dexistence\/#breadcrumb"},"inLanguage":"fr-FR","potentialAction":[{"@type":"ReadAction","target":["https:\/\/newsestlyonnais.fr\/site\/2017\/09\/22\/decines-boutique-terre-de-running-a-fete-3-ans-dexistence\/"]}]},{"@type":"ImageObject","inLanguage":"fr-FR","@id":"https:\/\/newsestlyonnais.fr\/site\/2017\/09\/22\/decines-boutique-terre-de-running-a-fete-3-ans-dexistence\/#primaryimage","url":"https:\/\/newsestlyonnais.fr\/site\/wp-content\/uploads\/2017\/09\/NEWSESTLYONNAIS-INVITES-3-ANS-TDR.jpg","contentUrl":"https:\/\/newsestlyonnais.fr\/site\/wp-content\/uploads\/2017\/09\/NEWSESTLYONNAIS-INVITES-3-ANS-TDR.jpg","width":1000,"height":750,"caption":"NEWSESTLYONNAIS - INVITES 3 ANS TDR"},{"@type":"BreadcrumbList","@id":"https:\/\/newsestlyonnais.fr\/site\/2017\/09\/22\/decines-boutique-terre-de-running-a-fete-3-ans-dexistence\/#breadcrumb","itemListElement":[{"@type":"ListItem","position":1,"name":"Accueil","item":"https:\/\/newsestlyonnais.fr\/site\/"},{"@type":"ListItem","position":2,"name":"DECINES | La boutique TERRE DE RUNNING a f\u00eat\u00e9 ses 3 ans d&rsquo;existence"}]},{"@type":"WebSite","@id":"https:\/\/newsestlyonnais.fr\/site\/#website","url":"https:\/\/newsestlyonnais.fr\/site\/","name":"News Est Lyonnais","description":"L&#039;actualit\u00e9 au plus pr\u00e8s","publisher":{"@id":"https:\/\/newsestlyonnais.fr\/site\/#organization"},"potentialAction":[{"@type":"SearchAction","target":{"@type":"EntryPoint","urlTemplate":"https:\/\/newsestlyonnais.fr\/site\/?s={search_term_string}"},"query-input":{"@type":"PropertyValueSpecification","valueRequired":true,"valueName":"search_term_string"}}],"inLanguage":"fr-FR"},{"@type":"Organization","@id":"https:\/\/newsestlyonnais.fr\/site\/#organization","name":"News EST LYONNAIS","url":"https:\/\/newsestlyonnais.fr\/site\/","logo":{"@type":"ImageObject","inLanguage":"fr-FR","@id":"https:\/\/newsestlyonnais.fr\/site\/#\/schema\/logo\/image\/","url":"","contentUrl":"","caption":"News EST LYONNAIS"},"image":{"@id":"https:\/\/newsestlyonnais.fr\/site\/#\/schema\/logo\/image\/"}},{"@type":"Person","@id":"https:\/\/newsestlyonnais.fr\/site\/#\/schema\/person\/3230d5615f390bb808365d673001e887","name":"R\u00e9dac. NEWS","sameAs":["http:\/\/www.newsestlyonnais.fr","https:\/\/www.facebook.com\/pascal.oberson.1?fref=ts","https:\/\/fr.linkedin.com\/in\/pascal-oberson-b17045113"],"url":"https:\/\/newsestlyonnais.fr\/site\/author\/nel\/"}]}},"_links":{"self":[{"href":"https:\/\/newsestlyonnais.fr\/site\/wp-json\/wp\/v2\/posts\/35191","targetHints":{"allow":["GET"]}}],"collection":[{"href":"https:\/\/newsestlyonnais.fr\/site\/wp-json\/wp\/v2\/posts"}],"about":[{"href":"https:\/\/newsestlyonnais.fr\/site\/wp-json\/wp\/v2\/types\/post"}],"author":[{"embeddable":true,"href":"https:\/\/newsestlyonnais.fr\/site\/wp-json\/wp\/v2\/users\/4"}],"replies":[{"embeddable":true,"href":"https:\/\/newsestlyonnais.fr\/site\/wp-json\/wp\/v2\/comments?post=35191"}],"version-history":[{"count":0,"href":"https:\/\/newsestlyonnais.fr\/site\/wp-json\/wp\/v2\/posts\/35191\/revisions"}],"wp:featuredmedia":[{"embeddable":true,"href":"https:\/\/newsestlyonnais.fr\/site\/wp-json\/wp\/v2\/media\/35210"}],"wp:attachment":[{"href":"https:\/\/newsestlyonnais.fr\/site\/wp-json\/wp\/v2\/media?parent=35191"}],"wp:term":[{"taxonomy":"category","embeddable":true,"href":"https:\/\/newsestlyonnais.fr\/site\/wp-json\/wp\/v2\/categories?post=35191"},{"taxonomy":"post_tag","embeddable":true,"href":"https:\/\/newsestlyonnais.fr\/site\/wp-json\/wp\/v2\/tags?post=35191"}],"curies":[{"name":"wp","href":"https:\/\/api.w.org\/{rel}","templated":true}]}}