{"id":35269,"date":"2017-09-21T07:17:58","date_gmt":"2017-09-21T06:17:58","guid":{"rendered":"http:\/\/newsestlyonnais.fr\/site\/?p=35269"},"modified":"2020-11-17T13:18:05","modified_gmt":"2020-11-17T12:18:05","slug":"vaulx-en-velin-des-rendez-vous-de-lemploi-mensuels-mis-en-place-sur-la-commune","status":"publish","type":"post","link":"https:\/\/newsestlyonnais.fr\/site\/2017\/09\/21\/vaulx-en-velin-des-rendez-vous-de-lemploi-mensuels-mis-en-place-sur-la-commune\/","title":{"rendered":"VAULX-EN-VELIN | Rendez-vous de l&#8217;emploi mensuels mis en place sur la commune"},"content":{"rendered":"<h4>D\u00e9couverte m\u00e9tiers, formation, recrutement: la Ville de Vaulx-en-Velin et ses partenaires se mobilisent pour l\u2019emploi, et proposent les nouveaux RENDEZ-VOUS DE L\u2019EMPLOI, chaque mois sur la commune.<\/h4>\n<p><strong>Premier rendez-vous<\/strong> fix\u00e9 au <strong>jeudi 28 septembre de 9 h \u00e0 11 h, au Centre culturel communal Charlie Chaplin<\/strong>, place de la Nation \u00e0 Vaulx-en-Velin, autour des <span style=\"text-decoration: underline\">m\u00e9tiers de la fili\u00e8re : S\u00e9curit\u00e9, Pr\u00e9vention, M\u00e9diation<\/span>.<\/p>\n<ul>\n<li><em><strong><span style=\"text-decoration: underline\">Pour les candidats<\/span><\/strong><\/em> :<br \/>\nD\u00e9couverte de nouveaux m\u00e9tiers<br \/>\nAide \u00e0 la recherche d\u2019emploi (CV et entretien)<br \/>\nRencontre avec des employeurs<\/li>\n<li><em><strong><span style=\"text-decoration: underline\">Pour les recruteurs<\/span><\/strong><\/em> :<br \/>\n\u00c9changes directs avec des candidats motiv\u00e9s<br \/>\nRencontre des acteurs de l\u2019emploi<\/li>\n<\/ul>\n<p>Pour obtenir plus d&rsquo;infos: rendezvousemploivaulx@gmail.com \/ 07. 78. 66. 59. 38<\/p>\n<ul>\n<li><strong>Prochains rendez-vous de l\u2019emploi en 2017<\/strong> :<br \/>\n<span style=\"text-decoration: underline\">Jeudi 19 octobre<\/span> : Fili\u00e8re Commerce \/ Grande distribution<br \/>\n<span style=\"text-decoration: underline\">Jeudi 16 novembre<\/span> : Fili\u00e8re Services \u00e0 la personne<\/li>\n<\/ul>\n","protected":false},"excerpt":{"rendered":"<p>D\u00e9couverte m\u00e9tiers, formation, recrutement: la Ville de Vaulx-en-Velin et ses partenaires se mobilisent pour l\u2019emploi, et proposent les nouveaux RENDEZ-VOUS DE L\u2019EMPLOI, chaque mois sur la commune. Premier rendez-vous fix\u00e9 au jeudi 28 septembre de 9 h \u00e0 11 h, au Centre culturel communal Charlie Chaplin, place de la Nation \u00e0 Vaulx-en-Velin, autour des m\u00e9tiers [&hellip;]<\/p>\n","protected":false},"author":4,"featured_media":35270,"comment_status":"open","ping_status":"open","sticky":false,"template":"","format":"standard","meta":{"footnotes":""},"categories":[10,214,28],"tags":[],"class_list":["post-35269","post","type-post","status-publish","format-standard","has-post-thumbnail","hentry","category-emplois","category-emplois-infos-diverses","category-vaulx-en-velin"],"yoast_head":"<!-- This site is optimized with the Yoast SEO plugin v27.2 - https:\/\/yoast.com\/product\/yoast-seo-wordpress\/ -->\n<title>VAULX EN VELIN : Des rendez-vous de l&#039;emploi mensuels mis en place sur la commune<\/title>\n<meta name=\"description\" content=\"VAULX EN VELIN : Des rendez-vous de l&#039;emploi mensuels mis en place sur la commune\" \/>\n<meta name=\"robots\" content=\"index, follow, max-snippet:-1, max-image-preview:large, max-video-preview:-1\" \/>\n<link rel=\"canonical\" href=\"https:\/\/newsestlyonnais.fr\/site\/2017\/09\/21\/vaulx-en-velin-des-rendez-vous-de-lemploi-mensuels-mis-en-place-sur-la-commune\/\" \/>\n<meta property=\"og:locale\" content=\"fr_FR\" \/>\n<meta property=\"og:type\" content=\"article\" \/>\n<meta property=\"og:title\" content=\"VAULX EN VELIN : Des rendez-vous de l&#039;emploi mensuels mis en place sur la commune\" \/>\n<meta property=\"og:description\" content=\"VAULX EN VELIN : Des rendez-vous de l&#039;emploi mensuels mis en place sur la commune\" \/>\n<meta property=\"og:url\" content=\"https:\/\/newsestlyonnais.fr\/site\/2017\/09\/21\/vaulx-en-velin-des-rendez-vous-de-lemploi-mensuels-mis-en-place-sur-la-commune\/\" \/>\n<meta property=\"og:site_name\" content=\"News Est Lyonnais\" \/>\n<meta property=\"article:author\" content=\"https:\/\/www.facebook.com\/pascal.oberson.1?fref=ts\" \/>\n<meta property=\"article:published_time\" content=\"2017-09-21T06:17:58+00:00\" \/>\n<meta property=\"article:modified_time\" content=\"2020-11-17T12:18:05+00:00\" \/>\n<meta property=\"og:image\" content=\"https:\/\/i1.wp.com\/newsestlyonnais.fr\/site\/wp-content\/uploads\/2017\/09\/NEWSESTLYONNAIS-RV-EMPLOI-VAULX-.jpg?fit=1000%2C750&ssl=1\" \/>\n\t<meta property=\"og:image:width\" content=\"1000\" \/>\n\t<meta property=\"og:image:height\" content=\"750\" \/>\n\t<meta property=\"og:image:type\" content=\"image\/jpeg\" \/>\n<meta name=\"author\" content=\"R\u00e9dac. NEWS\" \/>\n<meta name=\"twitter:card\" content=\"summary_large_image\" \/>\n<meta name=\"twitter:label1\" content=\"\u00c9crit par\" \/>\n\t<meta name=\"twitter:data1\" content=\"R\u00e9dac. NEWS\" \/>\n\t<meta name=\"twitter:label2\" content=\"Dur\u00e9e de lecture estim\u00e9e\" \/>\n\t<meta name=\"twitter:data2\" content=\"1 minute\" \/>\n<script type=\"application\/ld+json\" class=\"yoast-schema-graph\">{\"@context\":\"https:\/\/schema.org\",\"@graph\":[{\"@type\":\"Article\",\"@id\":\"https:\/\/newsestlyonnais.fr\/site\/2017\/09\/21\/vaulx-en-velin-des-rendez-vous-de-lemploi-mensuels-mis-en-place-sur-la-commune\/#article\",\"isPartOf\":{\"@id\":\"https:\/\/newsestlyonnais.fr\/site\/2017\/09\/21\/vaulx-en-velin-des-rendez-vous-de-lemploi-mensuels-mis-en-place-sur-la-commune\/\"},\"author\":{\"name\":\"R\u00e9dac. NEWS\",\"@id\":\"https:\/\/newsestlyonnais.fr\/site\/#\/schema\/person\/3230d5615f390bb808365d673001e887\"},\"headline\":\"VAULX-EN-VELIN | Rendez-vous de l&#8217;emploi mensuels mis en place sur la commune\",\"datePublished\":\"2017-09-21T06:17:58+00:00\",\"dateModified\":\"2020-11-17T12:18:05+00:00\",\"mainEntityOfPage\":{\"@id\":\"https:\/\/newsestlyonnais.fr\/site\/2017\/09\/21\/vaulx-en-velin-des-rendez-vous-de-lemploi-mensuels-mis-en-place-sur-la-commune\/\"},\"wordCount\":142,\"commentCount\":0,\"publisher\":{\"@id\":\"https:\/\/newsestlyonnais.fr\/site\/#organization\"},\"image\":{\"@id\":\"https:\/\/newsestlyonnais.fr\/site\/2017\/09\/21\/vaulx-en-velin-des-rendez-vous-de-lemploi-mensuels-mis-en-place-sur-la-commune\/#primaryimage\"},\"thumbnailUrl\":\"https:\/\/newsestlyonnais.fr\/site\/wp-content\/uploads\/2017\/09\/NEWSESTLYONNAIS-RV-EMPLOI-VAULX-.jpg\",\"articleSection\":[\"Emplois\",\"Emplois (infos diverses)\",\"Vaulx-en-Velin\"],\"inLanguage\":\"fr-FR\",\"potentialAction\":[{\"@type\":\"CommentAction\",\"name\":\"Comment\",\"target\":[\"https:\/\/newsestlyonnais.fr\/site\/2017\/09\/21\/vaulx-en-velin-des-rendez-vous-de-lemploi-mensuels-mis-en-place-sur-la-commune\/#respond\"]}]},{\"@type\":\"WebPage\",\"@id\":\"https:\/\/newsestlyonnais.fr\/site\/2017\/09\/21\/vaulx-en-velin-des-rendez-vous-de-lemploi-mensuels-mis-en-place-sur-la-commune\/\",\"url\":\"https:\/\/newsestlyonnais.fr\/site\/2017\/09\/21\/vaulx-en-velin-des-rendez-vous-de-lemploi-mensuels-mis-en-place-sur-la-commune\/\",\"name\":\"VAULX EN VELIN : Des rendez-vous de l'emploi mensuels mis en place sur la commune\",\"isPartOf\":{\"@id\":\"https:\/\/newsestlyonnais.fr\/site\/#website\"},\"primaryImageOfPage\":{\"@id\":\"https:\/\/newsestlyonnais.fr\/site\/2017\/09\/21\/vaulx-en-velin-des-rendez-vous-de-lemploi-mensuels-mis-en-place-sur-la-commune\/#primaryimage\"},\"image\":{\"@id\":\"https:\/\/newsestlyonnais.fr\/site\/2017\/09\/21\/vaulx-en-velin-des-rendez-vous-de-lemploi-mensuels-mis-en-place-sur-la-commune\/#primaryimage\"},\"thumbnailUrl\":\"https:\/\/newsestlyonnais.fr\/site\/wp-content\/uploads\/2017\/09\/NEWSESTLYONNAIS-RV-EMPLOI-VAULX-.jpg\",\"datePublished\":\"2017-09-21T06:17:58+00:00\",\"dateModified\":\"2020-11-17T12:18:05+00:00\",\"description\":\"VAULX EN VELIN : Des rendez-vous de l'emploi mensuels mis en place sur la commune\",\"breadcrumb\":{\"@id\":\"https:\/\/newsestlyonnais.fr\/site\/2017\/09\/21\/vaulx-en-velin-des-rendez-vous-de-lemploi-mensuels-mis-en-place-sur-la-commune\/#breadcrumb\"},\"inLanguage\":\"fr-FR\",\"potentialAction\":[{\"@type\":\"ReadAction\",\"target\":[\"https:\/\/newsestlyonnais.fr\/site\/2017\/09\/21\/vaulx-en-velin-des-rendez-vous-de-lemploi-mensuels-mis-en-place-sur-la-commune\/\"]}]},{\"@type\":\"ImageObject\",\"inLanguage\":\"fr-FR\",\"@id\":\"https:\/\/newsestlyonnais.fr\/site\/2017\/09\/21\/vaulx-en-velin-des-rendez-vous-de-lemploi-mensuels-mis-en-place-sur-la-commune\/#primaryimage\",\"url\":\"https:\/\/newsestlyonnais.fr\/site\/wp-content\/uploads\/2017\/09\/NEWSESTLYONNAIS-RV-EMPLOI-VAULX-.jpg\",\"contentUrl\":\"https:\/\/newsestlyonnais.fr\/site\/wp-content\/uploads\/2017\/09\/NEWSESTLYONNAIS-RV-EMPLOI-VAULX-.jpg\",\"width\":1000,\"height\":750,\"caption\":\"NEWSESTLYONNAIS - RV EMPLOI VAULX\"},{\"@type\":\"BreadcrumbList\",\"@id\":\"https:\/\/newsestlyonnais.fr\/site\/2017\/09\/21\/vaulx-en-velin-des-rendez-vous-de-lemploi-mensuels-mis-en-place-sur-la-commune\/#breadcrumb\",\"itemListElement\":[{\"@type\":\"ListItem\",\"position\":1,\"name\":\"Accueil\",\"item\":\"https:\/\/newsestlyonnais.fr\/site\/\"},{\"@type\":\"ListItem\",\"position\":2,\"name\":\"VAULX-EN-VELIN | Rendez-vous de l&#8217;emploi mensuels mis en place sur la commune\"}]},{\"@type\":\"WebSite\",\"@id\":\"https:\/\/newsestlyonnais.fr\/site\/#website\",\"url\":\"https:\/\/newsestlyonnais.fr\/site\/\",\"name\":\"News Est Lyonnais\",\"description\":\"L&#039;actualit\u00e9 au plus pr\u00e8s\",\"publisher\":{\"@id\":\"https:\/\/newsestlyonnais.fr\/site\/#organization\"},\"potentialAction\":[{\"@type\":\"SearchAction\",\"target\":{\"@type\":\"EntryPoint\",\"urlTemplate\":\"https:\/\/newsestlyonnais.fr\/site\/?s={search_term_string}\"},\"query-input\":{\"@type\":\"PropertyValueSpecification\",\"valueRequired\":true,\"valueName\":\"search_term_string\"}}],\"inLanguage\":\"fr-FR\"},{\"@type\":\"Organization\",\"@id\":\"https:\/\/newsestlyonnais.fr\/site\/#organization\",\"name\":\"News EST LYONNAIS\",\"url\":\"https:\/\/newsestlyonnais.fr\/site\/\",\"logo\":{\"@type\":\"ImageObject\",\"inLanguage\":\"fr-FR\",\"@id\":\"https:\/\/newsestlyonnais.fr\/site\/#\/schema\/logo\/image\/\",\"url\":\"\",\"contentUrl\":\"\",\"caption\":\"News EST LYONNAIS\"},\"image\":{\"@id\":\"https:\/\/newsestlyonnais.fr\/site\/#\/schema\/logo\/image\/\"}},{\"@type\":\"Person\",\"@id\":\"https:\/\/newsestlyonnais.fr\/site\/#\/schema\/person\/3230d5615f390bb808365d673001e887\",\"name\":\"R\u00e9dac. NEWS\",\"sameAs\":[\"http:\/\/www.newsestlyonnais.fr\",\"https:\/\/www.facebook.com\/pascal.oberson.1?fref=ts\",\"https:\/\/fr.linkedin.com\/in\/pascal-oberson-b17045113\"],\"url\":\"https:\/\/newsestlyonnais.fr\/site\/author\/nel\/\"}]}<\/script>\n<!-- \/ Yoast SEO plugin. -->","yoast_head_json":{"title":"VAULX EN VELIN : Des rendez-vous de l'emploi mensuels mis en place sur la commune","description":"VAULX EN VELIN : Des rendez-vous de l'emploi mensuels mis en place sur la commune","robots":{"index":"index","follow":"follow","max-snippet":"max-snippet:-1","max-image-preview":"max-image-preview:large","max-video-preview":"max-video-preview:-1"},"canonical":"https:\/\/newsestlyonnais.fr\/site\/2017\/09\/21\/vaulx-en-velin-des-rendez-vous-de-lemploi-mensuels-mis-en-place-sur-la-commune\/","og_locale":"fr_FR","og_type":"article","og_title":"VAULX EN VELIN : Des rendez-vous de l'emploi mensuels mis en place sur la commune","og_description":"VAULX EN VELIN : Des rendez-vous de l'emploi mensuels mis en place sur la commune","og_url":"https:\/\/newsestlyonnais.fr\/site\/2017\/09\/21\/vaulx-en-velin-des-rendez-vous-de-lemploi-mensuels-mis-en-place-sur-la-commune\/","og_site_name":"News Est Lyonnais","article_author":"https:\/\/www.facebook.com\/pascal.oberson.1?fref=ts","article_published_time":"2017-09-21T06:17:58+00:00","article_modified_time":"2020-11-17T12:18:05+00:00","og_image":[{"width":1000,"height":750,"url":"https:\/\/i1.wp.com\/newsestlyonnais.fr\/site\/wp-content\/uploads\/2017\/09\/NEWSESTLYONNAIS-RV-EMPLOI-VAULX-.jpg?fit=1000%2C750&ssl=1","type":"image\/jpeg"}],"author":"R\u00e9dac. NEWS","twitter_card":"summary_large_image","twitter_misc":{"\u00c9crit par":"R\u00e9dac. NEWS","Dur\u00e9e de lecture estim\u00e9e":"1 minute"},"schema":{"@context":"https:\/\/schema.org","@graph":[{"@type":"Article","@id":"https:\/\/newsestlyonnais.fr\/site\/2017\/09\/21\/vaulx-en-velin-des-rendez-vous-de-lemploi-mensuels-mis-en-place-sur-la-commune\/#article","isPartOf":{"@id":"https:\/\/newsestlyonnais.fr\/site\/2017\/09\/21\/vaulx-en-velin-des-rendez-vous-de-lemploi-mensuels-mis-en-place-sur-la-commune\/"},"author":{"name":"R\u00e9dac. NEWS","@id":"https:\/\/newsestlyonnais.fr\/site\/#\/schema\/person\/3230d5615f390bb808365d673001e887"},"headline":"VAULX-EN-VELIN | Rendez-vous de l&#8217;emploi mensuels mis en place sur la commune","datePublished":"2017-09-21T06:17:58+00:00","dateModified":"2020-11-17T12:18:05+00:00","mainEntityOfPage":{"@id":"https:\/\/newsestlyonnais.fr\/site\/2017\/09\/21\/vaulx-en-velin-des-rendez-vous-de-lemploi-mensuels-mis-en-place-sur-la-commune\/"},"wordCount":142,"commentCount":0,"publisher":{"@id":"https:\/\/newsestlyonnais.fr\/site\/#organization"},"image":{"@id":"https:\/\/newsestlyonnais.fr\/site\/2017\/09\/21\/vaulx-en-velin-des-rendez-vous-de-lemploi-mensuels-mis-en-place-sur-la-commune\/#primaryimage"},"thumbnailUrl":"https:\/\/newsestlyonnais.fr\/site\/wp-content\/uploads\/2017\/09\/NEWSESTLYONNAIS-RV-EMPLOI-VAULX-.jpg","articleSection":["Emplois","Emplois (infos diverses)","Vaulx-en-Velin"],"inLanguage":"fr-FR","potentialAction":[{"@type":"CommentAction","name":"Comment","target":["https:\/\/newsestlyonnais.fr\/site\/2017\/09\/21\/vaulx-en-velin-des-rendez-vous-de-lemploi-mensuels-mis-en-place-sur-la-commune\/#respond"]}]},{"@type":"WebPage","@id":"https:\/\/newsestlyonnais.fr\/site\/2017\/09\/21\/vaulx-en-velin-des-rendez-vous-de-lemploi-mensuels-mis-en-place-sur-la-commune\/","url":"https:\/\/newsestlyonnais.fr\/site\/2017\/09\/21\/vaulx-en-velin-des-rendez-vous-de-lemploi-mensuels-mis-en-place-sur-la-commune\/","name":"VAULX EN VELIN : Des rendez-vous de l'emploi mensuels mis en place sur la commune","isPartOf":{"@id":"https:\/\/newsestlyonnais.fr\/site\/#website"},"primaryImageOfPage":{"@id":"https:\/\/newsestlyonnais.fr\/site\/2017\/09\/21\/vaulx-en-velin-des-rendez-vous-de-lemploi-mensuels-mis-en-place-sur-la-commune\/#primaryimage"},"image":{"@id":"https:\/\/newsestlyonnais.fr\/site\/2017\/09\/21\/vaulx-en-velin-des-rendez-vous-de-lemploi-mensuels-mis-en-place-sur-la-commune\/#primaryimage"},"thumbnailUrl":"https:\/\/newsestlyonnais.fr\/site\/wp-content\/uploads\/2017\/09\/NEWSESTLYONNAIS-RV-EMPLOI-VAULX-.jpg","datePublished":"2017-09-21T06:17:58+00:00","dateModified":"2020-11-17T12:18:05+00:00","description":"VAULX EN VELIN : Des rendez-vous de l'emploi mensuels mis en place sur la commune","breadcrumb":{"@id":"https:\/\/newsestlyonnais.fr\/site\/2017\/09\/21\/vaulx-en-velin-des-rendez-vous-de-lemploi-mensuels-mis-en-place-sur-la-commune\/#breadcrumb"},"inLanguage":"fr-FR","potentialAction":[{"@type":"ReadAction","target":["https:\/\/newsestlyonnais.fr\/site\/2017\/09\/21\/vaulx-en-velin-des-rendez-vous-de-lemploi-mensuels-mis-en-place-sur-la-commune\/"]}]},{"@type":"ImageObject","inLanguage":"fr-FR","@id":"https:\/\/newsestlyonnais.fr\/site\/2017\/09\/21\/vaulx-en-velin-des-rendez-vous-de-lemploi-mensuels-mis-en-place-sur-la-commune\/#primaryimage","url":"https:\/\/newsestlyonnais.fr\/site\/wp-content\/uploads\/2017\/09\/NEWSESTLYONNAIS-RV-EMPLOI-VAULX-.jpg","contentUrl":"https:\/\/newsestlyonnais.fr\/site\/wp-content\/uploads\/2017\/09\/NEWSESTLYONNAIS-RV-EMPLOI-VAULX-.jpg","width":1000,"height":750,"caption":"NEWSESTLYONNAIS - RV EMPLOI VAULX"},{"@type":"BreadcrumbList","@id":"https:\/\/newsestlyonnais.fr\/site\/2017\/09\/21\/vaulx-en-velin-des-rendez-vous-de-lemploi-mensuels-mis-en-place-sur-la-commune\/#breadcrumb","itemListElement":[{"@type":"ListItem","position":1,"name":"Accueil","item":"https:\/\/newsestlyonnais.fr\/site\/"},{"@type":"ListItem","position":2,"name":"VAULX-EN-VELIN | Rendez-vous de l&#8217;emploi mensuels mis en place sur la commune"}]},{"@type":"WebSite","@id":"https:\/\/newsestlyonnais.fr\/site\/#website","url":"https:\/\/newsestlyonnais.fr\/site\/","name":"News Est Lyonnais","description":"L&#039;actualit\u00e9 au plus pr\u00e8s","publisher":{"@id":"https:\/\/newsestlyonnais.fr\/site\/#organization"},"potentialAction":[{"@type":"SearchAction","target":{"@type":"EntryPoint","urlTemplate":"https:\/\/newsestlyonnais.fr\/site\/?s={search_term_string}"},"query-input":{"@type":"PropertyValueSpecification","valueRequired":true,"valueName":"search_term_string"}}],"inLanguage":"fr-FR"},{"@type":"Organization","@id":"https:\/\/newsestlyonnais.fr\/site\/#organization","name":"News EST LYONNAIS","url":"https:\/\/newsestlyonnais.fr\/site\/","logo":{"@type":"ImageObject","inLanguage":"fr-FR","@id":"https:\/\/newsestlyonnais.fr\/site\/#\/schema\/logo\/image\/","url":"","contentUrl":"","caption":"News EST LYONNAIS"},"image":{"@id":"https:\/\/newsestlyonnais.fr\/site\/#\/schema\/logo\/image\/"}},{"@type":"Person","@id":"https:\/\/newsestlyonnais.fr\/site\/#\/schema\/person\/3230d5615f390bb808365d673001e887","name":"R\u00e9dac. NEWS","sameAs":["http:\/\/www.newsestlyonnais.fr","https:\/\/www.facebook.com\/pascal.oberson.1?fref=ts","https:\/\/fr.linkedin.com\/in\/pascal-oberson-b17045113"],"url":"https:\/\/newsestlyonnais.fr\/site\/author\/nel\/"}]}},"_links":{"self":[{"href":"https:\/\/newsestlyonnais.fr\/site\/wp-json\/wp\/v2\/posts\/35269","targetHints":{"allow":["GET"]}}],"collection":[{"href":"https:\/\/newsestlyonnais.fr\/site\/wp-json\/wp\/v2\/posts"}],"about":[{"href":"https:\/\/newsestlyonnais.fr\/site\/wp-json\/wp\/v2\/types\/post"}],"author":[{"embeddable":true,"href":"https:\/\/newsestlyonnais.fr\/site\/wp-json\/wp\/v2\/users\/4"}],"replies":[{"embeddable":true,"href":"https:\/\/newsestlyonnais.fr\/site\/wp-json\/wp\/v2\/comments?post=35269"}],"version-history":[{"count":0,"href":"https:\/\/newsestlyonnais.fr\/site\/wp-json\/wp\/v2\/posts\/35269\/revisions"}],"wp:featuredmedia":[{"embeddable":true,"href":"https:\/\/newsestlyonnais.fr\/site\/wp-json\/wp\/v2\/media\/35270"}],"wp:attachment":[{"href":"https:\/\/newsestlyonnais.fr\/site\/wp-json\/wp\/v2\/media?parent=35269"}],"wp:term":[{"taxonomy":"category","embeddable":true,"href":"https:\/\/newsestlyonnais.fr\/site\/wp-json\/wp\/v2\/categories?post=35269"},{"taxonomy":"post_tag","embeddable":true,"href":"https:\/\/newsestlyonnais.fr\/site\/wp-json\/wp\/v2\/tags?post=35269"}],"curies":[{"name":"wp","href":"https:\/\/api.w.org\/{rel}","templated":true}]}}