{"id":35530,"date":"2017-09-25T07:43:22","date_gmt":"2017-09-25T06:43:22","guid":{"rendered":"http:\/\/newsestlyonnais.fr\/site\/?p=35530"},"modified":"2020-10-24T14:31:14","modified_gmt":"2020-10-24T13:31:14","slug":"quand-les-transports-en-commun-sinvitent-au-salon-de-lauto","status":"publish","type":"post","link":"https:\/\/newsestlyonnais.fr\/site\/2017\/09\/25\/quand-les-transports-en-commun-sinvitent-au-salon-de-lauto\/","title":{"rendered":"Quand les transports en commun s&rsquo;invitent au Salon de l&rsquo;Auto"},"content":{"rendered":"<p>Le r\u00e9seau TCL sera pr\u00e9sent pour renseigner les visiteurs et leur proposer des solutions de mobilit\u00e9 adapt\u00e9 \u00e0 leur besoin. L\u2019occasion aussi de convertir les automobilistes aux transports en commun avec l<span style=\"text-decoration: underline\">\u2019offre d\u2019essai \u00ab 1 carte T\u00e9c\u00e9ly charg\u00e9e de 10 tickets \u00bb qui sera propos\u00e9e sur place<\/span>.<\/p>\n<p>________________________________________________________________________________<\/p>\n<ul>\n<li><strong>Comment se rendre \u00e0 Eurexpo<\/strong> ?<br \/>\n<span style=\"text-decoration: underline\">Jeudi 28 et vendredi 29 septembre<\/span> :<br \/>\nPremier d\u00e9part de Grange Blanche \u00e0 8 H &amp; dernier d\u00e9part d\u2019Eurexpo \u00e0 00 H .<br \/>\nFr\u00e9quence toutes les 12 \u00e0 15 minutes jusqu\u2019\u00e0 20 H \/ 25 minutes apr\u00e8s 20 H.<br \/>\n<span style=\"text-decoration: underline\">Samedi 30 septembre<\/span> :<br \/>\nPremier d\u00e9part de Grange Blanche \u00e0 7 H 52 &amp; dernier d\u00e9part d\u2019Eurexpo \u00e0 22 H 10.<br \/>\nFr\u00e9quence toutes les 12 \u00e0 15 minutes jusqu\u2019\u00e0 20 H\/ 15 \u00e0 25 minutes apr\u00e8s 20 H.<br \/>\n<span style=\"text-decoration: underline\">Dimanche 1\u00b0 octobre<\/span> :<br \/>\nPremier d\u00e9part de Grange Blanche \u00e0 8 H05 &amp; dernier d\u00e9part d\u2019Eurexpo \u00e0 22 H 11.<br \/>\nFr\u00e9quence toutes les 25 minutes avant 9 H \/ 15 minutes de 9 H \u00e0 19 H \/20 \u00e0 25 minutes apr\u00e8s 19 H.<br \/>\n<span style=\"text-decoration: underline\">Lundi 2 octobre<\/span>:<br \/>\nPremier d\u00e9part de Grange Blanche \u00e0 8 H. Dernier d\u00e9part d\u2019Eurexpo \u00e0 22 H 13.<br \/>\nFr\u00e9quence toutes les 12 \u00e0 15 minutes jusqu\u2019\u00e0 20 H \/ 25 minutes apr\u00e8s 20 H.<\/li>\n<\/ul>\n<p>________________________________________________________________________________<\/p>\n<p><strong><em>Source : communiqu\u00e9 de presse des TCL<\/em><\/strong><\/p>\n","protected":false},"excerpt":{"rendered":"<p>Pour cette \u00e9dition 2017, le salon de l\u2019automobile accueille les acteurs majeurs de la mobilit\u00e9 dans l\u2019agglom\u00e9ration lyonnaise au sein de son \u00ab Village de la Mobilit\u00e9 \u00bb.<\/p>\n","protected":false},"author":4,"featured_media":35595,"comment_status":"open","ping_status":"open","sticky":false,"template":"","format":"standard","meta":{"footnotes":""},"categories":[3009,3329,1625,787,309,13],"tags":[],"class_list":["post-35530","post","type-post","status-publish","format-standard","has-post-thumbnail","hentry","category-autos-motos","category-expos-foires-musees-salons","category-lyon","category-ptites-news","category-pratique","category-transports-circulation"],"yoast_head":"<!-- This site is optimized with the Yoast SEO plugin v27.2 - https:\/\/yoast.com\/product\/yoast-seo-wordpress\/ -->\n<title>QUAND LES TRANSPORTS EN COMMUN S\u2019INVITENT AU SALON DE L\u2019AUTOMOBILE !<\/title>\n<meta name=\"description\" content=\"QUAND LES TRANSPORTS EN COMMUN S\u2019INVITENT AU SALON DE L\u2019AUTOMOBILE !\" \/>\n<meta name=\"robots\" content=\"index, follow, max-snippet:-1, max-image-preview:large, max-video-preview:-1\" \/>\n<link rel=\"canonical\" href=\"https:\/\/newsestlyonnais.fr\/site\/2017\/09\/25\/quand-les-transports-en-commun-sinvitent-au-salon-de-lauto\/\" \/>\n<meta property=\"og:locale\" content=\"fr_FR\" \/>\n<meta property=\"og:type\" content=\"article\" \/>\n<meta property=\"og:title\" content=\"QUAND LES TRANSPORTS EN COMMUN S\u2019INVITENT AU SALON DE L\u2019AUTOMOBILE !\" \/>\n<meta property=\"og:description\" content=\"QUAND LES TRANSPORTS EN COMMUN S\u2019INVITENT AU SALON DE L\u2019AUTOMOBILE !\" \/>\n<meta property=\"og:url\" content=\"https:\/\/newsestlyonnais.fr\/site\/2017\/09\/25\/quand-les-transports-en-commun-sinvitent-au-salon-de-lauto\/\" \/>\n<meta property=\"og:site_name\" content=\"News Est Lyonnais\" \/>\n<meta property=\"article:author\" content=\"https:\/\/www.facebook.com\/pascal.oberson.1?fref=ts\" \/>\n<meta property=\"article:published_time\" content=\"2017-09-25T06:43:22+00:00\" \/>\n<meta property=\"article:modified_time\" content=\"2020-10-24T13:31:14+00:00\" \/>\n<meta property=\"og:image\" content=\"https:\/\/i2.wp.com\/newsestlyonnais.fr\/site\/wp-content\/uploads\/2017\/09\/NEWSESTLYONNAIS-SALON-AUTO-2017.jpeg?fit=1000%2C750&ssl=1\" \/>\n\t<meta property=\"og:image:width\" content=\"1000\" \/>\n\t<meta property=\"og:image:height\" content=\"750\" \/>\n\t<meta property=\"og:image:type\" content=\"image\/jpeg\" \/>\n<meta name=\"author\" content=\"R\u00e9dac. NEWS\" \/>\n<meta name=\"twitter:card\" content=\"summary_large_image\" \/>\n<meta name=\"twitter:label1\" content=\"\u00c9crit par\" \/>\n\t<meta name=\"twitter:data1\" content=\"R\u00e9dac. NEWS\" \/>\n\t<meta name=\"twitter:label2\" content=\"Dur\u00e9e de lecture estim\u00e9e\" \/>\n\t<meta name=\"twitter:data2\" content=\"1 minute\" \/>\n<script type=\"application\/ld+json\" class=\"yoast-schema-graph\">{\"@context\":\"https:\/\/schema.org\",\"@graph\":[{\"@type\":\"Article\",\"@id\":\"https:\/\/newsestlyonnais.fr\/site\/2017\/09\/25\/quand-les-transports-en-commun-sinvitent-au-salon-de-lauto\/#article\",\"isPartOf\":{\"@id\":\"https:\/\/newsestlyonnais.fr\/site\/2017\/09\/25\/quand-les-transports-en-commun-sinvitent-au-salon-de-lauto\/\"},\"author\":{\"name\":\"R\u00e9dac. NEWS\",\"@id\":\"https:\/\/newsestlyonnais.fr\/site\/#\/schema\/person\/3230d5615f390bb808365d673001e887\"},\"headline\":\"Quand les transports en commun s&rsquo;invitent au Salon de l&rsquo;Auto\",\"datePublished\":\"2017-09-25T06:43:22+00:00\",\"dateModified\":\"2020-10-24T13:31:14+00:00\",\"mainEntityOfPage\":{\"@id\":\"https:\/\/newsestlyonnais.fr\/site\/2017\/09\/25\/quand-les-transports-en-commun-sinvitent-au-salon-de-lauto\/\"},\"wordCount\":186,\"commentCount\":0,\"publisher\":{\"@id\":\"https:\/\/newsestlyonnais.fr\/site\/#organization\"},\"image\":{\"@id\":\"https:\/\/newsestlyonnais.fr\/site\/2017\/09\/25\/quand-les-transports-en-commun-sinvitent-au-salon-de-lauto\/#primaryimage\"},\"thumbnailUrl\":\"https:\/\/newsestlyonnais.fr\/site\/wp-content\/uploads\/2017\/09\/NEWSESTLYONNAIS-SALON-AUTO-2017.jpeg\",\"articleSection\":[\"Autos | Motos\",\"Expos | Foires | Mus\u00e9es | Salons\",\"Lyon\",\"P'tites News\",\"Pratique\",\"Transports | Circulation\"],\"inLanguage\":\"fr-FR\",\"potentialAction\":[{\"@type\":\"CommentAction\",\"name\":\"Comment\",\"target\":[\"https:\/\/newsestlyonnais.fr\/site\/2017\/09\/25\/quand-les-transports-en-commun-sinvitent-au-salon-de-lauto\/#respond\"]}]},{\"@type\":\"WebPage\",\"@id\":\"https:\/\/newsestlyonnais.fr\/site\/2017\/09\/25\/quand-les-transports-en-commun-sinvitent-au-salon-de-lauto\/\",\"url\":\"https:\/\/newsestlyonnais.fr\/site\/2017\/09\/25\/quand-les-transports-en-commun-sinvitent-au-salon-de-lauto\/\",\"name\":\"QUAND LES TRANSPORTS EN COMMUN S\u2019INVITENT AU SALON DE L\u2019AUTOMOBILE !\",\"isPartOf\":{\"@id\":\"https:\/\/newsestlyonnais.fr\/site\/#website\"},\"primaryImageOfPage\":{\"@id\":\"https:\/\/newsestlyonnais.fr\/site\/2017\/09\/25\/quand-les-transports-en-commun-sinvitent-au-salon-de-lauto\/#primaryimage\"},\"image\":{\"@id\":\"https:\/\/newsestlyonnais.fr\/site\/2017\/09\/25\/quand-les-transports-en-commun-sinvitent-au-salon-de-lauto\/#primaryimage\"},\"thumbnailUrl\":\"https:\/\/newsestlyonnais.fr\/site\/wp-content\/uploads\/2017\/09\/NEWSESTLYONNAIS-SALON-AUTO-2017.jpeg\",\"datePublished\":\"2017-09-25T06:43:22+00:00\",\"dateModified\":\"2020-10-24T13:31:14+00:00\",\"description\":\"QUAND LES TRANSPORTS EN COMMUN S\u2019INVITENT AU SALON DE L\u2019AUTOMOBILE !\",\"breadcrumb\":{\"@id\":\"https:\/\/newsestlyonnais.fr\/site\/2017\/09\/25\/quand-les-transports-en-commun-sinvitent-au-salon-de-lauto\/#breadcrumb\"},\"inLanguage\":\"fr-FR\",\"potentialAction\":[{\"@type\":\"ReadAction\",\"target\":[\"https:\/\/newsestlyonnais.fr\/site\/2017\/09\/25\/quand-les-transports-en-commun-sinvitent-au-salon-de-lauto\/\"]}]},{\"@type\":\"ImageObject\",\"inLanguage\":\"fr-FR\",\"@id\":\"https:\/\/newsestlyonnais.fr\/site\/2017\/09\/25\/quand-les-transports-en-commun-sinvitent-au-salon-de-lauto\/#primaryimage\",\"url\":\"https:\/\/newsestlyonnais.fr\/site\/wp-content\/uploads\/2017\/09\/NEWSESTLYONNAIS-SALON-AUTO-2017.jpeg\",\"contentUrl\":\"https:\/\/newsestlyonnais.fr\/site\/wp-content\/uploads\/2017\/09\/NEWSESTLYONNAIS-SALON-AUTO-2017.jpeg\",\"width\":1000,\"height\":750,\"caption\":\"NEWSESTLYONNAIS - SALON AUTO 2017\"},{\"@type\":\"BreadcrumbList\",\"@id\":\"https:\/\/newsestlyonnais.fr\/site\/2017\/09\/25\/quand-les-transports-en-commun-sinvitent-au-salon-de-lauto\/#breadcrumb\",\"itemListElement\":[{\"@type\":\"ListItem\",\"position\":1,\"name\":\"Accueil\",\"item\":\"https:\/\/newsestlyonnais.fr\/site\/\"},{\"@type\":\"ListItem\",\"position\":2,\"name\":\"Quand les transports en commun s&rsquo;invitent au Salon de l&rsquo;Auto\"}]},{\"@type\":\"WebSite\",\"@id\":\"https:\/\/newsestlyonnais.fr\/site\/#website\",\"url\":\"https:\/\/newsestlyonnais.fr\/site\/\",\"name\":\"News Est Lyonnais\",\"description\":\"L&#039;actualit\u00e9 au plus pr\u00e8s\",\"publisher\":{\"@id\":\"https:\/\/newsestlyonnais.fr\/site\/#organization\"},\"potentialAction\":[{\"@type\":\"SearchAction\",\"target\":{\"@type\":\"EntryPoint\",\"urlTemplate\":\"https:\/\/newsestlyonnais.fr\/site\/?s={search_term_string}\"},\"query-input\":{\"@type\":\"PropertyValueSpecification\",\"valueRequired\":true,\"valueName\":\"search_term_string\"}}],\"inLanguage\":\"fr-FR\"},{\"@type\":\"Organization\",\"@id\":\"https:\/\/newsestlyonnais.fr\/site\/#organization\",\"name\":\"News EST LYONNAIS\",\"url\":\"https:\/\/newsestlyonnais.fr\/site\/\",\"logo\":{\"@type\":\"ImageObject\",\"inLanguage\":\"fr-FR\",\"@id\":\"https:\/\/newsestlyonnais.fr\/site\/#\/schema\/logo\/image\/\",\"url\":\"\",\"contentUrl\":\"\",\"caption\":\"News EST LYONNAIS\"},\"image\":{\"@id\":\"https:\/\/newsestlyonnais.fr\/site\/#\/schema\/logo\/image\/\"}},{\"@type\":\"Person\",\"@id\":\"https:\/\/newsestlyonnais.fr\/site\/#\/schema\/person\/3230d5615f390bb808365d673001e887\",\"name\":\"R\u00e9dac. NEWS\",\"sameAs\":[\"http:\/\/www.newsestlyonnais.fr\",\"https:\/\/www.facebook.com\/pascal.oberson.1?fref=ts\",\"https:\/\/fr.linkedin.com\/in\/pascal-oberson-b17045113\"],\"url\":\"https:\/\/newsestlyonnais.fr\/site\/author\/nel\/\"}]}<\/script>\n<!-- \/ Yoast SEO plugin. -->","yoast_head_json":{"title":"QUAND LES TRANSPORTS EN COMMUN S\u2019INVITENT AU SALON DE L\u2019AUTOMOBILE !","description":"QUAND LES TRANSPORTS EN COMMUN S\u2019INVITENT AU SALON DE L\u2019AUTOMOBILE !","robots":{"index":"index","follow":"follow","max-snippet":"max-snippet:-1","max-image-preview":"max-image-preview:large","max-video-preview":"max-video-preview:-1"},"canonical":"https:\/\/newsestlyonnais.fr\/site\/2017\/09\/25\/quand-les-transports-en-commun-sinvitent-au-salon-de-lauto\/","og_locale":"fr_FR","og_type":"article","og_title":"QUAND LES TRANSPORTS EN COMMUN S\u2019INVITENT AU SALON DE L\u2019AUTOMOBILE !","og_description":"QUAND LES TRANSPORTS EN COMMUN S\u2019INVITENT AU SALON DE L\u2019AUTOMOBILE !","og_url":"https:\/\/newsestlyonnais.fr\/site\/2017\/09\/25\/quand-les-transports-en-commun-sinvitent-au-salon-de-lauto\/","og_site_name":"News Est Lyonnais","article_author":"https:\/\/www.facebook.com\/pascal.oberson.1?fref=ts","article_published_time":"2017-09-25T06:43:22+00:00","article_modified_time":"2020-10-24T13:31:14+00:00","og_image":[{"width":1000,"height":750,"url":"https:\/\/i2.wp.com\/newsestlyonnais.fr\/site\/wp-content\/uploads\/2017\/09\/NEWSESTLYONNAIS-SALON-AUTO-2017.jpeg?fit=1000%2C750&ssl=1","type":"image\/jpeg"}],"author":"R\u00e9dac. NEWS","twitter_card":"summary_large_image","twitter_misc":{"\u00c9crit par":"R\u00e9dac. NEWS","Dur\u00e9e de lecture estim\u00e9e":"1 minute"},"schema":{"@context":"https:\/\/schema.org","@graph":[{"@type":"Article","@id":"https:\/\/newsestlyonnais.fr\/site\/2017\/09\/25\/quand-les-transports-en-commun-sinvitent-au-salon-de-lauto\/#article","isPartOf":{"@id":"https:\/\/newsestlyonnais.fr\/site\/2017\/09\/25\/quand-les-transports-en-commun-sinvitent-au-salon-de-lauto\/"},"author":{"name":"R\u00e9dac. NEWS","@id":"https:\/\/newsestlyonnais.fr\/site\/#\/schema\/person\/3230d5615f390bb808365d673001e887"},"headline":"Quand les transports en commun s&rsquo;invitent au Salon de l&rsquo;Auto","datePublished":"2017-09-25T06:43:22+00:00","dateModified":"2020-10-24T13:31:14+00:00","mainEntityOfPage":{"@id":"https:\/\/newsestlyonnais.fr\/site\/2017\/09\/25\/quand-les-transports-en-commun-sinvitent-au-salon-de-lauto\/"},"wordCount":186,"commentCount":0,"publisher":{"@id":"https:\/\/newsestlyonnais.fr\/site\/#organization"},"image":{"@id":"https:\/\/newsestlyonnais.fr\/site\/2017\/09\/25\/quand-les-transports-en-commun-sinvitent-au-salon-de-lauto\/#primaryimage"},"thumbnailUrl":"https:\/\/newsestlyonnais.fr\/site\/wp-content\/uploads\/2017\/09\/NEWSESTLYONNAIS-SALON-AUTO-2017.jpeg","articleSection":["Autos | Motos","Expos | Foires | Mus\u00e9es | Salons","Lyon","P'tites News","Pratique","Transports | Circulation"],"inLanguage":"fr-FR","potentialAction":[{"@type":"CommentAction","name":"Comment","target":["https:\/\/newsestlyonnais.fr\/site\/2017\/09\/25\/quand-les-transports-en-commun-sinvitent-au-salon-de-lauto\/#respond"]}]},{"@type":"WebPage","@id":"https:\/\/newsestlyonnais.fr\/site\/2017\/09\/25\/quand-les-transports-en-commun-sinvitent-au-salon-de-lauto\/","url":"https:\/\/newsestlyonnais.fr\/site\/2017\/09\/25\/quand-les-transports-en-commun-sinvitent-au-salon-de-lauto\/","name":"QUAND LES TRANSPORTS EN COMMUN S\u2019INVITENT AU SALON DE L\u2019AUTOMOBILE !","isPartOf":{"@id":"https:\/\/newsestlyonnais.fr\/site\/#website"},"primaryImageOfPage":{"@id":"https:\/\/newsestlyonnais.fr\/site\/2017\/09\/25\/quand-les-transports-en-commun-sinvitent-au-salon-de-lauto\/#primaryimage"},"image":{"@id":"https:\/\/newsestlyonnais.fr\/site\/2017\/09\/25\/quand-les-transports-en-commun-sinvitent-au-salon-de-lauto\/#primaryimage"},"thumbnailUrl":"https:\/\/newsestlyonnais.fr\/site\/wp-content\/uploads\/2017\/09\/NEWSESTLYONNAIS-SALON-AUTO-2017.jpeg","datePublished":"2017-09-25T06:43:22+00:00","dateModified":"2020-10-24T13:31:14+00:00","description":"QUAND LES TRANSPORTS EN COMMUN S\u2019INVITENT AU SALON DE L\u2019AUTOMOBILE !","breadcrumb":{"@id":"https:\/\/newsestlyonnais.fr\/site\/2017\/09\/25\/quand-les-transports-en-commun-sinvitent-au-salon-de-lauto\/#breadcrumb"},"inLanguage":"fr-FR","potentialAction":[{"@type":"ReadAction","target":["https:\/\/newsestlyonnais.fr\/site\/2017\/09\/25\/quand-les-transports-en-commun-sinvitent-au-salon-de-lauto\/"]}]},{"@type":"ImageObject","inLanguage":"fr-FR","@id":"https:\/\/newsestlyonnais.fr\/site\/2017\/09\/25\/quand-les-transports-en-commun-sinvitent-au-salon-de-lauto\/#primaryimage","url":"https:\/\/newsestlyonnais.fr\/site\/wp-content\/uploads\/2017\/09\/NEWSESTLYONNAIS-SALON-AUTO-2017.jpeg","contentUrl":"https:\/\/newsestlyonnais.fr\/site\/wp-content\/uploads\/2017\/09\/NEWSESTLYONNAIS-SALON-AUTO-2017.jpeg","width":1000,"height":750,"caption":"NEWSESTLYONNAIS - SALON AUTO 2017"},{"@type":"BreadcrumbList","@id":"https:\/\/newsestlyonnais.fr\/site\/2017\/09\/25\/quand-les-transports-en-commun-sinvitent-au-salon-de-lauto\/#breadcrumb","itemListElement":[{"@type":"ListItem","position":1,"name":"Accueil","item":"https:\/\/newsestlyonnais.fr\/site\/"},{"@type":"ListItem","position":2,"name":"Quand les transports en commun s&rsquo;invitent au Salon de l&rsquo;Auto"}]},{"@type":"WebSite","@id":"https:\/\/newsestlyonnais.fr\/site\/#website","url":"https:\/\/newsestlyonnais.fr\/site\/","name":"News Est Lyonnais","description":"L&#039;actualit\u00e9 au plus pr\u00e8s","publisher":{"@id":"https:\/\/newsestlyonnais.fr\/site\/#organization"},"potentialAction":[{"@type":"SearchAction","target":{"@type":"EntryPoint","urlTemplate":"https:\/\/newsestlyonnais.fr\/site\/?s={search_term_string}"},"query-input":{"@type":"PropertyValueSpecification","valueRequired":true,"valueName":"search_term_string"}}],"inLanguage":"fr-FR"},{"@type":"Organization","@id":"https:\/\/newsestlyonnais.fr\/site\/#organization","name":"News EST LYONNAIS","url":"https:\/\/newsestlyonnais.fr\/site\/","logo":{"@type":"ImageObject","inLanguage":"fr-FR","@id":"https:\/\/newsestlyonnais.fr\/site\/#\/schema\/logo\/image\/","url":"","contentUrl":"","caption":"News EST LYONNAIS"},"image":{"@id":"https:\/\/newsestlyonnais.fr\/site\/#\/schema\/logo\/image\/"}},{"@type":"Person","@id":"https:\/\/newsestlyonnais.fr\/site\/#\/schema\/person\/3230d5615f390bb808365d673001e887","name":"R\u00e9dac. NEWS","sameAs":["http:\/\/www.newsestlyonnais.fr","https:\/\/www.facebook.com\/pascal.oberson.1?fref=ts","https:\/\/fr.linkedin.com\/in\/pascal-oberson-b17045113"],"url":"https:\/\/newsestlyonnais.fr\/site\/author\/nel\/"}]}},"_links":{"self":[{"href":"https:\/\/newsestlyonnais.fr\/site\/wp-json\/wp\/v2\/posts\/35530","targetHints":{"allow":["GET"]}}],"collection":[{"href":"https:\/\/newsestlyonnais.fr\/site\/wp-json\/wp\/v2\/posts"}],"about":[{"href":"https:\/\/newsestlyonnais.fr\/site\/wp-json\/wp\/v2\/types\/post"}],"author":[{"embeddable":true,"href":"https:\/\/newsestlyonnais.fr\/site\/wp-json\/wp\/v2\/users\/4"}],"replies":[{"embeddable":true,"href":"https:\/\/newsestlyonnais.fr\/site\/wp-json\/wp\/v2\/comments?post=35530"}],"version-history":[{"count":0,"href":"https:\/\/newsestlyonnais.fr\/site\/wp-json\/wp\/v2\/posts\/35530\/revisions"}],"wp:featuredmedia":[{"embeddable":true,"href":"https:\/\/newsestlyonnais.fr\/site\/wp-json\/wp\/v2\/media\/35595"}],"wp:attachment":[{"href":"https:\/\/newsestlyonnais.fr\/site\/wp-json\/wp\/v2\/media?parent=35530"}],"wp:term":[{"taxonomy":"category","embeddable":true,"href":"https:\/\/newsestlyonnais.fr\/site\/wp-json\/wp\/v2\/categories?post=35530"},{"taxonomy":"post_tag","embeddable":true,"href":"https:\/\/newsestlyonnais.fr\/site\/wp-json\/wp\/v2\/tags?post=35530"}],"curies":[{"name":"wp","href":"https:\/\/api.w.org\/{rel}","templated":true}]}}