{"id":35536,"date":"2017-09-27T16:28:35","date_gmt":"2017-09-27T15:28:35","guid":{"rendered":"http:\/\/newsestlyonnais.fr\/site\/?p=35536"},"modified":"2020-10-26T10:21:06","modified_gmt":"2020-10-26T09:21:06","slug":"lyon-8-lyon-asvel-feminin-a-presente-son-effectif-pour-la-saison-20172018","status":"publish","type":"post","link":"https:\/\/newsestlyonnais.fr\/site\/2017\/09\/27\/lyon-8-lyon-asvel-feminin-a-presente-son-effectif-pour-la-saison-20172018\/","title":{"rendered":"Lyon ASVEL F\u00e9minin a pr\u00e9sent\u00e9 son effectif pour la saison 2017\/2018"},"content":{"rendered":"<div dir=\"ltr\">\n<div>\n<div>\n<div>\n<h4>Lyon ASVEL F\u00e9minin lan\u00e7ait officiellement sa saison 2017-2018, ce mercredi en d\u00e9but d&rsquo;apr\u00e8s-midi \u00e0 l&rsquo;occasion de la conf\u00e9rence de presse tenue <b>\u00e0 la salle Mado Bonnet.<\/b><\/h4>\n<\/div>\n<p>La pr\u00e9sidente d\u00e9l\u00e9gu\u00e9e du club, Marie-Sophie Obama, ainsi que le staff sportif compos\u00e9 d&rsquo;Olivier Ribotta (directeur sportif), Valery Demory (coach principal), Guy Prat et Gurvan Morvan (coachs assistants),\u00a0 Paoline Salagnac (capitaine du club) ont ainsi pr\u00e9sent\u00e9 la nouvelle \u00e9quipe des Lionnes.<\/p>\n<p>Un effectif qui a enregistr\u00e9 les changements suivants :<\/p>\n<ul>\n<li><span style=\"text-decoration: underline\"><em><strong>ARRIV\u00c9ES<\/strong> <\/em><\/span>: Julie ALLEMAND (Braine, Belgique), Rebecca ALLEN (Kosice, Slovaquie), Mari\u00e8me BADIANE\u00a0 (Mondeville), Haley PETERS (G\u00e9rone, Espagne), Paoline SALAGNAC &amp; Ingrid TANQUERAY (Bourges).<\/li>\n<li><span style=\"text-decoration: underline\"><em><strong>D\u00c9PARTS<\/strong><\/em><\/span> : Christelle DIALLO (Tarbes), Lauren ERVIN, Jenny FOUASSEAU (Hainaut Basket), Carmen GUZMAN, KUNEK Alice (Perth, Australie), Clarisse LEGRAND (Charnay, LF2), Esther NIAMKE &amp; M\u00e9lanie<br \/>\nRIONDET (Voiron, NF1)<\/li>\n<\/ul>\n<p><strong><em>L&rsquo; effectif au complet<\/em><\/strong> :<\/p>\n<ul>\n<li>N\u00b0 2: <strong>PETERS Haley<\/strong> 1.91 m , poste 4, n\u00e9e le 17\/09\/92 \u00e0 Summit (Etats-Unis) USA<\/li>\n<li>N\u00b0 5:\u00a0 <strong>SALAGNAC Paoline (Cap.) <\/strong>1.76 m, poste 2,\u00a0n\u00e9e le 13\/03\/84 \u00e0 Tulle (19) FRANCE<\/li>\n<li>N\u00b0 6:\u00a0 <strong>LEZIN Prescillia<\/strong> 1.81 m, poste 3-4,\u00a0n\u00e9e le 29\/10\/97 \u00e0 Lyon (69) FRANCE<\/li>\n<li>N\u00b0 7:\u00a0 <strong>TANQUERAY Ingrid<\/strong> 1.66 m, poste 1,\u00a0n\u00e9e le 25\/08\/88 \u00e0 Caen (14) FRANCE<\/li>\n<li>N\u00b0 8:\u00a0 <strong>ALLEN Rebecca<\/strong> 1.88 m, poste 3,\u00a0n\u00e9e le 6\/11\/92 \u00e0 Wangaratta (Australie) AUSTRALIE<\/li>\n<li>N\u00b0 9:\u00a0 <strong>PLUST M\u00e9lanie<\/strong> 1.75 m, poste 2,\u00a0 n\u00e9e le6\/10\/89 \u00e0 Cond\u00e9-sur-l\u2019Escaut (59) FRANCE<\/li>\n<li>N\u00b0 11: <strong>DIAWARA Dj\u00e9n\u00e9<\/strong> 1.92 m, poste 5,\u00a0n\u00e9e le 29\/01\/88 \u00e0 Bamako (Mali) FRA-MALI<\/li>\n<li>N\u00b0 22: <strong>ALLEMAND Julie<\/strong> 1.73 m, poste 1,\u00a0n\u00e9e le 07\/07\/96 \u00e0 Rocourt (Belgique) BELGIQUE<\/li>\n<li>N\u00b0 24: <strong>HERMINJARD Evita<\/strong> 1.75 m, poste 1-2,\u00a0 n\u00e9e le 15\/02\/98 \u00e0 Vevey (Suisse) SUISSE<\/li>\n<li>N\u00b0 25: <strong>BADIANE Mari\u00e8me<\/strong> 1.90 m, poste 4,\u00a0 n\u00e9e le 24\/11\/94 \u00e0 Brest (29) FRANCE<\/li>\n<\/ul>\n<p><span style=\"text-decoration: underline\">Premi\u00e8res rencontres de championnat<\/span> :<\/p>\n<ul>\n<li>Samedi 30 septembre \u00e0 Paris lors de la 13\u00b0 \u00e9dition de l\u2019Open LFB contre Tarbes<\/li>\n<li>Mercredi 4 Octobre \u00e0 Mondeville \u00e0 20 h<\/li>\n<li><strong>Samedi 7 Octobre contre Nantes Rez\u00e9 \u00e0 20 h \u00e0 la salle Mado Bonnet<\/strong><\/li>\n<\/ul>\n<p><span style=\"text-decoration: underline\"><strong>PHOTO A LA UNE<\/strong> <\/span>: L&rsquo;effectif des Lionnes 2017\/2018 (Cr\u00e9dit LYON ASVEL F\u00e9minin).<\/p>\n<ul>\n<li><strong>Toute l&rsquo;ACTU du club sur : <a href=\"http:\/\/lyonasvelfeminin.com\" target=\"_blank\" rel=\"noopener noreferrer\">http:\/\/lyonasvelfeminin.com<\/a><\/strong><\/li>\n<\/ul>\n<\/div>\n<\/div>\n<\/div>\n","protected":false},"excerpt":{"rendered":"<p>Lyon ASVEL F\u00e9minin lan\u00e7ait officiellement sa saison 2017-2018, ce mercredi en d\u00e9but d&rsquo;apr\u00e8s-midi \u00e0 l&rsquo;occasion de la conf\u00e9rence de presse tenue \u00e0 la salle Mado Bonnet. La pr\u00e9sidente d\u00e9l\u00e9gu\u00e9e du club, Marie-Sophie Obama, ainsi que le staff sportif compos\u00e9 d&rsquo;Olivier Ribotta (directeur sportif), Valery Demory (coach principal), Guy Prat et Gurvan Morvan (coachs assistants),\u00a0 Paoline [&hellip;]<\/p>\n","protected":false},"author":4,"featured_media":35539,"comment_status":"open","ping_status":"open","sticky":false,"template":"","format":"standard","meta":{"footnotes":""},"categories":[1357,2975,3421,1625],"tags":[],"class_list":["post-35536","post","type-post","status-publish","format-standard","has-post-thumbnail","hentry","category-basket","category-basket-hand-volley-sports","category-feminin-actu-au","category-lyon"],"yoast_head":"<!-- This site is optimized with the Yoast SEO plugin v27.2 - https:\/\/yoast.com\/product\/yoast-seo-wordpress\/ -->\n<title>LYON 8\u00b0 : Lyon ASVEL F\u00e9minin a pr\u00e9sent\u00e9 son effectif pour la saison 2017\/2018<\/title>\n<meta name=\"description\" content=\"LYON 8\u00b0 : Lyon ASVEL F\u00e9minin a pr\u00e9sent\u00e9 son effectif pour la saison 2017\/2018\" \/>\n<meta name=\"robots\" content=\"index, follow, max-snippet:-1, max-image-preview:large, max-video-preview:-1\" \/>\n<link rel=\"canonical\" href=\"https:\/\/newsestlyonnais.fr\/site\/2017\/09\/27\/lyon-8-lyon-asvel-feminin-a-presente-son-effectif-pour-la-saison-20172018\/\" \/>\n<meta property=\"og:locale\" content=\"fr_FR\" \/>\n<meta property=\"og:type\" content=\"article\" \/>\n<meta property=\"og:title\" content=\"LYON 8\u00b0 : Lyon ASVEL F\u00e9minin a pr\u00e9sent\u00e9 son effectif pour la saison 2017\/2018\" \/>\n<meta property=\"og:description\" content=\"LYON 8\u00b0 : Lyon ASVEL F\u00e9minin a pr\u00e9sent\u00e9 son effectif pour la saison 2017\/2018\" \/>\n<meta property=\"og:url\" content=\"https:\/\/newsestlyonnais.fr\/site\/2017\/09\/27\/lyon-8-lyon-asvel-feminin-a-presente-son-effectif-pour-la-saison-20172018\/\" \/>\n<meta property=\"og:site_name\" content=\"News Est Lyonnais\" \/>\n<meta property=\"article:author\" content=\"https:\/\/www.facebook.com\/pascal.oberson.1?fref=ts\" \/>\n<meta property=\"article:published_time\" content=\"2017-09-27T15:28:35+00:00\" \/>\n<meta property=\"article:modified_time\" content=\"2020-10-26T09:21:06+00:00\" \/>\n<meta property=\"og:image\" content=\"https:\/\/newsestlyonnais.fr\/site\/wp-content\/uploads\/2017\/09\/NEWSESTLYONNAIS-effectif-Lyon-Basket-1000x563.jpg\" \/>\n\t<meta property=\"og:image:width\" content=\"1000\" \/>\n\t<meta property=\"og:image:height\" content=\"563\" \/>\n\t<meta property=\"og:image:type\" content=\"image\/jpeg\" \/>\n<meta name=\"author\" content=\"R\u00e9dac. NEWS\" \/>\n<meta name=\"twitter:card\" content=\"summary_large_image\" \/>\n<meta name=\"twitter:label1\" content=\"\u00c9crit par\" \/>\n\t<meta name=\"twitter:data1\" content=\"R\u00e9dac. NEWS\" \/>\n\t<meta name=\"twitter:label2\" content=\"Dur\u00e9e de lecture estim\u00e9e\" \/>\n\t<meta name=\"twitter:data2\" content=\"2 minutes\" \/>\n<script type=\"application\/ld+json\" class=\"yoast-schema-graph\">{\"@context\":\"https:\/\/schema.org\",\"@graph\":[{\"@type\":\"Article\",\"@id\":\"https:\/\/newsestlyonnais.fr\/site\/2017\/09\/27\/lyon-8-lyon-asvel-feminin-a-presente-son-effectif-pour-la-saison-20172018\/#article\",\"isPartOf\":{\"@id\":\"https:\/\/newsestlyonnais.fr\/site\/2017\/09\/27\/lyon-8-lyon-asvel-feminin-a-presente-son-effectif-pour-la-saison-20172018\/\"},\"author\":{\"name\":\"R\u00e9dac. NEWS\",\"@id\":\"https:\/\/newsestlyonnais.fr\/site\/#\/schema\/person\/3230d5615f390bb808365d673001e887\"},\"headline\":\"Lyon ASVEL F\u00e9minin a pr\u00e9sent\u00e9 son effectif pour la saison 2017\/2018\",\"datePublished\":\"2017-09-27T15:28:35+00:00\",\"dateModified\":\"2020-10-26T09:21:06+00:00\",\"mainEntityOfPage\":{\"@id\":\"https:\/\/newsestlyonnais.fr\/site\/2017\/09\/27\/lyon-8-lyon-asvel-feminin-a-presente-son-effectif-pour-la-saison-20172018\/\"},\"wordCount\":324,\"commentCount\":0,\"publisher\":{\"@id\":\"https:\/\/newsestlyonnais.fr\/site\/#organization\"},\"image\":{\"@id\":\"https:\/\/newsestlyonnais.fr\/site\/2017\/09\/27\/lyon-8-lyon-asvel-feminin-a-presente-son-effectif-pour-la-saison-20172018\/#primaryimage\"},\"thumbnailUrl\":\"https:\/\/newsestlyonnais.fr\/site\/wp-content\/uploads\/2017\/09\/NEWSESTLYONNAIS-effectif-Lyon-Basket.jpg\",\"articleSection\":[\"Basket\",\"Basket | Hand | Volley\",\"F\u00e9minin (Actu au)\",\"Lyon\"],\"inLanguage\":\"fr-FR\",\"potentialAction\":[{\"@type\":\"CommentAction\",\"name\":\"Comment\",\"target\":[\"https:\/\/newsestlyonnais.fr\/site\/2017\/09\/27\/lyon-8-lyon-asvel-feminin-a-presente-son-effectif-pour-la-saison-20172018\/#respond\"]}]},{\"@type\":\"WebPage\",\"@id\":\"https:\/\/newsestlyonnais.fr\/site\/2017\/09\/27\/lyon-8-lyon-asvel-feminin-a-presente-son-effectif-pour-la-saison-20172018\/\",\"url\":\"https:\/\/newsestlyonnais.fr\/site\/2017\/09\/27\/lyon-8-lyon-asvel-feminin-a-presente-son-effectif-pour-la-saison-20172018\/\",\"name\":\"LYON 8\u00b0 : Lyon ASVEL F\u00e9minin a pr\u00e9sent\u00e9 son effectif pour la saison 2017\/2018\",\"isPartOf\":{\"@id\":\"https:\/\/newsestlyonnais.fr\/site\/#website\"},\"primaryImageOfPage\":{\"@id\":\"https:\/\/newsestlyonnais.fr\/site\/2017\/09\/27\/lyon-8-lyon-asvel-feminin-a-presente-son-effectif-pour-la-saison-20172018\/#primaryimage\"},\"image\":{\"@id\":\"https:\/\/newsestlyonnais.fr\/site\/2017\/09\/27\/lyon-8-lyon-asvel-feminin-a-presente-son-effectif-pour-la-saison-20172018\/#primaryimage\"},\"thumbnailUrl\":\"https:\/\/newsestlyonnais.fr\/site\/wp-content\/uploads\/2017\/09\/NEWSESTLYONNAIS-effectif-Lyon-Basket.jpg\",\"datePublished\":\"2017-09-27T15:28:35+00:00\",\"dateModified\":\"2020-10-26T09:21:06+00:00\",\"description\":\"LYON 8\u00b0 : Lyon ASVEL F\u00e9minin a pr\u00e9sent\u00e9 son effectif pour la saison 2017\/2018\",\"breadcrumb\":{\"@id\":\"https:\/\/newsestlyonnais.fr\/site\/2017\/09\/27\/lyon-8-lyon-asvel-feminin-a-presente-son-effectif-pour-la-saison-20172018\/#breadcrumb\"},\"inLanguage\":\"fr-FR\",\"potentialAction\":[{\"@type\":\"ReadAction\",\"target\":[\"https:\/\/newsestlyonnais.fr\/site\/2017\/09\/27\/lyon-8-lyon-asvel-feminin-a-presente-son-effectif-pour-la-saison-20172018\/\"]}]},{\"@type\":\"ImageObject\",\"inLanguage\":\"fr-FR\",\"@id\":\"https:\/\/newsestlyonnais.fr\/site\/2017\/09\/27\/lyon-8-lyon-asvel-feminin-a-presente-son-effectif-pour-la-saison-20172018\/#primaryimage\",\"url\":\"https:\/\/newsestlyonnais.fr\/site\/wp-content\/uploads\/2017\/09\/NEWSESTLYONNAIS-effectif-Lyon-Basket.jpg\",\"contentUrl\":\"https:\/\/newsestlyonnais.fr\/site\/wp-content\/uploads\/2017\/09\/NEWSESTLYONNAIS-effectif-Lyon-Basket.jpg\",\"width\":4128,\"height\":2322,\"caption\":\"NEWSESTLYONNAIS effectif Lyon Basket\"},{\"@type\":\"BreadcrumbList\",\"@id\":\"https:\/\/newsestlyonnais.fr\/site\/2017\/09\/27\/lyon-8-lyon-asvel-feminin-a-presente-son-effectif-pour-la-saison-20172018\/#breadcrumb\",\"itemListElement\":[{\"@type\":\"ListItem\",\"position\":1,\"name\":\"Accueil\",\"item\":\"https:\/\/newsestlyonnais.fr\/site\/\"},{\"@type\":\"ListItem\",\"position\":2,\"name\":\"Lyon ASVEL F\u00e9minin a pr\u00e9sent\u00e9 son effectif pour la saison 2017\/2018\"}]},{\"@type\":\"WebSite\",\"@id\":\"https:\/\/newsestlyonnais.fr\/site\/#website\",\"url\":\"https:\/\/newsestlyonnais.fr\/site\/\",\"name\":\"News Est Lyonnais\",\"description\":\"L&#039;actualit\u00e9 au plus pr\u00e8s\",\"publisher\":{\"@id\":\"https:\/\/newsestlyonnais.fr\/site\/#organization\"},\"potentialAction\":[{\"@type\":\"SearchAction\",\"target\":{\"@type\":\"EntryPoint\",\"urlTemplate\":\"https:\/\/newsestlyonnais.fr\/site\/?s={search_term_string}\"},\"query-input\":{\"@type\":\"PropertyValueSpecification\",\"valueRequired\":true,\"valueName\":\"search_term_string\"}}],\"inLanguage\":\"fr-FR\"},{\"@type\":\"Organization\",\"@id\":\"https:\/\/newsestlyonnais.fr\/site\/#organization\",\"name\":\"News EST LYONNAIS\",\"url\":\"https:\/\/newsestlyonnais.fr\/site\/\",\"logo\":{\"@type\":\"ImageObject\",\"inLanguage\":\"fr-FR\",\"@id\":\"https:\/\/newsestlyonnais.fr\/site\/#\/schema\/logo\/image\/\",\"url\":\"\",\"contentUrl\":\"\",\"caption\":\"News EST LYONNAIS\"},\"image\":{\"@id\":\"https:\/\/newsestlyonnais.fr\/site\/#\/schema\/logo\/image\/\"}},{\"@type\":\"Person\",\"@id\":\"https:\/\/newsestlyonnais.fr\/site\/#\/schema\/person\/3230d5615f390bb808365d673001e887\",\"name\":\"R\u00e9dac. NEWS\",\"sameAs\":[\"http:\/\/www.newsestlyonnais.fr\",\"https:\/\/www.facebook.com\/pascal.oberson.1?fref=ts\",\"https:\/\/fr.linkedin.com\/in\/pascal-oberson-b17045113\"],\"url\":\"https:\/\/newsestlyonnais.fr\/site\/author\/nel\/\"}]}<\/script>\n<!-- \/ Yoast SEO plugin. -->","yoast_head_json":{"title":"LYON 8\u00b0 : Lyon ASVEL F\u00e9minin a pr\u00e9sent\u00e9 son effectif pour la saison 2017\/2018","description":"LYON 8\u00b0 : Lyon ASVEL F\u00e9minin a pr\u00e9sent\u00e9 son effectif pour la saison 2017\/2018","robots":{"index":"index","follow":"follow","max-snippet":"max-snippet:-1","max-image-preview":"max-image-preview:large","max-video-preview":"max-video-preview:-1"},"canonical":"https:\/\/newsestlyonnais.fr\/site\/2017\/09\/27\/lyon-8-lyon-asvel-feminin-a-presente-son-effectif-pour-la-saison-20172018\/","og_locale":"fr_FR","og_type":"article","og_title":"LYON 8\u00b0 : Lyon ASVEL F\u00e9minin a pr\u00e9sent\u00e9 son effectif pour la saison 2017\/2018","og_description":"LYON 8\u00b0 : Lyon ASVEL F\u00e9minin a pr\u00e9sent\u00e9 son effectif pour la saison 2017\/2018","og_url":"https:\/\/newsestlyonnais.fr\/site\/2017\/09\/27\/lyon-8-lyon-asvel-feminin-a-presente-son-effectif-pour-la-saison-20172018\/","og_site_name":"News Est Lyonnais","article_author":"https:\/\/www.facebook.com\/pascal.oberson.1?fref=ts","article_published_time":"2017-09-27T15:28:35+00:00","article_modified_time":"2020-10-26T09:21:06+00:00","og_image":[{"width":1000,"height":563,"url":"https:\/\/newsestlyonnais.fr\/site\/wp-content\/uploads\/2017\/09\/NEWSESTLYONNAIS-effectif-Lyon-Basket-1000x563.jpg","type":"image\/jpeg"}],"author":"R\u00e9dac. NEWS","twitter_card":"summary_large_image","twitter_misc":{"\u00c9crit par":"R\u00e9dac. NEWS","Dur\u00e9e de lecture estim\u00e9e":"2 minutes"},"schema":{"@context":"https:\/\/schema.org","@graph":[{"@type":"Article","@id":"https:\/\/newsestlyonnais.fr\/site\/2017\/09\/27\/lyon-8-lyon-asvel-feminin-a-presente-son-effectif-pour-la-saison-20172018\/#article","isPartOf":{"@id":"https:\/\/newsestlyonnais.fr\/site\/2017\/09\/27\/lyon-8-lyon-asvel-feminin-a-presente-son-effectif-pour-la-saison-20172018\/"},"author":{"name":"R\u00e9dac. NEWS","@id":"https:\/\/newsestlyonnais.fr\/site\/#\/schema\/person\/3230d5615f390bb808365d673001e887"},"headline":"Lyon ASVEL F\u00e9minin a pr\u00e9sent\u00e9 son effectif pour la saison 2017\/2018","datePublished":"2017-09-27T15:28:35+00:00","dateModified":"2020-10-26T09:21:06+00:00","mainEntityOfPage":{"@id":"https:\/\/newsestlyonnais.fr\/site\/2017\/09\/27\/lyon-8-lyon-asvel-feminin-a-presente-son-effectif-pour-la-saison-20172018\/"},"wordCount":324,"commentCount":0,"publisher":{"@id":"https:\/\/newsestlyonnais.fr\/site\/#organization"},"image":{"@id":"https:\/\/newsestlyonnais.fr\/site\/2017\/09\/27\/lyon-8-lyon-asvel-feminin-a-presente-son-effectif-pour-la-saison-20172018\/#primaryimage"},"thumbnailUrl":"https:\/\/newsestlyonnais.fr\/site\/wp-content\/uploads\/2017\/09\/NEWSESTLYONNAIS-effectif-Lyon-Basket.jpg","articleSection":["Basket","Basket | Hand | Volley","F\u00e9minin (Actu au)","Lyon"],"inLanguage":"fr-FR","potentialAction":[{"@type":"CommentAction","name":"Comment","target":["https:\/\/newsestlyonnais.fr\/site\/2017\/09\/27\/lyon-8-lyon-asvel-feminin-a-presente-son-effectif-pour-la-saison-20172018\/#respond"]}]},{"@type":"WebPage","@id":"https:\/\/newsestlyonnais.fr\/site\/2017\/09\/27\/lyon-8-lyon-asvel-feminin-a-presente-son-effectif-pour-la-saison-20172018\/","url":"https:\/\/newsestlyonnais.fr\/site\/2017\/09\/27\/lyon-8-lyon-asvel-feminin-a-presente-son-effectif-pour-la-saison-20172018\/","name":"LYON 8\u00b0 : Lyon ASVEL F\u00e9minin a pr\u00e9sent\u00e9 son effectif pour la saison 2017\/2018","isPartOf":{"@id":"https:\/\/newsestlyonnais.fr\/site\/#website"},"primaryImageOfPage":{"@id":"https:\/\/newsestlyonnais.fr\/site\/2017\/09\/27\/lyon-8-lyon-asvel-feminin-a-presente-son-effectif-pour-la-saison-20172018\/#primaryimage"},"image":{"@id":"https:\/\/newsestlyonnais.fr\/site\/2017\/09\/27\/lyon-8-lyon-asvel-feminin-a-presente-son-effectif-pour-la-saison-20172018\/#primaryimage"},"thumbnailUrl":"https:\/\/newsestlyonnais.fr\/site\/wp-content\/uploads\/2017\/09\/NEWSESTLYONNAIS-effectif-Lyon-Basket.jpg","datePublished":"2017-09-27T15:28:35+00:00","dateModified":"2020-10-26T09:21:06+00:00","description":"LYON 8\u00b0 : Lyon ASVEL F\u00e9minin a pr\u00e9sent\u00e9 son effectif pour la saison 2017\/2018","breadcrumb":{"@id":"https:\/\/newsestlyonnais.fr\/site\/2017\/09\/27\/lyon-8-lyon-asvel-feminin-a-presente-son-effectif-pour-la-saison-20172018\/#breadcrumb"},"inLanguage":"fr-FR","potentialAction":[{"@type":"ReadAction","target":["https:\/\/newsestlyonnais.fr\/site\/2017\/09\/27\/lyon-8-lyon-asvel-feminin-a-presente-son-effectif-pour-la-saison-20172018\/"]}]},{"@type":"ImageObject","inLanguage":"fr-FR","@id":"https:\/\/newsestlyonnais.fr\/site\/2017\/09\/27\/lyon-8-lyon-asvel-feminin-a-presente-son-effectif-pour-la-saison-20172018\/#primaryimage","url":"https:\/\/newsestlyonnais.fr\/site\/wp-content\/uploads\/2017\/09\/NEWSESTLYONNAIS-effectif-Lyon-Basket.jpg","contentUrl":"https:\/\/newsestlyonnais.fr\/site\/wp-content\/uploads\/2017\/09\/NEWSESTLYONNAIS-effectif-Lyon-Basket.jpg","width":4128,"height":2322,"caption":"NEWSESTLYONNAIS effectif Lyon Basket"},{"@type":"BreadcrumbList","@id":"https:\/\/newsestlyonnais.fr\/site\/2017\/09\/27\/lyon-8-lyon-asvel-feminin-a-presente-son-effectif-pour-la-saison-20172018\/#breadcrumb","itemListElement":[{"@type":"ListItem","position":1,"name":"Accueil","item":"https:\/\/newsestlyonnais.fr\/site\/"},{"@type":"ListItem","position":2,"name":"Lyon ASVEL F\u00e9minin a pr\u00e9sent\u00e9 son effectif pour la saison 2017\/2018"}]},{"@type":"WebSite","@id":"https:\/\/newsestlyonnais.fr\/site\/#website","url":"https:\/\/newsestlyonnais.fr\/site\/","name":"News Est Lyonnais","description":"L&#039;actualit\u00e9 au plus pr\u00e8s","publisher":{"@id":"https:\/\/newsestlyonnais.fr\/site\/#organization"},"potentialAction":[{"@type":"SearchAction","target":{"@type":"EntryPoint","urlTemplate":"https:\/\/newsestlyonnais.fr\/site\/?s={search_term_string}"},"query-input":{"@type":"PropertyValueSpecification","valueRequired":true,"valueName":"search_term_string"}}],"inLanguage":"fr-FR"},{"@type":"Organization","@id":"https:\/\/newsestlyonnais.fr\/site\/#organization","name":"News EST LYONNAIS","url":"https:\/\/newsestlyonnais.fr\/site\/","logo":{"@type":"ImageObject","inLanguage":"fr-FR","@id":"https:\/\/newsestlyonnais.fr\/site\/#\/schema\/logo\/image\/","url":"","contentUrl":"","caption":"News EST LYONNAIS"},"image":{"@id":"https:\/\/newsestlyonnais.fr\/site\/#\/schema\/logo\/image\/"}},{"@type":"Person","@id":"https:\/\/newsestlyonnais.fr\/site\/#\/schema\/person\/3230d5615f390bb808365d673001e887","name":"R\u00e9dac. NEWS","sameAs":["http:\/\/www.newsestlyonnais.fr","https:\/\/www.facebook.com\/pascal.oberson.1?fref=ts","https:\/\/fr.linkedin.com\/in\/pascal-oberson-b17045113"],"url":"https:\/\/newsestlyonnais.fr\/site\/author\/nel\/"}]}},"_links":{"self":[{"href":"https:\/\/newsestlyonnais.fr\/site\/wp-json\/wp\/v2\/posts\/35536","targetHints":{"allow":["GET"]}}],"collection":[{"href":"https:\/\/newsestlyonnais.fr\/site\/wp-json\/wp\/v2\/posts"}],"about":[{"href":"https:\/\/newsestlyonnais.fr\/site\/wp-json\/wp\/v2\/types\/post"}],"author":[{"embeddable":true,"href":"https:\/\/newsestlyonnais.fr\/site\/wp-json\/wp\/v2\/users\/4"}],"replies":[{"embeddable":true,"href":"https:\/\/newsestlyonnais.fr\/site\/wp-json\/wp\/v2\/comments?post=35536"}],"version-history":[{"count":0,"href":"https:\/\/newsestlyonnais.fr\/site\/wp-json\/wp\/v2\/posts\/35536\/revisions"}],"wp:featuredmedia":[{"embeddable":true,"href":"https:\/\/newsestlyonnais.fr\/site\/wp-json\/wp\/v2\/media\/35539"}],"wp:attachment":[{"href":"https:\/\/newsestlyonnais.fr\/site\/wp-json\/wp\/v2\/media?parent=35536"}],"wp:term":[{"taxonomy":"category","embeddable":true,"href":"https:\/\/newsestlyonnais.fr\/site\/wp-json\/wp\/v2\/categories?post=35536"},{"taxonomy":"post_tag","embeddable":true,"href":"https:\/\/newsestlyonnais.fr\/site\/wp-json\/wp\/v2\/tags?post=35536"}],"curies":[{"name":"wp","href":"https:\/\/api.w.org\/{rel}","templated":true}]}}