{"id":35640,"date":"2017-09-29T09:21:48","date_gmt":"2017-09-29T08:21:48","guid":{"rendered":"http:\/\/newsestlyonnais.fr\/site\/?p=35640"},"modified":"2020-11-02T09:21:27","modified_gmt":"2020-11-02T08:21:27","slug":"run-in-lyon-impacts-sur-la-circulation-et-le-stationnement-dimanche","status":"publish","type":"post","link":"https:\/\/newsestlyonnais.fr\/site\/2017\/09\/29\/run-in-lyon-impacts-sur-la-circulation-et-le-stationnement-dimanche\/","title":{"rendered":"RUN IN LYON | Impacts sur la circulation et le stationnement dimanche"},"content":{"rendered":"<h4>Ce dimanche 1\u00b0 octobre, Lyon accueillera la 8\u00b0 \u00e9dition de \u00ab\u00a0Run In Lyon\u00a0\u00bb, temps fort du calendrier sportif lyonnais.<\/h4>\n<p>\u00ab\u00a0Run In Lyon\u00a0\u00bb est devenu en quelques ann\u00e9es un \u00e9v\u00e9nement incontournable pour les coureurs de tout niveau. Cette ann\u00e9e encore, plus de 30.000 coureurs et coureuses sont attendus.<\/p>\n<ul>\n<li><strong>Le d\u00e9part<\/strong> des 3 courses aura lieu quai Tilsitt \u00e0 la hauteur du square Janmot. Les<br \/>\ncoureurs du marathon et le semi-marathon s\u2019\u00e9lanceront \u00e0 8 h 30 et ceux du 10 km \u00e0 11 h 30.<\/li>\n<li><strong>L\u2019arriv\u00e9e<\/strong> aura lieu, comme \u00e0 l\u2019habitude, place Bellecour de mani\u00e8re \u00e9chelonn\u00e9e, entre 9 h 30 et 16 heures.<br \/>\nL\u2019organisation d\u2019une manifestation de cette envergure n\u00e9cessite la mise en place d\u2019un dispositif d\u2019 accompagnement en mati\u00e8re de circulation et de stationnement :<br \/>\nL\u2019ensemble du parcours sera interdit au stationnement \u00e0 partir de 8 heures, le samedi 30 septembre et jusqu\u2019\u00e0 15 h, le dimanche 1\u00b0 octobre.<br \/>\nDes restrictions de circulation seront mises en place le 1\u00b0 octobre le long du parcours, autour de la place Bellecour et sur les rues avoisinantes, entre 7 h 30 et 16 h selon les secteurs.<br \/>\nLes rues accueillant les coureurs en attente du d\u00e9part seront enti\u00e8rement interdites \u00e0 la circulation et au stationnement entre 7 h 30 et 12 h 30.<br \/>\nPour des raisons de s\u00e9curit\u00e9, des contr\u00f4les seront amen\u00e9s \u00e0 \u00eatre effectu\u00e9s.<br \/>\nDes panneaux signalant les interdictions de stationnement seront install\u00e9s sur les rues concern\u00e9es au moins 72 heures avant la manifestation.<br \/>\nNous vous recommandons de prendre vos dispositions si vous devez utiliser votre v\u00e9hicule \u00e0 ces dates, en particulier si vous disposez d\u2019un parking donnant sur le parcours ou dans le p\u00e9rim\u00e8tre compris \u00e0 l\u2019ouest de la rue Victor Hugo et au nord de la rue Sainte-H\u00e9l\u00e8ne.<br \/>\n\u25ba Les restrictions de circulation auront \u00e9galement des cons\u00e9quences sur les lignes de bus desservant les quartiers concern\u00e9s (informations d\u00e9taill\u00e9es aupr\u00e8s des TCL).<br \/>\n&#8211; Retrouvez une infographie sur le site lyon.fr :<br \/>\n<a href=\"http:\/\/www.lyon.fr\/actualite\/deplacements\/run-in-lyon-2017-informations-sur-lacirculation- et-le-stationnement.html\" target=\"_blank\" rel=\"noopener noreferrer\">http:\/\/www.lyon.fr\/actualite\/deplacements\/run-in-lyon-2017-informations-sur-lacirculation- et-le-stationnement.html<\/a><br \/>\nLes Lyonnaises et les Lyonnais sont invit\u00e9s \u00e0 participer \u00e0 cette belle f\u00eate et \u00e0 venir nombreux applaudir les coureurs !<\/li>\n<\/ul>\n<p><span style=\"text-decoration: underline\"><em><strong>Source<\/strong><\/em><\/span> : Communiqu\u00e9 de la Ville de Lyon.<\/p>\n","protected":false},"excerpt":{"rendered":"<p>Ce dimanche 1\u00b0 octobre, Lyon accueillera la 8\u00b0 \u00e9dition de \u00ab\u00a0Run In Lyon\u00a0\u00bb, temps fort du calendrier sportif lyonnais. \u00ab\u00a0Run In Lyon\u00a0\u00bb est devenu en quelques ann\u00e9es un \u00e9v\u00e9nement incontournable pour les coureurs de tout niveau. Cette ann\u00e9e encore, plus de 30.000 coureurs et coureuses sont attendus. Le d\u00e9part des 3 courses aura lieu quai [&hellip;]<\/p>\n","protected":false},"author":4,"featured_media":35491,"comment_status":"open","ping_status":"open","sticky":false,"template":"","format":"standard","meta":{"footnotes":""},"categories":[2968,1625,309,13],"tags":[],"class_list":["post-35640","post","type-post","status-publish","format-standard","has-post-thumbnail","hentry","category-athle-course-pied-marche","category-lyon","category-pratique","category-transports-circulation"],"yoast_head":"<!-- This site is optimized with the Yoast SEO plugin v27.2 - https:\/\/yoast.com\/product\/yoast-seo-wordpress\/ -->\n<title>LYON : Impacts sur la circulation et le stationnement dimanche pour le RUN IN LYON<\/title>\n<meta name=\"description\" content=\"LYON : Impacts sur la circulation et le stationnement dimanche pour le RUN IN LYON\" \/>\n<meta name=\"robots\" content=\"index, follow, max-snippet:-1, max-image-preview:large, max-video-preview:-1\" \/>\n<link rel=\"canonical\" href=\"https:\/\/newsestlyonnais.fr\/site\/2017\/09\/29\/run-in-lyon-impacts-sur-la-circulation-et-le-stationnement-dimanche\/\" \/>\n<meta property=\"og:locale\" content=\"fr_FR\" \/>\n<meta property=\"og:type\" content=\"article\" \/>\n<meta property=\"og:title\" content=\"LYON : Impacts sur la circulation et le stationnement dimanche pour le RUN IN LYON\" \/>\n<meta property=\"og:description\" content=\"LYON : Impacts sur la circulation et le stationnement dimanche pour le RUN IN LYON\" \/>\n<meta property=\"og:url\" content=\"https:\/\/newsestlyonnais.fr\/site\/2017\/09\/29\/run-in-lyon-impacts-sur-la-circulation-et-le-stationnement-dimanche\/\" \/>\n<meta property=\"og:site_name\" content=\"News Est Lyonnais\" \/>\n<meta property=\"article:author\" content=\"https:\/\/www.facebook.com\/pascal.oberson.1?fref=ts\" \/>\n<meta property=\"article:published_time\" content=\"2017-09-29T08:21:48+00:00\" \/>\n<meta property=\"article:modified_time\" content=\"2020-11-02T08:21:27+00:00\" \/>\n<meta property=\"og:image\" content=\"https:\/\/i1.wp.com\/newsestlyonnais.fr\/site\/wp-content\/uploads\/2017\/09\/NEWSESTLYONNAIS-RUNINLYON2017.jpg?fit=1000%2C750&ssl=1\" \/>\n\t<meta property=\"og:image:width\" content=\"1000\" \/>\n\t<meta property=\"og:image:height\" content=\"750\" \/>\n\t<meta property=\"og:image:type\" content=\"image\/jpeg\" \/>\n<meta name=\"author\" content=\"R\u00e9dac. NEWS\" \/>\n<meta name=\"twitter:card\" content=\"summary_large_image\" \/>\n<meta name=\"twitter:label1\" content=\"\u00c9crit par\" \/>\n\t<meta name=\"twitter:data1\" content=\"R\u00e9dac. NEWS\" \/>\n\t<meta name=\"twitter:label2\" content=\"Dur\u00e9e de lecture estim\u00e9e\" \/>\n\t<meta name=\"twitter:data2\" content=\"2 minutes\" \/>\n<script type=\"application\/ld+json\" class=\"yoast-schema-graph\">{\"@context\":\"https:\/\/schema.org\",\"@graph\":[{\"@type\":\"Article\",\"@id\":\"https:\/\/newsestlyonnais.fr\/site\/2017\/09\/29\/run-in-lyon-impacts-sur-la-circulation-et-le-stationnement-dimanche\/#article\",\"isPartOf\":{\"@id\":\"https:\/\/newsestlyonnais.fr\/site\/2017\/09\/29\/run-in-lyon-impacts-sur-la-circulation-et-le-stationnement-dimanche\/\"},\"author\":{\"name\":\"R\u00e9dac. NEWS\",\"@id\":\"https:\/\/newsestlyonnais.fr\/site\/#\/schema\/person\/3230d5615f390bb808365d673001e887\"},\"headline\":\"RUN IN LYON | Impacts sur la circulation et le stationnement dimanche\",\"datePublished\":\"2017-09-29T08:21:48+00:00\",\"dateModified\":\"2020-11-02T08:21:27+00:00\",\"mainEntityOfPage\":{\"@id\":\"https:\/\/newsestlyonnais.fr\/site\/2017\/09\/29\/run-in-lyon-impacts-sur-la-circulation-et-le-stationnement-dimanche\/\"},\"wordCount\":366,\"commentCount\":0,\"publisher\":{\"@id\":\"https:\/\/newsestlyonnais.fr\/site\/#organization\"},\"image\":{\"@id\":\"https:\/\/newsestlyonnais.fr\/site\/2017\/09\/29\/run-in-lyon-impacts-sur-la-circulation-et-le-stationnement-dimanche\/#primaryimage\"},\"thumbnailUrl\":\"https:\/\/newsestlyonnais.fr\/site\/wp-content\/uploads\/2017\/09\/NEWSESTLYONNAIS-RUNINLYON2017.jpg\",\"articleSection\":[\"Athl\u00e9 | Course pied | Marche\",\"Lyon\",\"Pratique\",\"Transports | Circulation\"],\"inLanguage\":\"fr-FR\",\"potentialAction\":[{\"@type\":\"CommentAction\",\"name\":\"Comment\",\"target\":[\"https:\/\/newsestlyonnais.fr\/site\/2017\/09\/29\/run-in-lyon-impacts-sur-la-circulation-et-le-stationnement-dimanche\/#respond\"]}]},{\"@type\":\"WebPage\",\"@id\":\"https:\/\/newsestlyonnais.fr\/site\/2017\/09\/29\/run-in-lyon-impacts-sur-la-circulation-et-le-stationnement-dimanche\/\",\"url\":\"https:\/\/newsestlyonnais.fr\/site\/2017\/09\/29\/run-in-lyon-impacts-sur-la-circulation-et-le-stationnement-dimanche\/\",\"name\":\"LYON : Impacts sur la circulation et le stationnement dimanche pour le RUN IN LYON\",\"isPartOf\":{\"@id\":\"https:\/\/newsestlyonnais.fr\/site\/#website\"},\"primaryImageOfPage\":{\"@id\":\"https:\/\/newsestlyonnais.fr\/site\/2017\/09\/29\/run-in-lyon-impacts-sur-la-circulation-et-le-stationnement-dimanche\/#primaryimage\"},\"image\":{\"@id\":\"https:\/\/newsestlyonnais.fr\/site\/2017\/09\/29\/run-in-lyon-impacts-sur-la-circulation-et-le-stationnement-dimanche\/#primaryimage\"},\"thumbnailUrl\":\"https:\/\/newsestlyonnais.fr\/site\/wp-content\/uploads\/2017\/09\/NEWSESTLYONNAIS-RUNINLYON2017.jpg\",\"datePublished\":\"2017-09-29T08:21:48+00:00\",\"dateModified\":\"2020-11-02T08:21:27+00:00\",\"description\":\"LYON : Impacts sur la circulation et le stationnement dimanche pour le RUN IN LYON\",\"breadcrumb\":{\"@id\":\"https:\/\/newsestlyonnais.fr\/site\/2017\/09\/29\/run-in-lyon-impacts-sur-la-circulation-et-le-stationnement-dimanche\/#breadcrumb\"},\"inLanguage\":\"fr-FR\",\"potentialAction\":[{\"@type\":\"ReadAction\",\"target\":[\"https:\/\/newsestlyonnais.fr\/site\/2017\/09\/29\/run-in-lyon-impacts-sur-la-circulation-et-le-stationnement-dimanche\/\"]}]},{\"@type\":\"ImageObject\",\"inLanguage\":\"fr-FR\",\"@id\":\"https:\/\/newsestlyonnais.fr\/site\/2017\/09\/29\/run-in-lyon-impacts-sur-la-circulation-et-le-stationnement-dimanche\/#primaryimage\",\"url\":\"https:\/\/newsestlyonnais.fr\/site\/wp-content\/uploads\/2017\/09\/NEWSESTLYONNAIS-RUNINLYON2017.jpg\",\"contentUrl\":\"https:\/\/newsestlyonnais.fr\/site\/wp-content\/uploads\/2017\/09\/NEWSESTLYONNAIS-RUNINLYON2017.jpg\",\"width\":1000,\"height\":750,\"caption\":\"NEWSESTLYONNAIS - RUNINLYON2017\"},{\"@type\":\"BreadcrumbList\",\"@id\":\"https:\/\/newsestlyonnais.fr\/site\/2017\/09\/29\/run-in-lyon-impacts-sur-la-circulation-et-le-stationnement-dimanche\/#breadcrumb\",\"itemListElement\":[{\"@type\":\"ListItem\",\"position\":1,\"name\":\"Accueil\",\"item\":\"https:\/\/newsestlyonnais.fr\/site\/\"},{\"@type\":\"ListItem\",\"position\":2,\"name\":\"RUN IN LYON | Impacts sur la circulation et le stationnement dimanche\"}]},{\"@type\":\"WebSite\",\"@id\":\"https:\/\/newsestlyonnais.fr\/site\/#website\",\"url\":\"https:\/\/newsestlyonnais.fr\/site\/\",\"name\":\"News Est Lyonnais\",\"description\":\"L&#039;actualit\u00e9 au plus pr\u00e8s\",\"publisher\":{\"@id\":\"https:\/\/newsestlyonnais.fr\/site\/#organization\"},\"potentialAction\":[{\"@type\":\"SearchAction\",\"target\":{\"@type\":\"EntryPoint\",\"urlTemplate\":\"https:\/\/newsestlyonnais.fr\/site\/?s={search_term_string}\"},\"query-input\":{\"@type\":\"PropertyValueSpecification\",\"valueRequired\":true,\"valueName\":\"search_term_string\"}}],\"inLanguage\":\"fr-FR\"},{\"@type\":\"Organization\",\"@id\":\"https:\/\/newsestlyonnais.fr\/site\/#organization\",\"name\":\"News EST LYONNAIS\",\"url\":\"https:\/\/newsestlyonnais.fr\/site\/\",\"logo\":{\"@type\":\"ImageObject\",\"inLanguage\":\"fr-FR\",\"@id\":\"https:\/\/newsestlyonnais.fr\/site\/#\/schema\/logo\/image\/\",\"url\":\"\",\"contentUrl\":\"\",\"caption\":\"News EST LYONNAIS\"},\"image\":{\"@id\":\"https:\/\/newsestlyonnais.fr\/site\/#\/schema\/logo\/image\/\"}},{\"@type\":\"Person\",\"@id\":\"https:\/\/newsestlyonnais.fr\/site\/#\/schema\/person\/3230d5615f390bb808365d673001e887\",\"name\":\"R\u00e9dac. NEWS\",\"sameAs\":[\"http:\/\/www.newsestlyonnais.fr\",\"https:\/\/www.facebook.com\/pascal.oberson.1?fref=ts\",\"https:\/\/fr.linkedin.com\/in\/pascal-oberson-b17045113\"],\"url\":\"https:\/\/newsestlyonnais.fr\/site\/author\/nel\/\"}]}<\/script>\n<!-- \/ Yoast SEO plugin. -->","yoast_head_json":{"title":"LYON : Impacts sur la circulation et le stationnement dimanche pour le RUN IN LYON","description":"LYON : Impacts sur la circulation et le stationnement dimanche pour le RUN IN LYON","robots":{"index":"index","follow":"follow","max-snippet":"max-snippet:-1","max-image-preview":"max-image-preview:large","max-video-preview":"max-video-preview:-1"},"canonical":"https:\/\/newsestlyonnais.fr\/site\/2017\/09\/29\/run-in-lyon-impacts-sur-la-circulation-et-le-stationnement-dimanche\/","og_locale":"fr_FR","og_type":"article","og_title":"LYON : Impacts sur la circulation et le stationnement dimanche pour le RUN IN LYON","og_description":"LYON : Impacts sur la circulation et le stationnement dimanche pour le RUN IN LYON","og_url":"https:\/\/newsestlyonnais.fr\/site\/2017\/09\/29\/run-in-lyon-impacts-sur-la-circulation-et-le-stationnement-dimanche\/","og_site_name":"News Est Lyonnais","article_author":"https:\/\/www.facebook.com\/pascal.oberson.1?fref=ts","article_published_time":"2017-09-29T08:21:48+00:00","article_modified_time":"2020-11-02T08:21:27+00:00","og_image":[{"width":1000,"height":750,"url":"https:\/\/i1.wp.com\/newsestlyonnais.fr\/site\/wp-content\/uploads\/2017\/09\/NEWSESTLYONNAIS-RUNINLYON2017.jpg?fit=1000%2C750&ssl=1","type":"image\/jpeg"}],"author":"R\u00e9dac. NEWS","twitter_card":"summary_large_image","twitter_misc":{"\u00c9crit par":"R\u00e9dac. NEWS","Dur\u00e9e de lecture estim\u00e9e":"2 minutes"},"schema":{"@context":"https:\/\/schema.org","@graph":[{"@type":"Article","@id":"https:\/\/newsestlyonnais.fr\/site\/2017\/09\/29\/run-in-lyon-impacts-sur-la-circulation-et-le-stationnement-dimanche\/#article","isPartOf":{"@id":"https:\/\/newsestlyonnais.fr\/site\/2017\/09\/29\/run-in-lyon-impacts-sur-la-circulation-et-le-stationnement-dimanche\/"},"author":{"name":"R\u00e9dac. NEWS","@id":"https:\/\/newsestlyonnais.fr\/site\/#\/schema\/person\/3230d5615f390bb808365d673001e887"},"headline":"RUN IN LYON | Impacts sur la circulation et le stationnement dimanche","datePublished":"2017-09-29T08:21:48+00:00","dateModified":"2020-11-02T08:21:27+00:00","mainEntityOfPage":{"@id":"https:\/\/newsestlyonnais.fr\/site\/2017\/09\/29\/run-in-lyon-impacts-sur-la-circulation-et-le-stationnement-dimanche\/"},"wordCount":366,"commentCount":0,"publisher":{"@id":"https:\/\/newsestlyonnais.fr\/site\/#organization"},"image":{"@id":"https:\/\/newsestlyonnais.fr\/site\/2017\/09\/29\/run-in-lyon-impacts-sur-la-circulation-et-le-stationnement-dimanche\/#primaryimage"},"thumbnailUrl":"https:\/\/newsestlyonnais.fr\/site\/wp-content\/uploads\/2017\/09\/NEWSESTLYONNAIS-RUNINLYON2017.jpg","articleSection":["Athl\u00e9 | Course pied | Marche","Lyon","Pratique","Transports | Circulation"],"inLanguage":"fr-FR","potentialAction":[{"@type":"CommentAction","name":"Comment","target":["https:\/\/newsestlyonnais.fr\/site\/2017\/09\/29\/run-in-lyon-impacts-sur-la-circulation-et-le-stationnement-dimanche\/#respond"]}]},{"@type":"WebPage","@id":"https:\/\/newsestlyonnais.fr\/site\/2017\/09\/29\/run-in-lyon-impacts-sur-la-circulation-et-le-stationnement-dimanche\/","url":"https:\/\/newsestlyonnais.fr\/site\/2017\/09\/29\/run-in-lyon-impacts-sur-la-circulation-et-le-stationnement-dimanche\/","name":"LYON : Impacts sur la circulation et le stationnement dimanche pour le RUN IN LYON","isPartOf":{"@id":"https:\/\/newsestlyonnais.fr\/site\/#website"},"primaryImageOfPage":{"@id":"https:\/\/newsestlyonnais.fr\/site\/2017\/09\/29\/run-in-lyon-impacts-sur-la-circulation-et-le-stationnement-dimanche\/#primaryimage"},"image":{"@id":"https:\/\/newsestlyonnais.fr\/site\/2017\/09\/29\/run-in-lyon-impacts-sur-la-circulation-et-le-stationnement-dimanche\/#primaryimage"},"thumbnailUrl":"https:\/\/newsestlyonnais.fr\/site\/wp-content\/uploads\/2017\/09\/NEWSESTLYONNAIS-RUNINLYON2017.jpg","datePublished":"2017-09-29T08:21:48+00:00","dateModified":"2020-11-02T08:21:27+00:00","description":"LYON : Impacts sur la circulation et le stationnement dimanche pour le RUN IN LYON","breadcrumb":{"@id":"https:\/\/newsestlyonnais.fr\/site\/2017\/09\/29\/run-in-lyon-impacts-sur-la-circulation-et-le-stationnement-dimanche\/#breadcrumb"},"inLanguage":"fr-FR","potentialAction":[{"@type":"ReadAction","target":["https:\/\/newsestlyonnais.fr\/site\/2017\/09\/29\/run-in-lyon-impacts-sur-la-circulation-et-le-stationnement-dimanche\/"]}]},{"@type":"ImageObject","inLanguage":"fr-FR","@id":"https:\/\/newsestlyonnais.fr\/site\/2017\/09\/29\/run-in-lyon-impacts-sur-la-circulation-et-le-stationnement-dimanche\/#primaryimage","url":"https:\/\/newsestlyonnais.fr\/site\/wp-content\/uploads\/2017\/09\/NEWSESTLYONNAIS-RUNINLYON2017.jpg","contentUrl":"https:\/\/newsestlyonnais.fr\/site\/wp-content\/uploads\/2017\/09\/NEWSESTLYONNAIS-RUNINLYON2017.jpg","width":1000,"height":750,"caption":"NEWSESTLYONNAIS - RUNINLYON2017"},{"@type":"BreadcrumbList","@id":"https:\/\/newsestlyonnais.fr\/site\/2017\/09\/29\/run-in-lyon-impacts-sur-la-circulation-et-le-stationnement-dimanche\/#breadcrumb","itemListElement":[{"@type":"ListItem","position":1,"name":"Accueil","item":"https:\/\/newsestlyonnais.fr\/site\/"},{"@type":"ListItem","position":2,"name":"RUN IN LYON | Impacts sur la circulation et le stationnement dimanche"}]},{"@type":"WebSite","@id":"https:\/\/newsestlyonnais.fr\/site\/#website","url":"https:\/\/newsestlyonnais.fr\/site\/","name":"News Est Lyonnais","description":"L&#039;actualit\u00e9 au plus pr\u00e8s","publisher":{"@id":"https:\/\/newsestlyonnais.fr\/site\/#organization"},"potentialAction":[{"@type":"SearchAction","target":{"@type":"EntryPoint","urlTemplate":"https:\/\/newsestlyonnais.fr\/site\/?s={search_term_string}"},"query-input":{"@type":"PropertyValueSpecification","valueRequired":true,"valueName":"search_term_string"}}],"inLanguage":"fr-FR"},{"@type":"Organization","@id":"https:\/\/newsestlyonnais.fr\/site\/#organization","name":"News EST LYONNAIS","url":"https:\/\/newsestlyonnais.fr\/site\/","logo":{"@type":"ImageObject","inLanguage":"fr-FR","@id":"https:\/\/newsestlyonnais.fr\/site\/#\/schema\/logo\/image\/","url":"","contentUrl":"","caption":"News EST LYONNAIS"},"image":{"@id":"https:\/\/newsestlyonnais.fr\/site\/#\/schema\/logo\/image\/"}},{"@type":"Person","@id":"https:\/\/newsestlyonnais.fr\/site\/#\/schema\/person\/3230d5615f390bb808365d673001e887","name":"R\u00e9dac. NEWS","sameAs":["http:\/\/www.newsestlyonnais.fr","https:\/\/www.facebook.com\/pascal.oberson.1?fref=ts","https:\/\/fr.linkedin.com\/in\/pascal-oberson-b17045113"],"url":"https:\/\/newsestlyonnais.fr\/site\/author\/nel\/"}]}},"_links":{"self":[{"href":"https:\/\/newsestlyonnais.fr\/site\/wp-json\/wp\/v2\/posts\/35640","targetHints":{"allow":["GET"]}}],"collection":[{"href":"https:\/\/newsestlyonnais.fr\/site\/wp-json\/wp\/v2\/posts"}],"about":[{"href":"https:\/\/newsestlyonnais.fr\/site\/wp-json\/wp\/v2\/types\/post"}],"author":[{"embeddable":true,"href":"https:\/\/newsestlyonnais.fr\/site\/wp-json\/wp\/v2\/users\/4"}],"replies":[{"embeddable":true,"href":"https:\/\/newsestlyonnais.fr\/site\/wp-json\/wp\/v2\/comments?post=35640"}],"version-history":[{"count":0,"href":"https:\/\/newsestlyonnais.fr\/site\/wp-json\/wp\/v2\/posts\/35640\/revisions"}],"wp:featuredmedia":[{"embeddable":true,"href":"https:\/\/newsestlyonnais.fr\/site\/wp-json\/wp\/v2\/media\/35491"}],"wp:attachment":[{"href":"https:\/\/newsestlyonnais.fr\/site\/wp-json\/wp\/v2\/media?parent=35640"}],"wp:term":[{"taxonomy":"category","embeddable":true,"href":"https:\/\/newsestlyonnais.fr\/site\/wp-json\/wp\/v2\/categories?post=35640"},{"taxonomy":"post_tag","embeddable":true,"href":"https:\/\/newsestlyonnais.fr\/site\/wp-json\/wp\/v2\/tags?post=35640"}],"curies":[{"name":"wp","href":"https:\/\/api.w.org\/{rel}","templated":true}]}}