{"id":35648,"date":"2017-09-29T12:00:41","date_gmt":"2017-09-29T11:00:41","guid":{"rendered":"http:\/\/newsestlyonnais.fr\/site\/?p=35648"},"modified":"2020-11-19T09:29:50","modified_gmt":"2020-11-19T08:29:50","slug":"meyzieu-du-2-au-26-octobre-la-ville-sassocie-a-ses-partenaires-pour-organiser-le-mois-de-la-sante","status":"publish","type":"post","link":"https:\/\/newsestlyonnais.fr\/site\/2017\/09\/29\/meyzieu-du-2-au-26-octobre-la-ville-sassocie-a-ses-partenaires-pour-organiser-le-mois-de-la-sante\/","title":{"rendered":"MEYZIEU | La Ville s&rsquo;associe \u00e0 ses partenaires pour organiser le Mois de la Sant\u00e9"},"content":{"rendered":"<h4>Rencontres, animations et d\u00e9bats sont propos\u00e9s autour de ce grand rendez-vous bien-\u00eatre, s&rsquo;\u00e9chelonnant sur <strong>4 temps forts<\/strong> :<\/h4>\n<p><span style=\"text-decoration: underline\"><strong><em>LE PROGRAMME : <\/em><\/strong><\/span><\/p>\n<p><strong><span style=\"text-decoration: underline\">La Semaine bleue<\/span><\/strong>, consacr\u00e9e aux a\u00een\u00e9s :<\/p>\n<ul>\n<li><span style=\"text-decoration: underline\">LUNDI 2 OCTOBRE<\/span> : <strong>Exposition \u00ab Prendre soin de soi \u00bb<\/strong> [Jusqu\u2019au 6 octobre inclus]<br \/>\nEntr\u00e9e libre de 10 h \u00e0 16 h 30 \u2013 P\u00f4le seniors. Pr\u00e9venir et d\u00e9pister les cancers du sein et colorectal chez les personnes en situation de handicap.<br \/>\n<strong>Cin\u00e9 seniors<\/strong> : 14 h \u2013 Cin\u00e9 Meyzieu \/ Tarif : 4 \u20ac. Projection du film Les optimistes, documentaire norv\u00e9gien, r\u00e9alis\u00e9 par Gunhild Westhagen Magnor, 2012, VF. Dur\u00e9e : 92 min.<br \/>\nLes optimistes sont \u00e2g\u00e9es de 66 \u00e0 98 ans et se pr\u00e9parent \u00e0 jouer un match de volley. Alors qu\u2019elles n\u2019ont pas jou\u00e9 depuis pr\u00e8s de 30 ans, elles s\u2019appr\u00eatent \u00e0 affronter leurs homologues masculins su\u00e9dois. Pr\u00e9paratifs, entra\u00eenements, vie quotidienne sont racont\u00e9s montrant le dynamisme de seniors hors du commun !<br \/>\nProjection suivie d\u2019un \u00e9change autour d\u2019une collation offerte par la Ville de Meyzieu.<\/li>\n<li><span style=\"text-decoration: underline\">MERCREDI 4 OCTOBRE<\/span> : <strong>Rencontres sportives<\/strong> de 14 h \u00e0 16 h 30 &#8211; Gymnase Les Servizi\u00e8res. Jeux de sarbacane, p\u00e9tanque d\u2019int\u00e9rieur, parcours en fauteuil&#8230; avec go\u00fbter partag\u00e9 offert par la Ville de Meyzieu.<br \/>\nInscriptions aupr\u00e8s du P\u00f4le seniors jusqu\u2019au 27 septembre.<\/li>\n<li><span style=\"text-decoration: underline\">JEUDI 5 OCTOBRE<\/span> : <strong>Atelier m\u00e9moire sur le th\u00e8me<\/strong> : Voulez-vous danser grand-m\u00e8re ?<br \/>\nDe 10 h \u00e0 11 h &#8211; P\u00f4le seniors. Exercices et jeux sollicitant la m\u00e9moire.<br \/>\nSur inscription aupr\u00e8s du P\u00f4le seniors.<\/li>\n<li><span style=\"text-decoration: underline\">VENDREDI 6 OCTOBRE<\/span> : <strong>Portes ouvertes<\/strong> de 10 h \u00e0 12 h 30 et de 13 h 30 \u00e0 17 h &#8211; P\u00f4le seniors.<br \/>\nRencontrez les repr\u00e9sentants des ateliers, des associations et des organismes oeuvrant pour nos a\u00een\u00e9s. Accueil caf\u00e9 offert par la Ville de Meyzieu.<\/li>\n<\/ul>\n<p><strong><span style=\"text-decoration: underline\">La Semaine du go\u00fbt<\/span><\/strong>, pour veiller \u00e0 bien manger:<\/p>\n<ul>\n<li><span style=\"text-decoration: underline\">D\u00c8S LE LUNDI 9 OCTOBRE<\/span> : <strong>Maman papa press\u00e9s et\/ou l\u2019art de cuisiner les restes<\/strong>.<br \/>\nDe nombreuses animations d\u00e9di\u00e9es \u00e0 l\u2019\u00e9quilibre alimentaire sont organis\u00e9es dans les structures d\u2019accueil habituelles (\u00e9coles, centres a\u00e9r\u00e9s, structure petite enfance\u2026). <strong>Le recueil des recettes. <\/strong>Participez \u00e0 l\u2019\u00e9laboration d\u2019un cahier de recette collaboratif ! Vous avez l\u2019\u00e2me d\u2019un cuisinier du dimanche ? Partagez vos astuces pour une cuisine simple, rapide et savoureuse. Les recettes seront illustr\u00e9es et r\u00e9unies dans un recueil mis \u00e0 disposition dans les lieux publics. Faites-nous parvenir vos recettes sur : <a href=\"http:\/\/mon.meyzieu.fr\" target=\"_blank\" rel=\"noopener noreferrer\">http:\/\/mon.meyzieu.fr<\/a><\/li>\n<li><span style=\"text-decoration: underline\">JEUDI 12 OCTOBRE<\/span> : <strong>Animation cont\u00e9e : \u00ab Le voyage de Goutatou \u00bb<\/strong>. En direction des \u00e9l\u00e8ves de CE1 \/ CE2 de l\u2019\u00e9cole R. Cassin le matin et de l\u2019\u00e9cole J. Pr\u00e9vert l\u2019apr\u00e8s-midi.<\/li>\n<\/ul>\n<p><strong><span style=\"text-decoration: underline\">L&rsquo;\u00e9v\u00e9nement \u00ab\u00a0Ensemble contre le cancer, prenons soin de nous !<\/span><\/strong> \u00a0\u00bb<\/p>\n<ul>\n<li>Toute la semaine, la m\u00e9diath\u00e8que municipale propose une s\u00e9lection d\u2019ouvrages sur le th\u00e8me du cancer.<\/li>\n<li><span style=\"text-decoration: underline\">VENDREDI 13 OCTOBRE<\/span>:<strong> Exposition \u00ab C\u00f4lon Tour\u00ae\u00bb<\/strong> de 14 h \u00e0 18 h &#8211; Maison des associations [et samedi 14 oct. de 9 h \u00e0 12 h]. In\u00e9dit ! Visitez un C\u00f4lon gonflable g\u00e9ant : une exp\u00e9rience insolite et instructive ! Les professionnels de sant\u00e9 vous guideront tout au long du parcours.<br \/>\n<span style=\"text-decoration: underline\">Th\u00e8mes de la journ\u00e9e<\/span> : le retour \u00e0 l\u2019emploi apr\u00e8s un cancer, la pr\u00e9vention du cancer colorectal, l\u2019arr\u00eat du tabagisme, les traitements compl\u00e9mentaires doux des chimioth\u00e9rapies et des rayons.<br \/>\nLe C\u00f4lon tour\u00ae, en partenariat avec la Ligue Nationale contre le Cancer (LNCC), la Soci\u00e9t\u00e9 Fran\u00e7aise d\u2019Endoscopie Digestive (SFED) et le comit\u00e9 du Rh\u00f4ne de la Ligue Contre le Cancer (LCC69). <strong>Conf\u00e9rence \u00ab Prendre soin de soi, mieux manger et bouger plus, comment relever le d\u00e9fi ? \u00bb <\/strong>19 h 15 \u00e0 21 h 30 \u2013 Salle des f\u00eates. Avec Julien Carretier, docteur en sant\u00e9 publique, responsable de l\u2019information des publics et le docteur Dominic Cellier, m\u00e9decin nutrition et maladies m\u00e9taboliques, du d\u00e9partement Cancer Environnement du Centre L\u00e9on B\u00e9rard. Ainsi que le docteur Patricia Soler-Michel, m\u00e9decin de l\u2019association Ad\u00e9mas-69.<br \/>\n<strong>Cocktail d\u00eenatoire<\/strong> \u00e0 partir de 18 h 30 suivi de la <strong>conf\u00e9rence anim\u00e9e par les sp\u00e9cialistes du Centre L\u00e9on B\u00e9rard et de l\u2019Ad\u00e9mas-69<\/strong>. <span style=\"text-decoration: underline\">Inscription souhait\u00e9e<\/span> via mon.meyzieu.fr, la page Facebook Ville de Meyzieu, directement \u00e0 l\u2019accueil de l\u2019H\u00f4tel de ville ou par t\u00e9l\u00e9phone au 04 72 45 16 88.<br \/>\n<strong>Exposition Modulab\u2019 et ateliers cr\u00e9atifs<\/strong> \u00ab 40% des cancers sont \u00e9vitables. Comment ? \u00bb<br \/>\nJusqu\u2019au 26 octobre \u2013 M\u00e9diath\u00e8que. Exposition interactive co-construite avec le public. Via des panneaux et \u00e9crans tactiles, d\u00e9couvrez par vous-m\u00eame les facteurs canc\u00e9rig\u00e8nes et les m\u00e9thodes pr\u00e9ventives.<\/li>\n<li><span style=\"text-decoration: underline\">SAMEDI 14 OCTOBRE<\/span>:\u00a0 <strong>Exposition \u00ab C\u00f4lon Tour\u00ae \u00bb<\/strong> (cf. d\u00e9tails &gt; vendredi 13 oct.)<br \/>\nDe 9 h \u00e0 12 h &#8211; Maison des associations. Th\u00e8mes de la journ\u00e9e : la pr\u00e9vention du cancer color\u00e9ctal, l\u2019arr\u00eat du tabagisme, f\u00e9minine et coquette malgr\u00e9 tout, collecte des proth\u00e8ses capillaires, stand de maquillage. Redonner le sourire aux enfants, le don aux malades, qu\u2019est-ce qu\u2019un lymphome ? Animations autour de nombreux stands. <strong>Animation \u00ab Ma cuisine au march\u00e9 \u00bb : <\/strong>Le matin, au march\u00e9 du centre-ville de Meyzieu, apprenez et d\u00e9gustez sur le th\u00e8me : l\u2019\u00e9quilibre alimentaire dans la pr\u00e9vention du cancer. En compagnie de Mme Colombani, di\u00e9t\u00e9ticienne du Centre L\u00e9on B\u00e9rard et de Valentin Luiggi, chef cuisinier.<\/li>\n<li><span style=\"text-decoration: underline\">MARDI 17 OCTOBRE<\/span>: <strong>L\u2019activit\u00e9, c\u2019est bon pour la sant\u00e9 !<\/strong> de 14 h \u00e0 15 h 15 &#8211; Centre social et culturel Flora Tristan. Le temps d\u2019une balade conviviale, d\u00e9couvrez pourquoi l\u2019activit\u00e9 physique nous maintient en forme. En partenariat avec le club de marche du Centre social et culturel et l\u2019association AISI.<br \/>\n<strong>Suivie par une initiation au yoga<\/strong> &#8211; De 15 h 15 \u00e0 16 h 15. La FJEP Meyzieu section yoga proposera un moment de relaxation et de bien-\u00eatre. Pr\u00e9voir des baskets ou chaussures de marche. Sans inscription.<\/li>\n<li><span style=\"text-decoration: underline\">MERCREDI 18 OCTOBRE<\/span> :\u00a0 <strong>Activit\u00e9 Zumb\u2019apa et ateliers sportifs<\/strong>. de 14 h \u00e0 18 h &#8211; Salle des F\u00eates.<br \/>\nDe la musique, des jeux et un coach sportif : un nouveau nom pour une activit\u00e9 physique ressemblant \u00e0 la Zumba mais\u2026 pas tout \u00e0 fait ! Ateliers de d\u00e9couvertes sportives autour du tir \u00e0 l\u2019arc, escrime, tennis de table, pour adultes et adolescents. Inscription pr\u00e9alable souhait\u00e9e \u00e0 l\u2019une des 3 sessions de zumb\u2019apa de 14 h 30 \u00e0 15 h, de 15 h 30 \u00e0 16 h et de 16 h 30 \u00e0 17h sur mon.meyzieu.fr.\u00a0<strong> \u00c9change et t\u00e9moignage<\/strong>. \u00c0 partir de 14 h &#8211; M\u00e9diath\u00e8que. Comment parler de la maladie ? \u00c0 destination des jeunes : les relations entre parents, enfants et ados. \u00c9changes avec des infirmi\u00e8res, Europa Donna et le Comit\u00e9 du Rh\u00f4ne de la Ligue contre le cancer. T\u00e9moignage d\u2019Ivna Maluly, auteure du livre \u00ab Maman, il est o\u00f9 ton sein ? \u00bb.<\/li>\n<li><span style=\"text-decoration: underline\">JEUDI 19 OCTOBRE<\/span> :\u00a0 <strong>Atelier : Mon alimentation et ses contenants, j\u2019en fais tout un plat !<\/strong><br \/>\n\u00c0 partir de 14 h &#8211; Centre social et culturel Flora Tristan.<br \/>\nUne bo\u00eete en plastique, de l\u2019aluminium, une casserole en cuivre ? \u00c0 travers des habitudes simples et le d\u00e9cryptage des symboles et labels, apprenez \u00e0 manier vos ustensiles sans risque pour la sant\u00e9.<br \/>\nAnim\u00e9 par l\u2019Atelier Sant\u00e9 Ville \u2013 Sans inscription.<\/li>\n<li><span style=\"text-decoration: underline\">VENDREDI 20 OCTOBRE<\/span> : <strong>Conf\u00e9rence \u2013 La gestion des \u00e9motions. <\/strong>De 20 h \u00e0 22 h &#8211; Salle des f\u00eates.<br \/>\nPour tout savoir et prendre soin des \u00e9motions de la personne malade, celles des aidants et de la famille. Avec Christine Klein, sophrologue. Inscription souhait\u00e9e via mon.meyzieu.fr, la page Facebook Ville de Meyzieu, directement \u00e0 l\u2019accueil de l\u2019H\u00f4tel de ville ou par t\u00e9l\u00e9phone au 04. 72. 45. 16. 88<\/li>\n<\/ul>\n<p><strong>Le Rallye jeune positiv&rsquo;\u00e9nergie.<\/strong> Une journ\u00e9e d\u00e9di\u00e9e aux ados pour conclure cette parenth\u00e8se sant\u00e9.<\/p>\n<ul>\n<li><span style=\"text-decoration: underline\">JEUDI 26 OCTOBRE<\/span> : Ton look, tes humeurs, tes besoins, tes envies&#8230; comment les g\u00e9rer pour \u00eatre au top \u00e0 tous les niveaux ? \u00catre responsable de sa sant\u00e9, c\u2019est la cl\u00e9 de la r\u00e9ussite ! Le temps d\u2019un apr\u00e8s-midi, d\u00e9couvre des astuces beaut\u00e9, sant\u00e9, bien-\u00eatre et tente de repartir avec un super cadeau !<br \/>\n<span style=\"text-decoration: underline\">1\u00b0 RENDEZ-VOUS ENTRE 12 H ET 14 H<\/span>:\u00a0 Retrouvez sur chacun des stands les bulletins de participation contenant les questions du quiz et les emplacements \u00e0 faire tamponner \u00e0 chaque atelier pour participer au grand jeu !<br \/>\n&#8211; Au Centre aquatique Les Vagues : Atelier \u00ab Tu cr\u00e9es, tu croques ! \u00bb Choisis tes ingr\u00e9dients, pr\u00e9pare et d\u00e9guste des sandwichs \u00e9quilibr\u00e9s ! Par l\u2019ADES, en pr\u00e9sence d\u2019une di\u00e9t\u00e9ticienne.<br \/>\n&#8211; PUIS, \u00c0 PARTIR DE 14 H ET JUSQU\u2019\u00c0 18 H, <strong>BALADE-TOI DANS LES DIFF\u00c9RENTS ATELIERS !<\/strong><br \/>\n<span style=\"text-decoration: underline\">Au Centre aquatique Les Vagues<\/span> : Atelier \u00ab Bien dans mon corps ! \u00bbAtelier fitness avec un coach du Centre aquatique Les Vagues.<br \/>\n<span style=\"text-decoration: underline\">\u00c0 la M\u00e9diath\u00e8que<\/span> :<strong> Atelier \u00ab Et si on testait la sophrologie ? \u00bb<\/strong><br \/>\nPetit tour d\u2019estime de soi, du look et du bien-\u00eatre avec Mme Bernard, sophrologue. Atelier \u00ab Regards socio-esth\u00e9tiques : quel look, quel maquillage ? \u00bb En partenariat avec l\u2019\u00e9cole de maquillage Peyrefitte.<br \/>\n<span style=\"text-decoration: underline\">Au centre Le Marronnier<\/span>:\u00a0 <strong>Atelier \u00ab Je me prot\u00e8ge, moi et les autres \u00bb<\/strong> avec le Bus info sant\u00e9. Les infections sexuellement transmissibles, le SIDA et la contraception. Atelier \u00ab Stop aux addictions ! \u00bb avec Avenir sant\u00e9. \u00c9crans, drogues, alcool et m\u00e9dicaments\u2026 Arr\u00eatons les addictions ! Stand d\u2019informations \u00ab Moi et mes droits \u00bb Jeux sur l\u2019acc\u00e8s aux droits m\u00e9dicaux.<\/li>\n<li><strong>ENFIN, \u00c0 19 H, \u00c0 LA MAISON DES ASSOCIATIONS : REMISE DES PRIX DU CONCOURS !<\/strong><br \/>\n&gt; D\u00c9P\u00d4T DES BULLETINS JUSQU\u2019\u00c0 18 H AU CENTRE LE MARRONNIER.<br \/>\nLots mis en jeu : Un VTT, une trottinette urban, des places de foot pour le match OL \/ LILLE, des places de spectacles, un kit de badminton, des jeux MOLKKI, des ballons de basket NBA et de football, des kits tennis de table, des bons d\u2019achat.<br \/>\n&gt; R\u00e8glement du jeu t\u00e9l\u00e9chargeable sur meyzieu.fr<\/li>\n<\/ul>\n<p>Toutes les <em><strong>animations seront gratuites<\/strong><\/em> (sauf s\u00e9ance de cin\u00e9ma).<\/p>\n<p><span style=\"text-decoration: underline\"><strong>LIEUX DES MANIFESTATIONS:<br \/>\n<\/strong><\/span><\/p>\n<p>Le Marronnier et le P\u00f4le seniors \u2013 30 rue Louis Saulnier<br \/>\nLa Maison des associations \u2013 place Jean Monnet<br \/>\nLa Salle des F\u00eates \u2013 place Andr\u00e9-Marie Burignat<br \/>\nLa M\u00e9diath\u00e8que municipale et Cin\u00e9 Meyzieu \u2013 27 rue Louis Saulnier<br \/>\nGymnase Les Servizi\u00e8res \u2013 2 all\u00e9e du coll\u00e8ge<br \/>\nCentre social et culturel Flora Tristan \u2013 104 bis rue Gambetta<br \/>\nCentre aquatique Les Vagues \u2013 10d rue Jean Jaur\u00e8s<\/p>\n","protected":false},"excerpt":{"rendered":"<p>Rencontres, animations et d\u00e9bats sont propos\u00e9s autour de ce grand rendez-vous bien-\u00eatre, s&rsquo;\u00e9chelonnant sur 4 temps forts : LE PROGRAMME : La Semaine bleue, consacr\u00e9e aux a\u00een\u00e9s : LUNDI 2 OCTOBRE : Exposition \u00ab Prendre soin de soi \u00bb [Jusqu\u2019au 6 octobre inclus] Entr\u00e9e libre de 10 h \u00e0 16 h 30 \u2013 P\u00f4le seniors. [&hellip;]<\/p>\n","protected":false},"author":4,"featured_media":35661,"comment_status":"open","ping_status":"open","sticky":false,"template":"","format":"standard","meta":{"footnotes":""},"categories":[24,18],"tags":[],"class_list":["post-35648","post","type-post","status-publish","format-standard","has-post-thumbnail","hentry","category-meyzieu","category-sante-bien-etre-solidarite"],"yoast_head":"<!-- This site is optimized with the Yoast SEO plugin v27.2 - https:\/\/yoast.com\/product\/yoast-seo-wordpress\/ -->\n<title>MEYZIEU : Du 2 au 26 octobre, la Ville s&#039;associe \u00e0 ses partenaires pour organiser le Mois de la Sant\u00e9<\/title>\n<meta name=\"description\" content=\"MEYZIEU : Du 2 au 26 octobre, la Ville s&#039;associe \u00e0 ses partenaires pour organiser le Mois de la Sant\u00e9\" \/>\n<meta name=\"robots\" content=\"index, follow, max-snippet:-1, max-image-preview:large, max-video-preview:-1\" \/>\n<link rel=\"canonical\" href=\"https:\/\/newsestlyonnais.fr\/site\/2017\/09\/29\/meyzieu-du-2-au-26-octobre-la-ville-sassocie-a-ses-partenaires-pour-organiser-le-mois-de-la-sante\/\" \/>\n<meta property=\"og:locale\" content=\"fr_FR\" \/>\n<meta property=\"og:type\" content=\"article\" \/>\n<meta property=\"og:title\" content=\"MEYZIEU : Du 2 au 26 octobre, la Ville s&#039;associe \u00e0 ses partenaires pour organiser le Mois de la Sant\u00e9\" \/>\n<meta property=\"og:description\" content=\"MEYZIEU : Du 2 au 26 octobre, la Ville s&#039;associe \u00e0 ses partenaires pour organiser le Mois de la Sant\u00e9\" \/>\n<meta property=\"og:url\" content=\"https:\/\/newsestlyonnais.fr\/site\/2017\/09\/29\/meyzieu-du-2-au-26-octobre-la-ville-sassocie-a-ses-partenaires-pour-organiser-le-mois-de-la-sante\/\" \/>\n<meta property=\"og:site_name\" content=\"News Est Lyonnais\" \/>\n<meta property=\"article:author\" content=\"https:\/\/www.facebook.com\/pascal.oberson.1?fref=ts\" \/>\n<meta property=\"article:published_time\" content=\"2017-09-29T11:00:41+00:00\" \/>\n<meta property=\"article:modified_time\" content=\"2020-11-19T08:29:50+00:00\" \/>\n<meta property=\"og:image\" content=\"https:\/\/i2.wp.com\/newsestlyonnais.fr\/site\/wp-content\/uploads\/2017\/09\/NEWSESTLYONNAIS-mois-sante-meyzieu.jpg?fit=1000%2C750&ssl=1\" \/>\n\t<meta property=\"og:image:width\" content=\"1000\" \/>\n\t<meta property=\"og:image:height\" content=\"750\" \/>\n\t<meta property=\"og:image:type\" content=\"image\/jpeg\" \/>\n<meta name=\"author\" content=\"R\u00e9dac. NEWS\" \/>\n<meta name=\"twitter:card\" content=\"summary_large_image\" \/>\n<meta name=\"twitter:label1\" content=\"\u00c9crit par\" \/>\n\t<meta name=\"twitter:data1\" content=\"R\u00e9dac. NEWS\" \/>\n\t<meta name=\"twitter:label2\" content=\"Dur\u00e9e de lecture estim\u00e9e\" \/>\n\t<meta name=\"twitter:data2\" content=\"8 minutes\" \/>\n<script type=\"application\/ld+json\" class=\"yoast-schema-graph\">{\"@context\":\"https:\/\/schema.org\",\"@graph\":[{\"@type\":\"Article\",\"@id\":\"https:\/\/newsestlyonnais.fr\/site\/2017\/09\/29\/meyzieu-du-2-au-26-octobre-la-ville-sassocie-a-ses-partenaires-pour-organiser-le-mois-de-la-sante\/#article\",\"isPartOf\":{\"@id\":\"https:\/\/newsestlyonnais.fr\/site\/2017\/09\/29\/meyzieu-du-2-au-26-octobre-la-ville-sassocie-a-ses-partenaires-pour-organiser-le-mois-de-la-sante\/\"},\"author\":{\"name\":\"R\u00e9dac. NEWS\",\"@id\":\"https:\/\/newsestlyonnais.fr\/site\/#\/schema\/person\/3230d5615f390bb808365d673001e887\"},\"headline\":\"MEYZIEU | La Ville s&rsquo;associe \u00e0 ses partenaires pour organiser le Mois de la Sant\u00e9\",\"datePublished\":\"2017-09-29T11:00:41+00:00\",\"dateModified\":\"2020-11-19T08:29:50+00:00\",\"mainEntityOfPage\":{\"@id\":\"https:\/\/newsestlyonnais.fr\/site\/2017\/09\/29\/meyzieu-du-2-au-26-octobre-la-ville-sassocie-a-ses-partenaires-pour-organiser-le-mois-de-la-sante\/\"},\"wordCount\":1676,\"commentCount\":0,\"publisher\":{\"@id\":\"https:\/\/newsestlyonnais.fr\/site\/#organization\"},\"image\":{\"@id\":\"https:\/\/newsestlyonnais.fr\/site\/2017\/09\/29\/meyzieu-du-2-au-26-octobre-la-ville-sassocie-a-ses-partenaires-pour-organiser-le-mois-de-la-sante\/#primaryimage\"},\"thumbnailUrl\":\"https:\/\/newsestlyonnais.fr\/site\/wp-content\/uploads\/2017\/09\/NEWSESTLYONNAIS-mois-sante-meyzieu.jpg\",\"articleSection\":[\"Meyzieu\",\"Sant\u00e9 | Bien Etre | Solidarit\u00e9\"],\"inLanguage\":\"fr-FR\",\"potentialAction\":[{\"@type\":\"CommentAction\",\"name\":\"Comment\",\"target\":[\"https:\/\/newsestlyonnais.fr\/site\/2017\/09\/29\/meyzieu-du-2-au-26-octobre-la-ville-sassocie-a-ses-partenaires-pour-organiser-le-mois-de-la-sante\/#respond\"]}]},{\"@type\":\"WebPage\",\"@id\":\"https:\/\/newsestlyonnais.fr\/site\/2017\/09\/29\/meyzieu-du-2-au-26-octobre-la-ville-sassocie-a-ses-partenaires-pour-organiser-le-mois-de-la-sante\/\",\"url\":\"https:\/\/newsestlyonnais.fr\/site\/2017\/09\/29\/meyzieu-du-2-au-26-octobre-la-ville-sassocie-a-ses-partenaires-pour-organiser-le-mois-de-la-sante\/\",\"name\":\"MEYZIEU : Du 2 au 26 octobre, la Ville s'associe \u00e0 ses partenaires pour organiser le Mois de la Sant\u00e9\",\"isPartOf\":{\"@id\":\"https:\/\/newsestlyonnais.fr\/site\/#website\"},\"primaryImageOfPage\":{\"@id\":\"https:\/\/newsestlyonnais.fr\/site\/2017\/09\/29\/meyzieu-du-2-au-26-octobre-la-ville-sassocie-a-ses-partenaires-pour-organiser-le-mois-de-la-sante\/#primaryimage\"},\"image\":{\"@id\":\"https:\/\/newsestlyonnais.fr\/site\/2017\/09\/29\/meyzieu-du-2-au-26-octobre-la-ville-sassocie-a-ses-partenaires-pour-organiser-le-mois-de-la-sante\/#primaryimage\"},\"thumbnailUrl\":\"https:\/\/newsestlyonnais.fr\/site\/wp-content\/uploads\/2017\/09\/NEWSESTLYONNAIS-mois-sante-meyzieu.jpg\",\"datePublished\":\"2017-09-29T11:00:41+00:00\",\"dateModified\":\"2020-11-19T08:29:50+00:00\",\"description\":\"MEYZIEU : Du 2 au 26 octobre, la Ville s'associe \u00e0 ses partenaires pour organiser le Mois de la Sant\u00e9\",\"breadcrumb\":{\"@id\":\"https:\/\/newsestlyonnais.fr\/site\/2017\/09\/29\/meyzieu-du-2-au-26-octobre-la-ville-sassocie-a-ses-partenaires-pour-organiser-le-mois-de-la-sante\/#breadcrumb\"},\"inLanguage\":\"fr-FR\",\"potentialAction\":[{\"@type\":\"ReadAction\",\"target\":[\"https:\/\/newsestlyonnais.fr\/site\/2017\/09\/29\/meyzieu-du-2-au-26-octobre-la-ville-sassocie-a-ses-partenaires-pour-organiser-le-mois-de-la-sante\/\"]}]},{\"@type\":\"ImageObject\",\"inLanguage\":\"fr-FR\",\"@id\":\"https:\/\/newsestlyonnais.fr\/site\/2017\/09\/29\/meyzieu-du-2-au-26-octobre-la-ville-sassocie-a-ses-partenaires-pour-organiser-le-mois-de-la-sante\/#primaryimage\",\"url\":\"https:\/\/newsestlyonnais.fr\/site\/wp-content\/uploads\/2017\/09\/NEWSESTLYONNAIS-mois-sante-meyzieu.jpg\",\"contentUrl\":\"https:\/\/newsestlyonnais.fr\/site\/wp-content\/uploads\/2017\/09\/NEWSESTLYONNAIS-mois-sante-meyzieu.jpg\",\"width\":1000,\"height\":750,\"caption\":\"NEWSESTLYONNAIS mois sante meyzieu\"},{\"@type\":\"BreadcrumbList\",\"@id\":\"https:\/\/newsestlyonnais.fr\/site\/2017\/09\/29\/meyzieu-du-2-au-26-octobre-la-ville-sassocie-a-ses-partenaires-pour-organiser-le-mois-de-la-sante\/#breadcrumb\",\"itemListElement\":[{\"@type\":\"ListItem\",\"position\":1,\"name\":\"Accueil\",\"item\":\"https:\/\/newsestlyonnais.fr\/site\/\"},{\"@type\":\"ListItem\",\"position\":2,\"name\":\"MEYZIEU | La Ville s&rsquo;associe \u00e0 ses partenaires pour organiser le Mois de la Sant\u00e9\"}]},{\"@type\":\"WebSite\",\"@id\":\"https:\/\/newsestlyonnais.fr\/site\/#website\",\"url\":\"https:\/\/newsestlyonnais.fr\/site\/\",\"name\":\"News Est Lyonnais\",\"description\":\"L&#039;actualit\u00e9 au plus pr\u00e8s\",\"publisher\":{\"@id\":\"https:\/\/newsestlyonnais.fr\/site\/#organization\"},\"potentialAction\":[{\"@type\":\"SearchAction\",\"target\":{\"@type\":\"EntryPoint\",\"urlTemplate\":\"https:\/\/newsestlyonnais.fr\/site\/?s={search_term_string}\"},\"query-input\":{\"@type\":\"PropertyValueSpecification\",\"valueRequired\":true,\"valueName\":\"search_term_string\"}}],\"inLanguage\":\"fr-FR\"},{\"@type\":\"Organization\",\"@id\":\"https:\/\/newsestlyonnais.fr\/site\/#organization\",\"name\":\"News EST LYONNAIS\",\"url\":\"https:\/\/newsestlyonnais.fr\/site\/\",\"logo\":{\"@type\":\"ImageObject\",\"inLanguage\":\"fr-FR\",\"@id\":\"https:\/\/newsestlyonnais.fr\/site\/#\/schema\/logo\/image\/\",\"url\":\"\",\"contentUrl\":\"\",\"caption\":\"News EST LYONNAIS\"},\"image\":{\"@id\":\"https:\/\/newsestlyonnais.fr\/site\/#\/schema\/logo\/image\/\"}},{\"@type\":\"Person\",\"@id\":\"https:\/\/newsestlyonnais.fr\/site\/#\/schema\/person\/3230d5615f390bb808365d673001e887\",\"name\":\"R\u00e9dac. NEWS\",\"sameAs\":[\"http:\/\/www.newsestlyonnais.fr\",\"https:\/\/www.facebook.com\/pascal.oberson.1?fref=ts\",\"https:\/\/fr.linkedin.com\/in\/pascal-oberson-b17045113\"],\"url\":\"https:\/\/newsestlyonnais.fr\/site\/author\/nel\/\"}]}<\/script>\n<!-- \/ Yoast SEO plugin. -->","yoast_head_json":{"title":"MEYZIEU : Du 2 au 26 octobre, la Ville s'associe \u00e0 ses partenaires pour organiser le Mois de la Sant\u00e9","description":"MEYZIEU : Du 2 au 26 octobre, la Ville s'associe \u00e0 ses partenaires pour organiser le Mois de la Sant\u00e9","robots":{"index":"index","follow":"follow","max-snippet":"max-snippet:-1","max-image-preview":"max-image-preview:large","max-video-preview":"max-video-preview:-1"},"canonical":"https:\/\/newsestlyonnais.fr\/site\/2017\/09\/29\/meyzieu-du-2-au-26-octobre-la-ville-sassocie-a-ses-partenaires-pour-organiser-le-mois-de-la-sante\/","og_locale":"fr_FR","og_type":"article","og_title":"MEYZIEU : Du 2 au 26 octobre, la Ville s'associe \u00e0 ses partenaires pour organiser le Mois de la Sant\u00e9","og_description":"MEYZIEU : Du 2 au 26 octobre, la Ville s'associe \u00e0 ses partenaires pour organiser le Mois de la Sant\u00e9","og_url":"https:\/\/newsestlyonnais.fr\/site\/2017\/09\/29\/meyzieu-du-2-au-26-octobre-la-ville-sassocie-a-ses-partenaires-pour-organiser-le-mois-de-la-sante\/","og_site_name":"News Est Lyonnais","article_author":"https:\/\/www.facebook.com\/pascal.oberson.1?fref=ts","article_published_time":"2017-09-29T11:00:41+00:00","article_modified_time":"2020-11-19T08:29:50+00:00","og_image":[{"width":1000,"height":750,"url":"https:\/\/i2.wp.com\/newsestlyonnais.fr\/site\/wp-content\/uploads\/2017\/09\/NEWSESTLYONNAIS-mois-sante-meyzieu.jpg?fit=1000%2C750&ssl=1","type":"image\/jpeg"}],"author":"R\u00e9dac. NEWS","twitter_card":"summary_large_image","twitter_misc":{"\u00c9crit par":"R\u00e9dac. NEWS","Dur\u00e9e de lecture estim\u00e9e":"8 minutes"},"schema":{"@context":"https:\/\/schema.org","@graph":[{"@type":"Article","@id":"https:\/\/newsestlyonnais.fr\/site\/2017\/09\/29\/meyzieu-du-2-au-26-octobre-la-ville-sassocie-a-ses-partenaires-pour-organiser-le-mois-de-la-sante\/#article","isPartOf":{"@id":"https:\/\/newsestlyonnais.fr\/site\/2017\/09\/29\/meyzieu-du-2-au-26-octobre-la-ville-sassocie-a-ses-partenaires-pour-organiser-le-mois-de-la-sante\/"},"author":{"name":"R\u00e9dac. NEWS","@id":"https:\/\/newsestlyonnais.fr\/site\/#\/schema\/person\/3230d5615f390bb808365d673001e887"},"headline":"MEYZIEU | La Ville s&rsquo;associe \u00e0 ses partenaires pour organiser le Mois de la Sant\u00e9","datePublished":"2017-09-29T11:00:41+00:00","dateModified":"2020-11-19T08:29:50+00:00","mainEntityOfPage":{"@id":"https:\/\/newsestlyonnais.fr\/site\/2017\/09\/29\/meyzieu-du-2-au-26-octobre-la-ville-sassocie-a-ses-partenaires-pour-organiser-le-mois-de-la-sante\/"},"wordCount":1676,"commentCount":0,"publisher":{"@id":"https:\/\/newsestlyonnais.fr\/site\/#organization"},"image":{"@id":"https:\/\/newsestlyonnais.fr\/site\/2017\/09\/29\/meyzieu-du-2-au-26-octobre-la-ville-sassocie-a-ses-partenaires-pour-organiser-le-mois-de-la-sante\/#primaryimage"},"thumbnailUrl":"https:\/\/newsestlyonnais.fr\/site\/wp-content\/uploads\/2017\/09\/NEWSESTLYONNAIS-mois-sante-meyzieu.jpg","articleSection":["Meyzieu","Sant\u00e9 | Bien Etre | Solidarit\u00e9"],"inLanguage":"fr-FR","potentialAction":[{"@type":"CommentAction","name":"Comment","target":["https:\/\/newsestlyonnais.fr\/site\/2017\/09\/29\/meyzieu-du-2-au-26-octobre-la-ville-sassocie-a-ses-partenaires-pour-organiser-le-mois-de-la-sante\/#respond"]}]},{"@type":"WebPage","@id":"https:\/\/newsestlyonnais.fr\/site\/2017\/09\/29\/meyzieu-du-2-au-26-octobre-la-ville-sassocie-a-ses-partenaires-pour-organiser-le-mois-de-la-sante\/","url":"https:\/\/newsestlyonnais.fr\/site\/2017\/09\/29\/meyzieu-du-2-au-26-octobre-la-ville-sassocie-a-ses-partenaires-pour-organiser-le-mois-de-la-sante\/","name":"MEYZIEU : Du 2 au 26 octobre, la Ville s'associe \u00e0 ses partenaires pour organiser le Mois de la Sant\u00e9","isPartOf":{"@id":"https:\/\/newsestlyonnais.fr\/site\/#website"},"primaryImageOfPage":{"@id":"https:\/\/newsestlyonnais.fr\/site\/2017\/09\/29\/meyzieu-du-2-au-26-octobre-la-ville-sassocie-a-ses-partenaires-pour-organiser-le-mois-de-la-sante\/#primaryimage"},"image":{"@id":"https:\/\/newsestlyonnais.fr\/site\/2017\/09\/29\/meyzieu-du-2-au-26-octobre-la-ville-sassocie-a-ses-partenaires-pour-organiser-le-mois-de-la-sante\/#primaryimage"},"thumbnailUrl":"https:\/\/newsestlyonnais.fr\/site\/wp-content\/uploads\/2017\/09\/NEWSESTLYONNAIS-mois-sante-meyzieu.jpg","datePublished":"2017-09-29T11:00:41+00:00","dateModified":"2020-11-19T08:29:50+00:00","description":"MEYZIEU : Du 2 au 26 octobre, la Ville s'associe \u00e0 ses partenaires pour organiser le Mois de la Sant\u00e9","breadcrumb":{"@id":"https:\/\/newsestlyonnais.fr\/site\/2017\/09\/29\/meyzieu-du-2-au-26-octobre-la-ville-sassocie-a-ses-partenaires-pour-organiser-le-mois-de-la-sante\/#breadcrumb"},"inLanguage":"fr-FR","potentialAction":[{"@type":"ReadAction","target":["https:\/\/newsestlyonnais.fr\/site\/2017\/09\/29\/meyzieu-du-2-au-26-octobre-la-ville-sassocie-a-ses-partenaires-pour-organiser-le-mois-de-la-sante\/"]}]},{"@type":"ImageObject","inLanguage":"fr-FR","@id":"https:\/\/newsestlyonnais.fr\/site\/2017\/09\/29\/meyzieu-du-2-au-26-octobre-la-ville-sassocie-a-ses-partenaires-pour-organiser-le-mois-de-la-sante\/#primaryimage","url":"https:\/\/newsestlyonnais.fr\/site\/wp-content\/uploads\/2017\/09\/NEWSESTLYONNAIS-mois-sante-meyzieu.jpg","contentUrl":"https:\/\/newsestlyonnais.fr\/site\/wp-content\/uploads\/2017\/09\/NEWSESTLYONNAIS-mois-sante-meyzieu.jpg","width":1000,"height":750,"caption":"NEWSESTLYONNAIS mois sante meyzieu"},{"@type":"BreadcrumbList","@id":"https:\/\/newsestlyonnais.fr\/site\/2017\/09\/29\/meyzieu-du-2-au-26-octobre-la-ville-sassocie-a-ses-partenaires-pour-organiser-le-mois-de-la-sante\/#breadcrumb","itemListElement":[{"@type":"ListItem","position":1,"name":"Accueil","item":"https:\/\/newsestlyonnais.fr\/site\/"},{"@type":"ListItem","position":2,"name":"MEYZIEU | La Ville s&rsquo;associe \u00e0 ses partenaires pour organiser le Mois de la Sant\u00e9"}]},{"@type":"WebSite","@id":"https:\/\/newsestlyonnais.fr\/site\/#website","url":"https:\/\/newsestlyonnais.fr\/site\/","name":"News Est Lyonnais","description":"L&#039;actualit\u00e9 au plus pr\u00e8s","publisher":{"@id":"https:\/\/newsestlyonnais.fr\/site\/#organization"},"potentialAction":[{"@type":"SearchAction","target":{"@type":"EntryPoint","urlTemplate":"https:\/\/newsestlyonnais.fr\/site\/?s={search_term_string}"},"query-input":{"@type":"PropertyValueSpecification","valueRequired":true,"valueName":"search_term_string"}}],"inLanguage":"fr-FR"},{"@type":"Organization","@id":"https:\/\/newsestlyonnais.fr\/site\/#organization","name":"News EST LYONNAIS","url":"https:\/\/newsestlyonnais.fr\/site\/","logo":{"@type":"ImageObject","inLanguage":"fr-FR","@id":"https:\/\/newsestlyonnais.fr\/site\/#\/schema\/logo\/image\/","url":"","contentUrl":"","caption":"News EST LYONNAIS"},"image":{"@id":"https:\/\/newsestlyonnais.fr\/site\/#\/schema\/logo\/image\/"}},{"@type":"Person","@id":"https:\/\/newsestlyonnais.fr\/site\/#\/schema\/person\/3230d5615f390bb808365d673001e887","name":"R\u00e9dac. NEWS","sameAs":["http:\/\/www.newsestlyonnais.fr","https:\/\/www.facebook.com\/pascal.oberson.1?fref=ts","https:\/\/fr.linkedin.com\/in\/pascal-oberson-b17045113"],"url":"https:\/\/newsestlyonnais.fr\/site\/author\/nel\/"}]}},"_links":{"self":[{"href":"https:\/\/newsestlyonnais.fr\/site\/wp-json\/wp\/v2\/posts\/35648","targetHints":{"allow":["GET"]}}],"collection":[{"href":"https:\/\/newsestlyonnais.fr\/site\/wp-json\/wp\/v2\/posts"}],"about":[{"href":"https:\/\/newsestlyonnais.fr\/site\/wp-json\/wp\/v2\/types\/post"}],"author":[{"embeddable":true,"href":"https:\/\/newsestlyonnais.fr\/site\/wp-json\/wp\/v2\/users\/4"}],"replies":[{"embeddable":true,"href":"https:\/\/newsestlyonnais.fr\/site\/wp-json\/wp\/v2\/comments?post=35648"}],"version-history":[{"count":0,"href":"https:\/\/newsestlyonnais.fr\/site\/wp-json\/wp\/v2\/posts\/35648\/revisions"}],"wp:featuredmedia":[{"embeddable":true,"href":"https:\/\/newsestlyonnais.fr\/site\/wp-json\/wp\/v2\/media\/35661"}],"wp:attachment":[{"href":"https:\/\/newsestlyonnais.fr\/site\/wp-json\/wp\/v2\/media?parent=35648"}],"wp:term":[{"taxonomy":"category","embeddable":true,"href":"https:\/\/newsestlyonnais.fr\/site\/wp-json\/wp\/v2\/categories?post=35648"},{"taxonomy":"post_tag","embeddable":true,"href":"https:\/\/newsestlyonnais.fr\/site\/wp-json\/wp\/v2\/tags?post=35648"}],"curies":[{"name":"wp","href":"https:\/\/api.w.org\/{rel}","templated":true}]}}