{"id":35930,"date":"2017-10-05T06:07:20","date_gmt":"2017-10-05T05:07:20","guid":{"rendered":"http:\/\/newsestlyonnais.fr\/site\/?p=35930"},"modified":"2020-11-12T19:23:05","modified_gmt":"2020-11-12T18:23:05","slug":"vaulx-en-velin-international-de-petanque-et-raid-du-castor-ce-prochain-week-end","status":"publish","type":"post","link":"https:\/\/newsestlyonnais.fr\/site\/2017\/10\/05\/vaulx-en-velin-international-de-petanque-et-raid-du-castor-ce-prochain-week-end\/","title":{"rendered":"VAULX-EN-VELIN | International de p\u00e9tanque et Raid du Castor ce prochain week-end"},"content":{"rendered":"<h4>Deux \u00e9v\u00e8nements sportifs organis\u00e9s par des clubs affili\u00e9s \u00e0 l&rsquo;Office Municipal des Sports, seront \u00e0 l&rsquo;affiche ce prochain week-end, \u00e0 savoir :<\/h4>\n<ul>\n<li><span style=\"text-decoration: underline\"><em><strong>2\u00b0 INTERNATIONAL DE P\u00c9TANQUE DE VAULX-EN-VELIN<\/strong>:<\/em><\/span> (Affiche A LA UNE). Une comp\u00e9tition qui se d\u00e9roulera sur la Place de la Nation et qui d\u00e9marrera d\u00e8s le vendredi matin avec le Grand Prix V\u00e9t\u00e9rans Roger Taillandier et rassemblera 128 \u00e9quipes. L&rsquo;international dont les premi\u00e8res parties seront lanc\u00e9es samedi d\u00e8s 9 h 30 concernera cette ann\u00e9e 400 \u00e9quipes et verra la participation de joueurs de renom comme Philippe Quintais, Philippe S<span class=\"_mh6 _wsc\"><span class=\"_mh6 _wsc\"><span class=\"_3oh- _58nk\">uchaud, Christian Fazzino et Marco Foyot. Voici le programme des 3 jours de comp\u00e9tition:<br \/>\n<\/span><\/span><\/span><\/li>\n<\/ul>\n<p><em><strong>vendredi 6 octobre : <\/strong><\/em><strong>9 h 30 : Grand prix V\u00e9t\u00e9rans Roger TAILLANDIER<\/strong><br \/>\n<strong>17 h : Gentleman de la Ville<\/strong> (tournoi associant \u00e9lus, personnalit\u00e9s et joueurs de renom)<\/p>\n<p><em><strong>samedi 7 octobre : <\/strong><\/em><strong>9 h 30 :<\/strong> D\u00e9but du 2\u00b0 International &amp; \u00e0 <strong>15 h :<\/strong> <strong>Challenge Fran\u00e7oise CHARBIT \/ BOULENCIEL<\/strong> (175 \u00e9quipes )<\/p>\n<p><em><strong>dimanche 8 octobre : \u00e0 <\/strong><\/em><strong>9 h : Concours t\u00eate \u00e0 t\u00eate \u00ab\u00a0A et B<\/strong>\u00a0\u00bb et reprise de l&rsquo;International et du Challenge<br \/>\n<strong>14 h : Triplettes mixtes \u00ab\u00a0A et B\u00a0\u00bb<\/strong><br \/>\n<strong>17 h :<\/strong> Finales de l&rsquo;International et du Challenge<\/p>\n<ul>\n<li><span style=\"text-decoration: underline\"><strong>13\u00b0 RAID DU CASTOR<\/strong><\/span> : Manifestation organis\u00e9e par le <span class=\"info\">Club du Grand Parc de Miribel et l\u2019ASUL Aviron.<\/span><\/li>\n<\/ul>\n<p>Plusieurs formules sont propos\u00e9es : 5 raids (2 le samedi et 3 le dimanche):<\/p>\n<p><strong>Samedi 7 Octobre<\/strong> : \u00e0 13 h 30 : <strong>Raid Juniors<\/strong>. \u00e0 15 h : <strong>Raid Famille <\/strong><\/p>\n<p><strong> Dimanche\u00a08 Octobre<\/strong>: \u00e0 9 h :\u00a0 <strong>Raid D\u00e9fi &amp; <\/strong>\u00e0 10 h 15 : <strong>Raid O\u2019Sec (sans cano\u00eb) et\u00a0Raid D\u00e9couverte<\/strong><\/p>\n<h4>Plus d&rsquo;infos sur: <a href=\"http:\/\/raid-castor.asul-aviron.com\" target=\"_blank\" rel=\"noopener noreferrer\">http:\/\/raid-castor.asul-aviron.com<\/a><\/h4>\n<p><img loading=\"lazy\" decoding=\"async\" class=\"alignleft size-full wp-image-35196\" src=\"https:\/\/newsestlyonnais.fr\/site\/medias\/2017\/09\/NEWSESTLYONNAIS-RAID-CASTOR-2017.jpg\" alt=\"NEWSESTLYONNAIS - RAID CASTOR 2017\" width=\"1000\" height=\"750\" srcset=\"https:\/\/newsestlyonnais.fr\/site\/wp-content\/uploads\/2017\/09\/NEWSESTLYONNAIS-RAID-CASTOR-2017.jpg 1000w, https:\/\/newsestlyonnais.fr\/site\/wp-content\/uploads\/2017\/09\/NEWSESTLYONNAIS-RAID-CASTOR-2017-400x300.jpg 400w, https:\/\/newsestlyonnais.fr\/site\/wp-content\/uploads\/2017\/09\/NEWSESTLYONNAIS-RAID-CASTOR-2017-768x576.jpg 768w, https:\/\/newsestlyonnais.fr\/site\/wp-content\/uploads\/2017\/09\/NEWSESTLYONNAIS-RAID-CASTOR-2017-600x450.jpg 600w, https:\/\/newsestlyonnais.fr\/site\/wp-content\/uploads\/2017\/09\/NEWSESTLYONNAIS-RAID-CASTOR-2017-100x75.jpg 100w\" sizes=\"auto, (max-width: 1000px) 100vw, 1000px\" \/><\/p>\n","protected":false},"excerpt":{"rendered":"<p>Deux \u00e9v\u00e8nements sportifs organis\u00e9s par des clubs affili\u00e9s \u00e0 l&rsquo;Office Municipal des Sports, seront \u00e0 l&rsquo;affiche ce prochain week-end, \u00e0 savoir : 2\u00b0 INTERNATIONAL DE P\u00c9TANQUE DE VAULX-EN-VELIN: (Affiche A LA UNE). Une comp\u00e9tition qui se d\u00e9roulera sur la Place de la Nation et qui d\u00e9marrera d\u00e8s le vendredi matin avec le Grand Prix V\u00e9t\u00e9rans [&hellip;]<\/p>\n","protected":false},"author":4,"featured_media":34344,"comment_status":"open","ping_status":"open","sticky":false,"template":"","format":"standard","meta":{"footnotes":""},"categories":[574,2977,166,2978,28],"tags":[],"class_list":["post-35930","post","type-post","status-publish","format-standard","has-post-thumbnail","hentry","category-autres-sports","category-boules-petanque-sports","category-divers-sports","category-petanque-sports","category-vaulx-en-velin"],"yoast_head":"<!-- This site is optimized with the Yoast SEO plugin v27.2 - https:\/\/yoast.com\/product\/yoast-seo-wordpress\/ -->\n<title>VAULX EN VELIN : International de p\u00e9tanque et Raid du Castor ce prochain week-end<\/title>\n<meta name=\"description\" content=\"VAULX EN VELIN : International de p\u00e9tanque et Raid du Castor ce prochain week-end\" \/>\n<meta name=\"robots\" content=\"index, follow, max-snippet:-1, max-image-preview:large, max-video-preview:-1\" \/>\n<link rel=\"canonical\" href=\"https:\/\/newsestlyonnais.fr\/site\/2017\/10\/05\/vaulx-en-velin-international-de-petanque-et-raid-du-castor-ce-prochain-week-end\/\" \/>\n<meta property=\"og:locale\" content=\"fr_FR\" \/>\n<meta property=\"og:type\" content=\"article\" \/>\n<meta property=\"og:title\" content=\"VAULX EN VELIN : International de p\u00e9tanque et Raid du Castor ce prochain week-end\" \/>\n<meta property=\"og:description\" content=\"VAULX EN VELIN : International de p\u00e9tanque et Raid du Castor ce prochain week-end\" \/>\n<meta property=\"og:url\" content=\"https:\/\/newsestlyonnais.fr\/site\/2017\/10\/05\/vaulx-en-velin-international-de-petanque-et-raid-du-castor-ce-prochain-week-end\/\" \/>\n<meta property=\"og:site_name\" content=\"News Est Lyonnais\" \/>\n<meta property=\"article:author\" content=\"https:\/\/www.facebook.com\/pascal.oberson.1?fref=ts\" \/>\n<meta property=\"article:published_time\" content=\"2017-10-05T05:07:20+00:00\" \/>\n<meta property=\"article:modified_time\" content=\"2020-11-12T18:23:05+00:00\" \/>\n<meta property=\"og:image\" content=\"https:\/\/i1.wp.com\/newsestlyonnais.fr\/site\/wp-content\/uploads\/2017\/09\/NEWSESTLYONNAIS-INTERN-PETANQUE-VAULX.jpg?fit=1000%2C750&ssl=1\" \/>\n\t<meta property=\"og:image:width\" content=\"1000\" \/>\n\t<meta property=\"og:image:height\" content=\"750\" \/>\n\t<meta property=\"og:image:type\" content=\"image\/jpeg\" \/>\n<meta name=\"author\" content=\"R\u00e9dac. NEWS\" \/>\n<meta name=\"twitter:card\" content=\"summary_large_image\" \/>\n<meta name=\"twitter:label1\" content=\"\u00c9crit par\" \/>\n\t<meta name=\"twitter:data1\" content=\"R\u00e9dac. NEWS\" \/>\n\t<meta name=\"twitter:label2\" content=\"Dur\u00e9e de lecture estim\u00e9e\" \/>\n\t<meta name=\"twitter:data2\" content=\"1 minute\" \/>\n<script type=\"application\/ld+json\" class=\"yoast-schema-graph\">{\"@context\":\"https:\/\/schema.org\",\"@graph\":[{\"@type\":\"Article\",\"@id\":\"https:\/\/newsestlyonnais.fr\/site\/2017\/10\/05\/vaulx-en-velin-international-de-petanque-et-raid-du-castor-ce-prochain-week-end\/#article\",\"isPartOf\":{\"@id\":\"https:\/\/newsestlyonnais.fr\/site\/2017\/10\/05\/vaulx-en-velin-international-de-petanque-et-raid-du-castor-ce-prochain-week-end\/\"},\"author\":{\"name\":\"R\u00e9dac. NEWS\",\"@id\":\"https:\/\/newsestlyonnais.fr\/site\/#\/schema\/person\/3230d5615f390bb808365d673001e887\"},\"headline\":\"VAULX-EN-VELIN | International de p\u00e9tanque et Raid du Castor ce prochain week-end\",\"datePublished\":\"2017-10-05T05:07:20+00:00\",\"dateModified\":\"2020-11-12T18:23:05+00:00\",\"mainEntityOfPage\":{\"@id\":\"https:\/\/newsestlyonnais.fr\/site\/2017\/10\/05\/vaulx-en-velin-international-de-petanque-et-raid-du-castor-ce-prochain-week-end\/\"},\"wordCount\":259,\"commentCount\":0,\"publisher\":{\"@id\":\"https:\/\/newsestlyonnais.fr\/site\/#organization\"},\"image\":{\"@id\":\"https:\/\/newsestlyonnais.fr\/site\/2017\/10\/05\/vaulx-en-velin-international-de-petanque-et-raid-du-castor-ce-prochain-week-end\/#primaryimage\"},\"thumbnailUrl\":\"https:\/\/newsestlyonnais.fr\/site\/wp-content\/uploads\/2017\/09\/NEWSESTLYONNAIS-INTERN-PETANQUE-VAULX.jpg\",\"articleSection\":[\"Autres sports\",\"Boules | P\u00e9tanque\",\"Divers Sports\",\"P\u00e9tanque\",\"Vaulx-en-Velin\"],\"inLanguage\":\"fr-FR\",\"potentialAction\":[{\"@type\":\"CommentAction\",\"name\":\"Comment\",\"target\":[\"https:\/\/newsestlyonnais.fr\/site\/2017\/10\/05\/vaulx-en-velin-international-de-petanque-et-raid-du-castor-ce-prochain-week-end\/#respond\"]}]},{\"@type\":\"WebPage\",\"@id\":\"https:\/\/newsestlyonnais.fr\/site\/2017\/10\/05\/vaulx-en-velin-international-de-petanque-et-raid-du-castor-ce-prochain-week-end\/\",\"url\":\"https:\/\/newsestlyonnais.fr\/site\/2017\/10\/05\/vaulx-en-velin-international-de-petanque-et-raid-du-castor-ce-prochain-week-end\/\",\"name\":\"VAULX EN VELIN : International de p\u00e9tanque et Raid du Castor ce prochain week-end\",\"isPartOf\":{\"@id\":\"https:\/\/newsestlyonnais.fr\/site\/#website\"},\"primaryImageOfPage\":{\"@id\":\"https:\/\/newsestlyonnais.fr\/site\/2017\/10\/05\/vaulx-en-velin-international-de-petanque-et-raid-du-castor-ce-prochain-week-end\/#primaryimage\"},\"image\":{\"@id\":\"https:\/\/newsestlyonnais.fr\/site\/2017\/10\/05\/vaulx-en-velin-international-de-petanque-et-raid-du-castor-ce-prochain-week-end\/#primaryimage\"},\"thumbnailUrl\":\"https:\/\/newsestlyonnais.fr\/site\/wp-content\/uploads\/2017\/09\/NEWSESTLYONNAIS-INTERN-PETANQUE-VAULX.jpg\",\"datePublished\":\"2017-10-05T05:07:20+00:00\",\"dateModified\":\"2020-11-12T18:23:05+00:00\",\"description\":\"VAULX EN VELIN : International de p\u00e9tanque et Raid du Castor ce prochain week-end\",\"breadcrumb\":{\"@id\":\"https:\/\/newsestlyonnais.fr\/site\/2017\/10\/05\/vaulx-en-velin-international-de-petanque-et-raid-du-castor-ce-prochain-week-end\/#breadcrumb\"},\"inLanguage\":\"fr-FR\",\"potentialAction\":[{\"@type\":\"ReadAction\",\"target\":[\"https:\/\/newsestlyonnais.fr\/site\/2017\/10\/05\/vaulx-en-velin-international-de-petanque-et-raid-du-castor-ce-prochain-week-end\/\"]}]},{\"@type\":\"ImageObject\",\"inLanguage\":\"fr-FR\",\"@id\":\"https:\/\/newsestlyonnais.fr\/site\/2017\/10\/05\/vaulx-en-velin-international-de-petanque-et-raid-du-castor-ce-prochain-week-end\/#primaryimage\",\"url\":\"https:\/\/newsestlyonnais.fr\/site\/wp-content\/uploads\/2017\/09\/NEWSESTLYONNAIS-INTERN-PETANQUE-VAULX.jpg\",\"contentUrl\":\"https:\/\/newsestlyonnais.fr\/site\/wp-content\/uploads\/2017\/09\/NEWSESTLYONNAIS-INTERN-PETANQUE-VAULX.jpg\",\"width\":1000,\"height\":750,\"caption\":\"International de P\u00e9tanque\"},{\"@type\":\"BreadcrumbList\",\"@id\":\"https:\/\/newsestlyonnais.fr\/site\/2017\/10\/05\/vaulx-en-velin-international-de-petanque-et-raid-du-castor-ce-prochain-week-end\/#breadcrumb\",\"itemListElement\":[{\"@type\":\"ListItem\",\"position\":1,\"name\":\"Accueil\",\"item\":\"https:\/\/newsestlyonnais.fr\/site\/\"},{\"@type\":\"ListItem\",\"position\":2,\"name\":\"VAULX-EN-VELIN | International de p\u00e9tanque et Raid du Castor ce prochain week-end\"}]},{\"@type\":\"WebSite\",\"@id\":\"https:\/\/newsestlyonnais.fr\/site\/#website\",\"url\":\"https:\/\/newsestlyonnais.fr\/site\/\",\"name\":\"News Est Lyonnais\",\"description\":\"L&#039;actualit\u00e9 au plus pr\u00e8s\",\"publisher\":{\"@id\":\"https:\/\/newsestlyonnais.fr\/site\/#organization\"},\"potentialAction\":[{\"@type\":\"SearchAction\",\"target\":{\"@type\":\"EntryPoint\",\"urlTemplate\":\"https:\/\/newsestlyonnais.fr\/site\/?s={search_term_string}\"},\"query-input\":{\"@type\":\"PropertyValueSpecification\",\"valueRequired\":true,\"valueName\":\"search_term_string\"}}],\"inLanguage\":\"fr-FR\"},{\"@type\":\"Organization\",\"@id\":\"https:\/\/newsestlyonnais.fr\/site\/#organization\",\"name\":\"News EST LYONNAIS\",\"url\":\"https:\/\/newsestlyonnais.fr\/site\/\",\"logo\":{\"@type\":\"ImageObject\",\"inLanguage\":\"fr-FR\",\"@id\":\"https:\/\/newsestlyonnais.fr\/site\/#\/schema\/logo\/image\/\",\"url\":\"\",\"contentUrl\":\"\",\"caption\":\"News EST LYONNAIS\"},\"image\":{\"@id\":\"https:\/\/newsestlyonnais.fr\/site\/#\/schema\/logo\/image\/\"}},{\"@type\":\"Person\",\"@id\":\"https:\/\/newsestlyonnais.fr\/site\/#\/schema\/person\/3230d5615f390bb808365d673001e887\",\"name\":\"R\u00e9dac. NEWS\",\"sameAs\":[\"http:\/\/www.newsestlyonnais.fr\",\"https:\/\/www.facebook.com\/pascal.oberson.1?fref=ts\",\"https:\/\/fr.linkedin.com\/in\/pascal-oberson-b17045113\"],\"url\":\"https:\/\/newsestlyonnais.fr\/site\/author\/nel\/\"}]}<\/script>\n<!-- \/ Yoast SEO plugin. -->","yoast_head_json":{"title":"VAULX EN VELIN : International de p\u00e9tanque et Raid du Castor ce prochain week-end","description":"VAULX EN VELIN : International de p\u00e9tanque et Raid du Castor ce prochain week-end","robots":{"index":"index","follow":"follow","max-snippet":"max-snippet:-1","max-image-preview":"max-image-preview:large","max-video-preview":"max-video-preview:-1"},"canonical":"https:\/\/newsestlyonnais.fr\/site\/2017\/10\/05\/vaulx-en-velin-international-de-petanque-et-raid-du-castor-ce-prochain-week-end\/","og_locale":"fr_FR","og_type":"article","og_title":"VAULX EN VELIN : International de p\u00e9tanque et Raid du Castor ce prochain week-end","og_description":"VAULX EN VELIN : International de p\u00e9tanque et Raid du Castor ce prochain week-end","og_url":"https:\/\/newsestlyonnais.fr\/site\/2017\/10\/05\/vaulx-en-velin-international-de-petanque-et-raid-du-castor-ce-prochain-week-end\/","og_site_name":"News Est Lyonnais","article_author":"https:\/\/www.facebook.com\/pascal.oberson.1?fref=ts","article_published_time":"2017-10-05T05:07:20+00:00","article_modified_time":"2020-11-12T18:23:05+00:00","og_image":[{"width":1000,"height":750,"url":"https:\/\/i1.wp.com\/newsestlyonnais.fr\/site\/wp-content\/uploads\/2017\/09\/NEWSESTLYONNAIS-INTERN-PETANQUE-VAULX.jpg?fit=1000%2C750&ssl=1","type":"image\/jpeg"}],"author":"R\u00e9dac. NEWS","twitter_card":"summary_large_image","twitter_misc":{"\u00c9crit par":"R\u00e9dac. NEWS","Dur\u00e9e de lecture estim\u00e9e":"1 minute"},"schema":{"@context":"https:\/\/schema.org","@graph":[{"@type":"Article","@id":"https:\/\/newsestlyonnais.fr\/site\/2017\/10\/05\/vaulx-en-velin-international-de-petanque-et-raid-du-castor-ce-prochain-week-end\/#article","isPartOf":{"@id":"https:\/\/newsestlyonnais.fr\/site\/2017\/10\/05\/vaulx-en-velin-international-de-petanque-et-raid-du-castor-ce-prochain-week-end\/"},"author":{"name":"R\u00e9dac. NEWS","@id":"https:\/\/newsestlyonnais.fr\/site\/#\/schema\/person\/3230d5615f390bb808365d673001e887"},"headline":"VAULX-EN-VELIN | International de p\u00e9tanque et Raid du Castor ce prochain week-end","datePublished":"2017-10-05T05:07:20+00:00","dateModified":"2020-11-12T18:23:05+00:00","mainEntityOfPage":{"@id":"https:\/\/newsestlyonnais.fr\/site\/2017\/10\/05\/vaulx-en-velin-international-de-petanque-et-raid-du-castor-ce-prochain-week-end\/"},"wordCount":259,"commentCount":0,"publisher":{"@id":"https:\/\/newsestlyonnais.fr\/site\/#organization"},"image":{"@id":"https:\/\/newsestlyonnais.fr\/site\/2017\/10\/05\/vaulx-en-velin-international-de-petanque-et-raid-du-castor-ce-prochain-week-end\/#primaryimage"},"thumbnailUrl":"https:\/\/newsestlyonnais.fr\/site\/wp-content\/uploads\/2017\/09\/NEWSESTLYONNAIS-INTERN-PETANQUE-VAULX.jpg","articleSection":["Autres sports","Boules | P\u00e9tanque","Divers Sports","P\u00e9tanque","Vaulx-en-Velin"],"inLanguage":"fr-FR","potentialAction":[{"@type":"CommentAction","name":"Comment","target":["https:\/\/newsestlyonnais.fr\/site\/2017\/10\/05\/vaulx-en-velin-international-de-petanque-et-raid-du-castor-ce-prochain-week-end\/#respond"]}]},{"@type":"WebPage","@id":"https:\/\/newsestlyonnais.fr\/site\/2017\/10\/05\/vaulx-en-velin-international-de-petanque-et-raid-du-castor-ce-prochain-week-end\/","url":"https:\/\/newsestlyonnais.fr\/site\/2017\/10\/05\/vaulx-en-velin-international-de-petanque-et-raid-du-castor-ce-prochain-week-end\/","name":"VAULX EN VELIN : International de p\u00e9tanque et Raid du Castor ce prochain week-end","isPartOf":{"@id":"https:\/\/newsestlyonnais.fr\/site\/#website"},"primaryImageOfPage":{"@id":"https:\/\/newsestlyonnais.fr\/site\/2017\/10\/05\/vaulx-en-velin-international-de-petanque-et-raid-du-castor-ce-prochain-week-end\/#primaryimage"},"image":{"@id":"https:\/\/newsestlyonnais.fr\/site\/2017\/10\/05\/vaulx-en-velin-international-de-petanque-et-raid-du-castor-ce-prochain-week-end\/#primaryimage"},"thumbnailUrl":"https:\/\/newsestlyonnais.fr\/site\/wp-content\/uploads\/2017\/09\/NEWSESTLYONNAIS-INTERN-PETANQUE-VAULX.jpg","datePublished":"2017-10-05T05:07:20+00:00","dateModified":"2020-11-12T18:23:05+00:00","description":"VAULX EN VELIN : International de p\u00e9tanque et Raid du Castor ce prochain week-end","breadcrumb":{"@id":"https:\/\/newsestlyonnais.fr\/site\/2017\/10\/05\/vaulx-en-velin-international-de-petanque-et-raid-du-castor-ce-prochain-week-end\/#breadcrumb"},"inLanguage":"fr-FR","potentialAction":[{"@type":"ReadAction","target":["https:\/\/newsestlyonnais.fr\/site\/2017\/10\/05\/vaulx-en-velin-international-de-petanque-et-raid-du-castor-ce-prochain-week-end\/"]}]},{"@type":"ImageObject","inLanguage":"fr-FR","@id":"https:\/\/newsestlyonnais.fr\/site\/2017\/10\/05\/vaulx-en-velin-international-de-petanque-et-raid-du-castor-ce-prochain-week-end\/#primaryimage","url":"https:\/\/newsestlyonnais.fr\/site\/wp-content\/uploads\/2017\/09\/NEWSESTLYONNAIS-INTERN-PETANQUE-VAULX.jpg","contentUrl":"https:\/\/newsestlyonnais.fr\/site\/wp-content\/uploads\/2017\/09\/NEWSESTLYONNAIS-INTERN-PETANQUE-VAULX.jpg","width":1000,"height":750,"caption":"International de P\u00e9tanque"},{"@type":"BreadcrumbList","@id":"https:\/\/newsestlyonnais.fr\/site\/2017\/10\/05\/vaulx-en-velin-international-de-petanque-et-raid-du-castor-ce-prochain-week-end\/#breadcrumb","itemListElement":[{"@type":"ListItem","position":1,"name":"Accueil","item":"https:\/\/newsestlyonnais.fr\/site\/"},{"@type":"ListItem","position":2,"name":"VAULX-EN-VELIN | International de p\u00e9tanque et Raid du Castor ce prochain week-end"}]},{"@type":"WebSite","@id":"https:\/\/newsestlyonnais.fr\/site\/#website","url":"https:\/\/newsestlyonnais.fr\/site\/","name":"News Est Lyonnais","description":"L&#039;actualit\u00e9 au plus pr\u00e8s","publisher":{"@id":"https:\/\/newsestlyonnais.fr\/site\/#organization"},"potentialAction":[{"@type":"SearchAction","target":{"@type":"EntryPoint","urlTemplate":"https:\/\/newsestlyonnais.fr\/site\/?s={search_term_string}"},"query-input":{"@type":"PropertyValueSpecification","valueRequired":true,"valueName":"search_term_string"}}],"inLanguage":"fr-FR"},{"@type":"Organization","@id":"https:\/\/newsestlyonnais.fr\/site\/#organization","name":"News EST LYONNAIS","url":"https:\/\/newsestlyonnais.fr\/site\/","logo":{"@type":"ImageObject","inLanguage":"fr-FR","@id":"https:\/\/newsestlyonnais.fr\/site\/#\/schema\/logo\/image\/","url":"","contentUrl":"","caption":"News EST LYONNAIS"},"image":{"@id":"https:\/\/newsestlyonnais.fr\/site\/#\/schema\/logo\/image\/"}},{"@type":"Person","@id":"https:\/\/newsestlyonnais.fr\/site\/#\/schema\/person\/3230d5615f390bb808365d673001e887","name":"R\u00e9dac. NEWS","sameAs":["http:\/\/www.newsestlyonnais.fr","https:\/\/www.facebook.com\/pascal.oberson.1?fref=ts","https:\/\/fr.linkedin.com\/in\/pascal-oberson-b17045113"],"url":"https:\/\/newsestlyonnais.fr\/site\/author\/nel\/"}]}},"_links":{"self":[{"href":"https:\/\/newsestlyonnais.fr\/site\/wp-json\/wp\/v2\/posts\/35930","targetHints":{"allow":["GET"]}}],"collection":[{"href":"https:\/\/newsestlyonnais.fr\/site\/wp-json\/wp\/v2\/posts"}],"about":[{"href":"https:\/\/newsestlyonnais.fr\/site\/wp-json\/wp\/v2\/types\/post"}],"author":[{"embeddable":true,"href":"https:\/\/newsestlyonnais.fr\/site\/wp-json\/wp\/v2\/users\/4"}],"replies":[{"embeddable":true,"href":"https:\/\/newsestlyonnais.fr\/site\/wp-json\/wp\/v2\/comments?post=35930"}],"version-history":[{"count":0,"href":"https:\/\/newsestlyonnais.fr\/site\/wp-json\/wp\/v2\/posts\/35930\/revisions"}],"wp:featuredmedia":[{"embeddable":true,"href":"https:\/\/newsestlyonnais.fr\/site\/wp-json\/wp\/v2\/media\/34344"}],"wp:attachment":[{"href":"https:\/\/newsestlyonnais.fr\/site\/wp-json\/wp\/v2\/media?parent=35930"}],"wp:term":[{"taxonomy":"category","embeddable":true,"href":"https:\/\/newsestlyonnais.fr\/site\/wp-json\/wp\/v2\/categories?post=35930"},{"taxonomy":"post_tag","embeddable":true,"href":"https:\/\/newsestlyonnais.fr\/site\/wp-json\/wp\/v2\/tags?post=35930"}],"curies":[{"name":"wp","href":"https:\/\/api.w.org\/{rel}","templated":true}]}}