{"id":35970,"date":"2017-10-05T07:38:22","date_gmt":"2017-10-05T06:38:22","guid":{"rendered":"http:\/\/newsestlyonnais.fr\/site\/?p=35970"},"modified":"2017-10-05T07:38:22","modified_gmt":"2017-10-05T06:38:22","slug":"villeurbanne-la-commune-habitee-par-un-brain-de-folie-le-14-octobre","status":"publish","type":"post","link":"https:\/\/newsestlyonnais.fr\/site\/2017\/10\/05\/villeurbanne-la-commune-habitee-par-un-brain-de-folie-le-14-octobre\/","title":{"rendered":"VILLEURBANNE : La commune habit\u00e9e par un \u00ab br(a)in de folie \u00bb le 14 octobre"},"content":{"rendered":"<p class=\"ox-428e374b04-MsoNormal\"><b>Dans le cadre de la \u00ab\u00a0Journ\u00e9e mondiale de la sant\u00e9 mentale\u00a0\u00bb, le Conseil local de sant\u00e9 mentale organise Br(a)in de folie, samedi 14 octobre de 15 h \u00e0 18 h sur le parvis de l\u2019h\u00f4tel de ville.<br \/>\n<\/b><\/p>\n<p class=\"ox-428e374b04-MsoNormal\"><i>Les id\u00e9es re\u00e7ues autour de la sant\u00e9 mentale sont nombreuses. Pour faire \u00e9voluer les repr\u00e9sentations autour de cette probl\u00e9matique le Conseil local de sant\u00e9 mentale de Villeurbanne propose, pour la <strong>2\u00b0 ann\u00e9e cons\u00e9cutive<\/strong>,\u00ab Br(a)in de folie \u00bb, samedi 14 octobre sur le parvis de l\u2019h\u00f4tel de ville. <\/i><\/p>\n<p class=\"ox-428e374b04-MsoNormal\"><i>Une manifestation ludique et participative pour permettre de mieux appr\u00e9hender les troubles psychiques et conna\u00eetre les ressources disponibles. <\/i><\/p>\n<p class=\"ox-428e374b04-MsoNormal\">Si l\u2019on \u00e9change volontiers sur tous les maux du quotidien : t\u00eate, ventre, dos, l\u2019\u00e9vocation des troubles psychiques \u2013 les siens ou ceux de son entourage &#8211; restent encore souvent tabou. Pour faire \u00e9voluer les repr\u00e9sentations sur la sant\u00e9 mentale et communiquer sur les ressources disponibles, le Conseil local de sant\u00e9 mentale de Villeurbanne organise Br(a)in de folie, samedi 14 octobre de 15h \u00e0 18h sur le parvis de l\u2019h\u00f4tel de ville. Un \u00e9v\u00e9nement grand public, festif et participatif, dans le cadre de la journ\u00e9e mondiale de la sant\u00e9 mentale.<\/p>\n<p class=\"ox-428e374b04-MsoNormal\">Cette ann\u00e9e, un \u00ab <b>p\u00f4le des arts<\/b> \u00bb prendra place au c\u0153ur de la manifestation autour notamment de l\u2019exposition <b>L\u2019\u00e9clipse d\u2019un ange<\/b> &#8211; de grandes planches issues de la bande dessin\u00e9e \u00e9ponyme &#8211; dans laquelle patients et soignants de l\u2019h\u00f4pital de jour de D\u00e9cines racontent en mots et en images l\u2019entr\u00e9e dans la schizophr\u00e9nie.<\/p>\n<p class=\"ox-428e374b04-MsoNormal\">Une <b>initiation \u00e0 la sophrologie ainsi qu\u2019au massage et \u00e0 l\u2019\u00e9veil corporel<\/b> sera propos\u00e9e. Une premi\u00e8re approche pour mieux g\u00e9rer son stress en compl\u00e9ment de soins m\u00e9dicaux. Les troubles psychiques conduisent en effet souvent \u00e0 une n\u00e9gation du corps. Or, les \u00e9tats de stress violents peuvent avoir des r\u00e9percussions physiques et provoquer des pathologies lourdes.<\/p>\n<p class=\"ox-428e374b04-MsoNormal\">Un <b>atelier autour de la nutrition <\/b>proposera par ailleurs de r\u00e9aliser des menus \u00e9quilibr\u00e9s, de r\u00e9pondre \u00e0 un quiz autour d\u2019une d\u00e9gustation de jus, de reconna\u00eetre les aliments par le toucher. Il s\u2019agira de mieux comprendre le lien entre \u00ab bien manger \u00bb et \u00ab bien-\u00eatre \u00bb.<\/p>\n<p class=\"ox-428e374b04-MsoNormal\">Le public pourra, via un <b>mur d\u2019expression<\/b>, donner son point de vue, s\u2019exprimer sans tabou sur la sant\u00e9 mentale. Parents et enfants seront invit\u00e9s \u00e0 participer \u00e0 une activit\u00e9 autour de la perception \u00e0 partir de supports visuels. Une mani\u00e8re d\u2019apprendre, d\u00e8s le plus jeune \u00e2ge, que tout en cohabitant dans un environnement commun, chacun a une perception singuli\u00e8re du monde qui l\u2019entoure.<\/p>\n<p class=\"ox-428e374b04-MsoNormal\">L\u2019association Messidor pr\u00e9sentera le \u00ab <b>job coaching<\/b> \u00bb, un dispositif qui facilite la r\u00e9insertion professionnelle des personnes en situation de handicap psychique. Apr\u00e8s une \u00e9valuation des aptitudes, des besoins du poste, de l\u2019environnement physique et social, une adaptation mat\u00e9rielle et un accompagnement sp\u00e9cifique sont propos\u00e9s, notamment dans des \u00e9tablissements de transition (Esat par exemple).<\/p>\n<p class=\"ox-428e374b04-MsoNormal\"><strong>Partenaires de l\u2019op\u00e9ration<\/strong> : Psychiatrie adulte CH Le Vinatier, UNAFAM, GEM Envol et Compagnie, l\u2019Ades du Rh\u00f4ne, la Miete, Sophrologie mouvement vie, Messidor, Ville de Villeurbanne.<\/p>\n<ul>\n<li>\n<h4>L&rsquo;ACTU de la commune \u00e0 retrouver sur: <a href=\"http:\/\/www.villeurbanne.fr\" target=\"_blank\" rel=\"noopener\">http:\/\/www.villeurbanne.fr<\/a><\/h4>\n<\/li>\n<\/ul>\n","protected":false},"excerpt":{"rendered":"<p>Dans le cadre de la \u00ab\u00a0Journ\u00e9e mondiale de la sant\u00e9 mentale\u00a0\u00bb, le Conseil local de sant\u00e9 mentale organise Br(a)in de folie, samedi 14 octobre de 15 h \u00e0 18 h sur le parvis de l\u2019h\u00f4tel de ville. Les id\u00e9es re\u00e7ues autour de la sant\u00e9 mentale sont nombreuses. Pour faire \u00e9voluer les repr\u00e9sentations autour de cette [&hellip;]<\/p>\n","protected":false},"author":4,"featured_media":12277,"comment_status":"open","ping_status":"open","sticky":false,"template":"","format":"standard","meta":{"footnotes":""},"categories":[30,18,29],"tags":[],"class_list":["post-35970","post","type-post","status-publish","format-standard","has-post-thumbnail","hentry","category-a-la-une","category-sante-bien-etre-solidarite","category-villeurbanne"],"yoast_head":"<!-- This site is optimized with the Yoast SEO plugin v27.2 - https:\/\/yoast.com\/product\/yoast-seo-wordpress\/ -->\n<title>VILLEURBANNE : La commune habit\u00e9e par un \u00ab br(a)in de folie \u00bb le 14 octobre<\/title>\n<meta name=\"description\" content=\"VILLEURBANNE : La commune habit\u00e9e par un \u00ab br(a)in de folie \u00bb le 14 octobre\" \/>\n<meta name=\"robots\" content=\"index, follow, max-snippet:-1, max-image-preview:large, max-video-preview:-1\" \/>\n<link rel=\"canonical\" href=\"https:\/\/newsestlyonnais.fr\/site\/2017\/10\/05\/villeurbanne-la-commune-habitee-par-un-brain-de-folie-le-14-octobre\/\" \/>\n<meta property=\"og:locale\" content=\"fr_FR\" \/>\n<meta property=\"og:type\" content=\"article\" \/>\n<meta property=\"og:title\" content=\"VILLEURBANNE : La commune habit\u00e9e par un \u00ab br(a)in de folie \u00bb le 14 octobre\" \/>\n<meta property=\"og:description\" content=\"VILLEURBANNE : La commune habit\u00e9e par un \u00ab br(a)in de folie \u00bb le 14 octobre\" \/>\n<meta property=\"og:url\" content=\"https:\/\/newsestlyonnais.fr\/site\/2017\/10\/05\/villeurbanne-la-commune-habitee-par-un-brain-de-folie-le-14-octobre\/\" \/>\n<meta property=\"og:site_name\" content=\"News Est Lyonnais\" \/>\n<meta property=\"article:author\" content=\"https:\/\/www.facebook.com\/pascal.oberson.1?fref=ts\" \/>\n<meta property=\"article:published_time\" content=\"2017-10-05T06:38:22+00:00\" \/>\n<meta property=\"og:image\" content=\"https:\/\/i0.wp.com\/newsestlyonnais.fr\/site\/wp-content\/uploads\/2016\/09\/NEWSESTLYONNAIS-PANNEAUVILLEURBANNE.jpg?fit=1000%2C750&ssl=1\" \/>\n\t<meta property=\"og:image:width\" content=\"1000\" \/>\n\t<meta property=\"og:image:height\" content=\"750\" \/>\n\t<meta property=\"og:image:type\" content=\"image\/jpeg\" \/>\n<meta name=\"author\" content=\"R\u00e9dac. NEWS\" \/>\n<meta name=\"twitter:card\" content=\"summary_large_image\" \/>\n<meta name=\"twitter:label1\" content=\"\u00c9crit par\" \/>\n\t<meta name=\"twitter:data1\" content=\"R\u00e9dac. NEWS\" \/>\n\t<meta name=\"twitter:label2\" content=\"Dur\u00e9e de lecture estim\u00e9e\" \/>\n\t<meta name=\"twitter:data2\" content=\"3 minutes\" \/>\n<script type=\"application\/ld+json\" class=\"yoast-schema-graph\">{\"@context\":\"https:\/\/schema.org\",\"@graph\":[{\"@type\":\"Article\",\"@id\":\"https:\/\/newsestlyonnais.fr\/site\/2017\/10\/05\/villeurbanne-la-commune-habitee-par-un-brain-de-folie-le-14-octobre\/#article\",\"isPartOf\":{\"@id\":\"https:\/\/newsestlyonnais.fr\/site\/2017\/10\/05\/villeurbanne-la-commune-habitee-par-un-brain-de-folie-le-14-octobre\/\"},\"author\":{\"name\":\"R\u00e9dac. NEWS\",\"@id\":\"https:\/\/newsestlyonnais.fr\/site\/#\/schema\/person\/3230d5615f390bb808365d673001e887\"},\"headline\":\"VILLEURBANNE : La commune habit\u00e9e par un \u00ab br(a)in de folie \u00bb le 14 octobre\",\"datePublished\":\"2017-10-05T06:38:22+00:00\",\"mainEntityOfPage\":{\"@id\":\"https:\/\/newsestlyonnais.fr\/site\/2017\/10\/05\/villeurbanne-la-commune-habitee-par-un-brain-de-folie-le-14-octobre\/\"},\"wordCount\":566,\"commentCount\":0,\"publisher\":{\"@id\":\"https:\/\/newsestlyonnais.fr\/site\/#organization\"},\"image\":{\"@id\":\"https:\/\/newsestlyonnais.fr\/site\/2017\/10\/05\/villeurbanne-la-commune-habitee-par-un-brain-de-folie-le-14-octobre\/#primaryimage\"},\"thumbnailUrl\":\"https:\/\/newsestlyonnais.fr\/site\/wp-content\/uploads\/2016\/09\/NEWSESTLYONNAIS-PANNEAUVILLEURBANNE.jpg\",\"articleSection\":[\"\u00e0 la une\",\"Sant\u00e9 | Bien Etre | Solidarit\u00e9\",\"Villeurbanne\"],\"inLanguage\":\"fr-FR\",\"potentialAction\":[{\"@type\":\"CommentAction\",\"name\":\"Comment\",\"target\":[\"https:\/\/newsestlyonnais.fr\/site\/2017\/10\/05\/villeurbanne-la-commune-habitee-par-un-brain-de-folie-le-14-octobre\/#respond\"]}]},{\"@type\":\"WebPage\",\"@id\":\"https:\/\/newsestlyonnais.fr\/site\/2017\/10\/05\/villeurbanne-la-commune-habitee-par-un-brain-de-folie-le-14-octobre\/\",\"url\":\"https:\/\/newsestlyonnais.fr\/site\/2017\/10\/05\/villeurbanne-la-commune-habitee-par-un-brain-de-folie-le-14-octobre\/\",\"name\":\"VILLEURBANNE : La commune habit\u00e9e par un \u00ab br(a)in de folie \u00bb le 14 octobre\",\"isPartOf\":{\"@id\":\"https:\/\/newsestlyonnais.fr\/site\/#website\"},\"primaryImageOfPage\":{\"@id\":\"https:\/\/newsestlyonnais.fr\/site\/2017\/10\/05\/villeurbanne-la-commune-habitee-par-un-brain-de-folie-le-14-octobre\/#primaryimage\"},\"image\":{\"@id\":\"https:\/\/newsestlyonnais.fr\/site\/2017\/10\/05\/villeurbanne-la-commune-habitee-par-un-brain-de-folie-le-14-octobre\/#primaryimage\"},\"thumbnailUrl\":\"https:\/\/newsestlyonnais.fr\/site\/wp-content\/uploads\/2016\/09\/NEWSESTLYONNAIS-PANNEAUVILLEURBANNE.jpg\",\"datePublished\":\"2017-10-05T06:38:22+00:00\",\"description\":\"VILLEURBANNE : La commune habit\u00e9e par un \u00ab br(a)in de folie \u00bb le 14 octobre\",\"breadcrumb\":{\"@id\":\"https:\/\/newsestlyonnais.fr\/site\/2017\/10\/05\/villeurbanne-la-commune-habitee-par-un-brain-de-folie-le-14-octobre\/#breadcrumb\"},\"inLanguage\":\"fr-FR\",\"potentialAction\":[{\"@type\":\"ReadAction\",\"target\":[\"https:\/\/newsestlyonnais.fr\/site\/2017\/10\/05\/villeurbanne-la-commune-habitee-par-un-brain-de-folie-le-14-octobre\/\"]}]},{\"@type\":\"ImageObject\",\"inLanguage\":\"fr-FR\",\"@id\":\"https:\/\/newsestlyonnais.fr\/site\/2017\/10\/05\/villeurbanne-la-commune-habitee-par-un-brain-de-folie-le-14-octobre\/#primaryimage\",\"url\":\"https:\/\/newsestlyonnais.fr\/site\/wp-content\/uploads\/2016\/09\/NEWSESTLYONNAIS-PANNEAUVILLEURBANNE.jpg\",\"contentUrl\":\"https:\/\/newsestlyonnais.fr\/site\/wp-content\/uploads\/2016\/09\/NEWSESTLYONNAIS-PANNEAUVILLEURBANNE.jpg\",\"width\":1000,\"height\":750,\"caption\":\"newsestlyonnais-panneauvilleurbanne\"},{\"@type\":\"BreadcrumbList\",\"@id\":\"https:\/\/newsestlyonnais.fr\/site\/2017\/10\/05\/villeurbanne-la-commune-habitee-par-un-brain-de-folie-le-14-octobre\/#breadcrumb\",\"itemListElement\":[{\"@type\":\"ListItem\",\"position\":1,\"name\":\"Accueil\",\"item\":\"https:\/\/newsestlyonnais.fr\/site\/\"},{\"@type\":\"ListItem\",\"position\":2,\"name\":\"VILLEURBANNE : La commune habit\u00e9e par un \u00ab br(a)in de folie \u00bb le 14 octobre\"}]},{\"@type\":\"WebSite\",\"@id\":\"https:\/\/newsestlyonnais.fr\/site\/#website\",\"url\":\"https:\/\/newsestlyonnais.fr\/site\/\",\"name\":\"News Est Lyonnais\",\"description\":\"L&#039;actualit\u00e9 au plus pr\u00e8s\",\"publisher\":{\"@id\":\"https:\/\/newsestlyonnais.fr\/site\/#organization\"},\"potentialAction\":[{\"@type\":\"SearchAction\",\"target\":{\"@type\":\"EntryPoint\",\"urlTemplate\":\"https:\/\/newsestlyonnais.fr\/site\/?s={search_term_string}\"},\"query-input\":{\"@type\":\"PropertyValueSpecification\",\"valueRequired\":true,\"valueName\":\"search_term_string\"}}],\"inLanguage\":\"fr-FR\"},{\"@type\":\"Organization\",\"@id\":\"https:\/\/newsestlyonnais.fr\/site\/#organization\",\"name\":\"News EST LYONNAIS\",\"url\":\"https:\/\/newsestlyonnais.fr\/site\/\",\"logo\":{\"@type\":\"ImageObject\",\"inLanguage\":\"fr-FR\",\"@id\":\"https:\/\/newsestlyonnais.fr\/site\/#\/schema\/logo\/image\/\",\"url\":\"\",\"contentUrl\":\"\",\"caption\":\"News EST LYONNAIS\"},\"image\":{\"@id\":\"https:\/\/newsestlyonnais.fr\/site\/#\/schema\/logo\/image\/\"}},{\"@type\":\"Person\",\"@id\":\"https:\/\/newsestlyonnais.fr\/site\/#\/schema\/person\/3230d5615f390bb808365d673001e887\",\"name\":\"R\u00e9dac. NEWS\",\"sameAs\":[\"http:\/\/www.newsestlyonnais.fr\",\"https:\/\/www.facebook.com\/pascal.oberson.1?fref=ts\",\"https:\/\/fr.linkedin.com\/in\/pascal-oberson-b17045113\"],\"url\":\"https:\/\/newsestlyonnais.fr\/site\/author\/nel\/\"}]}<\/script>\n<!-- \/ Yoast SEO plugin. -->","yoast_head_json":{"title":"VILLEURBANNE : La commune habit\u00e9e par un \u00ab br(a)in de folie \u00bb le 14 octobre","description":"VILLEURBANNE : La commune habit\u00e9e par un \u00ab br(a)in de folie \u00bb le 14 octobre","robots":{"index":"index","follow":"follow","max-snippet":"max-snippet:-1","max-image-preview":"max-image-preview:large","max-video-preview":"max-video-preview:-1"},"canonical":"https:\/\/newsestlyonnais.fr\/site\/2017\/10\/05\/villeurbanne-la-commune-habitee-par-un-brain-de-folie-le-14-octobre\/","og_locale":"fr_FR","og_type":"article","og_title":"VILLEURBANNE : La commune habit\u00e9e par un \u00ab br(a)in de folie \u00bb le 14 octobre","og_description":"VILLEURBANNE : La commune habit\u00e9e par un \u00ab br(a)in de folie \u00bb le 14 octobre","og_url":"https:\/\/newsestlyonnais.fr\/site\/2017\/10\/05\/villeurbanne-la-commune-habitee-par-un-brain-de-folie-le-14-octobre\/","og_site_name":"News Est Lyonnais","article_author":"https:\/\/www.facebook.com\/pascal.oberson.1?fref=ts","article_published_time":"2017-10-05T06:38:22+00:00","og_image":[{"width":1000,"height":750,"url":"https:\/\/i0.wp.com\/newsestlyonnais.fr\/site\/wp-content\/uploads\/2016\/09\/NEWSESTLYONNAIS-PANNEAUVILLEURBANNE.jpg?fit=1000%2C750&ssl=1","type":"image\/jpeg"}],"author":"R\u00e9dac. NEWS","twitter_card":"summary_large_image","twitter_misc":{"\u00c9crit par":"R\u00e9dac. NEWS","Dur\u00e9e de lecture estim\u00e9e":"3 minutes"},"schema":{"@context":"https:\/\/schema.org","@graph":[{"@type":"Article","@id":"https:\/\/newsestlyonnais.fr\/site\/2017\/10\/05\/villeurbanne-la-commune-habitee-par-un-brain-de-folie-le-14-octobre\/#article","isPartOf":{"@id":"https:\/\/newsestlyonnais.fr\/site\/2017\/10\/05\/villeurbanne-la-commune-habitee-par-un-brain-de-folie-le-14-octobre\/"},"author":{"name":"R\u00e9dac. NEWS","@id":"https:\/\/newsestlyonnais.fr\/site\/#\/schema\/person\/3230d5615f390bb808365d673001e887"},"headline":"VILLEURBANNE : La commune habit\u00e9e par un \u00ab br(a)in de folie \u00bb le 14 octobre","datePublished":"2017-10-05T06:38:22+00:00","mainEntityOfPage":{"@id":"https:\/\/newsestlyonnais.fr\/site\/2017\/10\/05\/villeurbanne-la-commune-habitee-par-un-brain-de-folie-le-14-octobre\/"},"wordCount":566,"commentCount":0,"publisher":{"@id":"https:\/\/newsestlyonnais.fr\/site\/#organization"},"image":{"@id":"https:\/\/newsestlyonnais.fr\/site\/2017\/10\/05\/villeurbanne-la-commune-habitee-par-un-brain-de-folie-le-14-octobre\/#primaryimage"},"thumbnailUrl":"https:\/\/newsestlyonnais.fr\/site\/wp-content\/uploads\/2016\/09\/NEWSESTLYONNAIS-PANNEAUVILLEURBANNE.jpg","articleSection":["\u00e0 la une","Sant\u00e9 | Bien Etre | Solidarit\u00e9","Villeurbanne"],"inLanguage":"fr-FR","potentialAction":[{"@type":"CommentAction","name":"Comment","target":["https:\/\/newsestlyonnais.fr\/site\/2017\/10\/05\/villeurbanne-la-commune-habitee-par-un-brain-de-folie-le-14-octobre\/#respond"]}]},{"@type":"WebPage","@id":"https:\/\/newsestlyonnais.fr\/site\/2017\/10\/05\/villeurbanne-la-commune-habitee-par-un-brain-de-folie-le-14-octobre\/","url":"https:\/\/newsestlyonnais.fr\/site\/2017\/10\/05\/villeurbanne-la-commune-habitee-par-un-brain-de-folie-le-14-octobre\/","name":"VILLEURBANNE : La commune habit\u00e9e par un \u00ab br(a)in de folie \u00bb le 14 octobre","isPartOf":{"@id":"https:\/\/newsestlyonnais.fr\/site\/#website"},"primaryImageOfPage":{"@id":"https:\/\/newsestlyonnais.fr\/site\/2017\/10\/05\/villeurbanne-la-commune-habitee-par-un-brain-de-folie-le-14-octobre\/#primaryimage"},"image":{"@id":"https:\/\/newsestlyonnais.fr\/site\/2017\/10\/05\/villeurbanne-la-commune-habitee-par-un-brain-de-folie-le-14-octobre\/#primaryimage"},"thumbnailUrl":"https:\/\/newsestlyonnais.fr\/site\/wp-content\/uploads\/2016\/09\/NEWSESTLYONNAIS-PANNEAUVILLEURBANNE.jpg","datePublished":"2017-10-05T06:38:22+00:00","description":"VILLEURBANNE : La commune habit\u00e9e par un \u00ab br(a)in de folie \u00bb le 14 octobre","breadcrumb":{"@id":"https:\/\/newsestlyonnais.fr\/site\/2017\/10\/05\/villeurbanne-la-commune-habitee-par-un-brain-de-folie-le-14-octobre\/#breadcrumb"},"inLanguage":"fr-FR","potentialAction":[{"@type":"ReadAction","target":["https:\/\/newsestlyonnais.fr\/site\/2017\/10\/05\/villeurbanne-la-commune-habitee-par-un-brain-de-folie-le-14-octobre\/"]}]},{"@type":"ImageObject","inLanguage":"fr-FR","@id":"https:\/\/newsestlyonnais.fr\/site\/2017\/10\/05\/villeurbanne-la-commune-habitee-par-un-brain-de-folie-le-14-octobre\/#primaryimage","url":"https:\/\/newsestlyonnais.fr\/site\/wp-content\/uploads\/2016\/09\/NEWSESTLYONNAIS-PANNEAUVILLEURBANNE.jpg","contentUrl":"https:\/\/newsestlyonnais.fr\/site\/wp-content\/uploads\/2016\/09\/NEWSESTLYONNAIS-PANNEAUVILLEURBANNE.jpg","width":1000,"height":750,"caption":"newsestlyonnais-panneauvilleurbanne"},{"@type":"BreadcrumbList","@id":"https:\/\/newsestlyonnais.fr\/site\/2017\/10\/05\/villeurbanne-la-commune-habitee-par-un-brain-de-folie-le-14-octobre\/#breadcrumb","itemListElement":[{"@type":"ListItem","position":1,"name":"Accueil","item":"https:\/\/newsestlyonnais.fr\/site\/"},{"@type":"ListItem","position":2,"name":"VILLEURBANNE : La commune habit\u00e9e par un \u00ab br(a)in de folie \u00bb le 14 octobre"}]},{"@type":"WebSite","@id":"https:\/\/newsestlyonnais.fr\/site\/#website","url":"https:\/\/newsestlyonnais.fr\/site\/","name":"News Est Lyonnais","description":"L&#039;actualit\u00e9 au plus pr\u00e8s","publisher":{"@id":"https:\/\/newsestlyonnais.fr\/site\/#organization"},"potentialAction":[{"@type":"SearchAction","target":{"@type":"EntryPoint","urlTemplate":"https:\/\/newsestlyonnais.fr\/site\/?s={search_term_string}"},"query-input":{"@type":"PropertyValueSpecification","valueRequired":true,"valueName":"search_term_string"}}],"inLanguage":"fr-FR"},{"@type":"Organization","@id":"https:\/\/newsestlyonnais.fr\/site\/#organization","name":"News EST LYONNAIS","url":"https:\/\/newsestlyonnais.fr\/site\/","logo":{"@type":"ImageObject","inLanguage":"fr-FR","@id":"https:\/\/newsestlyonnais.fr\/site\/#\/schema\/logo\/image\/","url":"","contentUrl":"","caption":"News EST LYONNAIS"},"image":{"@id":"https:\/\/newsestlyonnais.fr\/site\/#\/schema\/logo\/image\/"}},{"@type":"Person","@id":"https:\/\/newsestlyonnais.fr\/site\/#\/schema\/person\/3230d5615f390bb808365d673001e887","name":"R\u00e9dac. NEWS","sameAs":["http:\/\/www.newsestlyonnais.fr","https:\/\/www.facebook.com\/pascal.oberson.1?fref=ts","https:\/\/fr.linkedin.com\/in\/pascal-oberson-b17045113"],"url":"https:\/\/newsestlyonnais.fr\/site\/author\/nel\/"}]}},"_links":{"self":[{"href":"https:\/\/newsestlyonnais.fr\/site\/wp-json\/wp\/v2\/posts\/35970","targetHints":{"allow":["GET"]}}],"collection":[{"href":"https:\/\/newsestlyonnais.fr\/site\/wp-json\/wp\/v2\/posts"}],"about":[{"href":"https:\/\/newsestlyonnais.fr\/site\/wp-json\/wp\/v2\/types\/post"}],"author":[{"embeddable":true,"href":"https:\/\/newsestlyonnais.fr\/site\/wp-json\/wp\/v2\/users\/4"}],"replies":[{"embeddable":true,"href":"https:\/\/newsestlyonnais.fr\/site\/wp-json\/wp\/v2\/comments?post=35970"}],"version-history":[{"count":0,"href":"https:\/\/newsestlyonnais.fr\/site\/wp-json\/wp\/v2\/posts\/35970\/revisions"}],"wp:featuredmedia":[{"embeddable":true,"href":"https:\/\/newsestlyonnais.fr\/site\/wp-json\/wp\/v2\/media\/12277"}],"wp:attachment":[{"href":"https:\/\/newsestlyonnais.fr\/site\/wp-json\/wp\/v2\/media?parent=35970"}],"wp:term":[{"taxonomy":"category","embeddable":true,"href":"https:\/\/newsestlyonnais.fr\/site\/wp-json\/wp\/v2\/categories?post=35970"},{"taxonomy":"post_tag","embeddable":true,"href":"https:\/\/newsestlyonnais.fr\/site\/wp-json\/wp\/v2\/tags?post=35970"}],"curies":[{"name":"wp","href":"https:\/\/api.w.org\/{rel}","templated":true}]}}