{"id":36194,"date":"2017-10-30T13:58:07","date_gmt":"2017-10-30T12:58:07","guid":{"rendered":"http:\/\/newsestlyonnais.fr\/site\/?p=36194"},"modified":"2020-10-31T20:38:30","modified_gmt":"2020-10-31T19:38:30","slug":"miribel-jonage-retour-sur-un-evenement-le-13-raid-du-castor","status":"publish","type":"post","link":"https:\/\/newsestlyonnais.fr\/site\/2017\/10\/30\/miribel-jonage-retour-sur-un-evenement-le-13-raid-du-castor\/","title":{"rendered":"MIRIBEL-JONAGE | Retour sur \u00e9v\u00e8nement > 13\u00b0 Raid du Castor"},"content":{"rendered":"<h4>M\u00eame si le record de participation n&rsquo;a pas \u00e9t\u00e9 battu, la 13\u00b0 version du Raid du Castor organis\u00e9e les 7 &amp; 8 octobre derniers a connu un beau succ\u00e8s populaire.<\/h4>\n<p>Une co-organisation du Grand Parc de Miribel-Jonage et de l&rsquo;ASUL aviron qui aura rassembl\u00e9 pr\u00e8s de 400 personnes pour un raid nature et multi-sports qui proposait 5 formules diff\u00e9rentes.<\/p>\n<p>\u00a0\u00bb Le relais famille a tr\u00e8s bien march\u00e9 et on avait bloqu\u00e9 \u00e0 150 inscriptions. On essaie chaque ann\u00e9e sur les diff\u00e9rentes formules d&rsquo;apporter des nouveaut\u00e9s sur le sport propos\u00e9. La course d&rsquo;orientation a \u00e9t\u00e9 tr\u00e8s appr\u00e9ci\u00e9e notamment avec les parcours \u00e0 pied plus techniques. On avait opt\u00e9 pour un raid itin\u00e9rant d&rsquo;une \u00e9preuve \u00e0 l&rsquo;autre et tous les participants ont pass\u00e9 un bon moment conclu de fa\u00e7on conviviale avec le repas de fin de course\u00a0\u00bb confie Bruno Pallanchard, un des responsables de l&rsquo;organisation.<\/p>\n<ul>\n<li><strong>R\u00e9sultats complets \u00e0 retrouver sur<\/strong> : <a href=\"http:\/\/raid-castor.asul-aviron.com\/wp-content\/uploads\/2017\/10\/R%C3%A9sultats-Raid-du-Castor-2017.pdf\" target=\"_blank\" rel=\"noopener noreferrer\">http:\/\/raid-castor.asul-aviron.com\/wp-content\/uploads\/2017\/10\/R%C3%A9sultats-Raid-du-Castor-2017.pdf<\/a><\/li>\n<li>Retour en images sur cet \u00e9v\u00e8nement :<\/li>\n<\/ul>\n<div id='gallery-1' class='gallery galleryid-36194 gallery-columns-3 gallery-size-thumbnail'><figure class='gallery-item'>\n\t\t\t<div class='gallery-icon landscape'>\n\t\t\t\t<a href='https:\/\/newsestlyonnais.fr\/site\/newsestlyonnais-raid-castor-2017\/'><img loading=\"lazy\" decoding=\"async\" width=\"150\" height=\"150\" src=\"https:\/\/newsestlyonnais.fr\/site\/wp-content\/uploads\/2017\/09\/NEWSESTLYONNAIS-RAID-CASTOR-2017-150x150.jpg\" class=\"attachment-thumbnail size-thumbnail\" alt=\"NEWSESTLYONNAIS - RAID CASTOR 2017\" aria-describedby=\"gallery-1-35196\" \/><\/a>\n\t\t\t<\/div>\n\t\t\t\t<figcaption class='wp-caption-text gallery-caption' id='gallery-1-35196'>\n\t\t\t\tL&rsquo;affiche de l&rsquo;\u00e9v\u00e8nement\n\t\t\t\t<\/figcaption><\/figure><figure class='gallery-item'>\n\t\t\t<div class='gallery-icon landscape'>\n\t\t\t\t<a href='https:\/\/newsestlyonnais.fr\/site\/2017\/10\/30\/miribel-jonage-retour-sur-un-evenement-le-13-raid-du-castor\/newsestlyonnais-orga-raid-castor\/'><img loading=\"lazy\" decoding=\"async\" width=\"150\" height=\"150\" src=\"https:\/\/newsestlyonnais.fr\/site\/wp-content\/uploads\/2017\/10\/NEWSESTLYONNAIS-ORGA-RAID-CASTOR-150x150.jpg\" class=\"attachment-thumbnail size-thumbnail\" alt=\"NEWSESTLYONNAIS - ORGA RAID CASTOR\" aria-describedby=\"gallery-1-36521\" \/><\/a>\n\t\t\t<\/div>\n\t\t\t\t<figcaption class='wp-caption-text gallery-caption' id='gallery-1-36521'>\n\t\t\t\tLes organisateurs de ce raid lors du briefing d&rsquo;avant d\u00e9part\n\t\t\t\t<\/figcaption><\/figure><figure class='gallery-item'>\n\t\t\t<div class='gallery-icon landscape'>\n\t\t\t\t<a href='https:\/\/newsestlyonnais.fr\/site\/2017\/10\/30\/miribel-jonage-retour-sur-un-evenement-le-13-raid-du-castor\/newsestlyonnais-raid-castor-01\/'><img loading=\"lazy\" decoding=\"async\" width=\"150\" height=\"150\" src=\"https:\/\/newsestlyonnais.fr\/site\/wp-content\/uploads\/2017\/10\/NEWSESTLYONNAIS-RAID-CASTOR-01-150x150.jpg\" class=\"attachment-thumbnail size-thumbnail\" alt=\"NEWSESTLYONNAIS - RAID CASTOR 01\" \/><\/a>\n\t\t\t<\/div><\/figure><figure class='gallery-item'>\n\t\t\t<div class='gallery-icon landscape'>\n\t\t\t\t<a href='https:\/\/newsestlyonnais.fr\/site\/2017\/10\/30\/miribel-jonage-retour-sur-un-evenement-le-13-raid-du-castor\/newsestlyonnais-raid-castor-02\/'><img loading=\"lazy\" decoding=\"async\" width=\"150\" height=\"150\" src=\"https:\/\/newsestlyonnais.fr\/site\/wp-content\/uploads\/2017\/10\/NEWSESTLYONNAIS-RAID-CASTOR-02-150x150.jpg\" class=\"attachment-thumbnail size-thumbnail\" alt=\"NEWSESTLYONNAIS - RAID CASTOR 02\" \/><\/a>\n\t\t\t<\/div><\/figure><figure class='gallery-item'>\n\t\t\t<div class='gallery-icon landscape'>\n\t\t\t\t<a href='https:\/\/newsestlyonnais.fr\/site\/2017\/10\/30\/miribel-jonage-retour-sur-un-evenement-le-13-raid-du-castor\/newsestlyonnais-raid-du-castor-03\/'><img loading=\"lazy\" decoding=\"async\" width=\"150\" height=\"150\" src=\"https:\/\/newsestlyonnais.fr\/site\/wp-content\/uploads\/2017\/10\/NEWSESTLYONNAIS-RAID-DU-CASTOR-03-150x150.jpg\" class=\"attachment-thumbnail size-thumbnail\" alt=\"NEWSESTLYONNAIS - RAID DU CASTOR 03\" \/><\/a>\n\t\t\t<\/div><\/figure><figure class='gallery-item'>\n\t\t\t<div class='gallery-icon landscape'>\n\t\t\t\t<a href='https:\/\/newsestlyonnais.fr\/site\/2017\/10\/30\/miribel-jonage-retour-sur-un-evenement-le-13-raid-du-castor\/newsestlyonnais-raid-castor-03\/'><img loading=\"lazy\" decoding=\"async\" width=\"150\" height=\"150\" src=\"https:\/\/newsestlyonnais.fr\/site\/wp-content\/uploads\/2017\/10\/NEWSESTLYONNAIS-RAID-CASTOR-03-150x150.jpg\" class=\"attachment-thumbnail size-thumbnail\" alt=\"NEWSESTLYONNAIS - RAID CASTOR 03\" \/><\/a>\n\t\t\t<\/div><\/figure>\n\t\t<\/div>\n\n","protected":false},"excerpt":{"rendered":"<p>M\u00eame si le record de participation n&rsquo;a pas \u00e9t\u00e9 battu, la 13\u00b0 version du Raid du Castor organis\u00e9e les 7 &amp; 8 octobre derniers a connu un beau succ\u00e8s populaire. Une co-organisation du Grand Parc de Miribel-Jonage et de l&rsquo;ASUL aviron qui aura rassembl\u00e9 pr\u00e8s de 400 personnes pour un raid nature et multi-sports qui [&hellip;]<\/p>\n","protected":false},"author":4,"featured_media":36196,"comment_status":"open","ping_status":"open","sticky":false,"template":"","format":"standard","meta":{"footnotes":""},"categories":[1347,2973,166,4,28],"tags":[],"class_list":["post-36194","post","type-post","status-publish","format-standard","has-post-thumbnail","hentry","category-aviron","category-aviron-kayak-voile-sports","category-divers-sports","category-evenements-divers","category-vaulx-en-velin"],"yoast_head":"<!-- This site is optimized with the Yoast SEO plugin v27.2 - https:\/\/yoast.com\/product\/yoast-seo-wordpress\/ -->\n<title>MIRIBEL JONAGE : Retour sur un \u00e9v\u00e8nement : Le 13\u00b0 Raid du Castor<\/title>\n<meta name=\"description\" content=\"MIRIBEL JONAGE : Retour sur un \u00e9v\u00e8nement : Le 13\u00b0 Raid du Castor\" \/>\n<meta name=\"robots\" content=\"index, follow, max-snippet:-1, max-image-preview:large, max-video-preview:-1\" \/>\n<link rel=\"canonical\" href=\"https:\/\/newsestlyonnais.fr\/site\/2017\/10\/30\/miribel-jonage-retour-sur-un-evenement-le-13-raid-du-castor\/\" \/>\n<meta property=\"og:locale\" content=\"fr_FR\" \/>\n<meta property=\"og:type\" content=\"article\" \/>\n<meta property=\"og:title\" content=\"MIRIBEL JONAGE : Retour sur un \u00e9v\u00e8nement : Le 13\u00b0 Raid du Castor\" \/>\n<meta property=\"og:description\" content=\"MIRIBEL JONAGE : Retour sur un \u00e9v\u00e8nement : Le 13\u00b0 Raid du Castor\" \/>\n<meta property=\"og:url\" content=\"https:\/\/newsestlyonnais.fr\/site\/2017\/10\/30\/miribel-jonage-retour-sur-un-evenement-le-13-raid-du-castor\/\" \/>\n<meta property=\"og:site_name\" content=\"News Est Lyonnais\" \/>\n<meta property=\"article:author\" content=\"https:\/\/www.facebook.com\/pascal.oberson.1?fref=ts\" \/>\n<meta property=\"article:published_time\" content=\"2017-10-30T12:58:07+00:00\" \/>\n<meta property=\"article:modified_time\" content=\"2020-10-31T19:38:30+00:00\" \/>\n<meta property=\"og:image\" content=\"https:\/\/i2.wp.com\/newsestlyonnais.fr\/site\/wp-content\/uploads\/2017\/10\/NEWSESTLYONNAIS-RAID-CASTOR-2017-01.jpg?fit=1000%2C750&ssl=1\" \/>\n\t<meta property=\"og:image:width\" content=\"1000\" \/>\n\t<meta property=\"og:image:height\" content=\"750\" \/>\n\t<meta property=\"og:image:type\" content=\"image\/jpeg\" \/>\n<meta name=\"author\" content=\"R\u00e9dac. NEWS\" \/>\n<meta name=\"twitter:card\" content=\"summary_large_image\" \/>\n<meta name=\"twitter:label1\" content=\"\u00c9crit par\" \/>\n\t<meta name=\"twitter:data1\" content=\"R\u00e9dac. NEWS\" \/>\n\t<meta name=\"twitter:label2\" content=\"Dur\u00e9e de lecture estim\u00e9e\" \/>\n\t<meta name=\"twitter:data2\" content=\"1 minute\" \/>\n<script type=\"application\/ld+json\" class=\"yoast-schema-graph\">{\"@context\":\"https:\/\/schema.org\",\"@graph\":[{\"@type\":\"Article\",\"@id\":\"https:\/\/newsestlyonnais.fr\/site\/2017\/10\/30\/miribel-jonage-retour-sur-un-evenement-le-13-raid-du-castor\/#article\",\"isPartOf\":{\"@id\":\"https:\/\/newsestlyonnais.fr\/site\/2017\/10\/30\/miribel-jonage-retour-sur-un-evenement-le-13-raid-du-castor\/\"},\"author\":{\"name\":\"R\u00e9dac. NEWS\",\"@id\":\"https:\/\/newsestlyonnais.fr\/site\/#\/schema\/person\/3230d5615f390bb808365d673001e887\"},\"headline\":\"MIRIBEL-JONAGE | Retour sur \u00e9v\u00e8nement > 13\u00b0 Raid du Castor\",\"datePublished\":\"2017-10-30T12:58:07+00:00\",\"dateModified\":\"2020-10-31T19:38:30+00:00\",\"mainEntityOfPage\":{\"@id\":\"https:\/\/newsestlyonnais.fr\/site\/2017\/10\/30\/miribel-jonage-retour-sur-un-evenement-le-13-raid-du-castor\/\"},\"wordCount\":189,\"commentCount\":0,\"publisher\":{\"@id\":\"https:\/\/newsestlyonnais.fr\/site\/#organization\"},\"image\":{\"@id\":\"https:\/\/newsestlyonnais.fr\/site\/2017\/10\/30\/miribel-jonage-retour-sur-un-evenement-le-13-raid-du-castor\/#primaryimage\"},\"thumbnailUrl\":\"https:\/\/newsestlyonnais.fr\/site\/wp-content\/uploads\/2017\/10\/NEWSESTLYONNAIS-RAID-CASTOR-2017-01.jpg\",\"articleSection\":[\"Aviron\",\"Aviron | Kayak | Voile\",\"Divers Sports\",\"Ev\u00e8nements divers\",\"Vaulx-en-Velin\"],\"inLanguage\":\"fr-FR\",\"potentialAction\":[{\"@type\":\"CommentAction\",\"name\":\"Comment\",\"target\":[\"https:\/\/newsestlyonnais.fr\/site\/2017\/10\/30\/miribel-jonage-retour-sur-un-evenement-le-13-raid-du-castor\/#respond\"]}]},{\"@type\":\"WebPage\",\"@id\":\"https:\/\/newsestlyonnais.fr\/site\/2017\/10\/30\/miribel-jonage-retour-sur-un-evenement-le-13-raid-du-castor\/\",\"url\":\"https:\/\/newsestlyonnais.fr\/site\/2017\/10\/30\/miribel-jonage-retour-sur-un-evenement-le-13-raid-du-castor\/\",\"name\":\"MIRIBEL JONAGE : Retour sur un \u00e9v\u00e8nement : Le 13\u00b0 Raid du Castor\",\"isPartOf\":{\"@id\":\"https:\/\/newsestlyonnais.fr\/site\/#website\"},\"primaryImageOfPage\":{\"@id\":\"https:\/\/newsestlyonnais.fr\/site\/2017\/10\/30\/miribel-jonage-retour-sur-un-evenement-le-13-raid-du-castor\/#primaryimage\"},\"image\":{\"@id\":\"https:\/\/newsestlyonnais.fr\/site\/2017\/10\/30\/miribel-jonage-retour-sur-un-evenement-le-13-raid-du-castor\/#primaryimage\"},\"thumbnailUrl\":\"https:\/\/newsestlyonnais.fr\/site\/wp-content\/uploads\/2017\/10\/NEWSESTLYONNAIS-RAID-CASTOR-2017-01.jpg\",\"datePublished\":\"2017-10-30T12:58:07+00:00\",\"dateModified\":\"2020-10-31T19:38:30+00:00\",\"description\":\"MIRIBEL JONAGE : Retour sur un \u00e9v\u00e8nement : Le 13\u00b0 Raid du Castor\",\"breadcrumb\":{\"@id\":\"https:\/\/newsestlyonnais.fr\/site\/2017\/10\/30\/miribel-jonage-retour-sur-un-evenement-le-13-raid-du-castor\/#breadcrumb\"},\"inLanguage\":\"fr-FR\",\"potentialAction\":[{\"@type\":\"ReadAction\",\"target\":[\"https:\/\/newsestlyonnais.fr\/site\/2017\/10\/30\/miribel-jonage-retour-sur-un-evenement-le-13-raid-du-castor\/\"]}]},{\"@type\":\"ImageObject\",\"inLanguage\":\"fr-FR\",\"@id\":\"https:\/\/newsestlyonnais.fr\/site\/2017\/10\/30\/miribel-jonage-retour-sur-un-evenement-le-13-raid-du-castor\/#primaryimage\",\"url\":\"https:\/\/newsestlyonnais.fr\/site\/wp-content\/uploads\/2017\/10\/NEWSESTLYONNAIS-RAID-CASTOR-2017-01.jpg\",\"contentUrl\":\"https:\/\/newsestlyonnais.fr\/site\/wp-content\/uploads\/2017\/10\/NEWSESTLYONNAIS-RAID-CASTOR-2017-01.jpg\",\"width\":1000,\"height\":750,\"caption\":\"NEWSESTLYONNAIS - RAID CASTOR 2017 01\"},{\"@type\":\"BreadcrumbList\",\"@id\":\"https:\/\/newsestlyonnais.fr\/site\/2017\/10\/30\/miribel-jonage-retour-sur-un-evenement-le-13-raid-du-castor\/#breadcrumb\",\"itemListElement\":[{\"@type\":\"ListItem\",\"position\":1,\"name\":\"Accueil\",\"item\":\"https:\/\/newsestlyonnais.fr\/site\/\"},{\"@type\":\"ListItem\",\"position\":2,\"name\":\"MIRIBEL-JONAGE | Retour sur \u00e9v\u00e8nement > 13\u00b0 Raid du Castor\"}]},{\"@type\":\"WebSite\",\"@id\":\"https:\/\/newsestlyonnais.fr\/site\/#website\",\"url\":\"https:\/\/newsestlyonnais.fr\/site\/\",\"name\":\"News Est Lyonnais\",\"description\":\"L&#039;actualit\u00e9 au plus pr\u00e8s\",\"publisher\":{\"@id\":\"https:\/\/newsestlyonnais.fr\/site\/#organization\"},\"potentialAction\":[{\"@type\":\"SearchAction\",\"target\":{\"@type\":\"EntryPoint\",\"urlTemplate\":\"https:\/\/newsestlyonnais.fr\/site\/?s={search_term_string}\"},\"query-input\":{\"@type\":\"PropertyValueSpecification\",\"valueRequired\":true,\"valueName\":\"search_term_string\"}}],\"inLanguage\":\"fr-FR\"},{\"@type\":\"Organization\",\"@id\":\"https:\/\/newsestlyonnais.fr\/site\/#organization\",\"name\":\"News EST LYONNAIS\",\"url\":\"https:\/\/newsestlyonnais.fr\/site\/\",\"logo\":{\"@type\":\"ImageObject\",\"inLanguage\":\"fr-FR\",\"@id\":\"https:\/\/newsestlyonnais.fr\/site\/#\/schema\/logo\/image\/\",\"url\":\"\",\"contentUrl\":\"\",\"caption\":\"News EST LYONNAIS\"},\"image\":{\"@id\":\"https:\/\/newsestlyonnais.fr\/site\/#\/schema\/logo\/image\/\"}},{\"@type\":\"Person\",\"@id\":\"https:\/\/newsestlyonnais.fr\/site\/#\/schema\/person\/3230d5615f390bb808365d673001e887\",\"name\":\"R\u00e9dac. NEWS\",\"sameAs\":[\"http:\/\/www.newsestlyonnais.fr\",\"https:\/\/www.facebook.com\/pascal.oberson.1?fref=ts\",\"https:\/\/fr.linkedin.com\/in\/pascal-oberson-b17045113\"],\"url\":\"https:\/\/newsestlyonnais.fr\/site\/author\/nel\/\"}]}<\/script>\n<!-- \/ Yoast SEO plugin. -->","yoast_head_json":{"title":"MIRIBEL JONAGE : Retour sur un \u00e9v\u00e8nement : Le 13\u00b0 Raid du Castor","description":"MIRIBEL JONAGE : Retour sur un \u00e9v\u00e8nement : Le 13\u00b0 Raid du Castor","robots":{"index":"index","follow":"follow","max-snippet":"max-snippet:-1","max-image-preview":"max-image-preview:large","max-video-preview":"max-video-preview:-1"},"canonical":"https:\/\/newsestlyonnais.fr\/site\/2017\/10\/30\/miribel-jonage-retour-sur-un-evenement-le-13-raid-du-castor\/","og_locale":"fr_FR","og_type":"article","og_title":"MIRIBEL JONAGE : Retour sur un \u00e9v\u00e8nement : Le 13\u00b0 Raid du Castor","og_description":"MIRIBEL JONAGE : Retour sur un \u00e9v\u00e8nement : Le 13\u00b0 Raid du Castor","og_url":"https:\/\/newsestlyonnais.fr\/site\/2017\/10\/30\/miribel-jonage-retour-sur-un-evenement-le-13-raid-du-castor\/","og_site_name":"News Est Lyonnais","article_author":"https:\/\/www.facebook.com\/pascal.oberson.1?fref=ts","article_published_time":"2017-10-30T12:58:07+00:00","article_modified_time":"2020-10-31T19:38:30+00:00","og_image":[{"width":1000,"height":750,"url":"https:\/\/i2.wp.com\/newsestlyonnais.fr\/site\/wp-content\/uploads\/2017\/10\/NEWSESTLYONNAIS-RAID-CASTOR-2017-01.jpg?fit=1000%2C750&ssl=1","type":"image\/jpeg"}],"author":"R\u00e9dac. NEWS","twitter_card":"summary_large_image","twitter_misc":{"\u00c9crit par":"R\u00e9dac. NEWS","Dur\u00e9e de lecture estim\u00e9e":"1 minute"},"schema":{"@context":"https:\/\/schema.org","@graph":[{"@type":"Article","@id":"https:\/\/newsestlyonnais.fr\/site\/2017\/10\/30\/miribel-jonage-retour-sur-un-evenement-le-13-raid-du-castor\/#article","isPartOf":{"@id":"https:\/\/newsestlyonnais.fr\/site\/2017\/10\/30\/miribel-jonage-retour-sur-un-evenement-le-13-raid-du-castor\/"},"author":{"name":"R\u00e9dac. NEWS","@id":"https:\/\/newsestlyonnais.fr\/site\/#\/schema\/person\/3230d5615f390bb808365d673001e887"},"headline":"MIRIBEL-JONAGE | Retour sur \u00e9v\u00e8nement > 13\u00b0 Raid du Castor","datePublished":"2017-10-30T12:58:07+00:00","dateModified":"2020-10-31T19:38:30+00:00","mainEntityOfPage":{"@id":"https:\/\/newsestlyonnais.fr\/site\/2017\/10\/30\/miribel-jonage-retour-sur-un-evenement-le-13-raid-du-castor\/"},"wordCount":189,"commentCount":0,"publisher":{"@id":"https:\/\/newsestlyonnais.fr\/site\/#organization"},"image":{"@id":"https:\/\/newsestlyonnais.fr\/site\/2017\/10\/30\/miribel-jonage-retour-sur-un-evenement-le-13-raid-du-castor\/#primaryimage"},"thumbnailUrl":"https:\/\/newsestlyonnais.fr\/site\/wp-content\/uploads\/2017\/10\/NEWSESTLYONNAIS-RAID-CASTOR-2017-01.jpg","articleSection":["Aviron","Aviron | Kayak | Voile","Divers Sports","Ev\u00e8nements divers","Vaulx-en-Velin"],"inLanguage":"fr-FR","potentialAction":[{"@type":"CommentAction","name":"Comment","target":["https:\/\/newsestlyonnais.fr\/site\/2017\/10\/30\/miribel-jonage-retour-sur-un-evenement-le-13-raid-du-castor\/#respond"]}]},{"@type":"WebPage","@id":"https:\/\/newsestlyonnais.fr\/site\/2017\/10\/30\/miribel-jonage-retour-sur-un-evenement-le-13-raid-du-castor\/","url":"https:\/\/newsestlyonnais.fr\/site\/2017\/10\/30\/miribel-jonage-retour-sur-un-evenement-le-13-raid-du-castor\/","name":"MIRIBEL JONAGE : Retour sur un \u00e9v\u00e8nement : Le 13\u00b0 Raid du Castor","isPartOf":{"@id":"https:\/\/newsestlyonnais.fr\/site\/#website"},"primaryImageOfPage":{"@id":"https:\/\/newsestlyonnais.fr\/site\/2017\/10\/30\/miribel-jonage-retour-sur-un-evenement-le-13-raid-du-castor\/#primaryimage"},"image":{"@id":"https:\/\/newsestlyonnais.fr\/site\/2017\/10\/30\/miribel-jonage-retour-sur-un-evenement-le-13-raid-du-castor\/#primaryimage"},"thumbnailUrl":"https:\/\/newsestlyonnais.fr\/site\/wp-content\/uploads\/2017\/10\/NEWSESTLYONNAIS-RAID-CASTOR-2017-01.jpg","datePublished":"2017-10-30T12:58:07+00:00","dateModified":"2020-10-31T19:38:30+00:00","description":"MIRIBEL JONAGE : Retour sur un \u00e9v\u00e8nement : Le 13\u00b0 Raid du Castor","breadcrumb":{"@id":"https:\/\/newsestlyonnais.fr\/site\/2017\/10\/30\/miribel-jonage-retour-sur-un-evenement-le-13-raid-du-castor\/#breadcrumb"},"inLanguage":"fr-FR","potentialAction":[{"@type":"ReadAction","target":["https:\/\/newsestlyonnais.fr\/site\/2017\/10\/30\/miribel-jonage-retour-sur-un-evenement-le-13-raid-du-castor\/"]}]},{"@type":"ImageObject","inLanguage":"fr-FR","@id":"https:\/\/newsestlyonnais.fr\/site\/2017\/10\/30\/miribel-jonage-retour-sur-un-evenement-le-13-raid-du-castor\/#primaryimage","url":"https:\/\/newsestlyonnais.fr\/site\/wp-content\/uploads\/2017\/10\/NEWSESTLYONNAIS-RAID-CASTOR-2017-01.jpg","contentUrl":"https:\/\/newsestlyonnais.fr\/site\/wp-content\/uploads\/2017\/10\/NEWSESTLYONNAIS-RAID-CASTOR-2017-01.jpg","width":1000,"height":750,"caption":"NEWSESTLYONNAIS - RAID CASTOR 2017 01"},{"@type":"BreadcrumbList","@id":"https:\/\/newsestlyonnais.fr\/site\/2017\/10\/30\/miribel-jonage-retour-sur-un-evenement-le-13-raid-du-castor\/#breadcrumb","itemListElement":[{"@type":"ListItem","position":1,"name":"Accueil","item":"https:\/\/newsestlyonnais.fr\/site\/"},{"@type":"ListItem","position":2,"name":"MIRIBEL-JONAGE | Retour sur \u00e9v\u00e8nement > 13\u00b0 Raid du Castor"}]},{"@type":"WebSite","@id":"https:\/\/newsestlyonnais.fr\/site\/#website","url":"https:\/\/newsestlyonnais.fr\/site\/","name":"News Est Lyonnais","description":"L&#039;actualit\u00e9 au plus pr\u00e8s","publisher":{"@id":"https:\/\/newsestlyonnais.fr\/site\/#organization"},"potentialAction":[{"@type":"SearchAction","target":{"@type":"EntryPoint","urlTemplate":"https:\/\/newsestlyonnais.fr\/site\/?s={search_term_string}"},"query-input":{"@type":"PropertyValueSpecification","valueRequired":true,"valueName":"search_term_string"}}],"inLanguage":"fr-FR"},{"@type":"Organization","@id":"https:\/\/newsestlyonnais.fr\/site\/#organization","name":"News EST LYONNAIS","url":"https:\/\/newsestlyonnais.fr\/site\/","logo":{"@type":"ImageObject","inLanguage":"fr-FR","@id":"https:\/\/newsestlyonnais.fr\/site\/#\/schema\/logo\/image\/","url":"","contentUrl":"","caption":"News EST LYONNAIS"},"image":{"@id":"https:\/\/newsestlyonnais.fr\/site\/#\/schema\/logo\/image\/"}},{"@type":"Person","@id":"https:\/\/newsestlyonnais.fr\/site\/#\/schema\/person\/3230d5615f390bb808365d673001e887","name":"R\u00e9dac. NEWS","sameAs":["http:\/\/www.newsestlyonnais.fr","https:\/\/www.facebook.com\/pascal.oberson.1?fref=ts","https:\/\/fr.linkedin.com\/in\/pascal-oberson-b17045113"],"url":"https:\/\/newsestlyonnais.fr\/site\/author\/nel\/"}]}},"_links":{"self":[{"href":"https:\/\/newsestlyonnais.fr\/site\/wp-json\/wp\/v2\/posts\/36194","targetHints":{"allow":["GET"]}}],"collection":[{"href":"https:\/\/newsestlyonnais.fr\/site\/wp-json\/wp\/v2\/posts"}],"about":[{"href":"https:\/\/newsestlyonnais.fr\/site\/wp-json\/wp\/v2\/types\/post"}],"author":[{"embeddable":true,"href":"https:\/\/newsestlyonnais.fr\/site\/wp-json\/wp\/v2\/users\/4"}],"replies":[{"embeddable":true,"href":"https:\/\/newsestlyonnais.fr\/site\/wp-json\/wp\/v2\/comments?post=36194"}],"version-history":[{"count":0,"href":"https:\/\/newsestlyonnais.fr\/site\/wp-json\/wp\/v2\/posts\/36194\/revisions"}],"wp:featuredmedia":[{"embeddable":true,"href":"https:\/\/newsestlyonnais.fr\/site\/wp-json\/wp\/v2\/media\/36196"}],"wp:attachment":[{"href":"https:\/\/newsestlyonnais.fr\/site\/wp-json\/wp\/v2\/media?parent=36194"}],"wp:term":[{"taxonomy":"category","embeddable":true,"href":"https:\/\/newsestlyonnais.fr\/site\/wp-json\/wp\/v2\/categories?post=36194"},{"taxonomy":"post_tag","embeddable":true,"href":"https:\/\/newsestlyonnais.fr\/site\/wp-json\/wp\/v2\/tags?post=36194"}],"curies":[{"name":"wp","href":"https:\/\/api.w.org\/{rel}","templated":true}]}}