{"id":36334,"date":"2017-10-11T17:32:32","date_gmt":"2017-10-11T16:32:32","guid":{"rendered":"http:\/\/newsestlyonnais.fr\/site\/?p=36334"},"modified":"2020-11-18T19:31:20","modified_gmt":"2020-11-18T18:31:20","slug":"meyzieu-la-commune-au-chevet-de-votre-sante-3-rendez-vous-gratuits","status":"publish","type":"post","link":"https:\/\/newsestlyonnais.fr\/site\/2017\/10\/11\/meyzieu-la-commune-au-chevet-de-votre-sante-3-rendez-vous-gratuits\/","title":{"rendered":"MEYZIEU | La commune au chevet de votre sant\u00e9 > 3 rendez-vous gratuits"},"content":{"rendered":"<h4>Des rendez-vous organis\u00e9s \u00e0 la Salle des F\u00eates de Meyzieu, \u00e0 ne pas manquer et pour s\u2019informer au mieux !<\/h4>\n<ul>\n<li><span style=\"text-decoration: underline\"><strong><em>JEUDI 12 OCTOBRE \u00e0 19 heures 30<\/em><\/strong><\/span>:<br \/>\nR\u00e9union publique de pr\u00e9sentation \u00ab <span style=\"text-decoration: underline\">Ma Commune, Ma Sant\u00e9<\/span> \u00bb. Dans un souci d\u2019am\u00e9lioration de la couverture sant\u00e9 des Majolans, la Ville de Meyzieu facilite l\u2019acc\u00e8s de ses administr\u00e9s \u00e0 une mutuelle communale. Une<br \/>\ntelle d\u00e9marche permettra \u00e0 tous les m\u00e9nages de disposer d\u2019une mutuelle de qualit\u00e9 \u00e0 des prix attractifs. Ainsi, la Ville de Meyzieu a choisi de s\u2019allier avec l\u2019association Actiom qui propose le service \u00abMa commune Ma sant\u00e9\u00bb. \u00c0 ce jour, 2 100 communes ont adh\u00e9r\u00e9 \u00e0 ce dispositif, regroupant pr\u00e8s de 100 000 adh\u00e9rents. En proposant 13 formules de couverture, les offres s\u2019adaptent ainsi \u00e0 tous les Majolans en fonction de leurs besoins. De plus, orchestr\u00e9 par la Ville de Meyzieu et ses partenaires, le Mois de la Sant\u00e9 est organis\u00e9 en octobre autour de 4 temps forts.<\/li>\n<li><em><strong>Du 13 au 20 octobre<\/strong><\/em>, les Majolans sont invit\u00e9s \u00e0 participer \u00e0 l\u2018\u00e9v\u00e9nement. Ensemble contre le cancer, prenons soin de nous ! L\u2019occasion id\u00e9ale pour faire le plein d\u2019informations. Autour de nombreuses animations, <span style=\"text-decoration: underline\">2 conf\u00e9rences-d\u00e9bats<\/span> ouvriront et cl\u00f4tureront cet \u00e9v\u00e9nement phare du Mois de la Sant\u00e9 :<\/li>\n<li><span style=\"text-decoration: underline\"><strong>VENDREDI 13 OCTOBRE de 19 h 15 \u00e0 21 h 30:<\/strong><\/span> \u00ab <span style=\"text-decoration: underline\">Prendre soin de soi, mieux manger et bouger plus, comment relever le d\u00e9fi ?<\/span> \u00bb. Avec Julien Carretier, docteur en sant\u00e9 publique, responsable de l\u2019information des publics et le docteur Dominic Cellier, m\u00e9decin nutrition et maladies m\u00e9taboliques, du d\u00e9partement Cancer Environnement du Centre L\u00e9on B\u00e9rard. Ainsi que le docteur Patricia Soler-Michel, m\u00e9decin de l\u2019association<br \/>\nAd\u00e9mas-69. \u00c0 partir de 18 h 30, cocktail d\u00eenatoire offert par la Ville de Meyzieu, suivi de la conf\u00e9rence.<\/li>\n<li><span style=\"text-decoration: underline\"><strong>VENDREDI 20 OCTOBRE de 20 h \u00e0 22 h<\/strong><\/span> : \u00ab <span style=\"text-decoration: underline\">La gestion des \u00e9motions<\/span> \u00bb Pour tout savoir et prendre soin des \u00e9motions de la personne malade, celles des aidants et de la famille. Avec Christine Klein, sophrologue.<\/li>\n<\/ul>\n","protected":false},"excerpt":{"rendered":"<p>Des rendez-vous organis\u00e9s \u00e0 la Salle des F\u00eates de Meyzieu, \u00e0 ne pas manquer et pour s\u2019informer au mieux ! JEUDI 12 OCTOBRE \u00e0 19 heures 30: R\u00e9union publique de pr\u00e9sentation \u00ab Ma Commune, Ma Sant\u00e9 \u00bb. Dans un souci d\u2019am\u00e9lioration de la couverture sant\u00e9 des Majolans, la Ville de Meyzieu facilite l\u2019acc\u00e8s de ses [&hellip;]<\/p>\n","protected":false},"author":4,"featured_media":0,"comment_status":"open","ping_status":"open","sticky":false,"template":"","format":"standard","meta":{"footnotes":""},"categories":[24,18],"tags":[],"class_list":["post-36334","post","type-post","status-publish","format-standard","hentry","category-meyzieu","category-sante-bien-etre-solidarite"],"yoast_head":"<!-- This site is optimized with the Yoast SEO plugin v27.2 - https:\/\/yoast.com\/product\/yoast-seo-wordpress\/ -->\n<title>MEYZIEU : La commune au chevet de votre sant\u00e9 avec 3 rendez-vous gratuits !<\/title>\n<meta name=\"description\" content=\"MEYZIEU : La commune au chevet de votre sant\u00e9 avec 3 rendez-vous gratuits !\" \/>\n<meta name=\"robots\" content=\"index, follow, max-snippet:-1, max-image-preview:large, max-video-preview:-1\" \/>\n<link rel=\"canonical\" href=\"https:\/\/newsestlyonnais.fr\/site\/2017\/10\/11\/meyzieu-la-commune-au-chevet-de-votre-sante-3-rendez-vous-gratuits\/\" \/>\n<meta property=\"og:locale\" content=\"fr_FR\" \/>\n<meta property=\"og:type\" content=\"article\" \/>\n<meta property=\"og:title\" content=\"MEYZIEU : La commune au chevet de votre sant\u00e9 avec 3 rendez-vous gratuits !\" \/>\n<meta property=\"og:description\" content=\"MEYZIEU : La commune au chevet de votre sant\u00e9 avec 3 rendez-vous gratuits !\" \/>\n<meta property=\"og:url\" content=\"https:\/\/newsestlyonnais.fr\/site\/2017\/10\/11\/meyzieu-la-commune-au-chevet-de-votre-sante-3-rendez-vous-gratuits\/\" \/>\n<meta property=\"og:site_name\" content=\"News Est Lyonnais\" \/>\n<meta property=\"article:author\" content=\"https:\/\/www.facebook.com\/pascal.oberson.1?fref=ts\" \/>\n<meta property=\"article:published_time\" content=\"2017-10-11T16:32:32+00:00\" \/>\n<meta property=\"article:modified_time\" content=\"2020-11-18T18:31:20+00:00\" \/>\n<meta name=\"author\" content=\"R\u00e9dac. NEWS\" \/>\n<meta name=\"twitter:card\" content=\"summary_large_image\" \/>\n<meta name=\"twitter:label1\" content=\"\u00c9crit par\" \/>\n\t<meta name=\"twitter:data1\" content=\"R\u00e9dac. NEWS\" \/>\n\t<meta name=\"twitter:label2\" content=\"Dur\u00e9e de lecture estim\u00e9e\" \/>\n\t<meta name=\"twitter:data2\" content=\"2 minutes\" \/>\n<script type=\"application\/ld+json\" class=\"yoast-schema-graph\">{\"@context\":\"https:\/\/schema.org\",\"@graph\":[{\"@type\":\"Article\",\"@id\":\"https:\/\/newsestlyonnais.fr\/site\/2017\/10\/11\/meyzieu-la-commune-au-chevet-de-votre-sante-3-rendez-vous-gratuits\/#article\",\"isPartOf\":{\"@id\":\"https:\/\/newsestlyonnais.fr\/site\/2017\/10\/11\/meyzieu-la-commune-au-chevet-de-votre-sante-3-rendez-vous-gratuits\/\"},\"author\":{\"name\":\"R\u00e9dac. NEWS\",\"@id\":\"https:\/\/newsestlyonnais.fr\/site\/#\/schema\/person\/3230d5615f390bb808365d673001e887\"},\"headline\":\"MEYZIEU | La commune au chevet de votre sant\u00e9 > 3 rendez-vous gratuits\",\"datePublished\":\"2017-10-11T16:32:32+00:00\",\"dateModified\":\"2020-11-18T18:31:20+00:00\",\"mainEntityOfPage\":{\"@id\":\"https:\/\/newsestlyonnais.fr\/site\/2017\/10\/11\/meyzieu-la-commune-au-chevet-de-votre-sante-3-rendez-vous-gratuits\/\"},\"wordCount\":334,\"commentCount\":0,\"publisher\":{\"@id\":\"https:\/\/newsestlyonnais.fr\/site\/#organization\"},\"articleSection\":[\"Meyzieu\",\"Sant\u00e9 | Bien Etre | Solidarit\u00e9\"],\"inLanguage\":\"fr-FR\",\"potentialAction\":[{\"@type\":\"CommentAction\",\"name\":\"Comment\",\"target\":[\"https:\/\/newsestlyonnais.fr\/site\/2017\/10\/11\/meyzieu-la-commune-au-chevet-de-votre-sante-3-rendez-vous-gratuits\/#respond\"]}]},{\"@type\":\"WebPage\",\"@id\":\"https:\/\/newsestlyonnais.fr\/site\/2017\/10\/11\/meyzieu-la-commune-au-chevet-de-votre-sante-3-rendez-vous-gratuits\/\",\"url\":\"https:\/\/newsestlyonnais.fr\/site\/2017\/10\/11\/meyzieu-la-commune-au-chevet-de-votre-sante-3-rendez-vous-gratuits\/\",\"name\":\"MEYZIEU : La commune au chevet de votre sant\u00e9 avec 3 rendez-vous gratuits !\",\"isPartOf\":{\"@id\":\"https:\/\/newsestlyonnais.fr\/site\/#website\"},\"datePublished\":\"2017-10-11T16:32:32+00:00\",\"dateModified\":\"2020-11-18T18:31:20+00:00\",\"description\":\"MEYZIEU : La commune au chevet de votre sant\u00e9 avec 3 rendez-vous gratuits !\",\"breadcrumb\":{\"@id\":\"https:\/\/newsestlyonnais.fr\/site\/2017\/10\/11\/meyzieu-la-commune-au-chevet-de-votre-sante-3-rendez-vous-gratuits\/#breadcrumb\"},\"inLanguage\":\"fr-FR\",\"potentialAction\":[{\"@type\":\"ReadAction\",\"target\":[\"https:\/\/newsestlyonnais.fr\/site\/2017\/10\/11\/meyzieu-la-commune-au-chevet-de-votre-sante-3-rendez-vous-gratuits\/\"]}]},{\"@type\":\"BreadcrumbList\",\"@id\":\"https:\/\/newsestlyonnais.fr\/site\/2017\/10\/11\/meyzieu-la-commune-au-chevet-de-votre-sante-3-rendez-vous-gratuits\/#breadcrumb\",\"itemListElement\":[{\"@type\":\"ListItem\",\"position\":1,\"name\":\"Accueil\",\"item\":\"https:\/\/newsestlyonnais.fr\/site\/\"},{\"@type\":\"ListItem\",\"position\":2,\"name\":\"MEYZIEU | La commune au chevet de votre sant\u00e9 > 3 rendez-vous gratuits\"}]},{\"@type\":\"WebSite\",\"@id\":\"https:\/\/newsestlyonnais.fr\/site\/#website\",\"url\":\"https:\/\/newsestlyonnais.fr\/site\/\",\"name\":\"News Est Lyonnais\",\"description\":\"L&#039;actualit\u00e9 au plus pr\u00e8s\",\"publisher\":{\"@id\":\"https:\/\/newsestlyonnais.fr\/site\/#organization\"},\"potentialAction\":[{\"@type\":\"SearchAction\",\"target\":{\"@type\":\"EntryPoint\",\"urlTemplate\":\"https:\/\/newsestlyonnais.fr\/site\/?s={search_term_string}\"},\"query-input\":{\"@type\":\"PropertyValueSpecification\",\"valueRequired\":true,\"valueName\":\"search_term_string\"}}],\"inLanguage\":\"fr-FR\"},{\"@type\":\"Organization\",\"@id\":\"https:\/\/newsestlyonnais.fr\/site\/#organization\",\"name\":\"News EST LYONNAIS\",\"url\":\"https:\/\/newsestlyonnais.fr\/site\/\",\"logo\":{\"@type\":\"ImageObject\",\"inLanguage\":\"fr-FR\",\"@id\":\"https:\/\/newsestlyonnais.fr\/site\/#\/schema\/logo\/image\/\",\"url\":\"\",\"contentUrl\":\"\",\"caption\":\"News EST LYONNAIS\"},\"image\":{\"@id\":\"https:\/\/newsestlyonnais.fr\/site\/#\/schema\/logo\/image\/\"}},{\"@type\":\"Person\",\"@id\":\"https:\/\/newsestlyonnais.fr\/site\/#\/schema\/person\/3230d5615f390bb808365d673001e887\",\"name\":\"R\u00e9dac. NEWS\",\"sameAs\":[\"http:\/\/www.newsestlyonnais.fr\",\"https:\/\/www.facebook.com\/pascal.oberson.1?fref=ts\",\"https:\/\/fr.linkedin.com\/in\/pascal-oberson-b17045113\"],\"url\":\"https:\/\/newsestlyonnais.fr\/site\/author\/nel\/\"}]}<\/script>\n<!-- \/ Yoast SEO plugin. -->","yoast_head_json":{"title":"MEYZIEU : La commune au chevet de votre sant\u00e9 avec 3 rendez-vous gratuits !","description":"MEYZIEU : La commune au chevet de votre sant\u00e9 avec 3 rendez-vous gratuits !","robots":{"index":"index","follow":"follow","max-snippet":"max-snippet:-1","max-image-preview":"max-image-preview:large","max-video-preview":"max-video-preview:-1"},"canonical":"https:\/\/newsestlyonnais.fr\/site\/2017\/10\/11\/meyzieu-la-commune-au-chevet-de-votre-sante-3-rendez-vous-gratuits\/","og_locale":"fr_FR","og_type":"article","og_title":"MEYZIEU : La commune au chevet de votre sant\u00e9 avec 3 rendez-vous gratuits !","og_description":"MEYZIEU : La commune au chevet de votre sant\u00e9 avec 3 rendez-vous gratuits !","og_url":"https:\/\/newsestlyonnais.fr\/site\/2017\/10\/11\/meyzieu-la-commune-au-chevet-de-votre-sante-3-rendez-vous-gratuits\/","og_site_name":"News Est Lyonnais","article_author":"https:\/\/www.facebook.com\/pascal.oberson.1?fref=ts","article_published_time":"2017-10-11T16:32:32+00:00","article_modified_time":"2020-11-18T18:31:20+00:00","author":"R\u00e9dac. NEWS","twitter_card":"summary_large_image","twitter_misc":{"\u00c9crit par":"R\u00e9dac. NEWS","Dur\u00e9e de lecture estim\u00e9e":"2 minutes"},"schema":{"@context":"https:\/\/schema.org","@graph":[{"@type":"Article","@id":"https:\/\/newsestlyonnais.fr\/site\/2017\/10\/11\/meyzieu-la-commune-au-chevet-de-votre-sante-3-rendez-vous-gratuits\/#article","isPartOf":{"@id":"https:\/\/newsestlyonnais.fr\/site\/2017\/10\/11\/meyzieu-la-commune-au-chevet-de-votre-sante-3-rendez-vous-gratuits\/"},"author":{"name":"R\u00e9dac. NEWS","@id":"https:\/\/newsestlyonnais.fr\/site\/#\/schema\/person\/3230d5615f390bb808365d673001e887"},"headline":"MEYZIEU | La commune au chevet de votre sant\u00e9 > 3 rendez-vous gratuits","datePublished":"2017-10-11T16:32:32+00:00","dateModified":"2020-11-18T18:31:20+00:00","mainEntityOfPage":{"@id":"https:\/\/newsestlyonnais.fr\/site\/2017\/10\/11\/meyzieu-la-commune-au-chevet-de-votre-sante-3-rendez-vous-gratuits\/"},"wordCount":334,"commentCount":0,"publisher":{"@id":"https:\/\/newsestlyonnais.fr\/site\/#organization"},"articleSection":["Meyzieu","Sant\u00e9 | Bien Etre | Solidarit\u00e9"],"inLanguage":"fr-FR","potentialAction":[{"@type":"CommentAction","name":"Comment","target":["https:\/\/newsestlyonnais.fr\/site\/2017\/10\/11\/meyzieu-la-commune-au-chevet-de-votre-sante-3-rendez-vous-gratuits\/#respond"]}]},{"@type":"WebPage","@id":"https:\/\/newsestlyonnais.fr\/site\/2017\/10\/11\/meyzieu-la-commune-au-chevet-de-votre-sante-3-rendez-vous-gratuits\/","url":"https:\/\/newsestlyonnais.fr\/site\/2017\/10\/11\/meyzieu-la-commune-au-chevet-de-votre-sante-3-rendez-vous-gratuits\/","name":"MEYZIEU : La commune au chevet de votre sant\u00e9 avec 3 rendez-vous gratuits !","isPartOf":{"@id":"https:\/\/newsestlyonnais.fr\/site\/#website"},"datePublished":"2017-10-11T16:32:32+00:00","dateModified":"2020-11-18T18:31:20+00:00","description":"MEYZIEU : La commune au chevet de votre sant\u00e9 avec 3 rendez-vous gratuits !","breadcrumb":{"@id":"https:\/\/newsestlyonnais.fr\/site\/2017\/10\/11\/meyzieu-la-commune-au-chevet-de-votre-sante-3-rendez-vous-gratuits\/#breadcrumb"},"inLanguage":"fr-FR","potentialAction":[{"@type":"ReadAction","target":["https:\/\/newsestlyonnais.fr\/site\/2017\/10\/11\/meyzieu-la-commune-au-chevet-de-votre-sante-3-rendez-vous-gratuits\/"]}]},{"@type":"BreadcrumbList","@id":"https:\/\/newsestlyonnais.fr\/site\/2017\/10\/11\/meyzieu-la-commune-au-chevet-de-votre-sante-3-rendez-vous-gratuits\/#breadcrumb","itemListElement":[{"@type":"ListItem","position":1,"name":"Accueil","item":"https:\/\/newsestlyonnais.fr\/site\/"},{"@type":"ListItem","position":2,"name":"MEYZIEU | La commune au chevet de votre sant\u00e9 > 3 rendez-vous gratuits"}]},{"@type":"WebSite","@id":"https:\/\/newsestlyonnais.fr\/site\/#website","url":"https:\/\/newsestlyonnais.fr\/site\/","name":"News Est Lyonnais","description":"L&#039;actualit\u00e9 au plus pr\u00e8s","publisher":{"@id":"https:\/\/newsestlyonnais.fr\/site\/#organization"},"potentialAction":[{"@type":"SearchAction","target":{"@type":"EntryPoint","urlTemplate":"https:\/\/newsestlyonnais.fr\/site\/?s={search_term_string}"},"query-input":{"@type":"PropertyValueSpecification","valueRequired":true,"valueName":"search_term_string"}}],"inLanguage":"fr-FR"},{"@type":"Organization","@id":"https:\/\/newsestlyonnais.fr\/site\/#organization","name":"News EST LYONNAIS","url":"https:\/\/newsestlyonnais.fr\/site\/","logo":{"@type":"ImageObject","inLanguage":"fr-FR","@id":"https:\/\/newsestlyonnais.fr\/site\/#\/schema\/logo\/image\/","url":"","contentUrl":"","caption":"News EST LYONNAIS"},"image":{"@id":"https:\/\/newsestlyonnais.fr\/site\/#\/schema\/logo\/image\/"}},{"@type":"Person","@id":"https:\/\/newsestlyonnais.fr\/site\/#\/schema\/person\/3230d5615f390bb808365d673001e887","name":"R\u00e9dac. NEWS","sameAs":["http:\/\/www.newsestlyonnais.fr","https:\/\/www.facebook.com\/pascal.oberson.1?fref=ts","https:\/\/fr.linkedin.com\/in\/pascal-oberson-b17045113"],"url":"https:\/\/newsestlyonnais.fr\/site\/author\/nel\/"}]}},"_links":{"self":[{"href":"https:\/\/newsestlyonnais.fr\/site\/wp-json\/wp\/v2\/posts\/36334","targetHints":{"allow":["GET"]}}],"collection":[{"href":"https:\/\/newsestlyonnais.fr\/site\/wp-json\/wp\/v2\/posts"}],"about":[{"href":"https:\/\/newsestlyonnais.fr\/site\/wp-json\/wp\/v2\/types\/post"}],"author":[{"embeddable":true,"href":"https:\/\/newsestlyonnais.fr\/site\/wp-json\/wp\/v2\/users\/4"}],"replies":[{"embeddable":true,"href":"https:\/\/newsestlyonnais.fr\/site\/wp-json\/wp\/v2\/comments?post=36334"}],"version-history":[{"count":0,"href":"https:\/\/newsestlyonnais.fr\/site\/wp-json\/wp\/v2\/posts\/36334\/revisions"}],"wp:attachment":[{"href":"https:\/\/newsestlyonnais.fr\/site\/wp-json\/wp\/v2\/media?parent=36334"}],"wp:term":[{"taxonomy":"category","embeddable":true,"href":"https:\/\/newsestlyonnais.fr\/site\/wp-json\/wp\/v2\/categories?post=36334"},{"taxonomy":"post_tag","embeddable":true,"href":"https:\/\/newsestlyonnais.fr\/site\/wp-json\/wp\/v2\/tags?post=36334"}],"curies":[{"name":"wp","href":"https:\/\/api.w.org\/{rel}","templated":true}]}}