{"id":36413,"date":"2017-10-13T05:12:41","date_gmt":"2017-10-13T04:12:41","guid":{"rendered":"http:\/\/newsestlyonnais.fr\/site\/?p=36413"},"modified":"2020-11-20T15:58:24","modified_gmt":"2020-11-20T14:58:24","slug":"lyon-7-agenda-manifestations-jusquau-27-octobre","status":"publish","type":"post","link":"https:\/\/newsestlyonnais.fr\/site\/2017\/10\/13\/lyon-7-agenda-manifestations-jusquau-27-octobre\/","title":{"rendered":"LYON 7 | Agenda des manifestations jusqu&rsquo;au 27 Octobre"},"content":{"rendered":"<h4>Nombreux sont les \u00e9v\u00e8nements et manifestations pr\u00e9vus au cours du mois d&rsquo;octobre sur le 7\u00b0 arrondissement, \u00e0 savoir :<\/h4>\n<ul>\n<li><strong>Du 9 au 19 octobre<\/strong> : <span style=\"text-decoration: underline\">Exposition photos laur\u00e9ates du 3\u00b0 Marathon MJC Jean Mac\u00e9<\/span>. (Hall 1\u00b0 \u00e9tage, Mairie du 7\u00b0).<\/li>\n<li><strong>Du 20 au 30 octobre<\/strong> : <span style=\"text-decoration: underline\">Exposition de cartes postales anciennes du quartier de la Guill\u2019<\/span> par le Conseil de Quartier Guilloti\u00e8re<br \/>\nHall du 1er \u00e9tage, Mairie du 7e<\/li>\n<li><strong>Jusqu\u2019au 24 octobre<\/strong> : dans le cadre de la 7\u00b0 Biennale Hors Normes, <span style=\"text-decoration: underline\">exposition de Virginie Descure<\/span>, Pierrette Cornu, John Salter, Catherine Wolff, Miss Rivers, Han Tao, Wu Xiuling et Xu Jing Yu. (Salle Edmond Locard, 14 avenue Berthelot).<\/li>\n<li><strong>Du 26 octobre au 8 novembre<\/strong> : <span style=\"text-decoration: underline\">Mahmoud Movahed, peinture, aquarelle et huile<\/span>. (Salle Edmond Locard, 14 avenue Berthelot).<\/li>\n<li><strong>Vendredi 13 octobre \u00e0 19 h<\/strong>: <span style=\"text-decoration: underline\">Assembl\u00e9e g\u00e9n\u00e9rale de l\u2019ALGM<\/span> \u2013 Association La\u00efque Gerland Mouche (64 rue Victor Lagrange).<\/li>\n<li><strong>Samedi 14 octobre de 10 h \u00e0 12 h<\/strong>:\u00a0 \u00ab <span style=\"text-decoration: underline\">\u00c7a me dit \u00bb de la petite enfance : \u00ab Jeux, contes et go\u00fbts pour partir en voyage<\/span> \u00bb. (Salle Villon et salle de r\u00e9union au 2\u00b0 \u00e9tage, Mairie du 7\u00b0) &amp; <strong>13 h \u00e0 21 h<\/strong>: <span style=\"text-decoration: underline\">Journ\u00e9e de l\u2019 architecture<\/span>, organis\u00e9e par l\u2019association des Architectes Sans Fronti\u00e8res. (Place Mazagran) &amp; <strong>\u00e0 14 h 30<\/strong>: <span style=\"text-decoration: underline\">Concours de coinche<\/span>, organis\u00e9 par le Comit\u00e9 des F\u00eates de Gerland. (Place des Pavillons) &amp; <strong>\u00e0 18 h<\/strong> : <span style=\"text-decoration: underline\">Inauguration du bar restaurant \u00ab Un Air de Janis \u00bb<\/span>, caf\u00e9, comptoir, exposition, musique. <strong>D\u00e8s 18 h<\/strong> : <span style=\"text-decoration: underline\">les Zurbamateurs<\/span> &amp; <strong>\u00e0 21 h<\/strong> : <span style=\"text-decoration: underline\">Barrio Combo<\/span>. (59 avenue Jean Jaur\u00e8s).<\/li>\n<li><strong>Lundi 16 octobre \u00e0 18 h 30<\/strong>: <span style=\"text-decoration: underline\">Conseil d\u2019Arrondissement.<\/span> (Salle des Mariages et du Conseil, Mairie du 7\u00b0)<\/li>\n<li><strong>Mardi 17 octobre \u00e0 partir de 19 h 30<\/strong>: <span style=\"text-decoration: underline\">Ninkasi, Soir\u00e9e riverains- commer\u00e7ants de Gerland<\/span>, (267 rue Marcel M\u00e9rieux).<\/li>\n<li><strong>Mercredi 18 octobre \u00e0 9 h 30<\/strong>: <span style=\"text-decoration: underline\">Conf\u00e9rence d\u00e9di\u00e9e \u00e0 l\u2019habitat<\/span>, organis\u00e9e par SOLIHA, solidaires pour l\u2019habitat \u00ab Bien vieillir dans son logement \u00bb. Les astuces, conseils, travaux, et aides financi\u00e8res pour un logement confortable adapt\u00e9 aux besoins des retrait\u00e9s. (Salle des Mariages et du Conseil, Mairie du 7\u00b0) &amp; <strong>\u00e0 19 h:<\/strong> <span style=\"text-decoration: underline\">Soir\u00e9e partenaires : Le Ninkasi f\u00eate ses 20 ans<\/span> et la r\u00e9ouverture du Ninkasi Gerland (267 rue Marcel M\u00e9rieux).<\/li>\n<li><strong>Jeudi 19 octobre \u00e0 18 h 30<\/strong>: <span style=\"text-decoration: underline\">Assembl\u00e9e pl\u00e9ni\u00e8re du Conseil de Quartier Guilloti\u00e8re<\/span>. (Coll\u00e8ge Clemenceau).<\/li>\n<li><strong>Vendredi 20 octobre \u00e0 18 h<\/strong>: <span style=\"text-decoration: underline\">Vernissage de l\u2019exposition de cartes postales anciennes du quartier de la Guill\u2019<\/span>, par le Conseil de Quartier Guilloti\u00e8re. (Hall du 1\u00b0 \u00e9tage, Mairie du 7\u00b0).<\/li>\n<li><strong>Samedi 21 octobre \u00e0 11 h 30<\/strong>: <span style=\"text-decoration: underline\">Inauguration de la 2\u00b0 \u00e9dition du Lyon Golf Square<\/span>, organis\u00e9 par Golf first SARL. (Parc de Gerland).<\/li>\n<li><strong>Du 20 au 24 octobre: de 10 h \u00e0 17 h<\/strong>: <span style=\"text-decoration: underline\">\u00ab Lyon Golf Square \u00bb<\/span> : d\u00e9couverte du golf au grand public, organis\u00e9 par Golf First SARL. (Parc de Gerland).<\/li>\n<li><strong>Jeudi 26 octobre \u00e0 18 h 30<\/strong>: <span style=\"text-decoration: underline\">Conf\u00e9rence organis\u00e9e par la Maison de l\u2019Europe et des Europ\u00e9ens<\/span> \u00ab O\u00f9 va l\u2019Europe ? \u00bb (Salle des Mariages et du Conseil, Mairie du 7\u00b0).<\/li>\n<li><strong>Vendredi 27 octobre \u00e0 partir de 18 h<\/strong>: \u00ab <span style=\"text-decoration: underline\">Birthday Party<\/span> \u00bb organis\u00e9e par le Ninkasi (Square Galtier).<\/li>\n<\/ul>\n<h4>Retrouvez l&rsquo;ACTU du 7\u00b0 sur :\u00a0 <a href=\"http:\/\/www.mairie7.lyon.fr\/page\/accueil_7.html\" target=\"_blank\" rel=\"noopener noreferrer\">http:\/\/www.mairie7.lyon.fr\/page\/accueil_7.html<\/a><\/h4>\n","protected":false},"excerpt":{"rendered":"<p>Nombreux sont les \u00e9v\u00e8nements et manifestations pr\u00e9vus au cours du mois d&rsquo;octobre sur le 7\u00b0 arrondissement, \u00e0 savoir : Du 9 au 19 octobre : Exposition photos laur\u00e9ates du 3\u00b0 Marathon MJC Jean Mac\u00e9. (Hall 1\u00b0 \u00e9tage, Mairie du 7\u00b0). Du 20 au 30 octobre : Exposition de cartes postales anciennes du quartier de la [&hellip;]<\/p>\n","protected":false},"author":4,"featured_media":8840,"comment_status":"open","ping_status":"open","sticky":false,"template":"","format":"standard","meta":{"footnotes":""},"categories":[1625],"tags":[],"class_list":["post-36413","post","type-post","status-publish","format-standard","has-post-thumbnail","hentry","category-lyon"],"yoast_head":"<!-- This site is optimized with the Yoast SEO plugin v27.2 - https:\/\/yoast.com\/product\/yoast-seo-wordpress\/ -->\n<title>LYON 7\u00b0 : L&#039;agenda des manifestations jusqu&#039;au 27 Octobre<\/title>\n<meta name=\"description\" content=\"LYON 7\u00b0 : L&#039;agenda des manifestations jusqu&#039;au 27 Octobre\" \/>\n<meta name=\"robots\" content=\"index, follow, max-snippet:-1, max-image-preview:large, max-video-preview:-1\" \/>\n<link rel=\"canonical\" href=\"https:\/\/newsestlyonnais.fr\/site\/2017\/10\/13\/lyon-7-agenda-manifestations-jusquau-27-octobre\/\" \/>\n<meta property=\"og:locale\" content=\"fr_FR\" \/>\n<meta property=\"og:type\" content=\"article\" \/>\n<meta property=\"og:title\" content=\"LYON 7\u00b0 : L&#039;agenda des manifestations jusqu&#039;au 27 Octobre\" \/>\n<meta property=\"og:description\" content=\"LYON 7\u00b0 : L&#039;agenda des manifestations jusqu&#039;au 27 Octobre\" \/>\n<meta property=\"og:url\" content=\"https:\/\/newsestlyonnais.fr\/site\/2017\/10\/13\/lyon-7-agenda-manifestations-jusquau-27-octobre\/\" \/>\n<meta property=\"og:site_name\" content=\"News Est Lyonnais\" \/>\n<meta property=\"article:author\" content=\"https:\/\/www.facebook.com\/pascal.oberson.1?fref=ts\" \/>\n<meta property=\"article:published_time\" content=\"2017-10-13T04:12:41+00:00\" \/>\n<meta property=\"article:modified_time\" content=\"2020-11-20T14:58:24+00:00\" \/>\n<meta property=\"og:image\" content=\"https:\/\/i1.wp.com\/newsestlyonnais.fr\/site\/wp-content\/uploads\/2016\/06\/NEWSESTLYONNAIS-LYON-PANNEAUP1100180.jpg?fit=1000%2C750&ssl=1\" \/>\n\t<meta property=\"og:image:width\" content=\"1000\" \/>\n\t<meta property=\"og:image:height\" content=\"750\" \/>\n\t<meta property=\"og:image:type\" content=\"image\/jpeg\" \/>\n<meta name=\"author\" content=\"R\u00e9dac. NEWS\" \/>\n<meta name=\"twitter:card\" content=\"summary_large_image\" \/>\n<meta name=\"twitter:label1\" content=\"\u00c9crit par\" \/>\n\t<meta name=\"twitter:data1\" content=\"R\u00e9dac. NEWS\" \/>\n\t<meta name=\"twitter:label2\" content=\"Dur\u00e9e de lecture estim\u00e9e\" \/>\n\t<meta name=\"twitter:data2\" content=\"2 minutes\" \/>\n<script type=\"application\/ld+json\" class=\"yoast-schema-graph\">{\"@context\":\"https:\/\/schema.org\",\"@graph\":[{\"@type\":\"Article\",\"@id\":\"https:\/\/newsestlyonnais.fr\/site\/2017\/10\/13\/lyon-7-agenda-manifestations-jusquau-27-octobre\/#article\",\"isPartOf\":{\"@id\":\"https:\/\/newsestlyonnais.fr\/site\/2017\/10\/13\/lyon-7-agenda-manifestations-jusquau-27-octobre\/\"},\"author\":{\"name\":\"R\u00e9dac. NEWS\",\"@id\":\"https:\/\/newsestlyonnais.fr\/site\/#\/schema\/person\/3230d5615f390bb808365d673001e887\"},\"headline\":\"LYON 7 | Agenda des manifestations jusqu&rsquo;au 27 Octobre\",\"datePublished\":\"2017-10-13T04:12:41+00:00\",\"dateModified\":\"2020-11-20T14:58:24+00:00\",\"mainEntityOfPage\":{\"@id\":\"https:\/\/newsestlyonnais.fr\/site\/2017\/10\/13\/lyon-7-agenda-manifestations-jusquau-27-octobre\/\"},\"wordCount\":481,\"commentCount\":0,\"publisher\":{\"@id\":\"https:\/\/newsestlyonnais.fr\/site\/#organization\"},\"image\":{\"@id\":\"https:\/\/newsestlyonnais.fr\/site\/2017\/10\/13\/lyon-7-agenda-manifestations-jusquau-27-octobre\/#primaryimage\"},\"thumbnailUrl\":\"https:\/\/newsestlyonnais.fr\/site\/wp-content\/uploads\/2016\/06\/NEWSESTLYONNAIS-LYON-PANNEAUP1100180.jpg\",\"articleSection\":[\"Lyon\"],\"inLanguage\":\"fr-FR\",\"potentialAction\":[{\"@type\":\"CommentAction\",\"name\":\"Comment\",\"target\":[\"https:\/\/newsestlyonnais.fr\/site\/2017\/10\/13\/lyon-7-agenda-manifestations-jusquau-27-octobre\/#respond\"]}]},{\"@type\":\"WebPage\",\"@id\":\"https:\/\/newsestlyonnais.fr\/site\/2017\/10\/13\/lyon-7-agenda-manifestations-jusquau-27-octobre\/\",\"url\":\"https:\/\/newsestlyonnais.fr\/site\/2017\/10\/13\/lyon-7-agenda-manifestations-jusquau-27-octobre\/\",\"name\":\"LYON 7\u00b0 : L'agenda des manifestations jusqu'au 27 Octobre\",\"isPartOf\":{\"@id\":\"https:\/\/newsestlyonnais.fr\/site\/#website\"},\"primaryImageOfPage\":{\"@id\":\"https:\/\/newsestlyonnais.fr\/site\/2017\/10\/13\/lyon-7-agenda-manifestations-jusquau-27-octobre\/#primaryimage\"},\"image\":{\"@id\":\"https:\/\/newsestlyonnais.fr\/site\/2017\/10\/13\/lyon-7-agenda-manifestations-jusquau-27-octobre\/#primaryimage\"},\"thumbnailUrl\":\"https:\/\/newsestlyonnais.fr\/site\/wp-content\/uploads\/2016\/06\/NEWSESTLYONNAIS-LYON-PANNEAUP1100180.jpg\",\"datePublished\":\"2017-10-13T04:12:41+00:00\",\"dateModified\":\"2020-11-20T14:58:24+00:00\",\"description\":\"LYON 7\u00b0 : L'agenda des manifestations jusqu'au 27 Octobre\",\"breadcrumb\":{\"@id\":\"https:\/\/newsestlyonnais.fr\/site\/2017\/10\/13\/lyon-7-agenda-manifestations-jusquau-27-octobre\/#breadcrumb\"},\"inLanguage\":\"fr-FR\",\"potentialAction\":[{\"@type\":\"ReadAction\",\"target\":[\"https:\/\/newsestlyonnais.fr\/site\/2017\/10\/13\/lyon-7-agenda-manifestations-jusquau-27-octobre\/\"]}]},{\"@type\":\"ImageObject\",\"inLanguage\":\"fr-FR\",\"@id\":\"https:\/\/newsestlyonnais.fr\/site\/2017\/10\/13\/lyon-7-agenda-manifestations-jusquau-27-octobre\/#primaryimage\",\"url\":\"https:\/\/newsestlyonnais.fr\/site\/wp-content\/uploads\/2016\/06\/NEWSESTLYONNAIS-LYON-PANNEAUP1100180.jpg\",\"contentUrl\":\"https:\/\/newsestlyonnais.fr\/site\/wp-content\/uploads\/2016\/06\/NEWSESTLYONNAIS-LYON-PANNEAUP1100180.jpg\",\"width\":1000,\"height\":750,\"caption\":\"NEWSESTLYONNAIS - LYON PANNEAU\"},{\"@type\":\"BreadcrumbList\",\"@id\":\"https:\/\/newsestlyonnais.fr\/site\/2017\/10\/13\/lyon-7-agenda-manifestations-jusquau-27-octobre\/#breadcrumb\",\"itemListElement\":[{\"@type\":\"ListItem\",\"position\":1,\"name\":\"Accueil\",\"item\":\"https:\/\/newsestlyonnais.fr\/site\/\"},{\"@type\":\"ListItem\",\"position\":2,\"name\":\"LYON 7 | Agenda des manifestations jusqu&rsquo;au 27 Octobre\"}]},{\"@type\":\"WebSite\",\"@id\":\"https:\/\/newsestlyonnais.fr\/site\/#website\",\"url\":\"https:\/\/newsestlyonnais.fr\/site\/\",\"name\":\"News Est Lyonnais\",\"description\":\"L&#039;actualit\u00e9 au plus pr\u00e8s\",\"publisher\":{\"@id\":\"https:\/\/newsestlyonnais.fr\/site\/#organization\"},\"potentialAction\":[{\"@type\":\"SearchAction\",\"target\":{\"@type\":\"EntryPoint\",\"urlTemplate\":\"https:\/\/newsestlyonnais.fr\/site\/?s={search_term_string}\"},\"query-input\":{\"@type\":\"PropertyValueSpecification\",\"valueRequired\":true,\"valueName\":\"search_term_string\"}}],\"inLanguage\":\"fr-FR\"},{\"@type\":\"Organization\",\"@id\":\"https:\/\/newsestlyonnais.fr\/site\/#organization\",\"name\":\"News EST LYONNAIS\",\"url\":\"https:\/\/newsestlyonnais.fr\/site\/\",\"logo\":{\"@type\":\"ImageObject\",\"inLanguage\":\"fr-FR\",\"@id\":\"https:\/\/newsestlyonnais.fr\/site\/#\/schema\/logo\/image\/\",\"url\":\"\",\"contentUrl\":\"\",\"caption\":\"News EST LYONNAIS\"},\"image\":{\"@id\":\"https:\/\/newsestlyonnais.fr\/site\/#\/schema\/logo\/image\/\"}},{\"@type\":\"Person\",\"@id\":\"https:\/\/newsestlyonnais.fr\/site\/#\/schema\/person\/3230d5615f390bb808365d673001e887\",\"name\":\"R\u00e9dac. NEWS\",\"sameAs\":[\"http:\/\/www.newsestlyonnais.fr\",\"https:\/\/www.facebook.com\/pascal.oberson.1?fref=ts\",\"https:\/\/fr.linkedin.com\/in\/pascal-oberson-b17045113\"],\"url\":\"https:\/\/newsestlyonnais.fr\/site\/author\/nel\/\"}]}<\/script>\n<!-- \/ Yoast SEO plugin. -->","yoast_head_json":{"title":"LYON 7\u00b0 : L'agenda des manifestations jusqu'au 27 Octobre","description":"LYON 7\u00b0 : L'agenda des manifestations jusqu'au 27 Octobre","robots":{"index":"index","follow":"follow","max-snippet":"max-snippet:-1","max-image-preview":"max-image-preview:large","max-video-preview":"max-video-preview:-1"},"canonical":"https:\/\/newsestlyonnais.fr\/site\/2017\/10\/13\/lyon-7-agenda-manifestations-jusquau-27-octobre\/","og_locale":"fr_FR","og_type":"article","og_title":"LYON 7\u00b0 : L'agenda des manifestations jusqu'au 27 Octobre","og_description":"LYON 7\u00b0 : L'agenda des manifestations jusqu'au 27 Octobre","og_url":"https:\/\/newsestlyonnais.fr\/site\/2017\/10\/13\/lyon-7-agenda-manifestations-jusquau-27-octobre\/","og_site_name":"News Est Lyonnais","article_author":"https:\/\/www.facebook.com\/pascal.oberson.1?fref=ts","article_published_time":"2017-10-13T04:12:41+00:00","article_modified_time":"2020-11-20T14:58:24+00:00","og_image":[{"width":1000,"height":750,"url":"https:\/\/i1.wp.com\/newsestlyonnais.fr\/site\/wp-content\/uploads\/2016\/06\/NEWSESTLYONNAIS-LYON-PANNEAUP1100180.jpg?fit=1000%2C750&ssl=1","type":"image\/jpeg"}],"author":"R\u00e9dac. NEWS","twitter_card":"summary_large_image","twitter_misc":{"\u00c9crit par":"R\u00e9dac. NEWS","Dur\u00e9e de lecture estim\u00e9e":"2 minutes"},"schema":{"@context":"https:\/\/schema.org","@graph":[{"@type":"Article","@id":"https:\/\/newsestlyonnais.fr\/site\/2017\/10\/13\/lyon-7-agenda-manifestations-jusquau-27-octobre\/#article","isPartOf":{"@id":"https:\/\/newsestlyonnais.fr\/site\/2017\/10\/13\/lyon-7-agenda-manifestations-jusquau-27-octobre\/"},"author":{"name":"R\u00e9dac. NEWS","@id":"https:\/\/newsestlyonnais.fr\/site\/#\/schema\/person\/3230d5615f390bb808365d673001e887"},"headline":"LYON 7 | Agenda des manifestations jusqu&rsquo;au 27 Octobre","datePublished":"2017-10-13T04:12:41+00:00","dateModified":"2020-11-20T14:58:24+00:00","mainEntityOfPage":{"@id":"https:\/\/newsestlyonnais.fr\/site\/2017\/10\/13\/lyon-7-agenda-manifestations-jusquau-27-octobre\/"},"wordCount":481,"commentCount":0,"publisher":{"@id":"https:\/\/newsestlyonnais.fr\/site\/#organization"},"image":{"@id":"https:\/\/newsestlyonnais.fr\/site\/2017\/10\/13\/lyon-7-agenda-manifestations-jusquau-27-octobre\/#primaryimage"},"thumbnailUrl":"https:\/\/newsestlyonnais.fr\/site\/wp-content\/uploads\/2016\/06\/NEWSESTLYONNAIS-LYON-PANNEAUP1100180.jpg","articleSection":["Lyon"],"inLanguage":"fr-FR","potentialAction":[{"@type":"CommentAction","name":"Comment","target":["https:\/\/newsestlyonnais.fr\/site\/2017\/10\/13\/lyon-7-agenda-manifestations-jusquau-27-octobre\/#respond"]}]},{"@type":"WebPage","@id":"https:\/\/newsestlyonnais.fr\/site\/2017\/10\/13\/lyon-7-agenda-manifestations-jusquau-27-octobre\/","url":"https:\/\/newsestlyonnais.fr\/site\/2017\/10\/13\/lyon-7-agenda-manifestations-jusquau-27-octobre\/","name":"LYON 7\u00b0 : L'agenda des manifestations jusqu'au 27 Octobre","isPartOf":{"@id":"https:\/\/newsestlyonnais.fr\/site\/#website"},"primaryImageOfPage":{"@id":"https:\/\/newsestlyonnais.fr\/site\/2017\/10\/13\/lyon-7-agenda-manifestations-jusquau-27-octobre\/#primaryimage"},"image":{"@id":"https:\/\/newsestlyonnais.fr\/site\/2017\/10\/13\/lyon-7-agenda-manifestations-jusquau-27-octobre\/#primaryimage"},"thumbnailUrl":"https:\/\/newsestlyonnais.fr\/site\/wp-content\/uploads\/2016\/06\/NEWSESTLYONNAIS-LYON-PANNEAUP1100180.jpg","datePublished":"2017-10-13T04:12:41+00:00","dateModified":"2020-11-20T14:58:24+00:00","description":"LYON 7\u00b0 : L'agenda des manifestations jusqu'au 27 Octobre","breadcrumb":{"@id":"https:\/\/newsestlyonnais.fr\/site\/2017\/10\/13\/lyon-7-agenda-manifestations-jusquau-27-octobre\/#breadcrumb"},"inLanguage":"fr-FR","potentialAction":[{"@type":"ReadAction","target":["https:\/\/newsestlyonnais.fr\/site\/2017\/10\/13\/lyon-7-agenda-manifestations-jusquau-27-octobre\/"]}]},{"@type":"ImageObject","inLanguage":"fr-FR","@id":"https:\/\/newsestlyonnais.fr\/site\/2017\/10\/13\/lyon-7-agenda-manifestations-jusquau-27-octobre\/#primaryimage","url":"https:\/\/newsestlyonnais.fr\/site\/wp-content\/uploads\/2016\/06\/NEWSESTLYONNAIS-LYON-PANNEAUP1100180.jpg","contentUrl":"https:\/\/newsestlyonnais.fr\/site\/wp-content\/uploads\/2016\/06\/NEWSESTLYONNAIS-LYON-PANNEAUP1100180.jpg","width":1000,"height":750,"caption":"NEWSESTLYONNAIS - LYON PANNEAU"},{"@type":"BreadcrumbList","@id":"https:\/\/newsestlyonnais.fr\/site\/2017\/10\/13\/lyon-7-agenda-manifestations-jusquau-27-octobre\/#breadcrumb","itemListElement":[{"@type":"ListItem","position":1,"name":"Accueil","item":"https:\/\/newsestlyonnais.fr\/site\/"},{"@type":"ListItem","position":2,"name":"LYON 7 | Agenda des manifestations jusqu&rsquo;au 27 Octobre"}]},{"@type":"WebSite","@id":"https:\/\/newsestlyonnais.fr\/site\/#website","url":"https:\/\/newsestlyonnais.fr\/site\/","name":"News Est Lyonnais","description":"L&#039;actualit\u00e9 au plus pr\u00e8s","publisher":{"@id":"https:\/\/newsestlyonnais.fr\/site\/#organization"},"potentialAction":[{"@type":"SearchAction","target":{"@type":"EntryPoint","urlTemplate":"https:\/\/newsestlyonnais.fr\/site\/?s={search_term_string}"},"query-input":{"@type":"PropertyValueSpecification","valueRequired":true,"valueName":"search_term_string"}}],"inLanguage":"fr-FR"},{"@type":"Organization","@id":"https:\/\/newsestlyonnais.fr\/site\/#organization","name":"News EST LYONNAIS","url":"https:\/\/newsestlyonnais.fr\/site\/","logo":{"@type":"ImageObject","inLanguage":"fr-FR","@id":"https:\/\/newsestlyonnais.fr\/site\/#\/schema\/logo\/image\/","url":"","contentUrl":"","caption":"News EST LYONNAIS"},"image":{"@id":"https:\/\/newsestlyonnais.fr\/site\/#\/schema\/logo\/image\/"}},{"@type":"Person","@id":"https:\/\/newsestlyonnais.fr\/site\/#\/schema\/person\/3230d5615f390bb808365d673001e887","name":"R\u00e9dac. NEWS","sameAs":["http:\/\/www.newsestlyonnais.fr","https:\/\/www.facebook.com\/pascal.oberson.1?fref=ts","https:\/\/fr.linkedin.com\/in\/pascal-oberson-b17045113"],"url":"https:\/\/newsestlyonnais.fr\/site\/author\/nel\/"}]}},"_links":{"self":[{"href":"https:\/\/newsestlyonnais.fr\/site\/wp-json\/wp\/v2\/posts\/36413","targetHints":{"allow":["GET"]}}],"collection":[{"href":"https:\/\/newsestlyonnais.fr\/site\/wp-json\/wp\/v2\/posts"}],"about":[{"href":"https:\/\/newsestlyonnais.fr\/site\/wp-json\/wp\/v2\/types\/post"}],"author":[{"embeddable":true,"href":"https:\/\/newsestlyonnais.fr\/site\/wp-json\/wp\/v2\/users\/4"}],"replies":[{"embeddable":true,"href":"https:\/\/newsestlyonnais.fr\/site\/wp-json\/wp\/v2\/comments?post=36413"}],"version-history":[{"count":0,"href":"https:\/\/newsestlyonnais.fr\/site\/wp-json\/wp\/v2\/posts\/36413\/revisions"}],"wp:featuredmedia":[{"embeddable":true,"href":"https:\/\/newsestlyonnais.fr\/site\/wp-json\/wp\/v2\/media\/8840"}],"wp:attachment":[{"href":"https:\/\/newsestlyonnais.fr\/site\/wp-json\/wp\/v2\/media?parent=36413"}],"wp:term":[{"taxonomy":"category","embeddable":true,"href":"https:\/\/newsestlyonnais.fr\/site\/wp-json\/wp\/v2\/categories?post=36413"},{"taxonomy":"post_tag","embeddable":true,"href":"https:\/\/newsestlyonnais.fr\/site\/wp-json\/wp\/v2\/tags?post=36413"}],"curies":[{"name":"wp","href":"https:\/\/api.w.org\/{rel}","templated":true}]}}