{"id":36447,"date":"2017-10-13T13:06:40","date_gmt":"2017-10-13T12:06:40","guid":{"rendered":"http:\/\/newsestlyonnais.fr\/site\/?p=36447"},"modified":"2021-09-16T14:45:57","modified_gmt":"2021-09-16T13:45:57","slug":"vaulx-en-velin-elhem-mekhaled-conserve-son-titre-de-championne-de-france-de-boxe","status":"publish","type":"post","link":"https:\/\/newsestlyonnais.fr\/site\/2017\/10\/13\/vaulx-en-velin-elhem-mekhaled-conserve-son-titre-de-championne-de-france-de-boxe\/","title":{"rendered":"VAULX-EN-VELIN | Elhem Mekhaled conserve son titre de championne de France de boxe"},"content":{"rendered":"<h5 class=\"entry-title single-post-title heading_post_title\">Elhem Mekhaled, membre du Boxing Club Vaudais sacr\u00e9e championne de France en mars dernier d\u00e9fendait sa couronne nationale, jeudi soir au \u00ab\u00a0Sud de France Arena\u00a0\u00bb de Montpellier.<\/h5>\n<p>Son combat, le seul f\u00e9minin du gala de boxe \u00ab\u00a0Boxitanie\u00a0\u00bb organis\u00e9 par Brahim Asloum l&rsquo;opposait \u00e0 la nordiste Cindy Bonhiver dans le cadre du championnat de France&nbsp;f\u00e9minin&nbsp;des poids super-plume.<\/p>\n<p>La vaudaise coach\u00e9e par Saber Bouzaiane et Eug\u00e8ne Varoclier en s&rsquo;imposant aux points conserve son titre, dix ans apr\u00e8s avoir d\u00e9marr\u00e9 la boxe.<\/p>\n<figure id=\"attachment_36459\" aria-describedby=\"caption-attachment-36459\" style=\"width: 540px\" class=\"wp-caption aligncenter\"><img loading=\"lazy\" decoding=\"async\" class=\"wp-image-36459 size-full\" src=\"https:\/\/newsestlyonnais.fr\/site\/medias\/2017\/10\/NEWSESTLYONNAIS-BOXEUSES.jpg\" alt=\"\" width=\"540\" height=\"720\" srcset=\"https:\/\/newsestlyonnais.fr\/site\/wp-content\/uploads\/2017\/10\/NEWSESTLYONNAIS-BOXEUSES.jpg 540w, https:\/\/newsestlyonnais.fr\/site\/wp-content\/uploads\/2017\/10\/NEWSESTLYONNAIS-BOXEUSES-225x300.jpg 225w\" sizes=\"auto, (max-width: 540px) 100vw, 540px\" \/><figcaption id=\"caption-attachment-36459\" class=\"wp-caption-text\">Cindy Bonhiver et Elhem Mekhaled<\/figcaption><\/figure>\n","protected":false},"excerpt":{"rendered":"<p>Elhem Mekhaled, membre du Boxing Club Vaudais sacr\u00e9e championne de France en mars dernier d\u00e9fendait sa couronne nationale, jeudi soir au \u00ab\u00a0Sud de France Arena\u00a0\u00bb de Montpellier. Son combat, le seul f\u00e9minin du gala de boxe \u00ab\u00a0Boxitanie\u00a0\u00bb organis\u00e9 par Brahim Asloum l&rsquo;opposait \u00e0 la nordiste Cindy Bonhiver dans le cadre du championnat de France&nbsp;f\u00e9minin&nbsp;des poids [&hellip;]<\/p>\n","protected":false},"author":4,"featured_media":36458,"comment_status":"open","ping_status":"open","sticky":false,"template":"","format":"standard","meta":{"footnotes":""},"categories":[3895,166,3421,28],"tags":[],"class_list":["post-36447","post","type-post","status-publish","format-standard","has-post-thumbnail","hentry","category-boxe","category-divers-sports","category-feminin-actu-au","category-vaulx-en-velin"],"yoast_head":"<!-- This site is optimized with the Yoast SEO plugin v27.2 - https:\/\/yoast.com\/product\/yoast-seo-wordpress\/ -->\n<title>VAULX-EN-VELIN | Elhem Mekhaled conserve son titre de championne de France de boxe - News Est Lyonnais<\/title>\n<meta name=\"description\" content=\"VAULX EN VELIN : Elhem Mekhaled conserve son titre de championne de France de boxe apr\u00e8s avoir d\u00e9fendu sa couronne nationale.\" \/>\n<meta name=\"robots\" content=\"index, follow, max-snippet:-1, max-image-preview:large, max-video-preview:-1\" \/>\n<link rel=\"canonical\" href=\"https:\/\/newsestlyonnais.fr\/site\/2017\/10\/13\/vaulx-en-velin-elhem-mekhaled-conserve-son-titre-de-championne-de-france-de-boxe\/\" \/>\n<meta property=\"og:locale\" content=\"fr_FR\" \/>\n<meta property=\"og:type\" content=\"article\" \/>\n<meta property=\"og:title\" content=\"VAULX-EN-VELIN | Elhem Mekhaled conserve son titre de championne de France de boxe - News Est Lyonnais\" \/>\n<meta property=\"og:description\" content=\"VAULX EN VELIN : Elhem Mekhaled conserve son titre de championne de France de boxe apr\u00e8s avoir d\u00e9fendu sa couronne nationale.\" \/>\n<meta property=\"og:url\" content=\"https:\/\/newsestlyonnais.fr\/site\/2017\/10\/13\/vaulx-en-velin-elhem-mekhaled-conserve-son-titre-de-championne-de-france-de-boxe\/\" \/>\n<meta property=\"og:site_name\" content=\"News Est Lyonnais\" \/>\n<meta property=\"article:author\" content=\"https:\/\/www.facebook.com\/pascal.oberson.1?fref=ts\" \/>\n<meta property=\"article:published_time\" content=\"2017-10-13T12:06:40+00:00\" \/>\n<meta property=\"article:modified_time\" content=\"2021-09-16T13:45:57+00:00\" \/>\n<meta property=\"og:image\" content=\"https:\/\/i0.wp.com\/newsestlyonnais.fr\/site\/wp-content\/uploads\/2017\/10\/NEWSESTLYONNAIS-ELHEM-TITRE.jpg?fit=480%2C640&ssl=1\" \/>\n\t<meta property=\"og:image:width\" content=\"480\" \/>\n\t<meta property=\"og:image:height\" content=\"640\" \/>\n\t<meta property=\"og:image:type\" content=\"image\/jpeg\" \/>\n<meta name=\"author\" content=\"R\u00e9dac. NEWS\" \/>\n<meta name=\"twitter:card\" content=\"summary_large_image\" \/>\n<meta name=\"twitter:label1\" content=\"\u00c9crit par\" \/>\n\t<meta name=\"twitter:data1\" content=\"R\u00e9dac. NEWS\" \/>\n\t<meta name=\"twitter:label2\" content=\"Dur\u00e9e de lecture estim\u00e9e\" \/>\n\t<meta name=\"twitter:data2\" content=\"1 minute\" \/>\n<script type=\"application\/ld+json\" class=\"yoast-schema-graph\">{\"@context\":\"https:\/\/schema.org\",\"@graph\":[{\"@type\":\"Article\",\"@id\":\"https:\/\/newsestlyonnais.fr\/site\/2017\/10\/13\/vaulx-en-velin-elhem-mekhaled-conserve-son-titre-de-championne-de-france-de-boxe\/#article\",\"isPartOf\":{\"@id\":\"https:\/\/newsestlyonnais.fr\/site\/2017\/10\/13\/vaulx-en-velin-elhem-mekhaled-conserve-son-titre-de-championne-de-france-de-boxe\/\"},\"author\":{\"name\":\"R\u00e9dac. NEWS\",\"@id\":\"https:\/\/newsestlyonnais.fr\/site\/#\/schema\/person\/3230d5615f390bb808365d673001e887\"},\"headline\":\"VAULX-EN-VELIN | Elhem Mekhaled conserve son titre de championne de France de boxe\",\"datePublished\":\"2017-10-13T12:06:40+00:00\",\"dateModified\":\"2021-09-16T13:45:57+00:00\",\"mainEntityOfPage\":{\"@id\":\"https:\/\/newsestlyonnais.fr\/site\/2017\/10\/13\/vaulx-en-velin-elhem-mekhaled-conserve-son-titre-de-championne-de-france-de-boxe\/\"},\"wordCount\":116,\"commentCount\":0,\"publisher\":{\"@id\":\"https:\/\/newsestlyonnais.fr\/site\/#organization\"},\"image\":{\"@id\":\"https:\/\/newsestlyonnais.fr\/site\/2017\/10\/13\/vaulx-en-velin-elhem-mekhaled-conserve-son-titre-de-championne-de-france-de-boxe\/#primaryimage\"},\"thumbnailUrl\":\"https:\/\/newsestlyonnais.fr\/site\/wp-content\/uploads\/2017\/10\/NEWSESTLYONNAIS-ELHEM-TITRE.jpg\",\"articleSection\":[\"Boxe\",\"Divers Sports\",\"F\u00e9minin (Actu au)\",\"Vaulx-en-Velin\"],\"inLanguage\":\"fr-FR\",\"potentialAction\":[{\"@type\":\"CommentAction\",\"name\":\"Comment\",\"target\":[\"https:\/\/newsestlyonnais.fr\/site\/2017\/10\/13\/vaulx-en-velin-elhem-mekhaled-conserve-son-titre-de-championne-de-france-de-boxe\/#respond\"]}]},{\"@type\":\"WebPage\",\"@id\":\"https:\/\/newsestlyonnais.fr\/site\/2017\/10\/13\/vaulx-en-velin-elhem-mekhaled-conserve-son-titre-de-championne-de-france-de-boxe\/\",\"url\":\"https:\/\/newsestlyonnais.fr\/site\/2017\/10\/13\/vaulx-en-velin-elhem-mekhaled-conserve-son-titre-de-championne-de-france-de-boxe\/\",\"name\":\"VAULX-EN-VELIN | Elhem Mekhaled conserve son titre de championne de France de boxe - News Est Lyonnais\",\"isPartOf\":{\"@id\":\"https:\/\/newsestlyonnais.fr\/site\/#website\"},\"primaryImageOfPage\":{\"@id\":\"https:\/\/newsestlyonnais.fr\/site\/2017\/10\/13\/vaulx-en-velin-elhem-mekhaled-conserve-son-titre-de-championne-de-france-de-boxe\/#primaryimage\"},\"image\":{\"@id\":\"https:\/\/newsestlyonnais.fr\/site\/2017\/10\/13\/vaulx-en-velin-elhem-mekhaled-conserve-son-titre-de-championne-de-france-de-boxe\/#primaryimage\"},\"thumbnailUrl\":\"https:\/\/newsestlyonnais.fr\/site\/wp-content\/uploads\/2017\/10\/NEWSESTLYONNAIS-ELHEM-TITRE.jpg\",\"datePublished\":\"2017-10-13T12:06:40+00:00\",\"dateModified\":\"2021-09-16T13:45:57+00:00\",\"description\":\"VAULX EN VELIN : Elhem Mekhaled conserve son titre de championne de France de boxe apr\u00e8s avoir d\u00e9fendu sa couronne nationale.\",\"breadcrumb\":{\"@id\":\"https:\/\/newsestlyonnais.fr\/site\/2017\/10\/13\/vaulx-en-velin-elhem-mekhaled-conserve-son-titre-de-championne-de-france-de-boxe\/#breadcrumb\"},\"inLanguage\":\"fr-FR\",\"potentialAction\":[{\"@type\":\"ReadAction\",\"target\":[\"https:\/\/newsestlyonnais.fr\/site\/2017\/10\/13\/vaulx-en-velin-elhem-mekhaled-conserve-son-titre-de-championne-de-france-de-boxe\/\"]}]},{\"@type\":\"ImageObject\",\"inLanguage\":\"fr-FR\",\"@id\":\"https:\/\/newsestlyonnais.fr\/site\/2017\/10\/13\/vaulx-en-velin-elhem-mekhaled-conserve-son-titre-de-championne-de-france-de-boxe\/#primaryimage\",\"url\":\"https:\/\/newsestlyonnais.fr\/site\/wp-content\/uploads\/2017\/10\/NEWSESTLYONNAIS-ELHEM-TITRE.jpg\",\"contentUrl\":\"https:\/\/newsestlyonnais.fr\/site\/wp-content\/uploads\/2017\/10\/NEWSESTLYONNAIS-ELHEM-TITRE.jpg\",\"width\":480,\"height\":640,\"caption\":\"NEWSESTLYONNAIS - ELHEM TITRE\"},{\"@type\":\"BreadcrumbList\",\"@id\":\"https:\/\/newsestlyonnais.fr\/site\/2017\/10\/13\/vaulx-en-velin-elhem-mekhaled-conserve-son-titre-de-championne-de-france-de-boxe\/#breadcrumb\",\"itemListElement\":[{\"@type\":\"ListItem\",\"position\":1,\"name\":\"Accueil\",\"item\":\"https:\/\/newsestlyonnais.fr\/site\/\"},{\"@type\":\"ListItem\",\"position\":2,\"name\":\"VAULX-EN-VELIN | Elhem Mekhaled conserve son titre de championne de France de boxe\"}]},{\"@type\":\"WebSite\",\"@id\":\"https:\/\/newsestlyonnais.fr\/site\/#website\",\"url\":\"https:\/\/newsestlyonnais.fr\/site\/\",\"name\":\"News Est Lyonnais\",\"description\":\"L&#039;actualit\u00e9 au plus pr\u00e8s\",\"publisher\":{\"@id\":\"https:\/\/newsestlyonnais.fr\/site\/#organization\"},\"potentialAction\":[{\"@type\":\"SearchAction\",\"target\":{\"@type\":\"EntryPoint\",\"urlTemplate\":\"https:\/\/newsestlyonnais.fr\/site\/?s={search_term_string}\"},\"query-input\":{\"@type\":\"PropertyValueSpecification\",\"valueRequired\":true,\"valueName\":\"search_term_string\"}}],\"inLanguage\":\"fr-FR\"},{\"@type\":\"Organization\",\"@id\":\"https:\/\/newsestlyonnais.fr\/site\/#organization\",\"name\":\"News EST LYONNAIS\",\"url\":\"https:\/\/newsestlyonnais.fr\/site\/\",\"logo\":{\"@type\":\"ImageObject\",\"inLanguage\":\"fr-FR\",\"@id\":\"https:\/\/newsestlyonnais.fr\/site\/#\/schema\/logo\/image\/\",\"url\":\"\",\"contentUrl\":\"\",\"caption\":\"News EST LYONNAIS\"},\"image\":{\"@id\":\"https:\/\/newsestlyonnais.fr\/site\/#\/schema\/logo\/image\/\"}},{\"@type\":\"Person\",\"@id\":\"https:\/\/newsestlyonnais.fr\/site\/#\/schema\/person\/3230d5615f390bb808365d673001e887\",\"name\":\"R\u00e9dac. NEWS\",\"sameAs\":[\"http:\/\/www.newsestlyonnais.fr\",\"https:\/\/www.facebook.com\/pascal.oberson.1?fref=ts\",\"https:\/\/fr.linkedin.com\/in\/pascal-oberson-b17045113\"],\"url\":\"https:\/\/newsestlyonnais.fr\/site\/author\/nel\/\"}]}<\/script>\n<!-- \/ Yoast SEO plugin. -->","yoast_head_json":{"title":"VAULX-EN-VELIN | Elhem Mekhaled conserve son titre de championne de France de boxe - News Est Lyonnais","description":"VAULX EN VELIN : Elhem Mekhaled conserve son titre de championne de France de boxe apr\u00e8s avoir d\u00e9fendu sa couronne nationale.","robots":{"index":"index","follow":"follow","max-snippet":"max-snippet:-1","max-image-preview":"max-image-preview:large","max-video-preview":"max-video-preview:-1"},"canonical":"https:\/\/newsestlyonnais.fr\/site\/2017\/10\/13\/vaulx-en-velin-elhem-mekhaled-conserve-son-titre-de-championne-de-france-de-boxe\/","og_locale":"fr_FR","og_type":"article","og_title":"VAULX-EN-VELIN | Elhem Mekhaled conserve son titre de championne de France de boxe - News Est Lyonnais","og_description":"VAULX EN VELIN : Elhem Mekhaled conserve son titre de championne de France de boxe apr\u00e8s avoir d\u00e9fendu sa couronne nationale.","og_url":"https:\/\/newsestlyonnais.fr\/site\/2017\/10\/13\/vaulx-en-velin-elhem-mekhaled-conserve-son-titre-de-championne-de-france-de-boxe\/","og_site_name":"News Est Lyonnais","article_author":"https:\/\/www.facebook.com\/pascal.oberson.1?fref=ts","article_published_time":"2017-10-13T12:06:40+00:00","article_modified_time":"2021-09-16T13:45:57+00:00","og_image":[{"width":480,"height":640,"url":"https:\/\/i0.wp.com\/newsestlyonnais.fr\/site\/wp-content\/uploads\/2017\/10\/NEWSESTLYONNAIS-ELHEM-TITRE.jpg?fit=480%2C640&ssl=1","type":"image\/jpeg"}],"author":"R\u00e9dac. NEWS","twitter_card":"summary_large_image","twitter_misc":{"\u00c9crit par":"R\u00e9dac. NEWS","Dur\u00e9e de lecture estim\u00e9e":"1 minute"},"schema":{"@context":"https:\/\/schema.org","@graph":[{"@type":"Article","@id":"https:\/\/newsestlyonnais.fr\/site\/2017\/10\/13\/vaulx-en-velin-elhem-mekhaled-conserve-son-titre-de-championne-de-france-de-boxe\/#article","isPartOf":{"@id":"https:\/\/newsestlyonnais.fr\/site\/2017\/10\/13\/vaulx-en-velin-elhem-mekhaled-conserve-son-titre-de-championne-de-france-de-boxe\/"},"author":{"name":"R\u00e9dac. NEWS","@id":"https:\/\/newsestlyonnais.fr\/site\/#\/schema\/person\/3230d5615f390bb808365d673001e887"},"headline":"VAULX-EN-VELIN | Elhem Mekhaled conserve son titre de championne de France de boxe","datePublished":"2017-10-13T12:06:40+00:00","dateModified":"2021-09-16T13:45:57+00:00","mainEntityOfPage":{"@id":"https:\/\/newsestlyonnais.fr\/site\/2017\/10\/13\/vaulx-en-velin-elhem-mekhaled-conserve-son-titre-de-championne-de-france-de-boxe\/"},"wordCount":116,"commentCount":0,"publisher":{"@id":"https:\/\/newsestlyonnais.fr\/site\/#organization"},"image":{"@id":"https:\/\/newsestlyonnais.fr\/site\/2017\/10\/13\/vaulx-en-velin-elhem-mekhaled-conserve-son-titre-de-championne-de-france-de-boxe\/#primaryimage"},"thumbnailUrl":"https:\/\/newsestlyonnais.fr\/site\/wp-content\/uploads\/2017\/10\/NEWSESTLYONNAIS-ELHEM-TITRE.jpg","articleSection":["Boxe","Divers Sports","F\u00e9minin (Actu au)","Vaulx-en-Velin"],"inLanguage":"fr-FR","potentialAction":[{"@type":"CommentAction","name":"Comment","target":["https:\/\/newsestlyonnais.fr\/site\/2017\/10\/13\/vaulx-en-velin-elhem-mekhaled-conserve-son-titre-de-championne-de-france-de-boxe\/#respond"]}]},{"@type":"WebPage","@id":"https:\/\/newsestlyonnais.fr\/site\/2017\/10\/13\/vaulx-en-velin-elhem-mekhaled-conserve-son-titre-de-championne-de-france-de-boxe\/","url":"https:\/\/newsestlyonnais.fr\/site\/2017\/10\/13\/vaulx-en-velin-elhem-mekhaled-conserve-son-titre-de-championne-de-france-de-boxe\/","name":"VAULX-EN-VELIN | Elhem Mekhaled conserve son titre de championne de France de boxe - News Est Lyonnais","isPartOf":{"@id":"https:\/\/newsestlyonnais.fr\/site\/#website"},"primaryImageOfPage":{"@id":"https:\/\/newsestlyonnais.fr\/site\/2017\/10\/13\/vaulx-en-velin-elhem-mekhaled-conserve-son-titre-de-championne-de-france-de-boxe\/#primaryimage"},"image":{"@id":"https:\/\/newsestlyonnais.fr\/site\/2017\/10\/13\/vaulx-en-velin-elhem-mekhaled-conserve-son-titre-de-championne-de-france-de-boxe\/#primaryimage"},"thumbnailUrl":"https:\/\/newsestlyonnais.fr\/site\/wp-content\/uploads\/2017\/10\/NEWSESTLYONNAIS-ELHEM-TITRE.jpg","datePublished":"2017-10-13T12:06:40+00:00","dateModified":"2021-09-16T13:45:57+00:00","description":"VAULX EN VELIN : Elhem Mekhaled conserve son titre de championne de France de boxe apr\u00e8s avoir d\u00e9fendu sa couronne nationale.","breadcrumb":{"@id":"https:\/\/newsestlyonnais.fr\/site\/2017\/10\/13\/vaulx-en-velin-elhem-mekhaled-conserve-son-titre-de-championne-de-france-de-boxe\/#breadcrumb"},"inLanguage":"fr-FR","potentialAction":[{"@type":"ReadAction","target":["https:\/\/newsestlyonnais.fr\/site\/2017\/10\/13\/vaulx-en-velin-elhem-mekhaled-conserve-son-titre-de-championne-de-france-de-boxe\/"]}]},{"@type":"ImageObject","inLanguage":"fr-FR","@id":"https:\/\/newsestlyonnais.fr\/site\/2017\/10\/13\/vaulx-en-velin-elhem-mekhaled-conserve-son-titre-de-championne-de-france-de-boxe\/#primaryimage","url":"https:\/\/newsestlyonnais.fr\/site\/wp-content\/uploads\/2017\/10\/NEWSESTLYONNAIS-ELHEM-TITRE.jpg","contentUrl":"https:\/\/newsestlyonnais.fr\/site\/wp-content\/uploads\/2017\/10\/NEWSESTLYONNAIS-ELHEM-TITRE.jpg","width":480,"height":640,"caption":"NEWSESTLYONNAIS - ELHEM TITRE"},{"@type":"BreadcrumbList","@id":"https:\/\/newsestlyonnais.fr\/site\/2017\/10\/13\/vaulx-en-velin-elhem-mekhaled-conserve-son-titre-de-championne-de-france-de-boxe\/#breadcrumb","itemListElement":[{"@type":"ListItem","position":1,"name":"Accueil","item":"https:\/\/newsestlyonnais.fr\/site\/"},{"@type":"ListItem","position":2,"name":"VAULX-EN-VELIN | Elhem Mekhaled conserve son titre de championne de France de boxe"}]},{"@type":"WebSite","@id":"https:\/\/newsestlyonnais.fr\/site\/#website","url":"https:\/\/newsestlyonnais.fr\/site\/","name":"News Est Lyonnais","description":"L&#039;actualit\u00e9 au plus pr\u00e8s","publisher":{"@id":"https:\/\/newsestlyonnais.fr\/site\/#organization"},"potentialAction":[{"@type":"SearchAction","target":{"@type":"EntryPoint","urlTemplate":"https:\/\/newsestlyonnais.fr\/site\/?s={search_term_string}"},"query-input":{"@type":"PropertyValueSpecification","valueRequired":true,"valueName":"search_term_string"}}],"inLanguage":"fr-FR"},{"@type":"Organization","@id":"https:\/\/newsestlyonnais.fr\/site\/#organization","name":"News EST LYONNAIS","url":"https:\/\/newsestlyonnais.fr\/site\/","logo":{"@type":"ImageObject","inLanguage":"fr-FR","@id":"https:\/\/newsestlyonnais.fr\/site\/#\/schema\/logo\/image\/","url":"","contentUrl":"","caption":"News EST LYONNAIS"},"image":{"@id":"https:\/\/newsestlyonnais.fr\/site\/#\/schema\/logo\/image\/"}},{"@type":"Person","@id":"https:\/\/newsestlyonnais.fr\/site\/#\/schema\/person\/3230d5615f390bb808365d673001e887","name":"R\u00e9dac. NEWS","sameAs":["http:\/\/www.newsestlyonnais.fr","https:\/\/www.facebook.com\/pascal.oberson.1?fref=ts","https:\/\/fr.linkedin.com\/in\/pascal-oberson-b17045113"],"url":"https:\/\/newsestlyonnais.fr\/site\/author\/nel\/"}]}},"_links":{"self":[{"href":"https:\/\/newsestlyonnais.fr\/site\/wp-json\/wp\/v2\/posts\/36447","targetHints":{"allow":["GET"]}}],"collection":[{"href":"https:\/\/newsestlyonnais.fr\/site\/wp-json\/wp\/v2\/posts"}],"about":[{"href":"https:\/\/newsestlyonnais.fr\/site\/wp-json\/wp\/v2\/types\/post"}],"author":[{"embeddable":true,"href":"https:\/\/newsestlyonnais.fr\/site\/wp-json\/wp\/v2\/users\/4"}],"replies":[{"embeddable":true,"href":"https:\/\/newsestlyonnais.fr\/site\/wp-json\/wp\/v2\/comments?post=36447"}],"version-history":[{"count":0,"href":"https:\/\/newsestlyonnais.fr\/site\/wp-json\/wp\/v2\/posts\/36447\/revisions"}],"wp:featuredmedia":[{"embeddable":true,"href":"https:\/\/newsestlyonnais.fr\/site\/wp-json\/wp\/v2\/media\/36458"}],"wp:attachment":[{"href":"https:\/\/newsestlyonnais.fr\/site\/wp-json\/wp\/v2\/media?parent=36447"}],"wp:term":[{"taxonomy":"category","embeddable":true,"href":"https:\/\/newsestlyonnais.fr\/site\/wp-json\/wp\/v2\/categories?post=36447"},{"taxonomy":"post_tag","embeddable":true,"href":"https:\/\/newsestlyonnais.fr\/site\/wp-json\/wp\/v2\/tags?post=36447"}],"curies":[{"name":"wp","href":"https:\/\/api.w.org\/{rel}","templated":true}]}}