{"id":36567,"date":"2017-10-15T13:54:41","date_gmt":"2017-10-15T12:54:41","guid":{"rendered":"http:\/\/newsestlyonnais.fr\/site\/?p=36567"},"modified":"2020-11-11T17:19:00","modified_gmt":"2020-11-11T16:19:00","slug":"villeurbanne-succes-de-la-1-etape-du-challenge-avenir-des-ecoles-de-rugby-a-xiii","status":"publish","type":"post","link":"https:\/\/newsestlyonnais.fr\/site\/2017\/10\/15\/villeurbanne-succes-de-la-1-etape-du-challenge-avenir-des-ecoles-de-rugby-a-xiii\/","title":{"rendered":"VILLEURBANNE | Succ\u00e8s de la 1\u00b0 \u00e9tape du challenge Avenir des \u00e9coles de Rugby \u00e0 XIII"},"content":{"rendered":"<h4>Samedi se d\u00e9roulait au stade Georges Lyvet, la 1\u00b0 \u00e9tape du Challenge Auvergne Rh\u00f4ne-Alpes des Ecoles de Rugby \u00e0 XIII de la Ligue, organis\u00e9e par le club de Lyon Villeurbanne et Vaulx en Velin Rugby League autour de S\u00e9bastien Aguerra et Mathias Erhart<strong>. <\/strong><\/h4>\n<p>Ce premier tournoi des U6 U8 U10 et U12 (Premiers pas \/ Pupilles \/ Poussins et Benjamins) a rassembl\u00e9 plus de 230 participants r\u00e9partis en 25 \u00e9quipes en provenance des clubs de Lyon -Villeurbanne \u2013 Vaulx en Velin \u2013 D\u00e9cines \u2013 Caluire, Roanne- Mably &#8211; Sainte Foy les Lyon.<\/p>\n<p>Les plus jeunes ont d\u00e9but\u00e9 les \u00e9preuves d\u00e8s 10 heures sous un beau soleil avant de laisser place l\u2019apr\u00e8s- midi aux rencontres des 5 \u00e9quipes de Benjamins (U12).<\/p>\n<p>R\u00e9compenses et m\u00e9dailles ont \u00e9t\u00e9 remises par les joueurs seniors de l&rsquo;\u00e9quipe \u00e9lite en pr\u00e9sence de plusieurs personnalit\u00e9s :\u00a0 Gilbert Lamothe (Vice Pr\u00e9sident du CDOS RML), Edouard Duseigneur (ancien international Rugby \u00e0 XIII), Jacques Cavezzan (de la Ligue AURA) &amp; Mme Penin (Groupe Mc DO).<\/p>\n<p><em><strong><span style=\"text-decoration: underline\">Les r\u00e9sultats par cat\u00e9gories<\/span> <\/strong><\/em>:<\/p>\n<ul>\n<li><strong>Premiers Pas (U6) <\/strong>(4 \u00e9quipes) : aucun classement, tous les jeunes ont re\u00e7u une m\u00e9daille en souvenir de la journ\u00e9e<strong>.<\/strong><\/li>\n<li><strong>Pupilles (U8)<\/strong> (9 \u00e9quipes) : Les Lions de Sainte Foy Rugby League devance Caluire 1 et SFRL2, puis D\u00e9cines RL, Caluire 2 LVR2\/VVRL Mably et SFRL3.<\/li>\n<li><strong>Poussins (U10) <\/strong>(7 \u00e9quipes) : la formation des Lions de SFRL1 confirme sa supr\u00e9matie devant les lions de Lyon-Villeurbanne Rugby\/Vaulx en Velin Rugby League et Caluire 1 pour le podium. Suivi de Caluire 2 &#8211; SFRL 2 Decines et Mably\/LVR.<\/li>\n<li><strong>Benjamins (U12) <\/strong>(5 \u00e9quipes) : ce sont les Lions de Ste Foy Rugby League qui conservent la p\u00f4le position devant Lyon Villeurbanne et SFRL 2.<\/li>\n<\/ul>\n<p><span style=\"text-decoration: underline\"><strong>PHOTO A LA UNE<\/strong> <\/span>: Les jeunes de Lyon-Villeurbanne et Vaulx en Velin avec leurs nouveaux maillots !<\/p>\n<ul>\n<li>\u00a0<strong>Rendez vous pour la deuxi\u00e8me \u00e9tape du Challenge qui aura lieu le 25 Novembre \u00e0 Mably (Loire). <\/strong><\/li>\n<\/ul>\n<div id='gallery-1' class='gallery galleryid-36567 gallery-columns-3 gallery-size-thumbnail'><figure class='gallery-item'>\n\t\t\t<div class='gallery-icon landscape'>\n\t\t\t\t<a href='https:\/\/newsestlyonnais.fr\/site\/2017\/10\/15\/villeurbanne-succes-de-la-1-etape-du-challenge-avenir-des-ecoles-de-rugby-a-xiii\/olympus-digital-camera-81\/'><img loading=\"lazy\" decoding=\"async\" width=\"150\" height=\"150\" src=\"https:\/\/newsestlyonnais.fr\/site\/wp-content\/uploads\/2017\/10\/NEWSESTLYONNAIS-RUGBY-U10-DECINES-VAULX-150x150.jpg\" class=\"attachment-thumbnail size-thumbnail\" alt=\"NEWSESTLYONNAIS - U10 RUGBY\" aria-describedby=\"gallery-1-36600\" \/><\/a>\n\t\t\t<\/div>\n\t\t\t\t<figcaption class='wp-caption-text gallery-caption' id='gallery-1-36600'>\n\t\t\t\tRemise de m\u00e9dailles aux jeunes du LVR VVRL\n\t\t\t\t<\/figcaption><\/figure><figure class='gallery-item'>\n\t\t\t<div class='gallery-icon landscape'>\n\t\t\t\t<a href='https:\/\/newsestlyonnais.fr\/site\/2017\/10\/15\/villeurbanne-succes-de-la-1-etape-du-challenge-avenir-des-ecoles-de-rugby-a-xiii\/olympus-digital-camera-79\/'><img loading=\"lazy\" decoding=\"async\" width=\"150\" height=\"150\" src=\"https:\/\/newsestlyonnais.fr\/site\/wp-content\/uploads\/2017\/10\/NEWSESTLYONNAIS-RUGBY-LVR-VVRL-150x150.jpg\" class=\"attachment-thumbnail size-thumbnail\" alt=\"NEWSESTLYONNAIS - RUGBY XIII LVR VVRL\" aria-describedby=\"gallery-1-36596\" \/><\/a>\n\t\t\t<\/div>\n\t\t\t\t<figcaption class='wp-caption-text gallery-caption' id='gallery-1-36596'>\n\t\t\t\tLes jeunes de Lyon-Villeurbanne et Vaulx en Velin avec leurs nouveaux maillots !\n\t\t\t\t<\/figcaption><\/figure><figure class='gallery-item'>\n\t\t\t<div class='gallery-icon landscape'>\n\t\t\t\t<a href='https:\/\/newsestlyonnais.fr\/site\/2017\/10\/15\/villeurbanne-succes-de-la-1-etape-du-challenge-avenir-des-ecoles-de-rugby-a-xiii\/olympus-digital-camera-80\/'><img loading=\"lazy\" decoding=\"async\" width=\"150\" height=\"150\" src=\"https:\/\/newsestlyonnais.fr\/site\/wp-content\/uploads\/2017\/10\/NEWSESTLYONNAIS-JOIE-DECINOIS-150x150.jpg\" class=\"attachment-thumbnail size-thumbnail\" alt=\"NEWSESTLYONNAIS - RUGBY DECINES\" aria-describedby=\"gallery-1-36599\" \/><\/a>\n\t\t\t<\/div>\n\t\t\t\t<figcaption class='wp-caption-text gallery-caption' id='gallery-1-36599'>\n\t\t\t\tLa joie des jeunes d\u00e9cinois\n\t\t\t\t<\/figcaption><\/figure>\n\t\t<\/div>\n\n","protected":false},"excerpt":{"rendered":"<p>Samedi se d\u00e9roulait au stade Georges Lyvet, la 1\u00b0 \u00e9tape du Challenge Auvergne Rh\u00f4ne-Alpes des Ecoles de Rugby \u00e0 XIII de la Ligue, organis\u00e9e par le club de Lyon Villeurbanne et Vaulx en Velin Rugby League autour de S\u00e9bastien Aguerra et Mathias Erhart. Ce premier tournoi des U6 U8 U10 et U12 (Premiers pas \/ [&hellip;]<\/p>\n","protected":false},"author":4,"featured_media":36596,"comment_status":"open","ping_status":"open","sticky":false,"template":"","format":"standard","meta":{"footnotes":""},"categories":[21,2996,168,28,29],"tags":[],"class_list":["post-36567","post","type-post","status-publish","format-standard","has-post-thumbnail","hentry","category-decines-charpieu","category-football-rugby","category-rugby-a-xiii","category-vaulx-en-velin","category-villeurbanne"],"yoast_head":"<!-- This site is optimized with the Yoast SEO plugin v27.2 - https:\/\/yoast.com\/product\/yoast-seo-wordpress\/ -->\n<title>VILLEURBANNE : SUCCES DE LA 1\u00b0 ETAPE DU CHALLENGE AVENIR DES ECOLES DE RUGBY A XIII<\/title>\n<meta name=\"description\" content=\"VILLEURBANNE : SUCCES DE LA 1\u00b0 ETAPE DU CHALLENGE AVENIR DES ECOLES DE RUGBY A XIII\" \/>\n<meta name=\"robots\" content=\"index, follow, max-snippet:-1, max-image-preview:large, max-video-preview:-1\" \/>\n<link rel=\"canonical\" href=\"https:\/\/newsestlyonnais.fr\/site\/2017\/10\/15\/villeurbanne-succes-de-la-1-etape-du-challenge-avenir-des-ecoles-de-rugby-a-xiii\/\" \/>\n<meta property=\"og:locale\" content=\"fr_FR\" \/>\n<meta property=\"og:type\" content=\"article\" \/>\n<meta property=\"og:title\" content=\"VILLEURBANNE : SUCCES DE LA 1\u00b0 ETAPE DU CHALLENGE AVENIR DES ECOLES DE RUGBY A XIII\" \/>\n<meta property=\"og:description\" content=\"VILLEURBANNE : SUCCES DE LA 1\u00b0 ETAPE DU CHALLENGE AVENIR DES ECOLES DE RUGBY A XIII\" \/>\n<meta property=\"og:url\" content=\"https:\/\/newsestlyonnais.fr\/site\/2017\/10\/15\/villeurbanne-succes-de-la-1-etape-du-challenge-avenir-des-ecoles-de-rugby-a-xiii\/\" \/>\n<meta property=\"og:site_name\" content=\"News Est Lyonnais\" \/>\n<meta property=\"article:author\" content=\"https:\/\/www.facebook.com\/pascal.oberson.1?fref=ts\" \/>\n<meta property=\"article:published_time\" content=\"2017-10-15T12:54:41+00:00\" \/>\n<meta property=\"article:modified_time\" content=\"2020-11-11T16:19:00+00:00\" \/>\n<meta property=\"og:image\" content=\"https:\/\/i0.wp.com\/newsestlyonnais.fr\/site\/wp-content\/uploads\/2017\/10\/NEWSESTLYONNAIS-RUGBY-LVR-VVRL.jpg?fit=1000%2C750&ssl=1\" \/>\n\t<meta property=\"og:image:width\" content=\"1000\" \/>\n\t<meta property=\"og:image:height\" content=\"750\" \/>\n\t<meta property=\"og:image:type\" content=\"image\/jpeg\" \/>\n<meta name=\"author\" content=\"R\u00e9dac. NEWS\" \/>\n<meta name=\"twitter:card\" content=\"summary_large_image\" \/>\n<meta name=\"twitter:label1\" content=\"\u00c9crit par\" \/>\n\t<meta name=\"twitter:data1\" content=\"R\u00e9dac. NEWS\" \/>\n\t<meta name=\"twitter:label2\" content=\"Dur\u00e9e de lecture estim\u00e9e\" \/>\n\t<meta name=\"twitter:data2\" content=\"2 minutes\" \/>\n<script type=\"application\/ld+json\" class=\"yoast-schema-graph\">{\"@context\":\"https:\/\/schema.org\",\"@graph\":[{\"@type\":\"Article\",\"@id\":\"https:\/\/newsestlyonnais.fr\/site\/2017\/10\/15\/villeurbanne-succes-de-la-1-etape-du-challenge-avenir-des-ecoles-de-rugby-a-xiii\/#article\",\"isPartOf\":{\"@id\":\"https:\/\/newsestlyonnais.fr\/site\/2017\/10\/15\/villeurbanne-succes-de-la-1-etape-du-challenge-avenir-des-ecoles-de-rugby-a-xiii\/\"},\"author\":{\"name\":\"R\u00e9dac. NEWS\",\"@id\":\"https:\/\/newsestlyonnais.fr\/site\/#\/schema\/person\/3230d5615f390bb808365d673001e887\"},\"headline\":\"VILLEURBANNE | Succ\u00e8s de la 1\u00b0 \u00e9tape du challenge Avenir des \u00e9coles de Rugby \u00e0 XIII\",\"datePublished\":\"2017-10-15T12:54:41+00:00\",\"dateModified\":\"2020-11-11T16:19:00+00:00\",\"mainEntityOfPage\":{\"@id\":\"https:\/\/newsestlyonnais.fr\/site\/2017\/10\/15\/villeurbanne-succes-de-la-1-etape-du-challenge-avenir-des-ecoles-de-rugby-a-xiii\/\"},\"wordCount\":330,\"commentCount\":0,\"publisher\":{\"@id\":\"https:\/\/newsestlyonnais.fr\/site\/#organization\"},\"image\":{\"@id\":\"https:\/\/newsestlyonnais.fr\/site\/2017\/10\/15\/villeurbanne-succes-de-la-1-etape-du-challenge-avenir-des-ecoles-de-rugby-a-xiii\/#primaryimage\"},\"thumbnailUrl\":\"https:\/\/newsestlyonnais.fr\/site\/wp-content\/uploads\/2017\/10\/NEWSESTLYONNAIS-RUGBY-LVR-VVRL.jpg\",\"articleSection\":[\"D\u00e9cines-Charpieu\",\"Foot | Rugby\",\"RUGBY \u00e0 XIII\",\"Vaulx-en-Velin\",\"Villeurbanne\"],\"inLanguage\":\"fr-FR\",\"potentialAction\":[{\"@type\":\"CommentAction\",\"name\":\"Comment\",\"target\":[\"https:\/\/newsestlyonnais.fr\/site\/2017\/10\/15\/villeurbanne-succes-de-la-1-etape-du-challenge-avenir-des-ecoles-de-rugby-a-xiii\/#respond\"]}]},{\"@type\":\"WebPage\",\"@id\":\"https:\/\/newsestlyonnais.fr\/site\/2017\/10\/15\/villeurbanne-succes-de-la-1-etape-du-challenge-avenir-des-ecoles-de-rugby-a-xiii\/\",\"url\":\"https:\/\/newsestlyonnais.fr\/site\/2017\/10\/15\/villeurbanne-succes-de-la-1-etape-du-challenge-avenir-des-ecoles-de-rugby-a-xiii\/\",\"name\":\"VILLEURBANNE : SUCCES DE LA 1\u00b0 ETAPE DU CHALLENGE AVENIR DES ECOLES DE RUGBY A XIII\",\"isPartOf\":{\"@id\":\"https:\/\/newsestlyonnais.fr\/site\/#website\"},\"primaryImageOfPage\":{\"@id\":\"https:\/\/newsestlyonnais.fr\/site\/2017\/10\/15\/villeurbanne-succes-de-la-1-etape-du-challenge-avenir-des-ecoles-de-rugby-a-xiii\/#primaryimage\"},\"image\":{\"@id\":\"https:\/\/newsestlyonnais.fr\/site\/2017\/10\/15\/villeurbanne-succes-de-la-1-etape-du-challenge-avenir-des-ecoles-de-rugby-a-xiii\/#primaryimage\"},\"thumbnailUrl\":\"https:\/\/newsestlyonnais.fr\/site\/wp-content\/uploads\/2017\/10\/NEWSESTLYONNAIS-RUGBY-LVR-VVRL.jpg\",\"datePublished\":\"2017-10-15T12:54:41+00:00\",\"dateModified\":\"2020-11-11T16:19:00+00:00\",\"description\":\"VILLEURBANNE : SUCCES DE LA 1\u00b0 ETAPE DU CHALLENGE AVENIR DES ECOLES DE RUGBY A XIII\",\"breadcrumb\":{\"@id\":\"https:\/\/newsestlyonnais.fr\/site\/2017\/10\/15\/villeurbanne-succes-de-la-1-etape-du-challenge-avenir-des-ecoles-de-rugby-a-xiii\/#breadcrumb\"},\"inLanguage\":\"fr-FR\",\"potentialAction\":[{\"@type\":\"ReadAction\",\"target\":[\"https:\/\/newsestlyonnais.fr\/site\/2017\/10\/15\/villeurbanne-succes-de-la-1-etape-du-challenge-avenir-des-ecoles-de-rugby-a-xiii\/\"]}]},{\"@type\":\"ImageObject\",\"inLanguage\":\"fr-FR\",\"@id\":\"https:\/\/newsestlyonnais.fr\/site\/2017\/10\/15\/villeurbanne-succes-de-la-1-etape-du-challenge-avenir-des-ecoles-de-rugby-a-xiii\/#primaryimage\",\"url\":\"https:\/\/newsestlyonnais.fr\/site\/wp-content\/uploads\/2017\/10\/NEWSESTLYONNAIS-RUGBY-LVR-VVRL.jpg\",\"contentUrl\":\"https:\/\/newsestlyonnais.fr\/site\/wp-content\/uploads\/2017\/10\/NEWSESTLYONNAIS-RUGBY-LVR-VVRL.jpg\",\"width\":1000,\"height\":750,\"caption\":\"Les jeunes de Lyon-Villeurbanne et Vaulx en Velin avec leurs nouveaux maillots !\"},{\"@type\":\"BreadcrumbList\",\"@id\":\"https:\/\/newsestlyonnais.fr\/site\/2017\/10\/15\/villeurbanne-succes-de-la-1-etape-du-challenge-avenir-des-ecoles-de-rugby-a-xiii\/#breadcrumb\",\"itemListElement\":[{\"@type\":\"ListItem\",\"position\":1,\"name\":\"Accueil\",\"item\":\"https:\/\/newsestlyonnais.fr\/site\/\"},{\"@type\":\"ListItem\",\"position\":2,\"name\":\"VILLEURBANNE | Succ\u00e8s de la 1\u00b0 \u00e9tape du challenge Avenir des \u00e9coles de Rugby \u00e0 XIII\"}]},{\"@type\":\"WebSite\",\"@id\":\"https:\/\/newsestlyonnais.fr\/site\/#website\",\"url\":\"https:\/\/newsestlyonnais.fr\/site\/\",\"name\":\"News Est Lyonnais\",\"description\":\"L&#039;actualit\u00e9 au plus pr\u00e8s\",\"publisher\":{\"@id\":\"https:\/\/newsestlyonnais.fr\/site\/#organization\"},\"potentialAction\":[{\"@type\":\"SearchAction\",\"target\":{\"@type\":\"EntryPoint\",\"urlTemplate\":\"https:\/\/newsestlyonnais.fr\/site\/?s={search_term_string}\"},\"query-input\":{\"@type\":\"PropertyValueSpecification\",\"valueRequired\":true,\"valueName\":\"search_term_string\"}}],\"inLanguage\":\"fr-FR\"},{\"@type\":\"Organization\",\"@id\":\"https:\/\/newsestlyonnais.fr\/site\/#organization\",\"name\":\"News EST LYONNAIS\",\"url\":\"https:\/\/newsestlyonnais.fr\/site\/\",\"logo\":{\"@type\":\"ImageObject\",\"inLanguage\":\"fr-FR\",\"@id\":\"https:\/\/newsestlyonnais.fr\/site\/#\/schema\/logo\/image\/\",\"url\":\"\",\"contentUrl\":\"\",\"caption\":\"News EST LYONNAIS\"},\"image\":{\"@id\":\"https:\/\/newsestlyonnais.fr\/site\/#\/schema\/logo\/image\/\"}},{\"@type\":\"Person\",\"@id\":\"https:\/\/newsestlyonnais.fr\/site\/#\/schema\/person\/3230d5615f390bb808365d673001e887\",\"name\":\"R\u00e9dac. NEWS\",\"sameAs\":[\"http:\/\/www.newsestlyonnais.fr\",\"https:\/\/www.facebook.com\/pascal.oberson.1?fref=ts\",\"https:\/\/fr.linkedin.com\/in\/pascal-oberson-b17045113\"],\"url\":\"https:\/\/newsestlyonnais.fr\/site\/author\/nel\/\"}]}<\/script>\n<!-- \/ Yoast SEO plugin. -->","yoast_head_json":{"title":"VILLEURBANNE : SUCCES DE LA 1\u00b0 ETAPE DU CHALLENGE AVENIR DES ECOLES DE RUGBY A XIII","description":"VILLEURBANNE : SUCCES DE LA 1\u00b0 ETAPE DU CHALLENGE AVENIR DES ECOLES DE RUGBY A XIII","robots":{"index":"index","follow":"follow","max-snippet":"max-snippet:-1","max-image-preview":"max-image-preview:large","max-video-preview":"max-video-preview:-1"},"canonical":"https:\/\/newsestlyonnais.fr\/site\/2017\/10\/15\/villeurbanne-succes-de-la-1-etape-du-challenge-avenir-des-ecoles-de-rugby-a-xiii\/","og_locale":"fr_FR","og_type":"article","og_title":"VILLEURBANNE : SUCCES DE LA 1\u00b0 ETAPE DU CHALLENGE AVENIR DES ECOLES DE RUGBY A XIII","og_description":"VILLEURBANNE : SUCCES DE LA 1\u00b0 ETAPE DU CHALLENGE AVENIR DES ECOLES DE RUGBY A XIII","og_url":"https:\/\/newsestlyonnais.fr\/site\/2017\/10\/15\/villeurbanne-succes-de-la-1-etape-du-challenge-avenir-des-ecoles-de-rugby-a-xiii\/","og_site_name":"News Est Lyonnais","article_author":"https:\/\/www.facebook.com\/pascal.oberson.1?fref=ts","article_published_time":"2017-10-15T12:54:41+00:00","article_modified_time":"2020-11-11T16:19:00+00:00","og_image":[{"width":1000,"height":750,"url":"https:\/\/i0.wp.com\/newsestlyonnais.fr\/site\/wp-content\/uploads\/2017\/10\/NEWSESTLYONNAIS-RUGBY-LVR-VVRL.jpg?fit=1000%2C750&ssl=1","type":"image\/jpeg"}],"author":"R\u00e9dac. NEWS","twitter_card":"summary_large_image","twitter_misc":{"\u00c9crit par":"R\u00e9dac. NEWS","Dur\u00e9e de lecture estim\u00e9e":"2 minutes"},"schema":{"@context":"https:\/\/schema.org","@graph":[{"@type":"Article","@id":"https:\/\/newsestlyonnais.fr\/site\/2017\/10\/15\/villeurbanne-succes-de-la-1-etape-du-challenge-avenir-des-ecoles-de-rugby-a-xiii\/#article","isPartOf":{"@id":"https:\/\/newsestlyonnais.fr\/site\/2017\/10\/15\/villeurbanne-succes-de-la-1-etape-du-challenge-avenir-des-ecoles-de-rugby-a-xiii\/"},"author":{"name":"R\u00e9dac. NEWS","@id":"https:\/\/newsestlyonnais.fr\/site\/#\/schema\/person\/3230d5615f390bb808365d673001e887"},"headline":"VILLEURBANNE | Succ\u00e8s de la 1\u00b0 \u00e9tape du challenge Avenir des \u00e9coles de Rugby \u00e0 XIII","datePublished":"2017-10-15T12:54:41+00:00","dateModified":"2020-11-11T16:19:00+00:00","mainEntityOfPage":{"@id":"https:\/\/newsestlyonnais.fr\/site\/2017\/10\/15\/villeurbanne-succes-de-la-1-etape-du-challenge-avenir-des-ecoles-de-rugby-a-xiii\/"},"wordCount":330,"commentCount":0,"publisher":{"@id":"https:\/\/newsestlyonnais.fr\/site\/#organization"},"image":{"@id":"https:\/\/newsestlyonnais.fr\/site\/2017\/10\/15\/villeurbanne-succes-de-la-1-etape-du-challenge-avenir-des-ecoles-de-rugby-a-xiii\/#primaryimage"},"thumbnailUrl":"https:\/\/newsestlyonnais.fr\/site\/wp-content\/uploads\/2017\/10\/NEWSESTLYONNAIS-RUGBY-LVR-VVRL.jpg","articleSection":["D\u00e9cines-Charpieu","Foot | Rugby","RUGBY \u00e0 XIII","Vaulx-en-Velin","Villeurbanne"],"inLanguage":"fr-FR","potentialAction":[{"@type":"CommentAction","name":"Comment","target":["https:\/\/newsestlyonnais.fr\/site\/2017\/10\/15\/villeurbanne-succes-de-la-1-etape-du-challenge-avenir-des-ecoles-de-rugby-a-xiii\/#respond"]}]},{"@type":"WebPage","@id":"https:\/\/newsestlyonnais.fr\/site\/2017\/10\/15\/villeurbanne-succes-de-la-1-etape-du-challenge-avenir-des-ecoles-de-rugby-a-xiii\/","url":"https:\/\/newsestlyonnais.fr\/site\/2017\/10\/15\/villeurbanne-succes-de-la-1-etape-du-challenge-avenir-des-ecoles-de-rugby-a-xiii\/","name":"VILLEURBANNE : SUCCES DE LA 1\u00b0 ETAPE DU CHALLENGE AVENIR DES ECOLES DE RUGBY A XIII","isPartOf":{"@id":"https:\/\/newsestlyonnais.fr\/site\/#website"},"primaryImageOfPage":{"@id":"https:\/\/newsestlyonnais.fr\/site\/2017\/10\/15\/villeurbanne-succes-de-la-1-etape-du-challenge-avenir-des-ecoles-de-rugby-a-xiii\/#primaryimage"},"image":{"@id":"https:\/\/newsestlyonnais.fr\/site\/2017\/10\/15\/villeurbanne-succes-de-la-1-etape-du-challenge-avenir-des-ecoles-de-rugby-a-xiii\/#primaryimage"},"thumbnailUrl":"https:\/\/newsestlyonnais.fr\/site\/wp-content\/uploads\/2017\/10\/NEWSESTLYONNAIS-RUGBY-LVR-VVRL.jpg","datePublished":"2017-10-15T12:54:41+00:00","dateModified":"2020-11-11T16:19:00+00:00","description":"VILLEURBANNE : SUCCES DE LA 1\u00b0 ETAPE DU CHALLENGE AVENIR DES ECOLES DE RUGBY A XIII","breadcrumb":{"@id":"https:\/\/newsestlyonnais.fr\/site\/2017\/10\/15\/villeurbanne-succes-de-la-1-etape-du-challenge-avenir-des-ecoles-de-rugby-a-xiii\/#breadcrumb"},"inLanguage":"fr-FR","potentialAction":[{"@type":"ReadAction","target":["https:\/\/newsestlyonnais.fr\/site\/2017\/10\/15\/villeurbanne-succes-de-la-1-etape-du-challenge-avenir-des-ecoles-de-rugby-a-xiii\/"]}]},{"@type":"ImageObject","inLanguage":"fr-FR","@id":"https:\/\/newsestlyonnais.fr\/site\/2017\/10\/15\/villeurbanne-succes-de-la-1-etape-du-challenge-avenir-des-ecoles-de-rugby-a-xiii\/#primaryimage","url":"https:\/\/newsestlyonnais.fr\/site\/wp-content\/uploads\/2017\/10\/NEWSESTLYONNAIS-RUGBY-LVR-VVRL.jpg","contentUrl":"https:\/\/newsestlyonnais.fr\/site\/wp-content\/uploads\/2017\/10\/NEWSESTLYONNAIS-RUGBY-LVR-VVRL.jpg","width":1000,"height":750,"caption":"Les jeunes de Lyon-Villeurbanne et Vaulx en Velin avec leurs nouveaux maillots !"},{"@type":"BreadcrumbList","@id":"https:\/\/newsestlyonnais.fr\/site\/2017\/10\/15\/villeurbanne-succes-de-la-1-etape-du-challenge-avenir-des-ecoles-de-rugby-a-xiii\/#breadcrumb","itemListElement":[{"@type":"ListItem","position":1,"name":"Accueil","item":"https:\/\/newsestlyonnais.fr\/site\/"},{"@type":"ListItem","position":2,"name":"VILLEURBANNE | Succ\u00e8s de la 1\u00b0 \u00e9tape du challenge Avenir des \u00e9coles de Rugby \u00e0 XIII"}]},{"@type":"WebSite","@id":"https:\/\/newsestlyonnais.fr\/site\/#website","url":"https:\/\/newsestlyonnais.fr\/site\/","name":"News Est Lyonnais","description":"L&#039;actualit\u00e9 au plus pr\u00e8s","publisher":{"@id":"https:\/\/newsestlyonnais.fr\/site\/#organization"},"potentialAction":[{"@type":"SearchAction","target":{"@type":"EntryPoint","urlTemplate":"https:\/\/newsestlyonnais.fr\/site\/?s={search_term_string}"},"query-input":{"@type":"PropertyValueSpecification","valueRequired":true,"valueName":"search_term_string"}}],"inLanguage":"fr-FR"},{"@type":"Organization","@id":"https:\/\/newsestlyonnais.fr\/site\/#organization","name":"News EST LYONNAIS","url":"https:\/\/newsestlyonnais.fr\/site\/","logo":{"@type":"ImageObject","inLanguage":"fr-FR","@id":"https:\/\/newsestlyonnais.fr\/site\/#\/schema\/logo\/image\/","url":"","contentUrl":"","caption":"News EST LYONNAIS"},"image":{"@id":"https:\/\/newsestlyonnais.fr\/site\/#\/schema\/logo\/image\/"}},{"@type":"Person","@id":"https:\/\/newsestlyonnais.fr\/site\/#\/schema\/person\/3230d5615f390bb808365d673001e887","name":"R\u00e9dac. NEWS","sameAs":["http:\/\/www.newsestlyonnais.fr","https:\/\/www.facebook.com\/pascal.oberson.1?fref=ts","https:\/\/fr.linkedin.com\/in\/pascal-oberson-b17045113"],"url":"https:\/\/newsestlyonnais.fr\/site\/author\/nel\/"}]}},"_links":{"self":[{"href":"https:\/\/newsestlyonnais.fr\/site\/wp-json\/wp\/v2\/posts\/36567","targetHints":{"allow":["GET"]}}],"collection":[{"href":"https:\/\/newsestlyonnais.fr\/site\/wp-json\/wp\/v2\/posts"}],"about":[{"href":"https:\/\/newsestlyonnais.fr\/site\/wp-json\/wp\/v2\/types\/post"}],"author":[{"embeddable":true,"href":"https:\/\/newsestlyonnais.fr\/site\/wp-json\/wp\/v2\/users\/4"}],"replies":[{"embeddable":true,"href":"https:\/\/newsestlyonnais.fr\/site\/wp-json\/wp\/v2\/comments?post=36567"}],"version-history":[{"count":0,"href":"https:\/\/newsestlyonnais.fr\/site\/wp-json\/wp\/v2\/posts\/36567\/revisions"}],"wp:featuredmedia":[{"embeddable":true,"href":"https:\/\/newsestlyonnais.fr\/site\/wp-json\/wp\/v2\/media\/36596"}],"wp:attachment":[{"href":"https:\/\/newsestlyonnais.fr\/site\/wp-json\/wp\/v2\/media?parent=36567"}],"wp:term":[{"taxonomy":"category","embeddable":true,"href":"https:\/\/newsestlyonnais.fr\/site\/wp-json\/wp\/v2\/categories?post=36567"},{"taxonomy":"post_tag","embeddable":true,"href":"https:\/\/newsestlyonnais.fr\/site\/wp-json\/wp\/v2\/tags?post=36567"}],"curies":[{"name":"wp","href":"https:\/\/api.w.org\/{rel}","templated":true}]}}