{"id":36578,"date":"2017-10-15T11:40:31","date_gmt":"2017-10-15T10:40:31","guid":{"rendered":"http:\/\/newsestlyonnais.fr\/site\/?p=36578"},"modified":"2020-11-01T18:15:51","modified_gmt":"2020-11-01T17:15:51","slug":"balan-lequipe-sang-pur-sang-balan-conserve-son-titre-a-saint-vulbas","status":"publish","type":"post","link":"https:\/\/newsestlyonnais.fr\/site\/2017\/10\/15\/balan-lequipe-sang-pur-sang-balan-conserve-son-titre-a-saint-vulbas\/","title":{"rendered":"BALAN | L&rsquo;\u00e9quipe \u00ab\u00a0Sang pur sang Balan\u00a0\u00bb conserve son titre \u00e0 Saint-Vulbas"},"content":{"rendered":"<div>\n<p>Sur cette \u00e9preuve, <strong>le club avait en effet pr\u00e9sent\u00e9 5 \u00e9quipes, soit 30 coureurs<\/strong>, sans compter les 5 autres athl\u00e8tes balanais qui ont \u00e9galement particip\u00e9 en compl\u00e9tant d&rsquo;autres \u00e9quipes (Line, C\u00e9line<b> <\/b>dans l&rsquo;\u00e9quipe \u00ab\u00a0Les Z&rsquo;amis\u00a0\u00bb, en faveur du don d&rsquo;organes, Florence dans une \u00e9quipe EDF, et enfin Patrick Rout. et Patrick Rous dans l&rsquo;\u00e9quipe du Printemps de P\u00e9rouges).<\/p>\n<p>&#8212;&#8212;&#8212;&#8212;&#8212;&#8212;&#8212;&#8212;&#8212;&#8212;&#8212;&#8212;&#8212;&#8212;&#8212;&#8212;&#8212;&#8212;&#8212;&#8212;&#8212;&#8212;&#8212;&#8212;&#8212;&#8212;&#8212;&#8212;&#8212;&#8212;&#8212;&#8212;&#8212;&#8212;&#8212;&#8212;&#8212;&#8212;&#8212;&#8212;&#8212;&#8212;&#8212;&#8212;&#8212;&#8211;<\/p>\n<p>L&rsquo;\u00e9quipe \u00ab\u00a0<b>Sang pur sang Balan<\/b>\u00a0\u00bb conserve son titre en remportant la <b>premi\u00e8re place au scratch<\/b> en <b>2 h 36&prime; 59&Prime;, s<\/b>ur la <b>3\u00b0 marche du podium scratch<\/b>, figure une autre \u00e9quipe de Balan \u00ab\u00a0<b>Les cousins Balanais<\/b>\u00a0\u00bb en <b>2 h 49&prime; 37&Prime;<\/b>.<\/p>\n<p>L&rsquo; \u00e9quipe f\u00e9minine \u00ab\u00a0<b>Oui oui Balan<\/b>\u00a0\u00bb remporte quant \u00e0 elle la <b>3\u00b0 place<\/b> du classement f\u00e9minin en <b>3 h 42&prime; 07&Prime;<\/b>.<\/p>\n<p>Enfin, 4\u00b0 podium Balanais pour \u00ab\u00a0<b>Les diesels Balanais<\/b>\u00a0\u00bb qui sont class\u00e9s <b>2\u00b0 \u00e9quipe masculine<\/b> hors scratch (5\u00b0 au scratch) en <b>2 h 59&prime; 30&Prime;<\/b>.<\/p>\n<\/div>\n<div>La 5\u00b0 \u00e9quipe Balanaise \u00ab\u00a0<b>Balan Express<\/b>\u00a0\u00bb n&rsquo;a pas d\u00e9m\u00e9rit\u00e9 en terminant 13\u00b0 au g\u00e9n\u00e9ral sur 65 \u00e9quipes partantes.<\/div>\n<div><\/div>\n<div>&#8212;&#8212;&#8212;&#8212;&#8212;&#8212;&#8212;&#8212;&#8212;&#8212;&#8212;&#8212;&#8212;&#8212;&#8212;&#8212;&#8212;&#8212;&#8212;&#8212;&#8212;&#8212;&#8212;&#8212;&#8212;&#8212;&#8212;&#8212;&#8212;&#8212;&#8212;&#8212;&#8212;&#8212;&#8212;&#8212;&#8212;&#8212;&#8212;&#8212;&#8212;&#8212;&#8212;&#8212;&#8212;&#8211;<\/div>\n<div><\/div>\n<div><u>Composition des \u00e9quipes:<br \/>\n<\/u><\/div>\n<div>&#8211; <b>Sang pur sang Balan : <\/b>Martin, Christian, Didier C., St\u00e9phane F., Luc F. &amp; J\u00e9rome B.<\/div>\n<div>&#8211; <b>Les Cousins Balanais : <\/b>Didier S., Samuel, Patrice, St\u00e9phane B., St\u00e9phane D., Laurent<\/div>\n<div>&#8211; <b>Oui Oui Balan : <\/b>Ang\u00e9lique, Marie-France, Christelle, Karine, Marie Anne<\/div>\n<div>&#8211; <b>Les Diesels Balanais : <\/b>Patrick B., Jean, Fred, Georges, Lionel, David<\/div>\n<div>&#8211; <b>Balan Express : <\/b>Jean-Jacques, Marc B., Herv\u00e9 G., Christophe, Dominique, Thierry<\/div>\n<div><\/div>\n<div>&#8212;&#8212;&#8212;&#8212;&#8212;&#8212;&#8212;&#8212;&#8212;&#8212;&#8212;&#8212;&#8212;&#8212;&#8212;&#8212;&#8212;&#8212;&#8212;&#8212;&#8212;&#8212;&#8212;&#8212;&#8212;&#8212;&#8212;&#8212;&#8212;&#8212;&#8212;&#8212;&#8212;&#8212;&#8212;&#8212;&#8212;&#8212;&#8212;&#8212;&#8212;&#8212;&#8212;&#8212;&#8212;&#8211;<\/div>\n<h4>&#8211; Retrouvez l&rsquo;ACTU du club sur: <a href=\"http:\/\/ascbalan.athle.com\" target=\"_blank\" rel=\"noopener noreferrer\">http:\/\/ascbalan.athle.com<\/a><\/h4>\n<div><\/div>\n<div>\n<figure id=\"attachment_36130\" aria-describedby=\"caption-attachment-36130\" style=\"width: 1000px\" class=\"wp-caption alignleft\"><img loading=\"lazy\" decoding=\"async\" class=\"size-full wp-image-36130\" src=\"https:\/\/newsestlyonnais.fr\/site\/medias\/2017\/10\/NEWSESTLYONNAIS-MARATHON-ST-VULBAS.jpg\" alt=\"NEWSESTLYONNAIS - MARATHON ST VULBAS\" width=\"1000\" height=\"750\" srcset=\"https:\/\/newsestlyonnais.fr\/site\/wp-content\/uploads\/2017\/10\/NEWSESTLYONNAIS-MARATHON-ST-VULBAS.jpg 1000w, https:\/\/newsestlyonnais.fr\/site\/wp-content\/uploads\/2017\/10\/NEWSESTLYONNAIS-MARATHON-ST-VULBAS-400x300.jpg 400w, https:\/\/newsestlyonnais.fr\/site\/wp-content\/uploads\/2017\/10\/NEWSESTLYONNAIS-MARATHON-ST-VULBAS-768x576.jpg 768w, https:\/\/newsestlyonnais.fr\/site\/wp-content\/uploads\/2017\/10\/NEWSESTLYONNAIS-MARATHON-ST-VULBAS-600x450.jpg 600w, https:\/\/newsestlyonnais.fr\/site\/wp-content\/uploads\/2017\/10\/NEWSESTLYONNAIS-MARATHON-ST-VULBAS-100x75.jpg 100w\" sizes=\"auto, (max-width: 1000px) 100vw, 1000px\" \/><figcaption id=\"caption-attachment-36130\" class=\"wp-caption-text\">L&rsquo;affiche de la course<\/figcaption><\/figure>\n<\/div>\n","protected":false},"excerpt":{"rendered":"<p>Grosse mobilisation des athl\u00e8tes de l&rsquo;ASC Balan Athl\u00e9 samedi au 3\u00b0 Marathon Relais organis\u00e9 par la Communaut\u00e9 de communes de la Plaine de l&rsquo;Ain et Saint Vulbas V\u00e9lo Sport.<\/p>\n","protected":false},"author":4,"featured_media":36581,"comment_status":"open","ping_status":"open","sticky":false,"template":"","format":"standard","meta":{"footnotes":""},"categories":[156,2968,3250],"tags":[2514,2515],"class_list":["post-36578","post","type-post","status-publish","format-standard","has-post-thumbnail","hentry","category-ain","category-athle-course-pied-marche","category-recits-de-course-portraits-interviews","tag-asc-balan","tag-marathon"],"yoast_head":"<!-- This site is optimized with the Yoast SEO plugin v27.2 - https:\/\/yoast.com\/product\/yoast-seo-wordpress\/ -->\n<title>BALAN | L&#039;\u00e9quipe &quot;Sang pur sang Balan&quot; conserve son titre \u00e0 Saint-Vulbas<\/title>\n<meta name=\"description\" content=\"BALAN | L&#039;\u00e9quipe &quot;Sang pur sang Balan&quot; conserve son titre \u00e0 Saint-Vulbas\" \/>\n<meta name=\"robots\" content=\"index, follow, max-snippet:-1, max-image-preview:large, max-video-preview:-1\" \/>\n<link rel=\"canonical\" href=\"https:\/\/newsestlyonnais.fr\/site\/2017\/10\/15\/balan-lequipe-sang-pur-sang-balan-conserve-son-titre-a-saint-vulbas\/\" \/>\n<meta property=\"og:locale\" content=\"fr_FR\" \/>\n<meta property=\"og:type\" content=\"article\" \/>\n<meta property=\"og:title\" content=\"BALAN | L&#039;\u00e9quipe &quot;Sang pur sang Balan&quot; conserve son titre \u00e0 Saint-Vulbas\" \/>\n<meta property=\"og:description\" content=\"BALAN | L&#039;\u00e9quipe &quot;Sang pur sang Balan&quot; conserve son titre \u00e0 Saint-Vulbas\" \/>\n<meta property=\"og:url\" content=\"https:\/\/newsestlyonnais.fr\/site\/2017\/10\/15\/balan-lequipe-sang-pur-sang-balan-conserve-son-titre-a-saint-vulbas\/\" \/>\n<meta property=\"og:site_name\" content=\"News Est Lyonnais\" \/>\n<meta property=\"article:author\" content=\"https:\/\/www.facebook.com\/pascal.oberson.1?fref=ts\" \/>\n<meta property=\"article:published_time\" content=\"2017-10-15T10:40:31+00:00\" \/>\n<meta property=\"article:modified_time\" content=\"2020-11-01T17:15:51+00:00\" \/>\n<meta property=\"og:image\" content=\"https:\/\/i2.wp.com\/newsestlyonnais.fr\/site\/wp-content\/uploads\/2017\/10\/NEWSESTLYONNAIS-ASC-BALAN-ST-VULBAS.jpg?fit=800%2C532&ssl=1\" \/>\n\t<meta property=\"og:image:width\" content=\"800\" \/>\n\t<meta property=\"og:image:height\" content=\"532\" \/>\n\t<meta property=\"og:image:type\" content=\"image\/jpeg\" \/>\n<meta name=\"author\" content=\"R\u00e9dac. NEWS\" \/>\n<meta name=\"twitter:card\" content=\"summary_large_image\" \/>\n<meta name=\"twitter:label1\" content=\"\u00c9crit par\" \/>\n\t<meta name=\"twitter:data1\" content=\"R\u00e9dac. NEWS\" \/>\n\t<meta name=\"twitter:label2\" content=\"Dur\u00e9e de lecture estim\u00e9e\" \/>\n\t<meta name=\"twitter:data2\" content=\"1 minute\" \/>\n<script type=\"application\/ld+json\" class=\"yoast-schema-graph\">{\"@context\":\"https:\/\/schema.org\",\"@graph\":[{\"@type\":\"Article\",\"@id\":\"https:\/\/newsestlyonnais.fr\/site\/2017\/10\/15\/balan-lequipe-sang-pur-sang-balan-conserve-son-titre-a-saint-vulbas\/#article\",\"isPartOf\":{\"@id\":\"https:\/\/newsestlyonnais.fr\/site\/2017\/10\/15\/balan-lequipe-sang-pur-sang-balan-conserve-son-titre-a-saint-vulbas\/\"},\"author\":{\"name\":\"R\u00e9dac. NEWS\",\"@id\":\"https:\/\/newsestlyonnais.fr\/site\/#\/schema\/person\/3230d5615f390bb808365d673001e887\"},\"headline\":\"BALAN | L&rsquo;\u00e9quipe \u00ab\u00a0Sang pur sang Balan\u00a0\u00bb conserve son titre \u00e0 Saint-Vulbas\",\"datePublished\":\"2017-10-15T10:40:31+00:00\",\"dateModified\":\"2020-11-01T17:15:51+00:00\",\"mainEntityOfPage\":{\"@id\":\"https:\/\/newsestlyonnais.fr\/site\/2017\/10\/15\/balan-lequipe-sang-pur-sang-balan-conserve-son-titre-a-saint-vulbas\/\"},\"wordCount\":264,\"commentCount\":0,\"publisher\":{\"@id\":\"https:\/\/newsestlyonnais.fr\/site\/#organization\"},\"image\":{\"@id\":\"https:\/\/newsestlyonnais.fr\/site\/2017\/10\/15\/balan-lequipe-sang-pur-sang-balan-conserve-son-titre-a-saint-vulbas\/#primaryimage\"},\"thumbnailUrl\":\"https:\/\/newsestlyonnais.fr\/site\/wp-content\/uploads\/2017\/10\/NEWSESTLYONNAIS-ASC-BALAN-ST-VULBAS.jpg\",\"keywords\":[\"ASC BALAN\",\"MARATHON\"],\"articleSection\":[\"Ain (01)\",\"Athl\u00e9 | Course pied | Marche\",\"R\u00e9cits de course \/ Portraits \/ Interviews\"],\"inLanguage\":\"fr-FR\",\"potentialAction\":[{\"@type\":\"CommentAction\",\"name\":\"Comment\",\"target\":[\"https:\/\/newsestlyonnais.fr\/site\/2017\/10\/15\/balan-lequipe-sang-pur-sang-balan-conserve-son-titre-a-saint-vulbas\/#respond\"]}]},{\"@type\":\"WebPage\",\"@id\":\"https:\/\/newsestlyonnais.fr\/site\/2017\/10\/15\/balan-lequipe-sang-pur-sang-balan-conserve-son-titre-a-saint-vulbas\/\",\"url\":\"https:\/\/newsestlyonnais.fr\/site\/2017\/10\/15\/balan-lequipe-sang-pur-sang-balan-conserve-son-titre-a-saint-vulbas\/\",\"name\":\"BALAN | L'\u00e9quipe \\\"Sang pur sang Balan\\\" conserve son titre \u00e0 Saint-Vulbas\",\"isPartOf\":{\"@id\":\"https:\/\/newsestlyonnais.fr\/site\/#website\"},\"primaryImageOfPage\":{\"@id\":\"https:\/\/newsestlyonnais.fr\/site\/2017\/10\/15\/balan-lequipe-sang-pur-sang-balan-conserve-son-titre-a-saint-vulbas\/#primaryimage\"},\"image\":{\"@id\":\"https:\/\/newsestlyonnais.fr\/site\/2017\/10\/15\/balan-lequipe-sang-pur-sang-balan-conserve-son-titre-a-saint-vulbas\/#primaryimage\"},\"thumbnailUrl\":\"https:\/\/newsestlyonnais.fr\/site\/wp-content\/uploads\/2017\/10\/NEWSESTLYONNAIS-ASC-BALAN-ST-VULBAS.jpg\",\"datePublished\":\"2017-10-15T10:40:31+00:00\",\"dateModified\":\"2020-11-01T17:15:51+00:00\",\"description\":\"BALAN | L'\u00e9quipe \\\"Sang pur sang Balan\\\" conserve son titre \u00e0 Saint-Vulbas\",\"breadcrumb\":{\"@id\":\"https:\/\/newsestlyonnais.fr\/site\/2017\/10\/15\/balan-lequipe-sang-pur-sang-balan-conserve-son-titre-a-saint-vulbas\/#breadcrumb\"},\"inLanguage\":\"fr-FR\",\"potentialAction\":[{\"@type\":\"ReadAction\",\"target\":[\"https:\/\/newsestlyonnais.fr\/site\/2017\/10\/15\/balan-lequipe-sang-pur-sang-balan-conserve-son-titre-a-saint-vulbas\/\"]}]},{\"@type\":\"ImageObject\",\"inLanguage\":\"fr-FR\",\"@id\":\"https:\/\/newsestlyonnais.fr\/site\/2017\/10\/15\/balan-lequipe-sang-pur-sang-balan-conserve-son-titre-a-saint-vulbas\/#primaryimage\",\"url\":\"https:\/\/newsestlyonnais.fr\/site\/wp-content\/uploads\/2017\/10\/NEWSESTLYONNAIS-ASC-BALAN-ST-VULBAS.jpg\",\"contentUrl\":\"https:\/\/newsestlyonnais.fr\/site\/wp-content\/uploads\/2017\/10\/NEWSESTLYONNAIS-ASC-BALAN-ST-VULBAS.jpg\",\"width\":800,\"height\":532,\"caption\":\"NEWSESTLYONNAIS - ASC BALAN ST VULBAS\"},{\"@type\":\"BreadcrumbList\",\"@id\":\"https:\/\/newsestlyonnais.fr\/site\/2017\/10\/15\/balan-lequipe-sang-pur-sang-balan-conserve-son-titre-a-saint-vulbas\/#breadcrumb\",\"itemListElement\":[{\"@type\":\"ListItem\",\"position\":1,\"name\":\"Accueil\",\"item\":\"https:\/\/newsestlyonnais.fr\/site\/\"},{\"@type\":\"ListItem\",\"position\":2,\"name\":\"BALAN | L&rsquo;\u00e9quipe \u00ab\u00a0Sang pur sang Balan\u00a0\u00bb conserve son titre \u00e0 Saint-Vulbas\"}]},{\"@type\":\"WebSite\",\"@id\":\"https:\/\/newsestlyonnais.fr\/site\/#website\",\"url\":\"https:\/\/newsestlyonnais.fr\/site\/\",\"name\":\"News Est Lyonnais\",\"description\":\"L&#039;actualit\u00e9 au plus pr\u00e8s\",\"publisher\":{\"@id\":\"https:\/\/newsestlyonnais.fr\/site\/#organization\"},\"potentialAction\":[{\"@type\":\"SearchAction\",\"target\":{\"@type\":\"EntryPoint\",\"urlTemplate\":\"https:\/\/newsestlyonnais.fr\/site\/?s={search_term_string}\"},\"query-input\":{\"@type\":\"PropertyValueSpecification\",\"valueRequired\":true,\"valueName\":\"search_term_string\"}}],\"inLanguage\":\"fr-FR\"},{\"@type\":\"Organization\",\"@id\":\"https:\/\/newsestlyonnais.fr\/site\/#organization\",\"name\":\"News EST LYONNAIS\",\"url\":\"https:\/\/newsestlyonnais.fr\/site\/\",\"logo\":{\"@type\":\"ImageObject\",\"inLanguage\":\"fr-FR\",\"@id\":\"https:\/\/newsestlyonnais.fr\/site\/#\/schema\/logo\/image\/\",\"url\":\"\",\"contentUrl\":\"\",\"caption\":\"News EST LYONNAIS\"},\"image\":{\"@id\":\"https:\/\/newsestlyonnais.fr\/site\/#\/schema\/logo\/image\/\"}},{\"@type\":\"Person\",\"@id\":\"https:\/\/newsestlyonnais.fr\/site\/#\/schema\/person\/3230d5615f390bb808365d673001e887\",\"name\":\"R\u00e9dac. NEWS\",\"sameAs\":[\"http:\/\/www.newsestlyonnais.fr\",\"https:\/\/www.facebook.com\/pascal.oberson.1?fref=ts\",\"https:\/\/fr.linkedin.com\/in\/pascal-oberson-b17045113\"],\"url\":\"https:\/\/newsestlyonnais.fr\/site\/author\/nel\/\"}]}<\/script>\n<!-- \/ Yoast SEO plugin. -->","yoast_head_json":{"title":"BALAN | L'\u00e9quipe \"Sang pur sang Balan\" conserve son titre \u00e0 Saint-Vulbas","description":"BALAN | L'\u00e9quipe \"Sang pur sang Balan\" conserve son titre \u00e0 Saint-Vulbas","robots":{"index":"index","follow":"follow","max-snippet":"max-snippet:-1","max-image-preview":"max-image-preview:large","max-video-preview":"max-video-preview:-1"},"canonical":"https:\/\/newsestlyonnais.fr\/site\/2017\/10\/15\/balan-lequipe-sang-pur-sang-balan-conserve-son-titre-a-saint-vulbas\/","og_locale":"fr_FR","og_type":"article","og_title":"BALAN | L'\u00e9quipe \"Sang pur sang Balan\" conserve son titre \u00e0 Saint-Vulbas","og_description":"BALAN | L'\u00e9quipe \"Sang pur sang Balan\" conserve son titre \u00e0 Saint-Vulbas","og_url":"https:\/\/newsestlyonnais.fr\/site\/2017\/10\/15\/balan-lequipe-sang-pur-sang-balan-conserve-son-titre-a-saint-vulbas\/","og_site_name":"News Est Lyonnais","article_author":"https:\/\/www.facebook.com\/pascal.oberson.1?fref=ts","article_published_time":"2017-10-15T10:40:31+00:00","article_modified_time":"2020-11-01T17:15:51+00:00","og_image":[{"width":800,"height":532,"url":"https:\/\/i2.wp.com\/newsestlyonnais.fr\/site\/wp-content\/uploads\/2017\/10\/NEWSESTLYONNAIS-ASC-BALAN-ST-VULBAS.jpg?fit=800%2C532&ssl=1","type":"image\/jpeg"}],"author":"R\u00e9dac. NEWS","twitter_card":"summary_large_image","twitter_misc":{"\u00c9crit par":"R\u00e9dac. NEWS","Dur\u00e9e de lecture estim\u00e9e":"1 minute"},"schema":{"@context":"https:\/\/schema.org","@graph":[{"@type":"Article","@id":"https:\/\/newsestlyonnais.fr\/site\/2017\/10\/15\/balan-lequipe-sang-pur-sang-balan-conserve-son-titre-a-saint-vulbas\/#article","isPartOf":{"@id":"https:\/\/newsestlyonnais.fr\/site\/2017\/10\/15\/balan-lequipe-sang-pur-sang-balan-conserve-son-titre-a-saint-vulbas\/"},"author":{"name":"R\u00e9dac. NEWS","@id":"https:\/\/newsestlyonnais.fr\/site\/#\/schema\/person\/3230d5615f390bb808365d673001e887"},"headline":"BALAN | L&rsquo;\u00e9quipe \u00ab\u00a0Sang pur sang Balan\u00a0\u00bb conserve son titre \u00e0 Saint-Vulbas","datePublished":"2017-10-15T10:40:31+00:00","dateModified":"2020-11-01T17:15:51+00:00","mainEntityOfPage":{"@id":"https:\/\/newsestlyonnais.fr\/site\/2017\/10\/15\/balan-lequipe-sang-pur-sang-balan-conserve-son-titre-a-saint-vulbas\/"},"wordCount":264,"commentCount":0,"publisher":{"@id":"https:\/\/newsestlyonnais.fr\/site\/#organization"},"image":{"@id":"https:\/\/newsestlyonnais.fr\/site\/2017\/10\/15\/balan-lequipe-sang-pur-sang-balan-conserve-son-titre-a-saint-vulbas\/#primaryimage"},"thumbnailUrl":"https:\/\/newsestlyonnais.fr\/site\/wp-content\/uploads\/2017\/10\/NEWSESTLYONNAIS-ASC-BALAN-ST-VULBAS.jpg","keywords":["ASC BALAN","MARATHON"],"articleSection":["Ain (01)","Athl\u00e9 | Course pied | Marche","R\u00e9cits de course \/ Portraits \/ Interviews"],"inLanguage":"fr-FR","potentialAction":[{"@type":"CommentAction","name":"Comment","target":["https:\/\/newsestlyonnais.fr\/site\/2017\/10\/15\/balan-lequipe-sang-pur-sang-balan-conserve-son-titre-a-saint-vulbas\/#respond"]}]},{"@type":"WebPage","@id":"https:\/\/newsestlyonnais.fr\/site\/2017\/10\/15\/balan-lequipe-sang-pur-sang-balan-conserve-son-titre-a-saint-vulbas\/","url":"https:\/\/newsestlyonnais.fr\/site\/2017\/10\/15\/balan-lequipe-sang-pur-sang-balan-conserve-son-titre-a-saint-vulbas\/","name":"BALAN | L'\u00e9quipe \"Sang pur sang Balan\" conserve son titre \u00e0 Saint-Vulbas","isPartOf":{"@id":"https:\/\/newsestlyonnais.fr\/site\/#website"},"primaryImageOfPage":{"@id":"https:\/\/newsestlyonnais.fr\/site\/2017\/10\/15\/balan-lequipe-sang-pur-sang-balan-conserve-son-titre-a-saint-vulbas\/#primaryimage"},"image":{"@id":"https:\/\/newsestlyonnais.fr\/site\/2017\/10\/15\/balan-lequipe-sang-pur-sang-balan-conserve-son-titre-a-saint-vulbas\/#primaryimage"},"thumbnailUrl":"https:\/\/newsestlyonnais.fr\/site\/wp-content\/uploads\/2017\/10\/NEWSESTLYONNAIS-ASC-BALAN-ST-VULBAS.jpg","datePublished":"2017-10-15T10:40:31+00:00","dateModified":"2020-11-01T17:15:51+00:00","description":"BALAN | L'\u00e9quipe \"Sang pur sang Balan\" conserve son titre \u00e0 Saint-Vulbas","breadcrumb":{"@id":"https:\/\/newsestlyonnais.fr\/site\/2017\/10\/15\/balan-lequipe-sang-pur-sang-balan-conserve-son-titre-a-saint-vulbas\/#breadcrumb"},"inLanguage":"fr-FR","potentialAction":[{"@type":"ReadAction","target":["https:\/\/newsestlyonnais.fr\/site\/2017\/10\/15\/balan-lequipe-sang-pur-sang-balan-conserve-son-titre-a-saint-vulbas\/"]}]},{"@type":"ImageObject","inLanguage":"fr-FR","@id":"https:\/\/newsestlyonnais.fr\/site\/2017\/10\/15\/balan-lequipe-sang-pur-sang-balan-conserve-son-titre-a-saint-vulbas\/#primaryimage","url":"https:\/\/newsestlyonnais.fr\/site\/wp-content\/uploads\/2017\/10\/NEWSESTLYONNAIS-ASC-BALAN-ST-VULBAS.jpg","contentUrl":"https:\/\/newsestlyonnais.fr\/site\/wp-content\/uploads\/2017\/10\/NEWSESTLYONNAIS-ASC-BALAN-ST-VULBAS.jpg","width":800,"height":532,"caption":"NEWSESTLYONNAIS - ASC BALAN ST VULBAS"},{"@type":"BreadcrumbList","@id":"https:\/\/newsestlyonnais.fr\/site\/2017\/10\/15\/balan-lequipe-sang-pur-sang-balan-conserve-son-titre-a-saint-vulbas\/#breadcrumb","itemListElement":[{"@type":"ListItem","position":1,"name":"Accueil","item":"https:\/\/newsestlyonnais.fr\/site\/"},{"@type":"ListItem","position":2,"name":"BALAN | L&rsquo;\u00e9quipe \u00ab\u00a0Sang pur sang Balan\u00a0\u00bb conserve son titre \u00e0 Saint-Vulbas"}]},{"@type":"WebSite","@id":"https:\/\/newsestlyonnais.fr\/site\/#website","url":"https:\/\/newsestlyonnais.fr\/site\/","name":"News Est Lyonnais","description":"L&#039;actualit\u00e9 au plus pr\u00e8s","publisher":{"@id":"https:\/\/newsestlyonnais.fr\/site\/#organization"},"potentialAction":[{"@type":"SearchAction","target":{"@type":"EntryPoint","urlTemplate":"https:\/\/newsestlyonnais.fr\/site\/?s={search_term_string}"},"query-input":{"@type":"PropertyValueSpecification","valueRequired":true,"valueName":"search_term_string"}}],"inLanguage":"fr-FR"},{"@type":"Organization","@id":"https:\/\/newsestlyonnais.fr\/site\/#organization","name":"News EST LYONNAIS","url":"https:\/\/newsestlyonnais.fr\/site\/","logo":{"@type":"ImageObject","inLanguage":"fr-FR","@id":"https:\/\/newsestlyonnais.fr\/site\/#\/schema\/logo\/image\/","url":"","contentUrl":"","caption":"News EST LYONNAIS"},"image":{"@id":"https:\/\/newsestlyonnais.fr\/site\/#\/schema\/logo\/image\/"}},{"@type":"Person","@id":"https:\/\/newsestlyonnais.fr\/site\/#\/schema\/person\/3230d5615f390bb808365d673001e887","name":"R\u00e9dac. NEWS","sameAs":["http:\/\/www.newsestlyonnais.fr","https:\/\/www.facebook.com\/pascal.oberson.1?fref=ts","https:\/\/fr.linkedin.com\/in\/pascal-oberson-b17045113"],"url":"https:\/\/newsestlyonnais.fr\/site\/author\/nel\/"}]}},"_links":{"self":[{"href":"https:\/\/newsestlyonnais.fr\/site\/wp-json\/wp\/v2\/posts\/36578","targetHints":{"allow":["GET"]}}],"collection":[{"href":"https:\/\/newsestlyonnais.fr\/site\/wp-json\/wp\/v2\/posts"}],"about":[{"href":"https:\/\/newsestlyonnais.fr\/site\/wp-json\/wp\/v2\/types\/post"}],"author":[{"embeddable":true,"href":"https:\/\/newsestlyonnais.fr\/site\/wp-json\/wp\/v2\/users\/4"}],"replies":[{"embeddable":true,"href":"https:\/\/newsestlyonnais.fr\/site\/wp-json\/wp\/v2\/comments?post=36578"}],"version-history":[{"count":0,"href":"https:\/\/newsestlyonnais.fr\/site\/wp-json\/wp\/v2\/posts\/36578\/revisions"}],"wp:featuredmedia":[{"embeddable":true,"href":"https:\/\/newsestlyonnais.fr\/site\/wp-json\/wp\/v2\/media\/36581"}],"wp:attachment":[{"href":"https:\/\/newsestlyonnais.fr\/site\/wp-json\/wp\/v2\/media?parent=36578"}],"wp:term":[{"taxonomy":"category","embeddable":true,"href":"https:\/\/newsestlyonnais.fr\/site\/wp-json\/wp\/v2\/categories?post=36578"},{"taxonomy":"post_tag","embeddable":true,"href":"https:\/\/newsestlyonnais.fr\/site\/wp-json\/wp\/v2\/tags?post=36578"}],"curies":[{"name":"wp","href":"https:\/\/api.w.org\/{rel}","templated":true}]}}