{"id":36720,"date":"2017-10-17T10:00:00","date_gmt":"2017-10-17T09:00:00","guid":{"rendered":"http:\/\/newsestlyonnais.fr\/site\/?p=36720"},"modified":"2020-11-07T20:59:38","modified_gmt":"2020-11-07T19:59:38","slug":"colombier-saugnieu-la-maison-hantee-de-retour-a-la-maison-des-jeunes","status":"publish","type":"post","link":"https:\/\/newsestlyonnais.fr\/site\/2017\/10\/17\/colombier-saugnieu-la-maison-hantee-de-retour-a-la-maison-des-jeunes\/","title":{"rendered":"COLOMBIER-SAUGNIEU | La maison hant\u00e9e de retour \u00e0 la Maison des Jeunes"},"content":{"rendered":"<h4>Cr\u00e9\u00e9e en octobre 2008, la maison hant\u00e9e en sera \u00e0 sa 10\u00b0 \u00e9dition, le vendredi 27 octobre prochain.<\/h4>\n<p>Une maison r\u00e9alis\u00e9e par plus d\u2019une dizaine de jeunes de la maison des jeunes de Colombier Saugnieu et comme chaque ann\u00e9e se transformera en une maison\u2026totalement hant\u00e9e dans laquelle les visiteurs seront amen\u00e9s \u00e0<br \/>\nsuivre le sens de visite imagin\u00e9 pour eux afin de d\u00e9couvrir les mises en sc\u00e8ne pr\u00e9vues.<br \/>\nCette ann\u00e9e <strong>la th\u00e9matique s\u2019inspire des clowns<\/strong> au travers du film \u00ab Ca \u00bb via l\u2019ancienne et la nouvelle version. La r\u00e9alisation s\u2019appuie aussi sur les propres peurs des jeunes pour un effet encore plus r\u00e9aliste et plus d\u00e9concertant pour les grand.e.s. La maison hant\u00e9e commence \u00e0 faire parler d\u2019elle bien au-del\u00e0 du territoire\u2026 \u00ab Ca \u00bb se r\u00e9pand m\u00eame dans les contr\u00e9es voisines\u2026 !!<br \/>\nLe bruit court qu\u2019une maison est hant\u00e9e en cette p\u00e9riode d\u2019Halloween sur Colombier Saugnieu. La l\u00e9gende dit qu\u2019elle est incroyablement terrifiante. Des jeunes y passent leurs journ\u00e9es pendant les vacances et le mercredi et en ressortent \u00e0 la tomb\u00e9e de la nuit, pleins de taches couleur de sang,\u2026<\/p>\n<p>R\u00e9sisterez-vous, parents et enfants, \u00e0 l\u2019envie de d\u00e9couvrir ce qui se passe vraiment l\u00e0-bas ? Oserez-vous affronter votre peur ? Un moment de partage de frayeurs en perspective pour les petit.e.s de plus de 8 ans et les grand.e.s.<\/p>\n<h4>Pour visualiser la qualit\u00e9 de la proposition de l\u2019an dernier, nous vous invitons \u00e0 visualiser le film qui a \u00e9t\u00e9 r\u00e9alis\u00e9.<\/h4>\n<h4>&#8211; S\u00e9quence de la maison hant\u00e9e : <a href=\"https:\/\/www.youtube.com\/watch?v=OLmS-Y0XNvQ&amp;t=5s\" target=\"_blank\" rel=\"noopener noreferrer\">https:\/\/www.youtube.com\/watch?v=OLmS-Y0XNvQ&amp;t=5s<\/a><\/h4>\n","protected":false},"excerpt":{"rendered":"<p>Cr\u00e9\u00e9e en octobre 2008, la maison hant\u00e9e en sera \u00e0 sa 10\u00b0 \u00e9dition, le vendredi 27 octobre prochain. Une maison r\u00e9alis\u00e9e par plus d\u2019une dizaine de jeunes de la maison des jeunes de Colombier Saugnieu et comme chaque ann\u00e9e se transformera en une maison\u2026totalement hant\u00e9e dans laquelle les visiteurs seront amen\u00e9s \u00e0 suivre le sens [&hellip;]<\/p>\n","protected":false},"author":4,"featured_media":36723,"comment_status":"open","ping_status":"open","sticky":false,"template":"","format":"standard","meta":{"footnotes":""},"categories":[3003,270,1280,171],"tags":[],"class_list":["post-36720","post","type-post","status-publish","format-standard","has-post-thumbnail","hentry","category-bibliotheque-mediatheque-mjc","category-cte-de-communes-c-c-e-l","category-colombier-saugnieu","category-enfance-jeunesse"],"yoast_head":"<!-- This site is optimized with the Yoast SEO plugin v27.2 - https:\/\/yoast.com\/product\/yoast-seo-wordpress\/ -->\n<title>COLOMBIER-SAUGNIEU : La maison hant\u00e9e de retour \u00e0 la Maison des Jeunes !<\/title>\n<meta name=\"description\" content=\"COLOMBIER-SAUGNIEU : La maison hant\u00e9e de retour \u00e0 la Maison des Jeunes !\" \/>\n<meta name=\"robots\" content=\"index, follow, max-snippet:-1, max-image-preview:large, max-video-preview:-1\" \/>\n<link rel=\"canonical\" href=\"https:\/\/newsestlyonnais.fr\/site\/2017\/10\/17\/colombier-saugnieu-la-maison-hantee-de-retour-a-la-maison-des-jeunes\/\" \/>\n<meta property=\"og:locale\" content=\"fr_FR\" \/>\n<meta property=\"og:type\" content=\"article\" \/>\n<meta property=\"og:title\" content=\"COLOMBIER-SAUGNIEU : La maison hant\u00e9e de retour \u00e0 la Maison des Jeunes !\" \/>\n<meta property=\"og:description\" content=\"COLOMBIER-SAUGNIEU : La maison hant\u00e9e de retour \u00e0 la Maison des Jeunes !\" \/>\n<meta property=\"og:url\" content=\"https:\/\/newsestlyonnais.fr\/site\/2017\/10\/17\/colombier-saugnieu-la-maison-hantee-de-retour-a-la-maison-des-jeunes\/\" \/>\n<meta property=\"og:site_name\" content=\"News Est Lyonnais\" \/>\n<meta property=\"article:author\" content=\"https:\/\/www.facebook.com\/pascal.oberson.1?fref=ts\" \/>\n<meta property=\"article:published_time\" content=\"2017-10-17T09:00:00+00:00\" \/>\n<meta property=\"article:modified_time\" content=\"2020-11-07T19:59:38+00:00\" \/>\n<meta property=\"og:image\" content=\"https:\/\/i2.wp.com\/newsestlyonnais.fr\/site\/wp-content\/uploads\/2017\/10\/NEWSESTLYONNAIS-MAISON-HANTEE-2017.png?fit=1000%2C750&ssl=1\" \/>\n\t<meta property=\"og:image:width\" content=\"1000\" \/>\n\t<meta property=\"og:image:height\" content=\"750\" \/>\n\t<meta property=\"og:image:type\" content=\"image\/png\" \/>\n<meta name=\"author\" content=\"R\u00e9dac. NEWS\" \/>\n<meta name=\"twitter:card\" content=\"summary_large_image\" \/>\n<meta name=\"twitter:label1\" content=\"\u00c9crit par\" \/>\n\t<meta name=\"twitter:data1\" content=\"R\u00e9dac. NEWS\" \/>\n\t<meta name=\"twitter:label2\" content=\"Dur\u00e9e de lecture estim\u00e9e\" \/>\n\t<meta name=\"twitter:data2\" content=\"1 minute\" \/>\n<script type=\"application\/ld+json\" class=\"yoast-schema-graph\">{\"@context\":\"https:\/\/schema.org\",\"@graph\":[{\"@type\":\"Article\",\"@id\":\"https:\/\/newsestlyonnais.fr\/site\/2017\/10\/17\/colombier-saugnieu-la-maison-hantee-de-retour-a-la-maison-des-jeunes\/#article\",\"isPartOf\":{\"@id\":\"https:\/\/newsestlyonnais.fr\/site\/2017\/10\/17\/colombier-saugnieu-la-maison-hantee-de-retour-a-la-maison-des-jeunes\/\"},\"author\":{\"name\":\"R\u00e9dac. NEWS\",\"@id\":\"https:\/\/newsestlyonnais.fr\/site\/#\/schema\/person\/3230d5615f390bb808365d673001e887\"},\"headline\":\"COLOMBIER-SAUGNIEU | La maison hant\u00e9e de retour \u00e0 la Maison des Jeunes\",\"datePublished\":\"2017-10-17T09:00:00+00:00\",\"dateModified\":\"2020-11-07T19:59:38+00:00\",\"mainEntityOfPage\":{\"@id\":\"https:\/\/newsestlyonnais.fr\/site\/2017\/10\/17\/colombier-saugnieu-la-maison-hantee-de-retour-a-la-maison-des-jeunes\/\"},\"wordCount\":299,\"commentCount\":0,\"publisher\":{\"@id\":\"https:\/\/newsestlyonnais.fr\/site\/#organization\"},\"image\":{\"@id\":\"https:\/\/newsestlyonnais.fr\/site\/2017\/10\/17\/colombier-saugnieu-la-maison-hantee-de-retour-a-la-maison-des-jeunes\/#primaryimage\"},\"thumbnailUrl\":\"https:\/\/newsestlyonnais.fr\/site\/wp-content\/uploads\/2017\/10\/NEWSESTLYONNAIS-MAISON-HANTEE-2017.png\",\"articleSection\":[\"Biblioth\u00e8que | M\u00e9diath\u00e8que | MJC\",\"CCEL | Communes\",\"Colombier-Saugnieu\",\"Enfance | Jeunesse\"],\"inLanguage\":\"fr-FR\",\"potentialAction\":[{\"@type\":\"CommentAction\",\"name\":\"Comment\",\"target\":[\"https:\/\/newsestlyonnais.fr\/site\/2017\/10\/17\/colombier-saugnieu-la-maison-hantee-de-retour-a-la-maison-des-jeunes\/#respond\"]}]},{\"@type\":\"WebPage\",\"@id\":\"https:\/\/newsestlyonnais.fr\/site\/2017\/10\/17\/colombier-saugnieu-la-maison-hantee-de-retour-a-la-maison-des-jeunes\/\",\"url\":\"https:\/\/newsestlyonnais.fr\/site\/2017\/10\/17\/colombier-saugnieu-la-maison-hantee-de-retour-a-la-maison-des-jeunes\/\",\"name\":\"COLOMBIER-SAUGNIEU : La maison hant\u00e9e de retour \u00e0 la Maison des Jeunes !\",\"isPartOf\":{\"@id\":\"https:\/\/newsestlyonnais.fr\/site\/#website\"},\"primaryImageOfPage\":{\"@id\":\"https:\/\/newsestlyonnais.fr\/site\/2017\/10\/17\/colombier-saugnieu-la-maison-hantee-de-retour-a-la-maison-des-jeunes\/#primaryimage\"},\"image\":{\"@id\":\"https:\/\/newsestlyonnais.fr\/site\/2017\/10\/17\/colombier-saugnieu-la-maison-hantee-de-retour-a-la-maison-des-jeunes\/#primaryimage\"},\"thumbnailUrl\":\"https:\/\/newsestlyonnais.fr\/site\/wp-content\/uploads\/2017\/10\/NEWSESTLYONNAIS-MAISON-HANTEE-2017.png\",\"datePublished\":\"2017-10-17T09:00:00+00:00\",\"dateModified\":\"2020-11-07T19:59:38+00:00\",\"description\":\"COLOMBIER-SAUGNIEU : La maison hant\u00e9e de retour \u00e0 la Maison des Jeunes !\",\"breadcrumb\":{\"@id\":\"https:\/\/newsestlyonnais.fr\/site\/2017\/10\/17\/colombier-saugnieu-la-maison-hantee-de-retour-a-la-maison-des-jeunes\/#breadcrumb\"},\"inLanguage\":\"fr-FR\",\"potentialAction\":[{\"@type\":\"ReadAction\",\"target\":[\"https:\/\/newsestlyonnais.fr\/site\/2017\/10\/17\/colombier-saugnieu-la-maison-hantee-de-retour-a-la-maison-des-jeunes\/\"]}]},{\"@type\":\"ImageObject\",\"inLanguage\":\"fr-FR\",\"@id\":\"https:\/\/newsestlyonnais.fr\/site\/2017\/10\/17\/colombier-saugnieu-la-maison-hantee-de-retour-a-la-maison-des-jeunes\/#primaryimage\",\"url\":\"https:\/\/newsestlyonnais.fr\/site\/wp-content\/uploads\/2017\/10\/NEWSESTLYONNAIS-MAISON-HANTEE-2017.png\",\"contentUrl\":\"https:\/\/newsestlyonnais.fr\/site\/wp-content\/uploads\/2017\/10\/NEWSESTLYONNAIS-MAISON-HANTEE-2017.png\",\"width\":1000,\"height\":750,\"caption\":\"NEWSESTLYONNAIS - MAISON HANTEE 2017\"},{\"@type\":\"BreadcrumbList\",\"@id\":\"https:\/\/newsestlyonnais.fr\/site\/2017\/10\/17\/colombier-saugnieu-la-maison-hantee-de-retour-a-la-maison-des-jeunes\/#breadcrumb\",\"itemListElement\":[{\"@type\":\"ListItem\",\"position\":1,\"name\":\"Accueil\",\"item\":\"https:\/\/newsestlyonnais.fr\/site\/\"},{\"@type\":\"ListItem\",\"position\":2,\"name\":\"COLOMBIER-SAUGNIEU | La maison hant\u00e9e de retour \u00e0 la Maison des Jeunes\"}]},{\"@type\":\"WebSite\",\"@id\":\"https:\/\/newsestlyonnais.fr\/site\/#website\",\"url\":\"https:\/\/newsestlyonnais.fr\/site\/\",\"name\":\"News Est Lyonnais\",\"description\":\"L&#039;actualit\u00e9 au plus pr\u00e8s\",\"publisher\":{\"@id\":\"https:\/\/newsestlyonnais.fr\/site\/#organization\"},\"potentialAction\":[{\"@type\":\"SearchAction\",\"target\":{\"@type\":\"EntryPoint\",\"urlTemplate\":\"https:\/\/newsestlyonnais.fr\/site\/?s={search_term_string}\"},\"query-input\":{\"@type\":\"PropertyValueSpecification\",\"valueRequired\":true,\"valueName\":\"search_term_string\"}}],\"inLanguage\":\"fr-FR\"},{\"@type\":\"Organization\",\"@id\":\"https:\/\/newsestlyonnais.fr\/site\/#organization\",\"name\":\"News EST LYONNAIS\",\"url\":\"https:\/\/newsestlyonnais.fr\/site\/\",\"logo\":{\"@type\":\"ImageObject\",\"inLanguage\":\"fr-FR\",\"@id\":\"https:\/\/newsestlyonnais.fr\/site\/#\/schema\/logo\/image\/\",\"url\":\"\",\"contentUrl\":\"\",\"caption\":\"News EST LYONNAIS\"},\"image\":{\"@id\":\"https:\/\/newsestlyonnais.fr\/site\/#\/schema\/logo\/image\/\"}},{\"@type\":\"Person\",\"@id\":\"https:\/\/newsestlyonnais.fr\/site\/#\/schema\/person\/3230d5615f390bb808365d673001e887\",\"name\":\"R\u00e9dac. NEWS\",\"sameAs\":[\"http:\/\/www.newsestlyonnais.fr\",\"https:\/\/www.facebook.com\/pascal.oberson.1?fref=ts\",\"https:\/\/fr.linkedin.com\/in\/pascal-oberson-b17045113\"],\"url\":\"https:\/\/newsestlyonnais.fr\/site\/author\/nel\/\"}]}<\/script>\n<!-- \/ Yoast SEO plugin. -->","yoast_head_json":{"title":"COLOMBIER-SAUGNIEU : La maison hant\u00e9e de retour \u00e0 la Maison des Jeunes !","description":"COLOMBIER-SAUGNIEU : La maison hant\u00e9e de retour \u00e0 la Maison des Jeunes !","robots":{"index":"index","follow":"follow","max-snippet":"max-snippet:-1","max-image-preview":"max-image-preview:large","max-video-preview":"max-video-preview:-1"},"canonical":"https:\/\/newsestlyonnais.fr\/site\/2017\/10\/17\/colombier-saugnieu-la-maison-hantee-de-retour-a-la-maison-des-jeunes\/","og_locale":"fr_FR","og_type":"article","og_title":"COLOMBIER-SAUGNIEU : La maison hant\u00e9e de retour \u00e0 la Maison des Jeunes !","og_description":"COLOMBIER-SAUGNIEU : La maison hant\u00e9e de retour \u00e0 la Maison des Jeunes !","og_url":"https:\/\/newsestlyonnais.fr\/site\/2017\/10\/17\/colombier-saugnieu-la-maison-hantee-de-retour-a-la-maison-des-jeunes\/","og_site_name":"News Est Lyonnais","article_author":"https:\/\/www.facebook.com\/pascal.oberson.1?fref=ts","article_published_time":"2017-10-17T09:00:00+00:00","article_modified_time":"2020-11-07T19:59:38+00:00","og_image":[{"width":1000,"height":750,"url":"https:\/\/i2.wp.com\/newsestlyonnais.fr\/site\/wp-content\/uploads\/2017\/10\/NEWSESTLYONNAIS-MAISON-HANTEE-2017.png?fit=1000%2C750&ssl=1","type":"image\/png"}],"author":"R\u00e9dac. NEWS","twitter_card":"summary_large_image","twitter_misc":{"\u00c9crit par":"R\u00e9dac. NEWS","Dur\u00e9e de lecture estim\u00e9e":"1 minute"},"schema":{"@context":"https:\/\/schema.org","@graph":[{"@type":"Article","@id":"https:\/\/newsestlyonnais.fr\/site\/2017\/10\/17\/colombier-saugnieu-la-maison-hantee-de-retour-a-la-maison-des-jeunes\/#article","isPartOf":{"@id":"https:\/\/newsestlyonnais.fr\/site\/2017\/10\/17\/colombier-saugnieu-la-maison-hantee-de-retour-a-la-maison-des-jeunes\/"},"author":{"name":"R\u00e9dac. NEWS","@id":"https:\/\/newsestlyonnais.fr\/site\/#\/schema\/person\/3230d5615f390bb808365d673001e887"},"headline":"COLOMBIER-SAUGNIEU | La maison hant\u00e9e de retour \u00e0 la Maison des Jeunes","datePublished":"2017-10-17T09:00:00+00:00","dateModified":"2020-11-07T19:59:38+00:00","mainEntityOfPage":{"@id":"https:\/\/newsestlyonnais.fr\/site\/2017\/10\/17\/colombier-saugnieu-la-maison-hantee-de-retour-a-la-maison-des-jeunes\/"},"wordCount":299,"commentCount":0,"publisher":{"@id":"https:\/\/newsestlyonnais.fr\/site\/#organization"},"image":{"@id":"https:\/\/newsestlyonnais.fr\/site\/2017\/10\/17\/colombier-saugnieu-la-maison-hantee-de-retour-a-la-maison-des-jeunes\/#primaryimage"},"thumbnailUrl":"https:\/\/newsestlyonnais.fr\/site\/wp-content\/uploads\/2017\/10\/NEWSESTLYONNAIS-MAISON-HANTEE-2017.png","articleSection":["Biblioth\u00e8que | M\u00e9diath\u00e8que | MJC","CCEL | Communes","Colombier-Saugnieu","Enfance | Jeunesse"],"inLanguage":"fr-FR","potentialAction":[{"@type":"CommentAction","name":"Comment","target":["https:\/\/newsestlyonnais.fr\/site\/2017\/10\/17\/colombier-saugnieu-la-maison-hantee-de-retour-a-la-maison-des-jeunes\/#respond"]}]},{"@type":"WebPage","@id":"https:\/\/newsestlyonnais.fr\/site\/2017\/10\/17\/colombier-saugnieu-la-maison-hantee-de-retour-a-la-maison-des-jeunes\/","url":"https:\/\/newsestlyonnais.fr\/site\/2017\/10\/17\/colombier-saugnieu-la-maison-hantee-de-retour-a-la-maison-des-jeunes\/","name":"COLOMBIER-SAUGNIEU : La maison hant\u00e9e de retour \u00e0 la Maison des Jeunes !","isPartOf":{"@id":"https:\/\/newsestlyonnais.fr\/site\/#website"},"primaryImageOfPage":{"@id":"https:\/\/newsestlyonnais.fr\/site\/2017\/10\/17\/colombier-saugnieu-la-maison-hantee-de-retour-a-la-maison-des-jeunes\/#primaryimage"},"image":{"@id":"https:\/\/newsestlyonnais.fr\/site\/2017\/10\/17\/colombier-saugnieu-la-maison-hantee-de-retour-a-la-maison-des-jeunes\/#primaryimage"},"thumbnailUrl":"https:\/\/newsestlyonnais.fr\/site\/wp-content\/uploads\/2017\/10\/NEWSESTLYONNAIS-MAISON-HANTEE-2017.png","datePublished":"2017-10-17T09:00:00+00:00","dateModified":"2020-11-07T19:59:38+00:00","description":"COLOMBIER-SAUGNIEU : La maison hant\u00e9e de retour \u00e0 la Maison des Jeunes !","breadcrumb":{"@id":"https:\/\/newsestlyonnais.fr\/site\/2017\/10\/17\/colombier-saugnieu-la-maison-hantee-de-retour-a-la-maison-des-jeunes\/#breadcrumb"},"inLanguage":"fr-FR","potentialAction":[{"@type":"ReadAction","target":["https:\/\/newsestlyonnais.fr\/site\/2017\/10\/17\/colombier-saugnieu-la-maison-hantee-de-retour-a-la-maison-des-jeunes\/"]}]},{"@type":"ImageObject","inLanguage":"fr-FR","@id":"https:\/\/newsestlyonnais.fr\/site\/2017\/10\/17\/colombier-saugnieu-la-maison-hantee-de-retour-a-la-maison-des-jeunes\/#primaryimage","url":"https:\/\/newsestlyonnais.fr\/site\/wp-content\/uploads\/2017\/10\/NEWSESTLYONNAIS-MAISON-HANTEE-2017.png","contentUrl":"https:\/\/newsestlyonnais.fr\/site\/wp-content\/uploads\/2017\/10\/NEWSESTLYONNAIS-MAISON-HANTEE-2017.png","width":1000,"height":750,"caption":"NEWSESTLYONNAIS - MAISON HANTEE 2017"},{"@type":"BreadcrumbList","@id":"https:\/\/newsestlyonnais.fr\/site\/2017\/10\/17\/colombier-saugnieu-la-maison-hantee-de-retour-a-la-maison-des-jeunes\/#breadcrumb","itemListElement":[{"@type":"ListItem","position":1,"name":"Accueil","item":"https:\/\/newsestlyonnais.fr\/site\/"},{"@type":"ListItem","position":2,"name":"COLOMBIER-SAUGNIEU | La maison hant\u00e9e de retour \u00e0 la Maison des Jeunes"}]},{"@type":"WebSite","@id":"https:\/\/newsestlyonnais.fr\/site\/#website","url":"https:\/\/newsestlyonnais.fr\/site\/","name":"News Est Lyonnais","description":"L&#039;actualit\u00e9 au plus pr\u00e8s","publisher":{"@id":"https:\/\/newsestlyonnais.fr\/site\/#organization"},"potentialAction":[{"@type":"SearchAction","target":{"@type":"EntryPoint","urlTemplate":"https:\/\/newsestlyonnais.fr\/site\/?s={search_term_string}"},"query-input":{"@type":"PropertyValueSpecification","valueRequired":true,"valueName":"search_term_string"}}],"inLanguage":"fr-FR"},{"@type":"Organization","@id":"https:\/\/newsestlyonnais.fr\/site\/#organization","name":"News EST LYONNAIS","url":"https:\/\/newsestlyonnais.fr\/site\/","logo":{"@type":"ImageObject","inLanguage":"fr-FR","@id":"https:\/\/newsestlyonnais.fr\/site\/#\/schema\/logo\/image\/","url":"","contentUrl":"","caption":"News EST LYONNAIS"},"image":{"@id":"https:\/\/newsestlyonnais.fr\/site\/#\/schema\/logo\/image\/"}},{"@type":"Person","@id":"https:\/\/newsestlyonnais.fr\/site\/#\/schema\/person\/3230d5615f390bb808365d673001e887","name":"R\u00e9dac. NEWS","sameAs":["http:\/\/www.newsestlyonnais.fr","https:\/\/www.facebook.com\/pascal.oberson.1?fref=ts","https:\/\/fr.linkedin.com\/in\/pascal-oberson-b17045113"],"url":"https:\/\/newsestlyonnais.fr\/site\/author\/nel\/"}]}},"_links":{"self":[{"href":"https:\/\/newsestlyonnais.fr\/site\/wp-json\/wp\/v2\/posts\/36720","targetHints":{"allow":["GET"]}}],"collection":[{"href":"https:\/\/newsestlyonnais.fr\/site\/wp-json\/wp\/v2\/posts"}],"about":[{"href":"https:\/\/newsestlyonnais.fr\/site\/wp-json\/wp\/v2\/types\/post"}],"author":[{"embeddable":true,"href":"https:\/\/newsestlyonnais.fr\/site\/wp-json\/wp\/v2\/users\/4"}],"replies":[{"embeddable":true,"href":"https:\/\/newsestlyonnais.fr\/site\/wp-json\/wp\/v2\/comments?post=36720"}],"version-history":[{"count":0,"href":"https:\/\/newsestlyonnais.fr\/site\/wp-json\/wp\/v2\/posts\/36720\/revisions"}],"wp:featuredmedia":[{"embeddable":true,"href":"https:\/\/newsestlyonnais.fr\/site\/wp-json\/wp\/v2\/media\/36723"}],"wp:attachment":[{"href":"https:\/\/newsestlyonnais.fr\/site\/wp-json\/wp\/v2\/media?parent=36720"}],"wp:term":[{"taxonomy":"category","embeddable":true,"href":"https:\/\/newsestlyonnais.fr\/site\/wp-json\/wp\/v2\/categories?post=36720"},{"taxonomy":"post_tag","embeddable":true,"href":"https:\/\/newsestlyonnais.fr\/site\/wp-json\/wp\/v2\/tags?post=36720"}],"curies":[{"name":"wp","href":"https:\/\/api.w.org\/{rel}","templated":true}]}}