{"id":36855,"date":"2017-10-19T18:20:38","date_gmt":"2017-10-19T17:20:38","guid":{"rendered":"http:\/\/newsestlyonnais.fr\/site\/?p=36855"},"modified":"2020-10-27T06:41:39","modified_gmt":"2020-10-27T05:41:39","slug":"lyon-8-handisport-lyonnais-la-section-foot-fauteuil-electrique-prete-pour-le-championnat","status":"publish","type":"post","link":"https:\/\/newsestlyonnais.fr\/site\/2017\/10\/19\/lyon-8-handisport-lyonnais-la-section-foot-fauteuil-electrique-prete-pour-le-championnat\/","title":{"rendered":"LYON 8 | Handisport Lyonnais > la section Foot Fauteuil Electrique pr\u00eate pour le championnat"},"content":{"rendered":"<h4>La section Foot Fauteuil avait \u00e9t\u00e9 invit\u00e9 le week-end dernier \u00e0 Bag\u00e9 La Ville afin de d\u00e9fendre son titre, pour la 4\u00b0 \u00e9dition du \u00ab\u00a0Tournoi FFPB\u00a0\u00bb.<\/h4>\n<p>Grenoble \u00ab\u00a0GFFE\u00a0\u00bb (D3), Vand\u0153uvre \u00ab\u00a0Les jaguars de Vand\u0153uvre\u00a0\u00bb (D3), Bag\u00e9 La Ville \u00ab\u00a0FFPB\u00a0\u00bb (D2) et Handisport Lyonnais \u00ab\u00a0Lyon 2\u00a0\u00bb (D2) \u00e9tant les 4 \u00e9quipes pr\u00e9sentes pour ce tournoi.<\/p>\n<p>Pour Lyon, c&rsquo;\u00e9tait l&rsquo;oc<span class=\"ox-4d548b7741-textexposedshow\">casion de mettre l&rsquo;\u00e9quipe 2 dans des conditions proches de la comp\u00e9tition mais aussi de tester un nouveau duo avec Lorenzo Carvalho (11 ans) et Ma\u00eblick Calvet (16 ans) en action \u00e9paul\u00e9s d&rsquo;Adrien Le Texier (23 ans), Norbert Dubien (43 ans) et Pierre Baudet, gardien de but (45 ans). <\/span><br \/>\n<span class=\"ox-4d548b7741-textexposedshow\">Malheureusement et ceci malgr\u00e9 une d\u00e9termination et la fougue des 2 jeunes lyonnais, un probl\u00e8me technique \u00e0 emp\u00eacher Lorenzo de d\u00e9velopper son jeu en d\u00e9fense comme il sait le faire depuis plusieurs saisons. Bien \u00e9videmment c&rsquo;est aussi d\u00fb aux 3 adversaires bien en place et qui ont d\u00e9roul\u00e9 un tr\u00e8s bon jeu. <\/span><br \/>\n<span class=\"ox-4d548b7741-textexposedshow\">La journ\u00e9e de samedi a donc \u00e9t\u00e9 synonyme de d\u00e9faites pour Handisport Lyonnais (5-2, 4-2 et 3-1) mais une progression s&rsquo;est fait sentir. A tel point que le dimanche matin, Lyon emportait la 3\u00b0 place du tournoi, dans la petite finale, face \u00e0 Grenoble (6 \u00e0 1) et gr\u00e2ce \u00e0 une tr\u00e8s bonne gestion du jeu. Grenoble avait \u00e9t\u00e9 la premi\u00e8re \u00e9quipe, la veille, \u00e0 faire souffrir les joueurs de Lyon en lui infligeant une d\u00e9faite (5\/2).<\/span><\/p>\n<p><span class=\"ox-4d548b7741-textexposedshow\">Le titre du \u00ab\u00a0Tournoi FFPB\u00a0\u00bb retourne \u00e0 Bag\u00e9 et au FFPB, l&rsquo;organisateur. F\u00e9licitations au gagnant ainsi que pour l&rsquo;organisation de ce tournoi qui ne fait que grandir avec les ann\u00e9es.<\/span><\/p>\n<p>Pour Lyon et l&rsquo;\u00e9quipe 2, il va falloir maintenant travailler \u00e0 l&rsquo;entra\u00eenement afin de pouvoir commencer le championnat en D2 o\u00f9 le niveau ne pardonne que tr\u00e8s peu d&rsquo;erreurs. F\u00e9licitations \u00e0 Ma\u00eblick qui d\u00e9bute \u00e0 ce niveau et qui finit \u00e9lu \u00ab\u00a0meilleur jeune joueur\u00a0\u00bb du tournoi gr\u00e2ce \u00e0 ses 10 buts inscrits et aussi \u00e0 Lorenzo, qui malgr\u00e9 des difficult\u00e9s techniques, \u00e0 montrer une d\u00e9termination et une belle volont\u00e9.<\/p>\n<p>En route maintenant pour la 1\u00b0 journ\u00e9e de Championnat \u00e0 Bourg-en-Bresse les 4 &amp; 5 novembre 2017.<\/p>\n<ul>\n<li>\n<h4>Retrouvez l&rsquo;ACTU d&rsquo;Handisport Lyonnais sur : <a href=\"http:\/\/www.handisportlyonnais.com\" target=\"_blank\" rel=\"noopener noreferrer\">http:\/\/www.handisportlyonnais.com<\/a><\/h4>\n<\/li>\n<\/ul>\n<p><img loading=\"lazy\" decoding=\"async\" class=\"alignleft size-full wp-image-36861\" src=\"https:\/\/newsestlyonnais.fr\/site\/medias\/2017\/10\/ffe-20171015-tournoi-FFPB-1.jpg\" alt=\"NEWSESTLYONNAIS - HANDISPORT FOOT FAUTEUIL\" width=\"4608\" height=\"2592\" srcset=\"https:\/\/newsestlyonnais.fr\/site\/wp-content\/uploads\/2017\/10\/ffe-20171015-tournoi-FFPB-1.jpg 4608w, https:\/\/newsestlyonnais.fr\/site\/wp-content\/uploads\/2017\/10\/ffe-20171015-tournoi-FFPB-1-400x225.jpg 400w, https:\/\/newsestlyonnais.fr\/site\/wp-content\/uploads\/2017\/10\/ffe-20171015-tournoi-FFPB-1-768x432.jpg 768w, https:\/\/newsestlyonnais.fr\/site\/wp-content\/uploads\/2017\/10\/ffe-20171015-tournoi-FFPB-1-1000x563.jpg 1000w, https:\/\/newsestlyonnais.fr\/site\/wp-content\/uploads\/2017\/10\/ffe-20171015-tournoi-FFPB-1-600x338.jpg 600w\" sizes=\"auto, (max-width: 4608px) 100vw, 4608px\" \/><\/p>\n","protected":false},"excerpt":{"rendered":"<p>La section Foot Fauteuil avait \u00e9t\u00e9 invit\u00e9 le week-end dernier \u00e0 Bag\u00e9 La Ville afin de d\u00e9fendre son titre, pour la 4\u00b0 \u00e9dition du \u00ab\u00a0Tournoi FFPB\u00a0\u00bb. Grenoble \u00ab\u00a0GFFE\u00a0\u00bb (D3), Vand\u0153uvre \u00ab\u00a0Les jaguars de Vand\u0153uvre\u00a0\u00bb (D3), Bag\u00e9 La Ville \u00ab\u00a0FFPB\u00a0\u00bb (D2) et Handisport Lyonnais \u00ab\u00a0Lyon 2\u00a0\u00bb (D2) \u00e9tant les 4 \u00e9quipes pr\u00e9sentes pour ce tournoi. Pour [&hellip;]<\/p>\n","protected":false},"author":4,"featured_media":36858,"comment_status":"open","ping_status":"open","sticky":false,"template":"","format":"standard","meta":{"footnotes":""},"categories":[166,1329,2996,3015,1625],"tags":[],"class_list":["post-36855","post","type-post","status-publish","format-standard","has-post-thumbnail","hentry","category-divers-sports","category-foot","category-football-rugby","category-handi-adapte","category-lyon"],"yoast_head":"<!-- This site is optimized with the Yoast SEO plugin v27.2 - https:\/\/yoast.com\/product\/yoast-seo-wordpress\/ -->\n<title>LYON 8\u00b0 : La section Foot Fauteuil Electrique d&#039;Handisport Lyonnais pr\u00eate pour le championnat<\/title>\n<meta name=\"description\" content=\"LYON 8\u00b0 : La section Foot Fauteuil Electrique d&#039;Handisport Lyonnais pr\u00eate pour le championnat\" \/>\n<meta name=\"robots\" content=\"index, follow, max-snippet:-1, max-image-preview:large, max-video-preview:-1\" \/>\n<link rel=\"canonical\" href=\"https:\/\/newsestlyonnais.fr\/site\/2017\/10\/19\/lyon-8-handisport-lyonnais-la-section-foot-fauteuil-electrique-prete-pour-le-championnat\/\" \/>\n<meta property=\"og:locale\" content=\"fr_FR\" \/>\n<meta property=\"og:type\" content=\"article\" \/>\n<meta property=\"og:title\" content=\"LYON 8\u00b0 : La section Foot Fauteuil Electrique d&#039;Handisport Lyonnais pr\u00eate pour le championnat\" \/>\n<meta property=\"og:description\" content=\"LYON 8\u00b0 : La section Foot Fauteuil Electrique d&#039;Handisport Lyonnais pr\u00eate pour le championnat\" \/>\n<meta property=\"og:url\" content=\"https:\/\/newsestlyonnais.fr\/site\/2017\/10\/19\/lyon-8-handisport-lyonnais-la-section-foot-fauteuil-electrique-prete-pour-le-championnat\/\" \/>\n<meta property=\"og:site_name\" content=\"News Est Lyonnais\" \/>\n<meta property=\"article:author\" content=\"https:\/\/www.facebook.com\/pascal.oberson.1?fref=ts\" \/>\n<meta property=\"article:published_time\" content=\"2017-10-19T17:20:38+00:00\" \/>\n<meta property=\"article:modified_time\" content=\"2020-10-27T05:41:39+00:00\" \/>\n<meta property=\"og:image\" content=\"https:\/\/newsestlyonnais.fr\/site\/wp-content\/uploads\/2017\/10\/NEWSESTLYONNAIS-HANDISPORT-FAUTEUIL-FOOT-1000x563.jpg\" \/>\n\t<meta property=\"og:image:width\" content=\"1000\" \/>\n\t<meta property=\"og:image:height\" content=\"563\" \/>\n\t<meta property=\"og:image:type\" content=\"image\/jpeg\" \/>\n<meta name=\"author\" content=\"R\u00e9dac. NEWS\" \/>\n<meta name=\"twitter:card\" content=\"summary_large_image\" \/>\n<meta name=\"twitter:label1\" content=\"\u00c9crit par\" \/>\n\t<meta name=\"twitter:data1\" content=\"R\u00e9dac. NEWS\" \/>\n\t<meta name=\"twitter:label2\" content=\"Dur\u00e9e de lecture estim\u00e9e\" \/>\n\t<meta name=\"twitter:data2\" content=\"2 minutes\" \/>\n<script type=\"application\/ld+json\" class=\"yoast-schema-graph\">{\"@context\":\"https:\/\/schema.org\",\"@graph\":[{\"@type\":\"Article\",\"@id\":\"https:\/\/newsestlyonnais.fr\/site\/2017\/10\/19\/lyon-8-handisport-lyonnais-la-section-foot-fauteuil-electrique-prete-pour-le-championnat\/#article\",\"isPartOf\":{\"@id\":\"https:\/\/newsestlyonnais.fr\/site\/2017\/10\/19\/lyon-8-handisport-lyonnais-la-section-foot-fauteuil-electrique-prete-pour-le-championnat\/\"},\"author\":{\"name\":\"R\u00e9dac. NEWS\",\"@id\":\"https:\/\/newsestlyonnais.fr\/site\/#\/schema\/person\/3230d5615f390bb808365d673001e887\"},\"headline\":\"LYON 8 | Handisport Lyonnais > la section Foot Fauteuil Electrique pr\u00eate pour le championnat\",\"datePublished\":\"2017-10-19T17:20:38+00:00\",\"dateModified\":\"2020-10-27T05:41:39+00:00\",\"mainEntityOfPage\":{\"@id\":\"https:\/\/newsestlyonnais.fr\/site\/2017\/10\/19\/lyon-8-handisport-lyonnais-la-section-foot-fauteuil-electrique-prete-pour-le-championnat\/\"},\"wordCount\":382,\"commentCount\":0,\"publisher\":{\"@id\":\"https:\/\/newsestlyonnais.fr\/site\/#organization\"},\"image\":{\"@id\":\"https:\/\/newsestlyonnais.fr\/site\/2017\/10\/19\/lyon-8-handisport-lyonnais-la-section-foot-fauteuil-electrique-prete-pour-le-championnat\/#primaryimage\"},\"thumbnailUrl\":\"https:\/\/newsestlyonnais.fr\/site\/wp-content\/uploads\/2017\/10\/NEWSESTLYONNAIS-HANDISPORT-FAUTEUIL-FOOT.jpg\",\"articleSection\":[\"Divers Sports\",\"Foot | Futsal\",\"Foot | Rugby\",\"Handi &amp; adapt\u00e9\",\"Lyon\"],\"inLanguage\":\"fr-FR\",\"potentialAction\":[{\"@type\":\"CommentAction\",\"name\":\"Comment\",\"target\":[\"https:\/\/newsestlyonnais.fr\/site\/2017\/10\/19\/lyon-8-handisport-lyonnais-la-section-foot-fauteuil-electrique-prete-pour-le-championnat\/#respond\"]}]},{\"@type\":\"WebPage\",\"@id\":\"https:\/\/newsestlyonnais.fr\/site\/2017\/10\/19\/lyon-8-handisport-lyonnais-la-section-foot-fauteuil-electrique-prete-pour-le-championnat\/\",\"url\":\"https:\/\/newsestlyonnais.fr\/site\/2017\/10\/19\/lyon-8-handisport-lyonnais-la-section-foot-fauteuil-electrique-prete-pour-le-championnat\/\",\"name\":\"LYON 8\u00b0 : La section Foot Fauteuil Electrique d'Handisport Lyonnais pr\u00eate pour le championnat\",\"isPartOf\":{\"@id\":\"https:\/\/newsestlyonnais.fr\/site\/#website\"},\"primaryImageOfPage\":{\"@id\":\"https:\/\/newsestlyonnais.fr\/site\/2017\/10\/19\/lyon-8-handisport-lyonnais-la-section-foot-fauteuil-electrique-prete-pour-le-championnat\/#primaryimage\"},\"image\":{\"@id\":\"https:\/\/newsestlyonnais.fr\/site\/2017\/10\/19\/lyon-8-handisport-lyonnais-la-section-foot-fauteuil-electrique-prete-pour-le-championnat\/#primaryimage\"},\"thumbnailUrl\":\"https:\/\/newsestlyonnais.fr\/site\/wp-content\/uploads\/2017\/10\/NEWSESTLYONNAIS-HANDISPORT-FAUTEUIL-FOOT.jpg\",\"datePublished\":\"2017-10-19T17:20:38+00:00\",\"dateModified\":\"2020-10-27T05:41:39+00:00\",\"description\":\"LYON 8\u00b0 : La section Foot Fauteuil Electrique d'Handisport Lyonnais pr\u00eate pour le championnat\",\"breadcrumb\":{\"@id\":\"https:\/\/newsestlyonnais.fr\/site\/2017\/10\/19\/lyon-8-handisport-lyonnais-la-section-foot-fauteuil-electrique-prete-pour-le-championnat\/#breadcrumb\"},\"inLanguage\":\"fr-FR\",\"potentialAction\":[{\"@type\":\"ReadAction\",\"target\":[\"https:\/\/newsestlyonnais.fr\/site\/2017\/10\/19\/lyon-8-handisport-lyonnais-la-section-foot-fauteuil-electrique-prete-pour-le-championnat\/\"]}]},{\"@type\":\"ImageObject\",\"inLanguage\":\"fr-FR\",\"@id\":\"https:\/\/newsestlyonnais.fr\/site\/2017\/10\/19\/lyon-8-handisport-lyonnais-la-section-foot-fauteuil-electrique-prete-pour-le-championnat\/#primaryimage\",\"url\":\"https:\/\/newsestlyonnais.fr\/site\/wp-content\/uploads\/2017\/10\/NEWSESTLYONNAIS-HANDISPORT-FAUTEUIL-FOOT.jpg\",\"contentUrl\":\"https:\/\/newsestlyonnais.fr\/site\/wp-content\/uploads\/2017\/10\/NEWSESTLYONNAIS-HANDISPORT-FAUTEUIL-FOOT.jpg\",\"width\":4608,\"height\":2592,\"caption\":\"NEWSESTLYONNAIS - HANDISPORT FAUTEUIL FOOT\"},{\"@type\":\"BreadcrumbList\",\"@id\":\"https:\/\/newsestlyonnais.fr\/site\/2017\/10\/19\/lyon-8-handisport-lyonnais-la-section-foot-fauteuil-electrique-prete-pour-le-championnat\/#breadcrumb\",\"itemListElement\":[{\"@type\":\"ListItem\",\"position\":1,\"name\":\"Accueil\",\"item\":\"https:\/\/newsestlyonnais.fr\/site\/\"},{\"@type\":\"ListItem\",\"position\":2,\"name\":\"LYON 8 | Handisport Lyonnais > la section Foot Fauteuil Electrique pr\u00eate pour le championnat\"}]},{\"@type\":\"WebSite\",\"@id\":\"https:\/\/newsestlyonnais.fr\/site\/#website\",\"url\":\"https:\/\/newsestlyonnais.fr\/site\/\",\"name\":\"News Est Lyonnais\",\"description\":\"L&#039;actualit\u00e9 au plus pr\u00e8s\",\"publisher\":{\"@id\":\"https:\/\/newsestlyonnais.fr\/site\/#organization\"},\"potentialAction\":[{\"@type\":\"SearchAction\",\"target\":{\"@type\":\"EntryPoint\",\"urlTemplate\":\"https:\/\/newsestlyonnais.fr\/site\/?s={search_term_string}\"},\"query-input\":{\"@type\":\"PropertyValueSpecification\",\"valueRequired\":true,\"valueName\":\"search_term_string\"}}],\"inLanguage\":\"fr-FR\"},{\"@type\":\"Organization\",\"@id\":\"https:\/\/newsestlyonnais.fr\/site\/#organization\",\"name\":\"News EST LYONNAIS\",\"url\":\"https:\/\/newsestlyonnais.fr\/site\/\",\"logo\":{\"@type\":\"ImageObject\",\"inLanguage\":\"fr-FR\",\"@id\":\"https:\/\/newsestlyonnais.fr\/site\/#\/schema\/logo\/image\/\",\"url\":\"\",\"contentUrl\":\"\",\"caption\":\"News EST LYONNAIS\"},\"image\":{\"@id\":\"https:\/\/newsestlyonnais.fr\/site\/#\/schema\/logo\/image\/\"}},{\"@type\":\"Person\",\"@id\":\"https:\/\/newsestlyonnais.fr\/site\/#\/schema\/person\/3230d5615f390bb808365d673001e887\",\"name\":\"R\u00e9dac. NEWS\",\"sameAs\":[\"http:\/\/www.newsestlyonnais.fr\",\"https:\/\/www.facebook.com\/pascal.oberson.1?fref=ts\",\"https:\/\/fr.linkedin.com\/in\/pascal-oberson-b17045113\"],\"url\":\"https:\/\/newsestlyonnais.fr\/site\/author\/nel\/\"}]}<\/script>\n<!-- \/ Yoast SEO plugin. -->","yoast_head_json":{"title":"LYON 8\u00b0 : La section Foot Fauteuil Electrique d'Handisport Lyonnais pr\u00eate pour le championnat","description":"LYON 8\u00b0 : La section Foot Fauteuil Electrique d'Handisport Lyonnais pr\u00eate pour le championnat","robots":{"index":"index","follow":"follow","max-snippet":"max-snippet:-1","max-image-preview":"max-image-preview:large","max-video-preview":"max-video-preview:-1"},"canonical":"https:\/\/newsestlyonnais.fr\/site\/2017\/10\/19\/lyon-8-handisport-lyonnais-la-section-foot-fauteuil-electrique-prete-pour-le-championnat\/","og_locale":"fr_FR","og_type":"article","og_title":"LYON 8\u00b0 : La section Foot Fauteuil Electrique d'Handisport Lyonnais pr\u00eate pour le championnat","og_description":"LYON 8\u00b0 : La section Foot Fauteuil Electrique d'Handisport Lyonnais pr\u00eate pour le championnat","og_url":"https:\/\/newsestlyonnais.fr\/site\/2017\/10\/19\/lyon-8-handisport-lyonnais-la-section-foot-fauteuil-electrique-prete-pour-le-championnat\/","og_site_name":"News Est Lyonnais","article_author":"https:\/\/www.facebook.com\/pascal.oberson.1?fref=ts","article_published_time":"2017-10-19T17:20:38+00:00","article_modified_time":"2020-10-27T05:41:39+00:00","og_image":[{"width":1000,"height":563,"url":"https:\/\/newsestlyonnais.fr\/site\/wp-content\/uploads\/2017\/10\/NEWSESTLYONNAIS-HANDISPORT-FAUTEUIL-FOOT-1000x563.jpg","type":"image\/jpeg"}],"author":"R\u00e9dac. NEWS","twitter_card":"summary_large_image","twitter_misc":{"\u00c9crit par":"R\u00e9dac. NEWS","Dur\u00e9e de lecture estim\u00e9e":"2 minutes"},"schema":{"@context":"https:\/\/schema.org","@graph":[{"@type":"Article","@id":"https:\/\/newsestlyonnais.fr\/site\/2017\/10\/19\/lyon-8-handisport-lyonnais-la-section-foot-fauteuil-electrique-prete-pour-le-championnat\/#article","isPartOf":{"@id":"https:\/\/newsestlyonnais.fr\/site\/2017\/10\/19\/lyon-8-handisport-lyonnais-la-section-foot-fauteuil-electrique-prete-pour-le-championnat\/"},"author":{"name":"R\u00e9dac. NEWS","@id":"https:\/\/newsestlyonnais.fr\/site\/#\/schema\/person\/3230d5615f390bb808365d673001e887"},"headline":"LYON 8 | Handisport Lyonnais > la section Foot Fauteuil Electrique pr\u00eate pour le championnat","datePublished":"2017-10-19T17:20:38+00:00","dateModified":"2020-10-27T05:41:39+00:00","mainEntityOfPage":{"@id":"https:\/\/newsestlyonnais.fr\/site\/2017\/10\/19\/lyon-8-handisport-lyonnais-la-section-foot-fauteuil-electrique-prete-pour-le-championnat\/"},"wordCount":382,"commentCount":0,"publisher":{"@id":"https:\/\/newsestlyonnais.fr\/site\/#organization"},"image":{"@id":"https:\/\/newsestlyonnais.fr\/site\/2017\/10\/19\/lyon-8-handisport-lyonnais-la-section-foot-fauteuil-electrique-prete-pour-le-championnat\/#primaryimage"},"thumbnailUrl":"https:\/\/newsestlyonnais.fr\/site\/wp-content\/uploads\/2017\/10\/NEWSESTLYONNAIS-HANDISPORT-FAUTEUIL-FOOT.jpg","articleSection":["Divers Sports","Foot | Futsal","Foot | Rugby","Handi &amp; adapt\u00e9","Lyon"],"inLanguage":"fr-FR","potentialAction":[{"@type":"CommentAction","name":"Comment","target":["https:\/\/newsestlyonnais.fr\/site\/2017\/10\/19\/lyon-8-handisport-lyonnais-la-section-foot-fauteuil-electrique-prete-pour-le-championnat\/#respond"]}]},{"@type":"WebPage","@id":"https:\/\/newsestlyonnais.fr\/site\/2017\/10\/19\/lyon-8-handisport-lyonnais-la-section-foot-fauteuil-electrique-prete-pour-le-championnat\/","url":"https:\/\/newsestlyonnais.fr\/site\/2017\/10\/19\/lyon-8-handisport-lyonnais-la-section-foot-fauteuil-electrique-prete-pour-le-championnat\/","name":"LYON 8\u00b0 : La section Foot Fauteuil Electrique d'Handisport Lyonnais pr\u00eate pour le championnat","isPartOf":{"@id":"https:\/\/newsestlyonnais.fr\/site\/#website"},"primaryImageOfPage":{"@id":"https:\/\/newsestlyonnais.fr\/site\/2017\/10\/19\/lyon-8-handisport-lyonnais-la-section-foot-fauteuil-electrique-prete-pour-le-championnat\/#primaryimage"},"image":{"@id":"https:\/\/newsestlyonnais.fr\/site\/2017\/10\/19\/lyon-8-handisport-lyonnais-la-section-foot-fauteuil-electrique-prete-pour-le-championnat\/#primaryimage"},"thumbnailUrl":"https:\/\/newsestlyonnais.fr\/site\/wp-content\/uploads\/2017\/10\/NEWSESTLYONNAIS-HANDISPORT-FAUTEUIL-FOOT.jpg","datePublished":"2017-10-19T17:20:38+00:00","dateModified":"2020-10-27T05:41:39+00:00","description":"LYON 8\u00b0 : La section Foot Fauteuil Electrique d'Handisport Lyonnais pr\u00eate pour le championnat","breadcrumb":{"@id":"https:\/\/newsestlyonnais.fr\/site\/2017\/10\/19\/lyon-8-handisport-lyonnais-la-section-foot-fauteuil-electrique-prete-pour-le-championnat\/#breadcrumb"},"inLanguage":"fr-FR","potentialAction":[{"@type":"ReadAction","target":["https:\/\/newsestlyonnais.fr\/site\/2017\/10\/19\/lyon-8-handisport-lyonnais-la-section-foot-fauteuil-electrique-prete-pour-le-championnat\/"]}]},{"@type":"ImageObject","inLanguage":"fr-FR","@id":"https:\/\/newsestlyonnais.fr\/site\/2017\/10\/19\/lyon-8-handisport-lyonnais-la-section-foot-fauteuil-electrique-prete-pour-le-championnat\/#primaryimage","url":"https:\/\/newsestlyonnais.fr\/site\/wp-content\/uploads\/2017\/10\/NEWSESTLYONNAIS-HANDISPORT-FAUTEUIL-FOOT.jpg","contentUrl":"https:\/\/newsestlyonnais.fr\/site\/wp-content\/uploads\/2017\/10\/NEWSESTLYONNAIS-HANDISPORT-FAUTEUIL-FOOT.jpg","width":4608,"height":2592,"caption":"NEWSESTLYONNAIS - HANDISPORT FAUTEUIL FOOT"},{"@type":"BreadcrumbList","@id":"https:\/\/newsestlyonnais.fr\/site\/2017\/10\/19\/lyon-8-handisport-lyonnais-la-section-foot-fauteuil-electrique-prete-pour-le-championnat\/#breadcrumb","itemListElement":[{"@type":"ListItem","position":1,"name":"Accueil","item":"https:\/\/newsestlyonnais.fr\/site\/"},{"@type":"ListItem","position":2,"name":"LYON 8 | Handisport Lyonnais > la section Foot Fauteuil Electrique pr\u00eate pour le championnat"}]},{"@type":"WebSite","@id":"https:\/\/newsestlyonnais.fr\/site\/#website","url":"https:\/\/newsestlyonnais.fr\/site\/","name":"News Est Lyonnais","description":"L&#039;actualit\u00e9 au plus pr\u00e8s","publisher":{"@id":"https:\/\/newsestlyonnais.fr\/site\/#organization"},"potentialAction":[{"@type":"SearchAction","target":{"@type":"EntryPoint","urlTemplate":"https:\/\/newsestlyonnais.fr\/site\/?s={search_term_string}"},"query-input":{"@type":"PropertyValueSpecification","valueRequired":true,"valueName":"search_term_string"}}],"inLanguage":"fr-FR"},{"@type":"Organization","@id":"https:\/\/newsestlyonnais.fr\/site\/#organization","name":"News EST LYONNAIS","url":"https:\/\/newsestlyonnais.fr\/site\/","logo":{"@type":"ImageObject","inLanguage":"fr-FR","@id":"https:\/\/newsestlyonnais.fr\/site\/#\/schema\/logo\/image\/","url":"","contentUrl":"","caption":"News EST LYONNAIS"},"image":{"@id":"https:\/\/newsestlyonnais.fr\/site\/#\/schema\/logo\/image\/"}},{"@type":"Person","@id":"https:\/\/newsestlyonnais.fr\/site\/#\/schema\/person\/3230d5615f390bb808365d673001e887","name":"R\u00e9dac. NEWS","sameAs":["http:\/\/www.newsestlyonnais.fr","https:\/\/www.facebook.com\/pascal.oberson.1?fref=ts","https:\/\/fr.linkedin.com\/in\/pascal-oberson-b17045113"],"url":"https:\/\/newsestlyonnais.fr\/site\/author\/nel\/"}]}},"_links":{"self":[{"href":"https:\/\/newsestlyonnais.fr\/site\/wp-json\/wp\/v2\/posts\/36855","targetHints":{"allow":["GET"]}}],"collection":[{"href":"https:\/\/newsestlyonnais.fr\/site\/wp-json\/wp\/v2\/posts"}],"about":[{"href":"https:\/\/newsestlyonnais.fr\/site\/wp-json\/wp\/v2\/types\/post"}],"author":[{"embeddable":true,"href":"https:\/\/newsestlyonnais.fr\/site\/wp-json\/wp\/v2\/users\/4"}],"replies":[{"embeddable":true,"href":"https:\/\/newsestlyonnais.fr\/site\/wp-json\/wp\/v2\/comments?post=36855"}],"version-history":[{"count":0,"href":"https:\/\/newsestlyonnais.fr\/site\/wp-json\/wp\/v2\/posts\/36855\/revisions"}],"wp:featuredmedia":[{"embeddable":true,"href":"https:\/\/newsestlyonnais.fr\/site\/wp-json\/wp\/v2\/media\/36858"}],"wp:attachment":[{"href":"https:\/\/newsestlyonnais.fr\/site\/wp-json\/wp\/v2\/media?parent=36855"}],"wp:term":[{"taxonomy":"category","embeddable":true,"href":"https:\/\/newsestlyonnais.fr\/site\/wp-json\/wp\/v2\/categories?post=36855"},{"taxonomy":"post_tag","embeddable":true,"href":"https:\/\/newsestlyonnais.fr\/site\/wp-json\/wp\/v2\/tags?post=36855"}],"curies":[{"name":"wp","href":"https:\/\/api.w.org\/{rel}","templated":true}]}}