{"id":37097,"date":"2017-10-24T07:57:48","date_gmt":"2017-10-24T06:57:48","guid":{"rendered":"http:\/\/newsestlyonnais.fr\/site\/?p=37097"},"modified":"2020-11-20T13:23:07","modified_gmt":"2020-11-20T12:23:07","slug":"vaulx-en-velin-15-equipages-au-challenge-dautomne-de-voile-du-club-nautique","status":"publish","type":"post","link":"https:\/\/newsestlyonnais.fr\/site\/2017\/10\/24\/vaulx-en-velin-15-equipages-au-challenge-dautomne-de-voile-du-club-nautique\/","title":{"rendered":"VAULX-EN-VELIN | 15 \u00e9quipages au Challenge d&rsquo;Automne de Voile du Club Nautique"},"content":{"rendered":"<div>\n<h4>Le week-end des 21 et 22 octobre, le Club Nautique de Vaulx en Velin, section voile de la MJC,\u00a0 organisait le Challenge d\u2019 Automne (r\u00e9gate de voiliers habitables).<\/h4>\n<p>Retrouvez le compte-rendu de cette r\u00e9gate, qui a rassembl\u00e9 15 \u00e9quipages issus des principaux clubs de l&rsquo;Est Lyonnais et r\u00e9dig\u00e9 par un dirigeant du C.N.V.V.<\/p>\n<\/div>\n<p>\u00a0\u00bb Un Challenge d\u2019Automne qui a tenu ses promesses avec 3 g\u00e9n\u00e9rations de Novak sur le podium ! C\u2019\u00e9tait le dernier week-end de l\u2019\u00e9t\u00e9 indien. Le samedi fut chaud avec un vent de sud puis d\u2019ouest et se termina sous les grains. Le dimanche beaucoup plus frais et ensoleill\u00e9 avec un vent du nord , nord ouest. L\u2019automne est install\u00e9 !<\/p>\n<p>Malgr\u00e9 des vents instables en direction, le comit\u00e9, pr\u00e9sid\u00e9 par Alain Bertholon, a envoy\u00e9 3 courses le samedi et 3 autres le dimanche. De l\u2019avis des concurrents, ce f\u00fbt une belle r\u00e9gate.<br \/>\nF\u00e9licitations \u00e0 <em><strong>Herv\u00e9 Boutin (CVLM) et Michel Durocher (Brigantine YC)<\/strong><\/em> qui remportent ce Challenge sur Pesk Aour, un corsaire bois mani\u00e9 de mains de maitre.<br \/>\n<span style=\"text-decoration: underline\">La section voile de la MJC place 2 bateaux sur le podium<\/span> :<\/p>\n<ul>\n<li>2\u00b0: Paille en Queue (Neptune 5.50) avec Eug\u00e8ne Novak et Christophe Mondi\u00e8re.<\/li>\n<li>3\u00b0 : Epsilon (Neptune 5.50) avec Herv\u00e9 Novak et son fils Bastien<\/li>\n<\/ul>\n<p><img loading=\"lazy\" decoding=\"async\" class=\"alignleft size-full wp-image-23750\" src=\"https:\/\/newsestlyonnais.fr\/site\/medias\/2017\/03\/NEWSESTLYONNAIS-MICRO.png\" alt=\"NEWSESTLYONNAIS MICRO\" width=\"250\" height=\"150\" \/>Pierre Bertocchi (pr\u00e9sident du CNVV) confiait \u00e0 l&rsquo;issue de la comp\u00e9tition :\u00a0\u00bbUn grand merci \u00e0 tous les b\u00e9n\u00e9voles du club pour l\u2019organisation de cette r\u00e9gate, surtout les nouveaux adh\u00e9rents qui se sont beaucoup impliqu\u00e9s et \u00e0 nos \u00e9pouses sans qui l\u2019organisation \u00e0 terre aurait \u00e9t\u00e9 impossible (inscriptions, r\u00e9sultats, et surtout repas des \u00e9quipages) !\u00a0\u00bb<\/p>\n<p>Retrouvez l&rsquo;ACTU du club sur: <a href=\"http:\/\/www.cnvv.fr\" target=\"_blank\" rel=\"noopener noreferrer\">http:\/\/www.cnvv.fr<\/a><\/p>\n<p>NOTA: Le CNVV organise le dimanche 5 novembre, une r\u00e9gate de voile radio-command\u00e9e (affiche ci-dessous).<\/p>\n<div id='gallery-1' class='gallery galleryid-37097 gallery-columns-3 gallery-size-thumbnail'><figure class='gallery-item'>\n\t\t\t<div class='gallery-icon landscape'>\n\t\t\t\t<a href='https:\/\/newsestlyonnais.fr\/site\/2017\/10\/24\/vaulx-en-velin-15-equipages-au-challenge-dautomne-de-voile-du-club-nautique\/newsestlyonnais-regate-voile-oct-2017\/'><img loading=\"lazy\" decoding=\"async\" width=\"150\" height=\"150\" src=\"https:\/\/newsestlyonnais.fr\/site\/wp-content\/uploads\/2017\/10\/NEWSESTLYONNAIS-REGATE-VOILE-OCT-2017-150x150.png\" class=\"attachment-thumbnail size-thumbnail\" alt=\"NEWSESTLYONNAIS - REGATE VOILE OCT 2017\" \/><\/a>\n\t\t\t<\/div><\/figure><figure class='gallery-item'>\n\t\t\t<div class='gallery-icon landscape'>\n\t\t\t\t<a href='https:\/\/newsestlyonnais.fr\/site\/2017\/10\/24\/vaulx-en-velin-15-equipages-au-challenge-dautomne-de-voile-du-club-nautique\/newsestlyonnais-regate-voile-vaulx\/'><img loading=\"lazy\" decoding=\"async\" width=\"150\" height=\"150\" src=\"https:\/\/newsestlyonnais.fr\/site\/wp-content\/uploads\/2017\/10\/NEWSESTLYONNAIS-REGATE-VOILE-VAULX-150x150.png\" class=\"attachment-thumbnail size-thumbnail\" alt=\"NEWSESTLYONNAIS - REGATE VOILE VAULX\" \/><\/a>\n\t\t\t<\/div><\/figure><figure class='gallery-item'>\n\t\t\t<div class='gallery-icon landscape'>\n\t\t\t\t<a href='https:\/\/newsestlyonnais.fr\/site\/2017\/10\/24\/vaulx-en-velin-15-equipages-au-challenge-dautomne-de-voile-du-club-nautique\/newsestlyonnais-affiche-vrc-nov-2017\/'><img loading=\"lazy\" decoding=\"async\" width=\"150\" height=\"150\" src=\"https:\/\/newsestlyonnais.fr\/site\/wp-content\/uploads\/2017\/10\/NEWSESTLYONNAIS-affiche-vrc-nov-2017-150x150.jpg\" class=\"attachment-thumbnail size-thumbnail\" alt=\"NEWSESTLYONNAIS affiche vrc nov 2017\" \/><\/a>\n\t\t\t<\/div><\/figure>\n\t\t<\/div>\n\n","protected":false},"excerpt":{"rendered":"<p>Le week-end des 21 et 22 octobre, le Club Nautique de Vaulx en Velin, section voile de la MJC,\u00a0 organisait le Challenge d\u2019 Automne (r\u00e9gate de voiliers habitables). Retrouvez le compte-rendu de cette r\u00e9gate, qui a rassembl\u00e9 15 \u00e9quipages issus des principaux clubs de l&rsquo;Est Lyonnais et r\u00e9dig\u00e9 par un dirigeant du C.N.V.V. \u00a0\u00bb Un [&hellip;]<\/p>\n","protected":false},"author":4,"featured_media":37111,"comment_status":"open","ping_status":"open","sticky":false,"template":"","format":"standard","meta":{"footnotes":""},"categories":[3443,2973,3003,28,1349],"tags":[],"class_list":["post-37097","post","type-post","status-publish","format-standard","has-post-thumbnail","hentry","category-aviation-nautisme","category-aviron-kayak-voile-sports","category-bibliotheque-mediatheque-mjc","category-vaulx-en-velin","category-voile"],"yoast_head":"<!-- This site is optimized with the Yoast SEO plugin v27.2 - https:\/\/yoast.com\/product\/yoast-seo-wordpress\/ -->\n<title>VAULX EN VELIN: 15 \u00e9quipages au Challenge d&#039;Automne de Voile du Club Nautique<\/title>\n<meta name=\"description\" content=\"VAULX EN VELIN: 15 \u00e9quipages au Challenge d&#039;Automne de Voile du Club Nautique\" \/>\n<meta name=\"robots\" content=\"index, follow, max-snippet:-1, max-image-preview:large, max-video-preview:-1\" \/>\n<link rel=\"canonical\" href=\"https:\/\/newsestlyonnais.fr\/site\/2017\/10\/24\/vaulx-en-velin-15-equipages-au-challenge-dautomne-de-voile-du-club-nautique\/\" \/>\n<meta property=\"og:locale\" content=\"fr_FR\" \/>\n<meta property=\"og:type\" content=\"article\" \/>\n<meta property=\"og:title\" content=\"VAULX EN VELIN: 15 \u00e9quipages au Challenge d&#039;Automne de Voile du Club Nautique\" \/>\n<meta property=\"og:description\" content=\"VAULX EN VELIN: 15 \u00e9quipages au Challenge d&#039;Automne de Voile du Club Nautique\" \/>\n<meta property=\"og:url\" content=\"https:\/\/newsestlyonnais.fr\/site\/2017\/10\/24\/vaulx-en-velin-15-equipages-au-challenge-dautomne-de-voile-du-club-nautique\/\" \/>\n<meta property=\"og:site_name\" content=\"News Est Lyonnais\" \/>\n<meta property=\"article:author\" content=\"https:\/\/www.facebook.com\/pascal.oberson.1?fref=ts\" \/>\n<meta property=\"article:published_time\" content=\"2017-10-24T06:57:48+00:00\" \/>\n<meta property=\"article:modified_time\" content=\"2020-11-20T12:23:07+00:00\" \/>\n<meta property=\"og:image\" content=\"https:\/\/i1.wp.com\/newsestlyonnais.fr\/site\/wp-content\/uploads\/2017\/10\/NEWSESTLYONNAIS-CHAL-automne-voile.jpg?fit=1024%2C768&ssl=1\" \/>\n\t<meta property=\"og:image:width\" content=\"1024\" \/>\n\t<meta property=\"og:image:height\" content=\"768\" \/>\n\t<meta property=\"og:image:type\" content=\"image\/jpeg\" \/>\n<meta name=\"author\" content=\"R\u00e9dac. NEWS\" \/>\n<meta name=\"twitter:card\" content=\"summary_large_image\" \/>\n<meta name=\"twitter:label1\" content=\"\u00c9crit par\" \/>\n\t<meta name=\"twitter:data1\" content=\"R\u00e9dac. NEWS\" \/>\n\t<meta name=\"twitter:label2\" content=\"Dur\u00e9e de lecture estim\u00e9e\" \/>\n\t<meta name=\"twitter:data2\" content=\"1 minute\" \/>\n<script type=\"application\/ld+json\" class=\"yoast-schema-graph\">{\"@context\":\"https:\/\/schema.org\",\"@graph\":[{\"@type\":\"Article\",\"@id\":\"https:\/\/newsestlyonnais.fr\/site\/2017\/10\/24\/vaulx-en-velin-15-equipages-au-challenge-dautomne-de-voile-du-club-nautique\/#article\",\"isPartOf\":{\"@id\":\"https:\/\/newsestlyonnais.fr\/site\/2017\/10\/24\/vaulx-en-velin-15-equipages-au-challenge-dautomne-de-voile-du-club-nautique\/\"},\"author\":{\"name\":\"R\u00e9dac. NEWS\",\"@id\":\"https:\/\/newsestlyonnais.fr\/site\/#\/schema\/person\/3230d5615f390bb808365d673001e887\"},\"headline\":\"VAULX-EN-VELIN | 15 \u00e9quipages au Challenge d&rsquo;Automne de Voile du Club Nautique\",\"datePublished\":\"2017-10-24T06:57:48+00:00\",\"dateModified\":\"2020-11-20T12:23:07+00:00\",\"mainEntityOfPage\":{\"@id\":\"https:\/\/newsestlyonnais.fr\/site\/2017\/10\/24\/vaulx-en-velin-15-equipages-au-challenge-dautomne-de-voile-du-club-nautique\/\"},\"wordCount\":312,\"commentCount\":0,\"publisher\":{\"@id\":\"https:\/\/newsestlyonnais.fr\/site\/#organization\"},\"image\":{\"@id\":\"https:\/\/newsestlyonnais.fr\/site\/2017\/10\/24\/vaulx-en-velin-15-equipages-au-challenge-dautomne-de-voile-du-club-nautique\/#primaryimage\"},\"thumbnailUrl\":\"https:\/\/newsestlyonnais.fr\/site\/wp-content\/uploads\/2017\/10\/NEWSESTLYONNAIS-CHAL-automne-voile.jpg\",\"articleSection\":[\"Aviation | Nautisme\",\"Aviron | Kayak | Voile\",\"Biblioth\u00e8que | M\u00e9diath\u00e8que | MJC\",\"Vaulx-en-Velin\",\"Voile\"],\"inLanguage\":\"fr-FR\",\"potentialAction\":[{\"@type\":\"CommentAction\",\"name\":\"Comment\",\"target\":[\"https:\/\/newsestlyonnais.fr\/site\/2017\/10\/24\/vaulx-en-velin-15-equipages-au-challenge-dautomne-de-voile-du-club-nautique\/#respond\"]}]},{\"@type\":\"WebPage\",\"@id\":\"https:\/\/newsestlyonnais.fr\/site\/2017\/10\/24\/vaulx-en-velin-15-equipages-au-challenge-dautomne-de-voile-du-club-nautique\/\",\"url\":\"https:\/\/newsestlyonnais.fr\/site\/2017\/10\/24\/vaulx-en-velin-15-equipages-au-challenge-dautomne-de-voile-du-club-nautique\/\",\"name\":\"VAULX EN VELIN: 15 \u00e9quipages au Challenge d'Automne de Voile du Club Nautique\",\"isPartOf\":{\"@id\":\"https:\/\/newsestlyonnais.fr\/site\/#website\"},\"primaryImageOfPage\":{\"@id\":\"https:\/\/newsestlyonnais.fr\/site\/2017\/10\/24\/vaulx-en-velin-15-equipages-au-challenge-dautomne-de-voile-du-club-nautique\/#primaryimage\"},\"image\":{\"@id\":\"https:\/\/newsestlyonnais.fr\/site\/2017\/10\/24\/vaulx-en-velin-15-equipages-au-challenge-dautomne-de-voile-du-club-nautique\/#primaryimage\"},\"thumbnailUrl\":\"https:\/\/newsestlyonnais.fr\/site\/wp-content\/uploads\/2017\/10\/NEWSESTLYONNAIS-CHAL-automne-voile.jpg\",\"datePublished\":\"2017-10-24T06:57:48+00:00\",\"dateModified\":\"2020-11-20T12:23:07+00:00\",\"description\":\"VAULX EN VELIN: 15 \u00e9quipages au Challenge d'Automne de Voile du Club Nautique\",\"breadcrumb\":{\"@id\":\"https:\/\/newsestlyonnais.fr\/site\/2017\/10\/24\/vaulx-en-velin-15-equipages-au-challenge-dautomne-de-voile-du-club-nautique\/#breadcrumb\"},\"inLanguage\":\"fr-FR\",\"potentialAction\":[{\"@type\":\"ReadAction\",\"target\":[\"https:\/\/newsestlyonnais.fr\/site\/2017\/10\/24\/vaulx-en-velin-15-equipages-au-challenge-dautomne-de-voile-du-club-nautique\/\"]}]},{\"@type\":\"ImageObject\",\"inLanguage\":\"fr-FR\",\"@id\":\"https:\/\/newsestlyonnais.fr\/site\/2017\/10\/24\/vaulx-en-velin-15-equipages-au-challenge-dautomne-de-voile-du-club-nautique\/#primaryimage\",\"url\":\"https:\/\/newsestlyonnais.fr\/site\/wp-content\/uploads\/2017\/10\/NEWSESTLYONNAIS-CHAL-automne-voile.jpg\",\"contentUrl\":\"https:\/\/newsestlyonnais.fr\/site\/wp-content\/uploads\/2017\/10\/NEWSESTLYONNAIS-CHAL-automne-voile.jpg\",\"width\":1024,\"height\":768,\"caption\":\"NEWSESTLYONNAIS - CHAL automne voile\"},{\"@type\":\"BreadcrumbList\",\"@id\":\"https:\/\/newsestlyonnais.fr\/site\/2017\/10\/24\/vaulx-en-velin-15-equipages-au-challenge-dautomne-de-voile-du-club-nautique\/#breadcrumb\",\"itemListElement\":[{\"@type\":\"ListItem\",\"position\":1,\"name\":\"Accueil\",\"item\":\"https:\/\/newsestlyonnais.fr\/site\/\"},{\"@type\":\"ListItem\",\"position\":2,\"name\":\"VAULX-EN-VELIN | 15 \u00e9quipages au Challenge d&rsquo;Automne de Voile du Club Nautique\"}]},{\"@type\":\"WebSite\",\"@id\":\"https:\/\/newsestlyonnais.fr\/site\/#website\",\"url\":\"https:\/\/newsestlyonnais.fr\/site\/\",\"name\":\"News Est Lyonnais\",\"description\":\"L&#039;actualit\u00e9 au plus pr\u00e8s\",\"publisher\":{\"@id\":\"https:\/\/newsestlyonnais.fr\/site\/#organization\"},\"potentialAction\":[{\"@type\":\"SearchAction\",\"target\":{\"@type\":\"EntryPoint\",\"urlTemplate\":\"https:\/\/newsestlyonnais.fr\/site\/?s={search_term_string}\"},\"query-input\":{\"@type\":\"PropertyValueSpecification\",\"valueRequired\":true,\"valueName\":\"search_term_string\"}}],\"inLanguage\":\"fr-FR\"},{\"@type\":\"Organization\",\"@id\":\"https:\/\/newsestlyonnais.fr\/site\/#organization\",\"name\":\"News EST LYONNAIS\",\"url\":\"https:\/\/newsestlyonnais.fr\/site\/\",\"logo\":{\"@type\":\"ImageObject\",\"inLanguage\":\"fr-FR\",\"@id\":\"https:\/\/newsestlyonnais.fr\/site\/#\/schema\/logo\/image\/\",\"url\":\"\",\"contentUrl\":\"\",\"caption\":\"News EST LYONNAIS\"},\"image\":{\"@id\":\"https:\/\/newsestlyonnais.fr\/site\/#\/schema\/logo\/image\/\"}},{\"@type\":\"Person\",\"@id\":\"https:\/\/newsestlyonnais.fr\/site\/#\/schema\/person\/3230d5615f390bb808365d673001e887\",\"name\":\"R\u00e9dac. NEWS\",\"sameAs\":[\"http:\/\/www.newsestlyonnais.fr\",\"https:\/\/www.facebook.com\/pascal.oberson.1?fref=ts\",\"https:\/\/fr.linkedin.com\/in\/pascal-oberson-b17045113\"],\"url\":\"https:\/\/newsestlyonnais.fr\/site\/author\/nel\/\"}]}<\/script>\n<!-- \/ Yoast SEO plugin. -->","yoast_head_json":{"title":"VAULX EN VELIN: 15 \u00e9quipages au Challenge d'Automne de Voile du Club Nautique","description":"VAULX EN VELIN: 15 \u00e9quipages au Challenge d'Automne de Voile du Club Nautique","robots":{"index":"index","follow":"follow","max-snippet":"max-snippet:-1","max-image-preview":"max-image-preview:large","max-video-preview":"max-video-preview:-1"},"canonical":"https:\/\/newsestlyonnais.fr\/site\/2017\/10\/24\/vaulx-en-velin-15-equipages-au-challenge-dautomne-de-voile-du-club-nautique\/","og_locale":"fr_FR","og_type":"article","og_title":"VAULX EN VELIN: 15 \u00e9quipages au Challenge d'Automne de Voile du Club Nautique","og_description":"VAULX EN VELIN: 15 \u00e9quipages au Challenge d'Automne de Voile du Club Nautique","og_url":"https:\/\/newsestlyonnais.fr\/site\/2017\/10\/24\/vaulx-en-velin-15-equipages-au-challenge-dautomne-de-voile-du-club-nautique\/","og_site_name":"News Est Lyonnais","article_author":"https:\/\/www.facebook.com\/pascal.oberson.1?fref=ts","article_published_time":"2017-10-24T06:57:48+00:00","article_modified_time":"2020-11-20T12:23:07+00:00","og_image":[{"width":1024,"height":768,"url":"https:\/\/i1.wp.com\/newsestlyonnais.fr\/site\/wp-content\/uploads\/2017\/10\/NEWSESTLYONNAIS-CHAL-automne-voile.jpg?fit=1024%2C768&ssl=1","type":"image\/jpeg"}],"author":"R\u00e9dac. NEWS","twitter_card":"summary_large_image","twitter_misc":{"\u00c9crit par":"R\u00e9dac. NEWS","Dur\u00e9e de lecture estim\u00e9e":"1 minute"},"schema":{"@context":"https:\/\/schema.org","@graph":[{"@type":"Article","@id":"https:\/\/newsestlyonnais.fr\/site\/2017\/10\/24\/vaulx-en-velin-15-equipages-au-challenge-dautomne-de-voile-du-club-nautique\/#article","isPartOf":{"@id":"https:\/\/newsestlyonnais.fr\/site\/2017\/10\/24\/vaulx-en-velin-15-equipages-au-challenge-dautomne-de-voile-du-club-nautique\/"},"author":{"name":"R\u00e9dac. NEWS","@id":"https:\/\/newsestlyonnais.fr\/site\/#\/schema\/person\/3230d5615f390bb808365d673001e887"},"headline":"VAULX-EN-VELIN | 15 \u00e9quipages au Challenge d&rsquo;Automne de Voile du Club Nautique","datePublished":"2017-10-24T06:57:48+00:00","dateModified":"2020-11-20T12:23:07+00:00","mainEntityOfPage":{"@id":"https:\/\/newsestlyonnais.fr\/site\/2017\/10\/24\/vaulx-en-velin-15-equipages-au-challenge-dautomne-de-voile-du-club-nautique\/"},"wordCount":312,"commentCount":0,"publisher":{"@id":"https:\/\/newsestlyonnais.fr\/site\/#organization"},"image":{"@id":"https:\/\/newsestlyonnais.fr\/site\/2017\/10\/24\/vaulx-en-velin-15-equipages-au-challenge-dautomne-de-voile-du-club-nautique\/#primaryimage"},"thumbnailUrl":"https:\/\/newsestlyonnais.fr\/site\/wp-content\/uploads\/2017\/10\/NEWSESTLYONNAIS-CHAL-automne-voile.jpg","articleSection":["Aviation | Nautisme","Aviron | Kayak | Voile","Biblioth\u00e8que | M\u00e9diath\u00e8que | MJC","Vaulx-en-Velin","Voile"],"inLanguage":"fr-FR","potentialAction":[{"@type":"CommentAction","name":"Comment","target":["https:\/\/newsestlyonnais.fr\/site\/2017\/10\/24\/vaulx-en-velin-15-equipages-au-challenge-dautomne-de-voile-du-club-nautique\/#respond"]}]},{"@type":"WebPage","@id":"https:\/\/newsestlyonnais.fr\/site\/2017\/10\/24\/vaulx-en-velin-15-equipages-au-challenge-dautomne-de-voile-du-club-nautique\/","url":"https:\/\/newsestlyonnais.fr\/site\/2017\/10\/24\/vaulx-en-velin-15-equipages-au-challenge-dautomne-de-voile-du-club-nautique\/","name":"VAULX EN VELIN: 15 \u00e9quipages au Challenge d'Automne de Voile du Club Nautique","isPartOf":{"@id":"https:\/\/newsestlyonnais.fr\/site\/#website"},"primaryImageOfPage":{"@id":"https:\/\/newsestlyonnais.fr\/site\/2017\/10\/24\/vaulx-en-velin-15-equipages-au-challenge-dautomne-de-voile-du-club-nautique\/#primaryimage"},"image":{"@id":"https:\/\/newsestlyonnais.fr\/site\/2017\/10\/24\/vaulx-en-velin-15-equipages-au-challenge-dautomne-de-voile-du-club-nautique\/#primaryimage"},"thumbnailUrl":"https:\/\/newsestlyonnais.fr\/site\/wp-content\/uploads\/2017\/10\/NEWSESTLYONNAIS-CHAL-automne-voile.jpg","datePublished":"2017-10-24T06:57:48+00:00","dateModified":"2020-11-20T12:23:07+00:00","description":"VAULX EN VELIN: 15 \u00e9quipages au Challenge d'Automne de Voile du Club Nautique","breadcrumb":{"@id":"https:\/\/newsestlyonnais.fr\/site\/2017\/10\/24\/vaulx-en-velin-15-equipages-au-challenge-dautomne-de-voile-du-club-nautique\/#breadcrumb"},"inLanguage":"fr-FR","potentialAction":[{"@type":"ReadAction","target":["https:\/\/newsestlyonnais.fr\/site\/2017\/10\/24\/vaulx-en-velin-15-equipages-au-challenge-dautomne-de-voile-du-club-nautique\/"]}]},{"@type":"ImageObject","inLanguage":"fr-FR","@id":"https:\/\/newsestlyonnais.fr\/site\/2017\/10\/24\/vaulx-en-velin-15-equipages-au-challenge-dautomne-de-voile-du-club-nautique\/#primaryimage","url":"https:\/\/newsestlyonnais.fr\/site\/wp-content\/uploads\/2017\/10\/NEWSESTLYONNAIS-CHAL-automne-voile.jpg","contentUrl":"https:\/\/newsestlyonnais.fr\/site\/wp-content\/uploads\/2017\/10\/NEWSESTLYONNAIS-CHAL-automne-voile.jpg","width":1024,"height":768,"caption":"NEWSESTLYONNAIS - CHAL automne voile"},{"@type":"BreadcrumbList","@id":"https:\/\/newsestlyonnais.fr\/site\/2017\/10\/24\/vaulx-en-velin-15-equipages-au-challenge-dautomne-de-voile-du-club-nautique\/#breadcrumb","itemListElement":[{"@type":"ListItem","position":1,"name":"Accueil","item":"https:\/\/newsestlyonnais.fr\/site\/"},{"@type":"ListItem","position":2,"name":"VAULX-EN-VELIN | 15 \u00e9quipages au Challenge d&rsquo;Automne de Voile du Club Nautique"}]},{"@type":"WebSite","@id":"https:\/\/newsestlyonnais.fr\/site\/#website","url":"https:\/\/newsestlyonnais.fr\/site\/","name":"News Est Lyonnais","description":"L&#039;actualit\u00e9 au plus pr\u00e8s","publisher":{"@id":"https:\/\/newsestlyonnais.fr\/site\/#organization"},"potentialAction":[{"@type":"SearchAction","target":{"@type":"EntryPoint","urlTemplate":"https:\/\/newsestlyonnais.fr\/site\/?s={search_term_string}"},"query-input":{"@type":"PropertyValueSpecification","valueRequired":true,"valueName":"search_term_string"}}],"inLanguage":"fr-FR"},{"@type":"Organization","@id":"https:\/\/newsestlyonnais.fr\/site\/#organization","name":"News EST LYONNAIS","url":"https:\/\/newsestlyonnais.fr\/site\/","logo":{"@type":"ImageObject","inLanguage":"fr-FR","@id":"https:\/\/newsestlyonnais.fr\/site\/#\/schema\/logo\/image\/","url":"","contentUrl":"","caption":"News EST LYONNAIS"},"image":{"@id":"https:\/\/newsestlyonnais.fr\/site\/#\/schema\/logo\/image\/"}},{"@type":"Person","@id":"https:\/\/newsestlyonnais.fr\/site\/#\/schema\/person\/3230d5615f390bb808365d673001e887","name":"R\u00e9dac. NEWS","sameAs":["http:\/\/www.newsestlyonnais.fr","https:\/\/www.facebook.com\/pascal.oberson.1?fref=ts","https:\/\/fr.linkedin.com\/in\/pascal-oberson-b17045113"],"url":"https:\/\/newsestlyonnais.fr\/site\/author\/nel\/"}]}},"_links":{"self":[{"href":"https:\/\/newsestlyonnais.fr\/site\/wp-json\/wp\/v2\/posts\/37097","targetHints":{"allow":["GET"]}}],"collection":[{"href":"https:\/\/newsestlyonnais.fr\/site\/wp-json\/wp\/v2\/posts"}],"about":[{"href":"https:\/\/newsestlyonnais.fr\/site\/wp-json\/wp\/v2\/types\/post"}],"author":[{"embeddable":true,"href":"https:\/\/newsestlyonnais.fr\/site\/wp-json\/wp\/v2\/users\/4"}],"replies":[{"embeddable":true,"href":"https:\/\/newsestlyonnais.fr\/site\/wp-json\/wp\/v2\/comments?post=37097"}],"version-history":[{"count":0,"href":"https:\/\/newsestlyonnais.fr\/site\/wp-json\/wp\/v2\/posts\/37097\/revisions"}],"wp:featuredmedia":[{"embeddable":true,"href":"https:\/\/newsestlyonnais.fr\/site\/wp-json\/wp\/v2\/media\/37111"}],"wp:attachment":[{"href":"https:\/\/newsestlyonnais.fr\/site\/wp-json\/wp\/v2\/media?parent=37097"}],"wp:term":[{"taxonomy":"category","embeddable":true,"href":"https:\/\/newsestlyonnais.fr\/site\/wp-json\/wp\/v2\/categories?post=37097"},{"taxonomy":"post_tag","embeddable":true,"href":"https:\/\/newsestlyonnais.fr\/site\/wp-json\/wp\/v2\/tags?post=37097"}],"curies":[{"name":"wp","href":"https:\/\/api.w.org\/{rel}","templated":true}]}}