{"id":37303,"date":"2017-10-27T05:53:09","date_gmt":"2017-10-27T04:53:09","guid":{"rendered":"http:\/\/newsestlyonnais.fr\/site\/?p=37303"},"modified":"2020-10-26T11:28:48","modified_gmt":"2020-10-26T10:28:48","slug":"lyon-handisport-manon-doyelle-vice-championne-de-france-de-marathon","status":"publish","type":"post","link":"https:\/\/newsestlyonnais.fr\/site\/2017\/10\/27\/lyon-handisport-manon-doyelle-vice-championne-de-france-de-marathon\/","title":{"rendered":"LYON | Handisport &gt; Manon Doyelle, vice-championne de France de marathon"},"content":{"rendered":"<p>Elle est en effet devenue vice championne de France (cat\u00e9gorie 54, fauteuil femmes), gr\u00e2ce \u00e0 l&rsquo;<strong>excellent temps r\u00e9alis\u00e9 de 1 h 06&prime; 44<\/strong>, sur la distance des 21.1 kilom\u00e8tres.<\/p>\n<p>Pr\u00e9c\u00e9demment <strong>licenci\u00e9e durant 3 ann\u00e9es, au sein de la section athl\u00e9tisme \u00e0 Handisport Lyonnais<\/strong>, elle a repris cette discipline d\u00e9but octobre 2017 sur le Run In Lyon (10 km en 33&prime; 48), sans pr\u00e9paration et s&rsquo;est ensuite inscrite un peu dans la pr\u00e9cipitation, sur ce championnat de France.<\/p>\n<div id='gallery-1' class='gallery galleryid-37303 gallery-columns-3 gallery-size-thumbnail'><figure class='gallery-item'>\n\t\t\t<div class='gallery-icon landscape'>\n\t\t\t\t<a href='https:\/\/newsestlyonnais.fr\/site\/newsestlyonnais-st-vulbas-cham-handi\/'><img loading=\"lazy\" decoding=\"async\" width=\"150\" height=\"150\" src=\"https:\/\/newsestlyonnais.fr\/site\/wp-content\/uploads\/2017\/10\/NEWSESTLYONNAIS-ST-VULBAS-CHAM-HANDI-150x150.jpg\" class=\"attachment-thumbnail size-thumbnail\" alt=\"NEWSESTLYONNAIS - ST VULBAS CHAM HANDI\" aria-describedby=\"gallery-1-36141\" \/><\/a>\n\t\t\t<\/div>\n\t\t\t\t<figcaption class='wp-caption-text gallery-caption' id='gallery-1-36141'>\n\t\t\t\tL&rsquo;affiche de ce championnat \n\t\t\t\t<\/figcaption><\/figure><figure class='gallery-item'>\n\t\t\t<div class='gallery-icon landscape'>\n\t\t\t\t<a href='https:\/\/newsestlyonnais.fr\/site\/2017\/10\/27\/lyon-handisport-manon-doyelle-vice-championne-de-france-de-marathon\/newsestlyonnais-manon-doyelle-1\/'><img loading=\"lazy\" decoding=\"async\" width=\"150\" height=\"150\" src=\"https:\/\/newsestlyonnais.fr\/site\/wp-content\/uploads\/2017\/10\/NEWSESTLYONNAIS-Manon-Doyelle-1-150x150.jpg\" class=\"attachment-thumbnail size-thumbnail\" alt=\"NEWSESTLYONNAIS Mano\" \/><\/a>\n\t\t\t<\/div><\/figure><figure class='gallery-item'>\n\t\t\t<div class='gallery-icon portrait'>\n\t\t\t\t<a href='https:\/\/newsestlyonnais.fr\/site\/2017\/10\/27\/lyon-handisport-manon-doyelle-vice-championne-de-france-de-marathon\/newsestlyonnais-manon-doyelle-3\/'><img loading=\"lazy\" decoding=\"async\" width=\"150\" height=\"150\" src=\"https:\/\/newsestlyonnais.fr\/site\/wp-content\/uploads\/2017\/10\/NEWSESTLYONNAIS-Manon-Doyelle-3-150x150.jpg\" class=\"attachment-thumbnail size-thumbnail\" alt=\"NEWSESTLYONNAIS Manon Doyelle 3\" \/><\/a>\n\t\t\t<\/div><\/figure><figure class='gallery-item'>\n\t\t\t<div class='gallery-icon landscape'>\n\t\t\t\t<a href='https:\/\/newsestlyonnais.fr\/site\/2017\/10\/27\/lyon-handisport-manon-doyelle-vice-championne-de-france-de-marathon\/newsestlyonnais-manon-doyelle-4\/'><img loading=\"lazy\" decoding=\"async\" width=\"150\" height=\"150\" src=\"https:\/\/newsestlyonnais.fr\/site\/wp-content\/uploads\/2017\/10\/NEWSESTLYONNAIS-Manon-Doyelle-4-150x150.jpg\" class=\"attachment-thumbnail size-thumbnail\" alt=\"NEWSESTLYONNAIS Manon Doyelle 4\" \/><\/a>\n\t\t\t<\/div><\/figure><figure class='gallery-item'>\n\t\t\t<div class='gallery-icon portrait'>\n\t\t\t\t<a href='https:\/\/newsestlyonnais.fr\/site\/2017\/10\/27\/lyon-handisport-manon-doyelle-vice-championne-de-france-de-marathon\/newsestlyonnais-manon-doyelle-5\/'><img loading=\"lazy\" decoding=\"async\" width=\"150\" height=\"150\" src=\"https:\/\/newsestlyonnais.fr\/site\/wp-content\/uploads\/2017\/10\/NEWSESTLYONNAIS-Manon-Doyelle-5-150x150.jpg\" class=\"attachment-thumbnail size-thumbnail\" alt=\"NEWSESTLYONNAIS - Manon Doyelle 5\" \/><\/a>\n\t\t\t<\/div><\/figure>\n\t\t<\/div>\n\n<p>&nbsp;<\/p>\n","protected":false},"excerpt":{"rendered":"<p>De retour \u00e0 la comp\u00e9tition apr\u00e8s 2 ans d&rsquo;arr\u00eat, Manon Doyelle a particip\u00e9 avec brio aux Championnats de France de semi marathon \u00e0 Saint Vulbas (Ain) samedi 21 octobre.<\/p>\n","protected":false},"author":4,"featured_media":37310,"comment_status":"open","ping_status":"open","sticky":false,"template":"","format":"standard","meta":{"footnotes":""},"categories":[156,2968,3421,3015,1625,3250],"tags":[3254],"class_list":["post-37303","post","type-post","status-publish","format-standard","has-post-thumbnail","hentry","category-ain","category-athle-course-pied-marche","category-feminin-actu-au","category-handi-adapte","category-lyon","category-recits-de-course-portraits-interviews","tag-manon-doyelle"],"yoast_head":"<!-- This site is optimized with the Yoast SEO plugin v27.2 - https:\/\/yoast.com\/product\/yoast-seo-wordpress\/ -->\n<title>LYON | Handisport &gt; Manon Doyelle, vice-championne de France de marathon<\/title>\n<meta name=\"description\" content=\"LYON | Handisport &gt; Manon Doyelle, vice-championne de France de marathon\" \/>\n<meta name=\"robots\" content=\"index, follow, max-snippet:-1, max-image-preview:large, max-video-preview:-1\" \/>\n<link rel=\"canonical\" href=\"https:\/\/newsestlyonnais.fr\/site\/2017\/10\/27\/lyon-handisport-manon-doyelle-vice-championne-de-france-de-marathon\/\" \/>\n<meta property=\"og:locale\" content=\"fr_FR\" \/>\n<meta property=\"og:type\" content=\"article\" \/>\n<meta property=\"og:title\" content=\"LYON | Handisport &gt; Manon Doyelle, vice-championne de France de marathon\" \/>\n<meta property=\"og:description\" content=\"LYON | Handisport &gt; Manon Doyelle, vice-championne de France de marathon\" \/>\n<meta property=\"og:url\" content=\"https:\/\/newsestlyonnais.fr\/site\/2017\/10\/27\/lyon-handisport-manon-doyelle-vice-championne-de-france-de-marathon\/\" \/>\n<meta property=\"og:site_name\" content=\"News Est Lyonnais\" \/>\n<meta property=\"article:author\" content=\"https:\/\/www.facebook.com\/pascal.oberson.1?fref=ts\" \/>\n<meta property=\"article:published_time\" content=\"2017-10-27T04:53:09+00:00\" \/>\n<meta property=\"article:modified_time\" content=\"2020-10-26T10:28:48+00:00\" \/>\n<meta property=\"og:image\" content=\"https:\/\/i2.wp.com\/newsestlyonnais.fr\/site\/wp-content\/uploads\/2017\/10\/NEWSESTLYONNAIS-Manon-Doyelle-2.jpg?fit=1500%2C1000&ssl=1\" \/>\n\t<meta property=\"og:image:width\" content=\"1500\" \/>\n\t<meta property=\"og:image:height\" content=\"1000\" \/>\n\t<meta property=\"og:image:type\" content=\"image\/jpeg\" \/>\n<meta name=\"author\" content=\"R\u00e9dac. NEWS\" \/>\n<meta name=\"twitter:card\" content=\"summary_large_image\" \/>\n<meta name=\"twitter:label1\" content=\"\u00c9crit par\" \/>\n\t<meta name=\"twitter:data1\" content=\"R\u00e9dac. NEWS\" \/>\n<script type=\"application\/ld+json\" class=\"yoast-schema-graph\">{\"@context\":\"https:\/\/schema.org\",\"@graph\":[{\"@type\":\"Article\",\"@id\":\"https:\/\/newsestlyonnais.fr\/site\/2017\/10\/27\/lyon-handisport-manon-doyelle-vice-championne-de-france-de-marathon\/#article\",\"isPartOf\":{\"@id\":\"https:\/\/newsestlyonnais.fr\/site\/2017\/10\/27\/lyon-handisport-manon-doyelle-vice-championne-de-france-de-marathon\/\"},\"author\":{\"name\":\"R\u00e9dac. NEWS\",\"@id\":\"https:\/\/newsestlyonnais.fr\/site\/#\/schema\/person\/3230d5615f390bb808365d673001e887\"},\"headline\":\"LYON | Handisport &gt; Manon Doyelle, vice-championne de France de marathon\",\"datePublished\":\"2017-10-27T04:53:09+00:00\",\"dateModified\":\"2020-10-26T10:28:48+00:00\",\"mainEntityOfPage\":{\"@id\":\"https:\/\/newsestlyonnais.fr\/site\/2017\/10\/27\/lyon-handisport-manon-doyelle-vice-championne-de-france-de-marathon\/\"},\"wordCount\":94,\"commentCount\":0,\"publisher\":{\"@id\":\"https:\/\/newsestlyonnais.fr\/site\/#organization\"},\"image\":{\"@id\":\"https:\/\/newsestlyonnais.fr\/site\/2017\/10\/27\/lyon-handisport-manon-doyelle-vice-championne-de-france-de-marathon\/#primaryimage\"},\"thumbnailUrl\":\"https:\/\/newsestlyonnais.fr\/site\/wp-content\/uploads\/2017\/10\/NEWSESTLYONNAIS-Manon-Doyelle-2.jpg\",\"keywords\":[\"Manon Doyelle\"],\"articleSection\":[\"Ain (01)\",\"Athl\u00e9 | Course pied | Marche\",\"F\u00e9minin (Actu au)\",\"Handi &amp; adapt\u00e9\",\"Lyon\",\"R\u00e9cits de course \/ Portraits \/ Interviews\"],\"inLanguage\":\"fr-FR\",\"potentialAction\":[{\"@type\":\"CommentAction\",\"name\":\"Comment\",\"target\":[\"https:\/\/newsestlyonnais.fr\/site\/2017\/10\/27\/lyon-handisport-manon-doyelle-vice-championne-de-france-de-marathon\/#respond\"]}]},{\"@type\":\"WebPage\",\"@id\":\"https:\/\/newsestlyonnais.fr\/site\/2017\/10\/27\/lyon-handisport-manon-doyelle-vice-championne-de-france-de-marathon\/\",\"url\":\"https:\/\/newsestlyonnais.fr\/site\/2017\/10\/27\/lyon-handisport-manon-doyelle-vice-championne-de-france-de-marathon\/\",\"name\":\"LYON | Handisport > Manon Doyelle, vice-championne de France de marathon\",\"isPartOf\":{\"@id\":\"https:\/\/newsestlyonnais.fr\/site\/#website\"},\"primaryImageOfPage\":{\"@id\":\"https:\/\/newsestlyonnais.fr\/site\/2017\/10\/27\/lyon-handisport-manon-doyelle-vice-championne-de-france-de-marathon\/#primaryimage\"},\"image\":{\"@id\":\"https:\/\/newsestlyonnais.fr\/site\/2017\/10\/27\/lyon-handisport-manon-doyelle-vice-championne-de-france-de-marathon\/#primaryimage\"},\"thumbnailUrl\":\"https:\/\/newsestlyonnais.fr\/site\/wp-content\/uploads\/2017\/10\/NEWSESTLYONNAIS-Manon-Doyelle-2.jpg\",\"datePublished\":\"2017-10-27T04:53:09+00:00\",\"dateModified\":\"2020-10-26T10:28:48+00:00\",\"description\":\"LYON | Handisport > Manon Doyelle, vice-championne de France de marathon\",\"breadcrumb\":{\"@id\":\"https:\/\/newsestlyonnais.fr\/site\/2017\/10\/27\/lyon-handisport-manon-doyelle-vice-championne-de-france-de-marathon\/#breadcrumb\"},\"inLanguage\":\"fr-FR\",\"potentialAction\":[{\"@type\":\"ReadAction\",\"target\":[\"https:\/\/newsestlyonnais.fr\/site\/2017\/10\/27\/lyon-handisport-manon-doyelle-vice-championne-de-france-de-marathon\/\"]}]},{\"@type\":\"ImageObject\",\"inLanguage\":\"fr-FR\",\"@id\":\"https:\/\/newsestlyonnais.fr\/site\/2017\/10\/27\/lyon-handisport-manon-doyelle-vice-championne-de-france-de-marathon\/#primaryimage\",\"url\":\"https:\/\/newsestlyonnais.fr\/site\/wp-content\/uploads\/2017\/10\/NEWSESTLYONNAIS-Manon-Doyelle-2.jpg\",\"contentUrl\":\"https:\/\/newsestlyonnais.fr\/site\/wp-content\/uploads\/2017\/10\/NEWSESTLYONNAIS-Manon-Doyelle-2.jpg\",\"width\":1500,\"height\":1000,\"caption\":\"NEWSESTLYONNAIS - Manon Doyelle 2\"},{\"@type\":\"BreadcrumbList\",\"@id\":\"https:\/\/newsestlyonnais.fr\/site\/2017\/10\/27\/lyon-handisport-manon-doyelle-vice-championne-de-france-de-marathon\/#breadcrumb\",\"itemListElement\":[{\"@type\":\"ListItem\",\"position\":1,\"name\":\"Accueil\",\"item\":\"https:\/\/newsestlyonnais.fr\/site\/\"},{\"@type\":\"ListItem\",\"position\":2,\"name\":\"LYON | Handisport &gt; Manon Doyelle, vice-championne de France de marathon\"}]},{\"@type\":\"WebSite\",\"@id\":\"https:\/\/newsestlyonnais.fr\/site\/#website\",\"url\":\"https:\/\/newsestlyonnais.fr\/site\/\",\"name\":\"News Est Lyonnais\",\"description\":\"L&#039;actualit\u00e9 au plus pr\u00e8s\",\"publisher\":{\"@id\":\"https:\/\/newsestlyonnais.fr\/site\/#organization\"},\"potentialAction\":[{\"@type\":\"SearchAction\",\"target\":{\"@type\":\"EntryPoint\",\"urlTemplate\":\"https:\/\/newsestlyonnais.fr\/site\/?s={search_term_string}\"},\"query-input\":{\"@type\":\"PropertyValueSpecification\",\"valueRequired\":true,\"valueName\":\"search_term_string\"}}],\"inLanguage\":\"fr-FR\"},{\"@type\":\"Organization\",\"@id\":\"https:\/\/newsestlyonnais.fr\/site\/#organization\",\"name\":\"News EST LYONNAIS\",\"url\":\"https:\/\/newsestlyonnais.fr\/site\/\",\"logo\":{\"@type\":\"ImageObject\",\"inLanguage\":\"fr-FR\",\"@id\":\"https:\/\/newsestlyonnais.fr\/site\/#\/schema\/logo\/image\/\",\"url\":\"\",\"contentUrl\":\"\",\"caption\":\"News EST LYONNAIS\"},\"image\":{\"@id\":\"https:\/\/newsestlyonnais.fr\/site\/#\/schema\/logo\/image\/\"}},{\"@type\":\"Person\",\"@id\":\"https:\/\/newsestlyonnais.fr\/site\/#\/schema\/person\/3230d5615f390bb808365d673001e887\",\"name\":\"R\u00e9dac. NEWS\",\"sameAs\":[\"http:\/\/www.newsestlyonnais.fr\",\"https:\/\/www.facebook.com\/pascal.oberson.1?fref=ts\",\"https:\/\/fr.linkedin.com\/in\/pascal-oberson-b17045113\"],\"url\":\"https:\/\/newsestlyonnais.fr\/site\/author\/nel\/\"}]}<\/script>\n<!-- \/ Yoast SEO plugin. -->","yoast_head_json":{"title":"LYON | Handisport > Manon Doyelle, vice-championne de France de marathon","description":"LYON | Handisport > Manon Doyelle, vice-championne de France de marathon","robots":{"index":"index","follow":"follow","max-snippet":"max-snippet:-1","max-image-preview":"max-image-preview:large","max-video-preview":"max-video-preview:-1"},"canonical":"https:\/\/newsestlyonnais.fr\/site\/2017\/10\/27\/lyon-handisport-manon-doyelle-vice-championne-de-france-de-marathon\/","og_locale":"fr_FR","og_type":"article","og_title":"LYON | Handisport > Manon Doyelle, vice-championne de France de marathon","og_description":"LYON | Handisport > Manon Doyelle, vice-championne de France de marathon","og_url":"https:\/\/newsestlyonnais.fr\/site\/2017\/10\/27\/lyon-handisport-manon-doyelle-vice-championne-de-france-de-marathon\/","og_site_name":"News Est Lyonnais","article_author":"https:\/\/www.facebook.com\/pascal.oberson.1?fref=ts","article_published_time":"2017-10-27T04:53:09+00:00","article_modified_time":"2020-10-26T10:28:48+00:00","og_image":[{"width":1500,"height":1000,"url":"https:\/\/i2.wp.com\/newsestlyonnais.fr\/site\/wp-content\/uploads\/2017\/10\/NEWSESTLYONNAIS-Manon-Doyelle-2.jpg?fit=1500%2C1000&ssl=1","type":"image\/jpeg"}],"author":"R\u00e9dac. NEWS","twitter_card":"summary_large_image","twitter_misc":{"\u00c9crit par":"R\u00e9dac. NEWS"},"schema":{"@context":"https:\/\/schema.org","@graph":[{"@type":"Article","@id":"https:\/\/newsestlyonnais.fr\/site\/2017\/10\/27\/lyon-handisport-manon-doyelle-vice-championne-de-france-de-marathon\/#article","isPartOf":{"@id":"https:\/\/newsestlyonnais.fr\/site\/2017\/10\/27\/lyon-handisport-manon-doyelle-vice-championne-de-france-de-marathon\/"},"author":{"name":"R\u00e9dac. NEWS","@id":"https:\/\/newsestlyonnais.fr\/site\/#\/schema\/person\/3230d5615f390bb808365d673001e887"},"headline":"LYON | Handisport &gt; Manon Doyelle, vice-championne de France de marathon","datePublished":"2017-10-27T04:53:09+00:00","dateModified":"2020-10-26T10:28:48+00:00","mainEntityOfPage":{"@id":"https:\/\/newsestlyonnais.fr\/site\/2017\/10\/27\/lyon-handisport-manon-doyelle-vice-championne-de-france-de-marathon\/"},"wordCount":94,"commentCount":0,"publisher":{"@id":"https:\/\/newsestlyonnais.fr\/site\/#organization"},"image":{"@id":"https:\/\/newsestlyonnais.fr\/site\/2017\/10\/27\/lyon-handisport-manon-doyelle-vice-championne-de-france-de-marathon\/#primaryimage"},"thumbnailUrl":"https:\/\/newsestlyonnais.fr\/site\/wp-content\/uploads\/2017\/10\/NEWSESTLYONNAIS-Manon-Doyelle-2.jpg","keywords":["Manon Doyelle"],"articleSection":["Ain (01)","Athl\u00e9 | Course pied | Marche","F\u00e9minin (Actu au)","Handi &amp; adapt\u00e9","Lyon","R\u00e9cits de course \/ Portraits \/ Interviews"],"inLanguage":"fr-FR","potentialAction":[{"@type":"CommentAction","name":"Comment","target":["https:\/\/newsestlyonnais.fr\/site\/2017\/10\/27\/lyon-handisport-manon-doyelle-vice-championne-de-france-de-marathon\/#respond"]}]},{"@type":"WebPage","@id":"https:\/\/newsestlyonnais.fr\/site\/2017\/10\/27\/lyon-handisport-manon-doyelle-vice-championne-de-france-de-marathon\/","url":"https:\/\/newsestlyonnais.fr\/site\/2017\/10\/27\/lyon-handisport-manon-doyelle-vice-championne-de-france-de-marathon\/","name":"LYON | Handisport > Manon Doyelle, vice-championne de France de marathon","isPartOf":{"@id":"https:\/\/newsestlyonnais.fr\/site\/#website"},"primaryImageOfPage":{"@id":"https:\/\/newsestlyonnais.fr\/site\/2017\/10\/27\/lyon-handisport-manon-doyelle-vice-championne-de-france-de-marathon\/#primaryimage"},"image":{"@id":"https:\/\/newsestlyonnais.fr\/site\/2017\/10\/27\/lyon-handisport-manon-doyelle-vice-championne-de-france-de-marathon\/#primaryimage"},"thumbnailUrl":"https:\/\/newsestlyonnais.fr\/site\/wp-content\/uploads\/2017\/10\/NEWSESTLYONNAIS-Manon-Doyelle-2.jpg","datePublished":"2017-10-27T04:53:09+00:00","dateModified":"2020-10-26T10:28:48+00:00","description":"LYON | Handisport > Manon Doyelle, vice-championne de France de marathon","breadcrumb":{"@id":"https:\/\/newsestlyonnais.fr\/site\/2017\/10\/27\/lyon-handisport-manon-doyelle-vice-championne-de-france-de-marathon\/#breadcrumb"},"inLanguage":"fr-FR","potentialAction":[{"@type":"ReadAction","target":["https:\/\/newsestlyonnais.fr\/site\/2017\/10\/27\/lyon-handisport-manon-doyelle-vice-championne-de-france-de-marathon\/"]}]},{"@type":"ImageObject","inLanguage":"fr-FR","@id":"https:\/\/newsestlyonnais.fr\/site\/2017\/10\/27\/lyon-handisport-manon-doyelle-vice-championne-de-france-de-marathon\/#primaryimage","url":"https:\/\/newsestlyonnais.fr\/site\/wp-content\/uploads\/2017\/10\/NEWSESTLYONNAIS-Manon-Doyelle-2.jpg","contentUrl":"https:\/\/newsestlyonnais.fr\/site\/wp-content\/uploads\/2017\/10\/NEWSESTLYONNAIS-Manon-Doyelle-2.jpg","width":1500,"height":1000,"caption":"NEWSESTLYONNAIS - Manon Doyelle 2"},{"@type":"BreadcrumbList","@id":"https:\/\/newsestlyonnais.fr\/site\/2017\/10\/27\/lyon-handisport-manon-doyelle-vice-championne-de-france-de-marathon\/#breadcrumb","itemListElement":[{"@type":"ListItem","position":1,"name":"Accueil","item":"https:\/\/newsestlyonnais.fr\/site\/"},{"@type":"ListItem","position":2,"name":"LYON | Handisport &gt; Manon Doyelle, vice-championne de France de marathon"}]},{"@type":"WebSite","@id":"https:\/\/newsestlyonnais.fr\/site\/#website","url":"https:\/\/newsestlyonnais.fr\/site\/","name":"News Est Lyonnais","description":"L&#039;actualit\u00e9 au plus pr\u00e8s","publisher":{"@id":"https:\/\/newsestlyonnais.fr\/site\/#organization"},"potentialAction":[{"@type":"SearchAction","target":{"@type":"EntryPoint","urlTemplate":"https:\/\/newsestlyonnais.fr\/site\/?s={search_term_string}"},"query-input":{"@type":"PropertyValueSpecification","valueRequired":true,"valueName":"search_term_string"}}],"inLanguage":"fr-FR"},{"@type":"Organization","@id":"https:\/\/newsestlyonnais.fr\/site\/#organization","name":"News EST LYONNAIS","url":"https:\/\/newsestlyonnais.fr\/site\/","logo":{"@type":"ImageObject","inLanguage":"fr-FR","@id":"https:\/\/newsestlyonnais.fr\/site\/#\/schema\/logo\/image\/","url":"","contentUrl":"","caption":"News EST LYONNAIS"},"image":{"@id":"https:\/\/newsestlyonnais.fr\/site\/#\/schema\/logo\/image\/"}},{"@type":"Person","@id":"https:\/\/newsestlyonnais.fr\/site\/#\/schema\/person\/3230d5615f390bb808365d673001e887","name":"R\u00e9dac. NEWS","sameAs":["http:\/\/www.newsestlyonnais.fr","https:\/\/www.facebook.com\/pascal.oberson.1?fref=ts","https:\/\/fr.linkedin.com\/in\/pascal-oberson-b17045113"],"url":"https:\/\/newsestlyonnais.fr\/site\/author\/nel\/"}]}},"_links":{"self":[{"href":"https:\/\/newsestlyonnais.fr\/site\/wp-json\/wp\/v2\/posts\/37303","targetHints":{"allow":["GET"]}}],"collection":[{"href":"https:\/\/newsestlyonnais.fr\/site\/wp-json\/wp\/v2\/posts"}],"about":[{"href":"https:\/\/newsestlyonnais.fr\/site\/wp-json\/wp\/v2\/types\/post"}],"author":[{"embeddable":true,"href":"https:\/\/newsestlyonnais.fr\/site\/wp-json\/wp\/v2\/users\/4"}],"replies":[{"embeddable":true,"href":"https:\/\/newsestlyonnais.fr\/site\/wp-json\/wp\/v2\/comments?post=37303"}],"version-history":[{"count":0,"href":"https:\/\/newsestlyonnais.fr\/site\/wp-json\/wp\/v2\/posts\/37303\/revisions"}],"wp:featuredmedia":[{"embeddable":true,"href":"https:\/\/newsestlyonnais.fr\/site\/wp-json\/wp\/v2\/media\/37310"}],"wp:attachment":[{"href":"https:\/\/newsestlyonnais.fr\/site\/wp-json\/wp\/v2\/media?parent=37303"}],"wp:term":[{"taxonomy":"category","embeddable":true,"href":"https:\/\/newsestlyonnais.fr\/site\/wp-json\/wp\/v2\/categories?post=37303"},{"taxonomy":"post_tag","embeddable":true,"href":"https:\/\/newsestlyonnais.fr\/site\/wp-json\/wp\/v2\/tags?post=37303"}],"curies":[{"name":"wp","href":"https:\/\/api.w.org\/{rel}","templated":true}]}}