{"id":37349,"date":"2017-10-27T13:14:55","date_gmt":"2017-10-27T12:14:55","guid":{"rendered":"http:\/\/newsestlyonnais.fr\/site\/?p=37349"},"modified":"2020-11-11T17:18:53","modified_gmt":"2020-11-11T16:18:53","slug":"succes-du-challenge-xiii-spartiates-avec-les-jeunes-des-centres-sociaux","status":"publish","type":"post","link":"https:\/\/newsestlyonnais.fr\/site\/2017\/10\/27\/succes-du-challenge-xiii-spartiates-avec-les-jeunes-des-centres-sociaux\/","title":{"rendered":"Succ\u00e8s du Challenge XIII Spartiates avec les jeunes des centres sociaux"},"content":{"rendered":"<h4><strong>La 4\u00b0 \u00e9dition du Challenge XIII Spartiates organis\u00e9e par la Ligue AURA, le Comit\u00e9 du Rh\u00f4ne de Rugby \u00e0 XIII et les clubs de Lyon Villeurbanne Rugby et Vaulx en Velin Rugby League, <\/strong>s\u2019est termin\u00e9e jeudi sous le soleil.<\/h4>\n<p>Une centaine de participants des 8 centres sociaux de Lyon, Villeurbanne, Vaulx en Velin et D\u00e9cines a particip\u00e9 \u00e0 cette animation multi-sports mise en place pendant les vacances de Toussaint du 23 au 26 Octobre.<\/p>\n<p>Au programme, initiation au Rugby \u00e0 XIII mais aussi, 18 ateliers dont des courses d\u2019orientation, parcours du combattant, ramp\u00e9, mont\u00e9e d\u2019escalier, le 100 m\u00e8tres spartiate, exercice de pompes, pyramide humaine, radeau \u2013 marqueur d\u2019essais et pour finir le kilom\u00e8tre spartiate. Un vrai programme pour de futurs spartiates.. !!<\/p>\n<p>Les \u00e9quipes \u00e9taient compos\u00e9es de 10 \u00e0 12 candidats, l\u2019objectif principal \u00e9tant le d\u00e9passement de soi \u00e0 travers des activit\u00e9s ludiques afin de tester les limites pour mieux se connaitre. La constitution d&rsquo;un groupe mixte avait pour but de renforcer les liens, de travailler la coop\u00e9ration, l&rsquo;entraide, l\u2019\u00e9coute et la solidarit\u00e9 du groupe. La semaine a \u00e9t\u00e9 articul\u00e9e sur des temps d&rsquo;entrainements mais aussi des temps de dialogues, d&rsquo;\u00e9changes, le groupe devant \u00e9tablir des objectifs personnels et collectifs, imaginer des d\u00e9fis sportifs qu&rsquo;ils devront r\u00e9aliser et proposer \u00e0 d&rsquo;autres groupes \u00e0 travers des outils de communications modernes (Facebook, mobile).<br \/>\nLa journ\u00e9e du Jeudi s\u2019est d\u00e9roul\u00e9e au stade Georges Lyvet (Villeurbanne) avec une confrontation des 8 centres sociaux sur diff\u00e9rents d\u00e9fis et ateliers, sous les yeux de Dominique Hanot (DDCS du Rh\u00f4ne) &amp; Pascal Merlin (d\u00e9l\u00e9gu\u00e9 aux sports \u00e0 la ville de Villeurbanne), venus remettre les r\u00e9compenses aux participants. Tous les jeunes ont partag\u00e9 la pause repas de midi avec leurs animateurs et leur camarades des autres centres dans la bonne humeur et avec un soleil quasi estival.<\/p>\n<p>Le Pr\u00e9sident du Comit\u00e9 RML de Rugby \u00e0 XIII et Vice-Pr\u00e9sident du CDOS RML Jacques Cavezzan a tenu \u00e0 remercier tous les jeunes pour leur participation et implication, les animateurs pour leur motivation, engagement et les partenaires de cette manifestation dont la DDCS du Rh\u00f4ne. Ce fut ensuite le moment tant attendu de la remise des r\u00e9compenses \u00e0 tous les participants et du partage du gouter et des rafraichissements avec leurs animateurs.<\/p>\n<ul>\n<li>A noter au niveau de la mixit\u00e9, la belle performance r\u00e9alis\u00e9e par le groupe des jeunes du Centre Social Peyri de Vaulx en Velin qui \u00e9tait compos\u00e9 de 6 filles et 5 gar\u00e7ons, \u00e9quipe qui a d\u2019ailleurs termin\u00e9 sur le podium au classement. Jacques Cavezzan a tenu \u00e0 les f\u00e9liciter pour cette belle initiative dans le d\u00e9passement de soi et aussi le Centre des jeunes de Carmagnole qui comprenait 6 jeunes du quartier Chenier et se classent 6\u00b0 pour leur premi\u00e8re participation.<\/li>\n<\/ul>\n<p><strong><span style=\"text-decoration: underline\">Le classement:<\/span>\u00a0<\/strong> 1\u00b0 CS PEYRI (Vaulx en Velin), 2\u00b0 CS Ferrandi\u00e8re et 3\u00b0 CS Les Buers (Villeurbanne), 4\u00b0 Espace Berthaudi\u00e8re (D\u00e9cines), 5\u00b0 CS Mermoz (Lyon 8\u00b0),\u00a0 6\u00b0 Espace jeunes Carmagnole (Vaulx en Velin), 7\u00b0 CS Grand Vire (Vaulx en Velin), 8\u00b0 CS Charpenens Tonkin (Villeurbanne).<\/p>\n<p><span style=\"text-decoration: underline\"><strong><em>NOTA<\/em><\/strong><\/span> : Rendez-vous en F\u00e9vrier pour les \u00ab\u00a0RENCONTRES XIII HANDI\u00a0\u00bb du 12 au 15 F\u00e9vrier 2018, avec une th\u00e9matique sur la diversit\u00e9 et l\u2019acceptation de la diff\u00e9rence \u00e0 travers la cause du Handicap.<\/p>\n<div id='gallery-1' class='gallery galleryid-37349 gallery-columns-3 gallery-size-thumbnail'><figure class='gallery-item'>\n\t\t\t<div class='gallery-icon landscape'>\n\t\t\t\t<a href='https:\/\/newsestlyonnais.fr\/site\/2017\/10\/27\/succes-du-challenge-xiii-spartiates-avec-les-jeunes-des-centres-sociaux\/olympus-digital-camera-88\/'><img loading=\"lazy\" decoding=\"async\" width=\"150\" height=\"150\" src=\"https:\/\/newsestlyonnais.fr\/site\/wp-content\/uploads\/2017\/10\/NEWSESTLYONNAIS-Stakline-150x150.jpg\" class=\"attachment-thumbnail size-thumbnail\" alt=\"NEWSESTYONNAIS - ATELIER STAKLINE\" aria-describedby=\"gallery-1-37366\" \/><\/a>\n\t\t\t<\/div>\n\t\t\t\t<figcaption class='wp-caption-text gallery-caption' id='gallery-1-37366'>\n\t\t\t\t    Atelier de stakline\n\t\t\t\t<\/figcaption><\/figure><figure class='gallery-item'>\n\t\t\t<div class='gallery-icon landscape'>\n\t\t\t\t<a href='https:\/\/newsestlyonnais.fr\/site\/2017\/10\/27\/succes-du-challenge-xiii-spartiates-avec-les-jeunes-des-centres-sociaux\/olympus-digital-camera-89\/'><img loading=\"lazy\" decoding=\"async\" width=\"150\" height=\"150\" src=\"https:\/\/newsestlyonnais.fr\/site\/wp-content\/uploads\/2017\/10\/NEWSESTLYONNAIS-JEUNES-CENTRES-SOCIAUX-150x150.jpg\" class=\"attachment-thumbnail size-thumbnail\" alt=\"NEWSESTLYONNAIS - CENTRES SOCIAUX\" \/><\/a>\n\t\t\t<\/div><\/figure><figure class='gallery-item'>\n\t\t\t<div class='gallery-icon landscape'>\n\t\t\t\t<a href='https:\/\/newsestlyonnais.fr\/site\/2017\/10\/27\/succes-du-challenge-xiii-spartiates-avec-les-jeunes-des-centres-sociaux\/newsestlyonnais-cs-berthaudiere\/'><img loading=\"lazy\" decoding=\"async\" width=\"150\" height=\"150\" src=\"https:\/\/newsestlyonnais.fr\/site\/wp-content\/uploads\/2017\/10\/NEWSESTLYONNAIS-CS-Berthaudiere-150x150.jpg\" class=\"attachment-thumbnail size-thumbnail\" alt=\"NEWSESTLYONNAIS - CS Berthaudiere\" aria-describedby=\"gallery-1-37368\" \/><\/a>\n\t\t\t<\/div>\n\t\t\t\t<figcaption class='wp-caption-text gallery-caption' id='gallery-1-37368'>\n\t\t\t\tLes jeunes du centre social de la Berthaudi\u00e8re\n\t\t\t\t<\/figcaption><\/figure>\n\t\t<\/div>\n\n<p>&nbsp;<\/p>\n","protected":false},"excerpt":{"rendered":"<p>La 4\u00b0 \u00e9dition du Challenge XIII Spartiates organis\u00e9e par la Ligue AURA, le Comit\u00e9 du Rh\u00f4ne de Rugby \u00e0 XIII et les clubs de Lyon Villeurbanne Rugby et Vaulx en Velin Rugby League, s\u2019est termin\u00e9e jeudi sous le soleil. Une centaine de participants des 8 centres sociaux de Lyon, Villeurbanne, Vaulx en Velin et D\u00e9cines [&hellip;]<\/p>\n","protected":false},"author":4,"featured_media":37365,"comment_status":"open","ping_status":"open","sticky":false,"template":"","format":"standard","meta":{"footnotes":""},"categories":[21,171,4,2996,1625,168,28,29],"tags":[],"class_list":["post-37349","post","type-post","status-publish","format-standard","has-post-thumbnail","hentry","category-decines-charpieu","category-enfance-jeunesse","category-evenements-divers","category-football-rugby","category-lyon","category-rugby-a-xiii","category-vaulx-en-velin","category-villeurbanne"],"yoast_head":"<!-- This site is optimized with the Yoast SEO plugin v27.2 - https:\/\/yoast.com\/product\/yoast-seo-wordpress\/ -->\n<title>Succ\u00e8s du Challenge XIII Spartiates avec les jeunes des centres sociaux de Lyon 8\u00b0\/Villeurbanne\/Vaulx en Velin et D\u00e9cines<\/title>\n<meta name=\"description\" content=\"Succ\u00e8s du Challenge XIII Spartiates avec les jeunes des centres sociaux de Lyon 8\u00b0\/Villeurbanne\/Vaulx en Velin et D\u00e9cines\" \/>\n<meta name=\"robots\" content=\"index, follow, max-snippet:-1, max-image-preview:large, max-video-preview:-1\" \/>\n<link rel=\"canonical\" href=\"https:\/\/newsestlyonnais.fr\/site\/2017\/10\/27\/succes-du-challenge-xiii-spartiates-avec-les-jeunes-des-centres-sociaux\/\" \/>\n<meta property=\"og:locale\" content=\"fr_FR\" \/>\n<meta property=\"og:type\" content=\"article\" \/>\n<meta property=\"og:title\" content=\"Succ\u00e8s du Challenge XIII Spartiates avec les jeunes des centres sociaux de Lyon 8\u00b0\/Villeurbanne\/Vaulx en Velin et D\u00e9cines\" \/>\n<meta property=\"og:description\" content=\"Succ\u00e8s du Challenge XIII Spartiates avec les jeunes des centres sociaux de Lyon 8\u00b0\/Villeurbanne\/Vaulx en Velin et D\u00e9cines\" \/>\n<meta property=\"og:url\" content=\"https:\/\/newsestlyonnais.fr\/site\/2017\/10\/27\/succes-du-challenge-xiii-spartiates-avec-les-jeunes-des-centres-sociaux\/\" \/>\n<meta property=\"og:site_name\" content=\"News Est Lyonnais\" \/>\n<meta property=\"article:author\" content=\"https:\/\/www.facebook.com\/pascal.oberson.1?fref=ts\" \/>\n<meta property=\"article:published_time\" content=\"2017-10-27T12:14:55+00:00\" \/>\n<meta property=\"article:modified_time\" content=\"2020-11-11T16:18:53+00:00\" \/>\n<meta property=\"og:image\" content=\"https:\/\/i0.wp.com\/newsestlyonnais.fr\/site\/wp-content\/uploads\/2017\/10\/NEWSESTLYONNAIS-CHALLENGE-XIII.jpg?fit=807%2C605&ssl=1\" \/>\n\t<meta property=\"og:image:width\" content=\"807\" \/>\n\t<meta property=\"og:image:height\" content=\"605\" \/>\n\t<meta property=\"og:image:type\" content=\"image\/jpeg\" \/>\n<meta name=\"author\" content=\"R\u00e9dac. NEWS\" \/>\n<meta name=\"twitter:card\" content=\"summary_large_image\" \/>\n<meta name=\"twitter:label1\" content=\"\u00c9crit par\" \/>\n\t<meta name=\"twitter:data1\" content=\"R\u00e9dac. NEWS\" \/>\n\t<meta name=\"twitter:label2\" content=\"Dur\u00e9e de lecture estim\u00e9e\" \/>\n\t<meta name=\"twitter:data2\" content=\"3 minutes\" \/>\n<script type=\"application\/ld+json\" class=\"yoast-schema-graph\">{\"@context\":\"https:\/\/schema.org\",\"@graph\":[{\"@type\":\"Article\",\"@id\":\"https:\/\/newsestlyonnais.fr\/site\/2017\/10\/27\/succes-du-challenge-xiii-spartiates-avec-les-jeunes-des-centres-sociaux\/#article\",\"isPartOf\":{\"@id\":\"https:\/\/newsestlyonnais.fr\/site\/2017\/10\/27\/succes-du-challenge-xiii-spartiates-avec-les-jeunes-des-centres-sociaux\/\"},\"author\":{\"name\":\"R\u00e9dac. NEWS\",\"@id\":\"https:\/\/newsestlyonnais.fr\/site\/#\/schema\/person\/3230d5615f390bb808365d673001e887\"},\"headline\":\"Succ\u00e8s du Challenge XIII Spartiates avec les jeunes des centres sociaux\",\"datePublished\":\"2017-10-27T12:14:55+00:00\",\"dateModified\":\"2020-11-11T16:18:53+00:00\",\"mainEntityOfPage\":{\"@id\":\"https:\/\/newsestlyonnais.fr\/site\/2017\/10\/27\/succes-du-challenge-xiii-spartiates-avec-les-jeunes-des-centres-sociaux\/\"},\"wordCount\":562,\"commentCount\":0,\"publisher\":{\"@id\":\"https:\/\/newsestlyonnais.fr\/site\/#organization\"},\"image\":{\"@id\":\"https:\/\/newsestlyonnais.fr\/site\/2017\/10\/27\/succes-du-challenge-xiii-spartiates-avec-les-jeunes-des-centres-sociaux\/#primaryimage\"},\"thumbnailUrl\":\"https:\/\/newsestlyonnais.fr\/site\/wp-content\/uploads\/2017\/10\/NEWSESTLYONNAIS-CHALLENGE-XIII.jpg\",\"articleSection\":[\"D\u00e9cines-Charpieu\",\"Enfance | Jeunesse\",\"Ev\u00e8nements divers\",\"Foot | Rugby\",\"Lyon\",\"RUGBY \u00e0 XIII\",\"Vaulx-en-Velin\",\"Villeurbanne\"],\"inLanguage\":\"fr-FR\",\"potentialAction\":[{\"@type\":\"CommentAction\",\"name\":\"Comment\",\"target\":[\"https:\/\/newsestlyonnais.fr\/site\/2017\/10\/27\/succes-du-challenge-xiii-spartiates-avec-les-jeunes-des-centres-sociaux\/#respond\"]}]},{\"@type\":\"WebPage\",\"@id\":\"https:\/\/newsestlyonnais.fr\/site\/2017\/10\/27\/succes-du-challenge-xiii-spartiates-avec-les-jeunes-des-centres-sociaux\/\",\"url\":\"https:\/\/newsestlyonnais.fr\/site\/2017\/10\/27\/succes-du-challenge-xiii-spartiates-avec-les-jeunes-des-centres-sociaux\/\",\"name\":\"Succ\u00e8s du Challenge XIII Spartiates avec les jeunes des centres sociaux de Lyon 8\u00b0\/Villeurbanne\/Vaulx en Velin et D\u00e9cines\",\"isPartOf\":{\"@id\":\"https:\/\/newsestlyonnais.fr\/site\/#website\"},\"primaryImageOfPage\":{\"@id\":\"https:\/\/newsestlyonnais.fr\/site\/2017\/10\/27\/succes-du-challenge-xiii-spartiates-avec-les-jeunes-des-centres-sociaux\/#primaryimage\"},\"image\":{\"@id\":\"https:\/\/newsestlyonnais.fr\/site\/2017\/10\/27\/succes-du-challenge-xiii-spartiates-avec-les-jeunes-des-centres-sociaux\/#primaryimage\"},\"thumbnailUrl\":\"https:\/\/newsestlyonnais.fr\/site\/wp-content\/uploads\/2017\/10\/NEWSESTLYONNAIS-CHALLENGE-XIII.jpg\",\"datePublished\":\"2017-10-27T12:14:55+00:00\",\"dateModified\":\"2020-11-11T16:18:53+00:00\",\"description\":\"Succ\u00e8s du Challenge XIII Spartiates avec les jeunes des centres sociaux de Lyon 8\u00b0\/Villeurbanne\/Vaulx en Velin et D\u00e9cines\",\"breadcrumb\":{\"@id\":\"https:\/\/newsestlyonnais.fr\/site\/2017\/10\/27\/succes-du-challenge-xiii-spartiates-avec-les-jeunes-des-centres-sociaux\/#breadcrumb\"},\"inLanguage\":\"fr-FR\",\"potentialAction\":[{\"@type\":\"ReadAction\",\"target\":[\"https:\/\/newsestlyonnais.fr\/site\/2017\/10\/27\/succes-du-challenge-xiii-spartiates-avec-les-jeunes-des-centres-sociaux\/\"]}]},{\"@type\":\"ImageObject\",\"inLanguage\":\"fr-FR\",\"@id\":\"https:\/\/newsestlyonnais.fr\/site\/2017\/10\/27\/succes-du-challenge-xiii-spartiates-avec-les-jeunes-des-centres-sociaux\/#primaryimage\",\"url\":\"https:\/\/newsestlyonnais.fr\/site\/wp-content\/uploads\/2017\/10\/NEWSESTLYONNAIS-CHALLENGE-XIII.jpg\",\"contentUrl\":\"https:\/\/newsestlyonnais.fr\/site\/wp-content\/uploads\/2017\/10\/NEWSESTLYONNAIS-CHALLENGE-XIII.jpg\",\"width\":807,\"height\":605,\"caption\":\"NEWSESTLYONNAIS - CHALLENGE SPARTIATES\"},{\"@type\":\"BreadcrumbList\",\"@id\":\"https:\/\/newsestlyonnais.fr\/site\/2017\/10\/27\/succes-du-challenge-xiii-spartiates-avec-les-jeunes-des-centres-sociaux\/#breadcrumb\",\"itemListElement\":[{\"@type\":\"ListItem\",\"position\":1,\"name\":\"Accueil\",\"item\":\"https:\/\/newsestlyonnais.fr\/site\/\"},{\"@type\":\"ListItem\",\"position\":2,\"name\":\"Succ\u00e8s du Challenge XIII Spartiates avec les jeunes des centres sociaux\"}]},{\"@type\":\"WebSite\",\"@id\":\"https:\/\/newsestlyonnais.fr\/site\/#website\",\"url\":\"https:\/\/newsestlyonnais.fr\/site\/\",\"name\":\"News Est Lyonnais\",\"description\":\"L&#039;actualit\u00e9 au plus pr\u00e8s\",\"publisher\":{\"@id\":\"https:\/\/newsestlyonnais.fr\/site\/#organization\"},\"potentialAction\":[{\"@type\":\"SearchAction\",\"target\":{\"@type\":\"EntryPoint\",\"urlTemplate\":\"https:\/\/newsestlyonnais.fr\/site\/?s={search_term_string}\"},\"query-input\":{\"@type\":\"PropertyValueSpecification\",\"valueRequired\":true,\"valueName\":\"search_term_string\"}}],\"inLanguage\":\"fr-FR\"},{\"@type\":\"Organization\",\"@id\":\"https:\/\/newsestlyonnais.fr\/site\/#organization\",\"name\":\"News EST LYONNAIS\",\"url\":\"https:\/\/newsestlyonnais.fr\/site\/\",\"logo\":{\"@type\":\"ImageObject\",\"inLanguage\":\"fr-FR\",\"@id\":\"https:\/\/newsestlyonnais.fr\/site\/#\/schema\/logo\/image\/\",\"url\":\"\",\"contentUrl\":\"\",\"caption\":\"News EST LYONNAIS\"},\"image\":{\"@id\":\"https:\/\/newsestlyonnais.fr\/site\/#\/schema\/logo\/image\/\"}},{\"@type\":\"Person\",\"@id\":\"https:\/\/newsestlyonnais.fr\/site\/#\/schema\/person\/3230d5615f390bb808365d673001e887\",\"name\":\"R\u00e9dac. NEWS\",\"sameAs\":[\"http:\/\/www.newsestlyonnais.fr\",\"https:\/\/www.facebook.com\/pascal.oberson.1?fref=ts\",\"https:\/\/fr.linkedin.com\/in\/pascal-oberson-b17045113\"],\"url\":\"https:\/\/newsestlyonnais.fr\/site\/author\/nel\/\"}]}<\/script>\n<!-- \/ Yoast SEO plugin. -->","yoast_head_json":{"title":"Succ\u00e8s du Challenge XIII Spartiates avec les jeunes des centres sociaux de Lyon 8\u00b0\/Villeurbanne\/Vaulx en Velin et D\u00e9cines","description":"Succ\u00e8s du Challenge XIII Spartiates avec les jeunes des centres sociaux de Lyon 8\u00b0\/Villeurbanne\/Vaulx en Velin et D\u00e9cines","robots":{"index":"index","follow":"follow","max-snippet":"max-snippet:-1","max-image-preview":"max-image-preview:large","max-video-preview":"max-video-preview:-1"},"canonical":"https:\/\/newsestlyonnais.fr\/site\/2017\/10\/27\/succes-du-challenge-xiii-spartiates-avec-les-jeunes-des-centres-sociaux\/","og_locale":"fr_FR","og_type":"article","og_title":"Succ\u00e8s du Challenge XIII Spartiates avec les jeunes des centres sociaux de Lyon 8\u00b0\/Villeurbanne\/Vaulx en Velin et D\u00e9cines","og_description":"Succ\u00e8s du Challenge XIII Spartiates avec les jeunes des centres sociaux de Lyon 8\u00b0\/Villeurbanne\/Vaulx en Velin et D\u00e9cines","og_url":"https:\/\/newsestlyonnais.fr\/site\/2017\/10\/27\/succes-du-challenge-xiii-spartiates-avec-les-jeunes-des-centres-sociaux\/","og_site_name":"News Est Lyonnais","article_author":"https:\/\/www.facebook.com\/pascal.oberson.1?fref=ts","article_published_time":"2017-10-27T12:14:55+00:00","article_modified_time":"2020-11-11T16:18:53+00:00","og_image":[{"width":807,"height":605,"url":"https:\/\/i0.wp.com\/newsestlyonnais.fr\/site\/wp-content\/uploads\/2017\/10\/NEWSESTLYONNAIS-CHALLENGE-XIII.jpg?fit=807%2C605&ssl=1","type":"image\/jpeg"}],"author":"R\u00e9dac. NEWS","twitter_card":"summary_large_image","twitter_misc":{"\u00c9crit par":"R\u00e9dac. NEWS","Dur\u00e9e de lecture estim\u00e9e":"3 minutes"},"schema":{"@context":"https:\/\/schema.org","@graph":[{"@type":"Article","@id":"https:\/\/newsestlyonnais.fr\/site\/2017\/10\/27\/succes-du-challenge-xiii-spartiates-avec-les-jeunes-des-centres-sociaux\/#article","isPartOf":{"@id":"https:\/\/newsestlyonnais.fr\/site\/2017\/10\/27\/succes-du-challenge-xiii-spartiates-avec-les-jeunes-des-centres-sociaux\/"},"author":{"name":"R\u00e9dac. NEWS","@id":"https:\/\/newsestlyonnais.fr\/site\/#\/schema\/person\/3230d5615f390bb808365d673001e887"},"headline":"Succ\u00e8s du Challenge XIII Spartiates avec les jeunes des centres sociaux","datePublished":"2017-10-27T12:14:55+00:00","dateModified":"2020-11-11T16:18:53+00:00","mainEntityOfPage":{"@id":"https:\/\/newsestlyonnais.fr\/site\/2017\/10\/27\/succes-du-challenge-xiii-spartiates-avec-les-jeunes-des-centres-sociaux\/"},"wordCount":562,"commentCount":0,"publisher":{"@id":"https:\/\/newsestlyonnais.fr\/site\/#organization"},"image":{"@id":"https:\/\/newsestlyonnais.fr\/site\/2017\/10\/27\/succes-du-challenge-xiii-spartiates-avec-les-jeunes-des-centres-sociaux\/#primaryimage"},"thumbnailUrl":"https:\/\/newsestlyonnais.fr\/site\/wp-content\/uploads\/2017\/10\/NEWSESTLYONNAIS-CHALLENGE-XIII.jpg","articleSection":["D\u00e9cines-Charpieu","Enfance | Jeunesse","Ev\u00e8nements divers","Foot | Rugby","Lyon","RUGBY \u00e0 XIII","Vaulx-en-Velin","Villeurbanne"],"inLanguage":"fr-FR","potentialAction":[{"@type":"CommentAction","name":"Comment","target":["https:\/\/newsestlyonnais.fr\/site\/2017\/10\/27\/succes-du-challenge-xiii-spartiates-avec-les-jeunes-des-centres-sociaux\/#respond"]}]},{"@type":"WebPage","@id":"https:\/\/newsestlyonnais.fr\/site\/2017\/10\/27\/succes-du-challenge-xiii-spartiates-avec-les-jeunes-des-centres-sociaux\/","url":"https:\/\/newsestlyonnais.fr\/site\/2017\/10\/27\/succes-du-challenge-xiii-spartiates-avec-les-jeunes-des-centres-sociaux\/","name":"Succ\u00e8s du Challenge XIII Spartiates avec les jeunes des centres sociaux de Lyon 8\u00b0\/Villeurbanne\/Vaulx en Velin et D\u00e9cines","isPartOf":{"@id":"https:\/\/newsestlyonnais.fr\/site\/#website"},"primaryImageOfPage":{"@id":"https:\/\/newsestlyonnais.fr\/site\/2017\/10\/27\/succes-du-challenge-xiii-spartiates-avec-les-jeunes-des-centres-sociaux\/#primaryimage"},"image":{"@id":"https:\/\/newsestlyonnais.fr\/site\/2017\/10\/27\/succes-du-challenge-xiii-spartiates-avec-les-jeunes-des-centres-sociaux\/#primaryimage"},"thumbnailUrl":"https:\/\/newsestlyonnais.fr\/site\/wp-content\/uploads\/2017\/10\/NEWSESTLYONNAIS-CHALLENGE-XIII.jpg","datePublished":"2017-10-27T12:14:55+00:00","dateModified":"2020-11-11T16:18:53+00:00","description":"Succ\u00e8s du Challenge XIII Spartiates avec les jeunes des centres sociaux de Lyon 8\u00b0\/Villeurbanne\/Vaulx en Velin et D\u00e9cines","breadcrumb":{"@id":"https:\/\/newsestlyonnais.fr\/site\/2017\/10\/27\/succes-du-challenge-xiii-spartiates-avec-les-jeunes-des-centres-sociaux\/#breadcrumb"},"inLanguage":"fr-FR","potentialAction":[{"@type":"ReadAction","target":["https:\/\/newsestlyonnais.fr\/site\/2017\/10\/27\/succes-du-challenge-xiii-spartiates-avec-les-jeunes-des-centres-sociaux\/"]}]},{"@type":"ImageObject","inLanguage":"fr-FR","@id":"https:\/\/newsestlyonnais.fr\/site\/2017\/10\/27\/succes-du-challenge-xiii-spartiates-avec-les-jeunes-des-centres-sociaux\/#primaryimage","url":"https:\/\/newsestlyonnais.fr\/site\/wp-content\/uploads\/2017\/10\/NEWSESTLYONNAIS-CHALLENGE-XIII.jpg","contentUrl":"https:\/\/newsestlyonnais.fr\/site\/wp-content\/uploads\/2017\/10\/NEWSESTLYONNAIS-CHALLENGE-XIII.jpg","width":807,"height":605,"caption":"NEWSESTLYONNAIS - CHALLENGE SPARTIATES"},{"@type":"BreadcrumbList","@id":"https:\/\/newsestlyonnais.fr\/site\/2017\/10\/27\/succes-du-challenge-xiii-spartiates-avec-les-jeunes-des-centres-sociaux\/#breadcrumb","itemListElement":[{"@type":"ListItem","position":1,"name":"Accueil","item":"https:\/\/newsestlyonnais.fr\/site\/"},{"@type":"ListItem","position":2,"name":"Succ\u00e8s du Challenge XIII Spartiates avec les jeunes des centres sociaux"}]},{"@type":"WebSite","@id":"https:\/\/newsestlyonnais.fr\/site\/#website","url":"https:\/\/newsestlyonnais.fr\/site\/","name":"News Est Lyonnais","description":"L&#039;actualit\u00e9 au plus pr\u00e8s","publisher":{"@id":"https:\/\/newsestlyonnais.fr\/site\/#organization"},"potentialAction":[{"@type":"SearchAction","target":{"@type":"EntryPoint","urlTemplate":"https:\/\/newsestlyonnais.fr\/site\/?s={search_term_string}"},"query-input":{"@type":"PropertyValueSpecification","valueRequired":true,"valueName":"search_term_string"}}],"inLanguage":"fr-FR"},{"@type":"Organization","@id":"https:\/\/newsestlyonnais.fr\/site\/#organization","name":"News EST LYONNAIS","url":"https:\/\/newsestlyonnais.fr\/site\/","logo":{"@type":"ImageObject","inLanguage":"fr-FR","@id":"https:\/\/newsestlyonnais.fr\/site\/#\/schema\/logo\/image\/","url":"","contentUrl":"","caption":"News EST LYONNAIS"},"image":{"@id":"https:\/\/newsestlyonnais.fr\/site\/#\/schema\/logo\/image\/"}},{"@type":"Person","@id":"https:\/\/newsestlyonnais.fr\/site\/#\/schema\/person\/3230d5615f390bb808365d673001e887","name":"R\u00e9dac. NEWS","sameAs":["http:\/\/www.newsestlyonnais.fr","https:\/\/www.facebook.com\/pascal.oberson.1?fref=ts","https:\/\/fr.linkedin.com\/in\/pascal-oberson-b17045113"],"url":"https:\/\/newsestlyonnais.fr\/site\/author\/nel\/"}]}},"_links":{"self":[{"href":"https:\/\/newsestlyonnais.fr\/site\/wp-json\/wp\/v2\/posts\/37349","targetHints":{"allow":["GET"]}}],"collection":[{"href":"https:\/\/newsestlyonnais.fr\/site\/wp-json\/wp\/v2\/posts"}],"about":[{"href":"https:\/\/newsestlyonnais.fr\/site\/wp-json\/wp\/v2\/types\/post"}],"author":[{"embeddable":true,"href":"https:\/\/newsestlyonnais.fr\/site\/wp-json\/wp\/v2\/users\/4"}],"replies":[{"embeddable":true,"href":"https:\/\/newsestlyonnais.fr\/site\/wp-json\/wp\/v2\/comments?post=37349"}],"version-history":[{"count":0,"href":"https:\/\/newsestlyonnais.fr\/site\/wp-json\/wp\/v2\/posts\/37349\/revisions"}],"wp:featuredmedia":[{"embeddable":true,"href":"https:\/\/newsestlyonnais.fr\/site\/wp-json\/wp\/v2\/media\/37365"}],"wp:attachment":[{"href":"https:\/\/newsestlyonnais.fr\/site\/wp-json\/wp\/v2\/media?parent=37349"}],"wp:term":[{"taxonomy":"category","embeddable":true,"href":"https:\/\/newsestlyonnais.fr\/site\/wp-json\/wp\/v2\/categories?post=37349"},{"taxonomy":"post_tag","embeddable":true,"href":"https:\/\/newsestlyonnais.fr\/site\/wp-json\/wp\/v2\/tags?post=37349"}],"curies":[{"name":"wp","href":"https:\/\/api.w.org\/{rel}","templated":true}]}}