{"id":37453,"date":"2017-10-29T15:57:38","date_gmt":"2017-10-29T14:57:38","guid":{"rendered":"http:\/\/newsestlyonnais.fr\/site\/?p=37453"},"modified":"2020-10-27T15:54:26","modified_gmt":"2020-10-27T14:54:26","slug":"lyon-3-lyon-basket-fauteuil-sincline-a-domicile-face-a-gennevilliers","status":"publish","type":"post","link":"https:\/\/newsestlyonnais.fr\/site\/2017\/10\/29\/lyon-3-lyon-basket-fauteuil-sincline-a-domicile-face-a-gennevilliers\/","title":{"rendered":"LYON 3 | Lyon Basket Fauteuil s&rsquo;incline \u00e0 domicile face \u00e0 Gennevilliers"},"content":{"rendered":"<div>\n<div class=\"ox-7eeca3cd4f-gmail-text_exposed_show\">\n<h4>Pour le compte de la 5\u00b0 journ\u00e9e de championnat, les lyonnais recevaient samedi apr\u00e8s-midi \u00e0 la Halle des Sports, le promu Gennevilliers.<\/h4>\n<p>Un match tr\u00e8s important pour le Lyon Basket Fauteuil afin de rester au contact des \u00e9quipes en dehors de la zone rouge. Leur entame va \u00eatre tr\u00e8s difficile avec une adresse en berne, 4 petits points sont marqu\u00e9s et l&rsquo;\u00e9cart est d\u00e9j\u00e0 de 10 points en faveur des visiteurs, notamment gr\u00e2ce \u00e0 leurs pivots dominateurs dans la raquette. Malgr\u00e9 de grosses difficult\u00e9s, les lyonnais vont r\u00e9ussir \u00e0 r\u00e9duire l&rsquo;\u00e9cart au second quart-temps en se servant de leur jeu rapide et de bonnes s\u00e9quences collectives.\u00a0 <strong>Ecart de 5 points \u00e0 la mi-temps (21-26)<\/strong>.<\/p>\n<p>Au retour des vestiaires, le pressing tout terrain des Gones va permettre aux lyonnais de revenir \u00e0 hauteur des joueurs de Gennevilliers et m\u00eame de passer devant au scoring. Le jeu collectif des locaux prend le dessus sur l&rsquo;adversaire mais quelques erreurs en d\u00e9fense laissent les visiteurs au contact des Gones.<\/p>\n<p>Lors des 10 derni\u00e8res minutes, les lions vont continuer \u00e0 d\u00e9velopper un jeu bon collectif en attaque mais vont se faire contrer notamment par du jeu rapide. Le match est tendu mais les lyonnais vont prendre 3 points d&rsquo;avance \u00e0 1 minute 30 de la fin de la rencontre.<\/p>\n<p>Malheureusement insuffisant pour les locaux qui vont encaisser un 0-8 dans le money-time. Malgr\u00e9 une derni\u00e8re possession \u00e0 20 secondes de la fin du match pour les lions, alors que l&rsquo;\u00e9cart n&rsquo;\u00e9tait que d&rsquo;un point, Gennevilliers va r\u00e9ussir \u00e0 bien d\u00e9fendre et \u00e0 <b>remporter ce match 52-55.<\/b><\/p>\n<p>Une d\u00e9faite encore tr\u00e8s am\u00e8re \u00e0 l&rsquo;image de celle conc\u00e9d\u00e9e \u00e0 Lannion la semaine pr\u00e9c\u00e9dente. Mais l&rsquo;entame de match compl\u00e8tement manqu\u00e9e des lions aura co\u00fbt\u00e9 la victoire.<\/p>\n<p>Les lyonnais apr\u00e8s 5 d\u00e9faites en autant de match se rendront la semaine prochaine \u00e0 Saint-Avold pour affronter une \u00e9quipe aux objectifs de haut de tableau, bien diff\u00e9rents de ceux des lions, englu\u00e9s \u00e0 cette derni\u00e8re place \u00e0 \u00e9galit\u00e9 avec Strasbourg.<\/p>\n<div>\n<p>&#8211; <strong>LYON BASKET FAUTEUIL\/CVH GENNEVILLIERS 52-55<\/strong> (4-14 \/ 17-12 \/ 16-12 \/ 15-17).<\/p>\n<div><\/div>\n<div><em><strong><span style=\"text-decoration: underline\">Les marqueurs <\/span><\/strong><\/em>:<\/div>\n<p><strong>Lyon BF<\/strong>: Dahmani (14 pts) Szkopik (15) Dram\u00e9 (15, Photo \u00e0 la Une et capitaine) Moreton (4) Djallali (4)<\/p>\n<\/div>\n<p><strong>Gennevilliers<\/strong>: Khelaifi (13 pts) Abdali (9) Mooketsi (24) Carliez (2) El Hadaoui (7)<\/p>\n<p>&nbsp;<\/p>\n<\/div>\n<\/div>\n<div><\/div>\n<div><\/div>\n<div><\/div>\n<div><\/div>\n","protected":false},"excerpt":{"rendered":"<p>Pour le compte de la 5\u00b0 journ\u00e9e de championnat, les lyonnais recevaient samedi apr\u00e8s-midi \u00e0 la Halle des Sports, le promu Gennevilliers. Un match tr\u00e8s important pour le Lyon Basket Fauteuil afin de rester au contact des \u00e9quipes en dehors de la zone rouge. Leur entame va \u00eatre tr\u00e8s difficile avec une adresse en berne, [&hellip;]<\/p>\n","protected":false},"author":4,"featured_media":37459,"comment_status":"open","ping_status":"open","sticky":false,"template":"","format":"standard","meta":{"footnotes":""},"categories":[1357,2975,3015,1625],"tags":[],"class_list":["post-37453","post","type-post","status-publish","format-standard","has-post-thumbnail","hentry","category-basket","category-basket-hand-volley-sports","category-handi-adapte","category-lyon"],"yoast_head":"<!-- This site is optimized with the Yoast SEO plugin v27.2 - https:\/\/yoast.com\/product\/yoast-seo-wordpress\/ -->\n<title>LYON 3\u00b0 : Le Lyon Basket Fauteuil s&#039;incline \u00e0 domicile face \u00e0 Gennevilliers<\/title>\n<meta name=\"description\" content=\"LYON 3\u00b0 : Le Lyon Basket Fauteuil s&#039;incline \u00e0 domicile face \u00e0 Gennevilliers\" \/>\n<meta name=\"robots\" content=\"index, follow, max-snippet:-1, max-image-preview:large, max-video-preview:-1\" \/>\n<link rel=\"canonical\" href=\"https:\/\/newsestlyonnais.fr\/site\/2017\/10\/29\/lyon-3-lyon-basket-fauteuil-sincline-a-domicile-face-a-gennevilliers\/\" \/>\n<meta property=\"og:locale\" content=\"fr_FR\" \/>\n<meta property=\"og:type\" content=\"article\" \/>\n<meta property=\"og:title\" content=\"LYON 3\u00b0 : Le Lyon Basket Fauteuil s&#039;incline \u00e0 domicile face \u00e0 Gennevilliers\" \/>\n<meta property=\"og:description\" content=\"LYON 3\u00b0 : Le Lyon Basket Fauteuil s&#039;incline \u00e0 domicile face \u00e0 Gennevilliers\" \/>\n<meta property=\"og:url\" content=\"https:\/\/newsestlyonnais.fr\/site\/2017\/10\/29\/lyon-3-lyon-basket-fauteuil-sincline-a-domicile-face-a-gennevilliers\/\" \/>\n<meta property=\"og:site_name\" content=\"News Est Lyonnais\" \/>\n<meta property=\"article:author\" content=\"https:\/\/www.facebook.com\/pascal.oberson.1?fref=ts\" \/>\n<meta property=\"article:published_time\" content=\"2017-10-29T14:57:38+00:00\" \/>\n<meta property=\"article:modified_time\" content=\"2020-10-27T14:54:26+00:00\" \/>\n<meta property=\"og:image\" content=\"https:\/\/i2.wp.com\/newsestlyonnais.fr\/site\/wp-content\/uploads\/2017\/10\/NEWSESTLYONNAIS-DRAME.jpg?fit=700%2C467&ssl=1\" \/>\n\t<meta property=\"og:image:width\" content=\"700\" \/>\n\t<meta property=\"og:image:height\" content=\"467\" \/>\n\t<meta property=\"og:image:type\" content=\"image\/jpeg\" \/>\n<meta name=\"author\" content=\"R\u00e9dac. NEWS\" \/>\n<meta name=\"twitter:card\" content=\"summary_large_image\" \/>\n<meta name=\"twitter:label1\" content=\"\u00c9crit par\" \/>\n\t<meta name=\"twitter:data1\" content=\"R\u00e9dac. NEWS\" \/>\n\t<meta name=\"twitter:label2\" content=\"Dur\u00e9e de lecture estim\u00e9e\" \/>\n\t<meta name=\"twitter:data2\" content=\"2 minutes\" \/>\n<script type=\"application\/ld+json\" class=\"yoast-schema-graph\">{\"@context\":\"https:\/\/schema.org\",\"@graph\":[{\"@type\":\"Article\",\"@id\":\"https:\/\/newsestlyonnais.fr\/site\/2017\/10\/29\/lyon-3-lyon-basket-fauteuil-sincline-a-domicile-face-a-gennevilliers\/#article\",\"isPartOf\":{\"@id\":\"https:\/\/newsestlyonnais.fr\/site\/2017\/10\/29\/lyon-3-lyon-basket-fauteuil-sincline-a-domicile-face-a-gennevilliers\/\"},\"author\":{\"name\":\"R\u00e9dac. NEWS\",\"@id\":\"https:\/\/newsestlyonnais.fr\/site\/#\/schema\/person\/3230d5615f390bb808365d673001e887\"},\"headline\":\"LYON 3 | Lyon Basket Fauteuil s&rsquo;incline \u00e0 domicile face \u00e0 Gennevilliers\",\"datePublished\":\"2017-10-29T14:57:38+00:00\",\"dateModified\":\"2020-10-27T14:54:26+00:00\",\"mainEntityOfPage\":{\"@id\":\"https:\/\/newsestlyonnais.fr\/site\/2017\/10\/29\/lyon-3-lyon-basket-fauteuil-sincline-a-domicile-face-a-gennevilliers\/\"},\"wordCount\":390,\"commentCount\":0,\"publisher\":{\"@id\":\"https:\/\/newsestlyonnais.fr\/site\/#organization\"},\"image\":{\"@id\":\"https:\/\/newsestlyonnais.fr\/site\/2017\/10\/29\/lyon-3-lyon-basket-fauteuil-sincline-a-domicile-face-a-gennevilliers\/#primaryimage\"},\"thumbnailUrl\":\"https:\/\/newsestlyonnais.fr\/site\/wp-content\/uploads\/2017\/10\/NEWSESTLYONNAIS-DRAME.jpg\",\"articleSection\":[\"Basket\",\"Basket | Hand | Volley\",\"Handi &amp; adapt\u00e9\",\"Lyon\"],\"inLanguage\":\"fr-FR\",\"potentialAction\":[{\"@type\":\"CommentAction\",\"name\":\"Comment\",\"target\":[\"https:\/\/newsestlyonnais.fr\/site\/2017\/10\/29\/lyon-3-lyon-basket-fauteuil-sincline-a-domicile-face-a-gennevilliers\/#respond\"]}]},{\"@type\":\"WebPage\",\"@id\":\"https:\/\/newsestlyonnais.fr\/site\/2017\/10\/29\/lyon-3-lyon-basket-fauteuil-sincline-a-domicile-face-a-gennevilliers\/\",\"url\":\"https:\/\/newsestlyonnais.fr\/site\/2017\/10\/29\/lyon-3-lyon-basket-fauteuil-sincline-a-domicile-face-a-gennevilliers\/\",\"name\":\"LYON 3\u00b0 : Le Lyon Basket Fauteuil s'incline \u00e0 domicile face \u00e0 Gennevilliers\",\"isPartOf\":{\"@id\":\"https:\/\/newsestlyonnais.fr\/site\/#website\"},\"primaryImageOfPage\":{\"@id\":\"https:\/\/newsestlyonnais.fr\/site\/2017\/10\/29\/lyon-3-lyon-basket-fauteuil-sincline-a-domicile-face-a-gennevilliers\/#primaryimage\"},\"image\":{\"@id\":\"https:\/\/newsestlyonnais.fr\/site\/2017\/10\/29\/lyon-3-lyon-basket-fauteuil-sincline-a-domicile-face-a-gennevilliers\/#primaryimage\"},\"thumbnailUrl\":\"https:\/\/newsestlyonnais.fr\/site\/wp-content\/uploads\/2017\/10\/NEWSESTLYONNAIS-DRAME.jpg\",\"datePublished\":\"2017-10-29T14:57:38+00:00\",\"dateModified\":\"2020-10-27T14:54:26+00:00\",\"description\":\"LYON 3\u00b0 : Le Lyon Basket Fauteuil s'incline \u00e0 domicile face \u00e0 Gennevilliers\",\"breadcrumb\":{\"@id\":\"https:\/\/newsestlyonnais.fr\/site\/2017\/10\/29\/lyon-3-lyon-basket-fauteuil-sincline-a-domicile-face-a-gennevilliers\/#breadcrumb\"},\"inLanguage\":\"fr-FR\",\"potentialAction\":[{\"@type\":\"ReadAction\",\"target\":[\"https:\/\/newsestlyonnais.fr\/site\/2017\/10\/29\/lyon-3-lyon-basket-fauteuil-sincline-a-domicile-face-a-gennevilliers\/\"]}]},{\"@type\":\"ImageObject\",\"inLanguage\":\"fr-FR\",\"@id\":\"https:\/\/newsestlyonnais.fr\/site\/2017\/10\/29\/lyon-3-lyon-basket-fauteuil-sincline-a-domicile-face-a-gennevilliers\/#primaryimage\",\"url\":\"https:\/\/newsestlyonnais.fr\/site\/wp-content\/uploads\/2017\/10\/NEWSESTLYONNAIS-DRAME.jpg\",\"contentUrl\":\"https:\/\/newsestlyonnais.fr\/site\/wp-content\/uploads\/2017\/10\/NEWSESTLYONNAIS-DRAME.jpg\",\"width\":700,\"height\":467,\"caption\":\"NEWSESTLYONNAIS - DRAME\"},{\"@type\":\"BreadcrumbList\",\"@id\":\"https:\/\/newsestlyonnais.fr\/site\/2017\/10\/29\/lyon-3-lyon-basket-fauteuil-sincline-a-domicile-face-a-gennevilliers\/#breadcrumb\",\"itemListElement\":[{\"@type\":\"ListItem\",\"position\":1,\"name\":\"Accueil\",\"item\":\"https:\/\/newsestlyonnais.fr\/site\/\"},{\"@type\":\"ListItem\",\"position\":2,\"name\":\"LYON 3 | Lyon Basket Fauteuil s&rsquo;incline \u00e0 domicile face \u00e0 Gennevilliers\"}]},{\"@type\":\"WebSite\",\"@id\":\"https:\/\/newsestlyonnais.fr\/site\/#website\",\"url\":\"https:\/\/newsestlyonnais.fr\/site\/\",\"name\":\"News Est Lyonnais\",\"description\":\"L&#039;actualit\u00e9 au plus pr\u00e8s\",\"publisher\":{\"@id\":\"https:\/\/newsestlyonnais.fr\/site\/#organization\"},\"potentialAction\":[{\"@type\":\"SearchAction\",\"target\":{\"@type\":\"EntryPoint\",\"urlTemplate\":\"https:\/\/newsestlyonnais.fr\/site\/?s={search_term_string}\"},\"query-input\":{\"@type\":\"PropertyValueSpecification\",\"valueRequired\":true,\"valueName\":\"search_term_string\"}}],\"inLanguage\":\"fr-FR\"},{\"@type\":\"Organization\",\"@id\":\"https:\/\/newsestlyonnais.fr\/site\/#organization\",\"name\":\"News EST LYONNAIS\",\"url\":\"https:\/\/newsestlyonnais.fr\/site\/\",\"logo\":{\"@type\":\"ImageObject\",\"inLanguage\":\"fr-FR\",\"@id\":\"https:\/\/newsestlyonnais.fr\/site\/#\/schema\/logo\/image\/\",\"url\":\"\",\"contentUrl\":\"\",\"caption\":\"News EST LYONNAIS\"},\"image\":{\"@id\":\"https:\/\/newsestlyonnais.fr\/site\/#\/schema\/logo\/image\/\"}},{\"@type\":\"Person\",\"@id\":\"https:\/\/newsestlyonnais.fr\/site\/#\/schema\/person\/3230d5615f390bb808365d673001e887\",\"name\":\"R\u00e9dac. NEWS\",\"sameAs\":[\"http:\/\/www.newsestlyonnais.fr\",\"https:\/\/www.facebook.com\/pascal.oberson.1?fref=ts\",\"https:\/\/fr.linkedin.com\/in\/pascal-oberson-b17045113\"],\"url\":\"https:\/\/newsestlyonnais.fr\/site\/author\/nel\/\"}]}<\/script>\n<!-- \/ Yoast SEO plugin. -->","yoast_head_json":{"title":"LYON 3\u00b0 : Le Lyon Basket Fauteuil s'incline \u00e0 domicile face \u00e0 Gennevilliers","description":"LYON 3\u00b0 : Le Lyon Basket Fauteuil s'incline \u00e0 domicile face \u00e0 Gennevilliers","robots":{"index":"index","follow":"follow","max-snippet":"max-snippet:-1","max-image-preview":"max-image-preview:large","max-video-preview":"max-video-preview:-1"},"canonical":"https:\/\/newsestlyonnais.fr\/site\/2017\/10\/29\/lyon-3-lyon-basket-fauteuil-sincline-a-domicile-face-a-gennevilliers\/","og_locale":"fr_FR","og_type":"article","og_title":"LYON 3\u00b0 : Le Lyon Basket Fauteuil s'incline \u00e0 domicile face \u00e0 Gennevilliers","og_description":"LYON 3\u00b0 : Le Lyon Basket Fauteuil s'incline \u00e0 domicile face \u00e0 Gennevilliers","og_url":"https:\/\/newsestlyonnais.fr\/site\/2017\/10\/29\/lyon-3-lyon-basket-fauteuil-sincline-a-domicile-face-a-gennevilliers\/","og_site_name":"News Est Lyonnais","article_author":"https:\/\/www.facebook.com\/pascal.oberson.1?fref=ts","article_published_time":"2017-10-29T14:57:38+00:00","article_modified_time":"2020-10-27T14:54:26+00:00","og_image":[{"width":700,"height":467,"url":"https:\/\/i2.wp.com\/newsestlyonnais.fr\/site\/wp-content\/uploads\/2017\/10\/NEWSESTLYONNAIS-DRAME.jpg?fit=700%2C467&ssl=1","type":"image\/jpeg"}],"author":"R\u00e9dac. NEWS","twitter_card":"summary_large_image","twitter_misc":{"\u00c9crit par":"R\u00e9dac. NEWS","Dur\u00e9e de lecture estim\u00e9e":"2 minutes"},"schema":{"@context":"https:\/\/schema.org","@graph":[{"@type":"Article","@id":"https:\/\/newsestlyonnais.fr\/site\/2017\/10\/29\/lyon-3-lyon-basket-fauteuil-sincline-a-domicile-face-a-gennevilliers\/#article","isPartOf":{"@id":"https:\/\/newsestlyonnais.fr\/site\/2017\/10\/29\/lyon-3-lyon-basket-fauteuil-sincline-a-domicile-face-a-gennevilliers\/"},"author":{"name":"R\u00e9dac. NEWS","@id":"https:\/\/newsestlyonnais.fr\/site\/#\/schema\/person\/3230d5615f390bb808365d673001e887"},"headline":"LYON 3 | Lyon Basket Fauteuil s&rsquo;incline \u00e0 domicile face \u00e0 Gennevilliers","datePublished":"2017-10-29T14:57:38+00:00","dateModified":"2020-10-27T14:54:26+00:00","mainEntityOfPage":{"@id":"https:\/\/newsestlyonnais.fr\/site\/2017\/10\/29\/lyon-3-lyon-basket-fauteuil-sincline-a-domicile-face-a-gennevilliers\/"},"wordCount":390,"commentCount":0,"publisher":{"@id":"https:\/\/newsestlyonnais.fr\/site\/#organization"},"image":{"@id":"https:\/\/newsestlyonnais.fr\/site\/2017\/10\/29\/lyon-3-lyon-basket-fauteuil-sincline-a-domicile-face-a-gennevilliers\/#primaryimage"},"thumbnailUrl":"https:\/\/newsestlyonnais.fr\/site\/wp-content\/uploads\/2017\/10\/NEWSESTLYONNAIS-DRAME.jpg","articleSection":["Basket","Basket | Hand | Volley","Handi &amp; adapt\u00e9","Lyon"],"inLanguage":"fr-FR","potentialAction":[{"@type":"CommentAction","name":"Comment","target":["https:\/\/newsestlyonnais.fr\/site\/2017\/10\/29\/lyon-3-lyon-basket-fauteuil-sincline-a-domicile-face-a-gennevilliers\/#respond"]}]},{"@type":"WebPage","@id":"https:\/\/newsestlyonnais.fr\/site\/2017\/10\/29\/lyon-3-lyon-basket-fauteuil-sincline-a-domicile-face-a-gennevilliers\/","url":"https:\/\/newsestlyonnais.fr\/site\/2017\/10\/29\/lyon-3-lyon-basket-fauteuil-sincline-a-domicile-face-a-gennevilliers\/","name":"LYON 3\u00b0 : Le Lyon Basket Fauteuil s'incline \u00e0 domicile face \u00e0 Gennevilliers","isPartOf":{"@id":"https:\/\/newsestlyonnais.fr\/site\/#website"},"primaryImageOfPage":{"@id":"https:\/\/newsestlyonnais.fr\/site\/2017\/10\/29\/lyon-3-lyon-basket-fauteuil-sincline-a-domicile-face-a-gennevilliers\/#primaryimage"},"image":{"@id":"https:\/\/newsestlyonnais.fr\/site\/2017\/10\/29\/lyon-3-lyon-basket-fauteuil-sincline-a-domicile-face-a-gennevilliers\/#primaryimage"},"thumbnailUrl":"https:\/\/newsestlyonnais.fr\/site\/wp-content\/uploads\/2017\/10\/NEWSESTLYONNAIS-DRAME.jpg","datePublished":"2017-10-29T14:57:38+00:00","dateModified":"2020-10-27T14:54:26+00:00","description":"LYON 3\u00b0 : Le Lyon Basket Fauteuil s'incline \u00e0 domicile face \u00e0 Gennevilliers","breadcrumb":{"@id":"https:\/\/newsestlyonnais.fr\/site\/2017\/10\/29\/lyon-3-lyon-basket-fauteuil-sincline-a-domicile-face-a-gennevilliers\/#breadcrumb"},"inLanguage":"fr-FR","potentialAction":[{"@type":"ReadAction","target":["https:\/\/newsestlyonnais.fr\/site\/2017\/10\/29\/lyon-3-lyon-basket-fauteuil-sincline-a-domicile-face-a-gennevilliers\/"]}]},{"@type":"ImageObject","inLanguage":"fr-FR","@id":"https:\/\/newsestlyonnais.fr\/site\/2017\/10\/29\/lyon-3-lyon-basket-fauteuil-sincline-a-domicile-face-a-gennevilliers\/#primaryimage","url":"https:\/\/newsestlyonnais.fr\/site\/wp-content\/uploads\/2017\/10\/NEWSESTLYONNAIS-DRAME.jpg","contentUrl":"https:\/\/newsestlyonnais.fr\/site\/wp-content\/uploads\/2017\/10\/NEWSESTLYONNAIS-DRAME.jpg","width":700,"height":467,"caption":"NEWSESTLYONNAIS - DRAME"},{"@type":"BreadcrumbList","@id":"https:\/\/newsestlyonnais.fr\/site\/2017\/10\/29\/lyon-3-lyon-basket-fauteuil-sincline-a-domicile-face-a-gennevilliers\/#breadcrumb","itemListElement":[{"@type":"ListItem","position":1,"name":"Accueil","item":"https:\/\/newsestlyonnais.fr\/site\/"},{"@type":"ListItem","position":2,"name":"LYON 3 | Lyon Basket Fauteuil s&rsquo;incline \u00e0 domicile face \u00e0 Gennevilliers"}]},{"@type":"WebSite","@id":"https:\/\/newsestlyonnais.fr\/site\/#website","url":"https:\/\/newsestlyonnais.fr\/site\/","name":"News Est Lyonnais","description":"L&#039;actualit\u00e9 au plus pr\u00e8s","publisher":{"@id":"https:\/\/newsestlyonnais.fr\/site\/#organization"},"potentialAction":[{"@type":"SearchAction","target":{"@type":"EntryPoint","urlTemplate":"https:\/\/newsestlyonnais.fr\/site\/?s={search_term_string}"},"query-input":{"@type":"PropertyValueSpecification","valueRequired":true,"valueName":"search_term_string"}}],"inLanguage":"fr-FR"},{"@type":"Organization","@id":"https:\/\/newsestlyonnais.fr\/site\/#organization","name":"News EST LYONNAIS","url":"https:\/\/newsestlyonnais.fr\/site\/","logo":{"@type":"ImageObject","inLanguage":"fr-FR","@id":"https:\/\/newsestlyonnais.fr\/site\/#\/schema\/logo\/image\/","url":"","contentUrl":"","caption":"News EST LYONNAIS"},"image":{"@id":"https:\/\/newsestlyonnais.fr\/site\/#\/schema\/logo\/image\/"}},{"@type":"Person","@id":"https:\/\/newsestlyonnais.fr\/site\/#\/schema\/person\/3230d5615f390bb808365d673001e887","name":"R\u00e9dac. NEWS","sameAs":["http:\/\/www.newsestlyonnais.fr","https:\/\/www.facebook.com\/pascal.oberson.1?fref=ts","https:\/\/fr.linkedin.com\/in\/pascal-oberson-b17045113"],"url":"https:\/\/newsestlyonnais.fr\/site\/author\/nel\/"}]}},"_links":{"self":[{"href":"https:\/\/newsestlyonnais.fr\/site\/wp-json\/wp\/v2\/posts\/37453","targetHints":{"allow":["GET"]}}],"collection":[{"href":"https:\/\/newsestlyonnais.fr\/site\/wp-json\/wp\/v2\/posts"}],"about":[{"href":"https:\/\/newsestlyonnais.fr\/site\/wp-json\/wp\/v2\/types\/post"}],"author":[{"embeddable":true,"href":"https:\/\/newsestlyonnais.fr\/site\/wp-json\/wp\/v2\/users\/4"}],"replies":[{"embeddable":true,"href":"https:\/\/newsestlyonnais.fr\/site\/wp-json\/wp\/v2\/comments?post=37453"}],"version-history":[{"count":0,"href":"https:\/\/newsestlyonnais.fr\/site\/wp-json\/wp\/v2\/posts\/37453\/revisions"}],"wp:featuredmedia":[{"embeddable":true,"href":"https:\/\/newsestlyonnais.fr\/site\/wp-json\/wp\/v2\/media\/37459"}],"wp:attachment":[{"href":"https:\/\/newsestlyonnais.fr\/site\/wp-json\/wp\/v2\/media?parent=37453"}],"wp:term":[{"taxonomy":"category","embeddable":true,"href":"https:\/\/newsestlyonnais.fr\/site\/wp-json\/wp\/v2\/categories?post=37453"},{"taxonomy":"post_tag","embeddable":true,"href":"https:\/\/newsestlyonnais.fr\/site\/wp-json\/wp\/v2\/tags?post=37453"}],"curies":[{"name":"wp","href":"https:\/\/api.w.org\/{rel}","templated":true}]}}