{"id":37517,"date":"2017-10-30T07:30:49","date_gmt":"2017-10-30T06:30:49","guid":{"rendered":"http:\/\/newsestlyonnais.fr\/site\/?p=37517"},"modified":"2020-11-06T16:06:33","modified_gmt":"2020-11-06T15:06:33","slug":"venissieux-des-medailles-pour-le-sen-no-sen-aux-niveaux-departemental-et-national","status":"publish","type":"post","link":"https:\/\/newsestlyonnais.fr\/site\/2017\/10\/30\/venissieux-des-medailles-pour-le-sen-no-sen-aux-niveaux-departemental-et-national\/","title":{"rendered":"VENISSIEUX | Des m\u00e9dailles pour le Sen No Sen aux niveaux d\u00e9partemental et national"},"content":{"rendered":"<h4 class=\"ox-be1217639c-MsoNormal\">Ce week-end, le Sen No Sen Karat\u00e9 V\u00e9nissieux concourrait au niveau national (Open Adidas), et d\u00e9partemental (championnat combats minimes, cadets et juniors) avec un remarquable bilan sportif \u00e0 la cl\u00e9.<\/h4>\n<p>Voici le d\u00e9tail par comp\u00e9tition:<\/p>\n<ul>\n<li class=\"ox-be1217639c-MsoNormal\"><span style=\"text-decoration: underline\"><em><strong>Open Adidas:<\/strong><\/em><\/span> Ilies Elguir s\u2019illustre en cadets (- 52 kg) en remportant la m\u00e9daille d\u2019argent, Idriss Bakhti se classe 5\u00b0 en juniors (- 68 kg).<\/li>\n<li><span style=\"text-decoration: underline\"><em><strong>Championnat d\u00e9partemental combats minimes, cadets et juniors<\/strong><\/em><\/span> : le Sen No Sen Karat\u00e9 V\u00e9nissieux remporte 18 \u00a0m\u00e9dailles (7 en or, 4 en argent et 7 en bronze) r\u00e9parties ainsi :<\/li>\n<\/ul>\n<p>L&rsquo;<span style=\"text-decoration: underline\">or<\/span> sont pour Ghania Bellout (minimes &#8211; 45 kg), Nawel Mezouar (minimes &#8211;\u00a0 50 kg), Anis Djebbar (minimes &#8211; 65 kg), S\u00e9phise Aouf (juniors &#8211;\u00a0 59 kg), Kamil Merah (juniors &#8211; 68 kg) et les \u00e9quipes juniors f\u00e9minines (Liana Merah, Shanessa Nemer Boulabnane, S\u00e9phise Aouf et Jasmine Nekoul) et masculines (Kamil Merah, Phostin Aouf, Adil Ouafi et Nassim, Imrane et Elyes Toumi).<\/p>\n<p class=\"ox-be1217639c-MsoNormal\">L&rsquo;<span style=\"text-decoration: underline\">argent<\/span> pour Nisrin Nekoul (minimes &#8211; 40 kg), Robin Duranton (minimes &#8211; 45 kg), Shanessa Nemer Boulabnane (juniors &#8211; 53 kg) &amp; Phostin Aouf (juniors &#8211; 68 kg).<\/p>\n<p class=\"ox-be1217639c-MsoNormal\">Le <span style=\"text-decoration: underline\">bronze<\/span> pour Marhia Djebaili (minimes &#8211; 55 kg), Amina Bekhaled et Jasmine Nekoul (cadettes + 54 kg), Antoine Bouillard et Imrane Toumi (cadets &#8211; 52 kg), Elyes Toumi (cadets masculins &#8211; 63 kg) et Adil Ouafi (cadets masculins &#8211; 70 kg).<\/p>\n<p>A noter les belles places 5\u00b0 places obtenues par: Fanta Saley (cadettes + 54 kg) &amp; Nassim Toumi (juniors &#8211; 68 kg).<\/p>\n<ul>\n<li>\n<h4>Retrouvez l&rsquo;ACTU du SEN NO SEN sur : <a href=\"http:\/\/sennosen.e-monsite.com\" target=\"_blank\" rel=\"noopener noreferrer\">http:\/\/sennosen.e-monsite.com<\/a><\/h4>\n<\/li>\n<\/ul>\n<p><img loading=\"lazy\" decoding=\"async\" class=\"alignleft size-full wp-image-37531\" src=\"https:\/\/newsestlyonnais.fr\/site\/medias\/2017\/10\/NEWSESTLYONNAIS-SEN-NO-SEN-02-2.jpg\" alt=\"NEWSESTLYONNAIS - SEN NO SEN 02 (2)\" width=\"1181\" height=\"1252\" srcset=\"https:\/\/newsestlyonnais.fr\/site\/wp-content\/uploads\/2017\/10\/NEWSESTLYONNAIS-SEN-NO-SEN-02-2.jpg 1181w, https:\/\/newsestlyonnais.fr\/site\/wp-content\/uploads\/2017\/10\/NEWSESTLYONNAIS-SEN-NO-SEN-02-2-283x300.jpg 283w, https:\/\/newsestlyonnais.fr\/site\/wp-content\/uploads\/2017\/10\/NEWSESTLYONNAIS-SEN-NO-SEN-02-2-768x814.jpg 768w, https:\/\/newsestlyonnais.fr\/site\/wp-content\/uploads\/2017\/10\/NEWSESTLYONNAIS-SEN-NO-SEN-02-2-707x750.jpg 707w, https:\/\/newsestlyonnais.fr\/site\/wp-content\/uploads\/2017\/10\/NEWSESTLYONNAIS-SEN-NO-SEN-02-2-600x636.jpg 600w\" sizes=\"auto, (max-width: 1181px) 100vw, 1181px\" \/><\/p>\n<p>&nbsp;<\/p>\n","protected":false},"excerpt":{"rendered":"<p>Ce week-end, le Sen No Sen Karat\u00e9 V\u00e9nissieux concourrait au niveau national (Open Adidas), et d\u00e9partemental (championnat combats minimes, cadets et juniors) avec un remarquable bilan sportif \u00e0 la cl\u00e9. Voici le d\u00e9tail par comp\u00e9tition: Open Adidas: Ilies Elguir s\u2019illustre en cadets (- 52 kg) en remportant la m\u00e9daille d\u2019argent, Idriss Bakhti se classe 5\u00b0 [&hellip;]<\/p>\n","protected":false},"author":4,"featured_media":37530,"comment_status":"open","ping_status":"open","sticky":false,"template":"","format":"standard","meta":{"footnotes":""},"categories":[2994,1353,1298],"tags":[],"class_list":["post-37517","post","type-post","status-publish","format-standard","has-post-thumbnail","hentry","category-judo-karate-taekwondo-sports","category-karate","category-venissieux"],"yoast_head":"<!-- This site is optimized with the Yoast SEO plugin v27.2 - https:\/\/yoast.com\/product\/yoast-seo-wordpress\/ -->\n<title>VENISSIEUX : Des m\u00e9dailles pour le Sen No Sen aux niveaux d\u00e9partemental et national<\/title>\n<meta name=\"description\" content=\"VENISSIEUX : Des m\u00e9dailles pour le Sen No Sen aux niveaux d\u00e9partemental et national\" \/>\n<meta name=\"robots\" content=\"index, follow, max-snippet:-1, max-image-preview:large, max-video-preview:-1\" \/>\n<link rel=\"canonical\" href=\"https:\/\/newsestlyonnais.fr\/site\/2017\/10\/30\/venissieux-des-medailles-pour-le-sen-no-sen-aux-niveaux-departemental-et-national\/\" \/>\n<meta property=\"og:locale\" content=\"fr_FR\" \/>\n<meta property=\"og:type\" content=\"article\" \/>\n<meta property=\"og:title\" content=\"VENISSIEUX : Des m\u00e9dailles pour le Sen No Sen aux niveaux d\u00e9partemental et national\" \/>\n<meta property=\"og:description\" content=\"VENISSIEUX : Des m\u00e9dailles pour le Sen No Sen aux niveaux d\u00e9partemental et national\" \/>\n<meta property=\"og:url\" content=\"https:\/\/newsestlyonnais.fr\/site\/2017\/10\/30\/venissieux-des-medailles-pour-le-sen-no-sen-aux-niveaux-departemental-et-national\/\" \/>\n<meta property=\"og:site_name\" content=\"News Est Lyonnais\" \/>\n<meta property=\"article:author\" content=\"https:\/\/www.facebook.com\/pascal.oberson.1?fref=ts\" \/>\n<meta property=\"article:published_time\" content=\"2017-10-30T06:30:49+00:00\" \/>\n<meta property=\"article:modified_time\" content=\"2020-11-06T15:06:33+00:00\" \/>\n<meta property=\"og:image\" content=\"https:\/\/newsestlyonnais.fr\/site\/wp-content\/uploads\/2017\/10\/DSC_1250-1000x740.jpg\" \/>\n\t<meta property=\"og:image:width\" content=\"1000\" \/>\n\t<meta property=\"og:image:height\" content=\"740\" \/>\n\t<meta property=\"og:image:type\" content=\"image\/jpeg\" \/>\n<meta name=\"author\" content=\"R\u00e9dac. NEWS\" \/>\n<meta name=\"twitter:card\" content=\"summary_large_image\" \/>\n<meta name=\"twitter:label1\" content=\"\u00c9crit par\" \/>\n\t<meta name=\"twitter:data1\" content=\"R\u00e9dac. NEWS\" \/>\n\t<meta name=\"twitter:label2\" content=\"Dur\u00e9e de lecture estim\u00e9e\" \/>\n\t<meta name=\"twitter:data2\" content=\"1 minute\" \/>\n<script type=\"application\/ld+json\" class=\"yoast-schema-graph\">{\"@context\":\"https:\/\/schema.org\",\"@graph\":[{\"@type\":\"Article\",\"@id\":\"https:\/\/newsestlyonnais.fr\/site\/2017\/10\/30\/venissieux-des-medailles-pour-le-sen-no-sen-aux-niveaux-departemental-et-national\/#article\",\"isPartOf\":{\"@id\":\"https:\/\/newsestlyonnais.fr\/site\/2017\/10\/30\/venissieux-des-medailles-pour-le-sen-no-sen-aux-niveaux-departemental-et-national\/\"},\"author\":{\"name\":\"R\u00e9dac. NEWS\",\"@id\":\"https:\/\/newsestlyonnais.fr\/site\/#\/schema\/person\/3230d5615f390bb808365d673001e887\"},\"headline\":\"VENISSIEUX | Des m\u00e9dailles pour le Sen No Sen aux niveaux d\u00e9partemental et national\",\"datePublished\":\"2017-10-30T06:30:49+00:00\",\"dateModified\":\"2020-11-06T15:06:33+00:00\",\"mainEntityOfPage\":{\"@id\":\"https:\/\/newsestlyonnais.fr\/site\/2017\/10\/30\/venissieux-des-medailles-pour-le-sen-no-sen-aux-niveaux-departemental-et-national\/\"},\"wordCount\":259,\"commentCount\":0,\"publisher\":{\"@id\":\"https:\/\/newsestlyonnais.fr\/site\/#organization\"},\"image\":{\"@id\":\"https:\/\/newsestlyonnais.fr\/site\/2017\/10\/30\/venissieux-des-medailles-pour-le-sen-no-sen-aux-niveaux-departemental-et-national\/#primaryimage\"},\"thumbnailUrl\":\"https:\/\/newsestlyonnais.fr\/site\/wp-content\/uploads\/2017\/10\/DSC_1250.jpg\",\"articleSection\":[\"Judo| Karat\u00e9| Taekwondo\",\"Karat\u00e9\",\"V\u00e9nissieux\"],\"inLanguage\":\"fr-FR\",\"potentialAction\":[{\"@type\":\"CommentAction\",\"name\":\"Comment\",\"target\":[\"https:\/\/newsestlyonnais.fr\/site\/2017\/10\/30\/venissieux-des-medailles-pour-le-sen-no-sen-aux-niveaux-departemental-et-national\/#respond\"]}]},{\"@type\":\"WebPage\",\"@id\":\"https:\/\/newsestlyonnais.fr\/site\/2017\/10\/30\/venissieux-des-medailles-pour-le-sen-no-sen-aux-niveaux-departemental-et-national\/\",\"url\":\"https:\/\/newsestlyonnais.fr\/site\/2017\/10\/30\/venissieux-des-medailles-pour-le-sen-no-sen-aux-niveaux-departemental-et-national\/\",\"name\":\"VENISSIEUX : Des m\u00e9dailles pour le Sen No Sen aux niveaux d\u00e9partemental et national\",\"isPartOf\":{\"@id\":\"https:\/\/newsestlyonnais.fr\/site\/#website\"},\"primaryImageOfPage\":{\"@id\":\"https:\/\/newsestlyonnais.fr\/site\/2017\/10\/30\/venissieux-des-medailles-pour-le-sen-no-sen-aux-niveaux-departemental-et-national\/#primaryimage\"},\"image\":{\"@id\":\"https:\/\/newsestlyonnais.fr\/site\/2017\/10\/30\/venissieux-des-medailles-pour-le-sen-no-sen-aux-niveaux-departemental-et-national\/#primaryimage\"},\"thumbnailUrl\":\"https:\/\/newsestlyonnais.fr\/site\/wp-content\/uploads\/2017\/10\/DSC_1250.jpg\",\"datePublished\":\"2017-10-30T06:30:49+00:00\",\"dateModified\":\"2020-11-06T15:06:33+00:00\",\"description\":\"VENISSIEUX : Des m\u00e9dailles pour le Sen No Sen aux niveaux d\u00e9partemental et national\",\"breadcrumb\":{\"@id\":\"https:\/\/newsestlyonnais.fr\/site\/2017\/10\/30\/venissieux-des-medailles-pour-le-sen-no-sen-aux-niveaux-departemental-et-national\/#breadcrumb\"},\"inLanguage\":\"fr-FR\",\"potentialAction\":[{\"@type\":\"ReadAction\",\"target\":[\"https:\/\/newsestlyonnais.fr\/site\/2017\/10\/30\/venissieux-des-medailles-pour-le-sen-no-sen-aux-niveaux-departemental-et-national\/\"]}]},{\"@type\":\"ImageObject\",\"inLanguage\":\"fr-FR\",\"@id\":\"https:\/\/newsestlyonnais.fr\/site\/2017\/10\/30\/venissieux-des-medailles-pour-le-sen-no-sen-aux-niveaux-departemental-et-national\/#primaryimage\",\"url\":\"https:\/\/newsestlyonnais.fr\/site\/wp-content\/uploads\/2017\/10\/DSC_1250.jpg\",\"contentUrl\":\"https:\/\/newsestlyonnais.fr\/site\/wp-content\/uploads\/2017\/10\/DSC_1250.jpg\",\"width\":4499,\"height\":3329,\"caption\":\"NEWSESTLYONNAIS - SEN NO SEN COMPET\"},{\"@type\":\"BreadcrumbList\",\"@id\":\"https:\/\/newsestlyonnais.fr\/site\/2017\/10\/30\/venissieux-des-medailles-pour-le-sen-no-sen-aux-niveaux-departemental-et-national\/#breadcrumb\",\"itemListElement\":[{\"@type\":\"ListItem\",\"position\":1,\"name\":\"Accueil\",\"item\":\"https:\/\/newsestlyonnais.fr\/site\/\"},{\"@type\":\"ListItem\",\"position\":2,\"name\":\"VENISSIEUX | Des m\u00e9dailles pour le Sen No Sen aux niveaux d\u00e9partemental et national\"}]},{\"@type\":\"WebSite\",\"@id\":\"https:\/\/newsestlyonnais.fr\/site\/#website\",\"url\":\"https:\/\/newsestlyonnais.fr\/site\/\",\"name\":\"News Est Lyonnais\",\"description\":\"L&#039;actualit\u00e9 au plus pr\u00e8s\",\"publisher\":{\"@id\":\"https:\/\/newsestlyonnais.fr\/site\/#organization\"},\"potentialAction\":[{\"@type\":\"SearchAction\",\"target\":{\"@type\":\"EntryPoint\",\"urlTemplate\":\"https:\/\/newsestlyonnais.fr\/site\/?s={search_term_string}\"},\"query-input\":{\"@type\":\"PropertyValueSpecification\",\"valueRequired\":true,\"valueName\":\"search_term_string\"}}],\"inLanguage\":\"fr-FR\"},{\"@type\":\"Organization\",\"@id\":\"https:\/\/newsestlyonnais.fr\/site\/#organization\",\"name\":\"News EST LYONNAIS\",\"url\":\"https:\/\/newsestlyonnais.fr\/site\/\",\"logo\":{\"@type\":\"ImageObject\",\"inLanguage\":\"fr-FR\",\"@id\":\"https:\/\/newsestlyonnais.fr\/site\/#\/schema\/logo\/image\/\",\"url\":\"\",\"contentUrl\":\"\",\"caption\":\"News EST LYONNAIS\"},\"image\":{\"@id\":\"https:\/\/newsestlyonnais.fr\/site\/#\/schema\/logo\/image\/\"}},{\"@type\":\"Person\",\"@id\":\"https:\/\/newsestlyonnais.fr\/site\/#\/schema\/person\/3230d5615f390bb808365d673001e887\",\"name\":\"R\u00e9dac. NEWS\",\"sameAs\":[\"http:\/\/www.newsestlyonnais.fr\",\"https:\/\/www.facebook.com\/pascal.oberson.1?fref=ts\",\"https:\/\/fr.linkedin.com\/in\/pascal-oberson-b17045113\"],\"url\":\"https:\/\/newsestlyonnais.fr\/site\/author\/nel\/\"}]}<\/script>\n<!-- \/ Yoast SEO plugin. -->","yoast_head_json":{"title":"VENISSIEUX : Des m\u00e9dailles pour le Sen No Sen aux niveaux d\u00e9partemental et national","description":"VENISSIEUX : Des m\u00e9dailles pour le Sen No Sen aux niveaux d\u00e9partemental et national","robots":{"index":"index","follow":"follow","max-snippet":"max-snippet:-1","max-image-preview":"max-image-preview:large","max-video-preview":"max-video-preview:-1"},"canonical":"https:\/\/newsestlyonnais.fr\/site\/2017\/10\/30\/venissieux-des-medailles-pour-le-sen-no-sen-aux-niveaux-departemental-et-national\/","og_locale":"fr_FR","og_type":"article","og_title":"VENISSIEUX : Des m\u00e9dailles pour le Sen No Sen aux niveaux d\u00e9partemental et national","og_description":"VENISSIEUX : Des m\u00e9dailles pour le Sen No Sen aux niveaux d\u00e9partemental et national","og_url":"https:\/\/newsestlyonnais.fr\/site\/2017\/10\/30\/venissieux-des-medailles-pour-le-sen-no-sen-aux-niveaux-departemental-et-national\/","og_site_name":"News Est Lyonnais","article_author":"https:\/\/www.facebook.com\/pascal.oberson.1?fref=ts","article_published_time":"2017-10-30T06:30:49+00:00","article_modified_time":"2020-11-06T15:06:33+00:00","og_image":[{"width":1000,"height":740,"url":"https:\/\/newsestlyonnais.fr\/site\/wp-content\/uploads\/2017\/10\/DSC_1250-1000x740.jpg","type":"image\/jpeg"}],"author":"R\u00e9dac. NEWS","twitter_card":"summary_large_image","twitter_misc":{"\u00c9crit par":"R\u00e9dac. NEWS","Dur\u00e9e de lecture estim\u00e9e":"1 minute"},"schema":{"@context":"https:\/\/schema.org","@graph":[{"@type":"Article","@id":"https:\/\/newsestlyonnais.fr\/site\/2017\/10\/30\/venissieux-des-medailles-pour-le-sen-no-sen-aux-niveaux-departemental-et-national\/#article","isPartOf":{"@id":"https:\/\/newsestlyonnais.fr\/site\/2017\/10\/30\/venissieux-des-medailles-pour-le-sen-no-sen-aux-niveaux-departemental-et-national\/"},"author":{"name":"R\u00e9dac. NEWS","@id":"https:\/\/newsestlyonnais.fr\/site\/#\/schema\/person\/3230d5615f390bb808365d673001e887"},"headline":"VENISSIEUX | Des m\u00e9dailles pour le Sen No Sen aux niveaux d\u00e9partemental et national","datePublished":"2017-10-30T06:30:49+00:00","dateModified":"2020-11-06T15:06:33+00:00","mainEntityOfPage":{"@id":"https:\/\/newsestlyonnais.fr\/site\/2017\/10\/30\/venissieux-des-medailles-pour-le-sen-no-sen-aux-niveaux-departemental-et-national\/"},"wordCount":259,"commentCount":0,"publisher":{"@id":"https:\/\/newsestlyonnais.fr\/site\/#organization"},"image":{"@id":"https:\/\/newsestlyonnais.fr\/site\/2017\/10\/30\/venissieux-des-medailles-pour-le-sen-no-sen-aux-niveaux-departemental-et-national\/#primaryimage"},"thumbnailUrl":"https:\/\/newsestlyonnais.fr\/site\/wp-content\/uploads\/2017\/10\/DSC_1250.jpg","articleSection":["Judo| Karat\u00e9| Taekwondo","Karat\u00e9","V\u00e9nissieux"],"inLanguage":"fr-FR","potentialAction":[{"@type":"CommentAction","name":"Comment","target":["https:\/\/newsestlyonnais.fr\/site\/2017\/10\/30\/venissieux-des-medailles-pour-le-sen-no-sen-aux-niveaux-departemental-et-national\/#respond"]}]},{"@type":"WebPage","@id":"https:\/\/newsestlyonnais.fr\/site\/2017\/10\/30\/venissieux-des-medailles-pour-le-sen-no-sen-aux-niveaux-departemental-et-national\/","url":"https:\/\/newsestlyonnais.fr\/site\/2017\/10\/30\/venissieux-des-medailles-pour-le-sen-no-sen-aux-niveaux-departemental-et-national\/","name":"VENISSIEUX : Des m\u00e9dailles pour le Sen No Sen aux niveaux d\u00e9partemental et national","isPartOf":{"@id":"https:\/\/newsestlyonnais.fr\/site\/#website"},"primaryImageOfPage":{"@id":"https:\/\/newsestlyonnais.fr\/site\/2017\/10\/30\/venissieux-des-medailles-pour-le-sen-no-sen-aux-niveaux-departemental-et-national\/#primaryimage"},"image":{"@id":"https:\/\/newsestlyonnais.fr\/site\/2017\/10\/30\/venissieux-des-medailles-pour-le-sen-no-sen-aux-niveaux-departemental-et-national\/#primaryimage"},"thumbnailUrl":"https:\/\/newsestlyonnais.fr\/site\/wp-content\/uploads\/2017\/10\/DSC_1250.jpg","datePublished":"2017-10-30T06:30:49+00:00","dateModified":"2020-11-06T15:06:33+00:00","description":"VENISSIEUX : Des m\u00e9dailles pour le Sen No Sen aux niveaux d\u00e9partemental et national","breadcrumb":{"@id":"https:\/\/newsestlyonnais.fr\/site\/2017\/10\/30\/venissieux-des-medailles-pour-le-sen-no-sen-aux-niveaux-departemental-et-national\/#breadcrumb"},"inLanguage":"fr-FR","potentialAction":[{"@type":"ReadAction","target":["https:\/\/newsestlyonnais.fr\/site\/2017\/10\/30\/venissieux-des-medailles-pour-le-sen-no-sen-aux-niveaux-departemental-et-national\/"]}]},{"@type":"ImageObject","inLanguage":"fr-FR","@id":"https:\/\/newsestlyonnais.fr\/site\/2017\/10\/30\/venissieux-des-medailles-pour-le-sen-no-sen-aux-niveaux-departemental-et-national\/#primaryimage","url":"https:\/\/newsestlyonnais.fr\/site\/wp-content\/uploads\/2017\/10\/DSC_1250.jpg","contentUrl":"https:\/\/newsestlyonnais.fr\/site\/wp-content\/uploads\/2017\/10\/DSC_1250.jpg","width":4499,"height":3329,"caption":"NEWSESTLYONNAIS - SEN NO SEN COMPET"},{"@type":"BreadcrumbList","@id":"https:\/\/newsestlyonnais.fr\/site\/2017\/10\/30\/venissieux-des-medailles-pour-le-sen-no-sen-aux-niveaux-departemental-et-national\/#breadcrumb","itemListElement":[{"@type":"ListItem","position":1,"name":"Accueil","item":"https:\/\/newsestlyonnais.fr\/site\/"},{"@type":"ListItem","position":2,"name":"VENISSIEUX | Des m\u00e9dailles pour le Sen No Sen aux niveaux d\u00e9partemental et national"}]},{"@type":"WebSite","@id":"https:\/\/newsestlyonnais.fr\/site\/#website","url":"https:\/\/newsestlyonnais.fr\/site\/","name":"News Est Lyonnais","description":"L&#039;actualit\u00e9 au plus pr\u00e8s","publisher":{"@id":"https:\/\/newsestlyonnais.fr\/site\/#organization"},"potentialAction":[{"@type":"SearchAction","target":{"@type":"EntryPoint","urlTemplate":"https:\/\/newsestlyonnais.fr\/site\/?s={search_term_string}"},"query-input":{"@type":"PropertyValueSpecification","valueRequired":true,"valueName":"search_term_string"}}],"inLanguage":"fr-FR"},{"@type":"Organization","@id":"https:\/\/newsestlyonnais.fr\/site\/#organization","name":"News EST LYONNAIS","url":"https:\/\/newsestlyonnais.fr\/site\/","logo":{"@type":"ImageObject","inLanguage":"fr-FR","@id":"https:\/\/newsestlyonnais.fr\/site\/#\/schema\/logo\/image\/","url":"","contentUrl":"","caption":"News EST LYONNAIS"},"image":{"@id":"https:\/\/newsestlyonnais.fr\/site\/#\/schema\/logo\/image\/"}},{"@type":"Person","@id":"https:\/\/newsestlyonnais.fr\/site\/#\/schema\/person\/3230d5615f390bb808365d673001e887","name":"R\u00e9dac. NEWS","sameAs":["http:\/\/www.newsestlyonnais.fr","https:\/\/www.facebook.com\/pascal.oberson.1?fref=ts","https:\/\/fr.linkedin.com\/in\/pascal-oberson-b17045113"],"url":"https:\/\/newsestlyonnais.fr\/site\/author\/nel\/"}]}},"_links":{"self":[{"href":"https:\/\/newsestlyonnais.fr\/site\/wp-json\/wp\/v2\/posts\/37517","targetHints":{"allow":["GET"]}}],"collection":[{"href":"https:\/\/newsestlyonnais.fr\/site\/wp-json\/wp\/v2\/posts"}],"about":[{"href":"https:\/\/newsestlyonnais.fr\/site\/wp-json\/wp\/v2\/types\/post"}],"author":[{"embeddable":true,"href":"https:\/\/newsestlyonnais.fr\/site\/wp-json\/wp\/v2\/users\/4"}],"replies":[{"embeddable":true,"href":"https:\/\/newsestlyonnais.fr\/site\/wp-json\/wp\/v2\/comments?post=37517"}],"version-history":[{"count":0,"href":"https:\/\/newsestlyonnais.fr\/site\/wp-json\/wp\/v2\/posts\/37517\/revisions"}],"wp:featuredmedia":[{"embeddable":true,"href":"https:\/\/newsestlyonnais.fr\/site\/wp-json\/wp\/v2\/media\/37530"}],"wp:attachment":[{"href":"https:\/\/newsestlyonnais.fr\/site\/wp-json\/wp\/v2\/media?parent=37517"}],"wp:term":[{"taxonomy":"category","embeddable":true,"href":"https:\/\/newsestlyonnais.fr\/site\/wp-json\/wp\/v2\/categories?post=37517"},{"taxonomy":"post_tag","embeddable":true,"href":"https:\/\/newsestlyonnais.fr\/site\/wp-json\/wp\/v2\/tags?post=37517"}],"curies":[{"name":"wp","href":"https:\/\/api.w.org\/{rel}","templated":true}]}}