{"id":37574,"date":"2017-10-31T15:12:32","date_gmt":"2017-10-31T14:12:32","guid":{"rendered":"http:\/\/newsestlyonnais.fr\/site\/?p=37574"},"modified":"2020-11-02T14:39:18","modified_gmt":"2020-11-02T13:39:18","slug":"vaulx-velin-nouveau-president-a-tete-vaulx-rugby-league","status":"publish","type":"post","link":"https:\/\/newsestlyonnais.fr\/site\/2017\/10\/31\/vaulx-velin-nouveau-president-a-tete-vaulx-rugby-league\/","title":{"rendered":"VAULX-EN-VELIN | Un nouveau pr\u00e9sident \u00e0 la t\u00eate du Vaulx Rugby League"},"content":{"rendered":"<h4>Le Vaulx en Velin Rugby League XIII (VVRL) tenait son assembl\u00e9e g\u00e9n\u00e9rale ordinaire, lundi soir au sein de l&rsquo;Espace Carco.<\/h4>\n<p>\u00a0\u00bb Ce n&rsquo;est pas une ann\u00e9e \u00e9lective et on va pr\u00e9senter l&rsquo;\u00e9tat de marche du club\u00a0\u00bb confiait Jacques Cavezzan, pr\u00e9sident d\u00e9l\u00e9gu\u00e9 du VVRL en ouvrant la s\u00e9ance. Ceci avant de demander une \u00e9mouvante minute de silence en m\u00e9moire de Michel Debeaux, pr\u00e9sident du club d\u00e9c\u00e9d\u00e9 fin novembre 2016.<\/p>\n<p>Les diff\u00e9rents bilans dress\u00e9s, moral par Jacques Cavezzan, d&rsquo;activit\u00e9s par Matthias Erhardt et financier par Fabien Cavezzan ont permis de constater la bonne sant\u00e9 de ce jeune club \u00e0 l&rsquo;issue de la saison 2016\/2017.<\/p>\n<p>Un dernier exercice marqu\u00e9 par divers \u00e9v\u00e8nements ayant marqu\u00e9 cette saison sur plusieurs points. Sur le plan sportif d&rsquo;abord, avec des titres r\u00e9colt\u00e9s: de championnes de France pour les Lionnes de l&rsquo;Entente VVRL\/Lyon Villeurbanne Rugby et de vice-champions Rh\u00f4ne-Alpes pour les pupilles et poussins. Sur un plan structurel, on notera l&rsquo;arriv\u00e9e de Matthias Erhardt comme \u00e9ducateur sportif et l&rsquo;installation du si\u00e8ge du club \u00e0 l&rsquo;Espace Carco.<\/p>\n<p>Au niveau de l&rsquo;effectif global, celui-ci s&rsquo;est mont\u00e9 \u00e0 109 membres (88 licences comp\u00e9titions et 21 dirigeants) contre 98, l&rsquo;ann\u00e9e pr\u00e9c\u00e9dente et le bilan financier ressort en \u00e9quilibre.<\/p>\n<p>Enfin le club a organis\u00e9 2 \u00e9tapes du Challenge Avenir des Ecoles de rugby et a particip\u00e9 \u00e0 diverses actions (XIII Spartiates, XIII Handi, XIII Open, Parents Sport &amp; Handi&rsquo;Cap au Sud).<\/p>\n<p>Une assembl\u00e9e conclue par la nomination au poste de pr\u00e9sident du club de St\u00e9phane Thirion, auparavant accompagnateur et nouvel entrant au comit\u00e9 directeur. D\u00e9j\u00e0 bien impliqu\u00e9 dans la vie associative et sportive vaudaise, il succ\u00e8de \u00e0 Jaccques Cavezzan qui avait assur\u00e9 l&rsquo;int\u00e9rim en cours de saison et qui l&rsquo;accompagnera pendant la premi\u00e8re ann\u00e9e.<\/p>\n<p><span style=\"text-decoration: underline\"><strong>Le nouveau comit\u00e9 directeur du club <\/strong><\/span>:<\/p>\n<ul>\n<li>Pr\u00e9sident : St\u00e9phane Thirion<\/li>\n<li>Vice-pr\u00e9sident : Jacques Cavezzan<\/li>\n<li>Secr\u00e9taire : Fabien Cavezzan<\/li>\n<li>Tr\u00e9sori\u00e8re : Chantal Moutard<\/li>\n<\/ul>\n<p><span style=\"text-decoration: underline\"><strong>PHOTO A LA UNE<\/strong> <\/span>: Les membres du comit\u00e9 directeur et des participants \u00e0 cette AG, et le nouveau pr\u00e9sident St\u00e9phane Thirion (3\u00b0 en partant de la droite).<\/p>\n<ul>\n<li>\n<h5>Retrouvez l&rsquo;ACTU du club sur : <a href=\"https:\/\/www.facebook.com\/Vaulx-en-Velin-Rugby-League-XIII-1672362323090512\/\" target=\"_blank\" rel=\"noopener noreferrer\">https:\/\/www.facebook.com\/Vaulx-en-Velin-Rugby-League-XIII-1672362323090512\/<\/a><\/h5>\n<\/li>\n<\/ul>\n<div id='gallery-1' class='gallery galleryid-37574 gallery-columns-3 gallery-size-thumbnail'><figure class='gallery-item'>\n\t\t\t<div class='gallery-icon landscape'>\n\t\t\t\t<a href='https:\/\/newsestlyonnais.fr\/site\/2017\/10\/31\/vaulx-velin-nouveau-president-a-tete-vaulx-rugby-league\/newsestlyonnais-ag-rugby-league\/'><img loading=\"lazy\" decoding=\"async\" width=\"150\" height=\"150\" src=\"https:\/\/newsestlyonnais.fr\/site\/wp-content\/uploads\/2017\/10\/NEWSESTLYONNAIS-AG-RUGBY-LEAGUE-150x150.jpg\" class=\"attachment-thumbnail size-thumbnail\" alt=\"NEWSESTLYONNAIS - AG RUGBY LEAGUE\" aria-describedby=\"gallery-1-37578\" \/><\/a>\n\t\t\t<\/div>\n\t\t\t\t<figcaption class='wp-caption-text gallery-caption' id='gallery-1-37578'>\n\t\t\t\tFabien et Jacques Cavezzan et Matthias Erhart ont dirig\u00e9 cette AG\n\t\t\t\t<\/figcaption><\/figure>\n\t\t<\/div>\n\n","protected":false},"excerpt":{"rendered":"<p>Le Vaulx en Velin Rugby League XIII (VVRL) tenait son assembl\u00e9e g\u00e9n\u00e9rale ordinaire, lundi soir au sein de l&rsquo;Espace Carco. \u00a0\u00bb Ce n&rsquo;est pas une ann\u00e9e \u00e9lective et on va pr\u00e9senter l&rsquo;\u00e9tat de marche du club\u00a0\u00bb confiait Jacques Cavezzan, pr\u00e9sident d\u00e9l\u00e9gu\u00e9 du VVRL en ouvrant la s\u00e9ance. Ceci avant de demander une \u00e9mouvante minute de [&hellip;]<\/p>\n","protected":false},"author":4,"featured_media":37576,"comment_status":"open","ping_status":"open","sticky":false,"template":"","format":"standard","meta":{"footnotes":""},"categories":[2996,168,28],"tags":[],"class_list":["post-37574","post","type-post","status-publish","format-standard","has-post-thumbnail","hentry","category-football-rugby","category-rugby-a-xiii","category-vaulx-en-velin"],"yoast_head":"<!-- This site is optimized with the Yoast SEO plugin v27.2 - https:\/\/yoast.com\/product\/yoast-seo-wordpress\/ -->\n<title>VAULX EN VELIN: Un nouveau pr\u00e9sident \u00e0 la t\u00eate du Vaulx Rugby League<\/title>\n<meta name=\"description\" content=\"VAULX EN VELIN: Un nouveau pr\u00e9sident \u00e0 la t\u00eate du Vaulx Rugby League\" \/>\n<meta name=\"robots\" content=\"index, follow, max-snippet:-1, max-image-preview:large, max-video-preview:-1\" \/>\n<link rel=\"canonical\" href=\"https:\/\/newsestlyonnais.fr\/site\/2017\/10\/31\/vaulx-velin-nouveau-president-a-tete-vaulx-rugby-league\/\" \/>\n<meta property=\"og:locale\" content=\"fr_FR\" \/>\n<meta property=\"og:type\" content=\"article\" \/>\n<meta property=\"og:title\" content=\"VAULX EN VELIN: Un nouveau pr\u00e9sident \u00e0 la t\u00eate du Vaulx Rugby League\" \/>\n<meta property=\"og:description\" content=\"VAULX EN VELIN: Un nouveau pr\u00e9sident \u00e0 la t\u00eate du Vaulx Rugby League\" \/>\n<meta property=\"og:url\" content=\"https:\/\/newsestlyonnais.fr\/site\/2017\/10\/31\/vaulx-velin-nouveau-president-a-tete-vaulx-rugby-league\/\" \/>\n<meta property=\"og:site_name\" content=\"News Est Lyonnais\" \/>\n<meta property=\"article:author\" content=\"https:\/\/www.facebook.com\/pascal.oberson.1?fref=ts\" \/>\n<meta property=\"article:published_time\" content=\"2017-10-31T14:12:32+00:00\" \/>\n<meta property=\"article:modified_time\" content=\"2020-11-02T13:39:18+00:00\" \/>\n<meta property=\"og:image\" content=\"https:\/\/i0.wp.com\/newsestlyonnais.fr\/site\/wp-content\/uploads\/2017\/10\/NEWSESTLYONNAIS-AG-RUGBY-XIII.jpg?fit=2048%2C1536&ssl=1\" \/>\n\t<meta property=\"og:image:width\" content=\"2048\" \/>\n\t<meta property=\"og:image:height\" content=\"1536\" \/>\n\t<meta property=\"og:image:type\" content=\"image\/jpeg\" \/>\n<meta name=\"author\" content=\"R\u00e9dac. NEWS\" \/>\n<meta name=\"twitter:card\" content=\"summary_large_image\" \/>\n<meta name=\"twitter:label1\" content=\"\u00c9crit par\" \/>\n\t<meta name=\"twitter:data1\" content=\"R\u00e9dac. NEWS\" \/>\n\t<meta name=\"twitter:label2\" content=\"Dur\u00e9e de lecture estim\u00e9e\" \/>\n\t<meta name=\"twitter:data2\" content=\"2 minutes\" \/>\n<script type=\"application\/ld+json\" class=\"yoast-schema-graph\">{\"@context\":\"https:\/\/schema.org\",\"@graph\":[{\"@type\":\"Article\",\"@id\":\"https:\/\/newsestlyonnais.fr\/site\/2017\/10\/31\/vaulx-velin-nouveau-president-a-tete-vaulx-rugby-league\/#article\",\"isPartOf\":{\"@id\":\"https:\/\/newsestlyonnais.fr\/site\/2017\/10\/31\/vaulx-velin-nouveau-president-a-tete-vaulx-rugby-league\/\"},\"author\":{\"name\":\"R\u00e9dac. NEWS\",\"@id\":\"https:\/\/newsestlyonnais.fr\/site\/#\/schema\/person\/3230d5615f390bb808365d673001e887\"},\"headline\":\"VAULX-EN-VELIN | Un nouveau pr\u00e9sident \u00e0 la t\u00eate du Vaulx Rugby League\",\"datePublished\":\"2017-10-31T14:12:32+00:00\",\"dateModified\":\"2020-11-02T13:39:18+00:00\",\"mainEntityOfPage\":{\"@id\":\"https:\/\/newsestlyonnais.fr\/site\/2017\/10\/31\/vaulx-velin-nouveau-president-a-tete-vaulx-rugby-league\/\"},\"wordCount\":395,\"commentCount\":0,\"publisher\":{\"@id\":\"https:\/\/newsestlyonnais.fr\/site\/#organization\"},\"image\":{\"@id\":\"https:\/\/newsestlyonnais.fr\/site\/2017\/10\/31\/vaulx-velin-nouveau-president-a-tete-vaulx-rugby-league\/#primaryimage\"},\"thumbnailUrl\":\"https:\/\/newsestlyonnais.fr\/site\/wp-content\/uploads\/2017\/10\/NEWSESTLYONNAIS-AG-RUGBY-XIII.jpg\",\"articleSection\":[\"Foot | Rugby\",\"RUGBY \u00e0 XIII\",\"Vaulx-en-Velin\"],\"inLanguage\":\"fr-FR\",\"potentialAction\":[{\"@type\":\"CommentAction\",\"name\":\"Comment\",\"target\":[\"https:\/\/newsestlyonnais.fr\/site\/2017\/10\/31\/vaulx-velin-nouveau-president-a-tete-vaulx-rugby-league\/#respond\"]}]},{\"@type\":\"WebPage\",\"@id\":\"https:\/\/newsestlyonnais.fr\/site\/2017\/10\/31\/vaulx-velin-nouveau-president-a-tete-vaulx-rugby-league\/\",\"url\":\"https:\/\/newsestlyonnais.fr\/site\/2017\/10\/31\/vaulx-velin-nouveau-president-a-tete-vaulx-rugby-league\/\",\"name\":\"VAULX EN VELIN: Un nouveau pr\u00e9sident \u00e0 la t\u00eate du Vaulx Rugby League\",\"isPartOf\":{\"@id\":\"https:\/\/newsestlyonnais.fr\/site\/#website\"},\"primaryImageOfPage\":{\"@id\":\"https:\/\/newsestlyonnais.fr\/site\/2017\/10\/31\/vaulx-velin-nouveau-president-a-tete-vaulx-rugby-league\/#primaryimage\"},\"image\":{\"@id\":\"https:\/\/newsestlyonnais.fr\/site\/2017\/10\/31\/vaulx-velin-nouveau-president-a-tete-vaulx-rugby-league\/#primaryimage\"},\"thumbnailUrl\":\"https:\/\/newsestlyonnais.fr\/site\/wp-content\/uploads\/2017\/10\/NEWSESTLYONNAIS-AG-RUGBY-XIII.jpg\",\"datePublished\":\"2017-10-31T14:12:32+00:00\",\"dateModified\":\"2020-11-02T13:39:18+00:00\",\"description\":\"VAULX EN VELIN: Un nouveau pr\u00e9sident \u00e0 la t\u00eate du Vaulx Rugby League\",\"breadcrumb\":{\"@id\":\"https:\/\/newsestlyonnais.fr\/site\/2017\/10\/31\/vaulx-velin-nouveau-president-a-tete-vaulx-rugby-league\/#breadcrumb\"},\"inLanguage\":\"fr-FR\",\"potentialAction\":[{\"@type\":\"ReadAction\",\"target\":[\"https:\/\/newsestlyonnais.fr\/site\/2017\/10\/31\/vaulx-velin-nouveau-president-a-tete-vaulx-rugby-league\/\"]}]},{\"@type\":\"ImageObject\",\"inLanguage\":\"fr-FR\",\"@id\":\"https:\/\/newsestlyonnais.fr\/site\/2017\/10\/31\/vaulx-velin-nouveau-president-a-tete-vaulx-rugby-league\/#primaryimage\",\"url\":\"https:\/\/newsestlyonnais.fr\/site\/wp-content\/uploads\/2017\/10\/NEWSESTLYONNAIS-AG-RUGBY-XIII.jpg\",\"contentUrl\":\"https:\/\/newsestlyonnais.fr\/site\/wp-content\/uploads\/2017\/10\/NEWSESTLYONNAIS-AG-RUGBY-XIII.jpg\",\"width\":2048,\"height\":1536,\"caption\":\"NEWSESTLYONNAIS - AG RUGBY XIII\"},{\"@type\":\"BreadcrumbList\",\"@id\":\"https:\/\/newsestlyonnais.fr\/site\/2017\/10\/31\/vaulx-velin-nouveau-president-a-tete-vaulx-rugby-league\/#breadcrumb\",\"itemListElement\":[{\"@type\":\"ListItem\",\"position\":1,\"name\":\"Accueil\",\"item\":\"https:\/\/newsestlyonnais.fr\/site\/\"},{\"@type\":\"ListItem\",\"position\":2,\"name\":\"VAULX-EN-VELIN | Un nouveau pr\u00e9sident \u00e0 la t\u00eate du Vaulx Rugby League\"}]},{\"@type\":\"WebSite\",\"@id\":\"https:\/\/newsestlyonnais.fr\/site\/#website\",\"url\":\"https:\/\/newsestlyonnais.fr\/site\/\",\"name\":\"News Est Lyonnais\",\"description\":\"L&#039;actualit\u00e9 au plus pr\u00e8s\",\"publisher\":{\"@id\":\"https:\/\/newsestlyonnais.fr\/site\/#organization\"},\"potentialAction\":[{\"@type\":\"SearchAction\",\"target\":{\"@type\":\"EntryPoint\",\"urlTemplate\":\"https:\/\/newsestlyonnais.fr\/site\/?s={search_term_string}\"},\"query-input\":{\"@type\":\"PropertyValueSpecification\",\"valueRequired\":true,\"valueName\":\"search_term_string\"}}],\"inLanguage\":\"fr-FR\"},{\"@type\":\"Organization\",\"@id\":\"https:\/\/newsestlyonnais.fr\/site\/#organization\",\"name\":\"News EST LYONNAIS\",\"url\":\"https:\/\/newsestlyonnais.fr\/site\/\",\"logo\":{\"@type\":\"ImageObject\",\"inLanguage\":\"fr-FR\",\"@id\":\"https:\/\/newsestlyonnais.fr\/site\/#\/schema\/logo\/image\/\",\"url\":\"\",\"contentUrl\":\"\",\"caption\":\"News EST LYONNAIS\"},\"image\":{\"@id\":\"https:\/\/newsestlyonnais.fr\/site\/#\/schema\/logo\/image\/\"}},{\"@type\":\"Person\",\"@id\":\"https:\/\/newsestlyonnais.fr\/site\/#\/schema\/person\/3230d5615f390bb808365d673001e887\",\"name\":\"R\u00e9dac. NEWS\",\"sameAs\":[\"http:\/\/www.newsestlyonnais.fr\",\"https:\/\/www.facebook.com\/pascal.oberson.1?fref=ts\",\"https:\/\/fr.linkedin.com\/in\/pascal-oberson-b17045113\"],\"url\":\"https:\/\/newsestlyonnais.fr\/site\/author\/nel\/\"}]}<\/script>\n<!-- \/ Yoast SEO plugin. -->","yoast_head_json":{"title":"VAULX EN VELIN: Un nouveau pr\u00e9sident \u00e0 la t\u00eate du Vaulx Rugby League","description":"VAULX EN VELIN: Un nouveau pr\u00e9sident \u00e0 la t\u00eate du Vaulx Rugby League","robots":{"index":"index","follow":"follow","max-snippet":"max-snippet:-1","max-image-preview":"max-image-preview:large","max-video-preview":"max-video-preview:-1"},"canonical":"https:\/\/newsestlyonnais.fr\/site\/2017\/10\/31\/vaulx-velin-nouveau-president-a-tete-vaulx-rugby-league\/","og_locale":"fr_FR","og_type":"article","og_title":"VAULX EN VELIN: Un nouveau pr\u00e9sident \u00e0 la t\u00eate du Vaulx Rugby League","og_description":"VAULX EN VELIN: Un nouveau pr\u00e9sident \u00e0 la t\u00eate du Vaulx Rugby League","og_url":"https:\/\/newsestlyonnais.fr\/site\/2017\/10\/31\/vaulx-velin-nouveau-president-a-tete-vaulx-rugby-league\/","og_site_name":"News Est Lyonnais","article_author":"https:\/\/www.facebook.com\/pascal.oberson.1?fref=ts","article_published_time":"2017-10-31T14:12:32+00:00","article_modified_time":"2020-11-02T13:39:18+00:00","og_image":[{"width":2048,"height":1536,"url":"https:\/\/i0.wp.com\/newsestlyonnais.fr\/site\/wp-content\/uploads\/2017\/10\/NEWSESTLYONNAIS-AG-RUGBY-XIII.jpg?fit=2048%2C1536&ssl=1","type":"image\/jpeg"}],"author":"R\u00e9dac. NEWS","twitter_card":"summary_large_image","twitter_misc":{"\u00c9crit par":"R\u00e9dac. NEWS","Dur\u00e9e de lecture estim\u00e9e":"2 minutes"},"schema":{"@context":"https:\/\/schema.org","@graph":[{"@type":"Article","@id":"https:\/\/newsestlyonnais.fr\/site\/2017\/10\/31\/vaulx-velin-nouveau-president-a-tete-vaulx-rugby-league\/#article","isPartOf":{"@id":"https:\/\/newsestlyonnais.fr\/site\/2017\/10\/31\/vaulx-velin-nouveau-president-a-tete-vaulx-rugby-league\/"},"author":{"name":"R\u00e9dac. NEWS","@id":"https:\/\/newsestlyonnais.fr\/site\/#\/schema\/person\/3230d5615f390bb808365d673001e887"},"headline":"VAULX-EN-VELIN | Un nouveau pr\u00e9sident \u00e0 la t\u00eate du Vaulx Rugby League","datePublished":"2017-10-31T14:12:32+00:00","dateModified":"2020-11-02T13:39:18+00:00","mainEntityOfPage":{"@id":"https:\/\/newsestlyonnais.fr\/site\/2017\/10\/31\/vaulx-velin-nouveau-president-a-tete-vaulx-rugby-league\/"},"wordCount":395,"commentCount":0,"publisher":{"@id":"https:\/\/newsestlyonnais.fr\/site\/#organization"},"image":{"@id":"https:\/\/newsestlyonnais.fr\/site\/2017\/10\/31\/vaulx-velin-nouveau-president-a-tete-vaulx-rugby-league\/#primaryimage"},"thumbnailUrl":"https:\/\/newsestlyonnais.fr\/site\/wp-content\/uploads\/2017\/10\/NEWSESTLYONNAIS-AG-RUGBY-XIII.jpg","articleSection":["Foot | Rugby","RUGBY \u00e0 XIII","Vaulx-en-Velin"],"inLanguage":"fr-FR","potentialAction":[{"@type":"CommentAction","name":"Comment","target":["https:\/\/newsestlyonnais.fr\/site\/2017\/10\/31\/vaulx-velin-nouveau-president-a-tete-vaulx-rugby-league\/#respond"]}]},{"@type":"WebPage","@id":"https:\/\/newsestlyonnais.fr\/site\/2017\/10\/31\/vaulx-velin-nouveau-president-a-tete-vaulx-rugby-league\/","url":"https:\/\/newsestlyonnais.fr\/site\/2017\/10\/31\/vaulx-velin-nouveau-president-a-tete-vaulx-rugby-league\/","name":"VAULX EN VELIN: Un nouveau pr\u00e9sident \u00e0 la t\u00eate du Vaulx Rugby League","isPartOf":{"@id":"https:\/\/newsestlyonnais.fr\/site\/#website"},"primaryImageOfPage":{"@id":"https:\/\/newsestlyonnais.fr\/site\/2017\/10\/31\/vaulx-velin-nouveau-president-a-tete-vaulx-rugby-league\/#primaryimage"},"image":{"@id":"https:\/\/newsestlyonnais.fr\/site\/2017\/10\/31\/vaulx-velin-nouveau-president-a-tete-vaulx-rugby-league\/#primaryimage"},"thumbnailUrl":"https:\/\/newsestlyonnais.fr\/site\/wp-content\/uploads\/2017\/10\/NEWSESTLYONNAIS-AG-RUGBY-XIII.jpg","datePublished":"2017-10-31T14:12:32+00:00","dateModified":"2020-11-02T13:39:18+00:00","description":"VAULX EN VELIN: Un nouveau pr\u00e9sident \u00e0 la t\u00eate du Vaulx Rugby League","breadcrumb":{"@id":"https:\/\/newsestlyonnais.fr\/site\/2017\/10\/31\/vaulx-velin-nouveau-president-a-tete-vaulx-rugby-league\/#breadcrumb"},"inLanguage":"fr-FR","potentialAction":[{"@type":"ReadAction","target":["https:\/\/newsestlyonnais.fr\/site\/2017\/10\/31\/vaulx-velin-nouveau-president-a-tete-vaulx-rugby-league\/"]}]},{"@type":"ImageObject","inLanguage":"fr-FR","@id":"https:\/\/newsestlyonnais.fr\/site\/2017\/10\/31\/vaulx-velin-nouveau-president-a-tete-vaulx-rugby-league\/#primaryimage","url":"https:\/\/newsestlyonnais.fr\/site\/wp-content\/uploads\/2017\/10\/NEWSESTLYONNAIS-AG-RUGBY-XIII.jpg","contentUrl":"https:\/\/newsestlyonnais.fr\/site\/wp-content\/uploads\/2017\/10\/NEWSESTLYONNAIS-AG-RUGBY-XIII.jpg","width":2048,"height":1536,"caption":"NEWSESTLYONNAIS - AG RUGBY XIII"},{"@type":"BreadcrumbList","@id":"https:\/\/newsestlyonnais.fr\/site\/2017\/10\/31\/vaulx-velin-nouveau-president-a-tete-vaulx-rugby-league\/#breadcrumb","itemListElement":[{"@type":"ListItem","position":1,"name":"Accueil","item":"https:\/\/newsestlyonnais.fr\/site\/"},{"@type":"ListItem","position":2,"name":"VAULX-EN-VELIN | Un nouveau pr\u00e9sident \u00e0 la t\u00eate du Vaulx Rugby League"}]},{"@type":"WebSite","@id":"https:\/\/newsestlyonnais.fr\/site\/#website","url":"https:\/\/newsestlyonnais.fr\/site\/","name":"News Est Lyonnais","description":"L&#039;actualit\u00e9 au plus pr\u00e8s","publisher":{"@id":"https:\/\/newsestlyonnais.fr\/site\/#organization"},"potentialAction":[{"@type":"SearchAction","target":{"@type":"EntryPoint","urlTemplate":"https:\/\/newsestlyonnais.fr\/site\/?s={search_term_string}"},"query-input":{"@type":"PropertyValueSpecification","valueRequired":true,"valueName":"search_term_string"}}],"inLanguage":"fr-FR"},{"@type":"Organization","@id":"https:\/\/newsestlyonnais.fr\/site\/#organization","name":"News EST LYONNAIS","url":"https:\/\/newsestlyonnais.fr\/site\/","logo":{"@type":"ImageObject","inLanguage":"fr-FR","@id":"https:\/\/newsestlyonnais.fr\/site\/#\/schema\/logo\/image\/","url":"","contentUrl":"","caption":"News EST LYONNAIS"},"image":{"@id":"https:\/\/newsestlyonnais.fr\/site\/#\/schema\/logo\/image\/"}},{"@type":"Person","@id":"https:\/\/newsestlyonnais.fr\/site\/#\/schema\/person\/3230d5615f390bb808365d673001e887","name":"R\u00e9dac. NEWS","sameAs":["http:\/\/www.newsestlyonnais.fr","https:\/\/www.facebook.com\/pascal.oberson.1?fref=ts","https:\/\/fr.linkedin.com\/in\/pascal-oberson-b17045113"],"url":"https:\/\/newsestlyonnais.fr\/site\/author\/nel\/"}]}},"_links":{"self":[{"href":"https:\/\/newsestlyonnais.fr\/site\/wp-json\/wp\/v2\/posts\/37574","targetHints":{"allow":["GET"]}}],"collection":[{"href":"https:\/\/newsestlyonnais.fr\/site\/wp-json\/wp\/v2\/posts"}],"about":[{"href":"https:\/\/newsestlyonnais.fr\/site\/wp-json\/wp\/v2\/types\/post"}],"author":[{"embeddable":true,"href":"https:\/\/newsestlyonnais.fr\/site\/wp-json\/wp\/v2\/users\/4"}],"replies":[{"embeddable":true,"href":"https:\/\/newsestlyonnais.fr\/site\/wp-json\/wp\/v2\/comments?post=37574"}],"version-history":[{"count":0,"href":"https:\/\/newsestlyonnais.fr\/site\/wp-json\/wp\/v2\/posts\/37574\/revisions"}],"wp:featuredmedia":[{"embeddable":true,"href":"https:\/\/newsestlyonnais.fr\/site\/wp-json\/wp\/v2\/media\/37576"}],"wp:attachment":[{"href":"https:\/\/newsestlyonnais.fr\/site\/wp-json\/wp\/v2\/media?parent=37574"}],"wp:term":[{"taxonomy":"category","embeddable":true,"href":"https:\/\/newsestlyonnais.fr\/site\/wp-json\/wp\/v2\/categories?post=37574"},{"taxonomy":"post_tag","embeddable":true,"href":"https:\/\/newsestlyonnais.fr\/site\/wp-json\/wp\/v2\/tags?post=37574"}],"curies":[{"name":"wp","href":"https:\/\/api.w.org\/{rel}","templated":true}]}}