{"id":37595,"date":"2017-10-31T11:56:25","date_gmt":"2017-10-31T10:56:25","guid":{"rendered":"http:\/\/newsestlyonnais.fr\/site\/?p=37595"},"modified":"2020-11-21T19:47:19","modified_gmt":"2020-11-21T18:47:19","slug":"lyon-7-agenda-des-manifestations-jusquau-19-novembre","status":"publish","type":"post","link":"https:\/\/newsestlyonnais.fr\/site\/2017\/10\/31\/lyon-7-agenda-des-manifestations-jusquau-19-novembre\/","title":{"rendered":"LYON 7 | Agenda des manifestations jusqu\u2019au 19 novembre"},"content":{"rendered":"<h4>Nombreux sont les \u00e9v\u00e8nements et manifestations pr\u00e9vus durant les trois premi\u00e8res semaines de novembre, \u00e0 savoir :<\/h4>\n<ul>\n<li><strong>Du 6 au 18 novembre<\/strong> : \u00ab <span style=\"text-decoration: underline\">Face to Face \u00bb, exposition de photographies<\/span>, par Yohann Valentin. (Hall du 1\u00b0 \u00e9tage, Mairie du 7\u00b0).<\/li>\n<li><strong>Jusqu\u2019au 8 novembre<\/strong> : Mahmoud Movahed et Banfsheh Nili, peinture, aquarelle et huile. (Salle Edmond Locard, 14 avenue Berthelot).<\/li>\n<li><strong>Du 10 au 26 novembre<\/strong> : <span style=\"text-decoration: underline\">82\u00b0 Salon des Aquarellistes lyonnais<\/span>. 2 invit\u00e9s ; Christiane BONICEL et Franck HERETE. (Salle Edmond Locard, 14 avenue Berthelot).<\/li>\n<li><strong>Jusqu\u2019au 1\u00b0 d\u00e9cembre<\/strong> : <span style=\"text-decoration: underline\">Biennale d\u2019art sacr\u00e9<\/span>, organis\u00e9e par R\u00e9surgence- ex confluences.Installation d\u2019une sculpture m\u00e9tallique devant l\u2019\u00e9glise, \u00e0 l\u2019arr\u00eat de tramway, et exposition dans l\u2019\u00e9glise.<\/li>\n<li><strong>Jeudi 2 novembre \u00e0 <\/strong><strong>11 h: <\/strong><span style=\"text-decoration: underline\">Plantation d\u2019un arbre<\/span> (ch\u00eane vert) afin de soutenir l\u2019action de l\u2019Association Droit de Mourir dans la Dignit\u00e9. (rue Chevreul, face au 94).<\/li>\n<li><strong>Samedi 4 et dimanche 5 novembre: <\/strong><span style=\"text-decoration: underline\">\u00ab\u00a0Journ\u00e9es d\u2019Entraide\u00a0\u00bb Grande Brocante solidaire du Foyer Notre Dame des Sans Abri<\/span>. (Samedi 4 de 9 h \u00e0 18 h &amp; Dimanche 5 novembre de 10 h \u00e0 18 h). (Palais des Sports de Gerland, 350 avenue Jean Jaur\u00e8s).<em>\u00a0<\/em><\/li>\n<li><strong>Mardi 7 novembre \u00e0 <\/strong><strong>18 h 30: <\/strong><span style=\"text-decoration: underline\">Vernissage de l\u2019exposition de photographies<\/span> \u00ab\u00a0 Face to Face\u00a0\u00bb. (Hall du 1\u00b0\u00a0 \u00e9tage, Mairie du 7\u00b0).<\/li>\n<li><strong>Mercredi 8 novembre \u00e0 <\/strong><strong>18 h :<\/strong><span style=\"text-decoration: underline\">CICA et Conseil d\u2019Arrondissement<\/span>. CICA sur le th\u00e8me de l\u2019\u00e9volution de l\u2019urbanisme dans le 7\u00b0 arrondissement. (Salle des Mariages et du Conseil, Mairie du 7\u00b0).<strong>\u00a0<\/strong><\/li>\n<li><strong>Jeudi 9 novembre \u00e0 <\/strong><strong>18 h: <\/strong><span style=\"text-decoration: underline\">Inauguration des nouveaux locaux d\u2019architecture<\/span>\u00a0 \u00ab\u00a0 Lhenry Architecture\u00a0\u00bb (21 rue de la Thibaudi\u00e8re) &amp; \u00e0 <strong>18 h 30: <\/strong><span style=\"text-decoration: underline\">Soir\u00e9e des champions sportifs de l\u2019arrondissement<\/span>, ayant particip\u00e9 \u00e0 des \u00e9preuves nationales et internationales. (Salle des Mariages et du Conseil, Mairie du 7\u00b0) &amp; \u00e0 <strong>18 h 30: <\/strong><span style=\"text-decoration: underline\">R\u00e9union publique de consultation sur les rythmes scolaires<\/span>. (Ecole Cavenne, 21 rue Cavenne).<\/li>\n<li><strong>Vendredi 10 novembre \u00e0 <\/strong><strong>11 h: <\/strong><span style=\"text-decoration: underline\">C\u00e9r\u00e9monie de comm\u00e9moration de l\u2019Armistice du 11 novembre 1918<\/span>. En pr\u00e9sence de la chorale du Coll\u00e8ge Gabriel Rosset. (Cour d\u2019honneur du Centre Berthelot, 14 avenue Berthelot) &amp; \u00e0 <strong>18 h: <\/strong><span style=\"text-decoration: underline\">Lancement du Festival de court m\u00e9trage 48h Film Project<\/span>&#8211; Faire un film en 48 h. (Salle des Mariages et du Conseil, Mairie du 7\u00b0). <a href=\"http:\/\/www.48hourfilm.com\/fr\/lyon-fr\" target=\"_blank\" rel=\"noopener noreferrer\">http:\/\/www.48hourfilm.com\/fr\/lyon-fr<\/a><strong> &amp; \u00e0 <\/strong><strong>18 h 30: <\/strong><span style=\"text-decoration: underline\">Vernissage du 82\u00b0 Salon des Aquarellistes lyonnais<\/span>. (Salle Edmond Locard, 14 avenue Berthelot).<\/li>\n<li><strong>Samedi 11 novembre \u00e0 <\/strong><strong>11 h: <\/strong><span style=\"text-decoration: underline\">Inauguration du nouveau bus du partage<\/span>. (Place Jean Mac\u00e9).<\/li>\n<li><strong>Lundi 13 novembre \u00e0 <\/strong><strong>18 h 30:<\/strong>\u00ab\u00a0<span style=\"text-decoration: underline\">Soir\u00e9e Impulsion\u00a0\u00bb,<\/span> organis\u00e9e Orange et l\u2019incubateur<strong>\u00a0<\/strong>Les Premi\u00e8res Auvergne-Rh\u00f4ne-Alpes Conf\u00e9rence.\u00a0 \u00ab\u00a0Business First\u00a0\u00bbpour d\u00e9couvrir les outils et astuces au service de votre croissance, puis remise des Troph\u00e9es Premi\u00e8res par Nathalie Pradines, Pr\u00e9sidente Les Premi\u00e8res AURA, pr\u00e9sidente\u00a0et dirigeante du groupe\u00a0COMADEQUAT COMPANY. (Salle des Mariages et du Conseil, Mairie du 7\u00b0).<\/li>\n<li><strong>Mardi 14 novembre \u00e0 <\/strong><strong>18 h 30: <\/strong><span style=\"text-decoration: underline\">Inauguration du cin\u00e9ma le Comoedia<\/span> (suite \u00e0 son extension de 6 \u00e0 9 salles). (13 avenue Berthelot) &amp; \u00e0 <strong>19 h: <\/strong>Rencontre avec Pietro Bartolo, auteur de \u00ab\u00a0Larmes de sel\u00a0\u00bb et projection d\u2019extraits du film \u00ab\u00a0Fuocoammare\u00a0\u00bb de Gianfranco Rosi. (Salle des Mariages et du Conseil, Mairie du 7<sup>\u00b0).<\/sup><\/li>\n<li><strong>Jeudi 16 novembre <\/strong><strong>\u00e0 partir de 18 h: <\/strong><span style=\"text-decoration: underline\">Animation musicale<\/span> propos\u00e9e \u00e0 l\u2019occasion du Beaujolais Nouveau. (Restaurant le Mondrian, 1 quai Claude Bernard).<\/li>\n<li><strong>Vendredi 17 novembre \u00e0 <\/strong><strong>17 h 45: <\/strong><span style=\"text-decoration: underline\">F\u00eate de la Saint Martin<\/span>, et d\u00e9fil\u00e9 aux lampions, organis\u00e9s par l\u2019Ecole le Petit Monde \u2013association Langues et Cultures. (D\u00e9part de l\u2019\u00e9cole, 89 rue Andr\u00e9 Bollier, puis all\u00e9e L\u00e9opold S\u00e9dar Senghor, Place du Trait\u00e9 de Rome, rue Simone de Beauvoir) &amp; \u00e0 <strong>19 h 30: <\/strong><span style=\"text-decoration: underline\">D\u00eener annuel de l\u2019ADPB<\/span> \u2013 Association de D\u00e9veloppement du Parc Blandan- sp\u00e9cial 20 ans. (Maison Ravier).<\/li>\n<li><strong>Samedi 18 novembre de <\/strong><strong>9 h \u00e0 13 h: <\/strong><span style=\"text-decoration: underline\">Collecte solidaire<\/span>, organis\u00e9e par la Mairie du 7\u00b0, en partenariat avec Eco-Syst\u00e8mes, proposant des points de ramassage pour les appareils \u00e9lectriques (en \u00e9tat de marche ou hors d\u2019usage). (Place Saint Louis).<\/li>\n<\/ul>\n<h4>Retrouvez l&rsquo;ACTU de l&rsquo;arrondissement sur :\u00a0<a href=\"http:\/\/www.mairie7.lyon.fr\/page\/accueil_7.html\" target=\"_blank\" rel=\"noopener noreferrer\">http:\/\/www.mairie7.lyon.fr\/page\/accueil_7.html<\/a><\/h4>\n<div id='gallery-1' class='gallery galleryid-37595 gallery-columns-3 gallery-size-thumbnail'><figure class='gallery-item'>\n\t\t\t<div class='gallery-icon landscape'>\n\t\t\t\t<a href='https:\/\/newsestlyonnais.fr\/site\/newsestlyonnais-brocante-fndsa\/'><img loading=\"lazy\" decoding=\"async\" width=\"150\" height=\"150\" src=\"https:\/\/newsestlyonnais.fr\/site\/wp-content\/uploads\/2017\/10\/NEWSESTLYONNAIS-BROCANTE-FNDSA-150x150.jpg\" class=\"attachment-thumbnail size-thumbnail\" alt=\"NEWSESTLYONNAIS - BROCANTE FNDSA\" \/><\/a>\n\t\t\t<\/div><\/figure>\n\t\t<\/div>\n\n","protected":false},"excerpt":{"rendered":"<p>Nombreux sont les \u00e9v\u00e8nements et manifestations pr\u00e9vus durant les trois premi\u00e8res semaines de novembre, \u00e0 savoir : Du 6 au 18 novembre : \u00ab Face to Face \u00bb, exposition de photographies, par Yohann Valentin. (Hall du 1\u00b0 \u00e9tage, Mairie du 7\u00b0). Jusqu\u2019au 8 novembre : Mahmoud Movahed et Banfsheh Nili, peinture, aquarelle et huile. (Salle [&hellip;]<\/p>\n","protected":false},"author":4,"featured_media":8840,"comment_status":"open","ping_status":"open","sticky":false,"template":"","format":"standard","meta":{"footnotes":""},"categories":[1625],"tags":[],"class_list":["post-37595","post","type-post","status-publish","format-standard","has-post-thumbnail","hentry","category-lyon"],"yoast_head":"<!-- This site is optimized with the Yoast SEO plugin v27.2 - https:\/\/yoast.com\/product\/yoast-seo-wordpress\/ -->\n<title>LYON 7\u00b0 : L\u2019agenda des manifestations jusqu\u2019au 19 novembre<\/title>\n<meta name=\"description\" content=\"LYON 7\u00b0 : L\u2019agenda des manifestations jusqu\u2019au 19 novembre\" \/>\n<meta name=\"robots\" content=\"index, follow, max-snippet:-1, max-image-preview:large, max-video-preview:-1\" \/>\n<link rel=\"canonical\" href=\"https:\/\/newsestlyonnais.fr\/site\/2017\/10\/31\/lyon-7-agenda-des-manifestations-jusquau-19-novembre\/\" \/>\n<meta property=\"og:locale\" content=\"fr_FR\" \/>\n<meta property=\"og:type\" content=\"article\" \/>\n<meta property=\"og:title\" content=\"LYON 7\u00b0 : L\u2019agenda des manifestations jusqu\u2019au 19 novembre\" \/>\n<meta property=\"og:description\" content=\"LYON 7\u00b0 : L\u2019agenda des manifestations jusqu\u2019au 19 novembre\" \/>\n<meta property=\"og:url\" content=\"https:\/\/newsestlyonnais.fr\/site\/2017\/10\/31\/lyon-7-agenda-des-manifestations-jusquau-19-novembre\/\" \/>\n<meta property=\"og:site_name\" content=\"News Est Lyonnais\" \/>\n<meta property=\"article:author\" content=\"https:\/\/www.facebook.com\/pascal.oberson.1?fref=ts\" \/>\n<meta property=\"article:published_time\" content=\"2017-10-31T10:56:25+00:00\" \/>\n<meta property=\"article:modified_time\" content=\"2020-11-21T18:47:19+00:00\" \/>\n<meta property=\"og:image\" content=\"https:\/\/i1.wp.com\/newsestlyonnais.fr\/site\/wp-content\/uploads\/2016\/06\/NEWSESTLYONNAIS-LYON-PANNEAUP1100180.jpg?fit=1000%2C750&ssl=1\" \/>\n\t<meta property=\"og:image:width\" content=\"1000\" \/>\n\t<meta property=\"og:image:height\" content=\"750\" \/>\n\t<meta property=\"og:image:type\" content=\"image\/jpeg\" \/>\n<meta name=\"author\" content=\"R\u00e9dac. NEWS\" \/>\n<meta name=\"twitter:card\" content=\"summary_large_image\" \/>\n<meta name=\"twitter:label1\" content=\"\u00c9crit par\" \/>\n\t<meta name=\"twitter:data1\" content=\"R\u00e9dac. NEWS\" \/>\n\t<meta name=\"twitter:label2\" content=\"Dur\u00e9e de lecture estim\u00e9e\" \/>\n\t<meta name=\"twitter:data2\" content=\"3 minutes\" \/>\n<script type=\"application\/ld+json\" class=\"yoast-schema-graph\">{\"@context\":\"https:\/\/schema.org\",\"@graph\":[{\"@type\":\"Article\",\"@id\":\"https:\/\/newsestlyonnais.fr\/site\/2017\/10\/31\/lyon-7-agenda-des-manifestations-jusquau-19-novembre\/#article\",\"isPartOf\":{\"@id\":\"https:\/\/newsestlyonnais.fr\/site\/2017\/10\/31\/lyon-7-agenda-des-manifestations-jusquau-19-novembre\/\"},\"author\":{\"name\":\"R\u00e9dac. NEWS\",\"@id\":\"https:\/\/newsestlyonnais.fr\/site\/#\/schema\/person\/3230d5615f390bb808365d673001e887\"},\"headline\":\"LYON 7 | Agenda des manifestations jusqu\u2019au 19 novembre\",\"datePublished\":\"2017-10-31T10:56:25+00:00\",\"dateModified\":\"2020-11-21T18:47:19+00:00\",\"mainEntityOfPage\":{\"@id\":\"https:\/\/newsestlyonnais.fr\/site\/2017\/10\/31\/lyon-7-agenda-des-manifestations-jusquau-19-novembre\/\"},\"wordCount\":627,\"commentCount\":0,\"publisher\":{\"@id\":\"https:\/\/newsestlyonnais.fr\/site\/#organization\"},\"image\":{\"@id\":\"https:\/\/newsestlyonnais.fr\/site\/2017\/10\/31\/lyon-7-agenda-des-manifestations-jusquau-19-novembre\/#primaryimage\"},\"thumbnailUrl\":\"https:\/\/newsestlyonnais.fr\/site\/wp-content\/uploads\/2016\/06\/NEWSESTLYONNAIS-LYON-PANNEAUP1100180.jpg\",\"articleSection\":[\"Lyon\"],\"inLanguage\":\"fr-FR\",\"potentialAction\":[{\"@type\":\"CommentAction\",\"name\":\"Comment\",\"target\":[\"https:\/\/newsestlyonnais.fr\/site\/2017\/10\/31\/lyon-7-agenda-des-manifestations-jusquau-19-novembre\/#respond\"]}]},{\"@type\":\"WebPage\",\"@id\":\"https:\/\/newsestlyonnais.fr\/site\/2017\/10\/31\/lyon-7-agenda-des-manifestations-jusquau-19-novembre\/\",\"url\":\"https:\/\/newsestlyonnais.fr\/site\/2017\/10\/31\/lyon-7-agenda-des-manifestations-jusquau-19-novembre\/\",\"name\":\"LYON 7\u00b0 : L\u2019agenda des manifestations jusqu\u2019au 19 novembre\",\"isPartOf\":{\"@id\":\"https:\/\/newsestlyonnais.fr\/site\/#website\"},\"primaryImageOfPage\":{\"@id\":\"https:\/\/newsestlyonnais.fr\/site\/2017\/10\/31\/lyon-7-agenda-des-manifestations-jusquau-19-novembre\/#primaryimage\"},\"image\":{\"@id\":\"https:\/\/newsestlyonnais.fr\/site\/2017\/10\/31\/lyon-7-agenda-des-manifestations-jusquau-19-novembre\/#primaryimage\"},\"thumbnailUrl\":\"https:\/\/newsestlyonnais.fr\/site\/wp-content\/uploads\/2016\/06\/NEWSESTLYONNAIS-LYON-PANNEAUP1100180.jpg\",\"datePublished\":\"2017-10-31T10:56:25+00:00\",\"dateModified\":\"2020-11-21T18:47:19+00:00\",\"description\":\"LYON 7\u00b0 : L\u2019agenda des manifestations jusqu\u2019au 19 novembre\",\"breadcrumb\":{\"@id\":\"https:\/\/newsestlyonnais.fr\/site\/2017\/10\/31\/lyon-7-agenda-des-manifestations-jusquau-19-novembre\/#breadcrumb\"},\"inLanguage\":\"fr-FR\",\"potentialAction\":[{\"@type\":\"ReadAction\",\"target\":[\"https:\/\/newsestlyonnais.fr\/site\/2017\/10\/31\/lyon-7-agenda-des-manifestations-jusquau-19-novembre\/\"]}]},{\"@type\":\"ImageObject\",\"inLanguage\":\"fr-FR\",\"@id\":\"https:\/\/newsestlyonnais.fr\/site\/2017\/10\/31\/lyon-7-agenda-des-manifestations-jusquau-19-novembre\/#primaryimage\",\"url\":\"https:\/\/newsestlyonnais.fr\/site\/wp-content\/uploads\/2016\/06\/NEWSESTLYONNAIS-LYON-PANNEAUP1100180.jpg\",\"contentUrl\":\"https:\/\/newsestlyonnais.fr\/site\/wp-content\/uploads\/2016\/06\/NEWSESTLYONNAIS-LYON-PANNEAUP1100180.jpg\",\"width\":1000,\"height\":750,\"caption\":\"NEWSESTLYONNAIS - LYON PANNEAU\"},{\"@type\":\"BreadcrumbList\",\"@id\":\"https:\/\/newsestlyonnais.fr\/site\/2017\/10\/31\/lyon-7-agenda-des-manifestations-jusquau-19-novembre\/#breadcrumb\",\"itemListElement\":[{\"@type\":\"ListItem\",\"position\":1,\"name\":\"Accueil\",\"item\":\"https:\/\/newsestlyonnais.fr\/site\/\"},{\"@type\":\"ListItem\",\"position\":2,\"name\":\"LYON 7 | Agenda des manifestations jusqu\u2019au 19 novembre\"}]},{\"@type\":\"WebSite\",\"@id\":\"https:\/\/newsestlyonnais.fr\/site\/#website\",\"url\":\"https:\/\/newsestlyonnais.fr\/site\/\",\"name\":\"News Est Lyonnais\",\"description\":\"L&#039;actualit\u00e9 au plus pr\u00e8s\",\"publisher\":{\"@id\":\"https:\/\/newsestlyonnais.fr\/site\/#organization\"},\"potentialAction\":[{\"@type\":\"SearchAction\",\"target\":{\"@type\":\"EntryPoint\",\"urlTemplate\":\"https:\/\/newsestlyonnais.fr\/site\/?s={search_term_string}\"},\"query-input\":{\"@type\":\"PropertyValueSpecification\",\"valueRequired\":true,\"valueName\":\"search_term_string\"}}],\"inLanguage\":\"fr-FR\"},{\"@type\":\"Organization\",\"@id\":\"https:\/\/newsestlyonnais.fr\/site\/#organization\",\"name\":\"News EST LYONNAIS\",\"url\":\"https:\/\/newsestlyonnais.fr\/site\/\",\"logo\":{\"@type\":\"ImageObject\",\"inLanguage\":\"fr-FR\",\"@id\":\"https:\/\/newsestlyonnais.fr\/site\/#\/schema\/logo\/image\/\",\"url\":\"\",\"contentUrl\":\"\",\"caption\":\"News EST LYONNAIS\"},\"image\":{\"@id\":\"https:\/\/newsestlyonnais.fr\/site\/#\/schema\/logo\/image\/\"}},{\"@type\":\"Person\",\"@id\":\"https:\/\/newsestlyonnais.fr\/site\/#\/schema\/person\/3230d5615f390bb808365d673001e887\",\"name\":\"R\u00e9dac. NEWS\",\"sameAs\":[\"http:\/\/www.newsestlyonnais.fr\",\"https:\/\/www.facebook.com\/pascal.oberson.1?fref=ts\",\"https:\/\/fr.linkedin.com\/in\/pascal-oberson-b17045113\"],\"url\":\"https:\/\/newsestlyonnais.fr\/site\/author\/nel\/\"}]}<\/script>\n<!-- \/ Yoast SEO plugin. -->","yoast_head_json":{"title":"LYON 7\u00b0 : L\u2019agenda des manifestations jusqu\u2019au 19 novembre","description":"LYON 7\u00b0 : L\u2019agenda des manifestations jusqu\u2019au 19 novembre","robots":{"index":"index","follow":"follow","max-snippet":"max-snippet:-1","max-image-preview":"max-image-preview:large","max-video-preview":"max-video-preview:-1"},"canonical":"https:\/\/newsestlyonnais.fr\/site\/2017\/10\/31\/lyon-7-agenda-des-manifestations-jusquau-19-novembre\/","og_locale":"fr_FR","og_type":"article","og_title":"LYON 7\u00b0 : L\u2019agenda des manifestations jusqu\u2019au 19 novembre","og_description":"LYON 7\u00b0 : L\u2019agenda des manifestations jusqu\u2019au 19 novembre","og_url":"https:\/\/newsestlyonnais.fr\/site\/2017\/10\/31\/lyon-7-agenda-des-manifestations-jusquau-19-novembre\/","og_site_name":"News Est Lyonnais","article_author":"https:\/\/www.facebook.com\/pascal.oberson.1?fref=ts","article_published_time":"2017-10-31T10:56:25+00:00","article_modified_time":"2020-11-21T18:47:19+00:00","og_image":[{"width":1000,"height":750,"url":"https:\/\/i1.wp.com\/newsestlyonnais.fr\/site\/wp-content\/uploads\/2016\/06\/NEWSESTLYONNAIS-LYON-PANNEAUP1100180.jpg?fit=1000%2C750&ssl=1","type":"image\/jpeg"}],"author":"R\u00e9dac. NEWS","twitter_card":"summary_large_image","twitter_misc":{"\u00c9crit par":"R\u00e9dac. NEWS","Dur\u00e9e de lecture estim\u00e9e":"3 minutes"},"schema":{"@context":"https:\/\/schema.org","@graph":[{"@type":"Article","@id":"https:\/\/newsestlyonnais.fr\/site\/2017\/10\/31\/lyon-7-agenda-des-manifestations-jusquau-19-novembre\/#article","isPartOf":{"@id":"https:\/\/newsestlyonnais.fr\/site\/2017\/10\/31\/lyon-7-agenda-des-manifestations-jusquau-19-novembre\/"},"author":{"name":"R\u00e9dac. NEWS","@id":"https:\/\/newsestlyonnais.fr\/site\/#\/schema\/person\/3230d5615f390bb808365d673001e887"},"headline":"LYON 7 | Agenda des manifestations jusqu\u2019au 19 novembre","datePublished":"2017-10-31T10:56:25+00:00","dateModified":"2020-11-21T18:47:19+00:00","mainEntityOfPage":{"@id":"https:\/\/newsestlyonnais.fr\/site\/2017\/10\/31\/lyon-7-agenda-des-manifestations-jusquau-19-novembre\/"},"wordCount":627,"commentCount":0,"publisher":{"@id":"https:\/\/newsestlyonnais.fr\/site\/#organization"},"image":{"@id":"https:\/\/newsestlyonnais.fr\/site\/2017\/10\/31\/lyon-7-agenda-des-manifestations-jusquau-19-novembre\/#primaryimage"},"thumbnailUrl":"https:\/\/newsestlyonnais.fr\/site\/wp-content\/uploads\/2016\/06\/NEWSESTLYONNAIS-LYON-PANNEAUP1100180.jpg","articleSection":["Lyon"],"inLanguage":"fr-FR","potentialAction":[{"@type":"CommentAction","name":"Comment","target":["https:\/\/newsestlyonnais.fr\/site\/2017\/10\/31\/lyon-7-agenda-des-manifestations-jusquau-19-novembre\/#respond"]}]},{"@type":"WebPage","@id":"https:\/\/newsestlyonnais.fr\/site\/2017\/10\/31\/lyon-7-agenda-des-manifestations-jusquau-19-novembre\/","url":"https:\/\/newsestlyonnais.fr\/site\/2017\/10\/31\/lyon-7-agenda-des-manifestations-jusquau-19-novembre\/","name":"LYON 7\u00b0 : L\u2019agenda des manifestations jusqu\u2019au 19 novembre","isPartOf":{"@id":"https:\/\/newsestlyonnais.fr\/site\/#website"},"primaryImageOfPage":{"@id":"https:\/\/newsestlyonnais.fr\/site\/2017\/10\/31\/lyon-7-agenda-des-manifestations-jusquau-19-novembre\/#primaryimage"},"image":{"@id":"https:\/\/newsestlyonnais.fr\/site\/2017\/10\/31\/lyon-7-agenda-des-manifestations-jusquau-19-novembre\/#primaryimage"},"thumbnailUrl":"https:\/\/newsestlyonnais.fr\/site\/wp-content\/uploads\/2016\/06\/NEWSESTLYONNAIS-LYON-PANNEAUP1100180.jpg","datePublished":"2017-10-31T10:56:25+00:00","dateModified":"2020-11-21T18:47:19+00:00","description":"LYON 7\u00b0 : L\u2019agenda des manifestations jusqu\u2019au 19 novembre","breadcrumb":{"@id":"https:\/\/newsestlyonnais.fr\/site\/2017\/10\/31\/lyon-7-agenda-des-manifestations-jusquau-19-novembre\/#breadcrumb"},"inLanguage":"fr-FR","potentialAction":[{"@type":"ReadAction","target":["https:\/\/newsestlyonnais.fr\/site\/2017\/10\/31\/lyon-7-agenda-des-manifestations-jusquau-19-novembre\/"]}]},{"@type":"ImageObject","inLanguage":"fr-FR","@id":"https:\/\/newsestlyonnais.fr\/site\/2017\/10\/31\/lyon-7-agenda-des-manifestations-jusquau-19-novembre\/#primaryimage","url":"https:\/\/newsestlyonnais.fr\/site\/wp-content\/uploads\/2016\/06\/NEWSESTLYONNAIS-LYON-PANNEAUP1100180.jpg","contentUrl":"https:\/\/newsestlyonnais.fr\/site\/wp-content\/uploads\/2016\/06\/NEWSESTLYONNAIS-LYON-PANNEAUP1100180.jpg","width":1000,"height":750,"caption":"NEWSESTLYONNAIS - LYON PANNEAU"},{"@type":"BreadcrumbList","@id":"https:\/\/newsestlyonnais.fr\/site\/2017\/10\/31\/lyon-7-agenda-des-manifestations-jusquau-19-novembre\/#breadcrumb","itemListElement":[{"@type":"ListItem","position":1,"name":"Accueil","item":"https:\/\/newsestlyonnais.fr\/site\/"},{"@type":"ListItem","position":2,"name":"LYON 7 | Agenda des manifestations jusqu\u2019au 19 novembre"}]},{"@type":"WebSite","@id":"https:\/\/newsestlyonnais.fr\/site\/#website","url":"https:\/\/newsestlyonnais.fr\/site\/","name":"News Est Lyonnais","description":"L&#039;actualit\u00e9 au plus pr\u00e8s","publisher":{"@id":"https:\/\/newsestlyonnais.fr\/site\/#organization"},"potentialAction":[{"@type":"SearchAction","target":{"@type":"EntryPoint","urlTemplate":"https:\/\/newsestlyonnais.fr\/site\/?s={search_term_string}"},"query-input":{"@type":"PropertyValueSpecification","valueRequired":true,"valueName":"search_term_string"}}],"inLanguage":"fr-FR"},{"@type":"Organization","@id":"https:\/\/newsestlyonnais.fr\/site\/#organization","name":"News EST LYONNAIS","url":"https:\/\/newsestlyonnais.fr\/site\/","logo":{"@type":"ImageObject","inLanguage":"fr-FR","@id":"https:\/\/newsestlyonnais.fr\/site\/#\/schema\/logo\/image\/","url":"","contentUrl":"","caption":"News EST LYONNAIS"},"image":{"@id":"https:\/\/newsestlyonnais.fr\/site\/#\/schema\/logo\/image\/"}},{"@type":"Person","@id":"https:\/\/newsestlyonnais.fr\/site\/#\/schema\/person\/3230d5615f390bb808365d673001e887","name":"R\u00e9dac. NEWS","sameAs":["http:\/\/www.newsestlyonnais.fr","https:\/\/www.facebook.com\/pascal.oberson.1?fref=ts","https:\/\/fr.linkedin.com\/in\/pascal-oberson-b17045113"],"url":"https:\/\/newsestlyonnais.fr\/site\/author\/nel\/"}]}},"_links":{"self":[{"href":"https:\/\/newsestlyonnais.fr\/site\/wp-json\/wp\/v2\/posts\/37595","targetHints":{"allow":["GET"]}}],"collection":[{"href":"https:\/\/newsestlyonnais.fr\/site\/wp-json\/wp\/v2\/posts"}],"about":[{"href":"https:\/\/newsestlyonnais.fr\/site\/wp-json\/wp\/v2\/types\/post"}],"author":[{"embeddable":true,"href":"https:\/\/newsestlyonnais.fr\/site\/wp-json\/wp\/v2\/users\/4"}],"replies":[{"embeddable":true,"href":"https:\/\/newsestlyonnais.fr\/site\/wp-json\/wp\/v2\/comments?post=37595"}],"version-history":[{"count":0,"href":"https:\/\/newsestlyonnais.fr\/site\/wp-json\/wp\/v2\/posts\/37595\/revisions"}],"wp:featuredmedia":[{"embeddable":true,"href":"https:\/\/newsestlyonnais.fr\/site\/wp-json\/wp\/v2\/media\/8840"}],"wp:attachment":[{"href":"https:\/\/newsestlyonnais.fr\/site\/wp-json\/wp\/v2\/media?parent=37595"}],"wp:term":[{"taxonomy":"category","embeddable":true,"href":"https:\/\/newsestlyonnais.fr\/site\/wp-json\/wp\/v2\/categories?post=37595"},{"taxonomy":"post_tag","embeddable":true,"href":"https:\/\/newsestlyonnais.fr\/site\/wp-json\/wp\/v2\/tags?post=37595"}],"curies":[{"name":"wp","href":"https:\/\/api.w.org\/{rel}","templated":true}]}}