{"id":37644,"date":"2017-11-01T15:02:42","date_gmt":"2017-11-01T14:02:42","guid":{"rendered":"http:\/\/newsestlyonnais.fr\/site\/?p=37644"},"modified":"2020-10-31T10:38:41","modified_gmt":"2020-10-31T09:38:41","slug":"genas-l-es-ga-cyclo-acheve-une-saison-bien-remplie","status":"publish","type":"post","link":"https:\/\/newsestlyonnais.fr\/site\/2017\/11\/01\/genas-l-es-ga-cyclo-acheve-une-saison-bien-remplie\/","title":{"rendered":"GENAS | L&rsquo; ES GA Cyclo ach\u00e8ve une saison bien remplie !"},"content":{"rendered":"<h4 align=\"JUSTIFY\">C&rsquo;est \u00e0 l&rsquo;occasion de son assembl\u00e9e g\u00e9n\u00e9rale tenue mi-octobre \u00e0 la salle Saint Andr\u00e9 que l&rsquo; ES Genas Azieu Cyclo a dress\u00e9 son bilan annuel au terme d&rsquo;une saison bien charg\u00e9e.<\/h4>\n<p>Les activit\u00e9s propos\u00e9es par la section pr\u00e9sid\u00e9e par Bernard Drevon ont \u00e9t\u00e9 nombreuses. Ainsi des sorties \u00e0 la journ\u00e9e, le mercredi (de 130 km \u00e0 160 km) ont \u00e9t\u00e9 r\u00e9alis\u00e9es au cours du printemps, dans le Chambaran, le Pilat, le Beaujolais, le Bugey &amp;\u00a0 en Nord Is\u00e8re. Ce type de sorties tr\u00e8s appr\u00e9ci\u00e9es permettant de d\u00e9couvrir de nouveaux parcours.<\/p>\n<p>D&rsquo;autres sorties ont \u00e9galement \u00e9t\u00e9 programm\u00e9es, au printemps \u00e0 M\u00e9jannes le Clap (Gard) et une autre en automne aux Estables (Haute Loire). Les participantes et participants ont beaucoup appr\u00e9ci\u00e9 ces sorties sur de nouveaux circuits.<\/p>\n<p align=\"JUSTIFY\">Les cyclos genassiens ont \u00e9t\u00e9 pr\u00e9sents, comme chaque saison sur de nombreux rallyes du calendrier UFOLEP et de la\u00a0 FFCT.<\/p>\n<p align=\"JUSTIFY\">Le club a d&rsquo;autre part, particip\u00e9 \u00e0 une sortie ski en d\u00e9but d&rsquo;ann\u00e9e aux Saisies avec les clubs de GV de Genas et de Saint Priest, \u00e0 la Journ\u00e9e du C\u0153ur et au Forum des Associations. Lors du Tour Nord Is\u00e8re le club a particip\u00e9 pendant 3 journ\u00e9es \u00e0 l\u2019organisation, en tant que signaleurs et \u00e0 celle du cyclo cross de Mathan, en collaboration avec la FSGT du Rh\u00f4ne.<\/p>\n<p align=\"JUSTIFY\">Au niveau des festivit\u00e9s, le repas club a eu lieu en octobre, et une soir\u00e9e paella en janvier et il a \u00e9t\u00e9 mis en place,\u00a0 comme chaque saison, une matin\u00e9e boudin, sur le march\u00e9 en novembre.<\/p>\n<p align=\"JUSTIFY\">Le rallye d\u2019automne a connu une participation nulle en raison de conditions m\u00e9t\u00e9o d\u00e9favorables et celui de printemps a connu une r\u00e9ussite mitig\u00e9e.<\/p>\n<p align=\"JUSTIFY\"><u><b>Principaux<\/b><\/u><u><b> <\/b><\/u><u><b>projets,<\/b><\/u><b> <\/b>pour la saison 2016\/2017, pour le club qui s\u2019est affili\u00e9 \u00e0 la f\u00e9d\u00e9ration F.F.C.T.:<\/p>\n<ul>\n<li>Organisation des deux rallyes (printemps et automne)<\/li>\n<li>Pr\u00e9paration d&rsquo;un calendrier pour les sorties \u00e0 la journ\u00e9e, ainsi qu\u2019une sortie journ\u00e9e pour les dames<\/li>\n<li>Organisation d&rsquo;une sortie sur plusieurs jours au printemps et \u00e0 l&rsquo;automne.<\/li>\n<\/ul>\n<p align=\"JUSTIFY\"><u><b>Le nouveau conseil d\u2019administration :<br \/>\n<\/b><\/u><\/p>\n<ul>\n<li>Pr\u00e9sident\u00a0: Bernard Drevon<\/li>\n<li>Secr\u00e9taire\u00a0: Pascal Ayrault<\/li>\n<li>Secr\u00e9taire adjoint et internet\u00a0: Jean-Claude Blanc<\/li>\n<li>Tr\u00e9sorier\u00a0: Jacques Chol<\/li>\n<li>Tr\u00e9sorier adjoint\u00a0: G\u00e9rard Bornicat<\/li>\n<li>Membres\u00a0: Lucien Fay, Daniel Lucchetti, Germain Marzo &amp; Dominique Roux.<\/li>\n<\/ul>\n<ul>\n<li>\n<h4>Retrouvez toute l&rsquo;ACTU du club sur: <a href=\"http:\/\/www.cyclogenas.com\" target=\"_blank\" rel=\"noopener noreferrer\">http:\/\/www.cyclogenas.com<\/a><\/h4>\n<\/li>\n<\/ul>\n","protected":false},"excerpt":{"rendered":"<p>C&rsquo;est \u00e0 l&rsquo;occasion de son assembl\u00e9e g\u00e9n\u00e9rale tenue mi-octobre \u00e0 la salle Saint Andr\u00e9 que l&rsquo; ES Genas Azieu Cyclo a dress\u00e9 son bilan annuel au terme d&rsquo;une saison bien charg\u00e9e. Les activit\u00e9s propos\u00e9es par la section pr\u00e9sid\u00e9e par Bernard Drevon ont \u00e9t\u00e9 nombreuses. Ainsi des sorties \u00e0 la journ\u00e9e, le mercredi (de 130 km [&hellip;]<\/p>\n","protected":false},"author":4,"featured_media":37647,"comment_status":"open","ping_status":"open","sticky":false,"template":"","format":"standard","meta":{"footnotes":""},"categories":[270,2969,1598],"tags":[],"class_list":["post-37644","post","type-post","status-publish","format-standard","has-post-thumbnail","hentry","category-cte-de-communes-c-c-e-l","category-cyclisme-cyclo-vtt","category-genas"],"yoast_head":"<!-- This site is optimized with the Yoast SEO plugin v27.2 - https:\/\/yoast.com\/product\/yoast-seo-wordpress\/ -->\n<title>GENAS : L&#039; ES Genas Azieu Cyclo ach\u00e8ve une saison bien remplie !<\/title>\n<meta name=\"description\" content=\"GENAS : L&#039; ES Genas Azieu Cyclo ach\u00e8ve une saison bien remplie !\" \/>\n<meta name=\"robots\" content=\"index, follow, max-snippet:-1, max-image-preview:large, max-video-preview:-1\" \/>\n<link rel=\"canonical\" href=\"https:\/\/newsestlyonnais.fr\/site\/2017\/11\/01\/genas-l-es-ga-cyclo-acheve-une-saison-bien-remplie\/\" \/>\n<meta property=\"og:locale\" content=\"fr_FR\" \/>\n<meta property=\"og:type\" content=\"article\" \/>\n<meta property=\"og:title\" content=\"GENAS : L&#039; ES Genas Azieu Cyclo ach\u00e8ve une saison bien remplie !\" \/>\n<meta property=\"og:description\" content=\"GENAS : L&#039; ES Genas Azieu Cyclo ach\u00e8ve une saison bien remplie !\" \/>\n<meta property=\"og:url\" content=\"https:\/\/newsestlyonnais.fr\/site\/2017\/11\/01\/genas-l-es-ga-cyclo-acheve-une-saison-bien-remplie\/\" \/>\n<meta property=\"og:site_name\" content=\"News Est Lyonnais\" \/>\n<meta property=\"article:author\" content=\"https:\/\/www.facebook.com\/pascal.oberson.1?fref=ts\" \/>\n<meta property=\"article:published_time\" content=\"2017-11-01T14:02:42+00:00\" \/>\n<meta property=\"article:modified_time\" content=\"2020-10-31T09:38:41+00:00\" \/>\n<meta property=\"og:image\" content=\"https:\/\/i1.wp.com\/newsestlyonnais.fr\/site\/wp-content\/uploads\/2017\/11\/NEWSESTLYONNAIS-ESGA-CYCLO-Mt-Brouilly.jpg?fit=700%2C532&ssl=1\" \/>\n\t<meta property=\"og:image:width\" content=\"700\" \/>\n\t<meta property=\"og:image:height\" content=\"532\" \/>\n\t<meta property=\"og:image:type\" content=\"image\/jpeg\" \/>\n<meta name=\"author\" content=\"R\u00e9dac. NEWS\" \/>\n<meta name=\"twitter:card\" content=\"summary_large_image\" \/>\n<meta name=\"twitter:label1\" content=\"\u00c9crit par\" \/>\n\t<meta name=\"twitter:data1\" content=\"R\u00e9dac. NEWS\" \/>\n\t<meta name=\"twitter:label2\" content=\"Dur\u00e9e de lecture estim\u00e9e\" \/>\n\t<meta name=\"twitter:data2\" content=\"2 minutes\" \/>\n<script type=\"application\/ld+json\" class=\"yoast-schema-graph\">{\"@context\":\"https:\/\/schema.org\",\"@graph\":[{\"@type\":\"Article\",\"@id\":\"https:\/\/newsestlyonnais.fr\/site\/2017\/11\/01\/genas-l-es-ga-cyclo-acheve-une-saison-bien-remplie\/#article\",\"isPartOf\":{\"@id\":\"https:\/\/newsestlyonnais.fr\/site\/2017\/11\/01\/genas-l-es-ga-cyclo-acheve-une-saison-bien-remplie\/\"},\"author\":{\"name\":\"R\u00e9dac. NEWS\",\"@id\":\"https:\/\/newsestlyonnais.fr\/site\/#\/schema\/person\/3230d5615f390bb808365d673001e887\"},\"headline\":\"GENAS | L&rsquo; ES GA Cyclo ach\u00e8ve une saison bien remplie !\",\"datePublished\":\"2017-11-01T14:02:42+00:00\",\"dateModified\":\"2020-10-31T09:38:41+00:00\",\"mainEntityOfPage\":{\"@id\":\"https:\/\/newsestlyonnais.fr\/site\/2017\/11\/01\/genas-l-es-ga-cyclo-acheve-une-saison-bien-remplie\/\"},\"wordCount\":425,\"commentCount\":0,\"publisher\":{\"@id\":\"https:\/\/newsestlyonnais.fr\/site\/#organization\"},\"image\":{\"@id\":\"https:\/\/newsestlyonnais.fr\/site\/2017\/11\/01\/genas-l-es-ga-cyclo-acheve-une-saison-bien-remplie\/#primaryimage\"},\"thumbnailUrl\":\"https:\/\/newsestlyonnais.fr\/site\/wp-content\/uploads\/2017\/11\/NEWSESTLYONNAIS-ESGA-CYCLO-Mt-Brouilly.jpg\",\"articleSection\":[\"CCEL | Communes\",\"Cyclisme | Cyclo | Vtt\",\"Genas\"],\"inLanguage\":\"fr-FR\",\"potentialAction\":[{\"@type\":\"CommentAction\",\"name\":\"Comment\",\"target\":[\"https:\/\/newsestlyonnais.fr\/site\/2017\/11\/01\/genas-l-es-ga-cyclo-acheve-une-saison-bien-remplie\/#respond\"]}]},{\"@type\":\"WebPage\",\"@id\":\"https:\/\/newsestlyonnais.fr\/site\/2017\/11\/01\/genas-l-es-ga-cyclo-acheve-une-saison-bien-remplie\/\",\"url\":\"https:\/\/newsestlyonnais.fr\/site\/2017\/11\/01\/genas-l-es-ga-cyclo-acheve-une-saison-bien-remplie\/\",\"name\":\"GENAS : L' ES Genas Azieu Cyclo ach\u00e8ve une saison bien remplie !\",\"isPartOf\":{\"@id\":\"https:\/\/newsestlyonnais.fr\/site\/#website\"},\"primaryImageOfPage\":{\"@id\":\"https:\/\/newsestlyonnais.fr\/site\/2017\/11\/01\/genas-l-es-ga-cyclo-acheve-une-saison-bien-remplie\/#primaryimage\"},\"image\":{\"@id\":\"https:\/\/newsestlyonnais.fr\/site\/2017\/11\/01\/genas-l-es-ga-cyclo-acheve-une-saison-bien-remplie\/#primaryimage\"},\"thumbnailUrl\":\"https:\/\/newsestlyonnais.fr\/site\/wp-content\/uploads\/2017\/11\/NEWSESTLYONNAIS-ESGA-CYCLO-Mt-Brouilly.jpg\",\"datePublished\":\"2017-11-01T14:02:42+00:00\",\"dateModified\":\"2020-10-31T09:38:41+00:00\",\"description\":\"GENAS : L' ES Genas Azieu Cyclo ach\u00e8ve une saison bien remplie !\",\"breadcrumb\":{\"@id\":\"https:\/\/newsestlyonnais.fr\/site\/2017\/11\/01\/genas-l-es-ga-cyclo-acheve-une-saison-bien-remplie\/#breadcrumb\"},\"inLanguage\":\"fr-FR\",\"potentialAction\":[{\"@type\":\"ReadAction\",\"target\":[\"https:\/\/newsestlyonnais.fr\/site\/2017\/11\/01\/genas-l-es-ga-cyclo-acheve-une-saison-bien-remplie\/\"]}]},{\"@type\":\"ImageObject\",\"inLanguage\":\"fr-FR\",\"@id\":\"https:\/\/newsestlyonnais.fr\/site\/2017\/11\/01\/genas-l-es-ga-cyclo-acheve-une-saison-bien-remplie\/#primaryimage\",\"url\":\"https:\/\/newsestlyonnais.fr\/site\/wp-content\/uploads\/2017\/11\/NEWSESTLYONNAIS-ESGA-CYCLO-Mt-Brouilly.jpg\",\"contentUrl\":\"https:\/\/newsestlyonnais.fr\/site\/wp-content\/uploads\/2017\/11\/NEWSESTLYONNAIS-ESGA-CYCLO-Mt-Brouilly.jpg\",\"width\":700,\"height\":532,\"caption\":\"NEWSESTLYONNAIS - ESGA CYCLO Mt Brouilly\"},{\"@type\":\"BreadcrumbList\",\"@id\":\"https:\/\/newsestlyonnais.fr\/site\/2017\/11\/01\/genas-l-es-ga-cyclo-acheve-une-saison-bien-remplie\/#breadcrumb\",\"itemListElement\":[{\"@type\":\"ListItem\",\"position\":1,\"name\":\"Accueil\",\"item\":\"https:\/\/newsestlyonnais.fr\/site\/\"},{\"@type\":\"ListItem\",\"position\":2,\"name\":\"GENAS | L&rsquo; ES GA Cyclo ach\u00e8ve une saison bien remplie !\"}]},{\"@type\":\"WebSite\",\"@id\":\"https:\/\/newsestlyonnais.fr\/site\/#website\",\"url\":\"https:\/\/newsestlyonnais.fr\/site\/\",\"name\":\"News Est Lyonnais\",\"description\":\"L&#039;actualit\u00e9 au plus pr\u00e8s\",\"publisher\":{\"@id\":\"https:\/\/newsestlyonnais.fr\/site\/#organization\"},\"potentialAction\":[{\"@type\":\"SearchAction\",\"target\":{\"@type\":\"EntryPoint\",\"urlTemplate\":\"https:\/\/newsestlyonnais.fr\/site\/?s={search_term_string}\"},\"query-input\":{\"@type\":\"PropertyValueSpecification\",\"valueRequired\":true,\"valueName\":\"search_term_string\"}}],\"inLanguage\":\"fr-FR\"},{\"@type\":\"Organization\",\"@id\":\"https:\/\/newsestlyonnais.fr\/site\/#organization\",\"name\":\"News EST LYONNAIS\",\"url\":\"https:\/\/newsestlyonnais.fr\/site\/\",\"logo\":{\"@type\":\"ImageObject\",\"inLanguage\":\"fr-FR\",\"@id\":\"https:\/\/newsestlyonnais.fr\/site\/#\/schema\/logo\/image\/\",\"url\":\"\",\"contentUrl\":\"\",\"caption\":\"News EST LYONNAIS\"},\"image\":{\"@id\":\"https:\/\/newsestlyonnais.fr\/site\/#\/schema\/logo\/image\/\"}},{\"@type\":\"Person\",\"@id\":\"https:\/\/newsestlyonnais.fr\/site\/#\/schema\/person\/3230d5615f390bb808365d673001e887\",\"name\":\"R\u00e9dac. NEWS\",\"sameAs\":[\"http:\/\/www.newsestlyonnais.fr\",\"https:\/\/www.facebook.com\/pascal.oberson.1?fref=ts\",\"https:\/\/fr.linkedin.com\/in\/pascal-oberson-b17045113\"],\"url\":\"https:\/\/newsestlyonnais.fr\/site\/author\/nel\/\"}]}<\/script>\n<!-- \/ Yoast SEO plugin. -->","yoast_head_json":{"title":"GENAS : L' ES Genas Azieu Cyclo ach\u00e8ve une saison bien remplie !","description":"GENAS : L' ES Genas Azieu Cyclo ach\u00e8ve une saison bien remplie !","robots":{"index":"index","follow":"follow","max-snippet":"max-snippet:-1","max-image-preview":"max-image-preview:large","max-video-preview":"max-video-preview:-1"},"canonical":"https:\/\/newsestlyonnais.fr\/site\/2017\/11\/01\/genas-l-es-ga-cyclo-acheve-une-saison-bien-remplie\/","og_locale":"fr_FR","og_type":"article","og_title":"GENAS : L' ES Genas Azieu Cyclo ach\u00e8ve une saison bien remplie !","og_description":"GENAS : L' ES Genas Azieu Cyclo ach\u00e8ve une saison bien remplie !","og_url":"https:\/\/newsestlyonnais.fr\/site\/2017\/11\/01\/genas-l-es-ga-cyclo-acheve-une-saison-bien-remplie\/","og_site_name":"News Est Lyonnais","article_author":"https:\/\/www.facebook.com\/pascal.oberson.1?fref=ts","article_published_time":"2017-11-01T14:02:42+00:00","article_modified_time":"2020-10-31T09:38:41+00:00","og_image":[{"width":700,"height":532,"url":"https:\/\/i1.wp.com\/newsestlyonnais.fr\/site\/wp-content\/uploads\/2017\/11\/NEWSESTLYONNAIS-ESGA-CYCLO-Mt-Brouilly.jpg?fit=700%2C532&ssl=1","type":"image\/jpeg"}],"author":"R\u00e9dac. NEWS","twitter_card":"summary_large_image","twitter_misc":{"\u00c9crit par":"R\u00e9dac. NEWS","Dur\u00e9e de lecture estim\u00e9e":"2 minutes"},"schema":{"@context":"https:\/\/schema.org","@graph":[{"@type":"Article","@id":"https:\/\/newsestlyonnais.fr\/site\/2017\/11\/01\/genas-l-es-ga-cyclo-acheve-une-saison-bien-remplie\/#article","isPartOf":{"@id":"https:\/\/newsestlyonnais.fr\/site\/2017\/11\/01\/genas-l-es-ga-cyclo-acheve-une-saison-bien-remplie\/"},"author":{"name":"R\u00e9dac. NEWS","@id":"https:\/\/newsestlyonnais.fr\/site\/#\/schema\/person\/3230d5615f390bb808365d673001e887"},"headline":"GENAS | L&rsquo; ES GA Cyclo ach\u00e8ve une saison bien remplie !","datePublished":"2017-11-01T14:02:42+00:00","dateModified":"2020-10-31T09:38:41+00:00","mainEntityOfPage":{"@id":"https:\/\/newsestlyonnais.fr\/site\/2017\/11\/01\/genas-l-es-ga-cyclo-acheve-une-saison-bien-remplie\/"},"wordCount":425,"commentCount":0,"publisher":{"@id":"https:\/\/newsestlyonnais.fr\/site\/#organization"},"image":{"@id":"https:\/\/newsestlyonnais.fr\/site\/2017\/11\/01\/genas-l-es-ga-cyclo-acheve-une-saison-bien-remplie\/#primaryimage"},"thumbnailUrl":"https:\/\/newsestlyonnais.fr\/site\/wp-content\/uploads\/2017\/11\/NEWSESTLYONNAIS-ESGA-CYCLO-Mt-Brouilly.jpg","articleSection":["CCEL | Communes","Cyclisme | Cyclo | Vtt","Genas"],"inLanguage":"fr-FR","potentialAction":[{"@type":"CommentAction","name":"Comment","target":["https:\/\/newsestlyonnais.fr\/site\/2017\/11\/01\/genas-l-es-ga-cyclo-acheve-une-saison-bien-remplie\/#respond"]}]},{"@type":"WebPage","@id":"https:\/\/newsestlyonnais.fr\/site\/2017\/11\/01\/genas-l-es-ga-cyclo-acheve-une-saison-bien-remplie\/","url":"https:\/\/newsestlyonnais.fr\/site\/2017\/11\/01\/genas-l-es-ga-cyclo-acheve-une-saison-bien-remplie\/","name":"GENAS : L' ES Genas Azieu Cyclo ach\u00e8ve une saison bien remplie !","isPartOf":{"@id":"https:\/\/newsestlyonnais.fr\/site\/#website"},"primaryImageOfPage":{"@id":"https:\/\/newsestlyonnais.fr\/site\/2017\/11\/01\/genas-l-es-ga-cyclo-acheve-une-saison-bien-remplie\/#primaryimage"},"image":{"@id":"https:\/\/newsestlyonnais.fr\/site\/2017\/11\/01\/genas-l-es-ga-cyclo-acheve-une-saison-bien-remplie\/#primaryimage"},"thumbnailUrl":"https:\/\/newsestlyonnais.fr\/site\/wp-content\/uploads\/2017\/11\/NEWSESTLYONNAIS-ESGA-CYCLO-Mt-Brouilly.jpg","datePublished":"2017-11-01T14:02:42+00:00","dateModified":"2020-10-31T09:38:41+00:00","description":"GENAS : L' ES Genas Azieu Cyclo ach\u00e8ve une saison bien remplie !","breadcrumb":{"@id":"https:\/\/newsestlyonnais.fr\/site\/2017\/11\/01\/genas-l-es-ga-cyclo-acheve-une-saison-bien-remplie\/#breadcrumb"},"inLanguage":"fr-FR","potentialAction":[{"@type":"ReadAction","target":["https:\/\/newsestlyonnais.fr\/site\/2017\/11\/01\/genas-l-es-ga-cyclo-acheve-une-saison-bien-remplie\/"]}]},{"@type":"ImageObject","inLanguage":"fr-FR","@id":"https:\/\/newsestlyonnais.fr\/site\/2017\/11\/01\/genas-l-es-ga-cyclo-acheve-une-saison-bien-remplie\/#primaryimage","url":"https:\/\/newsestlyonnais.fr\/site\/wp-content\/uploads\/2017\/11\/NEWSESTLYONNAIS-ESGA-CYCLO-Mt-Brouilly.jpg","contentUrl":"https:\/\/newsestlyonnais.fr\/site\/wp-content\/uploads\/2017\/11\/NEWSESTLYONNAIS-ESGA-CYCLO-Mt-Brouilly.jpg","width":700,"height":532,"caption":"NEWSESTLYONNAIS - ESGA CYCLO Mt Brouilly"},{"@type":"BreadcrumbList","@id":"https:\/\/newsestlyonnais.fr\/site\/2017\/11\/01\/genas-l-es-ga-cyclo-acheve-une-saison-bien-remplie\/#breadcrumb","itemListElement":[{"@type":"ListItem","position":1,"name":"Accueil","item":"https:\/\/newsestlyonnais.fr\/site\/"},{"@type":"ListItem","position":2,"name":"GENAS | L&rsquo; ES GA Cyclo ach\u00e8ve une saison bien remplie !"}]},{"@type":"WebSite","@id":"https:\/\/newsestlyonnais.fr\/site\/#website","url":"https:\/\/newsestlyonnais.fr\/site\/","name":"News Est Lyonnais","description":"L&#039;actualit\u00e9 au plus pr\u00e8s","publisher":{"@id":"https:\/\/newsestlyonnais.fr\/site\/#organization"},"potentialAction":[{"@type":"SearchAction","target":{"@type":"EntryPoint","urlTemplate":"https:\/\/newsestlyonnais.fr\/site\/?s={search_term_string}"},"query-input":{"@type":"PropertyValueSpecification","valueRequired":true,"valueName":"search_term_string"}}],"inLanguage":"fr-FR"},{"@type":"Organization","@id":"https:\/\/newsestlyonnais.fr\/site\/#organization","name":"News EST LYONNAIS","url":"https:\/\/newsestlyonnais.fr\/site\/","logo":{"@type":"ImageObject","inLanguage":"fr-FR","@id":"https:\/\/newsestlyonnais.fr\/site\/#\/schema\/logo\/image\/","url":"","contentUrl":"","caption":"News EST LYONNAIS"},"image":{"@id":"https:\/\/newsestlyonnais.fr\/site\/#\/schema\/logo\/image\/"}},{"@type":"Person","@id":"https:\/\/newsestlyonnais.fr\/site\/#\/schema\/person\/3230d5615f390bb808365d673001e887","name":"R\u00e9dac. NEWS","sameAs":["http:\/\/www.newsestlyonnais.fr","https:\/\/www.facebook.com\/pascal.oberson.1?fref=ts","https:\/\/fr.linkedin.com\/in\/pascal-oberson-b17045113"],"url":"https:\/\/newsestlyonnais.fr\/site\/author\/nel\/"}]}},"_links":{"self":[{"href":"https:\/\/newsestlyonnais.fr\/site\/wp-json\/wp\/v2\/posts\/37644","targetHints":{"allow":["GET"]}}],"collection":[{"href":"https:\/\/newsestlyonnais.fr\/site\/wp-json\/wp\/v2\/posts"}],"about":[{"href":"https:\/\/newsestlyonnais.fr\/site\/wp-json\/wp\/v2\/types\/post"}],"author":[{"embeddable":true,"href":"https:\/\/newsestlyonnais.fr\/site\/wp-json\/wp\/v2\/users\/4"}],"replies":[{"embeddable":true,"href":"https:\/\/newsestlyonnais.fr\/site\/wp-json\/wp\/v2\/comments?post=37644"}],"version-history":[{"count":0,"href":"https:\/\/newsestlyonnais.fr\/site\/wp-json\/wp\/v2\/posts\/37644\/revisions"}],"wp:featuredmedia":[{"embeddable":true,"href":"https:\/\/newsestlyonnais.fr\/site\/wp-json\/wp\/v2\/media\/37647"}],"wp:attachment":[{"href":"https:\/\/newsestlyonnais.fr\/site\/wp-json\/wp\/v2\/media?parent=37644"}],"wp:term":[{"taxonomy":"category","embeddable":true,"href":"https:\/\/newsestlyonnais.fr\/site\/wp-json\/wp\/v2\/categories?post=37644"},{"taxonomy":"post_tag","embeddable":true,"href":"https:\/\/newsestlyonnais.fr\/site\/wp-json\/wp\/v2\/tags?post=37644"}],"curies":[{"name":"wp","href":"https:\/\/api.w.org\/{rel}","templated":true}]}}