{"id":37872,"date":"2017-11-06T06:43:12","date_gmt":"2017-11-06T05:43:12","guid":{"rendered":"http:\/\/newsestlyonnais.fr\/site\/?p=37872"},"modified":"2020-10-28T12:11:06","modified_gmt":"2020-10-28T11:11:06","slug":"vaulx-en-velin-les-halterophiles-vaudaises-3-au-classement-national-par-equipes","status":"publish","type":"post","link":"https:\/\/newsestlyonnais.fr\/site\/2017\/11\/06\/vaulx-en-velin-les-halterophiles-vaudaises-3-au-classement-national-par-equipes\/","title":{"rendered":"VAULX-EN-VELIN | Les halt\u00e9rophiles vaudaises 3\u00b0 au classement national par \u00e9quipes"},"content":{"rendered":"<h4 class=\"ox-3cd05b160e-MsoNormal\">Le Club Halt\u00e9rophile de Vaulx en Velin \u00e9tait pr\u00e9sent, ce premier samedi de novembre, \u00e0 Saint Quentin (Aisne) pour disputer le 2\u00b0 tour du championnat de France f\u00e9minin Nationale 1.<\/h4>\n<p class=\"ox-3cd05b160e-MsoNormal\">Les vaudaises rencontraient le club local et celui de Villeneuve Loubet au cours d&rsquo;un match \u00e9norme o\u00f9 les 3 \u00e9quipes totalisaient + de 800 points IWF!!!!.<\/p>\n<p class=\"ox-3cd05b160e-MsoNormal\">L\u2019\u00e9quipe f\u00e9minine du Club Halt\u00e9rophile de Vaulx-en-Velin pulv\u00e9rise son <strong>record Auvergne-Rh\u00f4ne-Alpes<\/strong> par \u00e9quipes avec un total de 847,53 points et r\u00e9alise la <strong>2\u00b0 meilleure performance de la journ\u00e9e,<\/strong> derri\u00e8re le club de Dijon. Pour l\u2019instant, \u00e0 la moyenne, l\u2019\u00e9quipe f\u00e9minine du club halt\u00e9rophile de Vaulx en Velin se classe \u00e0 la <strong>3\u00b0 place du championnat national.<\/strong><\/p>\n<p class=\"ox-3cd05b160e-MsoNormal\"><strong>A titre individuel<\/strong>, <a href=\"https:\/\/www.facebook.com\/jeanne.rsr?fref=mentions\" target=\"_blank\" rel=\"noopener noreferrer\">Jeanne Rossarie<\/a>\u00a0sort un match parfait avec 182 kg, <a href=\"https:\/\/www.facebook.com\/sarah.saintaime?fref=mentions\" target=\"_blank\" rel=\"noopener noreferrer\">\u00a0Sarah Saint-aim\u00e9<\/a>\u00a0r\u00e9ussit un total de 166 kg et Julie Vernet de 135 kg. <a href=\"https:\/\/www.facebook.com\/profile.php?id=100008879865722&amp;fref=mentions\" target=\"_blank\" rel=\"noopener noreferrer\">Clarisse Barbier<\/a>\u00a0avec un poids de corps de 59,2 kg bat de nouveau ses records Auvergne -Rh\u00f4ne-Alpes (cat\u00e9gorie -63 kg junior) avec un arrach\u00e9 \u00e0 66 kg &amp; un \u00e9paul\u00e9 jet\u00e9 \u00e0 84 kg, pour un total \u00e0 150 kg. Le pr\u00e9sident du club halt\u00e9rophile vaudais Far\u00e8s Zitouni, coach de l\u2019\u00e9quipe f\u00e9minine peut \u00eatre fier d\u2019elle.<\/p>\n<p class=\"ox-3cd05b160e-MsoNormal\"><strong>PHOTO A LA UNE<\/strong> : De gauche \u00e0 droite, Jeanne, Julie, Sarah &amp; Clarisse<\/p>\n<ul>\n<li>\n<h4>Retrouvez l&rsquo;ACTU du club sur : <a href=\"http:\/\/h-c-vaulx-en-velin.e-monsite.com\" target=\"_blank\" rel=\"noopener noreferrer\">http:\/\/h-c-vaulx-en-velin.e-monsite.com<\/a><\/h4>\n<\/li>\n<\/ul>\n","protected":false},"excerpt":{"rendered":"<p>Le Club Halt\u00e9rophile de Vaulx en Velin \u00e9tait pr\u00e9sent, ce premier samedi de novembre, \u00e0 Saint Quentin (Aisne) pour disputer le 2\u00b0 tour du championnat de France f\u00e9minin Nationale 1. Les vaudaises rencontraient le club local et celui de Villeneuve Loubet au cours d&rsquo;un match \u00e9norme o\u00f9 les 3 \u00e9quipes totalisaient + de 800 points [&hellip;]<\/p>\n","protected":false},"author":4,"featured_media":37876,"comment_status":"open","ping_status":"open","sticky":false,"template":"","format":"standard","meta":{"footnotes":""},"categories":[574,166,3421,28],"tags":[],"class_list":["post-37872","post","type-post","status-publish","format-standard","has-post-thumbnail","hentry","category-autres-sports","category-divers-sports","category-feminin-actu-au","category-vaulx-en-velin"],"yoast_head":"<!-- This site is optimized with the Yoast SEO plugin v27.2 - https:\/\/yoast.com\/product\/yoast-seo-wordpress\/ -->\n<title>VAULX EN VELIN : Les halt\u00e9rophiles vaudaises 3\u00b0 au classement national par \u00e9quipes<\/title>\n<meta name=\"description\" content=\"VAULX EN VELIN : Les halt\u00e9rophiles vaudaises 3\u00b0 au classement national par \u00e9quipes\" \/>\n<meta name=\"robots\" content=\"index, follow, max-snippet:-1, max-image-preview:large, max-video-preview:-1\" \/>\n<link rel=\"canonical\" href=\"https:\/\/newsestlyonnais.fr\/site\/2017\/11\/06\/vaulx-en-velin-les-halterophiles-vaudaises-3-au-classement-national-par-equipes\/\" \/>\n<meta property=\"og:locale\" content=\"fr_FR\" \/>\n<meta property=\"og:type\" content=\"article\" \/>\n<meta property=\"og:title\" content=\"VAULX EN VELIN : Les halt\u00e9rophiles vaudaises 3\u00b0 au classement national par \u00e9quipes\" \/>\n<meta property=\"og:description\" content=\"VAULX EN VELIN : Les halt\u00e9rophiles vaudaises 3\u00b0 au classement national par \u00e9quipes\" \/>\n<meta property=\"og:url\" content=\"https:\/\/newsestlyonnais.fr\/site\/2017\/11\/06\/vaulx-en-velin-les-halterophiles-vaudaises-3-au-classement-national-par-equipes\/\" \/>\n<meta property=\"og:site_name\" content=\"News Est Lyonnais\" \/>\n<meta property=\"article:author\" content=\"https:\/\/www.facebook.com\/pascal.oberson.1?fref=ts\" \/>\n<meta property=\"article:published_time\" content=\"2017-11-06T05:43:12+00:00\" \/>\n<meta property=\"article:modified_time\" content=\"2020-10-28T11:11:06+00:00\" \/>\n<meta property=\"og:image\" content=\"https:\/\/newsestlyonnais.fr\/site\/wp-content\/uploads\/2017\/11\/NEWSESTLYONNAIS-HALTERO-VAULX-1000x667.jpg\" \/>\n\t<meta property=\"og:image:width\" content=\"1000\" \/>\n\t<meta property=\"og:image:height\" content=\"667\" \/>\n\t<meta property=\"og:image:type\" content=\"image\/jpeg\" \/>\n<meta name=\"author\" content=\"R\u00e9dac. NEWS\" \/>\n<meta name=\"twitter:card\" content=\"summary_large_image\" \/>\n<meta name=\"twitter:label1\" content=\"\u00c9crit par\" \/>\n\t<meta name=\"twitter:data1\" content=\"R\u00e9dac. NEWS\" \/>\n\t<meta name=\"twitter:label2\" content=\"Dur\u00e9e de lecture estim\u00e9e\" \/>\n\t<meta name=\"twitter:data2\" content=\"1 minute\" \/>\n<script type=\"application\/ld+json\" class=\"yoast-schema-graph\">{\"@context\":\"https:\/\/schema.org\",\"@graph\":[{\"@type\":\"Article\",\"@id\":\"https:\/\/newsestlyonnais.fr\/site\/2017\/11\/06\/vaulx-en-velin-les-halterophiles-vaudaises-3-au-classement-national-par-equipes\/#article\",\"isPartOf\":{\"@id\":\"https:\/\/newsestlyonnais.fr\/site\/2017\/11\/06\/vaulx-en-velin-les-halterophiles-vaudaises-3-au-classement-national-par-equipes\/\"},\"author\":{\"name\":\"R\u00e9dac. NEWS\",\"@id\":\"https:\/\/newsestlyonnais.fr\/site\/#\/schema\/person\/3230d5615f390bb808365d673001e887\"},\"headline\":\"VAULX-EN-VELIN | Les halt\u00e9rophiles vaudaises 3\u00b0 au classement national par \u00e9quipes\",\"datePublished\":\"2017-11-06T05:43:12+00:00\",\"dateModified\":\"2020-10-28T11:11:06+00:00\",\"mainEntityOfPage\":{\"@id\":\"https:\/\/newsestlyonnais.fr\/site\/2017\/11\/06\/vaulx-en-velin-les-halterophiles-vaudaises-3-au-classement-national-par-equipes\/\"},\"wordCount\":230,\"commentCount\":1,\"publisher\":{\"@id\":\"https:\/\/newsestlyonnais.fr\/site\/#organization\"},\"image\":{\"@id\":\"https:\/\/newsestlyonnais.fr\/site\/2017\/11\/06\/vaulx-en-velin-les-halterophiles-vaudaises-3-au-classement-national-par-equipes\/#primaryimage\"},\"thumbnailUrl\":\"https:\/\/newsestlyonnais.fr\/site\/wp-content\/uploads\/2017\/11\/NEWSESTLYONNAIS-HALTERO-VAULX.jpg\",\"articleSection\":[\"Autres sports\",\"Divers Sports\",\"F\u00e9minin (Actu au)\",\"Vaulx-en-Velin\"],\"inLanguage\":\"fr-FR\",\"potentialAction\":[{\"@type\":\"CommentAction\",\"name\":\"Comment\",\"target\":[\"https:\/\/newsestlyonnais.fr\/site\/2017\/11\/06\/vaulx-en-velin-les-halterophiles-vaudaises-3-au-classement-national-par-equipes\/#respond\"]}]},{\"@type\":\"WebPage\",\"@id\":\"https:\/\/newsestlyonnais.fr\/site\/2017\/11\/06\/vaulx-en-velin-les-halterophiles-vaudaises-3-au-classement-national-par-equipes\/\",\"url\":\"https:\/\/newsestlyonnais.fr\/site\/2017\/11\/06\/vaulx-en-velin-les-halterophiles-vaudaises-3-au-classement-national-par-equipes\/\",\"name\":\"VAULX EN VELIN : Les halt\u00e9rophiles vaudaises 3\u00b0 au classement national par \u00e9quipes\",\"isPartOf\":{\"@id\":\"https:\/\/newsestlyonnais.fr\/site\/#website\"},\"primaryImageOfPage\":{\"@id\":\"https:\/\/newsestlyonnais.fr\/site\/2017\/11\/06\/vaulx-en-velin-les-halterophiles-vaudaises-3-au-classement-national-par-equipes\/#primaryimage\"},\"image\":{\"@id\":\"https:\/\/newsestlyonnais.fr\/site\/2017\/11\/06\/vaulx-en-velin-les-halterophiles-vaudaises-3-au-classement-national-par-equipes\/#primaryimage\"},\"thumbnailUrl\":\"https:\/\/newsestlyonnais.fr\/site\/wp-content\/uploads\/2017\/11\/NEWSESTLYONNAIS-HALTERO-VAULX.jpg\",\"datePublished\":\"2017-11-06T05:43:12+00:00\",\"dateModified\":\"2020-10-28T11:11:06+00:00\",\"description\":\"VAULX EN VELIN : Les halt\u00e9rophiles vaudaises 3\u00b0 au classement national par \u00e9quipes\",\"breadcrumb\":{\"@id\":\"https:\/\/newsestlyonnais.fr\/site\/2017\/11\/06\/vaulx-en-velin-les-halterophiles-vaudaises-3-au-classement-national-par-equipes\/#breadcrumb\"},\"inLanguage\":\"fr-FR\",\"potentialAction\":[{\"@type\":\"ReadAction\",\"target\":[\"https:\/\/newsestlyonnais.fr\/site\/2017\/11\/06\/vaulx-en-velin-les-halterophiles-vaudaises-3-au-classement-national-par-equipes\/\"]}]},{\"@type\":\"ImageObject\",\"inLanguage\":\"fr-FR\",\"@id\":\"https:\/\/newsestlyonnais.fr\/site\/2017\/11\/06\/vaulx-en-velin-les-halterophiles-vaudaises-3-au-classement-national-par-equipes\/#primaryimage\",\"url\":\"https:\/\/newsestlyonnais.fr\/site\/wp-content\/uploads\/2017\/11\/NEWSESTLYONNAIS-HALTERO-VAULX.jpg\",\"contentUrl\":\"https:\/\/newsestlyonnais.fr\/site\/wp-content\/uploads\/2017\/11\/NEWSESTLYONNAIS-HALTERO-VAULX.jpg\",\"width\":6000,\"height\":4000,\"caption\":\"NEWSESTLYONNAIS - HALTERO VAULX\"},{\"@type\":\"BreadcrumbList\",\"@id\":\"https:\/\/newsestlyonnais.fr\/site\/2017\/11\/06\/vaulx-en-velin-les-halterophiles-vaudaises-3-au-classement-national-par-equipes\/#breadcrumb\",\"itemListElement\":[{\"@type\":\"ListItem\",\"position\":1,\"name\":\"Accueil\",\"item\":\"https:\/\/newsestlyonnais.fr\/site\/\"},{\"@type\":\"ListItem\",\"position\":2,\"name\":\"VAULX-EN-VELIN | Les halt\u00e9rophiles vaudaises 3\u00b0 au classement national par \u00e9quipes\"}]},{\"@type\":\"WebSite\",\"@id\":\"https:\/\/newsestlyonnais.fr\/site\/#website\",\"url\":\"https:\/\/newsestlyonnais.fr\/site\/\",\"name\":\"News Est Lyonnais\",\"description\":\"L&#039;actualit\u00e9 au plus pr\u00e8s\",\"publisher\":{\"@id\":\"https:\/\/newsestlyonnais.fr\/site\/#organization\"},\"potentialAction\":[{\"@type\":\"SearchAction\",\"target\":{\"@type\":\"EntryPoint\",\"urlTemplate\":\"https:\/\/newsestlyonnais.fr\/site\/?s={search_term_string}\"},\"query-input\":{\"@type\":\"PropertyValueSpecification\",\"valueRequired\":true,\"valueName\":\"search_term_string\"}}],\"inLanguage\":\"fr-FR\"},{\"@type\":\"Organization\",\"@id\":\"https:\/\/newsestlyonnais.fr\/site\/#organization\",\"name\":\"News EST LYONNAIS\",\"url\":\"https:\/\/newsestlyonnais.fr\/site\/\",\"logo\":{\"@type\":\"ImageObject\",\"inLanguage\":\"fr-FR\",\"@id\":\"https:\/\/newsestlyonnais.fr\/site\/#\/schema\/logo\/image\/\",\"url\":\"\",\"contentUrl\":\"\",\"caption\":\"News EST LYONNAIS\"},\"image\":{\"@id\":\"https:\/\/newsestlyonnais.fr\/site\/#\/schema\/logo\/image\/\"}},{\"@type\":\"Person\",\"@id\":\"https:\/\/newsestlyonnais.fr\/site\/#\/schema\/person\/3230d5615f390bb808365d673001e887\",\"name\":\"R\u00e9dac. NEWS\",\"sameAs\":[\"http:\/\/www.newsestlyonnais.fr\",\"https:\/\/www.facebook.com\/pascal.oberson.1?fref=ts\",\"https:\/\/fr.linkedin.com\/in\/pascal-oberson-b17045113\"],\"url\":\"https:\/\/newsestlyonnais.fr\/site\/author\/nel\/\"}]}<\/script>\n<!-- \/ Yoast SEO plugin. -->","yoast_head_json":{"title":"VAULX EN VELIN : Les halt\u00e9rophiles vaudaises 3\u00b0 au classement national par \u00e9quipes","description":"VAULX EN VELIN : Les halt\u00e9rophiles vaudaises 3\u00b0 au classement national par \u00e9quipes","robots":{"index":"index","follow":"follow","max-snippet":"max-snippet:-1","max-image-preview":"max-image-preview:large","max-video-preview":"max-video-preview:-1"},"canonical":"https:\/\/newsestlyonnais.fr\/site\/2017\/11\/06\/vaulx-en-velin-les-halterophiles-vaudaises-3-au-classement-national-par-equipes\/","og_locale":"fr_FR","og_type":"article","og_title":"VAULX EN VELIN : Les halt\u00e9rophiles vaudaises 3\u00b0 au classement national par \u00e9quipes","og_description":"VAULX EN VELIN : Les halt\u00e9rophiles vaudaises 3\u00b0 au classement national par \u00e9quipes","og_url":"https:\/\/newsestlyonnais.fr\/site\/2017\/11\/06\/vaulx-en-velin-les-halterophiles-vaudaises-3-au-classement-national-par-equipes\/","og_site_name":"News Est Lyonnais","article_author":"https:\/\/www.facebook.com\/pascal.oberson.1?fref=ts","article_published_time":"2017-11-06T05:43:12+00:00","article_modified_time":"2020-10-28T11:11:06+00:00","og_image":[{"width":1000,"height":667,"url":"https:\/\/newsestlyonnais.fr\/site\/wp-content\/uploads\/2017\/11\/NEWSESTLYONNAIS-HALTERO-VAULX-1000x667.jpg","type":"image\/jpeg"}],"author":"R\u00e9dac. NEWS","twitter_card":"summary_large_image","twitter_misc":{"\u00c9crit par":"R\u00e9dac. NEWS","Dur\u00e9e de lecture estim\u00e9e":"1 minute"},"schema":{"@context":"https:\/\/schema.org","@graph":[{"@type":"Article","@id":"https:\/\/newsestlyonnais.fr\/site\/2017\/11\/06\/vaulx-en-velin-les-halterophiles-vaudaises-3-au-classement-national-par-equipes\/#article","isPartOf":{"@id":"https:\/\/newsestlyonnais.fr\/site\/2017\/11\/06\/vaulx-en-velin-les-halterophiles-vaudaises-3-au-classement-national-par-equipes\/"},"author":{"name":"R\u00e9dac. NEWS","@id":"https:\/\/newsestlyonnais.fr\/site\/#\/schema\/person\/3230d5615f390bb808365d673001e887"},"headline":"VAULX-EN-VELIN | Les halt\u00e9rophiles vaudaises 3\u00b0 au classement national par \u00e9quipes","datePublished":"2017-11-06T05:43:12+00:00","dateModified":"2020-10-28T11:11:06+00:00","mainEntityOfPage":{"@id":"https:\/\/newsestlyonnais.fr\/site\/2017\/11\/06\/vaulx-en-velin-les-halterophiles-vaudaises-3-au-classement-national-par-equipes\/"},"wordCount":230,"commentCount":1,"publisher":{"@id":"https:\/\/newsestlyonnais.fr\/site\/#organization"},"image":{"@id":"https:\/\/newsestlyonnais.fr\/site\/2017\/11\/06\/vaulx-en-velin-les-halterophiles-vaudaises-3-au-classement-national-par-equipes\/#primaryimage"},"thumbnailUrl":"https:\/\/newsestlyonnais.fr\/site\/wp-content\/uploads\/2017\/11\/NEWSESTLYONNAIS-HALTERO-VAULX.jpg","articleSection":["Autres sports","Divers Sports","F\u00e9minin (Actu au)","Vaulx-en-Velin"],"inLanguage":"fr-FR","potentialAction":[{"@type":"CommentAction","name":"Comment","target":["https:\/\/newsestlyonnais.fr\/site\/2017\/11\/06\/vaulx-en-velin-les-halterophiles-vaudaises-3-au-classement-national-par-equipes\/#respond"]}]},{"@type":"WebPage","@id":"https:\/\/newsestlyonnais.fr\/site\/2017\/11\/06\/vaulx-en-velin-les-halterophiles-vaudaises-3-au-classement-national-par-equipes\/","url":"https:\/\/newsestlyonnais.fr\/site\/2017\/11\/06\/vaulx-en-velin-les-halterophiles-vaudaises-3-au-classement-national-par-equipes\/","name":"VAULX EN VELIN : Les halt\u00e9rophiles vaudaises 3\u00b0 au classement national par \u00e9quipes","isPartOf":{"@id":"https:\/\/newsestlyonnais.fr\/site\/#website"},"primaryImageOfPage":{"@id":"https:\/\/newsestlyonnais.fr\/site\/2017\/11\/06\/vaulx-en-velin-les-halterophiles-vaudaises-3-au-classement-national-par-equipes\/#primaryimage"},"image":{"@id":"https:\/\/newsestlyonnais.fr\/site\/2017\/11\/06\/vaulx-en-velin-les-halterophiles-vaudaises-3-au-classement-national-par-equipes\/#primaryimage"},"thumbnailUrl":"https:\/\/newsestlyonnais.fr\/site\/wp-content\/uploads\/2017\/11\/NEWSESTLYONNAIS-HALTERO-VAULX.jpg","datePublished":"2017-11-06T05:43:12+00:00","dateModified":"2020-10-28T11:11:06+00:00","description":"VAULX EN VELIN : Les halt\u00e9rophiles vaudaises 3\u00b0 au classement national par \u00e9quipes","breadcrumb":{"@id":"https:\/\/newsestlyonnais.fr\/site\/2017\/11\/06\/vaulx-en-velin-les-halterophiles-vaudaises-3-au-classement-national-par-equipes\/#breadcrumb"},"inLanguage":"fr-FR","potentialAction":[{"@type":"ReadAction","target":["https:\/\/newsestlyonnais.fr\/site\/2017\/11\/06\/vaulx-en-velin-les-halterophiles-vaudaises-3-au-classement-national-par-equipes\/"]}]},{"@type":"ImageObject","inLanguage":"fr-FR","@id":"https:\/\/newsestlyonnais.fr\/site\/2017\/11\/06\/vaulx-en-velin-les-halterophiles-vaudaises-3-au-classement-national-par-equipes\/#primaryimage","url":"https:\/\/newsestlyonnais.fr\/site\/wp-content\/uploads\/2017\/11\/NEWSESTLYONNAIS-HALTERO-VAULX.jpg","contentUrl":"https:\/\/newsestlyonnais.fr\/site\/wp-content\/uploads\/2017\/11\/NEWSESTLYONNAIS-HALTERO-VAULX.jpg","width":6000,"height":4000,"caption":"NEWSESTLYONNAIS - HALTERO VAULX"},{"@type":"BreadcrumbList","@id":"https:\/\/newsestlyonnais.fr\/site\/2017\/11\/06\/vaulx-en-velin-les-halterophiles-vaudaises-3-au-classement-national-par-equipes\/#breadcrumb","itemListElement":[{"@type":"ListItem","position":1,"name":"Accueil","item":"https:\/\/newsestlyonnais.fr\/site\/"},{"@type":"ListItem","position":2,"name":"VAULX-EN-VELIN | Les halt\u00e9rophiles vaudaises 3\u00b0 au classement national par \u00e9quipes"}]},{"@type":"WebSite","@id":"https:\/\/newsestlyonnais.fr\/site\/#website","url":"https:\/\/newsestlyonnais.fr\/site\/","name":"News Est Lyonnais","description":"L&#039;actualit\u00e9 au plus pr\u00e8s","publisher":{"@id":"https:\/\/newsestlyonnais.fr\/site\/#organization"},"potentialAction":[{"@type":"SearchAction","target":{"@type":"EntryPoint","urlTemplate":"https:\/\/newsestlyonnais.fr\/site\/?s={search_term_string}"},"query-input":{"@type":"PropertyValueSpecification","valueRequired":true,"valueName":"search_term_string"}}],"inLanguage":"fr-FR"},{"@type":"Organization","@id":"https:\/\/newsestlyonnais.fr\/site\/#organization","name":"News EST LYONNAIS","url":"https:\/\/newsestlyonnais.fr\/site\/","logo":{"@type":"ImageObject","inLanguage":"fr-FR","@id":"https:\/\/newsestlyonnais.fr\/site\/#\/schema\/logo\/image\/","url":"","contentUrl":"","caption":"News EST LYONNAIS"},"image":{"@id":"https:\/\/newsestlyonnais.fr\/site\/#\/schema\/logo\/image\/"}},{"@type":"Person","@id":"https:\/\/newsestlyonnais.fr\/site\/#\/schema\/person\/3230d5615f390bb808365d673001e887","name":"R\u00e9dac. NEWS","sameAs":["http:\/\/www.newsestlyonnais.fr","https:\/\/www.facebook.com\/pascal.oberson.1?fref=ts","https:\/\/fr.linkedin.com\/in\/pascal-oberson-b17045113"],"url":"https:\/\/newsestlyonnais.fr\/site\/author\/nel\/"}]}},"_links":{"self":[{"href":"https:\/\/newsestlyonnais.fr\/site\/wp-json\/wp\/v2\/posts\/37872","targetHints":{"allow":["GET"]}}],"collection":[{"href":"https:\/\/newsestlyonnais.fr\/site\/wp-json\/wp\/v2\/posts"}],"about":[{"href":"https:\/\/newsestlyonnais.fr\/site\/wp-json\/wp\/v2\/types\/post"}],"author":[{"embeddable":true,"href":"https:\/\/newsestlyonnais.fr\/site\/wp-json\/wp\/v2\/users\/4"}],"replies":[{"embeddable":true,"href":"https:\/\/newsestlyonnais.fr\/site\/wp-json\/wp\/v2\/comments?post=37872"}],"version-history":[{"count":0,"href":"https:\/\/newsestlyonnais.fr\/site\/wp-json\/wp\/v2\/posts\/37872\/revisions"}],"wp:featuredmedia":[{"embeddable":true,"href":"https:\/\/newsestlyonnais.fr\/site\/wp-json\/wp\/v2\/media\/37876"}],"wp:attachment":[{"href":"https:\/\/newsestlyonnais.fr\/site\/wp-json\/wp\/v2\/media?parent=37872"}],"wp:term":[{"taxonomy":"category","embeddable":true,"href":"https:\/\/newsestlyonnais.fr\/site\/wp-json\/wp\/v2\/categories?post=37872"},{"taxonomy":"post_tag","embeddable":true,"href":"https:\/\/newsestlyonnais.fr\/site\/wp-json\/wp\/v2\/tags?post=37872"}],"curies":[{"name":"wp","href":"https:\/\/api.w.org\/{rel}","templated":true}]}}