{"id":38026,"date":"2017-11-04T06:40:44","date_gmt":"2017-11-04T05:40:44","guid":{"rendered":"http:\/\/newsestlyonnais.fr\/site\/?p=38026"},"modified":"2020-11-17T13:22:19","modified_gmt":"2020-11-17T12:22:19","slug":"meyzieu-reunion-publique-secteur-peyssilieu-voiries-de-desserte-centre-commercial","status":"publish","type":"post","link":"https:\/\/newsestlyonnais.fr\/site\/2017\/11\/04\/meyzieu-reunion-publique-secteur-peyssilieu-voiries-de-desserte-centre-commercial\/","title":{"rendered":"MEYZIEU | R\u00e9union publique secteur Peyssilieu > voiries de desserte \/ Centre commercial"},"content":{"rendered":"<h4>\u00c0 l&rsquo;entr\u00e9e ouest de Meyzieu, le centre commercial b\u00e9n\u00e9ficiera dans les prochaines ann\u00e9es d\u2019une restructuration compl\u00e8te.<\/h4>\n<p>Dans ce cadre, la M\u00e9tropole de Lyon organise une phase de concertation r\u00e9glementaire relative aux am\u00e9nagements de voiries de desserte du secteur de Peyssilieu, dans le quartier du Mathiolan, et du sud de Meyzieu.<\/p>\n<p>En lancement de cette concertation, une r\u00e9union publique organis\u00e9e par la M\u00e9tropole de Lyon permettra d\u2019\u00e9changer avec les \u00e9lus du Grand Lyon pr\u00e9sents, le Maire de Meyzieu, Christophe Quiniou, ainsi que le porteur de projet du centre commercial.<\/p>\n<p>Celle-ci se tiendra<strong> jeudi 16 novembre \u00e0 19h, \u00e0 la salle des F\u00eates de Meyzieu, place Andr\u00e9-Marie Burignat. <\/strong>Elle permettra d\u2019exposer le cadre et les objectifs de ce projet et d\u2019\u00e9changer sur les diff\u00e9rentes orientations d\u2019am\u00e9nagement. En pr\u00e9sence de :<\/p>\n<ul>\n<li>Christophe Quiniou (Maire de Meyzieu)<\/li>\n<li>Pierre Abadie (Vice-pr\u00e9sident de la M\u00e9tropole de Lyon, charg\u00e9 de Voirie)<\/li>\n<li>Michel Le Faou (Vice-pr\u00e9sident de la M\u00e9tropole de Lyon, charg\u00e9 de l\u2019urbanisme et du renouvellement urbain, de l\u2019habitat et du cadre de vie).<\/li>\n<\/ul>\n<p><span style=\"text-decoration: underline\"><em><strong>Phase de concertation<\/strong><\/em><\/span>:<br \/>\nLa concertation r\u00e9glementaire sera ouverte <em><strong>du 13 novembre au 20 d\u00e9cembre inclus<\/strong><\/em>. <span style=\"text-decoration: underline\">Le dossier de<\/span><br \/>\n<span style=\"text-decoration: underline\"> concertation pr\u00e9alable<\/span>, pr\u00e9sentant le projet, est disponible \u00e0 l\u2019H\u00f4tel de Ville de Meyzieu et sur le site :<br \/>\n<a href=\"http:\/\/www.grandlyon.com\" target=\"_blank\" rel=\"noopener noreferrer\">http:\/\/www.grandlyon.com<\/a><br \/>\nLes <span style=\"text-decoration: underline\">observations<\/span> peuvent \u00e9galement \u00eatre post\u00e9es sur la boite mail : concertation.peyssilieu@grandlyon.com<\/p>\n<ul>\n<li>\n<h4>Retrouvez l&rsquo;ACTU de la commune sur: <a href=\"http:\/\/www.meyzieu.fr\" target=\"_blank\" rel=\"noopener noreferrer\">http:\/\/www.meyzieu.fr<\/a><\/h4>\n<\/li>\n<\/ul>\n","protected":false},"excerpt":{"rendered":"<p>\u00c0 l&rsquo;entr\u00e9e ouest de Meyzieu, le centre commercial b\u00e9n\u00e9ficiera dans les prochaines ann\u00e9es d\u2019une restructuration compl\u00e8te. Dans ce cadre, la M\u00e9tropole de Lyon organise une phase de concertation r\u00e9glementaire relative aux am\u00e9nagements de voiries de desserte du secteur de Peyssilieu, dans le quartier du Mathiolan, et du sud de Meyzieu. En lancement de cette concertation, [&hellip;]<\/p>\n","protected":false},"author":4,"featured_media":0,"comment_status":"open","ping_status":"open","sticky":false,"template":"","format":"standard","meta":{"footnotes":""},"categories":[2970,24,172],"tags":[],"class_list":["post-38026","post","type-post","status-publish","format-standard","hentry","category-artisans-commerces-economie","category-meyzieu","category-travaux-amenagements"],"yoast_head":"<!-- This site is optimized with the Yoast SEO plugin v27.2 - https:\/\/yoast.com\/product\/yoast-seo-wordpress\/ -->\n<title>MEYZIEU : R\u00e9union publique secteur Peyssilieu - Voiries de desserte \/ Centre commercial<\/title>\n<meta name=\"description\" content=\"MEYZIEU : R\u00e9union publique secteur Peyssilieu - Voiries de desserte \/ Centre commercial\" \/>\n<meta name=\"robots\" content=\"index, follow, max-snippet:-1, max-image-preview:large, max-video-preview:-1\" \/>\n<link rel=\"canonical\" href=\"https:\/\/newsestlyonnais.fr\/site\/2017\/11\/04\/meyzieu-reunion-publique-secteur-peyssilieu-voiries-de-desserte-centre-commercial\/\" \/>\n<meta property=\"og:locale\" content=\"fr_FR\" \/>\n<meta property=\"og:type\" content=\"article\" \/>\n<meta property=\"og:title\" content=\"MEYZIEU : R\u00e9union publique secteur Peyssilieu - Voiries de desserte \/ Centre commercial\" \/>\n<meta property=\"og:description\" content=\"MEYZIEU : R\u00e9union publique secteur Peyssilieu - Voiries de desserte \/ Centre commercial\" \/>\n<meta property=\"og:url\" content=\"https:\/\/newsestlyonnais.fr\/site\/2017\/11\/04\/meyzieu-reunion-publique-secteur-peyssilieu-voiries-de-desserte-centre-commercial\/\" \/>\n<meta property=\"og:site_name\" content=\"News Est Lyonnais\" \/>\n<meta property=\"article:author\" content=\"https:\/\/www.facebook.com\/pascal.oberson.1?fref=ts\" \/>\n<meta property=\"article:published_time\" content=\"2017-11-04T05:40:44+00:00\" \/>\n<meta property=\"article:modified_time\" content=\"2020-11-17T12:22:19+00:00\" \/>\n<meta name=\"author\" content=\"R\u00e9dac. NEWS\" \/>\n<meta name=\"twitter:card\" content=\"summary_large_image\" \/>\n<meta name=\"twitter:label1\" content=\"\u00c9crit par\" \/>\n\t<meta name=\"twitter:data1\" content=\"R\u00e9dac. NEWS\" \/>\n\t<meta name=\"twitter:label2\" content=\"Dur\u00e9e de lecture estim\u00e9e\" \/>\n\t<meta name=\"twitter:data2\" content=\"1 minute\" \/>\n<script type=\"application\/ld+json\" class=\"yoast-schema-graph\">{\"@context\":\"https:\/\/schema.org\",\"@graph\":[{\"@type\":\"Article\",\"@id\":\"https:\/\/newsestlyonnais.fr\/site\/2017\/11\/04\/meyzieu-reunion-publique-secteur-peyssilieu-voiries-de-desserte-centre-commercial\/#article\",\"isPartOf\":{\"@id\":\"https:\/\/newsestlyonnais.fr\/site\/2017\/11\/04\/meyzieu-reunion-publique-secteur-peyssilieu-voiries-de-desserte-centre-commercial\/\"},\"author\":{\"name\":\"R\u00e9dac. NEWS\",\"@id\":\"https:\/\/newsestlyonnais.fr\/site\/#\/schema\/person\/3230d5615f390bb808365d673001e887\"},\"headline\":\"MEYZIEU | R\u00e9union publique secteur Peyssilieu > voiries de desserte \/ Centre commercial\",\"datePublished\":\"2017-11-04T05:40:44+00:00\",\"dateModified\":\"2020-11-17T12:22:19+00:00\",\"mainEntityOfPage\":{\"@id\":\"https:\/\/newsestlyonnais.fr\/site\/2017\/11\/04\/meyzieu-reunion-publique-secteur-peyssilieu-voiries-de-desserte-centre-commercial\/\"},\"wordCount\":270,\"commentCount\":0,\"publisher\":{\"@id\":\"https:\/\/newsestlyonnais.fr\/site\/#organization\"},\"articleSection\":[\"Artisans | Commerces\",\"Meyzieu\",\"Travaux | Am\u00e9nagements\"],\"inLanguage\":\"fr-FR\",\"potentialAction\":[{\"@type\":\"CommentAction\",\"name\":\"Comment\",\"target\":[\"https:\/\/newsestlyonnais.fr\/site\/2017\/11\/04\/meyzieu-reunion-publique-secteur-peyssilieu-voiries-de-desserte-centre-commercial\/#respond\"]}]},{\"@type\":\"WebPage\",\"@id\":\"https:\/\/newsestlyonnais.fr\/site\/2017\/11\/04\/meyzieu-reunion-publique-secteur-peyssilieu-voiries-de-desserte-centre-commercial\/\",\"url\":\"https:\/\/newsestlyonnais.fr\/site\/2017\/11\/04\/meyzieu-reunion-publique-secteur-peyssilieu-voiries-de-desserte-centre-commercial\/\",\"name\":\"MEYZIEU : R\u00e9union publique secteur Peyssilieu - Voiries de desserte \/ Centre commercial\",\"isPartOf\":{\"@id\":\"https:\/\/newsestlyonnais.fr\/site\/#website\"},\"datePublished\":\"2017-11-04T05:40:44+00:00\",\"dateModified\":\"2020-11-17T12:22:19+00:00\",\"description\":\"MEYZIEU : R\u00e9union publique secteur Peyssilieu - Voiries de desserte \/ Centre commercial\",\"breadcrumb\":{\"@id\":\"https:\/\/newsestlyonnais.fr\/site\/2017\/11\/04\/meyzieu-reunion-publique-secteur-peyssilieu-voiries-de-desserte-centre-commercial\/#breadcrumb\"},\"inLanguage\":\"fr-FR\",\"potentialAction\":[{\"@type\":\"ReadAction\",\"target\":[\"https:\/\/newsestlyonnais.fr\/site\/2017\/11\/04\/meyzieu-reunion-publique-secteur-peyssilieu-voiries-de-desserte-centre-commercial\/\"]}]},{\"@type\":\"BreadcrumbList\",\"@id\":\"https:\/\/newsestlyonnais.fr\/site\/2017\/11\/04\/meyzieu-reunion-publique-secteur-peyssilieu-voiries-de-desserte-centre-commercial\/#breadcrumb\",\"itemListElement\":[{\"@type\":\"ListItem\",\"position\":1,\"name\":\"Accueil\",\"item\":\"https:\/\/newsestlyonnais.fr\/site\/\"},{\"@type\":\"ListItem\",\"position\":2,\"name\":\"MEYZIEU | R\u00e9union publique secteur Peyssilieu > voiries de desserte \/ Centre commercial\"}]},{\"@type\":\"WebSite\",\"@id\":\"https:\/\/newsestlyonnais.fr\/site\/#website\",\"url\":\"https:\/\/newsestlyonnais.fr\/site\/\",\"name\":\"News Est Lyonnais\",\"description\":\"L&#039;actualit\u00e9 au plus pr\u00e8s\",\"publisher\":{\"@id\":\"https:\/\/newsestlyonnais.fr\/site\/#organization\"},\"potentialAction\":[{\"@type\":\"SearchAction\",\"target\":{\"@type\":\"EntryPoint\",\"urlTemplate\":\"https:\/\/newsestlyonnais.fr\/site\/?s={search_term_string}\"},\"query-input\":{\"@type\":\"PropertyValueSpecification\",\"valueRequired\":true,\"valueName\":\"search_term_string\"}}],\"inLanguage\":\"fr-FR\"},{\"@type\":\"Organization\",\"@id\":\"https:\/\/newsestlyonnais.fr\/site\/#organization\",\"name\":\"News EST LYONNAIS\",\"url\":\"https:\/\/newsestlyonnais.fr\/site\/\",\"logo\":{\"@type\":\"ImageObject\",\"inLanguage\":\"fr-FR\",\"@id\":\"https:\/\/newsestlyonnais.fr\/site\/#\/schema\/logo\/image\/\",\"url\":\"\",\"contentUrl\":\"\",\"caption\":\"News EST LYONNAIS\"},\"image\":{\"@id\":\"https:\/\/newsestlyonnais.fr\/site\/#\/schema\/logo\/image\/\"}},{\"@type\":\"Person\",\"@id\":\"https:\/\/newsestlyonnais.fr\/site\/#\/schema\/person\/3230d5615f390bb808365d673001e887\",\"name\":\"R\u00e9dac. NEWS\",\"sameAs\":[\"http:\/\/www.newsestlyonnais.fr\",\"https:\/\/www.facebook.com\/pascal.oberson.1?fref=ts\",\"https:\/\/fr.linkedin.com\/in\/pascal-oberson-b17045113\"],\"url\":\"https:\/\/newsestlyonnais.fr\/site\/author\/nel\/\"}]}<\/script>\n<!-- \/ Yoast SEO plugin. -->","yoast_head_json":{"title":"MEYZIEU : R\u00e9union publique secteur Peyssilieu - Voiries de desserte \/ Centre commercial","description":"MEYZIEU : R\u00e9union publique secteur Peyssilieu - Voiries de desserte \/ Centre commercial","robots":{"index":"index","follow":"follow","max-snippet":"max-snippet:-1","max-image-preview":"max-image-preview:large","max-video-preview":"max-video-preview:-1"},"canonical":"https:\/\/newsestlyonnais.fr\/site\/2017\/11\/04\/meyzieu-reunion-publique-secteur-peyssilieu-voiries-de-desserte-centre-commercial\/","og_locale":"fr_FR","og_type":"article","og_title":"MEYZIEU : R\u00e9union publique secteur Peyssilieu - Voiries de desserte \/ Centre commercial","og_description":"MEYZIEU : R\u00e9union publique secteur Peyssilieu - Voiries de desserte \/ Centre commercial","og_url":"https:\/\/newsestlyonnais.fr\/site\/2017\/11\/04\/meyzieu-reunion-publique-secteur-peyssilieu-voiries-de-desserte-centre-commercial\/","og_site_name":"News Est Lyonnais","article_author":"https:\/\/www.facebook.com\/pascal.oberson.1?fref=ts","article_published_time":"2017-11-04T05:40:44+00:00","article_modified_time":"2020-11-17T12:22:19+00:00","author":"R\u00e9dac. NEWS","twitter_card":"summary_large_image","twitter_misc":{"\u00c9crit par":"R\u00e9dac. NEWS","Dur\u00e9e de lecture estim\u00e9e":"1 minute"},"schema":{"@context":"https:\/\/schema.org","@graph":[{"@type":"Article","@id":"https:\/\/newsestlyonnais.fr\/site\/2017\/11\/04\/meyzieu-reunion-publique-secteur-peyssilieu-voiries-de-desserte-centre-commercial\/#article","isPartOf":{"@id":"https:\/\/newsestlyonnais.fr\/site\/2017\/11\/04\/meyzieu-reunion-publique-secteur-peyssilieu-voiries-de-desserte-centre-commercial\/"},"author":{"name":"R\u00e9dac. NEWS","@id":"https:\/\/newsestlyonnais.fr\/site\/#\/schema\/person\/3230d5615f390bb808365d673001e887"},"headline":"MEYZIEU | R\u00e9union publique secteur Peyssilieu > voiries de desserte \/ Centre commercial","datePublished":"2017-11-04T05:40:44+00:00","dateModified":"2020-11-17T12:22:19+00:00","mainEntityOfPage":{"@id":"https:\/\/newsestlyonnais.fr\/site\/2017\/11\/04\/meyzieu-reunion-publique-secteur-peyssilieu-voiries-de-desserte-centre-commercial\/"},"wordCount":270,"commentCount":0,"publisher":{"@id":"https:\/\/newsestlyonnais.fr\/site\/#organization"},"articleSection":["Artisans | Commerces","Meyzieu","Travaux | Am\u00e9nagements"],"inLanguage":"fr-FR","potentialAction":[{"@type":"CommentAction","name":"Comment","target":["https:\/\/newsestlyonnais.fr\/site\/2017\/11\/04\/meyzieu-reunion-publique-secteur-peyssilieu-voiries-de-desserte-centre-commercial\/#respond"]}]},{"@type":"WebPage","@id":"https:\/\/newsestlyonnais.fr\/site\/2017\/11\/04\/meyzieu-reunion-publique-secteur-peyssilieu-voiries-de-desserte-centre-commercial\/","url":"https:\/\/newsestlyonnais.fr\/site\/2017\/11\/04\/meyzieu-reunion-publique-secteur-peyssilieu-voiries-de-desserte-centre-commercial\/","name":"MEYZIEU : R\u00e9union publique secteur Peyssilieu - Voiries de desserte \/ Centre commercial","isPartOf":{"@id":"https:\/\/newsestlyonnais.fr\/site\/#website"},"datePublished":"2017-11-04T05:40:44+00:00","dateModified":"2020-11-17T12:22:19+00:00","description":"MEYZIEU : R\u00e9union publique secteur Peyssilieu - Voiries de desserte \/ Centre commercial","breadcrumb":{"@id":"https:\/\/newsestlyonnais.fr\/site\/2017\/11\/04\/meyzieu-reunion-publique-secteur-peyssilieu-voiries-de-desserte-centre-commercial\/#breadcrumb"},"inLanguage":"fr-FR","potentialAction":[{"@type":"ReadAction","target":["https:\/\/newsestlyonnais.fr\/site\/2017\/11\/04\/meyzieu-reunion-publique-secteur-peyssilieu-voiries-de-desserte-centre-commercial\/"]}]},{"@type":"BreadcrumbList","@id":"https:\/\/newsestlyonnais.fr\/site\/2017\/11\/04\/meyzieu-reunion-publique-secteur-peyssilieu-voiries-de-desserte-centre-commercial\/#breadcrumb","itemListElement":[{"@type":"ListItem","position":1,"name":"Accueil","item":"https:\/\/newsestlyonnais.fr\/site\/"},{"@type":"ListItem","position":2,"name":"MEYZIEU | R\u00e9union publique secteur Peyssilieu > voiries de desserte \/ Centre commercial"}]},{"@type":"WebSite","@id":"https:\/\/newsestlyonnais.fr\/site\/#website","url":"https:\/\/newsestlyonnais.fr\/site\/","name":"News Est Lyonnais","description":"L&#039;actualit\u00e9 au plus pr\u00e8s","publisher":{"@id":"https:\/\/newsestlyonnais.fr\/site\/#organization"},"potentialAction":[{"@type":"SearchAction","target":{"@type":"EntryPoint","urlTemplate":"https:\/\/newsestlyonnais.fr\/site\/?s={search_term_string}"},"query-input":{"@type":"PropertyValueSpecification","valueRequired":true,"valueName":"search_term_string"}}],"inLanguage":"fr-FR"},{"@type":"Organization","@id":"https:\/\/newsestlyonnais.fr\/site\/#organization","name":"News EST LYONNAIS","url":"https:\/\/newsestlyonnais.fr\/site\/","logo":{"@type":"ImageObject","inLanguage":"fr-FR","@id":"https:\/\/newsestlyonnais.fr\/site\/#\/schema\/logo\/image\/","url":"","contentUrl":"","caption":"News EST LYONNAIS"},"image":{"@id":"https:\/\/newsestlyonnais.fr\/site\/#\/schema\/logo\/image\/"}},{"@type":"Person","@id":"https:\/\/newsestlyonnais.fr\/site\/#\/schema\/person\/3230d5615f390bb808365d673001e887","name":"R\u00e9dac. NEWS","sameAs":["http:\/\/www.newsestlyonnais.fr","https:\/\/www.facebook.com\/pascal.oberson.1?fref=ts","https:\/\/fr.linkedin.com\/in\/pascal-oberson-b17045113"],"url":"https:\/\/newsestlyonnais.fr\/site\/author\/nel\/"}]}},"_links":{"self":[{"href":"https:\/\/newsestlyonnais.fr\/site\/wp-json\/wp\/v2\/posts\/38026","targetHints":{"allow":["GET"]}}],"collection":[{"href":"https:\/\/newsestlyonnais.fr\/site\/wp-json\/wp\/v2\/posts"}],"about":[{"href":"https:\/\/newsestlyonnais.fr\/site\/wp-json\/wp\/v2\/types\/post"}],"author":[{"embeddable":true,"href":"https:\/\/newsestlyonnais.fr\/site\/wp-json\/wp\/v2\/users\/4"}],"replies":[{"embeddable":true,"href":"https:\/\/newsestlyonnais.fr\/site\/wp-json\/wp\/v2\/comments?post=38026"}],"version-history":[{"count":0,"href":"https:\/\/newsestlyonnais.fr\/site\/wp-json\/wp\/v2\/posts\/38026\/revisions"}],"wp:attachment":[{"href":"https:\/\/newsestlyonnais.fr\/site\/wp-json\/wp\/v2\/media?parent=38026"}],"wp:term":[{"taxonomy":"category","embeddable":true,"href":"https:\/\/newsestlyonnais.fr\/site\/wp-json\/wp\/v2\/categories?post=38026"},{"taxonomy":"post_tag","embeddable":true,"href":"https:\/\/newsestlyonnais.fr\/site\/wp-json\/wp\/v2\/tags?post=38026"}],"curies":[{"name":"wp","href":"https:\/\/api.w.org\/{rel}","templated":true}]}}