{"id":38206,"date":"2017-11-12T18:18:34","date_gmt":"2017-11-12T17:18:34","guid":{"rendered":"http:\/\/newsestlyonnais.fr\/site\/?p=38206"},"modified":"2020-11-02T14:13:57","modified_gmt":"2020-11-02T13:13:57","slug":"las-bron-grand-lyon-quitte-la-coupe-de-france-de-foot","status":"publish","type":"post","link":"https:\/\/newsestlyonnais.fr\/site\/2017\/11\/12\/las-bron-grand-lyon-quitte-la-coupe-de-france-de-foot\/","title":{"rendered":"L\u2019AS Bron Grand Lyon quitte la Coupe de France de Foot"},"content":{"rendered":"<h4>Match de gala ce dimanche apr\u00e8s-midi au stade Pierre Duboeuf o\u00f9 pour la 1\u00b0 fois de son histoire l&rsquo;AS Bron Grand Lyon accueillait un 7\u00b0 Tour de Coupe de France de Football.<\/h4>\n<p>Les seniors brondillants coach\u00e9s par Fran\u00e7ois Villebrun et emmen\u00e9s par leur capitaine Yohan Danoun affrontaient la formation de Sud Nivernais Imphy D\u00e9cize, des visiteurs d&rsquo;un jour, class\u00e9s hi\u00e9rarchiquement une division au dessus. Une rencontre que les joueurs de l&rsquo;ASBGL abordaient \u00ab\u00a0avec 50 % de chances de s&rsquo;imposer face \u00e0 un adversaire plus exp\u00e9riment\u00e9\u00a0\u00bb selon l&rsquo;entraineur local.<\/p>\n<p>Malheureusement, la magie de la Coupe de France n&rsquo;a pas op\u00e9r\u00e9e et la logique a \u00e9t\u00e9 respect\u00e9e \u00e0 l&rsquo;issue d&rsquo;une rencontre d\u00e9marr\u00e9e sous la pluie et devant plusieurs centaines de spectateurs. Les joueurs brondillants, rapidement men\u00e9s au score n&rsquo;ont malheureusement pu retourner la situation en leur faveur. Ils s&rsquo;inclinent finalement 3\/0, score acquis \u00e0 la mi-temps, apr\u00e8s avoir ch\u00e8rement d\u00e9fendu leurs chances.<\/p>\n<ul>\n<li>\n<h4>Retrouvez l\u2019ACTU du club sur : <a href=\"http:\/\/www.as-bron.fr\" target=\"_blank\" rel=\"noopener noreferrer\">http:\/\/www.as-bron.fr<\/a><\/h4>\n<\/li>\n<\/ul>\n<div id='gallery-1' class='gallery galleryid-38206 gallery-columns-3 gallery-size-thumbnail'><figure class='gallery-item'>\n\t\t\t<div class='gallery-icon landscape'>\n\t\t\t\t<a href='https:\/\/newsestlyonnais.fr\/site\/newsestlyonnais-foot-coupe-france-as-bron\/'><img loading=\"lazy\" decoding=\"async\" width=\"150\" height=\"150\" src=\"https:\/\/newsestlyonnais.fr\/site\/wp-content\/uploads\/2016\/10\/NEWSESTLYONNAIS-FOOT-COUPE-FRANCE-AS-BRON-150x150.jpg\" class=\"attachment-thumbnail size-thumbnail\" alt=\"NEWSESTLYONNAIS - FOOT COUPE FRANCE AS BRON\" aria-describedby=\"gallery-1-37793\" \/><\/a>\n\t\t\t<\/div>\n\t\t\t\t<figcaption class='wp-caption-text gallery-caption' id='gallery-1-37793'>\n\t\t\t\tL&rsquo;affiche de ce 7\u00b0 Tour de Coupe de France\n\t\t\t\t<\/figcaption><\/figure><figure class='gallery-item'>\n\t\t\t<div class='gallery-icon landscape'>\n\t\t\t\t<a href='https:\/\/newsestlyonnais.fr\/site\/2017\/11\/12\/las-bron-grand-lyon-quitte-la-coupe-de-france-de-foot\/newsestlyonnais-as-bron-gd-lyon-coupe\/'><img loading=\"lazy\" decoding=\"async\" width=\"150\" height=\"150\" src=\"https:\/\/newsestlyonnais.fr\/site\/wp-content\/uploads\/2017\/11\/NEWSESTLYONNAIS-AS-BRON-GD-LYON-coupe-150x150.jpg\" class=\"attachment-thumbnail size-thumbnail\" alt=\"NEWSESTLYONNAIS - AS BRON GD LYON coupe\" aria-describedby=\"gallery-1-38210\" \/><\/a>\n\t\t\t<\/div>\n\t\t\t\t<figcaption class='wp-caption-text gallery-caption' id='gallery-1-38210'>\n\t\t\t\tLes brondillants au grand complet pour disputer ce 7\u00b0 tour \n\t\t\t\t<\/figcaption><\/figure><figure class='gallery-item'>\n\t\t\t<div class='gallery-icon landscape'>\n\t\t\t\t<a href='https:\/\/newsestlyonnais.fr\/site\/2017\/11\/12\/las-bron-grand-lyon-quitte-la-coupe-de-france-de-foot\/newsestlyonnais-rempl-as-bron-gd-lyon\/'><img loading=\"lazy\" decoding=\"async\" width=\"150\" height=\"150\" src=\"https:\/\/newsestlyonnais.fr\/site\/wp-content\/uploads\/2017\/11\/NEWSESTLYONNAIS-REMPL-AS-BRON-GD-LYON-150x150.jpg\" class=\"attachment-thumbnail size-thumbnail\" alt=\"NEWSESTLYONNAIS - REMPL AS BRON GD LYON\" aria-describedby=\"gallery-1-38211\" \/><\/a>\n\t\t\t<\/div>\n\t\t\t\t<figcaption class='wp-caption-text gallery-caption' id='gallery-1-38211'>\n\t\t\t\tLe banc des rermpla\u00e7ants brondillants\n\t\t\t\t<\/figcaption><\/figure><figure class='gallery-item'>\n\t\t\t<div class='gallery-icon landscape'>\n\t\t\t\t<a href='https:\/\/newsestlyonnais.fr\/site\/2017\/11\/12\/las-bron-grand-lyon-quitte-la-coupe-de-france-de-foot\/newsestlyonnais-qualifies-coupe\/'><img loading=\"lazy\" decoding=\"async\" width=\"150\" height=\"150\" src=\"https:\/\/newsestlyonnais.fr\/site\/wp-content\/uploads\/2017\/11\/NEWSESTLYONNAIS-QUALIFIES-COUPE-150x150.jpg\" class=\"attachment-thumbnail size-thumbnail\" alt=\"NEWSESTLYONNAIS - QUALIFIES COUPE\" aria-describedby=\"gallery-1-38213\" \/><\/a>\n\t\t\t<\/div>\n\t\t\t\t<figcaption class='wp-caption-text gallery-caption' id='gallery-1-38213'>\n\t\t\t\tLes nivernais qualifi\u00e9s pour le 8\u00b0 tour\n\t\t\t\t<\/figcaption><\/figure><figure class='gallery-item'>\n\t\t\t<div class='gallery-icon landscape'>\n\t\t\t\t<a href='https:\/\/newsestlyonnais.fr\/site\/2017\/11\/12\/las-bron-grand-lyon-quitte-la-coupe-de-france-de-foot\/newsestlyonnais-entre-terrain\/'><img loading=\"lazy\" decoding=\"async\" width=\"150\" height=\"150\" src=\"https:\/\/newsestlyonnais.fr\/site\/wp-content\/uploads\/2017\/11\/NEWSESTLYONNAIS-ENTRE-TERRAIN-150x150.jpg\" class=\"attachment-thumbnail size-thumbnail\" alt=\"\" aria-describedby=\"gallery-1-38225\" \/><\/a>\n\t\t\t<\/div>\n\t\t\t\t<figcaption class='wp-caption-text gallery-caption' id='gallery-1-38225'>\n\t\t\t\tL&rsquo;entr\u00e9e des joueurs sur le terrain du stade Duboeuf \n\t\t\t\t<\/figcaption><\/figure><figure class='gallery-item'>\n\t\t\t<div class='gallery-icon landscape'>\n\t\t\t\t<a href='https:\/\/newsestlyonnais.fr\/site\/2017\/11\/12\/las-bron-grand-lyon-quitte-la-coupe-de-france-de-foot\/newsestlyonnais-coachs-as-bron\/'><img loading=\"lazy\" decoding=\"async\" width=\"150\" height=\"150\" src=\"https:\/\/newsestlyonnais.fr\/site\/wp-content\/uploads\/2017\/11\/NEWSESTLYONNAIS-COACHS-AS-BRON--150x150.jpg\" class=\"attachment-thumbnail size-thumbnail\" alt=\"\" aria-describedby=\"gallery-1-38226\" \/><\/a>\n\t\t\t<\/div>\n\t\t\t\t<figcaption class='wp-caption-text gallery-caption' id='gallery-1-38226'>\n\t\t\t\tSlim Hadjri (adjoint) et Fran\u00e7ois Villebrun (coach) \n\t\t\t\t<\/figcaption><\/figure><figure class='gallery-item'>\n\t\t\t<div class='gallery-icon landscape'>\n\t\t\t\t<a href='https:\/\/newsestlyonnais.fr\/site\/2017\/11\/12\/las-bron-grand-lyon-quitte-la-coupe-de-france-de-foot\/newsestlyonnais-coupe-france\/'><img loading=\"lazy\" decoding=\"async\" width=\"150\" height=\"150\" src=\"https:\/\/newsestlyonnais.fr\/site\/wp-content\/uploads\/2017\/11\/NEWSESTLYONNAIS-Coupe-france-150x150.jpg\" class=\"attachment-thumbnail size-thumbnail\" alt=\"\" aria-describedby=\"gallery-1-38228\" \/><\/a>\n\t\t\t<\/div>\n\t\t\t\t<figcaption class='wp-caption-text gallery-caption' id='gallery-1-38228'>\n\t\t\t\tDe l&rsquo;engament dans cette rencontre de coupe de France\n\t\t\t\t<\/figcaption><\/figure>\n\t\t<\/div>\n\n","protected":false},"excerpt":{"rendered":"<p>Match de gala ce dimanche apr\u00e8s-midi au stade Pierre Duboeuf o\u00f9 pour la 1\u00b0 fois de son histoire l&rsquo;AS Bron Grand Lyon accueillait un 7\u00b0 Tour de Coupe de France de Football. Les seniors brondillants coach\u00e9s par Fran\u00e7ois Villebrun et emmen\u00e9s par leur capitaine Yohan Danoun affrontaient la formation de Sud Nivernais Imphy D\u00e9cize, des [&hellip;]<\/p>\n","protected":false},"author":4,"featured_media":38208,"comment_status":"open","ping_status":"open","sticky":false,"template":"","format":"standard","meta":{"footnotes":""},"categories":[19,1329,2996],"tags":[],"class_list":["post-38206","post","type-post","status-publish","format-standard","has-post-thumbnail","hentry","category-bron","category-foot","category-football-rugby"],"yoast_head":"<!-- This site is optimized with the Yoast SEO plugin v27.2 - https:\/\/yoast.com\/product\/yoast-seo-wordpress\/ -->\n<title>L\u2019AS Bron Grand Lyon quitte la Coupe de France de Foot<\/title>\n<meta name=\"description\" content=\"L\u2019AS Bron Grand Lyon quitte la Coupe de France de Foot\" \/>\n<meta name=\"robots\" content=\"index, follow, max-snippet:-1, max-image-preview:large, max-video-preview:-1\" \/>\n<link rel=\"canonical\" href=\"https:\/\/newsestlyonnais.fr\/site\/2017\/11\/12\/las-bron-grand-lyon-quitte-la-coupe-de-france-de-foot\/\" \/>\n<meta property=\"og:locale\" content=\"fr_FR\" \/>\n<meta property=\"og:type\" content=\"article\" \/>\n<meta property=\"og:title\" content=\"L\u2019AS Bron Grand Lyon quitte la Coupe de France de Foot\" \/>\n<meta property=\"og:description\" content=\"L\u2019AS Bron Grand Lyon quitte la Coupe de France de Foot\" \/>\n<meta property=\"og:url\" content=\"https:\/\/newsestlyonnais.fr\/site\/2017\/11\/12\/las-bron-grand-lyon-quitte-la-coupe-de-france-de-foot\/\" \/>\n<meta property=\"og:site_name\" content=\"News Est Lyonnais\" \/>\n<meta property=\"article:author\" content=\"https:\/\/www.facebook.com\/pascal.oberson.1?fref=ts\" \/>\n<meta property=\"article:published_time\" content=\"2017-11-12T17:18:34+00:00\" \/>\n<meta property=\"article:modified_time\" content=\"2020-11-02T13:13:57+00:00\" \/>\n<meta property=\"og:image\" content=\"https:\/\/newsestlyonnais.fr\/site\/wp-content\/uploads\/2017\/11\/NEWSESTLYONNAIS-6-bron-imphy--1000x750.jpg\" \/>\n\t<meta property=\"og:image:width\" content=\"1000\" \/>\n\t<meta property=\"og:image:height\" content=\"750\" \/>\n\t<meta property=\"og:image:type\" content=\"image\/jpeg\" \/>\n<meta name=\"author\" content=\"R\u00e9dac. NEWS\" \/>\n<meta name=\"twitter:card\" content=\"summary_large_image\" \/>\n<meta name=\"twitter:label1\" content=\"\u00c9crit par\" \/>\n\t<meta name=\"twitter:data1\" content=\"R\u00e9dac. NEWS\" \/>\n\t<meta name=\"twitter:label2\" content=\"Dur\u00e9e de lecture estim\u00e9e\" \/>\n\t<meta name=\"twitter:data2\" content=\"1 minute\" \/>\n<script type=\"application\/ld+json\" class=\"yoast-schema-graph\">{\"@context\":\"https:\/\/schema.org\",\"@graph\":[{\"@type\":\"Article\",\"@id\":\"https:\/\/newsestlyonnais.fr\/site\/2017\/11\/12\/las-bron-grand-lyon-quitte-la-coupe-de-france-de-foot\/#article\",\"isPartOf\":{\"@id\":\"https:\/\/newsestlyonnais.fr\/site\/2017\/11\/12\/las-bron-grand-lyon-quitte-la-coupe-de-france-de-foot\/\"},\"author\":{\"name\":\"R\u00e9dac. NEWS\",\"@id\":\"https:\/\/newsestlyonnais.fr\/site\/#\/schema\/person\/3230d5615f390bb808365d673001e887\"},\"headline\":\"L\u2019AS Bron Grand Lyon quitte la Coupe de France de Foot\",\"datePublished\":\"2017-11-12T17:18:34+00:00\",\"dateModified\":\"2020-11-02T13:13:57+00:00\",\"mainEntityOfPage\":{\"@id\":\"https:\/\/newsestlyonnais.fr\/site\/2017\/11\/12\/las-bron-grand-lyon-quitte-la-coupe-de-france-de-foot\/\"},\"wordCount\":195,\"commentCount\":0,\"publisher\":{\"@id\":\"https:\/\/newsestlyonnais.fr\/site\/#organization\"},\"image\":{\"@id\":\"https:\/\/newsestlyonnais.fr\/site\/2017\/11\/12\/las-bron-grand-lyon-quitte-la-coupe-de-france-de-foot\/#primaryimage\"},\"thumbnailUrl\":\"https:\/\/newsestlyonnais.fr\/site\/wp-content\/uploads\/2017\/11\/NEWSESTLYONNAIS-6-bron-imphy-.jpg\",\"articleSection\":[\"Bron\",\"Foot | Futsal\",\"Foot | Rugby\"],\"inLanguage\":\"fr-FR\",\"potentialAction\":[{\"@type\":\"CommentAction\",\"name\":\"Comment\",\"target\":[\"https:\/\/newsestlyonnais.fr\/site\/2017\/11\/12\/las-bron-grand-lyon-quitte-la-coupe-de-france-de-foot\/#respond\"]}]},{\"@type\":\"WebPage\",\"@id\":\"https:\/\/newsestlyonnais.fr\/site\/2017\/11\/12\/las-bron-grand-lyon-quitte-la-coupe-de-france-de-foot\/\",\"url\":\"https:\/\/newsestlyonnais.fr\/site\/2017\/11\/12\/las-bron-grand-lyon-quitte-la-coupe-de-france-de-foot\/\",\"name\":\"L\u2019AS Bron Grand Lyon quitte la Coupe de France de Foot\",\"isPartOf\":{\"@id\":\"https:\/\/newsestlyonnais.fr\/site\/#website\"},\"primaryImageOfPage\":{\"@id\":\"https:\/\/newsestlyonnais.fr\/site\/2017\/11\/12\/las-bron-grand-lyon-quitte-la-coupe-de-france-de-foot\/#primaryimage\"},\"image\":{\"@id\":\"https:\/\/newsestlyonnais.fr\/site\/2017\/11\/12\/las-bron-grand-lyon-quitte-la-coupe-de-france-de-foot\/#primaryimage\"},\"thumbnailUrl\":\"https:\/\/newsestlyonnais.fr\/site\/wp-content\/uploads\/2017\/11\/NEWSESTLYONNAIS-6-bron-imphy-.jpg\",\"datePublished\":\"2017-11-12T17:18:34+00:00\",\"dateModified\":\"2020-11-02T13:13:57+00:00\",\"description\":\"L\u2019AS Bron Grand Lyon quitte la Coupe de France de Foot\",\"breadcrumb\":{\"@id\":\"https:\/\/newsestlyonnais.fr\/site\/2017\/11\/12\/las-bron-grand-lyon-quitte-la-coupe-de-france-de-foot\/#breadcrumb\"},\"inLanguage\":\"fr-FR\",\"potentialAction\":[{\"@type\":\"ReadAction\",\"target\":[\"https:\/\/newsestlyonnais.fr\/site\/2017\/11\/12\/las-bron-grand-lyon-quitte-la-coupe-de-france-de-foot\/\"]}]},{\"@type\":\"ImageObject\",\"inLanguage\":\"fr-FR\",\"@id\":\"https:\/\/newsestlyonnais.fr\/site\/2017\/11\/12\/las-bron-grand-lyon-quitte-la-coupe-de-france-de-foot\/#primaryimage\",\"url\":\"https:\/\/newsestlyonnais.fr\/site\/wp-content\/uploads\/2017\/11\/NEWSESTLYONNAIS-6-bron-imphy-.jpg\",\"contentUrl\":\"https:\/\/newsestlyonnais.fr\/site\/wp-content\/uploads\/2017\/11\/NEWSESTLYONNAIS-6-bron-imphy-.jpg\",\"width\":4608,\"height\":3456,\"caption\":\"NEWSESTLYONNAIS 6 bron imphy\"},{\"@type\":\"BreadcrumbList\",\"@id\":\"https:\/\/newsestlyonnais.fr\/site\/2017\/11\/12\/las-bron-grand-lyon-quitte-la-coupe-de-france-de-foot\/#breadcrumb\",\"itemListElement\":[{\"@type\":\"ListItem\",\"position\":1,\"name\":\"Accueil\",\"item\":\"https:\/\/newsestlyonnais.fr\/site\/\"},{\"@type\":\"ListItem\",\"position\":2,\"name\":\"L\u2019AS Bron Grand Lyon quitte la Coupe de France de Foot\"}]},{\"@type\":\"WebSite\",\"@id\":\"https:\/\/newsestlyonnais.fr\/site\/#website\",\"url\":\"https:\/\/newsestlyonnais.fr\/site\/\",\"name\":\"News Est Lyonnais\",\"description\":\"L&#039;actualit\u00e9 au plus pr\u00e8s\",\"publisher\":{\"@id\":\"https:\/\/newsestlyonnais.fr\/site\/#organization\"},\"potentialAction\":[{\"@type\":\"SearchAction\",\"target\":{\"@type\":\"EntryPoint\",\"urlTemplate\":\"https:\/\/newsestlyonnais.fr\/site\/?s={search_term_string}\"},\"query-input\":{\"@type\":\"PropertyValueSpecification\",\"valueRequired\":true,\"valueName\":\"search_term_string\"}}],\"inLanguage\":\"fr-FR\"},{\"@type\":\"Organization\",\"@id\":\"https:\/\/newsestlyonnais.fr\/site\/#organization\",\"name\":\"News EST LYONNAIS\",\"url\":\"https:\/\/newsestlyonnais.fr\/site\/\",\"logo\":{\"@type\":\"ImageObject\",\"inLanguage\":\"fr-FR\",\"@id\":\"https:\/\/newsestlyonnais.fr\/site\/#\/schema\/logo\/image\/\",\"url\":\"\",\"contentUrl\":\"\",\"caption\":\"News EST LYONNAIS\"},\"image\":{\"@id\":\"https:\/\/newsestlyonnais.fr\/site\/#\/schema\/logo\/image\/\"}},{\"@type\":\"Person\",\"@id\":\"https:\/\/newsestlyonnais.fr\/site\/#\/schema\/person\/3230d5615f390bb808365d673001e887\",\"name\":\"R\u00e9dac. NEWS\",\"sameAs\":[\"http:\/\/www.newsestlyonnais.fr\",\"https:\/\/www.facebook.com\/pascal.oberson.1?fref=ts\",\"https:\/\/fr.linkedin.com\/in\/pascal-oberson-b17045113\"],\"url\":\"https:\/\/newsestlyonnais.fr\/site\/author\/nel\/\"}]}<\/script>\n<!-- \/ Yoast SEO plugin. -->","yoast_head_json":{"title":"L\u2019AS Bron Grand Lyon quitte la Coupe de France de Foot","description":"L\u2019AS Bron Grand Lyon quitte la Coupe de France de Foot","robots":{"index":"index","follow":"follow","max-snippet":"max-snippet:-1","max-image-preview":"max-image-preview:large","max-video-preview":"max-video-preview:-1"},"canonical":"https:\/\/newsestlyonnais.fr\/site\/2017\/11\/12\/las-bron-grand-lyon-quitte-la-coupe-de-france-de-foot\/","og_locale":"fr_FR","og_type":"article","og_title":"L\u2019AS Bron Grand Lyon quitte la Coupe de France de Foot","og_description":"L\u2019AS Bron Grand Lyon quitte la Coupe de France de Foot","og_url":"https:\/\/newsestlyonnais.fr\/site\/2017\/11\/12\/las-bron-grand-lyon-quitte-la-coupe-de-france-de-foot\/","og_site_name":"News Est Lyonnais","article_author":"https:\/\/www.facebook.com\/pascal.oberson.1?fref=ts","article_published_time":"2017-11-12T17:18:34+00:00","article_modified_time":"2020-11-02T13:13:57+00:00","og_image":[{"width":1000,"height":750,"url":"https:\/\/newsestlyonnais.fr\/site\/wp-content\/uploads\/2017\/11\/NEWSESTLYONNAIS-6-bron-imphy--1000x750.jpg","type":"image\/jpeg"}],"author":"R\u00e9dac. NEWS","twitter_card":"summary_large_image","twitter_misc":{"\u00c9crit par":"R\u00e9dac. NEWS","Dur\u00e9e de lecture estim\u00e9e":"1 minute"},"schema":{"@context":"https:\/\/schema.org","@graph":[{"@type":"Article","@id":"https:\/\/newsestlyonnais.fr\/site\/2017\/11\/12\/las-bron-grand-lyon-quitte-la-coupe-de-france-de-foot\/#article","isPartOf":{"@id":"https:\/\/newsestlyonnais.fr\/site\/2017\/11\/12\/las-bron-grand-lyon-quitte-la-coupe-de-france-de-foot\/"},"author":{"name":"R\u00e9dac. NEWS","@id":"https:\/\/newsestlyonnais.fr\/site\/#\/schema\/person\/3230d5615f390bb808365d673001e887"},"headline":"L\u2019AS Bron Grand Lyon quitte la Coupe de France de Foot","datePublished":"2017-11-12T17:18:34+00:00","dateModified":"2020-11-02T13:13:57+00:00","mainEntityOfPage":{"@id":"https:\/\/newsestlyonnais.fr\/site\/2017\/11\/12\/las-bron-grand-lyon-quitte-la-coupe-de-france-de-foot\/"},"wordCount":195,"commentCount":0,"publisher":{"@id":"https:\/\/newsestlyonnais.fr\/site\/#organization"},"image":{"@id":"https:\/\/newsestlyonnais.fr\/site\/2017\/11\/12\/las-bron-grand-lyon-quitte-la-coupe-de-france-de-foot\/#primaryimage"},"thumbnailUrl":"https:\/\/newsestlyonnais.fr\/site\/wp-content\/uploads\/2017\/11\/NEWSESTLYONNAIS-6-bron-imphy-.jpg","articleSection":["Bron","Foot | Futsal","Foot | Rugby"],"inLanguage":"fr-FR","potentialAction":[{"@type":"CommentAction","name":"Comment","target":["https:\/\/newsestlyonnais.fr\/site\/2017\/11\/12\/las-bron-grand-lyon-quitte-la-coupe-de-france-de-foot\/#respond"]}]},{"@type":"WebPage","@id":"https:\/\/newsestlyonnais.fr\/site\/2017\/11\/12\/las-bron-grand-lyon-quitte-la-coupe-de-france-de-foot\/","url":"https:\/\/newsestlyonnais.fr\/site\/2017\/11\/12\/las-bron-grand-lyon-quitte-la-coupe-de-france-de-foot\/","name":"L\u2019AS Bron Grand Lyon quitte la Coupe de France de Foot","isPartOf":{"@id":"https:\/\/newsestlyonnais.fr\/site\/#website"},"primaryImageOfPage":{"@id":"https:\/\/newsestlyonnais.fr\/site\/2017\/11\/12\/las-bron-grand-lyon-quitte-la-coupe-de-france-de-foot\/#primaryimage"},"image":{"@id":"https:\/\/newsestlyonnais.fr\/site\/2017\/11\/12\/las-bron-grand-lyon-quitte-la-coupe-de-france-de-foot\/#primaryimage"},"thumbnailUrl":"https:\/\/newsestlyonnais.fr\/site\/wp-content\/uploads\/2017\/11\/NEWSESTLYONNAIS-6-bron-imphy-.jpg","datePublished":"2017-11-12T17:18:34+00:00","dateModified":"2020-11-02T13:13:57+00:00","description":"L\u2019AS Bron Grand Lyon quitte la Coupe de France de Foot","breadcrumb":{"@id":"https:\/\/newsestlyonnais.fr\/site\/2017\/11\/12\/las-bron-grand-lyon-quitte-la-coupe-de-france-de-foot\/#breadcrumb"},"inLanguage":"fr-FR","potentialAction":[{"@type":"ReadAction","target":["https:\/\/newsestlyonnais.fr\/site\/2017\/11\/12\/las-bron-grand-lyon-quitte-la-coupe-de-france-de-foot\/"]}]},{"@type":"ImageObject","inLanguage":"fr-FR","@id":"https:\/\/newsestlyonnais.fr\/site\/2017\/11\/12\/las-bron-grand-lyon-quitte-la-coupe-de-france-de-foot\/#primaryimage","url":"https:\/\/newsestlyonnais.fr\/site\/wp-content\/uploads\/2017\/11\/NEWSESTLYONNAIS-6-bron-imphy-.jpg","contentUrl":"https:\/\/newsestlyonnais.fr\/site\/wp-content\/uploads\/2017\/11\/NEWSESTLYONNAIS-6-bron-imphy-.jpg","width":4608,"height":3456,"caption":"NEWSESTLYONNAIS 6 bron imphy"},{"@type":"BreadcrumbList","@id":"https:\/\/newsestlyonnais.fr\/site\/2017\/11\/12\/las-bron-grand-lyon-quitte-la-coupe-de-france-de-foot\/#breadcrumb","itemListElement":[{"@type":"ListItem","position":1,"name":"Accueil","item":"https:\/\/newsestlyonnais.fr\/site\/"},{"@type":"ListItem","position":2,"name":"L\u2019AS Bron Grand Lyon quitte la Coupe de France de Foot"}]},{"@type":"WebSite","@id":"https:\/\/newsestlyonnais.fr\/site\/#website","url":"https:\/\/newsestlyonnais.fr\/site\/","name":"News Est Lyonnais","description":"L&#039;actualit\u00e9 au plus pr\u00e8s","publisher":{"@id":"https:\/\/newsestlyonnais.fr\/site\/#organization"},"potentialAction":[{"@type":"SearchAction","target":{"@type":"EntryPoint","urlTemplate":"https:\/\/newsestlyonnais.fr\/site\/?s={search_term_string}"},"query-input":{"@type":"PropertyValueSpecification","valueRequired":true,"valueName":"search_term_string"}}],"inLanguage":"fr-FR"},{"@type":"Organization","@id":"https:\/\/newsestlyonnais.fr\/site\/#organization","name":"News EST LYONNAIS","url":"https:\/\/newsestlyonnais.fr\/site\/","logo":{"@type":"ImageObject","inLanguage":"fr-FR","@id":"https:\/\/newsestlyonnais.fr\/site\/#\/schema\/logo\/image\/","url":"","contentUrl":"","caption":"News EST LYONNAIS"},"image":{"@id":"https:\/\/newsestlyonnais.fr\/site\/#\/schema\/logo\/image\/"}},{"@type":"Person","@id":"https:\/\/newsestlyonnais.fr\/site\/#\/schema\/person\/3230d5615f390bb808365d673001e887","name":"R\u00e9dac. NEWS","sameAs":["http:\/\/www.newsestlyonnais.fr","https:\/\/www.facebook.com\/pascal.oberson.1?fref=ts","https:\/\/fr.linkedin.com\/in\/pascal-oberson-b17045113"],"url":"https:\/\/newsestlyonnais.fr\/site\/author\/nel\/"}]}},"_links":{"self":[{"href":"https:\/\/newsestlyonnais.fr\/site\/wp-json\/wp\/v2\/posts\/38206","targetHints":{"allow":["GET"]}}],"collection":[{"href":"https:\/\/newsestlyonnais.fr\/site\/wp-json\/wp\/v2\/posts"}],"about":[{"href":"https:\/\/newsestlyonnais.fr\/site\/wp-json\/wp\/v2\/types\/post"}],"author":[{"embeddable":true,"href":"https:\/\/newsestlyonnais.fr\/site\/wp-json\/wp\/v2\/users\/4"}],"replies":[{"embeddable":true,"href":"https:\/\/newsestlyonnais.fr\/site\/wp-json\/wp\/v2\/comments?post=38206"}],"version-history":[{"count":0,"href":"https:\/\/newsestlyonnais.fr\/site\/wp-json\/wp\/v2\/posts\/38206\/revisions"}],"wp:featuredmedia":[{"embeddable":true,"href":"https:\/\/newsestlyonnais.fr\/site\/wp-json\/wp\/v2\/media\/38208"}],"wp:attachment":[{"href":"https:\/\/newsestlyonnais.fr\/site\/wp-json\/wp\/v2\/media?parent=38206"}],"wp:term":[{"taxonomy":"category","embeddable":true,"href":"https:\/\/newsestlyonnais.fr\/site\/wp-json\/wp\/v2\/categories?post=38206"},{"taxonomy":"post_tag","embeddable":true,"href":"https:\/\/newsestlyonnais.fr\/site\/wp-json\/wp\/v2\/tags?post=38206"}],"curies":[{"name":"wp","href":"https:\/\/api.w.org\/{rel}","templated":true}]}}