{"id":38338,"date":"2017-11-16T06:26:02","date_gmt":"2017-11-16T05:26:02","guid":{"rendered":"http:\/\/newsestlyonnais.fr\/site\/?p=38338"},"modified":"2020-11-18T20:32:44","modified_gmt":"2020-11-18T19:32:44","slug":"vaulx-en-velin-prochaines-reunions-publiques-sur-la-commune","status":"publish","type":"post","link":"https:\/\/newsestlyonnais.fr\/site\/2017\/11\/16\/vaulx-en-velin-prochaines-reunions-publiques-sur-la-commune\/","title":{"rendered":"VAULX-EN-VELIN | Prochaines r\u00e9unions publiques sur la commune"},"content":{"rendered":"<p>La maire H\u00e9l\u00e8ne Geoffroy et son \u00e9quipe municipale proposent de faire le point sur l&rsquo;\u00e9tat d&rsquo;avancement des am\u00e9nagements, actions et projets r\u00e9alis\u00e9s ou \u00e0 venir.<\/p>\n<p><strong>Du 14 novembre au 13 d\u00e9cembre<\/strong> prochains, auront lieu des visites de quartiers et des rencontres publiques, dont voici le calendrier \u00e9tabli :<\/p>\n<div align=\"left\">\n<p><em>Toutes les <strong>visites d\u00e9butent<\/strong> <strong>\u00e0 15 h 30 <\/strong>et les <strong>r\u00e9unions publiques<\/strong> <strong>\u00e0 18 h 30, <\/strong>sauf le 1\u00b0 d\u00e9cembre au Petit Pont (visite \u00e0 16 h et r\u00e9union \u00e0 18 h, salle Jean Moulin) et le 12 d\u00e9cembre au Village (visite \u00e0 14 h 30).<br \/>\n<\/em><\/p>\n<ul>\n<li><strong>Dumas\/Genas\/Ch\u00e9nier<\/strong> &#8211; mardi 14 novembre: r\u00e9union publique \u00e0 l&rsquo;Espace Les Mandolines, 61 route de Genas<\/li>\n<li><strong>La C\u00f4te\/Tase\/La Soie<\/strong> &#8211; mercredi 15 novembre au Centre social J &amp; J Peyri, rue Joseph Blein<\/li>\n<li><strong>Ecoin\/Thibaude\/Vernay\/Verch\u00e8res<\/strong> &#8211; lundi 20 novembre \u00e0 l&rsquo;\u00e9cole Makarenko, 2-4 rue Hector Berlioz.<\/li>\n<li><strong>Sauveteurs\/Cerveli\u00e8res<\/strong> &#8211; vendredi 24 novembre \u00e0 la salle de l&rsquo;ASP, 10 chemin des Barques<\/li>\n<li><strong>Mas-du-Taureau<\/strong> &#8211; mardi 28 novembre \u00e0 la salle Victor Jara, rue Jean L\u00e9sir\u00e9<\/li>\n<li><strong>Grappini\u00e8re <\/strong>&#8211; jeudi 30 novembre au Centre social Georges L\u00e9vy, rue Andr\u00e9 Bollier<\/li>\n<li><strong>Petit Pont<\/strong> &#8211; vendredi 1\u00b0 d\u00e9cembre \u00e0 la salle pervenche de l&rsquo;espace Jean Moulin, avenue Jean Moulin<\/li>\n<li><strong>Pont des Planches<\/strong> &#8211; mercredi 6 d\u00e9cembre \u00e0 l&rsquo;\u00e9cole Fr\u00e9d\u00e9ric Mistral, 1 rue Stalingrad<\/li>\n<li><strong>Village <\/strong>&#8211; mardi 12 d\u00e9cembre \u00e0 l&rsquo;\u00e9cole Grandcl\u00e9ment, 51 rue de la R\u00e9publique<\/li>\n<li><strong>Centre-Ville<\/strong> &#8211; mercredi 13 d\u00e9cembre \u00e0 la salle Edith Piaf, 3 rue du M\u00e9boud.<\/li>\n<\/ul>\n<\/div>\n<h4>Retrouvez l&rsquo;ACTU de la commune sur : <a href=\"http:\/\/www.vaulx-en-velin.net\" target=\"_blank\" rel=\"noopener noreferrer\">http:\/\/www.vaulx-en-velin.net<\/a><\/h4>\n<p>&nbsp;<\/p>\n<p>&nbsp;<\/p>\n<p>&nbsp;<\/p>\n","protected":false},"excerpt":{"rendered":"<p>La maire H\u00e9l\u00e8ne Geoffroy et son \u00e9quipe municipale proposent de faire le point sur l&rsquo;\u00e9tat d&rsquo;avancement des am\u00e9nagements, actions et projets r\u00e9alis\u00e9s ou \u00e0 venir. Du 14 novembre au 13 d\u00e9cembre prochains, auront lieu des visites de quartiers et des rencontres publiques, dont voici le calendrier \u00e9tabli : Toutes les visites d\u00e9butent \u00e0 15 h [&hellip;]<\/p>\n","protected":false},"author":4,"featured_media":38340,"comment_status":"open","ping_status":"open","sticky":false,"template":"","format":"standard","meta":{"footnotes":""},"categories":[3336,28],"tags":[],"class_list":["post-38338","post","type-post","status-publish","format-standard","has-post-thumbnail","hentry","category-citoyennete-recensement","category-vaulx-en-velin"],"yoast_head":"<!-- This site is optimized with the Yoast SEO plugin v27.2 - https:\/\/yoast.com\/product\/yoast-seo-wordpress\/ -->\n<title>VAULX EN VELIN : Les prochaines r\u00e9unions publiques sur la commune<\/title>\n<meta name=\"description\" content=\"VAULX EN VELIN : Les prochaines r\u00e9unions publiques sur la commune\" \/>\n<meta name=\"robots\" content=\"index, follow, max-snippet:-1, max-image-preview:large, max-video-preview:-1\" \/>\n<link rel=\"canonical\" href=\"https:\/\/newsestlyonnais.fr\/site\/2017\/11\/16\/vaulx-en-velin-prochaines-reunions-publiques-sur-la-commune\/\" \/>\n<meta property=\"og:locale\" content=\"fr_FR\" \/>\n<meta property=\"og:type\" content=\"article\" \/>\n<meta property=\"og:title\" content=\"VAULX EN VELIN : Les prochaines r\u00e9unions publiques sur la commune\" \/>\n<meta property=\"og:description\" content=\"VAULX EN VELIN : Les prochaines r\u00e9unions publiques sur la commune\" \/>\n<meta property=\"og:url\" content=\"https:\/\/newsestlyonnais.fr\/site\/2017\/11\/16\/vaulx-en-velin-prochaines-reunions-publiques-sur-la-commune\/\" \/>\n<meta property=\"og:site_name\" content=\"News Est Lyonnais\" \/>\n<meta property=\"article:author\" content=\"https:\/\/www.facebook.com\/pascal.oberson.1?fref=ts\" \/>\n<meta property=\"article:published_time\" content=\"2017-11-16T05:26:02+00:00\" \/>\n<meta property=\"article:modified_time\" content=\"2020-11-18T19:32:44+00:00\" \/>\n<meta property=\"og:image\" content=\"https:\/\/i0.wp.com\/newsestlyonnais.fr\/site\/wp-content\/uploads\/2017\/11\/NEWSESTLYONNAIS-REUNION-PUBLIQUE-VAULX.jpg?fit=848%2C1200&ssl=1\" \/>\n\t<meta property=\"og:image:width\" content=\"848\" \/>\n\t<meta property=\"og:image:height\" content=\"1200\" \/>\n\t<meta property=\"og:image:type\" content=\"image\/jpeg\" \/>\n<meta name=\"author\" content=\"R\u00e9dac. NEWS\" \/>\n<meta name=\"twitter:card\" content=\"summary_large_image\" \/>\n<meta name=\"twitter:label1\" content=\"\u00c9crit par\" \/>\n\t<meta name=\"twitter:data1\" content=\"R\u00e9dac. NEWS\" \/>\n\t<meta name=\"twitter:label2\" content=\"Dur\u00e9e de lecture estim\u00e9e\" \/>\n\t<meta name=\"twitter:data2\" content=\"1 minute\" \/>\n<script type=\"application\/ld+json\" class=\"yoast-schema-graph\">{\"@context\":\"https:\/\/schema.org\",\"@graph\":[{\"@type\":\"Article\",\"@id\":\"https:\/\/newsestlyonnais.fr\/site\/2017\/11\/16\/vaulx-en-velin-prochaines-reunions-publiques-sur-la-commune\/#article\",\"isPartOf\":{\"@id\":\"https:\/\/newsestlyonnais.fr\/site\/2017\/11\/16\/vaulx-en-velin-prochaines-reunions-publiques-sur-la-commune\/\"},\"author\":{\"name\":\"R\u00e9dac. NEWS\",\"@id\":\"https:\/\/newsestlyonnais.fr\/site\/#\/schema\/person\/3230d5615f390bb808365d673001e887\"},\"headline\":\"VAULX-EN-VELIN | Prochaines r\u00e9unions publiques sur la commune\",\"datePublished\":\"2017-11-16T05:26:02+00:00\",\"dateModified\":\"2020-11-18T19:32:44+00:00\",\"mainEntityOfPage\":{\"@id\":\"https:\/\/newsestlyonnais.fr\/site\/2017\/11\/16\/vaulx-en-velin-prochaines-reunions-publiques-sur-la-commune\/\"},\"wordCount\":260,\"commentCount\":0,\"publisher\":{\"@id\":\"https:\/\/newsestlyonnais.fr\/site\/#organization\"},\"image\":{\"@id\":\"https:\/\/newsestlyonnais.fr\/site\/2017\/11\/16\/vaulx-en-velin-prochaines-reunions-publiques-sur-la-commune\/#primaryimage\"},\"thumbnailUrl\":\"https:\/\/newsestlyonnais.fr\/site\/wp-content\/uploads\/2017\/11\/NEWSESTLYONNAIS-REUNION-PUBLIQUE-VAULX.jpg\",\"articleSection\":[\"Citoyennet\u00e9 | Recensement\",\"Vaulx-en-Velin\"],\"inLanguage\":\"fr-FR\",\"potentialAction\":[{\"@type\":\"CommentAction\",\"name\":\"Comment\",\"target\":[\"https:\/\/newsestlyonnais.fr\/site\/2017\/11\/16\/vaulx-en-velin-prochaines-reunions-publiques-sur-la-commune\/#respond\"]}]},{\"@type\":\"WebPage\",\"@id\":\"https:\/\/newsestlyonnais.fr\/site\/2017\/11\/16\/vaulx-en-velin-prochaines-reunions-publiques-sur-la-commune\/\",\"url\":\"https:\/\/newsestlyonnais.fr\/site\/2017\/11\/16\/vaulx-en-velin-prochaines-reunions-publiques-sur-la-commune\/\",\"name\":\"VAULX EN VELIN : Les prochaines r\u00e9unions publiques sur la commune\",\"isPartOf\":{\"@id\":\"https:\/\/newsestlyonnais.fr\/site\/#website\"},\"primaryImageOfPage\":{\"@id\":\"https:\/\/newsestlyonnais.fr\/site\/2017\/11\/16\/vaulx-en-velin-prochaines-reunions-publiques-sur-la-commune\/#primaryimage\"},\"image\":{\"@id\":\"https:\/\/newsestlyonnais.fr\/site\/2017\/11\/16\/vaulx-en-velin-prochaines-reunions-publiques-sur-la-commune\/#primaryimage\"},\"thumbnailUrl\":\"https:\/\/newsestlyonnais.fr\/site\/wp-content\/uploads\/2017\/11\/NEWSESTLYONNAIS-REUNION-PUBLIQUE-VAULX.jpg\",\"datePublished\":\"2017-11-16T05:26:02+00:00\",\"dateModified\":\"2020-11-18T19:32:44+00:00\",\"description\":\"VAULX EN VELIN : Les prochaines r\u00e9unions publiques sur la commune\",\"breadcrumb\":{\"@id\":\"https:\/\/newsestlyonnais.fr\/site\/2017\/11\/16\/vaulx-en-velin-prochaines-reunions-publiques-sur-la-commune\/#breadcrumb\"},\"inLanguage\":\"fr-FR\",\"potentialAction\":[{\"@type\":\"ReadAction\",\"target\":[\"https:\/\/newsestlyonnais.fr\/site\/2017\/11\/16\/vaulx-en-velin-prochaines-reunions-publiques-sur-la-commune\/\"]}]},{\"@type\":\"ImageObject\",\"inLanguage\":\"fr-FR\",\"@id\":\"https:\/\/newsestlyonnais.fr\/site\/2017\/11\/16\/vaulx-en-velin-prochaines-reunions-publiques-sur-la-commune\/#primaryimage\",\"url\":\"https:\/\/newsestlyonnais.fr\/site\/wp-content\/uploads\/2017\/11\/NEWSESTLYONNAIS-REUNION-PUBLIQUE-VAULX.jpg\",\"contentUrl\":\"https:\/\/newsestlyonnais.fr\/site\/wp-content\/uploads\/2017\/11\/NEWSESTLYONNAIS-REUNION-PUBLIQUE-VAULX.jpg\",\"width\":848,\"height\":1200,\"caption\":\"NEWSESTLYONNAIS - REUNION PUBLIQUE VAULX\"},{\"@type\":\"BreadcrumbList\",\"@id\":\"https:\/\/newsestlyonnais.fr\/site\/2017\/11\/16\/vaulx-en-velin-prochaines-reunions-publiques-sur-la-commune\/#breadcrumb\",\"itemListElement\":[{\"@type\":\"ListItem\",\"position\":1,\"name\":\"Accueil\",\"item\":\"https:\/\/newsestlyonnais.fr\/site\/\"},{\"@type\":\"ListItem\",\"position\":2,\"name\":\"VAULX-EN-VELIN | Prochaines r\u00e9unions publiques sur la commune\"}]},{\"@type\":\"WebSite\",\"@id\":\"https:\/\/newsestlyonnais.fr\/site\/#website\",\"url\":\"https:\/\/newsestlyonnais.fr\/site\/\",\"name\":\"News Est Lyonnais\",\"description\":\"L&#039;actualit\u00e9 au plus pr\u00e8s\",\"publisher\":{\"@id\":\"https:\/\/newsestlyonnais.fr\/site\/#organization\"},\"potentialAction\":[{\"@type\":\"SearchAction\",\"target\":{\"@type\":\"EntryPoint\",\"urlTemplate\":\"https:\/\/newsestlyonnais.fr\/site\/?s={search_term_string}\"},\"query-input\":{\"@type\":\"PropertyValueSpecification\",\"valueRequired\":true,\"valueName\":\"search_term_string\"}}],\"inLanguage\":\"fr-FR\"},{\"@type\":\"Organization\",\"@id\":\"https:\/\/newsestlyonnais.fr\/site\/#organization\",\"name\":\"News EST LYONNAIS\",\"url\":\"https:\/\/newsestlyonnais.fr\/site\/\",\"logo\":{\"@type\":\"ImageObject\",\"inLanguage\":\"fr-FR\",\"@id\":\"https:\/\/newsestlyonnais.fr\/site\/#\/schema\/logo\/image\/\",\"url\":\"\",\"contentUrl\":\"\",\"caption\":\"News EST LYONNAIS\"},\"image\":{\"@id\":\"https:\/\/newsestlyonnais.fr\/site\/#\/schema\/logo\/image\/\"}},{\"@type\":\"Person\",\"@id\":\"https:\/\/newsestlyonnais.fr\/site\/#\/schema\/person\/3230d5615f390bb808365d673001e887\",\"name\":\"R\u00e9dac. NEWS\",\"sameAs\":[\"http:\/\/www.newsestlyonnais.fr\",\"https:\/\/www.facebook.com\/pascal.oberson.1?fref=ts\",\"https:\/\/fr.linkedin.com\/in\/pascal-oberson-b17045113\"],\"url\":\"https:\/\/newsestlyonnais.fr\/site\/author\/nel\/\"}]}<\/script>\n<!-- \/ Yoast SEO plugin. -->","yoast_head_json":{"title":"VAULX EN VELIN : Les prochaines r\u00e9unions publiques sur la commune","description":"VAULX EN VELIN : Les prochaines r\u00e9unions publiques sur la commune","robots":{"index":"index","follow":"follow","max-snippet":"max-snippet:-1","max-image-preview":"max-image-preview:large","max-video-preview":"max-video-preview:-1"},"canonical":"https:\/\/newsestlyonnais.fr\/site\/2017\/11\/16\/vaulx-en-velin-prochaines-reunions-publiques-sur-la-commune\/","og_locale":"fr_FR","og_type":"article","og_title":"VAULX EN VELIN : Les prochaines r\u00e9unions publiques sur la commune","og_description":"VAULX EN VELIN : Les prochaines r\u00e9unions publiques sur la commune","og_url":"https:\/\/newsestlyonnais.fr\/site\/2017\/11\/16\/vaulx-en-velin-prochaines-reunions-publiques-sur-la-commune\/","og_site_name":"News Est Lyonnais","article_author":"https:\/\/www.facebook.com\/pascal.oberson.1?fref=ts","article_published_time":"2017-11-16T05:26:02+00:00","article_modified_time":"2020-11-18T19:32:44+00:00","og_image":[{"width":848,"height":1200,"url":"https:\/\/i0.wp.com\/newsestlyonnais.fr\/site\/wp-content\/uploads\/2017\/11\/NEWSESTLYONNAIS-REUNION-PUBLIQUE-VAULX.jpg?fit=848%2C1200&ssl=1","type":"image\/jpeg"}],"author":"R\u00e9dac. NEWS","twitter_card":"summary_large_image","twitter_misc":{"\u00c9crit par":"R\u00e9dac. NEWS","Dur\u00e9e de lecture estim\u00e9e":"1 minute"},"schema":{"@context":"https:\/\/schema.org","@graph":[{"@type":"Article","@id":"https:\/\/newsestlyonnais.fr\/site\/2017\/11\/16\/vaulx-en-velin-prochaines-reunions-publiques-sur-la-commune\/#article","isPartOf":{"@id":"https:\/\/newsestlyonnais.fr\/site\/2017\/11\/16\/vaulx-en-velin-prochaines-reunions-publiques-sur-la-commune\/"},"author":{"name":"R\u00e9dac. NEWS","@id":"https:\/\/newsestlyonnais.fr\/site\/#\/schema\/person\/3230d5615f390bb808365d673001e887"},"headline":"VAULX-EN-VELIN | Prochaines r\u00e9unions publiques sur la commune","datePublished":"2017-11-16T05:26:02+00:00","dateModified":"2020-11-18T19:32:44+00:00","mainEntityOfPage":{"@id":"https:\/\/newsestlyonnais.fr\/site\/2017\/11\/16\/vaulx-en-velin-prochaines-reunions-publiques-sur-la-commune\/"},"wordCount":260,"commentCount":0,"publisher":{"@id":"https:\/\/newsestlyonnais.fr\/site\/#organization"},"image":{"@id":"https:\/\/newsestlyonnais.fr\/site\/2017\/11\/16\/vaulx-en-velin-prochaines-reunions-publiques-sur-la-commune\/#primaryimage"},"thumbnailUrl":"https:\/\/newsestlyonnais.fr\/site\/wp-content\/uploads\/2017\/11\/NEWSESTLYONNAIS-REUNION-PUBLIQUE-VAULX.jpg","articleSection":["Citoyennet\u00e9 | Recensement","Vaulx-en-Velin"],"inLanguage":"fr-FR","potentialAction":[{"@type":"CommentAction","name":"Comment","target":["https:\/\/newsestlyonnais.fr\/site\/2017\/11\/16\/vaulx-en-velin-prochaines-reunions-publiques-sur-la-commune\/#respond"]}]},{"@type":"WebPage","@id":"https:\/\/newsestlyonnais.fr\/site\/2017\/11\/16\/vaulx-en-velin-prochaines-reunions-publiques-sur-la-commune\/","url":"https:\/\/newsestlyonnais.fr\/site\/2017\/11\/16\/vaulx-en-velin-prochaines-reunions-publiques-sur-la-commune\/","name":"VAULX EN VELIN : Les prochaines r\u00e9unions publiques sur la commune","isPartOf":{"@id":"https:\/\/newsestlyonnais.fr\/site\/#website"},"primaryImageOfPage":{"@id":"https:\/\/newsestlyonnais.fr\/site\/2017\/11\/16\/vaulx-en-velin-prochaines-reunions-publiques-sur-la-commune\/#primaryimage"},"image":{"@id":"https:\/\/newsestlyonnais.fr\/site\/2017\/11\/16\/vaulx-en-velin-prochaines-reunions-publiques-sur-la-commune\/#primaryimage"},"thumbnailUrl":"https:\/\/newsestlyonnais.fr\/site\/wp-content\/uploads\/2017\/11\/NEWSESTLYONNAIS-REUNION-PUBLIQUE-VAULX.jpg","datePublished":"2017-11-16T05:26:02+00:00","dateModified":"2020-11-18T19:32:44+00:00","description":"VAULX EN VELIN : Les prochaines r\u00e9unions publiques sur la commune","breadcrumb":{"@id":"https:\/\/newsestlyonnais.fr\/site\/2017\/11\/16\/vaulx-en-velin-prochaines-reunions-publiques-sur-la-commune\/#breadcrumb"},"inLanguage":"fr-FR","potentialAction":[{"@type":"ReadAction","target":["https:\/\/newsestlyonnais.fr\/site\/2017\/11\/16\/vaulx-en-velin-prochaines-reunions-publiques-sur-la-commune\/"]}]},{"@type":"ImageObject","inLanguage":"fr-FR","@id":"https:\/\/newsestlyonnais.fr\/site\/2017\/11\/16\/vaulx-en-velin-prochaines-reunions-publiques-sur-la-commune\/#primaryimage","url":"https:\/\/newsestlyonnais.fr\/site\/wp-content\/uploads\/2017\/11\/NEWSESTLYONNAIS-REUNION-PUBLIQUE-VAULX.jpg","contentUrl":"https:\/\/newsestlyonnais.fr\/site\/wp-content\/uploads\/2017\/11\/NEWSESTLYONNAIS-REUNION-PUBLIQUE-VAULX.jpg","width":848,"height":1200,"caption":"NEWSESTLYONNAIS - REUNION PUBLIQUE VAULX"},{"@type":"BreadcrumbList","@id":"https:\/\/newsestlyonnais.fr\/site\/2017\/11\/16\/vaulx-en-velin-prochaines-reunions-publiques-sur-la-commune\/#breadcrumb","itemListElement":[{"@type":"ListItem","position":1,"name":"Accueil","item":"https:\/\/newsestlyonnais.fr\/site\/"},{"@type":"ListItem","position":2,"name":"VAULX-EN-VELIN | Prochaines r\u00e9unions publiques sur la commune"}]},{"@type":"WebSite","@id":"https:\/\/newsestlyonnais.fr\/site\/#website","url":"https:\/\/newsestlyonnais.fr\/site\/","name":"News Est Lyonnais","description":"L&#039;actualit\u00e9 au plus pr\u00e8s","publisher":{"@id":"https:\/\/newsestlyonnais.fr\/site\/#organization"},"potentialAction":[{"@type":"SearchAction","target":{"@type":"EntryPoint","urlTemplate":"https:\/\/newsestlyonnais.fr\/site\/?s={search_term_string}"},"query-input":{"@type":"PropertyValueSpecification","valueRequired":true,"valueName":"search_term_string"}}],"inLanguage":"fr-FR"},{"@type":"Organization","@id":"https:\/\/newsestlyonnais.fr\/site\/#organization","name":"News EST LYONNAIS","url":"https:\/\/newsestlyonnais.fr\/site\/","logo":{"@type":"ImageObject","inLanguage":"fr-FR","@id":"https:\/\/newsestlyonnais.fr\/site\/#\/schema\/logo\/image\/","url":"","contentUrl":"","caption":"News EST LYONNAIS"},"image":{"@id":"https:\/\/newsestlyonnais.fr\/site\/#\/schema\/logo\/image\/"}},{"@type":"Person","@id":"https:\/\/newsestlyonnais.fr\/site\/#\/schema\/person\/3230d5615f390bb808365d673001e887","name":"R\u00e9dac. NEWS","sameAs":["http:\/\/www.newsestlyonnais.fr","https:\/\/www.facebook.com\/pascal.oberson.1?fref=ts","https:\/\/fr.linkedin.com\/in\/pascal-oberson-b17045113"],"url":"https:\/\/newsestlyonnais.fr\/site\/author\/nel\/"}]}},"_links":{"self":[{"href":"https:\/\/newsestlyonnais.fr\/site\/wp-json\/wp\/v2\/posts\/38338","targetHints":{"allow":["GET"]}}],"collection":[{"href":"https:\/\/newsestlyonnais.fr\/site\/wp-json\/wp\/v2\/posts"}],"about":[{"href":"https:\/\/newsestlyonnais.fr\/site\/wp-json\/wp\/v2\/types\/post"}],"author":[{"embeddable":true,"href":"https:\/\/newsestlyonnais.fr\/site\/wp-json\/wp\/v2\/users\/4"}],"replies":[{"embeddable":true,"href":"https:\/\/newsestlyonnais.fr\/site\/wp-json\/wp\/v2\/comments?post=38338"}],"version-history":[{"count":0,"href":"https:\/\/newsestlyonnais.fr\/site\/wp-json\/wp\/v2\/posts\/38338\/revisions"}],"wp:featuredmedia":[{"embeddable":true,"href":"https:\/\/newsestlyonnais.fr\/site\/wp-json\/wp\/v2\/media\/38340"}],"wp:attachment":[{"href":"https:\/\/newsestlyonnais.fr\/site\/wp-json\/wp\/v2\/media?parent=38338"}],"wp:term":[{"taxonomy":"category","embeddable":true,"href":"https:\/\/newsestlyonnais.fr\/site\/wp-json\/wp\/v2\/categories?post=38338"},{"taxonomy":"post_tag","embeddable":true,"href":"https:\/\/newsestlyonnais.fr\/site\/wp-json\/wp\/v2\/tags?post=38338"}],"curies":[{"name":"wp","href":"https:\/\/api.w.org\/{rel}","templated":true}]}}