{"id":38448,"date":"2017-11-15T20:57:48","date_gmt":"2017-11-15T19:57:48","guid":{"rendered":"http:\/\/newsestlyonnais.fr\/site\/?p=38448"},"modified":"2020-11-20T15:50:33","modified_gmt":"2020-11-20T14:50:33","slug":"lyon-7-les-manifestations-20-novembre-10-decembre-2017","status":"publish","type":"post","link":"https:\/\/newsestlyonnais.fr\/site\/2017\/11\/15\/lyon-7-les-manifestations-20-novembre-10-decembre-2017\/","title":{"rendered":"LYON 7 | Les manifestations du 20 novembre au 10 d\u00e9cembre 2017"},"content":{"rendered":"<h4>Nombreux sont les \u00e9v\u00e8nements et manifestations pr\u00e9vus durant la p\u00e9riode du 20 novembre au 10 d\u00e9cembre 2017, \u00e0 savoir :<\/h4>\n<ul>\n<li><strong>Du 21 au 30 novembre<\/strong> : <span style=\"text-decoration: underline\">Exposition \u00ab Photographies couleurs sur la Guerre de 1914-1918, du Commandant Jean-Baptiste Tournassoud<\/span> \u00bb, organis\u00e9e dans le cadre du 100e anniversaire de l\u2019ARAC.\u00a0 Exposition mise \u00e0 disposition par la Biblioth\u00e8que Municipale de Lyon<\/li>\n<li><strong>Jusqu\u2019au 26 novembre<\/strong> : <span style=\"text-decoration: underline\">82\u00b0 Salon des Aquarellistes lyonnais<\/span>. 2 invit\u00e9s: Christiane BONICEL et Franck HERETE. (Salle Edmond Locard, 14 avenue Berthelot).<\/li>\n<li><strong>Du 28 novembre au 5 d\u00e9cembre<\/strong> : <span style=\"text-decoration: underline\">\u00ab Salon Palettes \u00bb<\/span>, par Dani\u00e8le LASSIA. (Salle Edmond Locard, 14 avenue Berthelot).<\/li>\n<li><strong>Du 6 au 10 d\u00e9cembre<\/strong> : <span style=\"text-decoration: underline\">Les Th\u00e9r\u00e8se Benthine, peintures et sculptures<\/span>. (Salle Edmond Locard, 14 avenue Berthelot).<\/li>\n<li><strong>Jusqu\u2019au 1\u00b0 d\u00e9cembre<\/strong> : <span style=\"text-decoration: underline\">Biennale d\u2019art sacr\u00e9<\/span>, organis\u00e9e par R\u00e9surgence- ex confluences. Installation d\u2019une sculpture m\u00e9tallique devant l\u2019\u00e9glise, \u00e0 l\u2019arr\u00eat de tramway, et exposition dans l\u2019\u00e9glise.<\/li>\n<li><strong>Du 4 au 16 d\u00e9cembre<\/strong> : <span style=\"text-decoration: underline\">Exposition \u00ab A la d\u00e9couverte de l\u2019Ethiopie \u00bb<\/span>, organis\u00e9e par le pr\u00e9sident de France Ethiopie, M. Ali Said Shoki. (Hall du 1\u00b0 \u00e9tage, Mairie du 7 \u00b0).<\/li>\n<li><strong>Du 7 au 10 d\u00e9cembre<\/strong> :<span style=\"text-decoration: underline\"> F\u00eate des Lumi\u00e8res<\/span>. Mise en lumi\u00e8re du Centre Nautique Tony Bertrand \u00ab M\u00e9t\u00e9ore \u00bb, par les artistes J\u00e9r\u00f4me Donna et Simon Milleret-Godet. Production par l\u2019\u00e9clairage public de la Ville de Lyon<\/li>\n<li><strong>Mardi 21 novembre<\/strong> \u00e0 18 h 30: <span style=\"text-decoration: underline\">Vernissage de l\u2019exposition \u00ab Photographies couleurs sur la Guerre de 1914-1918<\/span>, du Commandant Jean-Baptiste Tournassoud \u00bb. Exposition organis\u00e9e dans le cadre du 100 \u00b0 anniversaire de l\u2019ARAC. (Hall du 1\u00b0 \u00e9tage, Mairie du 7\u00b0). Suivi d\u2019une conf\u00e9rence \u00ab Guerre de 1914-1918 : Les Colonies fran\u00e7aises dans la Guerre \u00bb, par M. Jean-Claude ROMETTINO, agr\u00e9g\u00e9 de l\u2019Universit\u00e9, professeur retrait\u00e9, membre de l\u2019association \u00ab Improbable \u00bb Chant-guitare : Denis Bondon.<\/li>\n<li><strong>Mercredi 22 novembre<\/strong> \u00e0 11 h : <span style=\"text-decoration: underline\">Inauguration de la r\u00e9sidence \u00ab Pearl \u00bb<\/span> (51 avenue Jean-Fran\u00e7ois Raclet).<\/li>\n<li>Jeudi 23 novembre : -14 h 30: <span style=\"text-decoration: underline\">Inauguration de la maison interg\u00e9n\u00e9rationnelle<\/span> \u00ab La Petite Madeleine \u00bb avec Habitat et Humanisme (3 rue du Repos).<\/li>\n<li><strong> Jeudi 23 novembre<\/strong> \u00e0 18 h 30: <span style=\"text-decoration: underline\">Conf\u00e9rence sur l\u2019Europe<\/span>, organis\u00e9e par l\u2019EGPE- Ecole des Grands Parents Europ\u00e9ens. (Salle des Mariages et du Conseil, Mairie du 7 \u00b0).<\/li>\n<li><strong>Vendredi 24 novembre<\/strong> \u00e0 20 h: <span style=\"text-decoration: underline\">Soir\u00e9e du sport<\/span> organis\u00e9e par l\u2019Office des Sports du 7\u00b0. (Maison Ravier, 4 rue Ravier).<\/li>\n<li><strong>Samedi 25 novembre:\u00a0<\/strong> <strong>de 11 h \u00e0 16 h<\/strong>: <span style=\"text-decoration: underline\">\u00ab Troc des Ressources \u00bb<\/span> : journ\u00e9e de troc, d\u2019\u00e9changes et de r\u00e9cup\u00e9ration de ressources pour les jardiniers, organis\u00e9e par l\u2019association \u00ab le Passe-Jardins \u00bb. (Jardin la R\u00e9serve, angle des rues Benjamin Delessert et Georges Gouy) &amp; <strong>\u00e0 18 h<\/strong> : <span style=\"text-decoration: underline\">Soir\u00e9e anniversaire des 20 ans du Mur de Lyon<\/span>. (11 rue Lortet).<\/li>\n<li><strong>Lundi 27 novembre<\/strong> \u00e0 18 h: <span style=\"text-decoration: underline\">Conf\u00e9rence de lancement de la semaine de l&#8217;emploi et du num\u00e9rique<\/span>, organis\u00e9e par la Maison de l&rsquo;Emploi et de la Formation. (Salle des Mariages et du Conseil, Mairie du 7\u00b0).<\/li>\n<li><strong>Jeudi 30 novembre<\/strong> de <strong>9 h \u00e0 17 h<\/strong>: <span style=\"text-decoration: underline\">Colloque \u00ab Personnes \u00e2g\u00e9es migrantes<\/span> : quel recours face \u00e0 la d\u00e9mat\u00e9rialisation- acc\u00e8s aux droits, sant\u00e9, logement-\u00bb organis\u00e9 par le Patio des a\u00een\u00e9s. (Salle des Mariages et du Conseil, Mairie du 7\u00b0) &amp; <strong>\u00e0 19 h<\/strong>: <span style=\"text-decoration: underline\">Soir\u00e9e d\u2019accueil des nouveaux arrivants de l\u2019arrondissement<\/span>. (Salle des Mariages et du Conseil, Mairie du 7\u00b0)<\/li>\n<li><strong>Vendredi 1\u00b0 d\u00e9cembre<\/strong> : <strong><span style=\"text-decoration: underline\">\u00e0 partir de 17 h<\/span><\/strong>: <span style=\"text-decoration: underline\">Animations organis\u00e9es pour No\u00ebl<\/span>, par le Comit\u00e9 des F\u00eates de Gerland. Maison du P\u00e8re No\u00ebl, Fanfare des Pav\u00e9s, danses irlandaises. (Place des Pavillons). &amp; <strong>\u00e0 20 h<\/strong>: <span style=\"text-decoration: underline\">Inauguration des illuminations avenue Jean Jaur\u00e8s et rue de la Thibaudi\u00e8r<\/span>e, install\u00e9es par l\u2019association de commer\u00e7ants \u00ab Coeur du 7 \u00bb.<\/li>\n<li><strong>Samedi 2 d\u00e9cembre:\u00a0<\/strong> <strong>\u00e0 10 h 30<\/strong>: <span style=\"text-decoration: underline\">Inauguration de la piste d&rsquo;athl\u00e9tisme M\u00e9lina Robert-Michon<\/span>. (Plaine des Jeux de Gerland, 405 avenue Jean Jaur\u00e8s) &amp; <strong>\u00e0 11 h 30<\/strong>: <span style=\"text-decoration: underline\">Vernissage du \u00ab Salon Palettes \u00bb<\/span>. Invit\u00e9 d\u2019honneur Christian Covy. (Salle Edmond Locard, 14 avenue Berthelot) &amp; <strong>de 14 h \u00e0 17 h 30<\/strong>: <span style=\"text-decoration: underline\">\u00ab Perdu dans l\u2019espace \u00bb :<\/span> F\u00eate de fin d&rsquo;ann\u00e9e de la Maison de l&rsquo;enfance du 7\u00b0. Ateliers jeux, maquillage, plan\u00e9tarium, ch\u00e2teau gonflable, animation surprise, buvette (Ecole Jean-Pierre Veyet, 17 rue du B\u00e9guin) &amp; <strong>\u00e0 15 h 30<\/strong>: <span style=\"text-decoration: underline\">\u00ab Pabam \u00bb<\/span> : Paroles \u00e0 boire et \u00e0 manger sur le th\u00e8me \u00ab Contes pour petits et grands \u00bb, organis\u00e9 par le Conseil de Quartier de Gerland. (Foyer l\u2019Etincelle, 136 boulevard Yves Farge).<\/li>\n<li><strong>Lundi 4 d\u00e9cembre<\/strong> <strong>\u00e0 18 h 30<\/strong> : <span style=\"text-decoration: underline\">Vernissage de l\u2019exposition \u00ab A la d\u00e9couverte de l\u2019Ethiopie<\/span> \u00bb. (Hall du 1\u00b0 \u00e9tage, Mairie du 7\u00b0).&amp; \u00e0 18 h 30: Conseil d\u2019arrondissement. (Salle des Mariages et du Conseil, Mairie du 7\u00b0).<\/li>\n<li><strong>Mercredi 6 d\u00e9cembre<\/strong> <strong>\u00e0 18 h 30<\/strong>: <span style=\"text-decoration: underline\">\u00ab V\u00e9loparade lumineuse \u00bb<\/span> : rassemblement cycliste convivial et familial, organis\u00e9 par \u00ab Pignons sur rue \u00bb. Manifestation organis\u00e9e dans le cadre de la campagne \u00ab Cyclistes, brillez ! \u00bb<br \/>\nD\u00e9part de la Place Mazagran. Pause \u00e0 la MJC Confluence, quai Rambaud et arriv\u00e9e pr\u00e9vue vers 20 h 30: place Mazagran.<\/li>\n<li><strong>Jeudi 7 d\u00e9cembre<\/strong> \u00e0 12 h: <span style=\"text-decoration: underline\">Inauguration des nouveaux bureaux d\u2019EDF Septen<\/span>. (Grande Halle, 19 rue Pierre Bourdeix<\/li>\n<li><strong>Samedi 9 d\u00e9cembre<\/strong> \u00e0 11 h 30: <span style=\"text-decoration: underline\">Vernissage de l\u2019exposition les Th\u00e9r\u00e8ses Benthine<\/span>, peintures et sculptures. (Salle Edmond Locard, 14 avenue Berthelot).<\/li>\n<\/ul>\n<h4>\u00a0Retrouvez l\u2019ACTU de l\u2019arrondissement sur :\u00a0<a href=\"http:\/\/www.mairie7.lyon.fr\/page\/accueil_7.html\" target=\"_blank\" rel=\"noopener noreferrer\">http:\/\/www.mairie7.lyon.fr\/page\/accueil_7.html<\/a><\/h4>\n","protected":false},"excerpt":{"rendered":"<p>Nombreux sont les \u00e9v\u00e8nements et manifestations pr\u00e9vus durant la p\u00e9riode du 20 novembre au 10 d\u00e9cembre 2017, \u00e0 savoir : Du 21 au 30 novembre : Exposition \u00ab Photographies couleurs sur la Guerre de 1914-1918, du Commandant Jean-Baptiste Tournassoud \u00bb, organis\u00e9e dans le cadre du 100e anniversaire de l\u2019ARAC.\u00a0 Exposition mise \u00e0 disposition par la [&hellip;]<\/p>\n","protected":false},"author":4,"featured_media":8840,"comment_status":"open","ping_status":"open","sticky":false,"template":"","format":"standard","meta":{"footnotes":""},"categories":[1625],"tags":[],"class_list":["post-38448","post","type-post","status-publish","format-standard","has-post-thumbnail","hentry","category-lyon"],"yoast_head":"<!-- This site is optimized with the Yoast SEO plugin v27.2 - https:\/\/yoast.com\/product\/yoast-seo-wordpress\/ -->\n<title>LYON 7\u00b0 : L\u2019agenda des manifestations du 20 novembre au 10 d\u00e9cembre 2017<\/title>\n<meta name=\"description\" content=\"LYON 7\u00b0 : L\u2019agenda des manifestations du 20 novembre au 10 d\u00e9cembre 2017\" \/>\n<meta name=\"robots\" content=\"index, follow, max-snippet:-1, max-image-preview:large, max-video-preview:-1\" \/>\n<link rel=\"canonical\" href=\"https:\/\/newsestlyonnais.fr\/site\/2017\/11\/15\/lyon-7-les-manifestations-20-novembre-10-decembre-2017\/\" \/>\n<meta property=\"og:locale\" content=\"fr_FR\" \/>\n<meta property=\"og:type\" content=\"article\" \/>\n<meta property=\"og:title\" content=\"LYON 7\u00b0 : L\u2019agenda des manifestations du 20 novembre au 10 d\u00e9cembre 2017\" \/>\n<meta property=\"og:description\" content=\"LYON 7\u00b0 : L\u2019agenda des manifestations du 20 novembre au 10 d\u00e9cembre 2017\" \/>\n<meta property=\"og:url\" content=\"https:\/\/newsestlyonnais.fr\/site\/2017\/11\/15\/lyon-7-les-manifestations-20-novembre-10-decembre-2017\/\" \/>\n<meta property=\"og:site_name\" content=\"News Est Lyonnais\" \/>\n<meta property=\"article:author\" content=\"https:\/\/www.facebook.com\/pascal.oberson.1?fref=ts\" \/>\n<meta property=\"article:published_time\" content=\"2017-11-15T19:57:48+00:00\" \/>\n<meta property=\"article:modified_time\" content=\"2020-11-20T14:50:33+00:00\" \/>\n<meta property=\"og:image\" content=\"https:\/\/i1.wp.com\/newsestlyonnais.fr\/site\/wp-content\/uploads\/2016\/06\/NEWSESTLYONNAIS-LYON-PANNEAUP1100180.jpg?fit=1000%2C750&ssl=1\" \/>\n\t<meta property=\"og:image:width\" content=\"1000\" \/>\n\t<meta property=\"og:image:height\" content=\"750\" \/>\n\t<meta property=\"og:image:type\" content=\"image\/jpeg\" \/>\n<meta name=\"author\" content=\"R\u00e9dac. NEWS\" \/>\n<meta name=\"twitter:card\" content=\"summary_large_image\" \/>\n<meta name=\"twitter:label1\" content=\"\u00c9crit par\" \/>\n\t<meta name=\"twitter:data1\" content=\"R\u00e9dac. NEWS\" \/>\n\t<meta name=\"twitter:label2\" content=\"Dur\u00e9e de lecture estim\u00e9e\" \/>\n\t<meta name=\"twitter:data2\" content=\"4 minutes\" \/>\n<script type=\"application\/ld+json\" class=\"yoast-schema-graph\">{\"@context\":\"https:\/\/schema.org\",\"@graph\":[{\"@type\":\"Article\",\"@id\":\"https:\/\/newsestlyonnais.fr\/site\/2017\/11\/15\/lyon-7-les-manifestations-20-novembre-10-decembre-2017\/#article\",\"isPartOf\":{\"@id\":\"https:\/\/newsestlyonnais.fr\/site\/2017\/11\/15\/lyon-7-les-manifestations-20-novembre-10-decembre-2017\/\"},\"author\":{\"name\":\"R\u00e9dac. NEWS\",\"@id\":\"https:\/\/newsestlyonnais.fr\/site\/#\/schema\/person\/3230d5615f390bb808365d673001e887\"},\"headline\":\"LYON 7 | Les manifestations du 20 novembre au 10 d\u00e9cembre 2017\",\"datePublished\":\"2017-11-15T19:57:48+00:00\",\"dateModified\":\"2020-11-20T14:50:33+00:00\",\"mainEntityOfPage\":{\"@id\":\"https:\/\/newsestlyonnais.fr\/site\/2017\/11\/15\/lyon-7-les-manifestations-20-novembre-10-decembre-2017\/\"},\"wordCount\":823,\"commentCount\":0,\"publisher\":{\"@id\":\"https:\/\/newsestlyonnais.fr\/site\/#organization\"},\"image\":{\"@id\":\"https:\/\/newsestlyonnais.fr\/site\/2017\/11\/15\/lyon-7-les-manifestations-20-novembre-10-decembre-2017\/#primaryimage\"},\"thumbnailUrl\":\"https:\/\/newsestlyonnais.fr\/site\/wp-content\/uploads\/2016\/06\/NEWSESTLYONNAIS-LYON-PANNEAUP1100180.jpg\",\"articleSection\":[\"Lyon\"],\"inLanguage\":\"fr-FR\",\"potentialAction\":[{\"@type\":\"CommentAction\",\"name\":\"Comment\",\"target\":[\"https:\/\/newsestlyonnais.fr\/site\/2017\/11\/15\/lyon-7-les-manifestations-20-novembre-10-decembre-2017\/#respond\"]}]},{\"@type\":\"WebPage\",\"@id\":\"https:\/\/newsestlyonnais.fr\/site\/2017\/11\/15\/lyon-7-les-manifestations-20-novembre-10-decembre-2017\/\",\"url\":\"https:\/\/newsestlyonnais.fr\/site\/2017\/11\/15\/lyon-7-les-manifestations-20-novembre-10-decembre-2017\/\",\"name\":\"LYON 7\u00b0 : L\u2019agenda des manifestations du 20 novembre au 10 d\u00e9cembre 2017\",\"isPartOf\":{\"@id\":\"https:\/\/newsestlyonnais.fr\/site\/#website\"},\"primaryImageOfPage\":{\"@id\":\"https:\/\/newsestlyonnais.fr\/site\/2017\/11\/15\/lyon-7-les-manifestations-20-novembre-10-decembre-2017\/#primaryimage\"},\"image\":{\"@id\":\"https:\/\/newsestlyonnais.fr\/site\/2017\/11\/15\/lyon-7-les-manifestations-20-novembre-10-decembre-2017\/#primaryimage\"},\"thumbnailUrl\":\"https:\/\/newsestlyonnais.fr\/site\/wp-content\/uploads\/2016\/06\/NEWSESTLYONNAIS-LYON-PANNEAUP1100180.jpg\",\"datePublished\":\"2017-11-15T19:57:48+00:00\",\"dateModified\":\"2020-11-20T14:50:33+00:00\",\"description\":\"LYON 7\u00b0 : L\u2019agenda des manifestations du 20 novembre au 10 d\u00e9cembre 2017\",\"breadcrumb\":{\"@id\":\"https:\/\/newsestlyonnais.fr\/site\/2017\/11\/15\/lyon-7-les-manifestations-20-novembre-10-decembre-2017\/#breadcrumb\"},\"inLanguage\":\"fr-FR\",\"potentialAction\":[{\"@type\":\"ReadAction\",\"target\":[\"https:\/\/newsestlyonnais.fr\/site\/2017\/11\/15\/lyon-7-les-manifestations-20-novembre-10-decembre-2017\/\"]}]},{\"@type\":\"ImageObject\",\"inLanguage\":\"fr-FR\",\"@id\":\"https:\/\/newsestlyonnais.fr\/site\/2017\/11\/15\/lyon-7-les-manifestations-20-novembre-10-decembre-2017\/#primaryimage\",\"url\":\"https:\/\/newsestlyonnais.fr\/site\/wp-content\/uploads\/2016\/06\/NEWSESTLYONNAIS-LYON-PANNEAUP1100180.jpg\",\"contentUrl\":\"https:\/\/newsestlyonnais.fr\/site\/wp-content\/uploads\/2016\/06\/NEWSESTLYONNAIS-LYON-PANNEAUP1100180.jpg\",\"width\":1000,\"height\":750,\"caption\":\"NEWSESTLYONNAIS - LYON PANNEAU\"},{\"@type\":\"BreadcrumbList\",\"@id\":\"https:\/\/newsestlyonnais.fr\/site\/2017\/11\/15\/lyon-7-les-manifestations-20-novembre-10-decembre-2017\/#breadcrumb\",\"itemListElement\":[{\"@type\":\"ListItem\",\"position\":1,\"name\":\"Accueil\",\"item\":\"https:\/\/newsestlyonnais.fr\/site\/\"},{\"@type\":\"ListItem\",\"position\":2,\"name\":\"LYON 7 | Les manifestations du 20 novembre au 10 d\u00e9cembre 2017\"}]},{\"@type\":\"WebSite\",\"@id\":\"https:\/\/newsestlyonnais.fr\/site\/#website\",\"url\":\"https:\/\/newsestlyonnais.fr\/site\/\",\"name\":\"News Est Lyonnais\",\"description\":\"L&#039;actualit\u00e9 au plus pr\u00e8s\",\"publisher\":{\"@id\":\"https:\/\/newsestlyonnais.fr\/site\/#organization\"},\"potentialAction\":[{\"@type\":\"SearchAction\",\"target\":{\"@type\":\"EntryPoint\",\"urlTemplate\":\"https:\/\/newsestlyonnais.fr\/site\/?s={search_term_string}\"},\"query-input\":{\"@type\":\"PropertyValueSpecification\",\"valueRequired\":true,\"valueName\":\"search_term_string\"}}],\"inLanguage\":\"fr-FR\"},{\"@type\":\"Organization\",\"@id\":\"https:\/\/newsestlyonnais.fr\/site\/#organization\",\"name\":\"News EST LYONNAIS\",\"url\":\"https:\/\/newsestlyonnais.fr\/site\/\",\"logo\":{\"@type\":\"ImageObject\",\"inLanguage\":\"fr-FR\",\"@id\":\"https:\/\/newsestlyonnais.fr\/site\/#\/schema\/logo\/image\/\",\"url\":\"\",\"contentUrl\":\"\",\"caption\":\"News EST LYONNAIS\"},\"image\":{\"@id\":\"https:\/\/newsestlyonnais.fr\/site\/#\/schema\/logo\/image\/\"}},{\"@type\":\"Person\",\"@id\":\"https:\/\/newsestlyonnais.fr\/site\/#\/schema\/person\/3230d5615f390bb808365d673001e887\",\"name\":\"R\u00e9dac. NEWS\",\"sameAs\":[\"http:\/\/www.newsestlyonnais.fr\",\"https:\/\/www.facebook.com\/pascal.oberson.1?fref=ts\",\"https:\/\/fr.linkedin.com\/in\/pascal-oberson-b17045113\"],\"url\":\"https:\/\/newsestlyonnais.fr\/site\/author\/nel\/\"}]}<\/script>\n<!-- \/ Yoast SEO plugin. -->","yoast_head_json":{"title":"LYON 7\u00b0 : L\u2019agenda des manifestations du 20 novembre au 10 d\u00e9cembre 2017","description":"LYON 7\u00b0 : L\u2019agenda des manifestations du 20 novembre au 10 d\u00e9cembre 2017","robots":{"index":"index","follow":"follow","max-snippet":"max-snippet:-1","max-image-preview":"max-image-preview:large","max-video-preview":"max-video-preview:-1"},"canonical":"https:\/\/newsestlyonnais.fr\/site\/2017\/11\/15\/lyon-7-les-manifestations-20-novembre-10-decembre-2017\/","og_locale":"fr_FR","og_type":"article","og_title":"LYON 7\u00b0 : L\u2019agenda des manifestations du 20 novembre au 10 d\u00e9cembre 2017","og_description":"LYON 7\u00b0 : L\u2019agenda des manifestations du 20 novembre au 10 d\u00e9cembre 2017","og_url":"https:\/\/newsestlyonnais.fr\/site\/2017\/11\/15\/lyon-7-les-manifestations-20-novembre-10-decembre-2017\/","og_site_name":"News Est Lyonnais","article_author":"https:\/\/www.facebook.com\/pascal.oberson.1?fref=ts","article_published_time":"2017-11-15T19:57:48+00:00","article_modified_time":"2020-11-20T14:50:33+00:00","og_image":[{"width":1000,"height":750,"url":"https:\/\/i1.wp.com\/newsestlyonnais.fr\/site\/wp-content\/uploads\/2016\/06\/NEWSESTLYONNAIS-LYON-PANNEAUP1100180.jpg?fit=1000%2C750&ssl=1","type":"image\/jpeg"}],"author":"R\u00e9dac. NEWS","twitter_card":"summary_large_image","twitter_misc":{"\u00c9crit par":"R\u00e9dac. NEWS","Dur\u00e9e de lecture estim\u00e9e":"4 minutes"},"schema":{"@context":"https:\/\/schema.org","@graph":[{"@type":"Article","@id":"https:\/\/newsestlyonnais.fr\/site\/2017\/11\/15\/lyon-7-les-manifestations-20-novembre-10-decembre-2017\/#article","isPartOf":{"@id":"https:\/\/newsestlyonnais.fr\/site\/2017\/11\/15\/lyon-7-les-manifestations-20-novembre-10-decembre-2017\/"},"author":{"name":"R\u00e9dac. NEWS","@id":"https:\/\/newsestlyonnais.fr\/site\/#\/schema\/person\/3230d5615f390bb808365d673001e887"},"headline":"LYON 7 | Les manifestations du 20 novembre au 10 d\u00e9cembre 2017","datePublished":"2017-11-15T19:57:48+00:00","dateModified":"2020-11-20T14:50:33+00:00","mainEntityOfPage":{"@id":"https:\/\/newsestlyonnais.fr\/site\/2017\/11\/15\/lyon-7-les-manifestations-20-novembre-10-decembre-2017\/"},"wordCount":823,"commentCount":0,"publisher":{"@id":"https:\/\/newsestlyonnais.fr\/site\/#organization"},"image":{"@id":"https:\/\/newsestlyonnais.fr\/site\/2017\/11\/15\/lyon-7-les-manifestations-20-novembre-10-decembre-2017\/#primaryimage"},"thumbnailUrl":"https:\/\/newsestlyonnais.fr\/site\/wp-content\/uploads\/2016\/06\/NEWSESTLYONNAIS-LYON-PANNEAUP1100180.jpg","articleSection":["Lyon"],"inLanguage":"fr-FR","potentialAction":[{"@type":"CommentAction","name":"Comment","target":["https:\/\/newsestlyonnais.fr\/site\/2017\/11\/15\/lyon-7-les-manifestations-20-novembre-10-decembre-2017\/#respond"]}]},{"@type":"WebPage","@id":"https:\/\/newsestlyonnais.fr\/site\/2017\/11\/15\/lyon-7-les-manifestations-20-novembre-10-decembre-2017\/","url":"https:\/\/newsestlyonnais.fr\/site\/2017\/11\/15\/lyon-7-les-manifestations-20-novembre-10-decembre-2017\/","name":"LYON 7\u00b0 : L\u2019agenda des manifestations du 20 novembre au 10 d\u00e9cembre 2017","isPartOf":{"@id":"https:\/\/newsestlyonnais.fr\/site\/#website"},"primaryImageOfPage":{"@id":"https:\/\/newsestlyonnais.fr\/site\/2017\/11\/15\/lyon-7-les-manifestations-20-novembre-10-decembre-2017\/#primaryimage"},"image":{"@id":"https:\/\/newsestlyonnais.fr\/site\/2017\/11\/15\/lyon-7-les-manifestations-20-novembre-10-decembre-2017\/#primaryimage"},"thumbnailUrl":"https:\/\/newsestlyonnais.fr\/site\/wp-content\/uploads\/2016\/06\/NEWSESTLYONNAIS-LYON-PANNEAUP1100180.jpg","datePublished":"2017-11-15T19:57:48+00:00","dateModified":"2020-11-20T14:50:33+00:00","description":"LYON 7\u00b0 : L\u2019agenda des manifestations du 20 novembre au 10 d\u00e9cembre 2017","breadcrumb":{"@id":"https:\/\/newsestlyonnais.fr\/site\/2017\/11\/15\/lyon-7-les-manifestations-20-novembre-10-decembre-2017\/#breadcrumb"},"inLanguage":"fr-FR","potentialAction":[{"@type":"ReadAction","target":["https:\/\/newsestlyonnais.fr\/site\/2017\/11\/15\/lyon-7-les-manifestations-20-novembre-10-decembre-2017\/"]}]},{"@type":"ImageObject","inLanguage":"fr-FR","@id":"https:\/\/newsestlyonnais.fr\/site\/2017\/11\/15\/lyon-7-les-manifestations-20-novembre-10-decembre-2017\/#primaryimage","url":"https:\/\/newsestlyonnais.fr\/site\/wp-content\/uploads\/2016\/06\/NEWSESTLYONNAIS-LYON-PANNEAUP1100180.jpg","contentUrl":"https:\/\/newsestlyonnais.fr\/site\/wp-content\/uploads\/2016\/06\/NEWSESTLYONNAIS-LYON-PANNEAUP1100180.jpg","width":1000,"height":750,"caption":"NEWSESTLYONNAIS - LYON PANNEAU"},{"@type":"BreadcrumbList","@id":"https:\/\/newsestlyonnais.fr\/site\/2017\/11\/15\/lyon-7-les-manifestations-20-novembre-10-decembre-2017\/#breadcrumb","itemListElement":[{"@type":"ListItem","position":1,"name":"Accueil","item":"https:\/\/newsestlyonnais.fr\/site\/"},{"@type":"ListItem","position":2,"name":"LYON 7 | Les manifestations du 20 novembre au 10 d\u00e9cembre 2017"}]},{"@type":"WebSite","@id":"https:\/\/newsestlyonnais.fr\/site\/#website","url":"https:\/\/newsestlyonnais.fr\/site\/","name":"News Est Lyonnais","description":"L&#039;actualit\u00e9 au plus pr\u00e8s","publisher":{"@id":"https:\/\/newsestlyonnais.fr\/site\/#organization"},"potentialAction":[{"@type":"SearchAction","target":{"@type":"EntryPoint","urlTemplate":"https:\/\/newsestlyonnais.fr\/site\/?s={search_term_string}"},"query-input":{"@type":"PropertyValueSpecification","valueRequired":true,"valueName":"search_term_string"}}],"inLanguage":"fr-FR"},{"@type":"Organization","@id":"https:\/\/newsestlyonnais.fr\/site\/#organization","name":"News EST LYONNAIS","url":"https:\/\/newsestlyonnais.fr\/site\/","logo":{"@type":"ImageObject","inLanguage":"fr-FR","@id":"https:\/\/newsestlyonnais.fr\/site\/#\/schema\/logo\/image\/","url":"","contentUrl":"","caption":"News EST LYONNAIS"},"image":{"@id":"https:\/\/newsestlyonnais.fr\/site\/#\/schema\/logo\/image\/"}},{"@type":"Person","@id":"https:\/\/newsestlyonnais.fr\/site\/#\/schema\/person\/3230d5615f390bb808365d673001e887","name":"R\u00e9dac. NEWS","sameAs":["http:\/\/www.newsestlyonnais.fr","https:\/\/www.facebook.com\/pascal.oberson.1?fref=ts","https:\/\/fr.linkedin.com\/in\/pascal-oberson-b17045113"],"url":"https:\/\/newsestlyonnais.fr\/site\/author\/nel\/"}]}},"_links":{"self":[{"href":"https:\/\/newsestlyonnais.fr\/site\/wp-json\/wp\/v2\/posts\/38448","targetHints":{"allow":["GET"]}}],"collection":[{"href":"https:\/\/newsestlyonnais.fr\/site\/wp-json\/wp\/v2\/posts"}],"about":[{"href":"https:\/\/newsestlyonnais.fr\/site\/wp-json\/wp\/v2\/types\/post"}],"author":[{"embeddable":true,"href":"https:\/\/newsestlyonnais.fr\/site\/wp-json\/wp\/v2\/users\/4"}],"replies":[{"embeddable":true,"href":"https:\/\/newsestlyonnais.fr\/site\/wp-json\/wp\/v2\/comments?post=38448"}],"version-history":[{"count":0,"href":"https:\/\/newsestlyonnais.fr\/site\/wp-json\/wp\/v2\/posts\/38448\/revisions"}],"wp:featuredmedia":[{"embeddable":true,"href":"https:\/\/newsestlyonnais.fr\/site\/wp-json\/wp\/v2\/media\/8840"}],"wp:attachment":[{"href":"https:\/\/newsestlyonnais.fr\/site\/wp-json\/wp\/v2\/media?parent=38448"}],"wp:term":[{"taxonomy":"category","embeddable":true,"href":"https:\/\/newsestlyonnais.fr\/site\/wp-json\/wp\/v2\/categories?post=38448"},{"taxonomy":"post_tag","embeddable":true,"href":"https:\/\/newsestlyonnais.fr\/site\/wp-json\/wp\/v2\/tags?post=38448"}],"curies":[{"name":"wp","href":"https:\/\/api.w.org\/{rel}","templated":true}]}}