{"id":38583,"date":"2017-11-21T17:55:51","date_gmt":"2017-11-21T16:55:51","guid":{"rendered":"http:\/\/newsestlyonnais.fr\/site\/?p=38583"},"modified":"2023-03-01T18:21:19","modified_gmt":"2023-03-01T17:21:19","slug":"genas-la-nuit-de-la-saint-sylvestre-est-de-retour","status":"publish","type":"post","link":"https:\/\/newsestlyonnais.fr\/site\/2017\/11\/21\/genas-la-nuit-de-la-saint-sylvestre-est-de-retour\/","title":{"rendered":"GENAS | La nuit de la Saint Sylvestre est de retour !"},"content":{"rendered":"<h4>Un groupe de 18 amis tous genassiens et qui a la particularit\u00e9 de repr\u00e9senter une belle mixit\u00e9 d&rsquo;\u00e2ge s&rsquo;est lanc\u00e9 le d\u00e9fi de recr\u00e9er un \u00e9v\u00e8nement \u00e0 l&rsquo;occasion du r\u00e9veillon de la Saint Sylvestre.<\/h4>\n<p>Le Comit\u00e9 d&rsquo;Animation de la 7, pr\u00e9sid\u00e9 par Eric Massot et qui est d\u00e9sormais r\u00f4d\u00e9 \u00e0 l&rsquo;organisation r\u00e9guli\u00e8re de manifestations sur la commune, a d\u00e9cid\u00e9 de relancer une nuit festive \u00e0 l&rsquo;occasion du passage \u00e0 la nouvelle ann\u00e9e. Un \u00e9v\u00e8nement jadis organis\u00e9 par le Comit\u00e9 des F\u00eates et qui n&rsquo;avait pas eu lieu depuis une bonne d\u00e9cennie.<\/p>\n<p><img loading=\"lazy\" decoding=\"async\" class=\"alignleft size-full wp-image-23750\" src=\"https:\/\/newsestlyonnais.fr\/site\/medias\/2017\/03\/NEWSESTLYONNAIS-MICRO.png\" alt=\"NEWSESTLYONNAIS MICRO\" width=\"250\" height=\"150\" \/>\u00a0\u00bb L&rsquo;objectif \u00e9tant de faire la f\u00eate et de cl\u00f4turer l&rsquo;ann\u00e9e en beaut\u00e9 dans un esprit familial et convivial. Une soir\u00e9e, anim\u00e9e par le DJ villeurbannais \u00ab\u00a0FC Music\u00a0\u00bb o\u00f9 toutes les tranches d&rsquo;\u00e2ges devraient \u00eatre repr\u00e9sent\u00e9es. Ceci en partenariat avec la Ville de Genas qui nous a bien soutenu dans ce projet. On n&rsquo;attend d&rsquo;ailleurs pas que des genassiens mais des personnes venant des communes voisines de l&rsquo;Est Lyonnais. Une belle dynamique s&rsquo;est instaur\u00e9e depuis un mois et la vente des premi\u00e8res places, ce qui est plut\u00f4t encourageant\u00a0\u00bb. confie le pr\u00e9sident du comit\u00e9. ________________________________________________________________________________<\/p>\n<ul>\n<li><span style=\"text-decoration: underline\"><em><strong>NUIT DE LA SAINT SYLVESTRE<\/strong><\/em><\/span>: Dimanche 31 d\u00e9cembre \u00e0 la salle Jacques Anquetil \u00e0 20 heures 30. Animation FC Music \/ Herv\u00e9 Heyraud Traiteur \/ S\u00e9curit\u00e9 assur\u00e9e. <span style=\"text-decoration: underline\"><em><strong>Menus<\/strong><\/em><\/span>: Adultes : 65 \u20ac &amp; Enfants: 25 \u20ac.<\/li>\n<li><span style=\"text-decoration: underline\">Plus d&rsquo;infos, r\u00e9servations et inscriptions<\/span> : 06.71.33.76.06<\/li>\n<li><span style=\"text-decoration: underline\">Contact<\/span> : genas.reveillon2017@laposte.net\u00a0 ou <a href=\"https:\/\/www.facebook.com\/ReveillonsGenas\" target=\"_blank\" rel=\"noopener noreferrer\">https:\/\/www.facebook.com\/ReveillonsGenas<\/a><\/li>\n<\/ul>\n<p>________________________________________________________________________________<\/p>\n<p><span style=\"text-decoration: underline\"><strong>PHOTO A LA UNE<\/strong><\/span> : une partie de l&rsquo;\u00e9quipe du Comit\u00e9 d&rsquo;animation de la 7<\/p>\n<p>&nbsp;<\/p>\n<div id='gallery-1' class='gallery galleryid-38583 gallery-columns-3 gallery-size-thumbnail'><figure class='gallery-item'>\n\t\t\t<div class='gallery-icon portrait'>\n\t\t\t\t<a href='https:\/\/newsestlyonnais.fr\/site\/newsestlyonnais-nuit-sy-sylvestre-bis\/'><img loading=\"lazy\" decoding=\"async\" width=\"150\" height=\"150\" src=\"https:\/\/newsestlyonnais.fr\/site\/wp-content\/uploads\/2017\/10\/NEWSESTLYONNAIS-NUIT-SY-SYLVESTRE-bis-150x150.jpg\" class=\"attachment-thumbnail size-thumbnail\" alt=\"NEWSESTLYONNAIS - NUIT SY SYLVESTRE bis\" aria-describedby=\"gallery-1-37573\" \/><\/a>\n\t\t\t<\/div>\n\t\t\t\t<figcaption class='wp-caption-text gallery-caption' id='gallery-1-37573'>\n\t\t\t\tNUIT de la SAINT SYLVESTRE\n\t\t\t\t<\/figcaption><\/figure>\n\t\t<\/div>\n\n","protected":false},"excerpt":{"rendered":"<p>Un groupe de 18 amis tous genassiens et qui a la particularit\u00e9 de repr\u00e9senter une belle mixit\u00e9 d&rsquo;\u00e2ge s&rsquo;est lanc\u00e9 le d\u00e9fi de recr\u00e9er un \u00e9v\u00e8nement \u00e0 l&rsquo;occasion du r\u00e9veillon de la Saint Sylvestre. Le Comit\u00e9 d&rsquo;Animation de la 7, pr\u00e9sid\u00e9 par Eric Massot et qui est d\u00e9sormais r\u00f4d\u00e9 \u00e0 l&rsquo;organisation r\u00e9guli\u00e8re de manifestations sur [&hellip;]<\/p>\n","protected":false},"author":4,"featured_media":38704,"comment_status":"open","ping_status":"open","sticky":false,"template":"","format":"standard","meta":{"footnotes":""},"categories":[270,3437,1598],"tags":[],"class_list":["post-38583","post","type-post","status-publish","format-standard","has-post-thumbnail","hentry","category-cte-de-communes-c-c-e-l","category-comite-fetes-sou-des-ecoles-classes","category-genas"],"yoast_head":"<!-- This site is optimized with the Yoast SEO plugin v27.2 - https:\/\/yoast.com\/product\/yoast-seo-wordpress\/ -->\n<title>GENAS : La nuit de la Saint Sylvestre est de retour !<\/title>\n<meta name=\"description\" content=\"GENAS : La nuit de la Saint Sylvestre est de retour !\" \/>\n<meta name=\"robots\" content=\"index, follow, max-snippet:-1, max-image-preview:large, max-video-preview:-1\" \/>\n<link rel=\"canonical\" href=\"https:\/\/newsestlyonnais.fr\/site\/2017\/11\/21\/genas-la-nuit-de-la-saint-sylvestre-est-de-retour\/\" \/>\n<meta property=\"og:locale\" content=\"fr_FR\" \/>\n<meta property=\"og:type\" content=\"article\" \/>\n<meta property=\"og:title\" content=\"GENAS : La nuit de la Saint Sylvestre est de retour !\" \/>\n<meta property=\"og:description\" content=\"GENAS : La nuit de la Saint Sylvestre est de retour !\" \/>\n<meta property=\"og:url\" content=\"https:\/\/newsestlyonnais.fr\/site\/2017\/11\/21\/genas-la-nuit-de-la-saint-sylvestre-est-de-retour\/\" \/>\n<meta property=\"og:site_name\" content=\"News Est Lyonnais\" \/>\n<meta property=\"article:author\" content=\"https:\/\/www.facebook.com\/pascal.oberson.1?fref=ts\" \/>\n<meta property=\"article:published_time\" content=\"2017-11-21T16:55:51+00:00\" \/>\n<meta property=\"article:modified_time\" content=\"2023-03-01T17:21:19+00:00\" \/>\n<meta property=\"og:image\" content=\"https:\/\/newsestlyonnais.fr\/site\/wp-content\/uploads\/2017\/11\/NEWSESTLYONNAIS-NUIT-ST-SYLVESTRE.jpg\" \/>\n\t<meta property=\"og:image:width\" content=\"1701\" \/>\n\t<meta property=\"og:image:height\" content=\"957\" \/>\n\t<meta property=\"og:image:type\" content=\"image\/jpeg\" \/>\n<meta name=\"author\" content=\"R\u00e9dac. NEWS\" \/>\n<meta name=\"twitter:card\" content=\"summary_large_image\" \/>\n<meta name=\"twitter:label1\" content=\"\u00c9crit par\" \/>\n\t<meta name=\"twitter:data1\" content=\"R\u00e9dac. NEWS\" \/>\n\t<meta name=\"twitter:label2\" content=\"Dur\u00e9e de lecture estim\u00e9e\" \/>\n\t<meta name=\"twitter:data2\" content=\"1 minute\" \/>\n<script type=\"application\/ld+json\" class=\"yoast-schema-graph\">{\"@context\":\"https:\/\/schema.org\",\"@graph\":[{\"@type\":\"Article\",\"@id\":\"https:\/\/newsestlyonnais.fr\/site\/2017\/11\/21\/genas-la-nuit-de-la-saint-sylvestre-est-de-retour\/#article\",\"isPartOf\":{\"@id\":\"https:\/\/newsestlyonnais.fr\/site\/2017\/11\/21\/genas-la-nuit-de-la-saint-sylvestre-est-de-retour\/\"},\"author\":{\"name\":\"R\u00e9dac. NEWS\",\"@id\":\"https:\/\/newsestlyonnais.fr\/site\/#\/schema\/person\/3230d5615f390bb808365d673001e887\"},\"headline\":\"GENAS | La nuit de la Saint Sylvestre est de retour !\",\"datePublished\":\"2017-11-21T16:55:51+00:00\",\"dateModified\":\"2023-03-01T17:21:19+00:00\",\"mainEntityOfPage\":{\"@id\":\"https:\/\/newsestlyonnais.fr\/site\/2017\/11\/21\/genas-la-nuit-de-la-saint-sylvestre-est-de-retour\/\"},\"wordCount\":292,\"commentCount\":0,\"publisher\":{\"@id\":\"https:\/\/newsestlyonnais.fr\/site\/#organization\"},\"image\":{\"@id\":\"https:\/\/newsestlyonnais.fr\/site\/2017\/11\/21\/genas-la-nuit-de-la-saint-sylvestre-est-de-retour\/#primaryimage\"},\"thumbnailUrl\":\"https:\/\/newsestlyonnais.fr\/site\/wp-content\/uploads\/2017\/11\/NEWSESTLYONNAIS-NUIT-ST-SYLVESTRE.jpg\",\"articleSection\":[\"CCEL | Communes\",\"Comit\u00e9 F\u00eates | Sou des Ecoles | Classes\",\"Genas\"],\"inLanguage\":\"fr-FR\",\"potentialAction\":[{\"@type\":\"CommentAction\",\"name\":\"Comment\",\"target\":[\"https:\/\/newsestlyonnais.fr\/site\/2017\/11\/21\/genas-la-nuit-de-la-saint-sylvestre-est-de-retour\/#respond\"]}]},{\"@type\":\"WebPage\",\"@id\":\"https:\/\/newsestlyonnais.fr\/site\/2017\/11\/21\/genas-la-nuit-de-la-saint-sylvestre-est-de-retour\/\",\"url\":\"https:\/\/newsestlyonnais.fr\/site\/2017\/11\/21\/genas-la-nuit-de-la-saint-sylvestre-est-de-retour\/\",\"name\":\"GENAS : La nuit de la Saint Sylvestre est de retour !\",\"isPartOf\":{\"@id\":\"https:\/\/newsestlyonnais.fr\/site\/#website\"},\"primaryImageOfPage\":{\"@id\":\"https:\/\/newsestlyonnais.fr\/site\/2017\/11\/21\/genas-la-nuit-de-la-saint-sylvestre-est-de-retour\/#primaryimage\"},\"image\":{\"@id\":\"https:\/\/newsestlyonnais.fr\/site\/2017\/11\/21\/genas-la-nuit-de-la-saint-sylvestre-est-de-retour\/#primaryimage\"},\"thumbnailUrl\":\"https:\/\/newsestlyonnais.fr\/site\/wp-content\/uploads\/2017\/11\/NEWSESTLYONNAIS-NUIT-ST-SYLVESTRE.jpg\",\"datePublished\":\"2017-11-21T16:55:51+00:00\",\"dateModified\":\"2023-03-01T17:21:19+00:00\",\"description\":\"GENAS : La nuit de la Saint Sylvestre est de retour !\",\"breadcrumb\":{\"@id\":\"https:\/\/newsestlyonnais.fr\/site\/2017\/11\/21\/genas-la-nuit-de-la-saint-sylvestre-est-de-retour\/#breadcrumb\"},\"inLanguage\":\"fr-FR\",\"potentialAction\":[{\"@type\":\"ReadAction\",\"target\":[\"https:\/\/newsestlyonnais.fr\/site\/2017\/11\/21\/genas-la-nuit-de-la-saint-sylvestre-est-de-retour\/\"]}]},{\"@type\":\"ImageObject\",\"inLanguage\":\"fr-FR\",\"@id\":\"https:\/\/newsestlyonnais.fr\/site\/2017\/11\/21\/genas-la-nuit-de-la-saint-sylvestre-est-de-retour\/#primaryimage\",\"url\":\"https:\/\/newsestlyonnais.fr\/site\/wp-content\/uploads\/2017\/11\/NEWSESTLYONNAIS-NUIT-ST-SYLVESTRE.jpg\",\"contentUrl\":\"https:\/\/newsestlyonnais.fr\/site\/wp-content\/uploads\/2017\/11\/NEWSESTLYONNAIS-NUIT-ST-SYLVESTRE.jpg\",\"width\":1701,\"height\":957,\"caption\":\"NEWSESTLYONNAIS -NUIT ST SYLVESTRE\"},{\"@type\":\"BreadcrumbList\",\"@id\":\"https:\/\/newsestlyonnais.fr\/site\/2017\/11\/21\/genas-la-nuit-de-la-saint-sylvestre-est-de-retour\/#breadcrumb\",\"itemListElement\":[{\"@type\":\"ListItem\",\"position\":1,\"name\":\"Accueil\",\"item\":\"https:\/\/newsestlyonnais.fr\/site\/\"},{\"@type\":\"ListItem\",\"position\":2,\"name\":\"GENAS | La nuit de la Saint Sylvestre est de retour !\"}]},{\"@type\":\"WebSite\",\"@id\":\"https:\/\/newsestlyonnais.fr\/site\/#website\",\"url\":\"https:\/\/newsestlyonnais.fr\/site\/\",\"name\":\"News Est Lyonnais\",\"description\":\"L&#039;actualit\u00e9 au plus pr\u00e8s\",\"publisher\":{\"@id\":\"https:\/\/newsestlyonnais.fr\/site\/#organization\"},\"potentialAction\":[{\"@type\":\"SearchAction\",\"target\":{\"@type\":\"EntryPoint\",\"urlTemplate\":\"https:\/\/newsestlyonnais.fr\/site\/?s={search_term_string}\"},\"query-input\":{\"@type\":\"PropertyValueSpecification\",\"valueRequired\":true,\"valueName\":\"search_term_string\"}}],\"inLanguage\":\"fr-FR\"},{\"@type\":\"Organization\",\"@id\":\"https:\/\/newsestlyonnais.fr\/site\/#organization\",\"name\":\"News EST LYONNAIS\",\"url\":\"https:\/\/newsestlyonnais.fr\/site\/\",\"logo\":{\"@type\":\"ImageObject\",\"inLanguage\":\"fr-FR\",\"@id\":\"https:\/\/newsestlyonnais.fr\/site\/#\/schema\/logo\/image\/\",\"url\":\"\",\"contentUrl\":\"\",\"caption\":\"News EST LYONNAIS\"},\"image\":{\"@id\":\"https:\/\/newsestlyonnais.fr\/site\/#\/schema\/logo\/image\/\"}},{\"@type\":\"Person\",\"@id\":\"https:\/\/newsestlyonnais.fr\/site\/#\/schema\/person\/3230d5615f390bb808365d673001e887\",\"name\":\"R\u00e9dac. NEWS\",\"sameAs\":[\"http:\/\/www.newsestlyonnais.fr\",\"https:\/\/www.facebook.com\/pascal.oberson.1?fref=ts\",\"https:\/\/fr.linkedin.com\/in\/pascal-oberson-b17045113\"],\"url\":\"https:\/\/newsestlyonnais.fr\/site\/author\/nel\/\"}]}<\/script>\n<!-- \/ Yoast SEO plugin. -->","yoast_head_json":{"title":"GENAS : La nuit de la Saint Sylvestre est de retour !","description":"GENAS : La nuit de la Saint Sylvestre est de retour !","robots":{"index":"index","follow":"follow","max-snippet":"max-snippet:-1","max-image-preview":"max-image-preview:large","max-video-preview":"max-video-preview:-1"},"canonical":"https:\/\/newsestlyonnais.fr\/site\/2017\/11\/21\/genas-la-nuit-de-la-saint-sylvestre-est-de-retour\/","og_locale":"fr_FR","og_type":"article","og_title":"GENAS : La nuit de la Saint Sylvestre est de retour !","og_description":"GENAS : La nuit de la Saint Sylvestre est de retour !","og_url":"https:\/\/newsestlyonnais.fr\/site\/2017\/11\/21\/genas-la-nuit-de-la-saint-sylvestre-est-de-retour\/","og_site_name":"News Est Lyonnais","article_author":"https:\/\/www.facebook.com\/pascal.oberson.1?fref=ts","article_published_time":"2017-11-21T16:55:51+00:00","article_modified_time":"2023-03-01T17:21:19+00:00","og_image":[{"width":1701,"height":957,"url":"https:\/\/newsestlyonnais.fr\/site\/wp-content\/uploads\/2017\/11\/NEWSESTLYONNAIS-NUIT-ST-SYLVESTRE.jpg","type":"image\/jpeg"}],"author":"R\u00e9dac. NEWS","twitter_card":"summary_large_image","twitter_misc":{"\u00c9crit par":"R\u00e9dac. NEWS","Dur\u00e9e de lecture estim\u00e9e":"1 minute"},"schema":{"@context":"https:\/\/schema.org","@graph":[{"@type":"Article","@id":"https:\/\/newsestlyonnais.fr\/site\/2017\/11\/21\/genas-la-nuit-de-la-saint-sylvestre-est-de-retour\/#article","isPartOf":{"@id":"https:\/\/newsestlyonnais.fr\/site\/2017\/11\/21\/genas-la-nuit-de-la-saint-sylvestre-est-de-retour\/"},"author":{"name":"R\u00e9dac. NEWS","@id":"https:\/\/newsestlyonnais.fr\/site\/#\/schema\/person\/3230d5615f390bb808365d673001e887"},"headline":"GENAS | La nuit de la Saint Sylvestre est de retour !","datePublished":"2017-11-21T16:55:51+00:00","dateModified":"2023-03-01T17:21:19+00:00","mainEntityOfPage":{"@id":"https:\/\/newsestlyonnais.fr\/site\/2017\/11\/21\/genas-la-nuit-de-la-saint-sylvestre-est-de-retour\/"},"wordCount":292,"commentCount":0,"publisher":{"@id":"https:\/\/newsestlyonnais.fr\/site\/#organization"},"image":{"@id":"https:\/\/newsestlyonnais.fr\/site\/2017\/11\/21\/genas-la-nuit-de-la-saint-sylvestre-est-de-retour\/#primaryimage"},"thumbnailUrl":"https:\/\/newsestlyonnais.fr\/site\/wp-content\/uploads\/2017\/11\/NEWSESTLYONNAIS-NUIT-ST-SYLVESTRE.jpg","articleSection":["CCEL | Communes","Comit\u00e9 F\u00eates | Sou des Ecoles | Classes","Genas"],"inLanguage":"fr-FR","potentialAction":[{"@type":"CommentAction","name":"Comment","target":["https:\/\/newsestlyonnais.fr\/site\/2017\/11\/21\/genas-la-nuit-de-la-saint-sylvestre-est-de-retour\/#respond"]}]},{"@type":"WebPage","@id":"https:\/\/newsestlyonnais.fr\/site\/2017\/11\/21\/genas-la-nuit-de-la-saint-sylvestre-est-de-retour\/","url":"https:\/\/newsestlyonnais.fr\/site\/2017\/11\/21\/genas-la-nuit-de-la-saint-sylvestre-est-de-retour\/","name":"GENAS : La nuit de la Saint Sylvestre est de retour !","isPartOf":{"@id":"https:\/\/newsestlyonnais.fr\/site\/#website"},"primaryImageOfPage":{"@id":"https:\/\/newsestlyonnais.fr\/site\/2017\/11\/21\/genas-la-nuit-de-la-saint-sylvestre-est-de-retour\/#primaryimage"},"image":{"@id":"https:\/\/newsestlyonnais.fr\/site\/2017\/11\/21\/genas-la-nuit-de-la-saint-sylvestre-est-de-retour\/#primaryimage"},"thumbnailUrl":"https:\/\/newsestlyonnais.fr\/site\/wp-content\/uploads\/2017\/11\/NEWSESTLYONNAIS-NUIT-ST-SYLVESTRE.jpg","datePublished":"2017-11-21T16:55:51+00:00","dateModified":"2023-03-01T17:21:19+00:00","description":"GENAS : La nuit de la Saint Sylvestre est de retour !","breadcrumb":{"@id":"https:\/\/newsestlyonnais.fr\/site\/2017\/11\/21\/genas-la-nuit-de-la-saint-sylvestre-est-de-retour\/#breadcrumb"},"inLanguage":"fr-FR","potentialAction":[{"@type":"ReadAction","target":["https:\/\/newsestlyonnais.fr\/site\/2017\/11\/21\/genas-la-nuit-de-la-saint-sylvestre-est-de-retour\/"]}]},{"@type":"ImageObject","inLanguage":"fr-FR","@id":"https:\/\/newsestlyonnais.fr\/site\/2017\/11\/21\/genas-la-nuit-de-la-saint-sylvestre-est-de-retour\/#primaryimage","url":"https:\/\/newsestlyonnais.fr\/site\/wp-content\/uploads\/2017\/11\/NEWSESTLYONNAIS-NUIT-ST-SYLVESTRE.jpg","contentUrl":"https:\/\/newsestlyonnais.fr\/site\/wp-content\/uploads\/2017\/11\/NEWSESTLYONNAIS-NUIT-ST-SYLVESTRE.jpg","width":1701,"height":957,"caption":"NEWSESTLYONNAIS -NUIT ST SYLVESTRE"},{"@type":"BreadcrumbList","@id":"https:\/\/newsestlyonnais.fr\/site\/2017\/11\/21\/genas-la-nuit-de-la-saint-sylvestre-est-de-retour\/#breadcrumb","itemListElement":[{"@type":"ListItem","position":1,"name":"Accueil","item":"https:\/\/newsestlyonnais.fr\/site\/"},{"@type":"ListItem","position":2,"name":"GENAS | La nuit de la Saint Sylvestre est de retour !"}]},{"@type":"WebSite","@id":"https:\/\/newsestlyonnais.fr\/site\/#website","url":"https:\/\/newsestlyonnais.fr\/site\/","name":"News Est Lyonnais","description":"L&#039;actualit\u00e9 au plus pr\u00e8s","publisher":{"@id":"https:\/\/newsestlyonnais.fr\/site\/#organization"},"potentialAction":[{"@type":"SearchAction","target":{"@type":"EntryPoint","urlTemplate":"https:\/\/newsestlyonnais.fr\/site\/?s={search_term_string}"},"query-input":{"@type":"PropertyValueSpecification","valueRequired":true,"valueName":"search_term_string"}}],"inLanguage":"fr-FR"},{"@type":"Organization","@id":"https:\/\/newsestlyonnais.fr\/site\/#organization","name":"News EST LYONNAIS","url":"https:\/\/newsestlyonnais.fr\/site\/","logo":{"@type":"ImageObject","inLanguage":"fr-FR","@id":"https:\/\/newsestlyonnais.fr\/site\/#\/schema\/logo\/image\/","url":"","contentUrl":"","caption":"News EST LYONNAIS"},"image":{"@id":"https:\/\/newsestlyonnais.fr\/site\/#\/schema\/logo\/image\/"}},{"@type":"Person","@id":"https:\/\/newsestlyonnais.fr\/site\/#\/schema\/person\/3230d5615f390bb808365d673001e887","name":"R\u00e9dac. NEWS","sameAs":["http:\/\/www.newsestlyonnais.fr","https:\/\/www.facebook.com\/pascal.oberson.1?fref=ts","https:\/\/fr.linkedin.com\/in\/pascal-oberson-b17045113"],"url":"https:\/\/newsestlyonnais.fr\/site\/author\/nel\/"}]}},"_links":{"self":[{"href":"https:\/\/newsestlyonnais.fr\/site\/wp-json\/wp\/v2\/posts\/38583","targetHints":{"allow":["GET"]}}],"collection":[{"href":"https:\/\/newsestlyonnais.fr\/site\/wp-json\/wp\/v2\/posts"}],"about":[{"href":"https:\/\/newsestlyonnais.fr\/site\/wp-json\/wp\/v2\/types\/post"}],"author":[{"embeddable":true,"href":"https:\/\/newsestlyonnais.fr\/site\/wp-json\/wp\/v2\/users\/4"}],"replies":[{"embeddable":true,"href":"https:\/\/newsestlyonnais.fr\/site\/wp-json\/wp\/v2\/comments?post=38583"}],"version-history":[{"count":0,"href":"https:\/\/newsestlyonnais.fr\/site\/wp-json\/wp\/v2\/posts\/38583\/revisions"}],"wp:featuredmedia":[{"embeddable":true,"href":"https:\/\/newsestlyonnais.fr\/site\/wp-json\/wp\/v2\/media\/38704"}],"wp:attachment":[{"href":"https:\/\/newsestlyonnais.fr\/site\/wp-json\/wp\/v2\/media?parent=38583"}],"wp:term":[{"taxonomy":"category","embeddable":true,"href":"https:\/\/newsestlyonnais.fr\/site\/wp-json\/wp\/v2\/categories?post=38583"},{"taxonomy":"post_tag","embeddable":true,"href":"https:\/\/newsestlyonnais.fr\/site\/wp-json\/wp\/v2\/tags?post=38583"}],"curies":[{"name":"wp","href":"https:\/\/api.w.org\/{rel}","templated":true}]}}