{"id":39099,"date":"2017-11-25T13:57:15","date_gmt":"2017-11-25T12:57:15","guid":{"rendered":"http:\/\/newsestlyonnais.fr\/site\/?p=39099"},"modified":"2020-11-10T11:26:30","modified_gmt":"2020-11-10T10:26:30","slug":"vaulx-en-velin-boules-lyonnaises-la-quadrette-paturel-corbas-vainqueur-du-memorial-j-dagier","status":"publish","type":"post","link":"https:\/\/newsestlyonnais.fr\/site\/2017\/11\/25\/vaulx-en-velin-boules-lyonnaises-la-quadrette-paturel-corbas-vainqueur-du-memorial-j-dagier\/","title":{"rendered":"VAULX-EN-VELIN | Boules Lyonnaises > la quadrette Paturel (Corbas) vainqueur du M\u00e9morial J. Dagier"},"content":{"rendered":"<h4>Organis\u00e9 depuis plus de 35 ans, le M\u00e9morial Joachim Dagier de boules lyonnaises, s&rsquo;achevait\u00a0 vendredi soir au boulodrome couvert de Vaulx en Velin.<\/h4>\n<p>Ce concours de 16 quadrettes 3\u00b0 &amp; 4\u00b0 divisions par poules, organis\u00e9 par la Boule Vaudaise,\u00a0 avait d\u00e9marr\u00e9 le samedi pr\u00e9c\u00e9dent.<\/p>\n<p>Il a \u00e9t\u00e9 remport\u00e9 par l\u2019\u00e9quipe de Corbas men\u00e9e par Paturel, face \u00e0 Jan (AL Bachut Etats-Unis) sur le score de 13 \u00e0 9, \u00e0 l&rsquo;issue d&rsquo;une bien belle partie.<\/p>\n<p>La soir\u00e9e de remise des coupes et bouquets par Thierry Dagier, donateur du concours et petit-fils de Joachim Dagier, s\u2019est d\u00e9roul\u00e9e dans une ambiance conviviale.<\/p>\n<p><strong>Les r\u00e9sultats:<\/strong><\/p>\n<ul>\n<li><span style=\"text-decoration: underline\">Demi-finales<\/span> :\u00a0 Jan\/Di Jorio\/Bousch G. &amp; N.\/Fraisse (ALBEU) battent Gaget\/Ladreyt\/Gay\/Dancoisne\/D&rsquo;Adamo (Heyrieux) 13\/2 &amp; Paturel\/Bertholet\/Ferretti\/Dentressangle\/Monnet (Corbas) battent Peyratou\/perrozzi\/Scapatticci F.\/Moron\/Duni\u00e8re(La Vaudaise\/Albeu) 13\/3.<\/li>\n<li><span style=\"text-decoration: underline\">Finale<\/span> : Paturel\/Bertholet\/Ferretti\/Dentressangle\/Monnet (Corbas) battent Jan\/Di Jorio\/Bousch G. &amp; N.\/Fraisse (Albeu) 13\/9.<\/li>\n<\/ul>\n<div id='gallery-1' class='gallery galleryid-39099 gallery-columns-3 gallery-size-thumbnail'><figure class='gallery-item'>\n\t\t\t<div class='gallery-icon landscape'>\n\t\t\t\t<a href='https:\/\/newsestlyonnais.fr\/site\/2017\/11\/25\/vaulx-en-velin-boules-lyonnaises-la-quadrette-paturel-corbas-vainqueur-du-memorial-j-dagier\/newsestlyonnais-corbas\/'><img loading=\"lazy\" decoding=\"async\" width=\"150\" height=\"150\" src=\"https:\/\/newsestlyonnais.fr\/site\/wp-content\/uploads\/2017\/11\/NEWSESTLYONNAIS-CORBAS-150x150.jpg\" class=\"attachment-thumbnail size-thumbnail\" alt=\"NEWSESTLYONNAIS - CORBAS\" aria-describedby=\"gallery-1-39118\" \/><\/a>\n\t\t\t<\/div>\n\t\t\t\t<figcaption class='wp-caption-text gallery-caption' id='gallery-1-39118'>\n\t\t\t\tLa formation de Corbas vainqueur de ce M\u00e9morial\n\t\t\t\t<\/figcaption><\/figure><figure class='gallery-item'>\n\t\t\t<div class='gallery-icon landscape'>\n\t\t\t\t<a href='https:\/\/newsestlyonnais.fr\/site\/2017\/11\/25\/vaulx-en-velin-boules-lyonnaises-la-quadrette-paturel-corbas-vainqueur-du-memorial-j-dagier\/newsestlyonnais-albeu-boules\/'><img loading=\"lazy\" decoding=\"async\" width=\"150\" height=\"150\" src=\"https:\/\/newsestlyonnais.fr\/site\/wp-content\/uploads\/2017\/11\/NEWSESTLYONNAIS-ALBEU-boules-150x150.jpg\" class=\"attachment-thumbnail size-thumbnail\" alt=\"\" aria-describedby=\"gallery-1-39102\" \/><\/a>\n\t\t\t<\/div>\n\t\t\t\t<figcaption class='wp-caption-text gallery-caption' id='gallery-1-39102'>\n\t\t\t\tLes finalistes de l&rsquo;ALBEU \n\t\t\t\t<\/figcaption><\/figure><figure class='gallery-item'>\n\t\t\t<div class='gallery-icon landscape'>\n\t\t\t\t<a href='https:\/\/newsestlyonnais.fr\/site\/2017\/11\/25\/vaulx-en-velin-boules-lyonnaises-la-quadrette-paturel-corbas-vainqueur-du-memorial-j-dagier\/ne3wsestlyonnais-memo-dagier\/'><img loading=\"lazy\" decoding=\"async\" width=\"150\" height=\"150\" src=\"https:\/\/newsestlyonnais.fr\/site\/wp-content\/uploads\/2017\/11\/NE3WSESTLYONNAIS-MEMO-DAGIER-150x150.jpg\" class=\"attachment-thumbnail size-thumbnail\" alt=\"NEWSESTLYONNAIS - MEMO DAGIER\" aria-describedby=\"gallery-1-39119\" \/><\/a>\n\t\t\t<\/div>\n\t\t\t\t<figcaption class='wp-caption-text gallery-caption' id='gallery-1-39119'>\n\t\t\t\tRens De Groot (pr\u00e9sident Boule Vaudaise) et Thierry Dagier (donateur)\n\t\t\t\t<\/figcaption><\/figure>\n\t\t<\/div>\n\n","protected":false},"excerpt":{"rendered":"<p>Organis\u00e9 depuis plus de 35 ans, le M\u00e9morial Joachim Dagier de boules lyonnaises, s&rsquo;achevait\u00a0 vendredi soir au boulodrome couvert de Vaulx en Velin. Ce concours de 16 quadrettes 3\u00b0 &amp; 4\u00b0 divisions par poules, organis\u00e9 par la Boule Vaudaise,\u00a0 avait d\u00e9marr\u00e9 le samedi pr\u00e9c\u00e9dent. Il a \u00e9t\u00e9 remport\u00e9 par l\u2019\u00e9quipe de Corbas men\u00e9e par Paturel, [&hellip;]<\/p>\n","protected":false},"author":4,"featured_media":39101,"comment_status":"open","ping_status":"open","sticky":false,"template":"","format":"standard","meta":{"footnotes":""},"categories":[2977,1341,28],"tags":[],"class_list":["post-39099","post","type-post","status-publish","format-standard","has-post-thumbnail","hentry","category-boules-petanque-sports","category-boules-lyonnaises","category-vaulx-en-velin"],"yoast_head":"<!-- This site is optimized with the Yoast SEO plugin v27.2 - https:\/\/yoast.com\/product\/yoast-seo-wordpress\/ -->\n<title>VAULX EN VELIN : La quadrette Paturel (Corbas) vainqueur du M\u00e9morial J. Dagier de Boules lyonnaises<\/title>\n<meta name=\"description\" content=\"VAULX EN VELIN : La quadrette Paturel (Corbas) vainqueur du M\u00e9morial J. Dagier de Boules lyonnaises\" \/>\n<meta name=\"robots\" content=\"index, follow, max-snippet:-1, max-image-preview:large, max-video-preview:-1\" \/>\n<link rel=\"canonical\" href=\"https:\/\/newsestlyonnais.fr\/site\/2017\/11\/25\/vaulx-en-velin-boules-lyonnaises-la-quadrette-paturel-corbas-vainqueur-du-memorial-j-dagier\/\" \/>\n<meta property=\"og:locale\" content=\"fr_FR\" \/>\n<meta property=\"og:type\" content=\"article\" \/>\n<meta property=\"og:title\" content=\"VAULX EN VELIN : La quadrette Paturel (Corbas) vainqueur du M\u00e9morial J. Dagier de Boules lyonnaises\" \/>\n<meta property=\"og:description\" content=\"VAULX EN VELIN : La quadrette Paturel (Corbas) vainqueur du M\u00e9morial J. Dagier de Boules lyonnaises\" \/>\n<meta property=\"og:url\" content=\"https:\/\/newsestlyonnais.fr\/site\/2017\/11\/25\/vaulx-en-velin-boules-lyonnaises-la-quadrette-paturel-corbas-vainqueur-du-memorial-j-dagier\/\" \/>\n<meta property=\"og:site_name\" content=\"News Est Lyonnais\" \/>\n<meta property=\"article:author\" content=\"https:\/\/www.facebook.com\/pascal.oberson.1?fref=ts\" \/>\n<meta property=\"article:published_time\" content=\"2017-11-25T12:57:15+00:00\" \/>\n<meta property=\"article:modified_time\" content=\"2020-11-10T10:26:30+00:00\" \/>\n<meta property=\"og:image\" content=\"https:\/\/i0.wp.com\/newsestlyonnais.fr\/site\/wp-content\/uploads\/2017\/11\/NEWSESTLYONNAIS-FINALE-DAGIER.jpg?fit=2048%2C1536&ssl=1\" \/>\n\t<meta property=\"og:image:width\" content=\"2048\" \/>\n\t<meta property=\"og:image:height\" content=\"1536\" \/>\n\t<meta property=\"og:image:type\" content=\"image\/jpeg\" \/>\n<meta name=\"author\" content=\"R\u00e9dac. NEWS\" \/>\n<meta name=\"twitter:card\" content=\"summary_large_image\" \/>\n<meta name=\"twitter:label1\" content=\"\u00c9crit par\" \/>\n\t<meta name=\"twitter:data1\" content=\"R\u00e9dac. NEWS\" \/>\n\t<meta name=\"twitter:label2\" content=\"Dur\u00e9e de lecture estim\u00e9e\" \/>\n\t<meta name=\"twitter:data2\" content=\"1 minute\" \/>\n<script type=\"application\/ld+json\" class=\"yoast-schema-graph\">{\"@context\":\"https:\/\/schema.org\",\"@graph\":[{\"@type\":\"Article\",\"@id\":\"https:\/\/newsestlyonnais.fr\/site\/2017\/11\/25\/vaulx-en-velin-boules-lyonnaises-la-quadrette-paturel-corbas-vainqueur-du-memorial-j-dagier\/#article\",\"isPartOf\":{\"@id\":\"https:\/\/newsestlyonnais.fr\/site\/2017\/11\/25\/vaulx-en-velin-boules-lyonnaises-la-quadrette-paturel-corbas-vainqueur-du-memorial-j-dagier\/\"},\"author\":{\"name\":\"R\u00e9dac. NEWS\",\"@id\":\"https:\/\/newsestlyonnais.fr\/site\/#\/schema\/person\/3230d5615f390bb808365d673001e887\"},\"headline\":\"VAULX-EN-VELIN | Boules Lyonnaises > la quadrette Paturel (Corbas) vainqueur du M\u00e9morial J. Dagier\",\"datePublished\":\"2017-11-25T12:57:15+00:00\",\"dateModified\":\"2020-11-10T10:26:30+00:00\",\"mainEntityOfPage\":{\"@id\":\"https:\/\/newsestlyonnais.fr\/site\/2017\/11\/25\/vaulx-en-velin-boules-lyonnaises-la-quadrette-paturel-corbas-vainqueur-du-memorial-j-dagier\/\"},\"wordCount\":176,\"commentCount\":0,\"publisher\":{\"@id\":\"https:\/\/newsestlyonnais.fr\/site\/#organization\"},\"image\":{\"@id\":\"https:\/\/newsestlyonnais.fr\/site\/2017\/11\/25\/vaulx-en-velin-boules-lyonnaises-la-quadrette-paturel-corbas-vainqueur-du-memorial-j-dagier\/#primaryimage\"},\"thumbnailUrl\":\"https:\/\/newsestlyonnais.fr\/site\/wp-content\/uploads\/2017\/11\/NEWSESTLYONNAIS-FINALE-DAGIER.jpg\",\"articleSection\":[\"Boules | P\u00e9tanque\",\"Boules Lyonnaises\",\"Vaulx-en-Velin\"],\"inLanguage\":\"fr-FR\",\"potentialAction\":[{\"@type\":\"CommentAction\",\"name\":\"Comment\",\"target\":[\"https:\/\/newsestlyonnais.fr\/site\/2017\/11\/25\/vaulx-en-velin-boules-lyonnaises-la-quadrette-paturel-corbas-vainqueur-du-memorial-j-dagier\/#respond\"]}]},{\"@type\":\"WebPage\",\"@id\":\"https:\/\/newsestlyonnais.fr\/site\/2017\/11\/25\/vaulx-en-velin-boules-lyonnaises-la-quadrette-paturel-corbas-vainqueur-du-memorial-j-dagier\/\",\"url\":\"https:\/\/newsestlyonnais.fr\/site\/2017\/11\/25\/vaulx-en-velin-boules-lyonnaises-la-quadrette-paturel-corbas-vainqueur-du-memorial-j-dagier\/\",\"name\":\"VAULX EN VELIN : La quadrette Paturel (Corbas) vainqueur du M\u00e9morial J. Dagier de Boules lyonnaises\",\"isPartOf\":{\"@id\":\"https:\/\/newsestlyonnais.fr\/site\/#website\"},\"primaryImageOfPage\":{\"@id\":\"https:\/\/newsestlyonnais.fr\/site\/2017\/11\/25\/vaulx-en-velin-boules-lyonnaises-la-quadrette-paturel-corbas-vainqueur-du-memorial-j-dagier\/#primaryimage\"},\"image\":{\"@id\":\"https:\/\/newsestlyonnais.fr\/site\/2017\/11\/25\/vaulx-en-velin-boules-lyonnaises-la-quadrette-paturel-corbas-vainqueur-du-memorial-j-dagier\/#primaryimage\"},\"thumbnailUrl\":\"https:\/\/newsestlyonnais.fr\/site\/wp-content\/uploads\/2017\/11\/NEWSESTLYONNAIS-FINALE-DAGIER.jpg\",\"datePublished\":\"2017-11-25T12:57:15+00:00\",\"dateModified\":\"2020-11-10T10:26:30+00:00\",\"description\":\"VAULX EN VELIN : La quadrette Paturel (Corbas) vainqueur du M\u00e9morial J. Dagier de Boules lyonnaises\",\"breadcrumb\":{\"@id\":\"https:\/\/newsestlyonnais.fr\/site\/2017\/11\/25\/vaulx-en-velin-boules-lyonnaises-la-quadrette-paturel-corbas-vainqueur-du-memorial-j-dagier\/#breadcrumb\"},\"inLanguage\":\"fr-FR\",\"potentialAction\":[{\"@type\":\"ReadAction\",\"target\":[\"https:\/\/newsestlyonnais.fr\/site\/2017\/11\/25\/vaulx-en-velin-boules-lyonnaises-la-quadrette-paturel-corbas-vainqueur-du-memorial-j-dagier\/\"]}]},{\"@type\":\"ImageObject\",\"inLanguage\":\"fr-FR\",\"@id\":\"https:\/\/newsestlyonnais.fr\/site\/2017\/11\/25\/vaulx-en-velin-boules-lyonnaises-la-quadrette-paturel-corbas-vainqueur-du-memorial-j-dagier\/#primaryimage\",\"url\":\"https:\/\/newsestlyonnais.fr\/site\/wp-content\/uploads\/2017\/11\/NEWSESTLYONNAIS-FINALE-DAGIER.jpg\",\"contentUrl\":\"https:\/\/newsestlyonnais.fr\/site\/wp-content\/uploads\/2017\/11\/NEWSESTLYONNAIS-FINALE-DAGIER.jpg\",\"width\":2048,\"height\":1536,\"caption\":\"NEWSESTLYONNAIS - FINALE DAGIER\"},{\"@type\":\"BreadcrumbList\",\"@id\":\"https:\/\/newsestlyonnais.fr\/site\/2017\/11\/25\/vaulx-en-velin-boules-lyonnaises-la-quadrette-paturel-corbas-vainqueur-du-memorial-j-dagier\/#breadcrumb\",\"itemListElement\":[{\"@type\":\"ListItem\",\"position\":1,\"name\":\"Accueil\",\"item\":\"https:\/\/newsestlyonnais.fr\/site\/\"},{\"@type\":\"ListItem\",\"position\":2,\"name\":\"VAULX-EN-VELIN | Boules Lyonnaises > la quadrette Paturel (Corbas) vainqueur du M\u00e9morial J. Dagier\"}]},{\"@type\":\"WebSite\",\"@id\":\"https:\/\/newsestlyonnais.fr\/site\/#website\",\"url\":\"https:\/\/newsestlyonnais.fr\/site\/\",\"name\":\"News Est Lyonnais\",\"description\":\"L&#039;actualit\u00e9 au plus pr\u00e8s\",\"publisher\":{\"@id\":\"https:\/\/newsestlyonnais.fr\/site\/#organization\"},\"potentialAction\":[{\"@type\":\"SearchAction\",\"target\":{\"@type\":\"EntryPoint\",\"urlTemplate\":\"https:\/\/newsestlyonnais.fr\/site\/?s={search_term_string}\"},\"query-input\":{\"@type\":\"PropertyValueSpecification\",\"valueRequired\":true,\"valueName\":\"search_term_string\"}}],\"inLanguage\":\"fr-FR\"},{\"@type\":\"Organization\",\"@id\":\"https:\/\/newsestlyonnais.fr\/site\/#organization\",\"name\":\"News EST LYONNAIS\",\"url\":\"https:\/\/newsestlyonnais.fr\/site\/\",\"logo\":{\"@type\":\"ImageObject\",\"inLanguage\":\"fr-FR\",\"@id\":\"https:\/\/newsestlyonnais.fr\/site\/#\/schema\/logo\/image\/\",\"url\":\"\",\"contentUrl\":\"\",\"caption\":\"News EST LYONNAIS\"},\"image\":{\"@id\":\"https:\/\/newsestlyonnais.fr\/site\/#\/schema\/logo\/image\/\"}},{\"@type\":\"Person\",\"@id\":\"https:\/\/newsestlyonnais.fr\/site\/#\/schema\/person\/3230d5615f390bb808365d673001e887\",\"name\":\"R\u00e9dac. NEWS\",\"sameAs\":[\"http:\/\/www.newsestlyonnais.fr\",\"https:\/\/www.facebook.com\/pascal.oberson.1?fref=ts\",\"https:\/\/fr.linkedin.com\/in\/pascal-oberson-b17045113\"],\"url\":\"https:\/\/newsestlyonnais.fr\/site\/author\/nel\/\"}]}<\/script>\n<!-- \/ Yoast SEO plugin. -->","yoast_head_json":{"title":"VAULX EN VELIN : La quadrette Paturel (Corbas) vainqueur du M\u00e9morial J. Dagier de Boules lyonnaises","description":"VAULX EN VELIN : La quadrette Paturel (Corbas) vainqueur du M\u00e9morial J. Dagier de Boules lyonnaises","robots":{"index":"index","follow":"follow","max-snippet":"max-snippet:-1","max-image-preview":"max-image-preview:large","max-video-preview":"max-video-preview:-1"},"canonical":"https:\/\/newsestlyonnais.fr\/site\/2017\/11\/25\/vaulx-en-velin-boules-lyonnaises-la-quadrette-paturel-corbas-vainqueur-du-memorial-j-dagier\/","og_locale":"fr_FR","og_type":"article","og_title":"VAULX EN VELIN : La quadrette Paturel (Corbas) vainqueur du M\u00e9morial J. Dagier de Boules lyonnaises","og_description":"VAULX EN VELIN : La quadrette Paturel (Corbas) vainqueur du M\u00e9morial J. Dagier de Boules lyonnaises","og_url":"https:\/\/newsestlyonnais.fr\/site\/2017\/11\/25\/vaulx-en-velin-boules-lyonnaises-la-quadrette-paturel-corbas-vainqueur-du-memorial-j-dagier\/","og_site_name":"News Est Lyonnais","article_author":"https:\/\/www.facebook.com\/pascal.oberson.1?fref=ts","article_published_time":"2017-11-25T12:57:15+00:00","article_modified_time":"2020-11-10T10:26:30+00:00","og_image":[{"width":2048,"height":1536,"url":"https:\/\/i0.wp.com\/newsestlyonnais.fr\/site\/wp-content\/uploads\/2017\/11\/NEWSESTLYONNAIS-FINALE-DAGIER.jpg?fit=2048%2C1536&ssl=1","type":"image\/jpeg"}],"author":"R\u00e9dac. NEWS","twitter_card":"summary_large_image","twitter_misc":{"\u00c9crit par":"R\u00e9dac. NEWS","Dur\u00e9e de lecture estim\u00e9e":"1 minute"},"schema":{"@context":"https:\/\/schema.org","@graph":[{"@type":"Article","@id":"https:\/\/newsestlyonnais.fr\/site\/2017\/11\/25\/vaulx-en-velin-boules-lyonnaises-la-quadrette-paturel-corbas-vainqueur-du-memorial-j-dagier\/#article","isPartOf":{"@id":"https:\/\/newsestlyonnais.fr\/site\/2017\/11\/25\/vaulx-en-velin-boules-lyonnaises-la-quadrette-paturel-corbas-vainqueur-du-memorial-j-dagier\/"},"author":{"name":"R\u00e9dac. NEWS","@id":"https:\/\/newsestlyonnais.fr\/site\/#\/schema\/person\/3230d5615f390bb808365d673001e887"},"headline":"VAULX-EN-VELIN | Boules Lyonnaises > la quadrette Paturel (Corbas) vainqueur du M\u00e9morial J. Dagier","datePublished":"2017-11-25T12:57:15+00:00","dateModified":"2020-11-10T10:26:30+00:00","mainEntityOfPage":{"@id":"https:\/\/newsestlyonnais.fr\/site\/2017\/11\/25\/vaulx-en-velin-boules-lyonnaises-la-quadrette-paturel-corbas-vainqueur-du-memorial-j-dagier\/"},"wordCount":176,"commentCount":0,"publisher":{"@id":"https:\/\/newsestlyonnais.fr\/site\/#organization"},"image":{"@id":"https:\/\/newsestlyonnais.fr\/site\/2017\/11\/25\/vaulx-en-velin-boules-lyonnaises-la-quadrette-paturel-corbas-vainqueur-du-memorial-j-dagier\/#primaryimage"},"thumbnailUrl":"https:\/\/newsestlyonnais.fr\/site\/wp-content\/uploads\/2017\/11\/NEWSESTLYONNAIS-FINALE-DAGIER.jpg","articleSection":["Boules | P\u00e9tanque","Boules Lyonnaises","Vaulx-en-Velin"],"inLanguage":"fr-FR","potentialAction":[{"@type":"CommentAction","name":"Comment","target":["https:\/\/newsestlyonnais.fr\/site\/2017\/11\/25\/vaulx-en-velin-boules-lyonnaises-la-quadrette-paturel-corbas-vainqueur-du-memorial-j-dagier\/#respond"]}]},{"@type":"WebPage","@id":"https:\/\/newsestlyonnais.fr\/site\/2017\/11\/25\/vaulx-en-velin-boules-lyonnaises-la-quadrette-paturel-corbas-vainqueur-du-memorial-j-dagier\/","url":"https:\/\/newsestlyonnais.fr\/site\/2017\/11\/25\/vaulx-en-velin-boules-lyonnaises-la-quadrette-paturel-corbas-vainqueur-du-memorial-j-dagier\/","name":"VAULX EN VELIN : La quadrette Paturel (Corbas) vainqueur du M\u00e9morial J. Dagier de Boules lyonnaises","isPartOf":{"@id":"https:\/\/newsestlyonnais.fr\/site\/#website"},"primaryImageOfPage":{"@id":"https:\/\/newsestlyonnais.fr\/site\/2017\/11\/25\/vaulx-en-velin-boules-lyonnaises-la-quadrette-paturel-corbas-vainqueur-du-memorial-j-dagier\/#primaryimage"},"image":{"@id":"https:\/\/newsestlyonnais.fr\/site\/2017\/11\/25\/vaulx-en-velin-boules-lyonnaises-la-quadrette-paturel-corbas-vainqueur-du-memorial-j-dagier\/#primaryimage"},"thumbnailUrl":"https:\/\/newsestlyonnais.fr\/site\/wp-content\/uploads\/2017\/11\/NEWSESTLYONNAIS-FINALE-DAGIER.jpg","datePublished":"2017-11-25T12:57:15+00:00","dateModified":"2020-11-10T10:26:30+00:00","description":"VAULX EN VELIN : La quadrette Paturel (Corbas) vainqueur du M\u00e9morial J. Dagier de Boules lyonnaises","breadcrumb":{"@id":"https:\/\/newsestlyonnais.fr\/site\/2017\/11\/25\/vaulx-en-velin-boules-lyonnaises-la-quadrette-paturel-corbas-vainqueur-du-memorial-j-dagier\/#breadcrumb"},"inLanguage":"fr-FR","potentialAction":[{"@type":"ReadAction","target":["https:\/\/newsestlyonnais.fr\/site\/2017\/11\/25\/vaulx-en-velin-boules-lyonnaises-la-quadrette-paturel-corbas-vainqueur-du-memorial-j-dagier\/"]}]},{"@type":"ImageObject","inLanguage":"fr-FR","@id":"https:\/\/newsestlyonnais.fr\/site\/2017\/11\/25\/vaulx-en-velin-boules-lyonnaises-la-quadrette-paturel-corbas-vainqueur-du-memorial-j-dagier\/#primaryimage","url":"https:\/\/newsestlyonnais.fr\/site\/wp-content\/uploads\/2017\/11\/NEWSESTLYONNAIS-FINALE-DAGIER.jpg","contentUrl":"https:\/\/newsestlyonnais.fr\/site\/wp-content\/uploads\/2017\/11\/NEWSESTLYONNAIS-FINALE-DAGIER.jpg","width":2048,"height":1536,"caption":"NEWSESTLYONNAIS - FINALE DAGIER"},{"@type":"BreadcrumbList","@id":"https:\/\/newsestlyonnais.fr\/site\/2017\/11\/25\/vaulx-en-velin-boules-lyonnaises-la-quadrette-paturel-corbas-vainqueur-du-memorial-j-dagier\/#breadcrumb","itemListElement":[{"@type":"ListItem","position":1,"name":"Accueil","item":"https:\/\/newsestlyonnais.fr\/site\/"},{"@type":"ListItem","position":2,"name":"VAULX-EN-VELIN | Boules Lyonnaises > la quadrette Paturel (Corbas) vainqueur du M\u00e9morial J. Dagier"}]},{"@type":"WebSite","@id":"https:\/\/newsestlyonnais.fr\/site\/#website","url":"https:\/\/newsestlyonnais.fr\/site\/","name":"News Est Lyonnais","description":"L&#039;actualit\u00e9 au plus pr\u00e8s","publisher":{"@id":"https:\/\/newsestlyonnais.fr\/site\/#organization"},"potentialAction":[{"@type":"SearchAction","target":{"@type":"EntryPoint","urlTemplate":"https:\/\/newsestlyonnais.fr\/site\/?s={search_term_string}"},"query-input":{"@type":"PropertyValueSpecification","valueRequired":true,"valueName":"search_term_string"}}],"inLanguage":"fr-FR"},{"@type":"Organization","@id":"https:\/\/newsestlyonnais.fr\/site\/#organization","name":"News EST LYONNAIS","url":"https:\/\/newsestlyonnais.fr\/site\/","logo":{"@type":"ImageObject","inLanguage":"fr-FR","@id":"https:\/\/newsestlyonnais.fr\/site\/#\/schema\/logo\/image\/","url":"","contentUrl":"","caption":"News EST LYONNAIS"},"image":{"@id":"https:\/\/newsestlyonnais.fr\/site\/#\/schema\/logo\/image\/"}},{"@type":"Person","@id":"https:\/\/newsestlyonnais.fr\/site\/#\/schema\/person\/3230d5615f390bb808365d673001e887","name":"R\u00e9dac. NEWS","sameAs":["http:\/\/www.newsestlyonnais.fr","https:\/\/www.facebook.com\/pascal.oberson.1?fref=ts","https:\/\/fr.linkedin.com\/in\/pascal-oberson-b17045113"],"url":"https:\/\/newsestlyonnais.fr\/site\/author\/nel\/"}]}},"_links":{"self":[{"href":"https:\/\/newsestlyonnais.fr\/site\/wp-json\/wp\/v2\/posts\/39099","targetHints":{"allow":["GET"]}}],"collection":[{"href":"https:\/\/newsestlyonnais.fr\/site\/wp-json\/wp\/v2\/posts"}],"about":[{"href":"https:\/\/newsestlyonnais.fr\/site\/wp-json\/wp\/v2\/types\/post"}],"author":[{"embeddable":true,"href":"https:\/\/newsestlyonnais.fr\/site\/wp-json\/wp\/v2\/users\/4"}],"replies":[{"embeddable":true,"href":"https:\/\/newsestlyonnais.fr\/site\/wp-json\/wp\/v2\/comments?post=39099"}],"version-history":[{"count":0,"href":"https:\/\/newsestlyonnais.fr\/site\/wp-json\/wp\/v2\/posts\/39099\/revisions"}],"wp:featuredmedia":[{"embeddable":true,"href":"https:\/\/newsestlyonnais.fr\/site\/wp-json\/wp\/v2\/media\/39101"}],"wp:attachment":[{"href":"https:\/\/newsestlyonnais.fr\/site\/wp-json\/wp\/v2\/media?parent=39099"}],"wp:term":[{"taxonomy":"category","embeddable":true,"href":"https:\/\/newsestlyonnais.fr\/site\/wp-json\/wp\/v2\/categories?post=39099"},{"taxonomy":"post_tag","embeddable":true,"href":"https:\/\/newsestlyonnais.fr\/site\/wp-json\/wp\/v2\/tags?post=39099"}],"curies":[{"name":"wp","href":"https:\/\/api.w.org\/{rel}","templated":true}]}}