{"id":39104,"date":"2017-11-25T08:37:11","date_gmt":"2017-11-25T07:37:11","guid":{"rendered":"http:\/\/newsestlyonnais.fr\/site\/?p=39104"},"modified":"2020-11-01T19:19:23","modified_gmt":"2020-11-01T18:19:23","slug":"saint-priest-25-edition-du-cross-des-myriades-dimanche","status":"publish","type":"post","link":"https:\/\/newsestlyonnais.fr\/site\/2017\/11\/25\/saint-priest-25-edition-du-cross-des-myriades-dimanche\/","title":{"rendered":"SAINT-PRIEST | 25 \u00b0 \u00e9dition du \u00ab\u00a0cross des Myriades\u00a0\u00bb dimanche"},"content":{"rendered":"<h4 class=\"ox-6ef99dfbce-MsoNormal\">Plus de 1.500 coureurs sont attendus pour cette \u00e9dition \u00a0\u00bbAnniversaire\u00a0\u00bb du cross organis\u00e9 par la V<b>ille de Saint Priest <\/b>en partenariat avec le club de <b><i>Lyon Athl\u00e9tisme<\/i><\/b>.<\/h4>\n<p class=\"ox-6ef99dfbce-MsoNormal\">Pas moins de <span style=\"text-decoration: underline\">15 courses sont programm\u00e9es dont 2 en Elite<\/span>, qui verront s\u2019affronter des athl\u00e8tes de haut niveau.<\/p>\n<p class=\"ox-6ef99dfbce-MsoNormal\">Cette ann\u00e9e encore le plateau sera relev\u00e9 avec la pr\u00e9sence <b>de nombreux athl\u00e8tes \u00e9trangers <\/b>et de <b>Mickael Gras (<\/b>1\u00b0 fran\u00e7ais du cross de s\u00e9lection pour les championnats d\u2019Europe la semaine derni\u00e8re et vainqueur du semi-marathon de Lyon en 2015). <b>Micka\u00ebl <\/b>et son fr\u00e8re jumeau <b>Damien<\/b> seront \u00e0 la t\u00eate d&rsquo;une importante d\u00e9l\u00e9gation d&rsquo;athl\u00e8tes d&rsquo;<b><i>Al\u00e8s C\u00e9vennes Athl\u00e9tisme<\/i><\/b>.<\/p>\n<ul>\n<li>\u00a0Dimanche 26 Novembre 2017, au complexe sportif Pierre Mendes-France \u00e0 partir de 9 heures 30.<\/li>\n<\/ul>\n<p><em><strong>Plus d&rsquo;infos<\/strong> <\/em>sur cette <span style=\"color: #ff0000\">25\u00b0 \u00e9dition<\/span> sur:\u00a0<span style=\"color: #0000ff\">\u00a0<a href=\"http:\/\/lyonathletisme.athle.com\/asp.net\/espaces.html\/html.aspx?id=38854\" target=\"_blank\" rel=\"noopener noreferrer\">http:\/\/lyonathletisme.athle.com\/asp.net\/espaces.html\/html.aspx?id=38854<\/a><\/span><\/p>\n","protected":false},"excerpt":{"rendered":"<p>Plus de 1.500 coureurs sont attendus pour cette \u00e9dition \u00a0\u00bbAnniversaire\u00a0\u00bb du cross organis\u00e9 par la Ville de Saint Priest en partenariat avec le club de Lyon Athl\u00e9tisme. Pas moins de 15 courses sont programm\u00e9es dont 2 en Elite, qui verront s\u2019affronter des athl\u00e8tes de haut niveau. Cette ann\u00e9e encore le plateau sera relev\u00e9 avec la [&hellip;]<\/p>\n","protected":false},"author":4,"featured_media":36088,"comment_status":"open","ping_status":"open","sticky":false,"template":"","format":"standard","meta":{"footnotes":""},"categories":[2968,4,1296],"tags":[],"class_list":["post-39104","post","type-post","status-publish","format-standard","has-post-thumbnail","hentry","category-athle-course-pied-marche","category-evenements-divers","category-sain-priest"],"yoast_head":"<!-- This site is optimized with the Yoast SEO plugin v27.2 - https:\/\/yoast.com\/product\/yoast-seo-wordpress\/ -->\n<title>SAINT PRIEST : 25 \u00b0 \u00e9dition du &quot;cross des Myriades&quot; dimanche au complexe Mendes-France<\/title>\n<meta name=\"description\" content=\"SAINT PRIEST : 25 \u00b0 \u00e9dition du &quot;cross des Myriades&quot; dimanche au complexe Mendes-France\" \/>\n<meta name=\"robots\" content=\"index, follow, max-snippet:-1, max-image-preview:large, max-video-preview:-1\" \/>\n<link rel=\"canonical\" href=\"https:\/\/newsestlyonnais.fr\/site\/2017\/11\/25\/saint-priest-25-edition-du-cross-des-myriades-dimanche\/\" \/>\n<meta property=\"og:locale\" content=\"fr_FR\" \/>\n<meta property=\"og:type\" content=\"article\" \/>\n<meta property=\"og:title\" content=\"SAINT PRIEST : 25 \u00b0 \u00e9dition du &quot;cross des Myriades&quot; dimanche au complexe Mendes-France\" \/>\n<meta property=\"og:description\" content=\"SAINT PRIEST : 25 \u00b0 \u00e9dition du &quot;cross des Myriades&quot; dimanche au complexe Mendes-France\" \/>\n<meta property=\"og:url\" content=\"https:\/\/newsestlyonnais.fr\/site\/2017\/11\/25\/saint-priest-25-edition-du-cross-des-myriades-dimanche\/\" \/>\n<meta property=\"og:site_name\" content=\"News Est Lyonnais\" \/>\n<meta property=\"article:author\" content=\"https:\/\/www.facebook.com\/pascal.oberson.1?fref=ts\" \/>\n<meta property=\"article:published_time\" content=\"2017-11-25T07:37:11+00:00\" \/>\n<meta property=\"article:modified_time\" content=\"2020-11-01T18:19:23+00:00\" \/>\n<meta property=\"og:image\" content=\"https:\/\/i2.wp.com\/newsestlyonnais.fr\/site\/wp-content\/uploads\/2017\/10\/NEWSESTLYONNAIS-MYRIADES-2017.jpg?fit=1000%2C750&ssl=1\" \/>\n\t<meta property=\"og:image:width\" content=\"1000\" \/>\n\t<meta property=\"og:image:height\" content=\"750\" \/>\n\t<meta property=\"og:image:type\" content=\"image\/jpeg\" \/>\n<meta name=\"author\" content=\"R\u00e9dac. NEWS\" \/>\n<meta name=\"twitter:card\" content=\"summary_large_image\" \/>\n<meta name=\"twitter:label1\" content=\"\u00c9crit par\" \/>\n\t<meta name=\"twitter:data1\" content=\"R\u00e9dac. NEWS\" \/>\n\t<meta name=\"twitter:label2\" content=\"Dur\u00e9e de lecture estim\u00e9e\" \/>\n\t<meta name=\"twitter:data2\" content=\"1 minute\" \/>\n<script type=\"application\/ld+json\" class=\"yoast-schema-graph\">{\"@context\":\"https:\/\/schema.org\",\"@graph\":[{\"@type\":\"Article\",\"@id\":\"https:\/\/newsestlyonnais.fr\/site\/2017\/11\/25\/saint-priest-25-edition-du-cross-des-myriades-dimanche\/#article\",\"isPartOf\":{\"@id\":\"https:\/\/newsestlyonnais.fr\/site\/2017\/11\/25\/saint-priest-25-edition-du-cross-des-myriades-dimanche\/\"},\"author\":{\"name\":\"R\u00e9dac. NEWS\",\"@id\":\"https:\/\/newsestlyonnais.fr\/site\/#\/schema\/person\/3230d5615f390bb808365d673001e887\"},\"headline\":\"SAINT-PRIEST | 25 \u00b0 \u00e9dition du \u00ab\u00a0cross des Myriades\u00a0\u00bb dimanche\",\"datePublished\":\"2017-11-25T07:37:11+00:00\",\"dateModified\":\"2020-11-01T18:19:23+00:00\",\"mainEntityOfPage\":{\"@id\":\"https:\/\/newsestlyonnais.fr\/site\/2017\/11\/25\/saint-priest-25-edition-du-cross-des-myriades-dimanche\/\"},\"wordCount\":154,\"commentCount\":0,\"publisher\":{\"@id\":\"https:\/\/newsestlyonnais.fr\/site\/#organization\"},\"image\":{\"@id\":\"https:\/\/newsestlyonnais.fr\/site\/2017\/11\/25\/saint-priest-25-edition-du-cross-des-myriades-dimanche\/#primaryimage\"},\"thumbnailUrl\":\"https:\/\/newsestlyonnais.fr\/site\/wp-content\/uploads\/2017\/10\/NEWSESTLYONNAIS-MYRIADES-2017.jpg\",\"articleSection\":[\"Athl\u00e9 | Course pied | Marche\",\"Ev\u00e8nements divers\",\"Saint-Priest\"],\"inLanguage\":\"fr-FR\",\"potentialAction\":[{\"@type\":\"CommentAction\",\"name\":\"Comment\",\"target\":[\"https:\/\/newsestlyonnais.fr\/site\/2017\/11\/25\/saint-priest-25-edition-du-cross-des-myriades-dimanche\/#respond\"]}]},{\"@type\":\"WebPage\",\"@id\":\"https:\/\/newsestlyonnais.fr\/site\/2017\/11\/25\/saint-priest-25-edition-du-cross-des-myriades-dimanche\/\",\"url\":\"https:\/\/newsestlyonnais.fr\/site\/2017\/11\/25\/saint-priest-25-edition-du-cross-des-myriades-dimanche\/\",\"name\":\"SAINT PRIEST : 25 \u00b0 \u00e9dition du \\\"cross des Myriades\\\" dimanche au complexe Mendes-France\",\"isPartOf\":{\"@id\":\"https:\/\/newsestlyonnais.fr\/site\/#website\"},\"primaryImageOfPage\":{\"@id\":\"https:\/\/newsestlyonnais.fr\/site\/2017\/11\/25\/saint-priest-25-edition-du-cross-des-myriades-dimanche\/#primaryimage\"},\"image\":{\"@id\":\"https:\/\/newsestlyonnais.fr\/site\/2017\/11\/25\/saint-priest-25-edition-du-cross-des-myriades-dimanche\/#primaryimage\"},\"thumbnailUrl\":\"https:\/\/newsestlyonnais.fr\/site\/wp-content\/uploads\/2017\/10\/NEWSESTLYONNAIS-MYRIADES-2017.jpg\",\"datePublished\":\"2017-11-25T07:37:11+00:00\",\"dateModified\":\"2020-11-01T18:19:23+00:00\",\"description\":\"SAINT PRIEST : 25 \u00b0 \u00e9dition du \\\"cross des Myriades\\\" dimanche au complexe Mendes-France\",\"breadcrumb\":{\"@id\":\"https:\/\/newsestlyonnais.fr\/site\/2017\/11\/25\/saint-priest-25-edition-du-cross-des-myriades-dimanche\/#breadcrumb\"},\"inLanguage\":\"fr-FR\",\"potentialAction\":[{\"@type\":\"ReadAction\",\"target\":[\"https:\/\/newsestlyonnais.fr\/site\/2017\/11\/25\/saint-priest-25-edition-du-cross-des-myriades-dimanche\/\"]}]},{\"@type\":\"ImageObject\",\"inLanguage\":\"fr-FR\",\"@id\":\"https:\/\/newsestlyonnais.fr\/site\/2017\/11\/25\/saint-priest-25-edition-du-cross-des-myriades-dimanche\/#primaryimage\",\"url\":\"https:\/\/newsestlyonnais.fr\/site\/wp-content\/uploads\/2017\/10\/NEWSESTLYONNAIS-MYRIADES-2017.jpg\",\"contentUrl\":\"https:\/\/newsestlyonnais.fr\/site\/wp-content\/uploads\/2017\/10\/NEWSESTLYONNAIS-MYRIADES-2017.jpg\",\"width\":1000,\"height\":750,\"caption\":\"NEWSESTLYONNAIS - MYRIADES 2017\"},{\"@type\":\"BreadcrumbList\",\"@id\":\"https:\/\/newsestlyonnais.fr\/site\/2017\/11\/25\/saint-priest-25-edition-du-cross-des-myriades-dimanche\/#breadcrumb\",\"itemListElement\":[{\"@type\":\"ListItem\",\"position\":1,\"name\":\"Accueil\",\"item\":\"https:\/\/newsestlyonnais.fr\/site\/\"},{\"@type\":\"ListItem\",\"position\":2,\"name\":\"SAINT-PRIEST | 25 \u00b0 \u00e9dition du \u00ab\u00a0cross des Myriades\u00a0\u00bb dimanche\"}]},{\"@type\":\"WebSite\",\"@id\":\"https:\/\/newsestlyonnais.fr\/site\/#website\",\"url\":\"https:\/\/newsestlyonnais.fr\/site\/\",\"name\":\"News Est Lyonnais\",\"description\":\"L&#039;actualit\u00e9 au plus pr\u00e8s\",\"publisher\":{\"@id\":\"https:\/\/newsestlyonnais.fr\/site\/#organization\"},\"potentialAction\":[{\"@type\":\"SearchAction\",\"target\":{\"@type\":\"EntryPoint\",\"urlTemplate\":\"https:\/\/newsestlyonnais.fr\/site\/?s={search_term_string}\"},\"query-input\":{\"@type\":\"PropertyValueSpecification\",\"valueRequired\":true,\"valueName\":\"search_term_string\"}}],\"inLanguage\":\"fr-FR\"},{\"@type\":\"Organization\",\"@id\":\"https:\/\/newsestlyonnais.fr\/site\/#organization\",\"name\":\"News EST LYONNAIS\",\"url\":\"https:\/\/newsestlyonnais.fr\/site\/\",\"logo\":{\"@type\":\"ImageObject\",\"inLanguage\":\"fr-FR\",\"@id\":\"https:\/\/newsestlyonnais.fr\/site\/#\/schema\/logo\/image\/\",\"url\":\"\",\"contentUrl\":\"\",\"caption\":\"News EST LYONNAIS\"},\"image\":{\"@id\":\"https:\/\/newsestlyonnais.fr\/site\/#\/schema\/logo\/image\/\"}},{\"@type\":\"Person\",\"@id\":\"https:\/\/newsestlyonnais.fr\/site\/#\/schema\/person\/3230d5615f390bb808365d673001e887\",\"name\":\"R\u00e9dac. NEWS\",\"sameAs\":[\"http:\/\/www.newsestlyonnais.fr\",\"https:\/\/www.facebook.com\/pascal.oberson.1?fref=ts\",\"https:\/\/fr.linkedin.com\/in\/pascal-oberson-b17045113\"],\"url\":\"https:\/\/newsestlyonnais.fr\/site\/author\/nel\/\"}]}<\/script>\n<!-- \/ Yoast SEO plugin. -->","yoast_head_json":{"title":"SAINT PRIEST : 25 \u00b0 \u00e9dition du \"cross des Myriades\" dimanche au complexe Mendes-France","description":"SAINT PRIEST : 25 \u00b0 \u00e9dition du \"cross des Myriades\" dimanche au complexe Mendes-France","robots":{"index":"index","follow":"follow","max-snippet":"max-snippet:-1","max-image-preview":"max-image-preview:large","max-video-preview":"max-video-preview:-1"},"canonical":"https:\/\/newsestlyonnais.fr\/site\/2017\/11\/25\/saint-priest-25-edition-du-cross-des-myriades-dimanche\/","og_locale":"fr_FR","og_type":"article","og_title":"SAINT PRIEST : 25 \u00b0 \u00e9dition du \"cross des Myriades\" dimanche au complexe Mendes-France","og_description":"SAINT PRIEST : 25 \u00b0 \u00e9dition du \"cross des Myriades\" dimanche au complexe Mendes-France","og_url":"https:\/\/newsestlyonnais.fr\/site\/2017\/11\/25\/saint-priest-25-edition-du-cross-des-myriades-dimanche\/","og_site_name":"News Est Lyonnais","article_author":"https:\/\/www.facebook.com\/pascal.oberson.1?fref=ts","article_published_time":"2017-11-25T07:37:11+00:00","article_modified_time":"2020-11-01T18:19:23+00:00","og_image":[{"width":1000,"height":750,"url":"https:\/\/i2.wp.com\/newsestlyonnais.fr\/site\/wp-content\/uploads\/2017\/10\/NEWSESTLYONNAIS-MYRIADES-2017.jpg?fit=1000%2C750&ssl=1","type":"image\/jpeg"}],"author":"R\u00e9dac. NEWS","twitter_card":"summary_large_image","twitter_misc":{"\u00c9crit par":"R\u00e9dac. NEWS","Dur\u00e9e de lecture estim\u00e9e":"1 minute"},"schema":{"@context":"https:\/\/schema.org","@graph":[{"@type":"Article","@id":"https:\/\/newsestlyonnais.fr\/site\/2017\/11\/25\/saint-priest-25-edition-du-cross-des-myriades-dimanche\/#article","isPartOf":{"@id":"https:\/\/newsestlyonnais.fr\/site\/2017\/11\/25\/saint-priest-25-edition-du-cross-des-myriades-dimanche\/"},"author":{"name":"R\u00e9dac. NEWS","@id":"https:\/\/newsestlyonnais.fr\/site\/#\/schema\/person\/3230d5615f390bb808365d673001e887"},"headline":"SAINT-PRIEST | 25 \u00b0 \u00e9dition du \u00ab\u00a0cross des Myriades\u00a0\u00bb dimanche","datePublished":"2017-11-25T07:37:11+00:00","dateModified":"2020-11-01T18:19:23+00:00","mainEntityOfPage":{"@id":"https:\/\/newsestlyonnais.fr\/site\/2017\/11\/25\/saint-priest-25-edition-du-cross-des-myriades-dimanche\/"},"wordCount":154,"commentCount":0,"publisher":{"@id":"https:\/\/newsestlyonnais.fr\/site\/#organization"},"image":{"@id":"https:\/\/newsestlyonnais.fr\/site\/2017\/11\/25\/saint-priest-25-edition-du-cross-des-myriades-dimanche\/#primaryimage"},"thumbnailUrl":"https:\/\/newsestlyonnais.fr\/site\/wp-content\/uploads\/2017\/10\/NEWSESTLYONNAIS-MYRIADES-2017.jpg","articleSection":["Athl\u00e9 | Course pied | Marche","Ev\u00e8nements divers","Saint-Priest"],"inLanguage":"fr-FR","potentialAction":[{"@type":"CommentAction","name":"Comment","target":["https:\/\/newsestlyonnais.fr\/site\/2017\/11\/25\/saint-priest-25-edition-du-cross-des-myriades-dimanche\/#respond"]}]},{"@type":"WebPage","@id":"https:\/\/newsestlyonnais.fr\/site\/2017\/11\/25\/saint-priest-25-edition-du-cross-des-myriades-dimanche\/","url":"https:\/\/newsestlyonnais.fr\/site\/2017\/11\/25\/saint-priest-25-edition-du-cross-des-myriades-dimanche\/","name":"SAINT PRIEST : 25 \u00b0 \u00e9dition du \"cross des Myriades\" dimanche au complexe Mendes-France","isPartOf":{"@id":"https:\/\/newsestlyonnais.fr\/site\/#website"},"primaryImageOfPage":{"@id":"https:\/\/newsestlyonnais.fr\/site\/2017\/11\/25\/saint-priest-25-edition-du-cross-des-myriades-dimanche\/#primaryimage"},"image":{"@id":"https:\/\/newsestlyonnais.fr\/site\/2017\/11\/25\/saint-priest-25-edition-du-cross-des-myriades-dimanche\/#primaryimage"},"thumbnailUrl":"https:\/\/newsestlyonnais.fr\/site\/wp-content\/uploads\/2017\/10\/NEWSESTLYONNAIS-MYRIADES-2017.jpg","datePublished":"2017-11-25T07:37:11+00:00","dateModified":"2020-11-01T18:19:23+00:00","description":"SAINT PRIEST : 25 \u00b0 \u00e9dition du \"cross des Myriades\" dimanche au complexe Mendes-France","breadcrumb":{"@id":"https:\/\/newsestlyonnais.fr\/site\/2017\/11\/25\/saint-priest-25-edition-du-cross-des-myriades-dimanche\/#breadcrumb"},"inLanguage":"fr-FR","potentialAction":[{"@type":"ReadAction","target":["https:\/\/newsestlyonnais.fr\/site\/2017\/11\/25\/saint-priest-25-edition-du-cross-des-myriades-dimanche\/"]}]},{"@type":"ImageObject","inLanguage":"fr-FR","@id":"https:\/\/newsestlyonnais.fr\/site\/2017\/11\/25\/saint-priest-25-edition-du-cross-des-myriades-dimanche\/#primaryimage","url":"https:\/\/newsestlyonnais.fr\/site\/wp-content\/uploads\/2017\/10\/NEWSESTLYONNAIS-MYRIADES-2017.jpg","contentUrl":"https:\/\/newsestlyonnais.fr\/site\/wp-content\/uploads\/2017\/10\/NEWSESTLYONNAIS-MYRIADES-2017.jpg","width":1000,"height":750,"caption":"NEWSESTLYONNAIS - MYRIADES 2017"},{"@type":"BreadcrumbList","@id":"https:\/\/newsestlyonnais.fr\/site\/2017\/11\/25\/saint-priest-25-edition-du-cross-des-myriades-dimanche\/#breadcrumb","itemListElement":[{"@type":"ListItem","position":1,"name":"Accueil","item":"https:\/\/newsestlyonnais.fr\/site\/"},{"@type":"ListItem","position":2,"name":"SAINT-PRIEST | 25 \u00b0 \u00e9dition du \u00ab\u00a0cross des Myriades\u00a0\u00bb dimanche"}]},{"@type":"WebSite","@id":"https:\/\/newsestlyonnais.fr\/site\/#website","url":"https:\/\/newsestlyonnais.fr\/site\/","name":"News Est Lyonnais","description":"L&#039;actualit\u00e9 au plus pr\u00e8s","publisher":{"@id":"https:\/\/newsestlyonnais.fr\/site\/#organization"},"potentialAction":[{"@type":"SearchAction","target":{"@type":"EntryPoint","urlTemplate":"https:\/\/newsestlyonnais.fr\/site\/?s={search_term_string}"},"query-input":{"@type":"PropertyValueSpecification","valueRequired":true,"valueName":"search_term_string"}}],"inLanguage":"fr-FR"},{"@type":"Organization","@id":"https:\/\/newsestlyonnais.fr\/site\/#organization","name":"News EST LYONNAIS","url":"https:\/\/newsestlyonnais.fr\/site\/","logo":{"@type":"ImageObject","inLanguage":"fr-FR","@id":"https:\/\/newsestlyonnais.fr\/site\/#\/schema\/logo\/image\/","url":"","contentUrl":"","caption":"News EST LYONNAIS"},"image":{"@id":"https:\/\/newsestlyonnais.fr\/site\/#\/schema\/logo\/image\/"}},{"@type":"Person","@id":"https:\/\/newsestlyonnais.fr\/site\/#\/schema\/person\/3230d5615f390bb808365d673001e887","name":"R\u00e9dac. NEWS","sameAs":["http:\/\/www.newsestlyonnais.fr","https:\/\/www.facebook.com\/pascal.oberson.1?fref=ts","https:\/\/fr.linkedin.com\/in\/pascal-oberson-b17045113"],"url":"https:\/\/newsestlyonnais.fr\/site\/author\/nel\/"}]}},"_links":{"self":[{"href":"https:\/\/newsestlyonnais.fr\/site\/wp-json\/wp\/v2\/posts\/39104","targetHints":{"allow":["GET"]}}],"collection":[{"href":"https:\/\/newsestlyonnais.fr\/site\/wp-json\/wp\/v2\/posts"}],"about":[{"href":"https:\/\/newsestlyonnais.fr\/site\/wp-json\/wp\/v2\/types\/post"}],"author":[{"embeddable":true,"href":"https:\/\/newsestlyonnais.fr\/site\/wp-json\/wp\/v2\/users\/4"}],"replies":[{"embeddable":true,"href":"https:\/\/newsestlyonnais.fr\/site\/wp-json\/wp\/v2\/comments?post=39104"}],"version-history":[{"count":0,"href":"https:\/\/newsestlyonnais.fr\/site\/wp-json\/wp\/v2\/posts\/39104\/revisions"}],"wp:featuredmedia":[{"embeddable":true,"href":"https:\/\/newsestlyonnais.fr\/site\/wp-json\/wp\/v2\/media\/36088"}],"wp:attachment":[{"href":"https:\/\/newsestlyonnais.fr\/site\/wp-json\/wp\/v2\/media?parent=39104"}],"wp:term":[{"taxonomy":"category","embeddable":true,"href":"https:\/\/newsestlyonnais.fr\/site\/wp-json\/wp\/v2\/categories?post=39104"},{"taxonomy":"post_tag","embeddable":true,"href":"https:\/\/newsestlyonnais.fr\/site\/wp-json\/wp\/v2\/tags?post=39104"}],"curies":[{"name":"wp","href":"https:\/\/api.w.org\/{rel}","templated":true}]}}