{"id":39148,"date":"2017-11-26T09:18:42","date_gmt":"2017-11-26T08:18:42","guid":{"rendered":"http:\/\/newsestlyonnais.fr\/site\/?p=39148"},"modified":"2020-11-06T16:05:32","modified_gmt":"2020-11-06T15:05:32","slug":"venissieux-pluie-de-medailles-pour-le-bunkai-karate-do-a-la-coupe-regionale-de-full-light-contact","status":"publish","type":"post","link":"https:\/\/newsestlyonnais.fr\/site\/2017\/11\/26\/venissieux-pluie-de-medailles-pour-le-bunkai-karate-do-a-la-coupe-regionale-de-full-light-contact\/","title":{"rendered":"VENISSIEUX | Pluie de m\u00e9dailles pour le Bunkai Karat\u00e9 Do \u00e0 la coupe r\u00e9gionale de Full light contact"},"content":{"rendered":"<h4><span id=\"cch_f3bc3e36f5058de\" class=\"_mh6 _wsc\"><span class=\"_3oh- _58nk\">Le Bunkai Karat\u00e9 Do participait samedi \u00e0 la Maison du Judo \u00e0 Lyon 3\u00b0, \u00e0 la coupe r\u00e9gionale de full light contact organis\u00e9 par la Ligue du Lyonnais FFKAMA.<br \/>\n<\/span><\/span><\/h4>\n<p><span id=\"cch_f3bc3e36f5058de\" class=\"_mh6 _wsc\"><span class=\"_3oh- _58nk\">\u00a0\u00bb Un coup de sirocco, un ouragan de m\u00e9dailles pour le Bunkai avec 16 m\u00e9dailles sur 17 inscrits, il manquait environ encore 10 \u00e9l\u00e8ves qui seront pr\u00e9sents la prochaine fois ! \u00a0\u00bb confiait Philippe Del Rey, pr\u00e9sident du club \u00e0 l&rsquo;issue de la comp\u00e9tition.<\/span><\/span><\/p>\n<p><span id=\"cch_f3bc3e36f5058de\" class=\"_mh6 _wsc\"><span class=\"_3oh- _58nk\"><span style=\"text-decoration: underline\">Les r\u00e9sultats par cat\u00e9gories<\/span> : <\/span><\/span><\/p>\n<ul>\n<li><span id=\"cch_f3bc3e36f5058de\" class=\"_mh6 _wsc\"><span class=\"_3oh- _58nk\"><strong>Pupilles<\/strong> : (- 30 kg) : 2\u00b0 MEBARKI Rafick, 3\u00b0 LADJILI Ryad &amp; (- 40 kg): 3\u00b0 MASSAMBA Daniel <\/span><\/span><\/li>\n<li><span id=\"cch_f3bc3e36f5058de\" class=\"_mh6 _wsc\"><span class=\"_3oh- _58nk\"><strong>Benjamines<\/strong> : (\u2013 35 kg) : 1\u00b0 BENSAID Mahira<\/span><\/span><\/li>\n<li><span id=\"cch_f3bc3e36f5058de\" class=\"_mh6 _wsc\"><span class=\"_3oh- _58nk\"><strong> Benjamins<\/strong> : (45 kg) :\u00a0 1\u00b0 BOUAMMAR Hamza, (+ 55 kg) : 3\u00b0 MEBARKI Aymane, (\u2013\u00a0 40 kg) : 2\u00b0 MEBARKI Nadir , (- 35 kg)\u00a0 2\u00b0\u00a0 KHALIDI Mathys <\/span><\/span><\/li>\n<li><span id=\"cch_f3bc3e36f5058de\" class=\"_mh6 _wsc\"><span class=\"_3oh- _58nk\"><strong>Cadettes<\/strong> : (\u2013 55 kg) : 2\u00b0 LOMBARDI SARDELITTI Chiara <\/span><\/span><\/li>\n<li><span id=\"cch_f3bc3e36f5058de\" class=\"_mh6 _wsc\"><span class=\"_3oh- _58nk\"><strong>Cadets<\/strong> : (\u2013 60 kg) : 2\u00b0 AZAOUI Mouhamaid, (\u2013 de 65 kg) : 2\u00b0 FACHE Charles &amp; (- 55 kg) : 3\u00b0 CORSALETTI Di\u00e9go<\/span><\/span><\/li>\n<li><span id=\"cch_f3bc3e36f5058de\" class=\"_mh6 _wsc\"><span class=\"_3oh- _58nk\"><strong> Seniors<\/strong> : (\u2013 55 kg) : 1\u00b0 SAFAR M\u00e9lanie, (\u2013 68 kg) : 2\u00b0 PAQUELIER Alexandre, (- 72 kg) :\u00a0 2\u00b0 DI MEGILO Kevin <\/span><\/span><\/li>\n<\/ul>\n<p>D&rsquo;autre part, <span id=\"cch_f3bc3e36f5058de\" class=\"_mh6 _wsc\"><span class=\"_3oh- _58nk\">le m\u00eame jour dans une autre comp\u00e9tition organis\u00e9e avec la FFKMDA, la Coupe du Rh\u00f4ne plein contact full contact, on notera la belle perf de Mathieu Greco , 2\u00b0 en senior &#8211; 63,5 Kg.<\/span><\/span><\/p>\n<p><span id=\"cch_f3bc3e36f5058de\" class=\"_mh6 _wsc\"><span class=\"_3oh- _58nk\">\u00a0\u00bb <\/span><\/span><span id=\"cch_f3bc3e36f5058de\" class=\"_mh6 _wsc\"><span class=\"_3oh- _58nk\">Voil\u00e0 pour la premi\u00e8re comp\u00e9tition du Bunkai de la saison 2017\/2018, prochain rendez \u00e0 N\u00eemes pour la coupe de France full et light contact, o\u00f9 nous partirons avec un bus de 60 personnes. Nous sommes vraiment tr\u00e8s fiers de nos \u00e9l\u00e8ves qui pour la plupart disputaient leur premi\u00e8re comp\u00e9tition et bravo pour les plus aguerris qui ont confirm\u00e9 leurs progr\u00e8s ! \u00a0\u00bb poursuivait Philippe Del Rey.<\/span><\/span><\/p>\n<p>Retrouvez l&rsquo;ACTU du club sur : <a href=\"https:\/\/www.facebook.com\/Bunkai-karate-do-Full-Contact-341551199199141\/\" target=\"_blank\" rel=\"noopener noreferrer\">https:\/\/www.facebook.com\/Bunkai-karate-do-Full-Contact-341551199199141\/<\/a><\/p>\n","protected":false},"excerpt":{"rendered":"<p>Le Bunkai Karat\u00e9 Do participait samedi \u00e0 la Maison du Judo \u00e0 Lyon 3\u00b0, \u00e0 la coupe r\u00e9gionale de full light contact organis\u00e9 par la Ligue du Lyonnais FFKAMA. \u00a0\u00bb Un coup de sirocco, un ouragan de m\u00e9dailles pour le Bunkai avec 16 m\u00e9dailles sur 17 inscrits, il manquait environ encore 10 \u00e9l\u00e8ves qui seront [&hellip;]<\/p>\n","protected":false},"author":4,"featured_media":39162,"comment_status":"open","ping_status":"open","sticky":false,"template":"","format":"standard","meta":{"footnotes":""},"categories":[2994,1353,1298],"tags":[],"class_list":["post-39148","post","type-post","status-publish","format-standard","has-post-thumbnail","hentry","category-judo-karate-taekwondo-sports","category-karate","category-venissieux"],"yoast_head":"<!-- This site is optimized with the Yoast SEO plugin v27.2 - https:\/\/yoast.com\/product\/yoast-seo-wordpress\/ -->\n<title>VENISSIEUX : Pluie de m\u00e9dailles pour le Bunkai Karat\u00e9 Do \u00e0 la coupe r\u00e9gionale de Full light contact<\/title>\n<meta name=\"description\" content=\"VENISSIEUX : Pluie de m\u00e9dailles pour le Bunkai Karat\u00e9 Do \u00e0 la coupe r\u00e9gionale de Full light contact\" \/>\n<meta name=\"robots\" content=\"index, follow, max-snippet:-1, max-image-preview:large, max-video-preview:-1\" \/>\n<link rel=\"canonical\" href=\"https:\/\/newsestlyonnais.fr\/site\/2017\/11\/26\/venissieux-pluie-de-medailles-pour-le-bunkai-karate-do-a-la-coupe-regionale-de-full-light-contact\/\" \/>\n<meta property=\"og:locale\" content=\"fr_FR\" \/>\n<meta property=\"og:type\" content=\"article\" \/>\n<meta property=\"og:title\" content=\"VENISSIEUX : Pluie de m\u00e9dailles pour le Bunkai Karat\u00e9 Do \u00e0 la coupe r\u00e9gionale de Full light contact\" \/>\n<meta property=\"og:description\" content=\"VENISSIEUX : Pluie de m\u00e9dailles pour le Bunkai Karat\u00e9 Do \u00e0 la coupe r\u00e9gionale de Full light contact\" \/>\n<meta property=\"og:url\" content=\"https:\/\/newsestlyonnais.fr\/site\/2017\/11\/26\/venissieux-pluie-de-medailles-pour-le-bunkai-karate-do-a-la-coupe-regionale-de-full-light-contact\/\" \/>\n<meta property=\"og:site_name\" content=\"News Est Lyonnais\" \/>\n<meta property=\"article:author\" content=\"https:\/\/www.facebook.com\/pascal.oberson.1?fref=ts\" \/>\n<meta property=\"article:published_time\" content=\"2017-11-26T08:18:42+00:00\" \/>\n<meta property=\"article:modified_time\" content=\"2020-11-06T15:05:32+00:00\" \/>\n<meta property=\"og:image\" content=\"https:\/\/i0.wp.com\/newsestlyonnais.fr\/site\/wp-content\/uploads\/2017\/11\/NEWSESTLYONNAIS-BUNKAI-VENISSIEUX.jpg?fit=960%2C720&ssl=1\" \/>\n\t<meta property=\"og:image:width\" content=\"960\" \/>\n\t<meta property=\"og:image:height\" content=\"720\" \/>\n\t<meta property=\"og:image:type\" content=\"image\/jpeg\" \/>\n<meta name=\"author\" content=\"R\u00e9dac. NEWS\" \/>\n<meta name=\"twitter:card\" content=\"summary_large_image\" \/>\n<meta name=\"twitter:label1\" content=\"\u00c9crit par\" \/>\n\t<meta name=\"twitter:data1\" content=\"R\u00e9dac. NEWS\" \/>\n\t<meta name=\"twitter:label2\" content=\"Dur\u00e9e de lecture estim\u00e9e\" \/>\n\t<meta name=\"twitter:data2\" content=\"1 minute\" \/>\n<script type=\"application\/ld+json\" class=\"yoast-schema-graph\">{\"@context\":\"https:\/\/schema.org\",\"@graph\":[{\"@type\":\"Article\",\"@id\":\"https:\/\/newsestlyonnais.fr\/site\/2017\/11\/26\/venissieux-pluie-de-medailles-pour-le-bunkai-karate-do-a-la-coupe-regionale-de-full-light-contact\/#article\",\"isPartOf\":{\"@id\":\"https:\/\/newsestlyonnais.fr\/site\/2017\/11\/26\/venissieux-pluie-de-medailles-pour-le-bunkai-karate-do-a-la-coupe-regionale-de-full-light-contact\/\"},\"author\":{\"name\":\"R\u00e9dac. NEWS\",\"@id\":\"https:\/\/newsestlyonnais.fr\/site\/#\/schema\/person\/3230d5615f390bb808365d673001e887\"},\"headline\":\"VENISSIEUX | Pluie de m\u00e9dailles pour le Bunkai Karat\u00e9 Do \u00e0 la coupe r\u00e9gionale de Full light contact\",\"datePublished\":\"2017-11-26T08:18:42+00:00\",\"dateModified\":\"2020-11-06T15:05:32+00:00\",\"mainEntityOfPage\":{\"@id\":\"https:\/\/newsestlyonnais.fr\/site\/2017\/11\/26\/venissieux-pluie-de-medailles-pour-le-bunkai-karate-do-a-la-coupe-regionale-de-full-light-contact\/\"},\"wordCount\":274,\"commentCount\":1,\"publisher\":{\"@id\":\"https:\/\/newsestlyonnais.fr\/site\/#organization\"},\"image\":{\"@id\":\"https:\/\/newsestlyonnais.fr\/site\/2017\/11\/26\/venissieux-pluie-de-medailles-pour-le-bunkai-karate-do-a-la-coupe-regionale-de-full-light-contact\/#primaryimage\"},\"thumbnailUrl\":\"https:\/\/newsestlyonnais.fr\/site\/wp-content\/uploads\/2017\/11\/NEWSESTLYONNAIS-BUNKAI-VENISSIEUX.jpg\",\"articleSection\":[\"Judo| Karat\u00e9| Taekwondo\",\"Karat\u00e9\",\"V\u00e9nissieux\"],\"inLanguage\":\"fr-FR\",\"potentialAction\":[{\"@type\":\"CommentAction\",\"name\":\"Comment\",\"target\":[\"https:\/\/newsestlyonnais.fr\/site\/2017\/11\/26\/venissieux-pluie-de-medailles-pour-le-bunkai-karate-do-a-la-coupe-regionale-de-full-light-contact\/#respond\"]}]},{\"@type\":\"WebPage\",\"@id\":\"https:\/\/newsestlyonnais.fr\/site\/2017\/11\/26\/venissieux-pluie-de-medailles-pour-le-bunkai-karate-do-a-la-coupe-regionale-de-full-light-contact\/\",\"url\":\"https:\/\/newsestlyonnais.fr\/site\/2017\/11\/26\/venissieux-pluie-de-medailles-pour-le-bunkai-karate-do-a-la-coupe-regionale-de-full-light-contact\/\",\"name\":\"VENISSIEUX : Pluie de m\u00e9dailles pour le Bunkai Karat\u00e9 Do \u00e0 la coupe r\u00e9gionale de Full light contact\",\"isPartOf\":{\"@id\":\"https:\/\/newsestlyonnais.fr\/site\/#website\"},\"primaryImageOfPage\":{\"@id\":\"https:\/\/newsestlyonnais.fr\/site\/2017\/11\/26\/venissieux-pluie-de-medailles-pour-le-bunkai-karate-do-a-la-coupe-regionale-de-full-light-contact\/#primaryimage\"},\"image\":{\"@id\":\"https:\/\/newsestlyonnais.fr\/site\/2017\/11\/26\/venissieux-pluie-de-medailles-pour-le-bunkai-karate-do-a-la-coupe-regionale-de-full-light-contact\/#primaryimage\"},\"thumbnailUrl\":\"https:\/\/newsestlyonnais.fr\/site\/wp-content\/uploads\/2017\/11\/NEWSESTLYONNAIS-BUNKAI-VENISSIEUX.jpg\",\"datePublished\":\"2017-11-26T08:18:42+00:00\",\"dateModified\":\"2020-11-06T15:05:32+00:00\",\"description\":\"VENISSIEUX : Pluie de m\u00e9dailles pour le Bunkai Karat\u00e9 Do \u00e0 la coupe r\u00e9gionale de Full light contact\",\"breadcrumb\":{\"@id\":\"https:\/\/newsestlyonnais.fr\/site\/2017\/11\/26\/venissieux-pluie-de-medailles-pour-le-bunkai-karate-do-a-la-coupe-regionale-de-full-light-contact\/#breadcrumb\"},\"inLanguage\":\"fr-FR\",\"potentialAction\":[{\"@type\":\"ReadAction\",\"target\":[\"https:\/\/newsestlyonnais.fr\/site\/2017\/11\/26\/venissieux-pluie-de-medailles-pour-le-bunkai-karate-do-a-la-coupe-regionale-de-full-light-contact\/\"]}]},{\"@type\":\"ImageObject\",\"inLanguage\":\"fr-FR\",\"@id\":\"https:\/\/newsestlyonnais.fr\/site\/2017\/11\/26\/venissieux-pluie-de-medailles-pour-le-bunkai-karate-do-a-la-coupe-regionale-de-full-light-contact\/#primaryimage\",\"url\":\"https:\/\/newsestlyonnais.fr\/site\/wp-content\/uploads\/2017\/11\/NEWSESTLYONNAIS-BUNKAI-VENISSIEUX.jpg\",\"contentUrl\":\"https:\/\/newsestlyonnais.fr\/site\/wp-content\/uploads\/2017\/11\/NEWSESTLYONNAIS-BUNKAI-VENISSIEUX.jpg\",\"width\":960,\"height\":720,\"caption\":\"NEWSESTLYONNAIS BUNKAI VENISSIEUX\"},{\"@type\":\"BreadcrumbList\",\"@id\":\"https:\/\/newsestlyonnais.fr\/site\/2017\/11\/26\/venissieux-pluie-de-medailles-pour-le-bunkai-karate-do-a-la-coupe-regionale-de-full-light-contact\/#breadcrumb\",\"itemListElement\":[{\"@type\":\"ListItem\",\"position\":1,\"name\":\"Accueil\",\"item\":\"https:\/\/newsestlyonnais.fr\/site\/\"},{\"@type\":\"ListItem\",\"position\":2,\"name\":\"VENISSIEUX | Pluie de m\u00e9dailles pour le Bunkai Karat\u00e9 Do \u00e0 la coupe r\u00e9gionale de Full light contact\"}]},{\"@type\":\"WebSite\",\"@id\":\"https:\/\/newsestlyonnais.fr\/site\/#website\",\"url\":\"https:\/\/newsestlyonnais.fr\/site\/\",\"name\":\"News Est Lyonnais\",\"description\":\"L&#039;actualit\u00e9 au plus pr\u00e8s\",\"publisher\":{\"@id\":\"https:\/\/newsestlyonnais.fr\/site\/#organization\"},\"potentialAction\":[{\"@type\":\"SearchAction\",\"target\":{\"@type\":\"EntryPoint\",\"urlTemplate\":\"https:\/\/newsestlyonnais.fr\/site\/?s={search_term_string}\"},\"query-input\":{\"@type\":\"PropertyValueSpecification\",\"valueRequired\":true,\"valueName\":\"search_term_string\"}}],\"inLanguage\":\"fr-FR\"},{\"@type\":\"Organization\",\"@id\":\"https:\/\/newsestlyonnais.fr\/site\/#organization\",\"name\":\"News EST LYONNAIS\",\"url\":\"https:\/\/newsestlyonnais.fr\/site\/\",\"logo\":{\"@type\":\"ImageObject\",\"inLanguage\":\"fr-FR\",\"@id\":\"https:\/\/newsestlyonnais.fr\/site\/#\/schema\/logo\/image\/\",\"url\":\"\",\"contentUrl\":\"\",\"caption\":\"News EST LYONNAIS\"},\"image\":{\"@id\":\"https:\/\/newsestlyonnais.fr\/site\/#\/schema\/logo\/image\/\"}},{\"@type\":\"Person\",\"@id\":\"https:\/\/newsestlyonnais.fr\/site\/#\/schema\/person\/3230d5615f390bb808365d673001e887\",\"name\":\"R\u00e9dac. NEWS\",\"sameAs\":[\"http:\/\/www.newsestlyonnais.fr\",\"https:\/\/www.facebook.com\/pascal.oberson.1?fref=ts\",\"https:\/\/fr.linkedin.com\/in\/pascal-oberson-b17045113\"],\"url\":\"https:\/\/newsestlyonnais.fr\/site\/author\/nel\/\"}]}<\/script>\n<!-- \/ Yoast SEO plugin. -->","yoast_head_json":{"title":"VENISSIEUX : Pluie de m\u00e9dailles pour le Bunkai Karat\u00e9 Do \u00e0 la coupe r\u00e9gionale de Full light contact","description":"VENISSIEUX : Pluie de m\u00e9dailles pour le Bunkai Karat\u00e9 Do \u00e0 la coupe r\u00e9gionale de Full light contact","robots":{"index":"index","follow":"follow","max-snippet":"max-snippet:-1","max-image-preview":"max-image-preview:large","max-video-preview":"max-video-preview:-1"},"canonical":"https:\/\/newsestlyonnais.fr\/site\/2017\/11\/26\/venissieux-pluie-de-medailles-pour-le-bunkai-karate-do-a-la-coupe-regionale-de-full-light-contact\/","og_locale":"fr_FR","og_type":"article","og_title":"VENISSIEUX : Pluie de m\u00e9dailles pour le Bunkai Karat\u00e9 Do \u00e0 la coupe r\u00e9gionale de Full light contact","og_description":"VENISSIEUX : Pluie de m\u00e9dailles pour le Bunkai Karat\u00e9 Do \u00e0 la coupe r\u00e9gionale de Full light contact","og_url":"https:\/\/newsestlyonnais.fr\/site\/2017\/11\/26\/venissieux-pluie-de-medailles-pour-le-bunkai-karate-do-a-la-coupe-regionale-de-full-light-contact\/","og_site_name":"News Est Lyonnais","article_author":"https:\/\/www.facebook.com\/pascal.oberson.1?fref=ts","article_published_time":"2017-11-26T08:18:42+00:00","article_modified_time":"2020-11-06T15:05:32+00:00","og_image":[{"width":960,"height":720,"url":"https:\/\/i0.wp.com\/newsestlyonnais.fr\/site\/wp-content\/uploads\/2017\/11\/NEWSESTLYONNAIS-BUNKAI-VENISSIEUX.jpg?fit=960%2C720&ssl=1","type":"image\/jpeg"}],"author":"R\u00e9dac. NEWS","twitter_card":"summary_large_image","twitter_misc":{"\u00c9crit par":"R\u00e9dac. NEWS","Dur\u00e9e de lecture estim\u00e9e":"1 minute"},"schema":{"@context":"https:\/\/schema.org","@graph":[{"@type":"Article","@id":"https:\/\/newsestlyonnais.fr\/site\/2017\/11\/26\/venissieux-pluie-de-medailles-pour-le-bunkai-karate-do-a-la-coupe-regionale-de-full-light-contact\/#article","isPartOf":{"@id":"https:\/\/newsestlyonnais.fr\/site\/2017\/11\/26\/venissieux-pluie-de-medailles-pour-le-bunkai-karate-do-a-la-coupe-regionale-de-full-light-contact\/"},"author":{"name":"R\u00e9dac. NEWS","@id":"https:\/\/newsestlyonnais.fr\/site\/#\/schema\/person\/3230d5615f390bb808365d673001e887"},"headline":"VENISSIEUX | Pluie de m\u00e9dailles pour le Bunkai Karat\u00e9 Do \u00e0 la coupe r\u00e9gionale de Full light contact","datePublished":"2017-11-26T08:18:42+00:00","dateModified":"2020-11-06T15:05:32+00:00","mainEntityOfPage":{"@id":"https:\/\/newsestlyonnais.fr\/site\/2017\/11\/26\/venissieux-pluie-de-medailles-pour-le-bunkai-karate-do-a-la-coupe-regionale-de-full-light-contact\/"},"wordCount":274,"commentCount":1,"publisher":{"@id":"https:\/\/newsestlyonnais.fr\/site\/#organization"},"image":{"@id":"https:\/\/newsestlyonnais.fr\/site\/2017\/11\/26\/venissieux-pluie-de-medailles-pour-le-bunkai-karate-do-a-la-coupe-regionale-de-full-light-contact\/#primaryimage"},"thumbnailUrl":"https:\/\/newsestlyonnais.fr\/site\/wp-content\/uploads\/2017\/11\/NEWSESTLYONNAIS-BUNKAI-VENISSIEUX.jpg","articleSection":["Judo| Karat\u00e9| Taekwondo","Karat\u00e9","V\u00e9nissieux"],"inLanguage":"fr-FR","potentialAction":[{"@type":"CommentAction","name":"Comment","target":["https:\/\/newsestlyonnais.fr\/site\/2017\/11\/26\/venissieux-pluie-de-medailles-pour-le-bunkai-karate-do-a-la-coupe-regionale-de-full-light-contact\/#respond"]}]},{"@type":"WebPage","@id":"https:\/\/newsestlyonnais.fr\/site\/2017\/11\/26\/venissieux-pluie-de-medailles-pour-le-bunkai-karate-do-a-la-coupe-regionale-de-full-light-contact\/","url":"https:\/\/newsestlyonnais.fr\/site\/2017\/11\/26\/venissieux-pluie-de-medailles-pour-le-bunkai-karate-do-a-la-coupe-regionale-de-full-light-contact\/","name":"VENISSIEUX : Pluie de m\u00e9dailles pour le Bunkai Karat\u00e9 Do \u00e0 la coupe r\u00e9gionale de Full light contact","isPartOf":{"@id":"https:\/\/newsestlyonnais.fr\/site\/#website"},"primaryImageOfPage":{"@id":"https:\/\/newsestlyonnais.fr\/site\/2017\/11\/26\/venissieux-pluie-de-medailles-pour-le-bunkai-karate-do-a-la-coupe-regionale-de-full-light-contact\/#primaryimage"},"image":{"@id":"https:\/\/newsestlyonnais.fr\/site\/2017\/11\/26\/venissieux-pluie-de-medailles-pour-le-bunkai-karate-do-a-la-coupe-regionale-de-full-light-contact\/#primaryimage"},"thumbnailUrl":"https:\/\/newsestlyonnais.fr\/site\/wp-content\/uploads\/2017\/11\/NEWSESTLYONNAIS-BUNKAI-VENISSIEUX.jpg","datePublished":"2017-11-26T08:18:42+00:00","dateModified":"2020-11-06T15:05:32+00:00","description":"VENISSIEUX : Pluie de m\u00e9dailles pour le Bunkai Karat\u00e9 Do \u00e0 la coupe r\u00e9gionale de Full light contact","breadcrumb":{"@id":"https:\/\/newsestlyonnais.fr\/site\/2017\/11\/26\/venissieux-pluie-de-medailles-pour-le-bunkai-karate-do-a-la-coupe-regionale-de-full-light-contact\/#breadcrumb"},"inLanguage":"fr-FR","potentialAction":[{"@type":"ReadAction","target":["https:\/\/newsestlyonnais.fr\/site\/2017\/11\/26\/venissieux-pluie-de-medailles-pour-le-bunkai-karate-do-a-la-coupe-regionale-de-full-light-contact\/"]}]},{"@type":"ImageObject","inLanguage":"fr-FR","@id":"https:\/\/newsestlyonnais.fr\/site\/2017\/11\/26\/venissieux-pluie-de-medailles-pour-le-bunkai-karate-do-a-la-coupe-regionale-de-full-light-contact\/#primaryimage","url":"https:\/\/newsestlyonnais.fr\/site\/wp-content\/uploads\/2017\/11\/NEWSESTLYONNAIS-BUNKAI-VENISSIEUX.jpg","contentUrl":"https:\/\/newsestlyonnais.fr\/site\/wp-content\/uploads\/2017\/11\/NEWSESTLYONNAIS-BUNKAI-VENISSIEUX.jpg","width":960,"height":720,"caption":"NEWSESTLYONNAIS BUNKAI VENISSIEUX"},{"@type":"BreadcrumbList","@id":"https:\/\/newsestlyonnais.fr\/site\/2017\/11\/26\/venissieux-pluie-de-medailles-pour-le-bunkai-karate-do-a-la-coupe-regionale-de-full-light-contact\/#breadcrumb","itemListElement":[{"@type":"ListItem","position":1,"name":"Accueil","item":"https:\/\/newsestlyonnais.fr\/site\/"},{"@type":"ListItem","position":2,"name":"VENISSIEUX | Pluie de m\u00e9dailles pour le Bunkai Karat\u00e9 Do \u00e0 la coupe r\u00e9gionale de Full light contact"}]},{"@type":"WebSite","@id":"https:\/\/newsestlyonnais.fr\/site\/#website","url":"https:\/\/newsestlyonnais.fr\/site\/","name":"News Est Lyonnais","description":"L&#039;actualit\u00e9 au plus pr\u00e8s","publisher":{"@id":"https:\/\/newsestlyonnais.fr\/site\/#organization"},"potentialAction":[{"@type":"SearchAction","target":{"@type":"EntryPoint","urlTemplate":"https:\/\/newsestlyonnais.fr\/site\/?s={search_term_string}"},"query-input":{"@type":"PropertyValueSpecification","valueRequired":true,"valueName":"search_term_string"}}],"inLanguage":"fr-FR"},{"@type":"Organization","@id":"https:\/\/newsestlyonnais.fr\/site\/#organization","name":"News EST LYONNAIS","url":"https:\/\/newsestlyonnais.fr\/site\/","logo":{"@type":"ImageObject","inLanguage":"fr-FR","@id":"https:\/\/newsestlyonnais.fr\/site\/#\/schema\/logo\/image\/","url":"","contentUrl":"","caption":"News EST LYONNAIS"},"image":{"@id":"https:\/\/newsestlyonnais.fr\/site\/#\/schema\/logo\/image\/"}},{"@type":"Person","@id":"https:\/\/newsestlyonnais.fr\/site\/#\/schema\/person\/3230d5615f390bb808365d673001e887","name":"R\u00e9dac. NEWS","sameAs":["http:\/\/www.newsestlyonnais.fr","https:\/\/www.facebook.com\/pascal.oberson.1?fref=ts","https:\/\/fr.linkedin.com\/in\/pascal-oberson-b17045113"],"url":"https:\/\/newsestlyonnais.fr\/site\/author\/nel\/"}]}},"_links":{"self":[{"href":"https:\/\/newsestlyonnais.fr\/site\/wp-json\/wp\/v2\/posts\/39148","targetHints":{"allow":["GET"]}}],"collection":[{"href":"https:\/\/newsestlyonnais.fr\/site\/wp-json\/wp\/v2\/posts"}],"about":[{"href":"https:\/\/newsestlyonnais.fr\/site\/wp-json\/wp\/v2\/types\/post"}],"author":[{"embeddable":true,"href":"https:\/\/newsestlyonnais.fr\/site\/wp-json\/wp\/v2\/users\/4"}],"replies":[{"embeddable":true,"href":"https:\/\/newsestlyonnais.fr\/site\/wp-json\/wp\/v2\/comments?post=39148"}],"version-history":[{"count":0,"href":"https:\/\/newsestlyonnais.fr\/site\/wp-json\/wp\/v2\/posts\/39148\/revisions"}],"wp:featuredmedia":[{"embeddable":true,"href":"https:\/\/newsestlyonnais.fr\/site\/wp-json\/wp\/v2\/media\/39162"}],"wp:attachment":[{"href":"https:\/\/newsestlyonnais.fr\/site\/wp-json\/wp\/v2\/media?parent=39148"}],"wp:term":[{"taxonomy":"category","embeddable":true,"href":"https:\/\/newsestlyonnais.fr\/site\/wp-json\/wp\/v2\/categories?post=39148"},{"taxonomy":"post_tag","embeddable":true,"href":"https:\/\/newsestlyonnais.fr\/site\/wp-json\/wp\/v2\/tags?post=39148"}],"curies":[{"name":"wp","href":"https:\/\/api.w.org\/{rel}","templated":true}]}}