{"id":39163,"date":"2017-11-26T16:28:47","date_gmt":"2017-11-26T15:28:47","guid":{"rendered":"http:\/\/newsestlyonnais.fr\/site\/?p=39163"},"modified":"2020-11-12T14:13:34","modified_gmt":"2020-11-12T13:13:34","slug":"bron-tribune-charles-tourdes-inauguree-dimanche-matin","status":"publish","type":"post","link":"https:\/\/newsestlyonnais.fr\/site\/2017\/11\/26\/bron-tribune-charles-tourdes-inauguree-dimanche-matin\/","title":{"rendered":"BRON | La tribune Charles Tourdes inaugur\u00e9e ce dimanche matin"},"content":{"rendered":"<h4>Emouvante c\u00e9r\u00e9monie en hommage \u00e0 Charles Tourdes, ce dimanche matin au stade Pierre Duboeuf dont la tribune portera d\u00e9sormais son nom.<\/h4>\n<p>Famille, amis, \u00e9lus, agents municipaux, repr\u00e9sentants d&rsquo;associations locales, ils \u00e9taient nombreux \u00e0 vouloir assister \u00e0 ce moment de recueillement qui s&rsquo;est symboliquement d\u00e9roul\u00e9 sous le soleil.<\/p>\n<p>L&rsquo;occasion pour les personnalit\u00e9s pr\u00e9sentes de revenir sur le brillant parcours (professionnel, politique, associatif et syndicaliste) de cet ancien \u00e9lu local, disparu \u00e0 l&rsquo;\u00e9t\u00e9 2016 et tr\u00e8s appr\u00e9ci\u00e9 et impliqu\u00e9 sur la commune. Sans oublier sa grande famille pr\u00e9sente et notamment son \u00e9pouse Josiane, ses 2 filles C\u00e9line &amp; St\u00e9phanie et ses 2 petits-enfants.<\/p>\n<p>C&rsquo;est Karim Nafti (responsable des installations sportives) qui a eu l&rsquo;id\u00e9e de donner le nom de Charles Tourdes \u00e0 la tribune de ce stade municipal, qui \u00e9tait un peu sa seconde maison, tellement il y \u00e9tait pr\u00e9sent, entre autres, pour des rencontres de rugby dont il \u00e9tait d&rsquo;ailleurs pr\u00e9sident d&rsquo;honneur du club brondillant. Apr\u00e8s un vote du Conseil Municipal, deux plaques \u00e0 son nom ont donc \u00e9t\u00e9 d\u00e9voil\u00e9es ce dimanche matin.<\/p>\n<div id='gallery-1' class='gallery galleryid-39163 gallery-columns-3 gallery-size-thumbnail'><figure class='gallery-item'>\n\t\t\t<div class='gallery-icon landscape'>\n\t\t\t\t<a href='https:\/\/newsestlyonnais.fr\/site\/2017\/11\/26\/bron-tribune-charles-tourdes-inauguree-dimanche-matin\/newsestlyonnais-charles-tourdes\/'><img loading=\"lazy\" decoding=\"async\" width=\"150\" height=\"150\" src=\"https:\/\/newsestlyonnais.fr\/site\/wp-content\/uploads\/2017\/11\/NEWSESTLYONNAIS-CHARLES-TOURDES-150x150.jpeg\" class=\"attachment-thumbnail size-thumbnail\" alt=\"NEWSESTLYONNAIS - CHARLES TOURDES\" aria-describedby=\"gallery-1-39189\" srcset=\"https:\/\/newsestlyonnais.fr\/site\/wp-content\/uploads\/2017\/11\/NEWSESTLYONNAIS-CHARLES-TOURDES-150x150.jpeg 150w, https:\/\/newsestlyonnais.fr\/site\/wp-content\/uploads\/2017\/11\/NEWSESTLYONNAIS-CHARLES-TOURDES.jpeg 180w\" sizes=\"auto, (max-width: 150px) 100vw, 150px\" \/><\/a>\n\t\t\t<\/div>\n\t\t\t\t<figcaption class='wp-caption-text gallery-caption' id='gallery-1-39189'>\n\t\t\t\tCharles Tourdes, d\u00e9c\u00e9d\u00e9 en juillet 2016, \u00e9tait adjoint au maire depuis 1995\n\t\t\t\t<\/figcaption><\/figure><figure class='gallery-item'>\n\t\t\t<div class='gallery-icon landscape'>\n\t\t\t\t<a href='https:\/\/newsestlyonnais.fr\/site\/2017\/11\/26\/bron-tribune-charles-tourdes-inauguree-dimanche-matin\/newsestlyonnais-inaug-tribune\/'><img loading=\"lazy\" decoding=\"async\" width=\"150\" height=\"150\" src=\"https:\/\/newsestlyonnais.fr\/site\/wp-content\/uploads\/2017\/11\/NEWSESTLYONNAIS-INAUG-TRIBUNE-150x150.jpg\" class=\"attachment-thumbnail size-thumbnail\" alt=\"NEWSESTLYONNAIS - INAUG TRIBUNE\" \/><\/a>\n\t\t\t<\/div><\/figure><figure class='gallery-item'>\n\t\t\t<div class='gallery-icon landscape'>\n\t\t\t\t<a href='https:\/\/newsestlyonnais.fr\/site\/2017\/11\/26\/bron-tribune-charles-tourdes-inauguree-dimanche-matin\/newsestlyonnais-aile-tribune-duboeuf\/'><img loading=\"lazy\" decoding=\"async\" width=\"150\" height=\"150\" src=\"https:\/\/newsestlyonnais.fr\/site\/wp-content\/uploads\/2017\/11\/NEWSESTLYONNAIS-AILE-TRIBUNE-DUBOEUF--150x150.jpg\" class=\"attachment-thumbnail size-thumbnail\" alt=\"NEWSESTLYONNAIS - AILE TRIBUNE DUBOEUF\" aria-describedby=\"gallery-1-39186\" \/><\/a>\n\t\t\t<\/div>\n\t\t\t\t<figcaption class='wp-caption-text gallery-caption' id='gallery-1-39186'>\n\t\t\t\tUne des 2 plaques appos\u00e9e sur l&rsquo;aile de la tribune\n\t\t\t\t<\/figcaption><\/figure><figure class='gallery-item'>\n\t\t\t<div class='gallery-icon landscape'>\n\t\t\t\t<a href='https:\/\/newsestlyonnais.fr\/site\/2017\/11\/26\/bron-tribune-charles-tourdes-inauguree-dimanche-matin\/newsestlyonnais-famille-tourdes\/'><img loading=\"lazy\" decoding=\"async\" width=\"150\" height=\"150\" src=\"https:\/\/newsestlyonnais.fr\/site\/wp-content\/uploads\/2017\/11\/NEWSESTLYONNAIS-FAMILLE-TOURDES-150x150.jpg\" class=\"attachment-thumbnail size-thumbnail\" alt=\"NEWSESTLYONNAIS - FAMILLE TOURDES\" aria-describedby=\"gallery-1-39194\" \/><\/a>\n\t\t\t<\/div>\n\t\t\t\t<figcaption class='wp-caption-text gallery-caption' id='gallery-1-39194'>\n\t\t\t\tLa famille Tourdes venue en nombre pour cette \u00e9mouvante c\u00e9r\u00e9monie\n\t\t\t\t<\/figcaption><\/figure><figure class='gallery-item'>\n\t\t\t<div class='gallery-icon landscape'>\n\t\t\t\t<a href='https:\/\/newsestlyonnais.fr\/site\/2017\/11\/26\/bron-tribune-charles-tourdes-inauguree-dimanche-matin\/newsestlyonnais-6stephanie-tourdes\/'><img loading=\"lazy\" decoding=\"async\" width=\"150\" height=\"150\" src=\"https:\/\/newsestlyonnais.fr\/site\/wp-content\/uploads\/2017\/11\/NEWSESTLYONNAIS-6stephanie-tourdes-150x150.jpg\" class=\"attachment-thumbnail size-thumbnail\" alt=\"\" aria-describedby=\"gallery-1-39195\" \/><\/a>\n\t\t\t<\/div>\n\t\t\t\t<figcaption class='wp-caption-text gallery-caption' id='gallery-1-39195'>\n\t\t\t\tSa fille St\u00e9phanie Tourdes-Vella est intervenue ainsi que diverses personnalit\u00e9s lors de cet hommage  \n\t\t\t\t<\/figcaption><\/figure>\n\t\t<\/div>\n\n","protected":false},"excerpt":{"rendered":"<p>Emouvante c\u00e9r\u00e9monie en hommage \u00e0 Charles Tourdes, ce dimanche matin au stade Pierre Duboeuf dont la tribune portera d\u00e9sormais son nom. Famille, amis, \u00e9lus, agents municipaux, repr\u00e9sentants d&rsquo;associations locales, ils \u00e9taient nombreux \u00e0 vouloir assister \u00e0 ce moment de recueillement qui s&rsquo;est symboliquement d\u00e9roul\u00e9 sous le soleil. L&rsquo;occasion pour les personnalit\u00e9s pr\u00e9sentes de revenir sur [&hellip;]<\/p>\n","protected":false},"author":4,"featured_media":39165,"comment_status":"open","ping_status":"open","sticky":false,"template":"","format":"standard","meta":{"footnotes":""},"categories":[574,19,166,2996,2999],"tags":[],"class_list":["post-39163","post","type-post","status-publish","format-standard","has-post-thumbnail","hentry","category-autres-sports","category-bron","category-divers-sports","category-football-rugby","category-rugby-a-xv-sports"],"yoast_head":"<!-- This site is optimized with the Yoast SEO plugin v27.2 - https:\/\/yoast.com\/product\/yoast-seo-wordpress\/ -->\n<title>BRON : La tribune Charles Tourdes inaugur\u00e9e ce dimanche matin<\/title>\n<meta name=\"description\" content=\"BRON : La tribune Charles Tourdes inaugur\u00e9e ce dimanche matin\" \/>\n<meta name=\"robots\" content=\"index, follow, max-snippet:-1, max-image-preview:large, max-video-preview:-1\" \/>\n<link rel=\"canonical\" href=\"https:\/\/newsestlyonnais.fr\/site\/2017\/11\/26\/bron-tribune-charles-tourdes-inauguree-dimanche-matin\/\" \/>\n<meta property=\"og:locale\" content=\"fr_FR\" \/>\n<meta property=\"og:type\" content=\"article\" \/>\n<meta property=\"og:title\" content=\"BRON : La tribune Charles Tourdes inaugur\u00e9e ce dimanche matin\" \/>\n<meta property=\"og:description\" content=\"BRON : La tribune Charles Tourdes inaugur\u00e9e ce dimanche matin\" \/>\n<meta property=\"og:url\" content=\"https:\/\/newsestlyonnais.fr\/site\/2017\/11\/26\/bron-tribune-charles-tourdes-inauguree-dimanche-matin\/\" \/>\n<meta property=\"og:site_name\" content=\"News Est Lyonnais\" \/>\n<meta property=\"article:author\" content=\"https:\/\/www.facebook.com\/pascal.oberson.1?fref=ts\" \/>\n<meta property=\"article:published_time\" content=\"2017-11-26T15:28:47+00:00\" \/>\n<meta property=\"article:modified_time\" content=\"2020-11-12T13:13:34+00:00\" \/>\n<meta property=\"og:image\" content=\"https:\/\/i1.wp.com\/newsestlyonnais.fr\/site\/wp-content\/uploads\/2017\/11\/NEWSESTLYONNAIS-INAUG-TRIBUNE.jpg?fit=2048%2C1536&ssl=1\" \/>\n\t<meta property=\"og:image:width\" content=\"2048\" \/>\n\t<meta property=\"og:image:height\" content=\"1536\" \/>\n\t<meta property=\"og:image:type\" content=\"image\/jpeg\" \/>\n<meta name=\"author\" content=\"R\u00e9dac. NEWS\" \/>\n<meta name=\"twitter:card\" content=\"summary_large_image\" \/>\n<meta name=\"twitter:label1\" content=\"\u00c9crit par\" \/>\n\t<meta name=\"twitter:data1\" content=\"R\u00e9dac. NEWS\" \/>\n\t<meta name=\"twitter:label2\" content=\"Dur\u00e9e de lecture estim\u00e9e\" \/>\n\t<meta name=\"twitter:data2\" content=\"1 minute\" \/>\n<script type=\"application\/ld+json\" class=\"yoast-schema-graph\">{\"@context\":\"https:\/\/schema.org\",\"@graph\":[{\"@type\":\"Article\",\"@id\":\"https:\/\/newsestlyonnais.fr\/site\/2017\/11\/26\/bron-tribune-charles-tourdes-inauguree-dimanche-matin\/#article\",\"isPartOf\":{\"@id\":\"https:\/\/newsestlyonnais.fr\/site\/2017\/11\/26\/bron-tribune-charles-tourdes-inauguree-dimanche-matin\/\"},\"author\":{\"name\":\"R\u00e9dac. NEWS\",\"@id\":\"https:\/\/newsestlyonnais.fr\/site\/#\/schema\/person\/3230d5615f390bb808365d673001e887\"},\"headline\":\"BRON | La tribune Charles Tourdes inaugur\u00e9e ce dimanche matin\",\"datePublished\":\"2017-11-26T15:28:47+00:00\",\"dateModified\":\"2020-11-12T13:13:34+00:00\",\"mainEntityOfPage\":{\"@id\":\"https:\/\/newsestlyonnais.fr\/site\/2017\/11\/26\/bron-tribune-charles-tourdes-inauguree-dimanche-matin\/\"},\"wordCount\":203,\"commentCount\":0,\"publisher\":{\"@id\":\"https:\/\/newsestlyonnais.fr\/site\/#organization\"},\"image\":{\"@id\":\"https:\/\/newsestlyonnais.fr\/site\/2017\/11\/26\/bron-tribune-charles-tourdes-inauguree-dimanche-matin\/#primaryimage\"},\"thumbnailUrl\":\"https:\/\/newsestlyonnais.fr\/site\/wp-content\/uploads\/2017\/11\/NEWSESTLYONNAIS-INAUG-TRIBUNE.jpg\",\"articleSection\":[\"Autres sports\",\"Bron\",\"Divers Sports\",\"Foot | Rugby\",\"Rugby \u00e0 XV\"],\"inLanguage\":\"fr-FR\",\"potentialAction\":[{\"@type\":\"CommentAction\",\"name\":\"Comment\",\"target\":[\"https:\/\/newsestlyonnais.fr\/site\/2017\/11\/26\/bron-tribune-charles-tourdes-inauguree-dimanche-matin\/#respond\"]}]},{\"@type\":\"WebPage\",\"@id\":\"https:\/\/newsestlyonnais.fr\/site\/2017\/11\/26\/bron-tribune-charles-tourdes-inauguree-dimanche-matin\/\",\"url\":\"https:\/\/newsestlyonnais.fr\/site\/2017\/11\/26\/bron-tribune-charles-tourdes-inauguree-dimanche-matin\/\",\"name\":\"BRON : La tribune Charles Tourdes inaugur\u00e9e ce dimanche matin\",\"isPartOf\":{\"@id\":\"https:\/\/newsestlyonnais.fr\/site\/#website\"},\"primaryImageOfPage\":{\"@id\":\"https:\/\/newsestlyonnais.fr\/site\/2017\/11\/26\/bron-tribune-charles-tourdes-inauguree-dimanche-matin\/#primaryimage\"},\"image\":{\"@id\":\"https:\/\/newsestlyonnais.fr\/site\/2017\/11\/26\/bron-tribune-charles-tourdes-inauguree-dimanche-matin\/#primaryimage\"},\"thumbnailUrl\":\"https:\/\/newsestlyonnais.fr\/site\/wp-content\/uploads\/2017\/11\/NEWSESTLYONNAIS-INAUG-TRIBUNE.jpg\",\"datePublished\":\"2017-11-26T15:28:47+00:00\",\"dateModified\":\"2020-11-12T13:13:34+00:00\",\"description\":\"BRON : La tribune Charles Tourdes inaugur\u00e9e ce dimanche matin\",\"breadcrumb\":{\"@id\":\"https:\/\/newsestlyonnais.fr\/site\/2017\/11\/26\/bron-tribune-charles-tourdes-inauguree-dimanche-matin\/#breadcrumb\"},\"inLanguage\":\"fr-FR\",\"potentialAction\":[{\"@type\":\"ReadAction\",\"target\":[\"https:\/\/newsestlyonnais.fr\/site\/2017\/11\/26\/bron-tribune-charles-tourdes-inauguree-dimanche-matin\/\"]}]},{\"@type\":\"ImageObject\",\"inLanguage\":\"fr-FR\",\"@id\":\"https:\/\/newsestlyonnais.fr\/site\/2017\/11\/26\/bron-tribune-charles-tourdes-inauguree-dimanche-matin\/#primaryimage\",\"url\":\"https:\/\/newsestlyonnais.fr\/site\/wp-content\/uploads\/2017\/11\/NEWSESTLYONNAIS-INAUG-TRIBUNE.jpg\",\"contentUrl\":\"https:\/\/newsestlyonnais.fr\/site\/wp-content\/uploads\/2017\/11\/NEWSESTLYONNAIS-INAUG-TRIBUNE.jpg\",\"width\":2048,\"height\":1536,\"caption\":\"NEWSESTLYONNAIS - INAUG TRIBUNE\"},{\"@type\":\"BreadcrumbList\",\"@id\":\"https:\/\/newsestlyonnais.fr\/site\/2017\/11\/26\/bron-tribune-charles-tourdes-inauguree-dimanche-matin\/#breadcrumb\",\"itemListElement\":[{\"@type\":\"ListItem\",\"position\":1,\"name\":\"Accueil\",\"item\":\"https:\/\/newsestlyonnais.fr\/site\/\"},{\"@type\":\"ListItem\",\"position\":2,\"name\":\"BRON | La tribune Charles Tourdes inaugur\u00e9e ce dimanche matin\"}]},{\"@type\":\"WebSite\",\"@id\":\"https:\/\/newsestlyonnais.fr\/site\/#website\",\"url\":\"https:\/\/newsestlyonnais.fr\/site\/\",\"name\":\"News Est Lyonnais\",\"description\":\"L&#039;actualit\u00e9 au plus pr\u00e8s\",\"publisher\":{\"@id\":\"https:\/\/newsestlyonnais.fr\/site\/#organization\"},\"potentialAction\":[{\"@type\":\"SearchAction\",\"target\":{\"@type\":\"EntryPoint\",\"urlTemplate\":\"https:\/\/newsestlyonnais.fr\/site\/?s={search_term_string}\"},\"query-input\":{\"@type\":\"PropertyValueSpecification\",\"valueRequired\":true,\"valueName\":\"search_term_string\"}}],\"inLanguage\":\"fr-FR\"},{\"@type\":\"Organization\",\"@id\":\"https:\/\/newsestlyonnais.fr\/site\/#organization\",\"name\":\"News EST LYONNAIS\",\"url\":\"https:\/\/newsestlyonnais.fr\/site\/\",\"logo\":{\"@type\":\"ImageObject\",\"inLanguage\":\"fr-FR\",\"@id\":\"https:\/\/newsestlyonnais.fr\/site\/#\/schema\/logo\/image\/\",\"url\":\"\",\"contentUrl\":\"\",\"caption\":\"News EST LYONNAIS\"},\"image\":{\"@id\":\"https:\/\/newsestlyonnais.fr\/site\/#\/schema\/logo\/image\/\"}},{\"@type\":\"Person\",\"@id\":\"https:\/\/newsestlyonnais.fr\/site\/#\/schema\/person\/3230d5615f390bb808365d673001e887\",\"name\":\"R\u00e9dac. NEWS\",\"sameAs\":[\"http:\/\/www.newsestlyonnais.fr\",\"https:\/\/www.facebook.com\/pascal.oberson.1?fref=ts\",\"https:\/\/fr.linkedin.com\/in\/pascal-oberson-b17045113\"],\"url\":\"https:\/\/newsestlyonnais.fr\/site\/author\/nel\/\"}]}<\/script>\n<!-- \/ Yoast SEO plugin. -->","yoast_head_json":{"title":"BRON : La tribune Charles Tourdes inaugur\u00e9e ce dimanche matin","description":"BRON : La tribune Charles Tourdes inaugur\u00e9e ce dimanche matin","robots":{"index":"index","follow":"follow","max-snippet":"max-snippet:-1","max-image-preview":"max-image-preview:large","max-video-preview":"max-video-preview:-1"},"canonical":"https:\/\/newsestlyonnais.fr\/site\/2017\/11\/26\/bron-tribune-charles-tourdes-inauguree-dimanche-matin\/","og_locale":"fr_FR","og_type":"article","og_title":"BRON : La tribune Charles Tourdes inaugur\u00e9e ce dimanche matin","og_description":"BRON : La tribune Charles Tourdes inaugur\u00e9e ce dimanche matin","og_url":"https:\/\/newsestlyonnais.fr\/site\/2017\/11\/26\/bron-tribune-charles-tourdes-inauguree-dimanche-matin\/","og_site_name":"News Est Lyonnais","article_author":"https:\/\/www.facebook.com\/pascal.oberson.1?fref=ts","article_published_time":"2017-11-26T15:28:47+00:00","article_modified_time":"2020-11-12T13:13:34+00:00","og_image":[{"width":2048,"height":1536,"url":"https:\/\/i1.wp.com\/newsestlyonnais.fr\/site\/wp-content\/uploads\/2017\/11\/NEWSESTLYONNAIS-INAUG-TRIBUNE.jpg?fit=2048%2C1536&ssl=1","type":"image\/jpeg"}],"author":"R\u00e9dac. NEWS","twitter_card":"summary_large_image","twitter_misc":{"\u00c9crit par":"R\u00e9dac. NEWS","Dur\u00e9e de lecture estim\u00e9e":"1 minute"},"schema":{"@context":"https:\/\/schema.org","@graph":[{"@type":"Article","@id":"https:\/\/newsestlyonnais.fr\/site\/2017\/11\/26\/bron-tribune-charles-tourdes-inauguree-dimanche-matin\/#article","isPartOf":{"@id":"https:\/\/newsestlyonnais.fr\/site\/2017\/11\/26\/bron-tribune-charles-tourdes-inauguree-dimanche-matin\/"},"author":{"name":"R\u00e9dac. NEWS","@id":"https:\/\/newsestlyonnais.fr\/site\/#\/schema\/person\/3230d5615f390bb808365d673001e887"},"headline":"BRON | La tribune Charles Tourdes inaugur\u00e9e ce dimanche matin","datePublished":"2017-11-26T15:28:47+00:00","dateModified":"2020-11-12T13:13:34+00:00","mainEntityOfPage":{"@id":"https:\/\/newsestlyonnais.fr\/site\/2017\/11\/26\/bron-tribune-charles-tourdes-inauguree-dimanche-matin\/"},"wordCount":203,"commentCount":0,"publisher":{"@id":"https:\/\/newsestlyonnais.fr\/site\/#organization"},"image":{"@id":"https:\/\/newsestlyonnais.fr\/site\/2017\/11\/26\/bron-tribune-charles-tourdes-inauguree-dimanche-matin\/#primaryimage"},"thumbnailUrl":"https:\/\/newsestlyonnais.fr\/site\/wp-content\/uploads\/2017\/11\/NEWSESTLYONNAIS-INAUG-TRIBUNE.jpg","articleSection":["Autres sports","Bron","Divers Sports","Foot | Rugby","Rugby \u00e0 XV"],"inLanguage":"fr-FR","potentialAction":[{"@type":"CommentAction","name":"Comment","target":["https:\/\/newsestlyonnais.fr\/site\/2017\/11\/26\/bron-tribune-charles-tourdes-inauguree-dimanche-matin\/#respond"]}]},{"@type":"WebPage","@id":"https:\/\/newsestlyonnais.fr\/site\/2017\/11\/26\/bron-tribune-charles-tourdes-inauguree-dimanche-matin\/","url":"https:\/\/newsestlyonnais.fr\/site\/2017\/11\/26\/bron-tribune-charles-tourdes-inauguree-dimanche-matin\/","name":"BRON : La tribune Charles Tourdes inaugur\u00e9e ce dimanche matin","isPartOf":{"@id":"https:\/\/newsestlyonnais.fr\/site\/#website"},"primaryImageOfPage":{"@id":"https:\/\/newsestlyonnais.fr\/site\/2017\/11\/26\/bron-tribune-charles-tourdes-inauguree-dimanche-matin\/#primaryimage"},"image":{"@id":"https:\/\/newsestlyonnais.fr\/site\/2017\/11\/26\/bron-tribune-charles-tourdes-inauguree-dimanche-matin\/#primaryimage"},"thumbnailUrl":"https:\/\/newsestlyonnais.fr\/site\/wp-content\/uploads\/2017\/11\/NEWSESTLYONNAIS-INAUG-TRIBUNE.jpg","datePublished":"2017-11-26T15:28:47+00:00","dateModified":"2020-11-12T13:13:34+00:00","description":"BRON : La tribune Charles Tourdes inaugur\u00e9e ce dimanche matin","breadcrumb":{"@id":"https:\/\/newsestlyonnais.fr\/site\/2017\/11\/26\/bron-tribune-charles-tourdes-inauguree-dimanche-matin\/#breadcrumb"},"inLanguage":"fr-FR","potentialAction":[{"@type":"ReadAction","target":["https:\/\/newsestlyonnais.fr\/site\/2017\/11\/26\/bron-tribune-charles-tourdes-inauguree-dimanche-matin\/"]}]},{"@type":"ImageObject","inLanguage":"fr-FR","@id":"https:\/\/newsestlyonnais.fr\/site\/2017\/11\/26\/bron-tribune-charles-tourdes-inauguree-dimanche-matin\/#primaryimage","url":"https:\/\/newsestlyonnais.fr\/site\/wp-content\/uploads\/2017\/11\/NEWSESTLYONNAIS-INAUG-TRIBUNE.jpg","contentUrl":"https:\/\/newsestlyonnais.fr\/site\/wp-content\/uploads\/2017\/11\/NEWSESTLYONNAIS-INAUG-TRIBUNE.jpg","width":2048,"height":1536,"caption":"NEWSESTLYONNAIS - INAUG TRIBUNE"},{"@type":"BreadcrumbList","@id":"https:\/\/newsestlyonnais.fr\/site\/2017\/11\/26\/bron-tribune-charles-tourdes-inauguree-dimanche-matin\/#breadcrumb","itemListElement":[{"@type":"ListItem","position":1,"name":"Accueil","item":"https:\/\/newsestlyonnais.fr\/site\/"},{"@type":"ListItem","position":2,"name":"BRON | La tribune Charles Tourdes inaugur\u00e9e ce dimanche matin"}]},{"@type":"WebSite","@id":"https:\/\/newsestlyonnais.fr\/site\/#website","url":"https:\/\/newsestlyonnais.fr\/site\/","name":"News Est Lyonnais","description":"L&#039;actualit\u00e9 au plus pr\u00e8s","publisher":{"@id":"https:\/\/newsestlyonnais.fr\/site\/#organization"},"potentialAction":[{"@type":"SearchAction","target":{"@type":"EntryPoint","urlTemplate":"https:\/\/newsestlyonnais.fr\/site\/?s={search_term_string}"},"query-input":{"@type":"PropertyValueSpecification","valueRequired":true,"valueName":"search_term_string"}}],"inLanguage":"fr-FR"},{"@type":"Organization","@id":"https:\/\/newsestlyonnais.fr\/site\/#organization","name":"News EST LYONNAIS","url":"https:\/\/newsestlyonnais.fr\/site\/","logo":{"@type":"ImageObject","inLanguage":"fr-FR","@id":"https:\/\/newsestlyonnais.fr\/site\/#\/schema\/logo\/image\/","url":"","contentUrl":"","caption":"News EST LYONNAIS"},"image":{"@id":"https:\/\/newsestlyonnais.fr\/site\/#\/schema\/logo\/image\/"}},{"@type":"Person","@id":"https:\/\/newsestlyonnais.fr\/site\/#\/schema\/person\/3230d5615f390bb808365d673001e887","name":"R\u00e9dac. NEWS","sameAs":["http:\/\/www.newsestlyonnais.fr","https:\/\/www.facebook.com\/pascal.oberson.1?fref=ts","https:\/\/fr.linkedin.com\/in\/pascal-oberson-b17045113"],"url":"https:\/\/newsestlyonnais.fr\/site\/author\/nel\/"}]}},"_links":{"self":[{"href":"https:\/\/newsestlyonnais.fr\/site\/wp-json\/wp\/v2\/posts\/39163","targetHints":{"allow":["GET"]}}],"collection":[{"href":"https:\/\/newsestlyonnais.fr\/site\/wp-json\/wp\/v2\/posts"}],"about":[{"href":"https:\/\/newsestlyonnais.fr\/site\/wp-json\/wp\/v2\/types\/post"}],"author":[{"embeddable":true,"href":"https:\/\/newsestlyonnais.fr\/site\/wp-json\/wp\/v2\/users\/4"}],"replies":[{"embeddable":true,"href":"https:\/\/newsestlyonnais.fr\/site\/wp-json\/wp\/v2\/comments?post=39163"}],"version-history":[{"count":0,"href":"https:\/\/newsestlyonnais.fr\/site\/wp-json\/wp\/v2\/posts\/39163\/revisions"}],"wp:featuredmedia":[{"embeddable":true,"href":"https:\/\/newsestlyonnais.fr\/site\/wp-json\/wp\/v2\/media\/39165"}],"wp:attachment":[{"href":"https:\/\/newsestlyonnais.fr\/site\/wp-json\/wp\/v2\/media?parent=39163"}],"wp:term":[{"taxonomy":"category","embeddable":true,"href":"https:\/\/newsestlyonnais.fr\/site\/wp-json\/wp\/v2\/categories?post=39163"},{"taxonomy":"post_tag","embeddable":true,"href":"https:\/\/newsestlyonnais.fr\/site\/wp-json\/wp\/v2\/tags?post=39163"}],"curies":[{"name":"wp","href":"https:\/\/api.w.org\/{rel}","templated":true}]}}