{"id":39398,"date":"2017-11-29T07:49:54","date_gmt":"2017-11-29T06:49:54","guid":{"rendered":"http:\/\/newsestlyonnais.fr\/site\/?p=39398"},"modified":"2020-10-30T16:39:25","modified_gmt":"2020-10-30T15:39:25","slug":"genas-prochains-evenements","status":"publish","type":"post","link":"https:\/\/newsestlyonnais.fr\/site\/2017\/11\/29\/genas-prochains-evenements\/","title":{"rendered":"GENAS | Les prochains \u00e9v\u00e8nements"},"content":{"rendered":"<h4>Nombreux sont les \u00e9v\u00e8nements pr\u00e9vus sur la commune genassienne d&rsquo;ici la fin de l&rsquo;ann\u00e9e, en voici les principaux :<\/h4>\n<h4>Demandez le programme !<\/h4>\n<ul>\n<li>\n<div><strong>Vendredi 1\u00b0 d\u00e9cembre \u00e0 19 h<\/strong> :\u00a0 <span style=\"text-decoration: underline;\">\u00ab\u00a0Ol\u00e9\u00a0\u00bb !\u00a0 Spectacle tout public<\/span> (Salle Jacques Anquetil).<\/div>\n<\/li>\n<li>\n<div><strong>Du Samedi 2 au dimanche 10 d\u00e9cembre de 14 h \u00e0 19 h<\/strong> : <span style=\"text-decoration: underline;\">Exposition des \u00ab\u00a0Courants d\u2019arts\u00a0\u00bb<\/span>. (Salle de la Chemin\u00e9e, Espace Gandil). Vernissage le 2 d\u00e9cembre, \u00e0 11 heures.<\/div>\n<\/li>\n<li>\n<div><strong>Du 8 au 24 d\u00e9cembre<\/strong> : <span style=\"text-decoration: underline;\">No\u00ebl \u00e0 la Place<\/span>. (Place de la R\u00e9publique).<\/div>\n<\/li>\n<li><strong>Vendredi 8 d\u00e9cembre<\/strong> : <span style=\"text-decoration: underline;\">La f\u00eate des lumi\u00e8res<\/span> : Des lanternes seront distribu\u00e9es aux enfants, d\u00e8s 17 h 50, \u00e0 l\u2019H\u00f4tel de Ville et le cort\u00e8ge serpentera dans le centre de la ville, accompagn\u00e9 d\u2019un spectacle d\u00e9ambulatoire \u00ab Les M\u00e9duses \u00bb et du \u00ab Lyon\u2019s roller hockey \u00bb. \u00c0 18 h 30, un spectacle avec \u00ab Les Sph\u00e8res \u00bb sera propos\u00e9e rue de l\u2019Egalit\u00e9. Activ\u2019Genas vendra des mets et boissons et offrira un chocolat chaud aux enfants. \u00c0 l\u2019arriv\u00e9e du cort\u00e8ge, un feu d\u2019artifice offert par la Municipalit\u00e9 sera tir\u00e9 depuis le parvis de l\u2019\u00e9glise.<\/li>\n<li>\n<div><strong>Samedi 9 d\u00e9cembre \u00e0 15 h 30<\/strong> : <span style=\"text-decoration: underline;\">Inauguration du Jardin des Murmures<\/span>. (Place de Ronshausen).<\/div>\n<\/li>\n<li>\n<div><strong>Samedi 9 et dimanche 10 d\u00e9cembre de 10 h \u00e0 18 h<\/strong> : <span style=\"text-decoration: underline;\">Exposition-vente<\/span>. (Espace Gandil). \u00ab\u00a0Les doigts agiles\u00a0\u00bb<\/div>\n<\/li>\n<li>\n<div><strong>Dimanche 31 d\u00e9cembre \u00e0 19 h<\/strong> : <span style=\"text-decoration: underline;\">Nuit de la Saint-Sylvestre<\/span>. (Salle Jacques Anquetil). Comit\u00e9 d&rsquo;Animation de la 7.<\/div>\n<\/li>\n<\/ul>\n<hr \/>\n<ul>\n<li>\n<div>\n<div id='gallery-1' class='gallery galleryid-39398 gallery-columns-3 gallery-size-thumbnail'><figure class='gallery-item'>\n\t\t\t<div class='gallery-icon landscape'>\n\t\t\t\t<a href='https:\/\/newsestlyonnais.fr\/site\/newsestlyonnais-noelalaplace-2017\/'><img loading=\"lazy\" decoding=\"async\" width=\"150\" height=\"150\" src=\"https:\/\/newsestlyonnais.fr\/site\/wp-content\/uploads\/2017\/11\/NEWSESTLYONNAIS-NOELALAPLACE-2017-150x150.jpg\" class=\"attachment-thumbnail size-thumbnail\" alt=\"NEWSESTLYONNAIS - NOELALAPLACE 2017\" aria-describedby=\"gallery-1-39371\" \/><\/a>\n\t\t\t<\/div>\n\t\t\t\t<figcaption class='wp-caption-text gallery-caption' id='gallery-1-39371'>\n\t\t\t\tNOEL A LA PLACE\n\t\t\t\t<\/figcaption><\/figure><figure class='gallery-item'>\n\t\t\t<div class='gallery-icon portrait'>\n\t\t\t\t<a href='https:\/\/newsestlyonnais.fr\/site\/newsestlyonnais-noel-a-la-place\/'><img loading=\"lazy\" decoding=\"async\" width=\"150\" height=\"150\" src=\"https:\/\/newsestlyonnais.fr\/site\/wp-content\/uploads\/2017\/11\/NEWSESTLYONNAIS-NOEL-A-LA-PLACE--150x150.jpg\" class=\"attachment-thumbnail size-thumbnail\" alt=\"NEWSESTLYONNAIS - NOEL A LA PLACE\" aria-describedby=\"gallery-1-39372\" \/><\/a>\n\t\t\t<\/div>\n\t\t\t\t<figcaption class='wp-caption-text gallery-caption' id='gallery-1-39372'>\n\t\t\t\tLe programme de NOEL A LA PLACE\n\t\t\t\t<\/figcaption><\/figure><figure class='gallery-item'>\n\t\t\t<div class='gallery-icon portrait'>\n\t\t\t\t<a href='https:\/\/newsestlyonnais.fr\/site\/newsestlyonnais-affiche-expo-2017\/'><img loading=\"lazy\" decoding=\"async\" width=\"150\" height=\"150\" src=\"https:\/\/newsestlyonnais.fr\/site\/wp-content\/uploads\/2017\/11\/NEWSESTLYONNAIS-affiche-EXPO-2017-150x150.jpg\" class=\"attachment-thumbnail size-thumbnail\" alt=\"NEWSESTLYONNAIS - affiche EXPO 2017\" aria-describedby=\"gallery-1-38015\" \/><\/a>\n\t\t\t<\/div>\n\t\t\t\t<figcaption class='wp-caption-text gallery-caption' id='gallery-1-38015'>\n\t\t\t\tEXPO des \u00ab\u00a0Courants d&rsquo;Arts\u00a0\u00bb \n\t\t\t\t<\/figcaption><\/figure><figure class='gallery-item'>\n\t\t\t<div class='gallery-icon landscape'>\n\t\t\t\t<a href='https:\/\/newsestlyonnais.fr\/site\/newsestlyonnais-expo-dec-2017\/'><img loading=\"lazy\" decoding=\"async\" width=\"150\" height=\"150\" src=\"https:\/\/newsestlyonnais.fr\/site\/wp-content\/uploads\/2017\/11\/NEWSESTLYONNAIS-Expo-d\u00e9c-2017-150x150.jpg\" class=\"attachment-thumbnail size-thumbnail\" alt=\"NEWSESTLYONNAIS - Expo d\u00e9c 2017\" aria-describedby=\"gallery-1-38969\" \/><\/a>\n\t\t\t<\/div>\n\t\t\t\t<figcaption class='wp-caption-text gallery-caption' id='gallery-1-38969'>\n\t\t\t\tL&rsquo;affiche de l&rsquo; Expo-vente\n\t\t\t\t<\/figcaption><\/figure><figure class='gallery-item'>\n\t\t\t<div class='gallery-icon portrait'>\n\t\t\t\t<a href='https:\/\/newsestlyonnais.fr\/site\/newsestlyonnais-nuit-sy-sylvestre-bis\/'><img loading=\"lazy\" decoding=\"async\" width=\"150\" height=\"150\" src=\"https:\/\/newsestlyonnais.fr\/site\/wp-content\/uploads\/2017\/10\/NEWSESTLYONNAIS-NUIT-SY-SYLVESTRE-bis-150x150.jpg\" class=\"attachment-thumbnail size-thumbnail\" alt=\"NEWSESTLYONNAIS - NUIT SY SYLVESTRE bis\" aria-describedby=\"gallery-1-37573\" \/><\/a>\n\t\t\t<\/div>\n\t\t\t\t<figcaption class='wp-caption-text gallery-caption' id='gallery-1-37573'>\n\t\t\t\tNUIT de la SAINT SYLVESTRE\n\t\t\t\t<\/figcaption><\/figure>\n\t\t<\/div>\n\n<\/div>\n<div><\/div>\n<div><\/div>\n<\/li>\n<\/ul>\n","protected":false},"excerpt":{"rendered":"<p>Nombreux sont les \u00e9v\u00e8nements pr\u00e9vus sur la commune genassienne d&rsquo;ici la fin de l&rsquo;ann\u00e9e, en voici les principaux : Demandez le programme ! Vendredi 1\u00b0 d\u00e9cembre \u00e0 19 h :\u00a0 \u00ab\u00a0Ol\u00e9\u00a0\u00bb !\u00a0 Spectacle tout public (Salle Jacques Anquetil). Du Samedi 2 au dimanche 10 d\u00e9cembre de 14 h \u00e0 19 h : Exposition des \u00ab\u00a0Courants [&hellip;]<\/p>\n","protected":false},"author":4,"featured_media":7336,"comment_status":"open","ping_status":"open","sticky":false,"template":"","format":"standard","meta":{"footnotes":""},"categories":[3427,270,3329,1598,3007],"tags":[],"class_list":["post-39398","post","type-post","status-publish","format-standard","has-post-thumbnail","hentry","category-arts-creatifs-dessin","category-cte-de-communes-c-c-e-l","category-expos-foires-musees-salons","category-genas","category-peinture-photo-sculpture"],"yoast_head":"<!-- This site is optimized with the Yoast SEO plugin v27.2 - https:\/\/yoast.com\/product\/yoast-seo-wordpress\/ -->\n<title>GENAS : Les prochains \u00e9v\u00e8nements sur la commune !<\/title>\n<meta name=\"description\" content=\"GENAS : Les prochains \u00e9v\u00e8nements sur la commune !\" \/>\n<meta name=\"robots\" content=\"index, follow, max-snippet:-1, max-image-preview:large, max-video-preview:-1\" \/>\n<link rel=\"canonical\" href=\"https:\/\/newsestlyonnais.fr\/site\/2017\/11\/29\/genas-prochains-evenements\/\" \/>\n<meta property=\"og:locale\" content=\"fr_FR\" \/>\n<meta property=\"og:type\" content=\"article\" \/>\n<meta property=\"og:title\" content=\"GENAS : Les prochains \u00e9v\u00e8nements sur la commune !\" \/>\n<meta property=\"og:description\" content=\"GENAS : Les prochains \u00e9v\u00e8nements sur la commune !\" \/>\n<meta property=\"og:url\" content=\"https:\/\/newsestlyonnais.fr\/site\/2017\/11\/29\/genas-prochains-evenements\/\" \/>\n<meta property=\"og:site_name\" content=\"News Est Lyonnais\" \/>\n<meta property=\"article:author\" content=\"https:\/\/www.facebook.com\/pascal.oberson.1?fref=ts\" \/>\n<meta property=\"article:published_time\" content=\"2017-11-29T06:49:54+00:00\" \/>\n<meta property=\"article:modified_time\" content=\"2020-10-30T15:39:25+00:00\" \/>\n<meta property=\"og:image\" content=\"https:\/\/i1.wp.com\/newsestlyonnais.fr\/site\/wp-content\/uploads\/2016\/05\/NEWSESTLYONNAISPANNEAUGENAS.jpg?fit=1000%2C750&ssl=1\" \/>\n\t<meta property=\"og:image:width\" content=\"1000\" \/>\n\t<meta property=\"og:image:height\" content=\"750\" \/>\n\t<meta property=\"og:image:type\" content=\"image\/jpeg\" \/>\n<meta name=\"author\" content=\"R\u00e9dac. NEWS\" \/>\n<meta name=\"twitter:card\" content=\"summary_large_image\" \/>\n<meta name=\"twitter:label1\" content=\"\u00c9crit par\" \/>\n\t<meta name=\"twitter:data1\" content=\"R\u00e9dac. NEWS\" \/>\n\t<meta name=\"twitter:label2\" content=\"Dur\u00e9e de lecture estim\u00e9e\" \/>\n\t<meta name=\"twitter:data2\" content=\"1 minute\" \/>\n<script type=\"application\/ld+json\" class=\"yoast-schema-graph\">{\"@context\":\"https:\/\/schema.org\",\"@graph\":[{\"@type\":\"Article\",\"@id\":\"https:\/\/newsestlyonnais.fr\/site\/2017\/11\/29\/genas-prochains-evenements\/#article\",\"isPartOf\":{\"@id\":\"https:\/\/newsestlyonnais.fr\/site\/2017\/11\/29\/genas-prochains-evenements\/\"},\"author\":{\"name\":\"R\u00e9dac. NEWS\",\"@id\":\"https:\/\/newsestlyonnais.fr\/site\/#\/schema\/person\/3230d5615f390bb808365d673001e887\"},\"headline\":\"GENAS | Les prochains \u00e9v\u00e8nements\",\"datePublished\":\"2017-11-29T06:49:54+00:00\",\"dateModified\":\"2020-10-30T15:39:25+00:00\",\"mainEntityOfPage\":{\"@id\":\"https:\/\/newsestlyonnais.fr\/site\/2017\/11\/29\/genas-prochains-evenements\/\"},\"wordCount\":227,\"commentCount\":0,\"publisher\":{\"@id\":\"https:\/\/newsestlyonnais.fr\/site\/#organization\"},\"image\":{\"@id\":\"https:\/\/newsestlyonnais.fr\/site\/2017\/11\/29\/genas-prochains-evenements\/#primaryimage\"},\"thumbnailUrl\":\"https:\/\/newsestlyonnais.fr\/site\/wp-content\/uploads\/2016\/05\/NEWSESTLYONNAISPANNEAUGENAS.jpg\",\"articleSection\":[\"Arts cr\u00e9atifs | Dessin\",\"CCEL | Communes\",\"Expos | Foires | Mus\u00e9es | Salons\",\"Genas\",\"Peinture | Photo | Sculpture\"],\"inLanguage\":\"fr-FR\",\"potentialAction\":[{\"@type\":\"CommentAction\",\"name\":\"Comment\",\"target\":[\"https:\/\/newsestlyonnais.fr\/site\/2017\/11\/29\/genas-prochains-evenements\/#respond\"]}]},{\"@type\":\"WebPage\",\"@id\":\"https:\/\/newsestlyonnais.fr\/site\/2017\/11\/29\/genas-prochains-evenements\/\",\"url\":\"https:\/\/newsestlyonnais.fr\/site\/2017\/11\/29\/genas-prochains-evenements\/\",\"name\":\"GENAS : Les prochains \u00e9v\u00e8nements sur la commune !\",\"isPartOf\":{\"@id\":\"https:\/\/newsestlyonnais.fr\/site\/#website\"},\"primaryImageOfPage\":{\"@id\":\"https:\/\/newsestlyonnais.fr\/site\/2017\/11\/29\/genas-prochains-evenements\/#primaryimage\"},\"image\":{\"@id\":\"https:\/\/newsestlyonnais.fr\/site\/2017\/11\/29\/genas-prochains-evenements\/#primaryimage\"},\"thumbnailUrl\":\"https:\/\/newsestlyonnais.fr\/site\/wp-content\/uploads\/2016\/05\/NEWSESTLYONNAISPANNEAUGENAS.jpg\",\"datePublished\":\"2017-11-29T06:49:54+00:00\",\"dateModified\":\"2020-10-30T15:39:25+00:00\",\"description\":\"GENAS : Les prochains \u00e9v\u00e8nements sur la commune !\",\"breadcrumb\":{\"@id\":\"https:\/\/newsestlyonnais.fr\/site\/2017\/11\/29\/genas-prochains-evenements\/#breadcrumb\"},\"inLanguage\":\"fr-FR\",\"potentialAction\":[{\"@type\":\"ReadAction\",\"target\":[\"https:\/\/newsestlyonnais.fr\/site\/2017\/11\/29\/genas-prochains-evenements\/\"]}]},{\"@type\":\"ImageObject\",\"inLanguage\":\"fr-FR\",\"@id\":\"https:\/\/newsestlyonnais.fr\/site\/2017\/11\/29\/genas-prochains-evenements\/#primaryimage\",\"url\":\"https:\/\/newsestlyonnais.fr\/site\/wp-content\/uploads\/2016\/05\/NEWSESTLYONNAISPANNEAUGENAS.jpg\",\"contentUrl\":\"https:\/\/newsestlyonnais.fr\/site\/wp-content\/uploads\/2016\/05\/NEWSESTLYONNAISPANNEAUGENAS.jpg\",\"width\":1000,\"height\":750,\"caption\":\"NEWSESTLYONNAISPANNEAUGENAS\"},{\"@type\":\"BreadcrumbList\",\"@id\":\"https:\/\/newsestlyonnais.fr\/site\/2017\/11\/29\/genas-prochains-evenements\/#breadcrumb\",\"itemListElement\":[{\"@type\":\"ListItem\",\"position\":1,\"name\":\"Accueil\",\"item\":\"https:\/\/newsestlyonnais.fr\/site\/\"},{\"@type\":\"ListItem\",\"position\":2,\"name\":\"GENAS | Les prochains \u00e9v\u00e8nements\"}]},{\"@type\":\"WebSite\",\"@id\":\"https:\/\/newsestlyonnais.fr\/site\/#website\",\"url\":\"https:\/\/newsestlyonnais.fr\/site\/\",\"name\":\"News Est Lyonnais\",\"description\":\"L&#039;actualit\u00e9 au plus pr\u00e8s\",\"publisher\":{\"@id\":\"https:\/\/newsestlyonnais.fr\/site\/#organization\"},\"potentialAction\":[{\"@type\":\"SearchAction\",\"target\":{\"@type\":\"EntryPoint\",\"urlTemplate\":\"https:\/\/newsestlyonnais.fr\/site\/?s={search_term_string}\"},\"query-input\":{\"@type\":\"PropertyValueSpecification\",\"valueRequired\":true,\"valueName\":\"search_term_string\"}}],\"inLanguage\":\"fr-FR\"},{\"@type\":\"Organization\",\"@id\":\"https:\/\/newsestlyonnais.fr\/site\/#organization\",\"name\":\"News EST LYONNAIS\",\"url\":\"https:\/\/newsestlyonnais.fr\/site\/\",\"logo\":{\"@type\":\"ImageObject\",\"inLanguage\":\"fr-FR\",\"@id\":\"https:\/\/newsestlyonnais.fr\/site\/#\/schema\/logo\/image\/\",\"url\":\"\",\"contentUrl\":\"\",\"caption\":\"News EST LYONNAIS\"},\"image\":{\"@id\":\"https:\/\/newsestlyonnais.fr\/site\/#\/schema\/logo\/image\/\"}},{\"@type\":\"Person\",\"@id\":\"https:\/\/newsestlyonnais.fr\/site\/#\/schema\/person\/3230d5615f390bb808365d673001e887\",\"name\":\"R\u00e9dac. NEWS\",\"sameAs\":[\"http:\/\/www.newsestlyonnais.fr\",\"https:\/\/www.facebook.com\/pascal.oberson.1?fref=ts\",\"https:\/\/fr.linkedin.com\/in\/pascal-oberson-b17045113\"],\"url\":\"https:\/\/newsestlyonnais.fr\/site\/author\/nel\/\"}]}<\/script>\n<!-- \/ Yoast SEO plugin. -->","yoast_head_json":{"title":"GENAS : Les prochains \u00e9v\u00e8nements sur la commune !","description":"GENAS : Les prochains \u00e9v\u00e8nements sur la commune !","robots":{"index":"index","follow":"follow","max-snippet":"max-snippet:-1","max-image-preview":"max-image-preview:large","max-video-preview":"max-video-preview:-1"},"canonical":"https:\/\/newsestlyonnais.fr\/site\/2017\/11\/29\/genas-prochains-evenements\/","og_locale":"fr_FR","og_type":"article","og_title":"GENAS : Les prochains \u00e9v\u00e8nements sur la commune !","og_description":"GENAS : Les prochains \u00e9v\u00e8nements sur la commune !","og_url":"https:\/\/newsestlyonnais.fr\/site\/2017\/11\/29\/genas-prochains-evenements\/","og_site_name":"News Est Lyonnais","article_author":"https:\/\/www.facebook.com\/pascal.oberson.1?fref=ts","article_published_time":"2017-11-29T06:49:54+00:00","article_modified_time":"2020-10-30T15:39:25+00:00","og_image":[{"width":1000,"height":750,"url":"https:\/\/i1.wp.com\/newsestlyonnais.fr\/site\/wp-content\/uploads\/2016\/05\/NEWSESTLYONNAISPANNEAUGENAS.jpg?fit=1000%2C750&ssl=1","type":"image\/jpeg"}],"author":"R\u00e9dac. NEWS","twitter_card":"summary_large_image","twitter_misc":{"\u00c9crit par":"R\u00e9dac. NEWS","Dur\u00e9e de lecture estim\u00e9e":"1 minute"},"schema":{"@context":"https:\/\/schema.org","@graph":[{"@type":"Article","@id":"https:\/\/newsestlyonnais.fr\/site\/2017\/11\/29\/genas-prochains-evenements\/#article","isPartOf":{"@id":"https:\/\/newsestlyonnais.fr\/site\/2017\/11\/29\/genas-prochains-evenements\/"},"author":{"name":"R\u00e9dac. NEWS","@id":"https:\/\/newsestlyonnais.fr\/site\/#\/schema\/person\/3230d5615f390bb808365d673001e887"},"headline":"GENAS | Les prochains \u00e9v\u00e8nements","datePublished":"2017-11-29T06:49:54+00:00","dateModified":"2020-10-30T15:39:25+00:00","mainEntityOfPage":{"@id":"https:\/\/newsestlyonnais.fr\/site\/2017\/11\/29\/genas-prochains-evenements\/"},"wordCount":227,"commentCount":0,"publisher":{"@id":"https:\/\/newsestlyonnais.fr\/site\/#organization"},"image":{"@id":"https:\/\/newsestlyonnais.fr\/site\/2017\/11\/29\/genas-prochains-evenements\/#primaryimage"},"thumbnailUrl":"https:\/\/newsestlyonnais.fr\/site\/wp-content\/uploads\/2016\/05\/NEWSESTLYONNAISPANNEAUGENAS.jpg","articleSection":["Arts cr\u00e9atifs | Dessin","CCEL | Communes","Expos | Foires | Mus\u00e9es | Salons","Genas","Peinture | Photo | Sculpture"],"inLanguage":"fr-FR","potentialAction":[{"@type":"CommentAction","name":"Comment","target":["https:\/\/newsestlyonnais.fr\/site\/2017\/11\/29\/genas-prochains-evenements\/#respond"]}]},{"@type":"WebPage","@id":"https:\/\/newsestlyonnais.fr\/site\/2017\/11\/29\/genas-prochains-evenements\/","url":"https:\/\/newsestlyonnais.fr\/site\/2017\/11\/29\/genas-prochains-evenements\/","name":"GENAS : Les prochains \u00e9v\u00e8nements sur la commune !","isPartOf":{"@id":"https:\/\/newsestlyonnais.fr\/site\/#website"},"primaryImageOfPage":{"@id":"https:\/\/newsestlyonnais.fr\/site\/2017\/11\/29\/genas-prochains-evenements\/#primaryimage"},"image":{"@id":"https:\/\/newsestlyonnais.fr\/site\/2017\/11\/29\/genas-prochains-evenements\/#primaryimage"},"thumbnailUrl":"https:\/\/newsestlyonnais.fr\/site\/wp-content\/uploads\/2016\/05\/NEWSESTLYONNAISPANNEAUGENAS.jpg","datePublished":"2017-11-29T06:49:54+00:00","dateModified":"2020-10-30T15:39:25+00:00","description":"GENAS : Les prochains \u00e9v\u00e8nements sur la commune !","breadcrumb":{"@id":"https:\/\/newsestlyonnais.fr\/site\/2017\/11\/29\/genas-prochains-evenements\/#breadcrumb"},"inLanguage":"fr-FR","potentialAction":[{"@type":"ReadAction","target":["https:\/\/newsestlyonnais.fr\/site\/2017\/11\/29\/genas-prochains-evenements\/"]}]},{"@type":"ImageObject","inLanguage":"fr-FR","@id":"https:\/\/newsestlyonnais.fr\/site\/2017\/11\/29\/genas-prochains-evenements\/#primaryimage","url":"https:\/\/newsestlyonnais.fr\/site\/wp-content\/uploads\/2016\/05\/NEWSESTLYONNAISPANNEAUGENAS.jpg","contentUrl":"https:\/\/newsestlyonnais.fr\/site\/wp-content\/uploads\/2016\/05\/NEWSESTLYONNAISPANNEAUGENAS.jpg","width":1000,"height":750,"caption":"NEWSESTLYONNAISPANNEAUGENAS"},{"@type":"BreadcrumbList","@id":"https:\/\/newsestlyonnais.fr\/site\/2017\/11\/29\/genas-prochains-evenements\/#breadcrumb","itemListElement":[{"@type":"ListItem","position":1,"name":"Accueil","item":"https:\/\/newsestlyonnais.fr\/site\/"},{"@type":"ListItem","position":2,"name":"GENAS | Les prochains \u00e9v\u00e8nements"}]},{"@type":"WebSite","@id":"https:\/\/newsestlyonnais.fr\/site\/#website","url":"https:\/\/newsestlyonnais.fr\/site\/","name":"News Est Lyonnais","description":"L&#039;actualit\u00e9 au plus pr\u00e8s","publisher":{"@id":"https:\/\/newsestlyonnais.fr\/site\/#organization"},"potentialAction":[{"@type":"SearchAction","target":{"@type":"EntryPoint","urlTemplate":"https:\/\/newsestlyonnais.fr\/site\/?s={search_term_string}"},"query-input":{"@type":"PropertyValueSpecification","valueRequired":true,"valueName":"search_term_string"}}],"inLanguage":"fr-FR"},{"@type":"Organization","@id":"https:\/\/newsestlyonnais.fr\/site\/#organization","name":"News EST LYONNAIS","url":"https:\/\/newsestlyonnais.fr\/site\/","logo":{"@type":"ImageObject","inLanguage":"fr-FR","@id":"https:\/\/newsestlyonnais.fr\/site\/#\/schema\/logo\/image\/","url":"","contentUrl":"","caption":"News EST LYONNAIS"},"image":{"@id":"https:\/\/newsestlyonnais.fr\/site\/#\/schema\/logo\/image\/"}},{"@type":"Person","@id":"https:\/\/newsestlyonnais.fr\/site\/#\/schema\/person\/3230d5615f390bb808365d673001e887","name":"R\u00e9dac. NEWS","sameAs":["http:\/\/www.newsestlyonnais.fr","https:\/\/www.facebook.com\/pascal.oberson.1?fref=ts","https:\/\/fr.linkedin.com\/in\/pascal-oberson-b17045113"],"url":"https:\/\/newsestlyonnais.fr\/site\/author\/nel\/"}]}},"_links":{"self":[{"href":"https:\/\/newsestlyonnais.fr\/site\/wp-json\/wp\/v2\/posts\/39398","targetHints":{"allow":["GET"]}}],"collection":[{"href":"https:\/\/newsestlyonnais.fr\/site\/wp-json\/wp\/v2\/posts"}],"about":[{"href":"https:\/\/newsestlyonnais.fr\/site\/wp-json\/wp\/v2\/types\/post"}],"author":[{"embeddable":true,"href":"https:\/\/newsestlyonnais.fr\/site\/wp-json\/wp\/v2\/users\/4"}],"replies":[{"embeddable":true,"href":"https:\/\/newsestlyonnais.fr\/site\/wp-json\/wp\/v2\/comments?post=39398"}],"version-history":[{"count":0,"href":"https:\/\/newsestlyonnais.fr\/site\/wp-json\/wp\/v2\/posts\/39398\/revisions"}],"wp:featuredmedia":[{"embeddable":true,"href":"https:\/\/newsestlyonnais.fr\/site\/wp-json\/wp\/v2\/media\/7336"}],"wp:attachment":[{"href":"https:\/\/newsestlyonnais.fr\/site\/wp-json\/wp\/v2\/media?parent=39398"}],"wp:term":[{"taxonomy":"category","embeddable":true,"href":"https:\/\/newsestlyonnais.fr\/site\/wp-json\/wp\/v2\/categories?post=39398"},{"taxonomy":"post_tag","embeddable":true,"href":"https:\/\/newsestlyonnais.fr\/site\/wp-json\/wp\/v2\/tags?post=39398"}],"curies":[{"name":"wp","href":"https:\/\/api.w.org\/{rel}","templated":true}]}}